{"id":58295,"date":"2022-02-21T19:32:26","date_gmt":"2022-02-22T00:32:26","guid":{"rendered":"https:\/\/pagina10.com\/web\/?p=58295"},"modified":"2022-02-21T19:32:26","modified_gmt":"2022-02-22T00:32:26","slug":"francia-marquez-pide-respeto-al-pacto","status":"publish","type":"post","link":"https:\/\/pagina10.com\/web\/francia-marquez-pide-respeto-al-pacto\/","title":{"rendered":"Francia M\u00e1rquez pide respeto al Pacto"},"content":{"rendered":"<p style=\"text-align: justify;\">\n<p style=\"text-align: justify;\">Francia M\u00e1rquez es una mujer aguerrida con un importante historial en las luchas sociales del norte del departamento del Cauca, donde habitan las comunidades negras. Su lucha estuvo enfocada en erradicar la miner\u00eda ilegal y la defensa de las fuentes h\u00eddricas, por eso fue reconocida con el premio Goldman, que es como un Premio Nobel en medio ambiente.<\/p>\n<p style=\"text-align: justify;\">\n<p style=\"text-align: justify;\">La hemos visto en los debates del Pacto Hist\u00f3rico, y se defiende muy bien, argumenta sus respuestas con mucha propiedad. La invitan a cualquier cantidad de entrevistas y foros. Es un importante referente del pa\u00eds en el exterior, es la imagen positiva de Colombia, en medio de tanta incertidumbre que hemos tenido que vivir con el actual gobierno.<\/p>\n<p style=\"text-align: justify;\">\n<p style=\"text-align: justify;\">Escuchar a Francia en alg\u00fan debate es descubrir la propiedad con que lo hace; su argumentaci\u00f3n se apoya en fundamentos legales, pues, es una abogada brillante. Pero tambi\u00e9n sus argumentos provienen de su bagaje de acciones en defensa de los recursos naturales.<\/p>\n<p style=\"text-align: justify;\">\n<p style=\"text-align: justify;\">Pero su lucha m\u00e1s fuerte se enfoca en hacer valer los derechos humanos, su dignidad como mujer y como perteneciente a una comunidad \u00e9tnica que ha sufrido todo tipo de atropellos a su dignidad con el proceso de la Conquista y la Colonia, donde los negros fueron esclavizados y sometidos a la servidumbre.<\/p>\n<p style=\"text-align: justify;\">\n<p style=\"text-align: justify;\">En el momento ha emprendido una lucha para hacerse valer como como l\u00edder capaz de gobernar un pa\u00eds. Algunos dicen qu\u00e9 nos puede ofrecer Francia M\u00e1rquez, porque solo creemos en la lucha de g\u00e9neros; seguimos pensado en rivalidades entre hombres y mujeres. La visi\u00f3n del ciudadano de base es ver a la mujer en condiciones de inferioridad o, como se la consideraba antes, menor de edad. Es esta condici\u00f3n la que no nos ha permitido avanzar en equidad.<\/p>\n<p style=\"text-align: justify;\">\n<p style=\"text-align: justify;\">Francia viene haciendo valer sus derechos con argumentos hist\u00f3ricos y de orden legal, pero, ahora que est\u00e1 participando de esta contienda pol\u00edtica con aspiraciones presidenciales, manifiesta de manera muy contundente que en la coalici\u00f3n de la que hace parte -el Pacto Hist\u00f3rico- se estableci\u00f3 el compromiso de garantizar la f\u00f3rmula vicepresidencial a quien obtenga la segunda votaci\u00f3n. Su desaz\u00f3n ha sido evidente porque en esta coalici\u00f3n se viene desconociendo tal acuerdo.<\/p>\n<p style=\"text-align: justify;\">\n<p style=\"text-align: justify;\">En el debate presentado por Caracol Televisi\u00f3n a la pregunta que les hacen a los cinco precandidatos, si est\u00e1n de acuerdo que el segundo en votaci\u00f3n sea la f\u00f3rmula vicepresidencial; cuatro de ellos responden que s\u00ed, pero Gustavo Petro se abstiene. Esto deja un mal sabor porque, al parecer, quien secundar\u00eda a Petro ser\u00eda quien proponga el partido Liberal. Por su parte el presidente del Partido Liberal, C\u00e9sar Gaviria Trujillo, ya le hizo el gui\u00f1o a Petro en se\u00f1al de respaldo. En medio de los sondeos realizados recientemente, manifest\u00f3 que no le disgusta la candidatura de Petro. Es decir, tenemos que asumir las cosas con mucha prudencia. La estrategia que plantea Petro no tiene la l\u00f3gica de los votantes, pero es posible que resultado de los compromisos de alianzas y sondeos de esta manera se logre mayor votaci\u00f3n.<\/p>\n<p style=\"text-align: justify;\">\n<p style=\"text-align: justify;\">As\u00ed lo demostr\u00f3 el nuevo presidente de Chile, el social dem\u00f3crata Gabriel Boric: se ali\u00f3 con sectores tradicionales para alcanzar la Presidencia, de lo contrario no lo lograba. Recordemos que Boric proviene de los sectores populares y particip\u00f3 de las barricadas durante su tr\u00e1nsito por la universidad, actuaciones que le valieron forjarse como l\u00edder.<\/p>\n<p style=\"text-align: justify;\">\n<p style=\"text-align: justify;\">Pero el reclamo que hace Francia M\u00e1rquez es justo y merece esa oportunidad. Consideramos que, por equidad de g\u00e9nero, por inclusi\u00f3n y por liderazgo, merece todo el respaldo del pueblo colombiano. Francia debe ser f\u00f3rmula vicepresidencial de Petro.<\/p>\n<p style=\"text-align: justify;\">\n","protected":false},"excerpt":{"rendered":"<p>Francia M\u00e1rquez es una mujer aguerrida con un importante historial en las luchas sociales del norte del departamento del Cauca, donde habitan las comunidades negras. Su lucha estuvo enfocada en erradicar la miner\u00eda ilegal y la defensa de las fuentes h\u00eddricas, por eso fue reconocida con el premio Goldman, que es como un Premio Nobel [&hellip;]<\/p>\n","protected":false},"author":65,"featured_media":58296,"comment_status":"open","ping_status":"open","sticky":false,"template":"","format":"standard","meta":{"footnotes":""},"categories":[84],"tags":[],"class_list":["post-58295","post","type-post","status-publish","format-standard","has-post-thumbnail","hentry","category-global-2"],"yoast_head":"<!-- This site is optimized with the Yoast SEO plugin v27.1.1 - https:\/\/yoast.com\/product\/yoast-seo-wordpress\/ -->\n<title>Francia M\u00e1rquez pide respeto al Pacto | P\u00e1gina10<\/title>\n<meta name=\"robots\" content=\"index, follow, max-snippet:-1, max-image-preview:large, max-video-preview:-1\" \/>\n<link rel=\"canonical\" href=\"https:\/\/pagina10.com\/web\/francia-marquez-pide-respeto-al-pacto\/\" \/>\n<meta property=\"og:locale\" content=\"es_ES\" \/>\n<meta property=\"og:type\" content=\"article\" \/>\n<meta property=\"og:title\" content=\"Francia M\u00e1rquez pide respeto al Pacto | P\u00e1gina10\" \/>\n<meta property=\"og:description\" content=\"Francia M\u00e1rquez es una mujer aguerrida con un importante historial en las luchas sociales del norte del departamento del Cauca, donde habitan las comunidades negras. Su lucha estuvo enfocada en erradicar la miner\u00eda ilegal y la defensa de las fuentes h\u00eddricas, por eso fue reconocida con el premio Goldman, que es como un Premio Nobel [&hellip;]\" \/>\n<meta property=\"og:url\" content=\"https:\/\/pagina10.com\/web\/francia-marquez-pide-respeto-al-pacto\/\" \/>\n<meta property=\"og:site_name\" content=\"P\u00e1gina10\" \/>\n<meta property=\"article:publisher\" content=\"https:\/\/www.facebook.com\/pag10com\" \/>\n<meta property=\"article:published_time\" content=\"2022-02-22T00:32:26+00:00\" \/>\n<meta property=\"og:image\" content=\"https:\/\/pagina10.com\/web\/wp-content\/uploads\/2022\/02\/Francia-Marquez-Foto-revista-Semana.jpg\" \/>\n\t<meta property=\"og:image:width\" content=\"1200\" \/>\n\t<meta property=\"og:image:height\" content=\"675\" \/>\n\t<meta property=\"og:image:type\" content=\"image\/jpeg\" \/>\n<meta name=\"author\" content=\"Anibal Ar\u00e9valo Rosero\" \/>\n<meta name=\"twitter:card\" content=\"summary_large_image\" \/>\n<meta name=\"twitter:creator\" content=\"@Pag10com\" \/>\n<meta name=\"twitter:site\" content=\"@Pag10com\" \/>\n<meta name=\"twitter:label1\" content=\"Escrito por\" \/>\n\t<meta name=\"twitter:data1\" content=\"Anibal Ar\u00e9valo Rosero\" \/>\n\t<meta name=\"twitter:label2\" content=\"Tiempo de lectura\" \/>\n\t<meta name=\"twitter:data2\" content=\"3 minutos\" \/>\n<script type=\"application\/ld+json\" class=\"yoast-schema-graph\">{\"@context\":\"https:\/\/schema.org\",\"@graph\":[{\"@type\":\"Article\",\"@id\":\"https:\/\/pagina10.com\/web\/francia-marquez-pide-respeto-al-pacto\/#article\",\"isPartOf\":{\"@id\":\"https:\/\/pagina10.com\/web\/francia-marquez-pide-respeto-al-pacto\/\"},\"author\":{\"name\":\"Anibal Ar\u00e9valo Rosero\",\"@id\":\"https:\/\/pagina10.com\/web\/#\/schema\/person\/9ec3e2b432363a195d2d01bf820c66fe\"},\"headline\":\"Francia M\u00e1rquez pide respeto al Pacto\",\"datePublished\":\"2022-02-22T00:32:26+00:00\",\"mainEntityOfPage\":{\"@id\":\"https:\/\/pagina10.com\/web\/francia-marquez-pide-respeto-al-pacto\/\"},\"wordCount\":638,\"commentCount\":0,\"publisher\":{\"@id\":\"https:\/\/pagina10.com\/web\/#organization\"},\"image\":{\"@id\":\"https:\/\/pagina10.com\/web\/francia-marquez-pide-respeto-al-pacto\/#primaryimage\"},\"thumbnailUrl\":\"https:\/\/pagina10.com\/web\/wp-content\/uploads\/2022\/02\/Francia-Marquez-Foto-revista-Semana.jpg\",\"articleSection\":[\"Global\"],\"inLanguage\":\"es\",\"potentialAction\":[{\"@type\":\"CommentAction\",\"name\":\"Comment\",\"target\":[\"https:\/\/pagina10.com\/web\/francia-marquez-pide-respeto-al-pacto\/#respond\"]}]},{\"@type\":\"WebPage\",\"@id\":\"https:\/\/pagina10.com\/web\/francia-marquez-pide-respeto-al-pacto\/\",\"url\":\"https:\/\/pagina10.com\/web\/francia-marquez-pide-respeto-al-pacto\/\",\"name\":\"Francia M\u00e1rquez pide respeto al Pacto | P\u00e1gina10\",\"isPartOf\":{\"@id\":\"https:\/\/pagina10.com\/web\/#website\"},\"primaryImageOfPage\":{\"@id\":\"https:\/\/pagina10.com\/web\/francia-marquez-pide-respeto-al-pacto\/#primaryimage\"},\"image\":{\"@id\":\"https:\/\/pagina10.com\/web\/francia-marquez-pide-respeto-al-pacto\/#primaryimage\"},\"thumbnailUrl\":\"https:\/\/pagina10.com\/web\/wp-content\/uploads\/2022\/02\/Francia-Marquez-Foto-revista-Semana.jpg\",\"datePublished\":\"2022-02-22T00:32:26+00:00\",\"breadcrumb\":{\"@id\":\"https:\/\/pagina10.com\/web\/francia-marquez-pide-respeto-al-pacto\/#breadcrumb\"},\"inLanguage\":\"es\",\"potentialAction\":[{\"@type\":\"ReadAction\",\"target\":[\"https:\/\/pagina10.com\/web\/francia-marquez-pide-respeto-al-pacto\/\"]}]},{\"@type\":\"ImageObject\",\"inLanguage\":\"es\",\"@id\":\"https:\/\/pagina10.com\/web\/francia-marquez-pide-respeto-al-pacto\/#primaryimage\",\"url\":\"https:\/\/pagina10.com\/web\/wp-content\/uploads\/2022\/02\/Francia-Marquez-Foto-revista-Semana.jpg\",\"contentUrl\":\"https:\/\/pagina10.com\/web\/wp-content\/uploads\/2022\/02\/Francia-Marquez-Foto-revista-Semana.jpg\",\"width\":1200,\"height\":675},{\"@type\":\"BreadcrumbList\",\"@id\":\"https:\/\/pagina10.com\/web\/francia-marquez-pide-respeto-al-pacto\/#breadcrumb\",\"itemListElement\":[{\"@type\":\"ListItem\",\"position\":1,\"name\":\"Portada\",\"item\":\"https:\/\/pagina10.com\/web\/\"},{\"@type\":\"ListItem\",\"position\":2,\"name\":\"Francia M\u00e1rquez pide respeto al Pacto\"}]},{\"@type\":\"WebSite\",\"@id\":\"https:\/\/pagina10.com\/web\/#website\",\"url\":\"https:\/\/pagina10.com\/web\/\",\"name\":\"P\u00e1gina10\",\"description\":\"Peri\u00f3dico Regional\",\"publisher\":{\"@id\":\"https:\/\/pagina10.com\/web\/#organization\"},\"alternateName\":\"P\u00e1gina10 Peri\u00f3dico Regional\",\"potentialAction\":[{\"@type\":\"SearchAction\",\"target\":{\"@type\":\"EntryPoint\",\"urlTemplate\":\"https:\/\/pagina10.com\/web\/?s={search_term_string}\"},\"query-input\":{\"@type\":\"PropertyValueSpecification\",\"valueRequired\":true,\"valueName\":\"search_term_string\"}}],\"inLanguage\":\"es\"},{\"@type\":\"Organization\",\"@id\":\"https:\/\/pagina10.com\/web\/#organization\",\"name\":\"P\u00e1gina10\",\"alternateName\":\"P\u00e1gina10 Peri\u00f3dico Regional\",\"url\":\"https:\/\/pagina10.com\/web\/\",\"logo\":{\"@type\":\"ImageObject\",\"inLanguage\":\"es\",\"@id\":\"https:\/\/pagina10.com\/web\/#\/schema\/logo\/image\/\",\"url\":\"https:\/\/pagina10.com\/web\/wp-content\/uploads\/2024\/01\/40-pagina-10-periodico-regional-pasto.jpg\",\"contentUrl\":\"https:\/\/pagina10.com\/web\/wp-content\/uploads\/2024\/01\/40-pagina-10-periodico-regional-pasto.jpg\",\"width\":1280,\"height\":720,\"caption\":\"P\u00e1gina10\"},\"image\":{\"@id\":\"https:\/\/pagina10.com\/web\/#\/schema\/logo\/image\/\"},\"sameAs\":[\"https:\/\/www.facebook.com\/pag10com\",\"https:\/\/x.com\/Pag10com\",\"https:\/\/www.instagram.com\/pagina10col\/\",\"https:\/\/youtube.com\/channel\/pag10\",\"https:\/\/www.tiktok.com\/@p10col\"]},{\"@type\":\"Person\",\"@id\":\"https:\/\/pagina10.com\/web\/#\/schema\/person\/9ec3e2b432363a195d2d01bf820c66fe\",\"name\":\"Anibal Ar\u00e9valo Rosero\",\"description\":\"An\u00edbal Ar\u00e9valo Rosero a trav\u00e9s de su vida ha realizado diversas actividades tendientes a reivindicar al ser humano en su conciencia plena. Durante su vida ha hecho teatro, a escrito poes\u00eda y en sus tiempos de universitario realiz\u00f3 varias publicaciones entre las que se recuerda la revista Quinde. Junto con otros compa\u00f1eros fund\u00f3 el Taller Cultural El Cueche, equipo con el que se hicieron varias publicaciones. De este mismo grupo hay que resaltar que se hizo un trabajo pionero en la difusi\u00f3n de la m\u00fasica andina, latinoamericana y del caribe. Despu\u00e9s de terminar sus estudios de biolog\u00eda en la Universidad de Nari\u00f1o entr\u00f3 a laborar en emisoras de la ciudad de Pasto como en RCN, donde se desempe\u00f1aba como locutor de planta. Dirigi\u00f3 programas en la extinta Ondas del Mayo, en varias oportunidades; tambi\u00e9n en Ecos de Pasto. Fue colaborador de el Noticias RCN y dirigi\u00f3 el programa Simana al D\u00eda, del Sindicato del Magisterio de Nari\u00f1o, en dos \u00e9pocas. En el a\u00f1o de 1992 funda el Comit\u00e9 de Solidaridad con Cuba Jos\u00e9 Mart\u00ed, cuyo objetivo era divulgar la realidad cubana y expresar apoyo moral, pol\u00edtico y material al pa\u00eds caribe\u00f1o. Ante la mala interpretaci\u00f3n que la gente le daba a este tipo de acciones, se decide promover viajes de solidad a Cuba para participar en la Brigada Latinoamericana de Trabajo Voluntario, en el Festival Cuba Vive y, de manera especia,l en el 14 Festival Mundial de la Juventud y los Estudiantes, que se desarroll\u00f3 en la isla en el a\u00f1o de 1997. Con esta experiencia impulsa el turismo al pa\u00eds caribe\u00f1o con el resultado de que miles de personas han participado de las excursiones organizadas por Ar\u00e9valo Rosero. Asimismo ha venido impulsando las Brigadas de Salud en Cuba, tendiente a llevar pacientes de c\u00e1ncer a ese destino con el fin de que reciban atenci\u00f3n m\u00e9dica, teniendo en cuenta que la experiencia cubana en el tema ha sido bastante favorable. Veinte a\u00f1os despu\u00e9s de estas nutritivas experiencias, le permiten impulsar excursiones adem\u00e1s a M\u00e9xico, Machu Picchu, Argentina, Ecuador, Panam\u00e1 y Tierra Santa. En cuanto al desempe\u00f1o period\u00edstico, adem\u00e1s de los medios radiales y de televisi\u00f3n, en los canales de la universidades de Nari\u00f1o y Mariana, se ha desempe\u00f1ado como columnista en Diario del Sur durante 6 a\u00f1os y en algunos medios virtuales. Tambi\u00e9n es colaborador de el Diario del Cauca. Considera que la pr\u00e1ctica de la lectura es beber de la fuente nutricia que permite apropiarse de manera consciente del ejercicio de la democracia; y la posibilidad de escribir y ser le\u00eddo, acceder al poder, por que considera la palabra como el mayor instrumento de acci\u00f3n cuando est\u00e1 bien encamina al leg\u00edtimo servicio social. En la actualidad adem\u00e1s de so\u00f1ar con viajar por el mundo se desempe\u00f1a como docente del departamento de ciencias de Inem Luis Delf\u00edn Insuasty de Pasto. Correo: Esta direcci\u00f3n de correo electr\u00f3nico est\u00e1 protegida contra spambots. Usted necesita tener Javascript activado para poder verla.\\\" target=\\\"_blank\\\" style=\\\"color: #1155cc; text-align: justify; font-family: arial, sans-serif; font-size: 13px; line-height: normal;\\\"&gt;fundacionecosofia@gmail.com\",\"url\":\"https:\/\/pagina10.com\/web\/author\/anibal\/\"}]}<\/script>\n<!-- \/ Yoast SEO plugin. -->","yoast_head_json":{"title":"Francia M\u00e1rquez pide respeto al Pacto | P\u00e1gina10","robots":{"index":"index","follow":"follow","max-snippet":"max-snippet:-1","max-image-preview":"max-image-preview:large","max-video-preview":"max-video-preview:-1"},"canonical":"https:\/\/pagina10.com\/web\/francia-marquez-pide-respeto-al-pacto\/","og_locale":"es_ES","og_type":"article","og_title":"Francia M\u00e1rquez pide respeto al Pacto | P\u00e1gina10","og_description":"Francia M\u00e1rquez es una mujer aguerrida con un importante historial en las luchas sociales del norte del departamento del Cauca, donde habitan las comunidades negras. Su lucha estuvo enfocada en erradicar la miner\u00eda ilegal y la defensa de las fuentes h\u00eddricas, por eso fue reconocida con el premio Goldman, que es como un Premio Nobel [&hellip;]","og_url":"https:\/\/pagina10.com\/web\/francia-marquez-pide-respeto-al-pacto\/","og_site_name":"P\u00e1gina10","article_publisher":"https:\/\/www.facebook.com\/pag10com","article_published_time":"2022-02-22T00:32:26+00:00","og_image":[{"width":1200,"height":675,"url":"https:\/\/pagina10.com\/web\/wp-content\/uploads\/2022\/02\/Francia-Marquez-Foto-revista-Semana.jpg","type":"image\/jpeg"}],"author":"Anibal Ar\u00e9valo Rosero","twitter_card":"summary_large_image","twitter_creator":"@Pag10com","twitter_site":"@Pag10com","twitter_misc":{"Escrito por":"Anibal Ar\u00e9valo Rosero","Tiempo de lectura":"3 minutos"},"schema":{"@context":"https:\/\/schema.org","@graph":[{"@type":"Article","@id":"https:\/\/pagina10.com\/web\/francia-marquez-pide-respeto-al-pacto\/#article","isPartOf":{"@id":"https:\/\/pagina10.com\/web\/francia-marquez-pide-respeto-al-pacto\/"},"author":{"name":"Anibal Ar\u00e9valo Rosero","@id":"https:\/\/pagina10.com\/web\/#\/schema\/person\/9ec3e2b432363a195d2d01bf820c66fe"},"headline":"Francia M\u00e1rquez pide respeto al Pacto","datePublished":"2022-02-22T00:32:26+00:00","mainEntityOfPage":{"@id":"https:\/\/pagina10.com\/web\/francia-marquez-pide-respeto-al-pacto\/"},"wordCount":638,"commentCount":0,"publisher":{"@id":"https:\/\/pagina10.com\/web\/#organization"},"image":{"@id":"https:\/\/pagina10.com\/web\/francia-marquez-pide-respeto-al-pacto\/#primaryimage"},"thumbnailUrl":"https:\/\/pagina10.com\/web\/wp-content\/uploads\/2022\/02\/Francia-Marquez-Foto-revista-Semana.jpg","articleSection":["Global"],"inLanguage":"es","potentialAction":[{"@type":"CommentAction","name":"Comment","target":["https:\/\/pagina10.com\/web\/francia-marquez-pide-respeto-al-pacto\/#respond"]}]},{"@type":"WebPage","@id":"https:\/\/pagina10.com\/web\/francia-marquez-pide-respeto-al-pacto\/","url":"https:\/\/pagina10.com\/web\/francia-marquez-pide-respeto-al-pacto\/","name":"Francia M\u00e1rquez pide respeto al Pacto | P\u00e1gina10","isPartOf":{"@id":"https:\/\/pagina10.com\/web\/#website"},"primaryImageOfPage":{"@id":"https:\/\/pagina10.com\/web\/francia-marquez-pide-respeto-al-pacto\/#primaryimage"},"image":{"@id":"https:\/\/pagina10.com\/web\/francia-marquez-pide-respeto-al-pacto\/#primaryimage"},"thumbnailUrl":"https:\/\/pagina10.com\/web\/wp-content\/uploads\/2022\/02\/Francia-Marquez-Foto-revista-Semana.jpg","datePublished":"2022-02-22T00:32:26+00:00","breadcrumb":{"@id":"https:\/\/pagina10.com\/web\/francia-marquez-pide-respeto-al-pacto\/#breadcrumb"},"inLanguage":"es","potentialAction":[{"@type":"ReadAction","target":["https:\/\/pagina10.com\/web\/francia-marquez-pide-respeto-al-pacto\/"]}]},{"@type":"ImageObject","inLanguage":"es","@id":"https:\/\/pagina10.com\/web\/francia-marquez-pide-respeto-al-pacto\/#primaryimage","url":"https:\/\/pagina10.com\/web\/wp-content\/uploads\/2022\/02\/Francia-Marquez-Foto-revista-Semana.jpg","contentUrl":"https:\/\/pagina10.com\/web\/wp-content\/uploads\/2022\/02\/Francia-Marquez-Foto-revista-Semana.jpg","width":1200,"height":675},{"@type":"BreadcrumbList","@id":"https:\/\/pagina10.com\/web\/francia-marquez-pide-respeto-al-pacto\/#breadcrumb","itemListElement":[{"@type":"ListItem","position":1,"name":"Portada","item":"https:\/\/pagina10.com\/web\/"},{"@type":"ListItem","position":2,"name":"Francia M\u00e1rquez pide respeto al Pacto"}]},{"@type":"WebSite","@id":"https:\/\/pagina10.com\/web\/#website","url":"https:\/\/pagina10.com\/web\/","name":"P\u00e1gina10","description":"Peri\u00f3dico Regional","publisher":{"@id":"https:\/\/pagina10.com\/web\/#organization"},"alternateName":"P\u00e1gina10 Peri\u00f3dico Regional","potentialAction":[{"@type":"SearchAction","target":{"@type":"EntryPoint","urlTemplate":"https:\/\/pagina10.com\/web\/?s={search_term_string}"},"query-input":{"@type":"PropertyValueSpecification","valueRequired":true,"valueName":"search_term_string"}}],"inLanguage":"es"},{"@type":"Organization","@id":"https:\/\/pagina10.com\/web\/#organization","name":"P\u00e1gina10","alternateName":"P\u00e1gina10 Peri\u00f3dico Regional","url":"https:\/\/pagina10.com\/web\/","logo":{"@type":"ImageObject","inLanguage":"es","@id":"https:\/\/pagina10.com\/web\/#\/schema\/logo\/image\/","url":"https:\/\/pagina10.com\/web\/wp-content\/uploads\/2024\/01\/40-pagina-10-periodico-regional-pasto.jpg","contentUrl":"https:\/\/pagina10.com\/web\/wp-content\/uploads\/2024\/01\/40-pagina-10-periodico-regional-pasto.jpg","width":1280,"height":720,"caption":"P\u00e1gina10"},"image":{"@id":"https:\/\/pagina10.com\/web\/#\/schema\/logo\/image\/"},"sameAs":["https:\/\/www.facebook.com\/pag10com","https:\/\/x.com\/Pag10com","https:\/\/www.instagram.com\/pagina10col\/","https:\/\/youtube.com\/channel\/pag10","https:\/\/www.tiktok.com\/@p10col"]},{"@type":"Person","@id":"https:\/\/pagina10.com\/web\/#\/schema\/person\/9ec3e2b432363a195d2d01bf820c66fe","name":"Anibal Ar\u00e9valo Rosero","description":"An\u00edbal Ar\u00e9valo Rosero a trav\u00e9s de su vida ha realizado diversas actividades tendientes a reivindicar al ser humano en su conciencia plena. Durante su vida ha hecho teatro, a escrito poes\u00eda y en sus tiempos de universitario realiz\u00f3 varias publicaciones entre las que se recuerda la revista Quinde. Junto con otros compa\u00f1eros fund\u00f3 el Taller Cultural El Cueche, equipo con el que se hicieron varias publicaciones. De este mismo grupo hay que resaltar que se hizo un trabajo pionero en la difusi\u00f3n de la m\u00fasica andina, latinoamericana y del caribe. Despu\u00e9s de terminar sus estudios de biolog\u00eda en la Universidad de Nari\u00f1o entr\u00f3 a laborar en emisoras de la ciudad de Pasto como en RCN, donde se desempe\u00f1aba como locutor de planta. Dirigi\u00f3 programas en la extinta Ondas del Mayo, en varias oportunidades; tambi\u00e9n en Ecos de Pasto. Fue colaborador de el Noticias RCN y dirigi\u00f3 el programa Simana al D\u00eda, del Sindicato del Magisterio de Nari\u00f1o, en dos \u00e9pocas. En el a\u00f1o de 1992 funda el Comit\u00e9 de Solidaridad con Cuba Jos\u00e9 Mart\u00ed, cuyo objetivo era divulgar la realidad cubana y expresar apoyo moral, pol\u00edtico y material al pa\u00eds caribe\u00f1o. Ante la mala interpretaci\u00f3n que la gente le daba a este tipo de acciones, se decide promover viajes de solidad a Cuba para participar en la Brigada Latinoamericana de Trabajo Voluntario, en el Festival Cuba Vive y, de manera especia,l en el 14 Festival Mundial de la Juventud y los Estudiantes, que se desarroll\u00f3 en la isla en el a\u00f1o de 1997. Con esta experiencia impulsa el turismo al pa\u00eds caribe\u00f1o con el resultado de que miles de personas han participado de las excursiones organizadas por Ar\u00e9valo Rosero. Asimismo ha venido impulsando las Brigadas de Salud en Cuba, tendiente a llevar pacientes de c\u00e1ncer a ese destino con el fin de que reciban atenci\u00f3n m\u00e9dica, teniendo en cuenta que la experiencia cubana en el tema ha sido bastante favorable. Veinte a\u00f1os despu\u00e9s de estas nutritivas experiencias, le permiten impulsar excursiones adem\u00e1s a M\u00e9xico, Machu Picchu, Argentina, Ecuador, Panam\u00e1 y Tierra Santa. En cuanto al desempe\u00f1o period\u00edstico, adem\u00e1s de los medios radiales y de televisi\u00f3n, en los canales de la universidades de Nari\u00f1o y Mariana, se ha desempe\u00f1ado como columnista en Diario del Sur durante 6 a\u00f1os y en algunos medios virtuales. Tambi\u00e9n es colaborador de el Diario del Cauca. Considera que la pr\u00e1ctica de la lectura es beber de la fuente nutricia que permite apropiarse de manera consciente del ejercicio de la democracia; y la posibilidad de escribir y ser le\u00eddo, acceder al poder, por que considera la palabra como el mayor instrumento de acci\u00f3n cuando est\u00e1 bien encamina al leg\u00edtimo servicio social. En la actualidad adem\u00e1s de so\u00f1ar con viajar por el mundo se desempe\u00f1a como docente del departamento de ciencias de Inem Luis Delf\u00edn Insuasty de Pasto. Correo: Esta direcci\u00f3n de correo electr\u00f3nico est\u00e1 protegida contra spambots. Usted necesita tener Javascript activado para poder verla.\" target=\"_blank\" style=\"color: #1155cc; text-align: justify; font-family: arial, sans-serif; font-size: 13px; line-height: normal;\"&gt;fundacionecosofia@gmail.com","url":"https:\/\/pagina10.com\/web\/author\/anibal\/"}]}},"_links":{"self":[{"href":"https:\/\/pagina10.com\/web\/wp-json\/wp\/v2\/posts\/58295","targetHints":{"allow":["GET"]}}],"collection":[{"href":"https:\/\/pagina10.com\/web\/wp-json\/wp\/v2\/posts"}],"about":[{"href":"https:\/\/pagina10.com\/web\/wp-json\/wp\/v2\/types\/post"}],"author":[{"embeddable":true,"href":"https:\/\/pagina10.com\/web\/wp-json\/wp\/v2\/users\/65"}],"replies":[{"embeddable":true,"href":"https:\/\/pagina10.com\/web\/wp-json\/wp\/v2\/comments?post=58295"}],"version-history":[{"count":1,"href":"https:\/\/pagina10.com\/web\/wp-json\/wp\/v2\/posts\/58295\/revisions"}],"predecessor-version":[{"id":58297,"href":"https:\/\/pagina10.com\/web\/wp-json\/wp\/v2\/posts\/58295\/revisions\/58297"}],"wp:featuredmedia":[{"embeddable":true,"href":"https:\/\/pagina10.com\/web\/wp-json\/wp\/v2\/media\/58296"}],"wp:attachment":[{"href":"https:\/\/pagina10.com\/web\/wp-json\/wp\/v2\/media?parent=58295"}],"wp:term":[{"taxonomy":"category","embeddable":true,"href":"https:\/\/pagina10.com\/web\/wp-json\/wp\/v2\/categories?post=58295"},{"taxonomy":"post_tag","embeddable":true,"href":"https:\/\/pagina10.com\/web\/wp-json\/wp\/v2\/tags?post=58295"}],"curies":[{"name":"wp","href":"https:\/\/api.w.org\/{rel}","templated":true}]}}