{"id":58299,"date":"2022-02-22T16:03:01","date_gmt":"2022-02-22T21:03:01","guid":{"rendered":"https:\/\/pagina10.com\/web\/?p=58299"},"modified":"2022-02-22T16:03:01","modified_gmt":"2022-02-22T21:03:01","slug":"pasto-renace-y-avanza","status":"publish","type":"post","link":"https:\/\/pagina10.com\/web\/pasto-renace-y-avanza\/","title":{"rendered":"Pasto renace y avanza."},"content":{"rendered":"<p style=\"text-align: justify;\">Un mi\u00e9rcoles cargado de actividades y trabajo, se vivi\u00f3 desde la campa\u00f1a de Ruth Caicedo de Enr\u00edquez, candidata a la C\u00e1mara de Representantes por Nari\u00f1o, Partido Conservador Colombiano. Durante la ma\u00f1ana, se continu\u00f3 fortaleciendo el sector rural, a trav\u00e9s de las visitas tan importantes que realiza la campa\u00f1a en cabeza de grandes l\u00edderes del movimiento. Catambuco, Pejendino, Buesaquillo y Mocondino, recibieron en este d\u00eda, la propuesta pol\u00edtica que se viene trabajando desde la campa\u00f1a.<\/p>\n<p style=\"text-align: justify;\">\u00a0El \u201cmi\u00e9rcoles de mujeres\u201d, se volvi\u00f3 a tomar la Sede, la Casa de las Puertas Abiertas, donde cientos de mujeres, compartieron un agradable espacio dedicado para y ellas y por ellas. En esta ocasi\u00f3n, recibieron un interesante taller de liderazgo de la mujer, fortaleciendo bases para crear redes de mujeres, que les permitan adquirir herramientas para ejecutar los proyectos que las mujeres lideren desde sus realidades. Se conoci\u00f3 historias de vida de mujeres que sobrepasaron dificultades y convirtieron desventajas en fortalezas; compartieron un ameno momento de esparcimiento y prenden motores para la gran reuni\u00f3n de mujeres, programada desde la Dirigencia de G\u00e9nero para la campa\u00f1a, el pr\u00f3ximo 4 de marzo.<\/p>\n<p style=\"text-align: justify;\">En la noche, con j\u00fabilo y emoci\u00f3n, se llev\u00f3 a cabo una impactante reuni\u00f3n de m\u00e1s de 3.000 personas en el Coliseo CESMAG, donde Ruth Caicedo de Enr\u00edquez, fue aclamada por innumerables personas que esperaban su llegada. Su discurso, se llev\u00f3 los aplausos de todos los asistentes; resalt\u00f3 el trabajo de la campa\u00f1a, su compromiso por Pasto, por su desarrollo y potencial, y ratific\u00f3 que nuestra capital, es protagonista en la agenda \u00a0program\u00e1tica propuesta desde su movimiento pol\u00edtico. Muestras culturales de nuestro carnaval, de m\u00fasicos nari\u00f1enses y de j\u00f3venes, amenizaron esta incre\u00edble reuni\u00f3n.<\/p>\n<p style=\"text-align: justify;\">\n<p style=\"text-align: justify;\">Durante los pr\u00f3ximos d\u00edas, se continuar\u00e1 cumpliendo una apretada pero emocionante agenda en Pasto, sus corregimientos y municipios de todo el Departamento de Nari\u00f1o, donde con impresionante fuerza, se trabaja arduamente desde cada eje de la campa\u00f1a, de cara a la victoria el pr\u00f3ximo 13 de marzo.<\/p>\n<p><strong>Art\u00edculo promocionado<\/strong><\/p>\n<p>&nbsp;<\/p>\n","protected":false},"excerpt":{"rendered":"<p>Un mi\u00e9rcoles cargado de actividades y trabajo, se vivi\u00f3 desde la campa\u00f1a de Ruth Caicedo de Enr\u00edquez, candidata a la C\u00e1mara de Representantes por Nari\u00f1o, Partido Conservador Colombiano. Durante la ma\u00f1ana, se continu\u00f3 fortaleciendo el sector rural, a trav\u00e9s de las visitas tan importantes que realiza la campa\u00f1a en cabeza de grandes l\u00edderes del movimiento. [&hellip;]<\/p>\n","protected":false},"author":1,"featured_media":58300,"comment_status":"open","ping_status":"open","sticky":false,"template":"","format":"standard","meta":{"footnotes":""},"categories":[53],"tags":[],"class_list":["post-58299","post","type-post","status-publish","format-standard","has-post-thumbnail","hentry","category-regiones"],"yoast_head":"<!-- This site is optimized with the Yoast SEO plugin v27.1.1 - https:\/\/yoast.com\/product\/yoast-seo-wordpress\/ -->\n<title>Pasto renace y avanza. | P\u00e1gina10<\/title>\n<meta name=\"robots\" content=\"index, follow, max-snippet:-1, max-image-preview:large, max-video-preview:-1\" \/>\n<link rel=\"canonical\" href=\"https:\/\/pagina10.com\/web\/pasto-renace-y-avanza\/\" \/>\n<meta property=\"og:locale\" content=\"es_ES\" \/>\n<meta property=\"og:type\" content=\"article\" \/>\n<meta property=\"og:title\" content=\"Pasto renace y avanza. | P\u00e1gina10\" \/>\n<meta property=\"og:description\" content=\"Un mi\u00e9rcoles cargado de actividades y trabajo, se vivi\u00f3 desde la campa\u00f1a de Ruth Caicedo de Enr\u00edquez, candidata a la C\u00e1mara de Representantes por Nari\u00f1o, Partido Conservador Colombiano. Durante la ma\u00f1ana, se continu\u00f3 fortaleciendo el sector rural, a trav\u00e9s de las visitas tan importantes que realiza la campa\u00f1a en cabeza de grandes l\u00edderes del movimiento. [&hellip;]\" \/>\n<meta property=\"og:url\" content=\"https:\/\/pagina10.com\/web\/pasto-renace-y-avanza\/\" \/>\n<meta property=\"og:site_name\" content=\"P\u00e1gina10\" \/>\n<meta property=\"article:publisher\" content=\"https:\/\/www.facebook.com\/pag10com\" \/>\n<meta property=\"article:published_time\" content=\"2022-02-22T21:03:01+00:00\" \/>\n<meta property=\"og:image\" content=\"https:\/\/pagina10.com\/web\/wp-content\/uploads\/2022\/02\/Captura-de-Pantalla-2022-02-22-a-las-4.01.08-p.-m..png\" \/>\n\t<meta property=\"og:image:width\" content=\"826\" \/>\n\t<meta property=\"og:image:height\" content=\"453\" \/>\n\t<meta property=\"og:image:type\" content=\"image\/png\" \/>\n<meta name=\"author\" content=\"P\u00e1gina 10\" \/>\n<meta name=\"twitter:card\" content=\"summary_large_image\" \/>\n<meta name=\"twitter:creator\" content=\"@Pag10com\" \/>\n<meta name=\"twitter:site\" content=\"@Pag10com\" \/>\n<meta name=\"twitter:label1\" content=\"Escrito por\" \/>\n\t<meta name=\"twitter:data1\" content=\"P\u00e1gina 10\" \/>\n\t<meta name=\"twitter:label2\" content=\"Tiempo de lectura\" \/>\n\t<meta name=\"twitter:data2\" content=\"2 minutos\" \/>\n<script type=\"application\/ld+json\" class=\"yoast-schema-graph\">{\"@context\":\"https:\/\/schema.org\",\"@graph\":[{\"@type\":\"Article\",\"@id\":\"https:\/\/pagina10.com\/web\/pasto-renace-y-avanza\/#article\",\"isPartOf\":{\"@id\":\"https:\/\/pagina10.com\/web\/pasto-renace-y-avanza\/\"},\"author\":{\"name\":\"P\u00e1gina 10\",\"@id\":\"https:\/\/pagina10.com\/web\/#\/schema\/person\/2efc4a090d25b667d3bc796798a3a81b\"},\"headline\":\"Pasto renace y avanza.\",\"datePublished\":\"2022-02-22T21:03:01+00:00\",\"mainEntityOfPage\":{\"@id\":\"https:\/\/pagina10.com\/web\/pasto-renace-y-avanza\/\"},\"wordCount\":365,\"commentCount\":0,\"publisher\":{\"@id\":\"https:\/\/pagina10.com\/web\/#organization\"},\"image\":{\"@id\":\"https:\/\/pagina10.com\/web\/pasto-renace-y-avanza\/#primaryimage\"},\"thumbnailUrl\":\"https:\/\/pagina10.com\/web\/wp-content\/uploads\/2022\/02\/Captura-de-Pantalla-2022-02-22-a-las-4.01.08-p.-m..png\",\"articleSection\":[\"Regiones\"],\"inLanguage\":\"es\",\"potentialAction\":[{\"@type\":\"CommentAction\",\"name\":\"Comment\",\"target\":[\"https:\/\/pagina10.com\/web\/pasto-renace-y-avanza\/#respond\"]}]},{\"@type\":\"WebPage\",\"@id\":\"https:\/\/pagina10.com\/web\/pasto-renace-y-avanza\/\",\"url\":\"https:\/\/pagina10.com\/web\/pasto-renace-y-avanza\/\",\"name\":\"Pasto renace y avanza. | P\u00e1gina10\",\"isPartOf\":{\"@id\":\"https:\/\/pagina10.com\/web\/#website\"},\"primaryImageOfPage\":{\"@id\":\"https:\/\/pagina10.com\/web\/pasto-renace-y-avanza\/#primaryimage\"},\"image\":{\"@id\":\"https:\/\/pagina10.com\/web\/pasto-renace-y-avanza\/#primaryimage\"},\"thumbnailUrl\":\"https:\/\/pagina10.com\/web\/wp-content\/uploads\/2022\/02\/Captura-de-Pantalla-2022-02-22-a-las-4.01.08-p.-m..png\",\"datePublished\":\"2022-02-22T21:03:01+00:00\",\"breadcrumb\":{\"@id\":\"https:\/\/pagina10.com\/web\/pasto-renace-y-avanza\/#breadcrumb\"},\"inLanguage\":\"es\",\"potentialAction\":[{\"@type\":\"ReadAction\",\"target\":[\"https:\/\/pagina10.com\/web\/pasto-renace-y-avanza\/\"]}]},{\"@type\":\"ImageObject\",\"inLanguage\":\"es\",\"@id\":\"https:\/\/pagina10.com\/web\/pasto-renace-y-avanza\/#primaryimage\",\"url\":\"https:\/\/pagina10.com\/web\/wp-content\/uploads\/2022\/02\/Captura-de-Pantalla-2022-02-22-a-las-4.01.08-p.-m..png\",\"contentUrl\":\"https:\/\/pagina10.com\/web\/wp-content\/uploads\/2022\/02\/Captura-de-Pantalla-2022-02-22-a-las-4.01.08-p.-m..png\",\"width\":826,\"height\":453},{\"@type\":\"BreadcrumbList\",\"@id\":\"https:\/\/pagina10.com\/web\/pasto-renace-y-avanza\/#breadcrumb\",\"itemListElement\":[{\"@type\":\"ListItem\",\"position\":1,\"name\":\"Portada\",\"item\":\"https:\/\/pagina10.com\/web\/\"},{\"@type\":\"ListItem\",\"position\":2,\"name\":\"Pasto renace y avanza.\"}]},{\"@type\":\"WebSite\",\"@id\":\"https:\/\/pagina10.com\/web\/#website\",\"url\":\"https:\/\/pagina10.com\/web\/\",\"name\":\"P\u00e1gina10\",\"description\":\"Peri\u00f3dico Regional\",\"publisher\":{\"@id\":\"https:\/\/pagina10.com\/web\/#organization\"},\"alternateName\":\"P\u00e1gina10 Peri\u00f3dico Regional\",\"potentialAction\":[{\"@type\":\"SearchAction\",\"target\":{\"@type\":\"EntryPoint\",\"urlTemplate\":\"https:\/\/pagina10.com\/web\/?s={search_term_string}\"},\"query-input\":{\"@type\":\"PropertyValueSpecification\",\"valueRequired\":true,\"valueName\":\"search_term_string\"}}],\"inLanguage\":\"es\"},{\"@type\":\"Organization\",\"@id\":\"https:\/\/pagina10.com\/web\/#organization\",\"name\":\"P\u00e1gina10\",\"alternateName\":\"P\u00e1gina10 Peri\u00f3dico Regional\",\"url\":\"https:\/\/pagina10.com\/web\/\",\"logo\":{\"@type\":\"ImageObject\",\"inLanguage\":\"es\",\"@id\":\"https:\/\/pagina10.com\/web\/#\/schema\/logo\/image\/\",\"url\":\"https:\/\/pagina10.com\/web\/wp-content\/uploads\/2024\/01\/40-pagina-10-periodico-regional-pasto.jpg\",\"contentUrl\":\"https:\/\/pagina10.com\/web\/wp-content\/uploads\/2024\/01\/40-pagina-10-periodico-regional-pasto.jpg\",\"width\":1280,\"height\":720,\"caption\":\"P\u00e1gina10\"},\"image\":{\"@id\":\"https:\/\/pagina10.com\/web\/#\/schema\/logo\/image\/\"},\"sameAs\":[\"https:\/\/www.facebook.com\/pag10com\",\"https:\/\/x.com\/Pag10com\",\"https:\/\/www.instagram.com\/pagina10col\/\",\"https:\/\/youtube.com\/channel\/pag10\",\"https:\/\/www.tiktok.com\/@p10col\"]},{\"@type\":\"Person\",\"@id\":\"https:\/\/pagina10.com\/web\/#\/schema\/person\/2efc4a090d25b667d3bc796798a3a81b\",\"name\":\"P\u00e1gina 10\",\"description\":\"P\u00e1gina 10 es un peri\u00f3dico regional que nace en Colombia, en el departamento de Nari\u00f1o, con un enfoque global, fundamentado en cuatro pilares esenciales: la libertad, el pluralismo, la inclusi\u00f3n y la independencia. P\u00e1gina 10 hace referencia a Nari\u00f1o como el d\u00e9cimo departamento creado en Colombia, despu\u00e9s de un proceso pol\u00edtico liderado por actores y actrices regionales con el fin de obtener la independencia y autonom\u00eda de nuestros territorios. Con la creaci\u00f3n de P\u00e1gina 10 se pretende abrir un escenario para el dialogo, la reflexi\u00f3n y el debate que se extienda a otras geograf\u00edas de Am\u00e9rica Latina y del planeta, en una apuesta por transformar colectivamente los desaf\u00edos de un mundo contempor\u00e1neo, m\u00e1s all\u00e1 de las fronteras impuestas.\",\"url\":\"https:\/\/pagina10.com\/web\/author\/pdiezadmin\/\"}]}<\/script>\n<!-- \/ Yoast SEO plugin. -->","yoast_head_json":{"title":"Pasto renace y avanza. | P\u00e1gina10","robots":{"index":"index","follow":"follow","max-snippet":"max-snippet:-1","max-image-preview":"max-image-preview:large","max-video-preview":"max-video-preview:-1"},"canonical":"https:\/\/pagina10.com\/web\/pasto-renace-y-avanza\/","og_locale":"es_ES","og_type":"article","og_title":"Pasto renace y avanza. | P\u00e1gina10","og_description":"Un mi\u00e9rcoles cargado de actividades y trabajo, se vivi\u00f3 desde la campa\u00f1a de Ruth Caicedo de Enr\u00edquez, candidata a la C\u00e1mara de Representantes por Nari\u00f1o, Partido Conservador Colombiano. Durante la ma\u00f1ana, se continu\u00f3 fortaleciendo el sector rural, a trav\u00e9s de las visitas tan importantes que realiza la campa\u00f1a en cabeza de grandes l\u00edderes del movimiento. [&hellip;]","og_url":"https:\/\/pagina10.com\/web\/pasto-renace-y-avanza\/","og_site_name":"P\u00e1gina10","article_publisher":"https:\/\/www.facebook.com\/pag10com","article_published_time":"2022-02-22T21:03:01+00:00","og_image":[{"width":826,"height":453,"url":"https:\/\/pagina10.com\/web\/wp-content\/uploads\/2022\/02\/Captura-de-Pantalla-2022-02-22-a-las-4.01.08-p.-m..png","type":"image\/png"}],"author":"P\u00e1gina 10","twitter_card":"summary_large_image","twitter_creator":"@Pag10com","twitter_site":"@Pag10com","twitter_misc":{"Escrito por":"P\u00e1gina 10","Tiempo de lectura":"2 minutos"},"schema":{"@context":"https:\/\/schema.org","@graph":[{"@type":"Article","@id":"https:\/\/pagina10.com\/web\/pasto-renace-y-avanza\/#article","isPartOf":{"@id":"https:\/\/pagina10.com\/web\/pasto-renace-y-avanza\/"},"author":{"name":"P\u00e1gina 10","@id":"https:\/\/pagina10.com\/web\/#\/schema\/person\/2efc4a090d25b667d3bc796798a3a81b"},"headline":"Pasto renace y avanza.","datePublished":"2022-02-22T21:03:01+00:00","mainEntityOfPage":{"@id":"https:\/\/pagina10.com\/web\/pasto-renace-y-avanza\/"},"wordCount":365,"commentCount":0,"publisher":{"@id":"https:\/\/pagina10.com\/web\/#organization"},"image":{"@id":"https:\/\/pagina10.com\/web\/pasto-renace-y-avanza\/#primaryimage"},"thumbnailUrl":"https:\/\/pagina10.com\/web\/wp-content\/uploads\/2022\/02\/Captura-de-Pantalla-2022-02-22-a-las-4.01.08-p.-m..png","articleSection":["Regiones"],"inLanguage":"es","potentialAction":[{"@type":"CommentAction","name":"Comment","target":["https:\/\/pagina10.com\/web\/pasto-renace-y-avanza\/#respond"]}]},{"@type":"WebPage","@id":"https:\/\/pagina10.com\/web\/pasto-renace-y-avanza\/","url":"https:\/\/pagina10.com\/web\/pasto-renace-y-avanza\/","name":"Pasto renace y avanza. | P\u00e1gina10","isPartOf":{"@id":"https:\/\/pagina10.com\/web\/#website"},"primaryImageOfPage":{"@id":"https:\/\/pagina10.com\/web\/pasto-renace-y-avanza\/#primaryimage"},"image":{"@id":"https:\/\/pagina10.com\/web\/pasto-renace-y-avanza\/#primaryimage"},"thumbnailUrl":"https:\/\/pagina10.com\/web\/wp-content\/uploads\/2022\/02\/Captura-de-Pantalla-2022-02-22-a-las-4.01.08-p.-m..png","datePublished":"2022-02-22T21:03:01+00:00","breadcrumb":{"@id":"https:\/\/pagina10.com\/web\/pasto-renace-y-avanza\/#breadcrumb"},"inLanguage":"es","potentialAction":[{"@type":"ReadAction","target":["https:\/\/pagina10.com\/web\/pasto-renace-y-avanza\/"]}]},{"@type":"ImageObject","inLanguage":"es","@id":"https:\/\/pagina10.com\/web\/pasto-renace-y-avanza\/#primaryimage","url":"https:\/\/pagina10.com\/web\/wp-content\/uploads\/2022\/02\/Captura-de-Pantalla-2022-02-22-a-las-4.01.08-p.-m..png","contentUrl":"https:\/\/pagina10.com\/web\/wp-content\/uploads\/2022\/02\/Captura-de-Pantalla-2022-02-22-a-las-4.01.08-p.-m..png","width":826,"height":453},{"@type":"BreadcrumbList","@id":"https:\/\/pagina10.com\/web\/pasto-renace-y-avanza\/#breadcrumb","itemListElement":[{"@type":"ListItem","position":1,"name":"Portada","item":"https:\/\/pagina10.com\/web\/"},{"@type":"ListItem","position":2,"name":"Pasto renace y avanza."}]},{"@type":"WebSite","@id":"https:\/\/pagina10.com\/web\/#website","url":"https:\/\/pagina10.com\/web\/","name":"P\u00e1gina10","description":"Peri\u00f3dico Regional","publisher":{"@id":"https:\/\/pagina10.com\/web\/#organization"},"alternateName":"P\u00e1gina10 Peri\u00f3dico Regional","potentialAction":[{"@type":"SearchAction","target":{"@type":"EntryPoint","urlTemplate":"https:\/\/pagina10.com\/web\/?s={search_term_string}"},"query-input":{"@type":"PropertyValueSpecification","valueRequired":true,"valueName":"search_term_string"}}],"inLanguage":"es"},{"@type":"Organization","@id":"https:\/\/pagina10.com\/web\/#organization","name":"P\u00e1gina10","alternateName":"P\u00e1gina10 Peri\u00f3dico Regional","url":"https:\/\/pagina10.com\/web\/","logo":{"@type":"ImageObject","inLanguage":"es","@id":"https:\/\/pagina10.com\/web\/#\/schema\/logo\/image\/","url":"https:\/\/pagina10.com\/web\/wp-content\/uploads\/2024\/01\/40-pagina-10-periodico-regional-pasto.jpg","contentUrl":"https:\/\/pagina10.com\/web\/wp-content\/uploads\/2024\/01\/40-pagina-10-periodico-regional-pasto.jpg","width":1280,"height":720,"caption":"P\u00e1gina10"},"image":{"@id":"https:\/\/pagina10.com\/web\/#\/schema\/logo\/image\/"},"sameAs":["https:\/\/www.facebook.com\/pag10com","https:\/\/x.com\/Pag10com","https:\/\/www.instagram.com\/pagina10col\/","https:\/\/youtube.com\/channel\/pag10","https:\/\/www.tiktok.com\/@p10col"]},{"@type":"Person","@id":"https:\/\/pagina10.com\/web\/#\/schema\/person\/2efc4a090d25b667d3bc796798a3a81b","name":"P\u00e1gina 10","description":"P\u00e1gina 10 es un peri\u00f3dico regional que nace en Colombia, en el departamento de Nari\u00f1o, con un enfoque global, fundamentado en cuatro pilares esenciales: la libertad, el pluralismo, la inclusi\u00f3n y la independencia. P\u00e1gina 10 hace referencia a Nari\u00f1o como el d\u00e9cimo departamento creado en Colombia, despu\u00e9s de un proceso pol\u00edtico liderado por actores y actrices regionales con el fin de obtener la independencia y autonom\u00eda de nuestros territorios. Con la creaci\u00f3n de P\u00e1gina 10 se pretende abrir un escenario para el dialogo, la reflexi\u00f3n y el debate que se extienda a otras geograf\u00edas de Am\u00e9rica Latina y del planeta, en una apuesta por transformar colectivamente los desaf\u00edos de un mundo contempor\u00e1neo, m\u00e1s all\u00e1 de las fronteras impuestas.","url":"https:\/\/pagina10.com\/web\/author\/pdiezadmin\/"}]}},"_links":{"self":[{"href":"https:\/\/pagina10.com\/web\/wp-json\/wp\/v2\/posts\/58299","targetHints":{"allow":["GET"]}}],"collection":[{"href":"https:\/\/pagina10.com\/web\/wp-json\/wp\/v2\/posts"}],"about":[{"href":"https:\/\/pagina10.com\/web\/wp-json\/wp\/v2\/types\/post"}],"author":[{"embeddable":true,"href":"https:\/\/pagina10.com\/web\/wp-json\/wp\/v2\/users\/1"}],"replies":[{"embeddable":true,"href":"https:\/\/pagina10.com\/web\/wp-json\/wp\/v2\/comments?post=58299"}],"version-history":[{"count":1,"href":"https:\/\/pagina10.com\/web\/wp-json\/wp\/v2\/posts\/58299\/revisions"}],"predecessor-version":[{"id":58301,"href":"https:\/\/pagina10.com\/web\/wp-json\/wp\/v2\/posts\/58299\/revisions\/58301"}],"wp:featuredmedia":[{"embeddable":true,"href":"https:\/\/pagina10.com\/web\/wp-json\/wp\/v2\/media\/58300"}],"wp:attachment":[{"href":"https:\/\/pagina10.com\/web\/wp-json\/wp\/v2\/media?parent=58299"}],"wp:term":[{"taxonomy":"category","embeddable":true,"href":"https:\/\/pagina10.com\/web\/wp-json\/wp\/v2\/categories?post=58299"},{"taxonomy":"post_tag","embeddable":true,"href":"https:\/\/pagina10.com\/web\/wp-json\/wp\/v2\/tags?post=58299"}],"curies":[{"name":"wp","href":"https:\/\/api.w.org\/{rel}","templated":true}]}}