{"id":58307,"date":"2022-02-22T16:52:17","date_gmt":"2022-02-22T21:52:17","guid":{"rendered":"https:\/\/pagina10.com\/web\/?p=58307"},"modified":"2022-02-22T16:52:17","modified_gmt":"2022-02-22T21:52:17","slug":"avanza-proceso-de-entrega-de-ayuda-humanitaria-a-familias-damnificadas-en-municipio-de-san-pablo","status":"publish","type":"post","link":"https:\/\/pagina10.com\/web\/avanza-proceso-de-entrega-de-ayuda-humanitaria-a-familias-damnificadas-en-municipio-de-san-pablo\/","title":{"rendered":"Avanza proceso de entrega de ayuda humanitaria a familias damnificadas en municipio de San Pablo"},"content":{"rendered":"<p style=\"text-align: justify;\">La Gobernaci\u00f3n de Nari\u00f1o, a trav\u00e9s de la Direcci\u00f3n Administrativa de Gesti\u00f3n del Riesgo de Desastres -DAGRD, junto a los organismos de socorro y la Administraci\u00f3n Municipal de San Pablo, iniciaron desde este lunes la entrega de la ayuda humanitaria gestionada ante la Unidad Nacional para la Gesti\u00f3n del Riesgo de Desastres. Las entregas iniciaron en el barrio Las Brisas y el Centro de Bienestar del Adulto Mayor Renacer.<\/p>\n<div>\nSe entregar\u00e1n en total 500 kits de alimentaci\u00f3n, aseo, cocina, 1.500 colchonetas y 1.500 frazadas, destinados a las familias damnificadas, entre ellas, los adultos mayores del hogar.<\/p>\n<div style=\"text-align: justify;\">\nAl momento se han censado a 276 familias, 238 pertenecen al sector urbano y 38 al sector rural, para ello, el municipio avanza en el cargue de la informaci\u00f3n de las familias a la plataforma nacional del Registro \u00danico de Damnificados RUD.<\/div>\n<\/div>\n","protected":false},"excerpt":{"rendered":"<p>La Gobernaci\u00f3n de Nari\u00f1o, a trav\u00e9s de la Direcci\u00f3n Administrativa de Gesti\u00f3n del Riesgo de Desastres -DAGRD, junto a los organismos de socorro y la Administraci\u00f3n Municipal de San Pablo, iniciaron desde este lunes la entrega de la ayuda humanitaria gestionada ante la Unidad Nacional para la Gesti\u00f3n del Riesgo de Desastres. Las entregas iniciaron [&hellip;]<\/p>\n","protected":false},"author":1,"featured_media":58308,"comment_status":"open","ping_status":"open","sticky":false,"template":"","format":"standard","meta":{"footnotes":""},"categories":[53],"tags":[],"class_list":["post-58307","post","type-post","status-publish","format-standard","has-post-thumbnail","hentry","category-regiones"],"yoast_head":"<!-- This site is optimized with the Yoast SEO plugin v27.1.1 - https:\/\/yoast.com\/product\/yoast-seo-wordpress\/ -->\n<title>Avanza proceso de entrega de ayuda humanitaria a familias damnificadas en municipio de San Pablo | P\u00e1gina10<\/title>\n<meta name=\"robots\" content=\"index, follow, max-snippet:-1, max-image-preview:large, max-video-preview:-1\" \/>\n<link rel=\"canonical\" href=\"https:\/\/pagina10.com\/web\/avanza-proceso-de-entrega-de-ayuda-humanitaria-a-familias-damnificadas-en-municipio-de-san-pablo\/\" \/>\n<meta property=\"og:locale\" content=\"es_ES\" \/>\n<meta property=\"og:type\" content=\"article\" \/>\n<meta property=\"og:title\" content=\"Avanza proceso de entrega de ayuda humanitaria a familias damnificadas en municipio de San Pablo | P\u00e1gina10\" \/>\n<meta property=\"og:description\" content=\"La Gobernaci\u00f3n de Nari\u00f1o, a trav\u00e9s de la Direcci\u00f3n Administrativa de Gesti\u00f3n del Riesgo de Desastres -DAGRD, junto a los organismos de socorro y la Administraci\u00f3n Municipal de San Pablo, iniciaron desde este lunes la entrega de la ayuda humanitaria gestionada ante la Unidad Nacional para la Gesti\u00f3n del Riesgo de Desastres. Las entregas iniciaron [&hellip;]\" \/>\n<meta property=\"og:url\" content=\"https:\/\/pagina10.com\/web\/avanza-proceso-de-entrega-de-ayuda-humanitaria-a-familias-damnificadas-en-municipio-de-san-pablo\/\" \/>\n<meta property=\"og:site_name\" content=\"P\u00e1gina10\" \/>\n<meta property=\"article:publisher\" content=\"https:\/\/www.facebook.com\/pag10com\" \/>\n<meta property=\"article:published_time\" content=\"2022-02-22T21:52:17+00:00\" \/>\n<meta property=\"og:image\" content=\"https:\/\/pagina10.com\/web\/wp-content\/uploads\/2022\/02\/274067596_3427192164071584_3885480936095920126_n.jpg\" \/>\n\t<meta property=\"og:image:width\" content=\"828\" \/>\n\t<meta property=\"og:image:height\" content=\"728\" \/>\n\t<meta property=\"og:image:type\" content=\"image\/jpeg\" \/>\n<meta name=\"author\" content=\"P\u00e1gina 10\" \/>\n<meta name=\"twitter:card\" content=\"summary_large_image\" \/>\n<meta name=\"twitter:creator\" content=\"@Pag10com\" \/>\n<meta name=\"twitter:site\" content=\"@Pag10com\" \/>\n<meta name=\"twitter:label1\" content=\"Escrito por\" \/>\n\t<meta name=\"twitter:data1\" content=\"P\u00e1gina 10\" \/>\n\t<meta name=\"twitter:label2\" content=\"Tiempo de lectura\" \/>\n\t<meta name=\"twitter:data2\" content=\"1 minuto\" \/>\n<script type=\"application\/ld+json\" class=\"yoast-schema-graph\">{\"@context\":\"https:\/\/schema.org\",\"@graph\":[{\"@type\":\"Article\",\"@id\":\"https:\/\/pagina10.com\/web\/avanza-proceso-de-entrega-de-ayuda-humanitaria-a-familias-damnificadas-en-municipio-de-san-pablo\/#article\",\"isPartOf\":{\"@id\":\"https:\/\/pagina10.com\/web\/avanza-proceso-de-entrega-de-ayuda-humanitaria-a-familias-damnificadas-en-municipio-de-san-pablo\/\"},\"author\":{\"name\":\"P\u00e1gina 10\",\"@id\":\"https:\/\/pagina10.com\/web\/#\/schema\/person\/2efc4a090d25b667d3bc796798a3a81b\"},\"headline\":\"Avanza proceso de entrega de ayuda humanitaria a familias damnificadas en municipio de San Pablo\",\"datePublished\":\"2022-02-22T21:52:17+00:00\",\"mainEntityOfPage\":{\"@id\":\"https:\/\/pagina10.com\/web\/avanza-proceso-de-entrega-de-ayuda-humanitaria-a-familias-damnificadas-en-municipio-de-san-pablo\/\"},\"wordCount\":157,\"commentCount\":0,\"publisher\":{\"@id\":\"https:\/\/pagina10.com\/web\/#organization\"},\"image\":{\"@id\":\"https:\/\/pagina10.com\/web\/avanza-proceso-de-entrega-de-ayuda-humanitaria-a-familias-damnificadas-en-municipio-de-san-pablo\/#primaryimage\"},\"thumbnailUrl\":\"https:\/\/pagina10.com\/web\/wp-content\/uploads\/2022\/02\/274067596_3427192164071584_3885480936095920126_n.jpg\",\"articleSection\":[\"Regiones\"],\"inLanguage\":\"es\",\"potentialAction\":[{\"@type\":\"CommentAction\",\"name\":\"Comment\",\"target\":[\"https:\/\/pagina10.com\/web\/avanza-proceso-de-entrega-de-ayuda-humanitaria-a-familias-damnificadas-en-municipio-de-san-pablo\/#respond\"]}]},{\"@type\":\"WebPage\",\"@id\":\"https:\/\/pagina10.com\/web\/avanza-proceso-de-entrega-de-ayuda-humanitaria-a-familias-damnificadas-en-municipio-de-san-pablo\/\",\"url\":\"https:\/\/pagina10.com\/web\/avanza-proceso-de-entrega-de-ayuda-humanitaria-a-familias-damnificadas-en-municipio-de-san-pablo\/\",\"name\":\"Avanza proceso de entrega de ayuda humanitaria a familias damnificadas en municipio de San Pablo | P\u00e1gina10\",\"isPartOf\":{\"@id\":\"https:\/\/pagina10.com\/web\/#website\"},\"primaryImageOfPage\":{\"@id\":\"https:\/\/pagina10.com\/web\/avanza-proceso-de-entrega-de-ayuda-humanitaria-a-familias-damnificadas-en-municipio-de-san-pablo\/#primaryimage\"},\"image\":{\"@id\":\"https:\/\/pagina10.com\/web\/avanza-proceso-de-entrega-de-ayuda-humanitaria-a-familias-damnificadas-en-municipio-de-san-pablo\/#primaryimage\"},\"thumbnailUrl\":\"https:\/\/pagina10.com\/web\/wp-content\/uploads\/2022\/02\/274067596_3427192164071584_3885480936095920126_n.jpg\",\"datePublished\":\"2022-02-22T21:52:17+00:00\",\"breadcrumb\":{\"@id\":\"https:\/\/pagina10.com\/web\/avanza-proceso-de-entrega-de-ayuda-humanitaria-a-familias-damnificadas-en-municipio-de-san-pablo\/#breadcrumb\"},\"inLanguage\":\"es\",\"potentialAction\":[{\"@type\":\"ReadAction\",\"target\":[\"https:\/\/pagina10.com\/web\/avanza-proceso-de-entrega-de-ayuda-humanitaria-a-familias-damnificadas-en-municipio-de-san-pablo\/\"]}]},{\"@type\":\"ImageObject\",\"inLanguage\":\"es\",\"@id\":\"https:\/\/pagina10.com\/web\/avanza-proceso-de-entrega-de-ayuda-humanitaria-a-familias-damnificadas-en-municipio-de-san-pablo\/#primaryimage\",\"url\":\"https:\/\/pagina10.com\/web\/wp-content\/uploads\/2022\/02\/274067596_3427192164071584_3885480936095920126_n.jpg\",\"contentUrl\":\"https:\/\/pagina10.com\/web\/wp-content\/uploads\/2022\/02\/274067596_3427192164071584_3885480936095920126_n.jpg\",\"width\":828,\"height\":728},{\"@type\":\"BreadcrumbList\",\"@id\":\"https:\/\/pagina10.com\/web\/avanza-proceso-de-entrega-de-ayuda-humanitaria-a-familias-damnificadas-en-municipio-de-san-pablo\/#breadcrumb\",\"itemListElement\":[{\"@type\":\"ListItem\",\"position\":1,\"name\":\"Portada\",\"item\":\"https:\/\/pagina10.com\/web\/\"},{\"@type\":\"ListItem\",\"position\":2,\"name\":\"Avanza proceso de entrega de ayuda humanitaria a familias damnificadas en municipio de San Pablo\"}]},{\"@type\":\"WebSite\",\"@id\":\"https:\/\/pagina10.com\/web\/#website\",\"url\":\"https:\/\/pagina10.com\/web\/\",\"name\":\"P\u00e1gina10\",\"description\":\"Peri\u00f3dico Regional\",\"publisher\":{\"@id\":\"https:\/\/pagina10.com\/web\/#organization\"},\"alternateName\":\"P\u00e1gina10 Peri\u00f3dico Regional\",\"potentialAction\":[{\"@type\":\"SearchAction\",\"target\":{\"@type\":\"EntryPoint\",\"urlTemplate\":\"https:\/\/pagina10.com\/web\/?s={search_term_string}\"},\"query-input\":{\"@type\":\"PropertyValueSpecification\",\"valueRequired\":true,\"valueName\":\"search_term_string\"}}],\"inLanguage\":\"es\"},{\"@type\":\"Organization\",\"@id\":\"https:\/\/pagina10.com\/web\/#organization\",\"name\":\"P\u00e1gina10\",\"alternateName\":\"P\u00e1gina10 Peri\u00f3dico Regional\",\"url\":\"https:\/\/pagina10.com\/web\/\",\"logo\":{\"@type\":\"ImageObject\",\"inLanguage\":\"es\",\"@id\":\"https:\/\/pagina10.com\/web\/#\/schema\/logo\/image\/\",\"url\":\"https:\/\/pagina10.com\/web\/wp-content\/uploads\/2024\/01\/40-pagina-10-periodico-regional-pasto.jpg\",\"contentUrl\":\"https:\/\/pagina10.com\/web\/wp-content\/uploads\/2024\/01\/40-pagina-10-periodico-regional-pasto.jpg\",\"width\":1280,\"height\":720,\"caption\":\"P\u00e1gina10\"},\"image\":{\"@id\":\"https:\/\/pagina10.com\/web\/#\/schema\/logo\/image\/\"},\"sameAs\":[\"https:\/\/www.facebook.com\/pag10com\",\"https:\/\/x.com\/Pag10com\",\"https:\/\/www.instagram.com\/pagina10col\/\",\"https:\/\/youtube.com\/channel\/pag10\",\"https:\/\/www.tiktok.com\/@p10col\"]},{\"@type\":\"Person\",\"@id\":\"https:\/\/pagina10.com\/web\/#\/schema\/person\/2efc4a090d25b667d3bc796798a3a81b\",\"name\":\"P\u00e1gina 10\",\"description\":\"P\u00e1gina 10 es un peri\u00f3dico regional que nace en Colombia, en el departamento de Nari\u00f1o, con un enfoque global, fundamentado en cuatro pilares esenciales: la libertad, el pluralismo, la inclusi\u00f3n y la independencia. P\u00e1gina 10 hace referencia a Nari\u00f1o como el d\u00e9cimo departamento creado en Colombia, despu\u00e9s de un proceso pol\u00edtico liderado por actores y actrices regionales con el fin de obtener la independencia y autonom\u00eda de nuestros territorios. Con la creaci\u00f3n de P\u00e1gina 10 se pretende abrir un escenario para el dialogo, la reflexi\u00f3n y el debate que se extienda a otras geograf\u00edas de Am\u00e9rica Latina y del planeta, en una apuesta por transformar colectivamente los desaf\u00edos de un mundo contempor\u00e1neo, m\u00e1s all\u00e1 de las fronteras impuestas.\",\"url\":\"https:\/\/pagina10.com\/web\/author\/pdiezadmin\/\"}]}<\/script>\n<!-- \/ Yoast SEO plugin. -->","yoast_head_json":{"title":"Avanza proceso de entrega de ayuda humanitaria a familias damnificadas en municipio de San Pablo | P\u00e1gina10","robots":{"index":"index","follow":"follow","max-snippet":"max-snippet:-1","max-image-preview":"max-image-preview:large","max-video-preview":"max-video-preview:-1"},"canonical":"https:\/\/pagina10.com\/web\/avanza-proceso-de-entrega-de-ayuda-humanitaria-a-familias-damnificadas-en-municipio-de-san-pablo\/","og_locale":"es_ES","og_type":"article","og_title":"Avanza proceso de entrega de ayuda humanitaria a familias damnificadas en municipio de San Pablo | P\u00e1gina10","og_description":"La Gobernaci\u00f3n de Nari\u00f1o, a trav\u00e9s de la Direcci\u00f3n Administrativa de Gesti\u00f3n del Riesgo de Desastres -DAGRD, junto a los organismos de socorro y la Administraci\u00f3n Municipal de San Pablo, iniciaron desde este lunes la entrega de la ayuda humanitaria gestionada ante la Unidad Nacional para la Gesti\u00f3n del Riesgo de Desastres. Las entregas iniciaron [&hellip;]","og_url":"https:\/\/pagina10.com\/web\/avanza-proceso-de-entrega-de-ayuda-humanitaria-a-familias-damnificadas-en-municipio-de-san-pablo\/","og_site_name":"P\u00e1gina10","article_publisher":"https:\/\/www.facebook.com\/pag10com","article_published_time":"2022-02-22T21:52:17+00:00","og_image":[{"width":828,"height":728,"url":"https:\/\/pagina10.com\/web\/wp-content\/uploads\/2022\/02\/274067596_3427192164071584_3885480936095920126_n.jpg","type":"image\/jpeg"}],"author":"P\u00e1gina 10","twitter_card":"summary_large_image","twitter_creator":"@Pag10com","twitter_site":"@Pag10com","twitter_misc":{"Escrito por":"P\u00e1gina 10","Tiempo de lectura":"1 minuto"},"schema":{"@context":"https:\/\/schema.org","@graph":[{"@type":"Article","@id":"https:\/\/pagina10.com\/web\/avanza-proceso-de-entrega-de-ayuda-humanitaria-a-familias-damnificadas-en-municipio-de-san-pablo\/#article","isPartOf":{"@id":"https:\/\/pagina10.com\/web\/avanza-proceso-de-entrega-de-ayuda-humanitaria-a-familias-damnificadas-en-municipio-de-san-pablo\/"},"author":{"name":"P\u00e1gina 10","@id":"https:\/\/pagina10.com\/web\/#\/schema\/person\/2efc4a090d25b667d3bc796798a3a81b"},"headline":"Avanza proceso de entrega de ayuda humanitaria a familias damnificadas en municipio de San Pablo","datePublished":"2022-02-22T21:52:17+00:00","mainEntityOfPage":{"@id":"https:\/\/pagina10.com\/web\/avanza-proceso-de-entrega-de-ayuda-humanitaria-a-familias-damnificadas-en-municipio-de-san-pablo\/"},"wordCount":157,"commentCount":0,"publisher":{"@id":"https:\/\/pagina10.com\/web\/#organization"},"image":{"@id":"https:\/\/pagina10.com\/web\/avanza-proceso-de-entrega-de-ayuda-humanitaria-a-familias-damnificadas-en-municipio-de-san-pablo\/#primaryimage"},"thumbnailUrl":"https:\/\/pagina10.com\/web\/wp-content\/uploads\/2022\/02\/274067596_3427192164071584_3885480936095920126_n.jpg","articleSection":["Regiones"],"inLanguage":"es","potentialAction":[{"@type":"CommentAction","name":"Comment","target":["https:\/\/pagina10.com\/web\/avanza-proceso-de-entrega-de-ayuda-humanitaria-a-familias-damnificadas-en-municipio-de-san-pablo\/#respond"]}]},{"@type":"WebPage","@id":"https:\/\/pagina10.com\/web\/avanza-proceso-de-entrega-de-ayuda-humanitaria-a-familias-damnificadas-en-municipio-de-san-pablo\/","url":"https:\/\/pagina10.com\/web\/avanza-proceso-de-entrega-de-ayuda-humanitaria-a-familias-damnificadas-en-municipio-de-san-pablo\/","name":"Avanza proceso de entrega de ayuda humanitaria a familias damnificadas en municipio de San Pablo | P\u00e1gina10","isPartOf":{"@id":"https:\/\/pagina10.com\/web\/#website"},"primaryImageOfPage":{"@id":"https:\/\/pagina10.com\/web\/avanza-proceso-de-entrega-de-ayuda-humanitaria-a-familias-damnificadas-en-municipio-de-san-pablo\/#primaryimage"},"image":{"@id":"https:\/\/pagina10.com\/web\/avanza-proceso-de-entrega-de-ayuda-humanitaria-a-familias-damnificadas-en-municipio-de-san-pablo\/#primaryimage"},"thumbnailUrl":"https:\/\/pagina10.com\/web\/wp-content\/uploads\/2022\/02\/274067596_3427192164071584_3885480936095920126_n.jpg","datePublished":"2022-02-22T21:52:17+00:00","breadcrumb":{"@id":"https:\/\/pagina10.com\/web\/avanza-proceso-de-entrega-de-ayuda-humanitaria-a-familias-damnificadas-en-municipio-de-san-pablo\/#breadcrumb"},"inLanguage":"es","potentialAction":[{"@type":"ReadAction","target":["https:\/\/pagina10.com\/web\/avanza-proceso-de-entrega-de-ayuda-humanitaria-a-familias-damnificadas-en-municipio-de-san-pablo\/"]}]},{"@type":"ImageObject","inLanguage":"es","@id":"https:\/\/pagina10.com\/web\/avanza-proceso-de-entrega-de-ayuda-humanitaria-a-familias-damnificadas-en-municipio-de-san-pablo\/#primaryimage","url":"https:\/\/pagina10.com\/web\/wp-content\/uploads\/2022\/02\/274067596_3427192164071584_3885480936095920126_n.jpg","contentUrl":"https:\/\/pagina10.com\/web\/wp-content\/uploads\/2022\/02\/274067596_3427192164071584_3885480936095920126_n.jpg","width":828,"height":728},{"@type":"BreadcrumbList","@id":"https:\/\/pagina10.com\/web\/avanza-proceso-de-entrega-de-ayuda-humanitaria-a-familias-damnificadas-en-municipio-de-san-pablo\/#breadcrumb","itemListElement":[{"@type":"ListItem","position":1,"name":"Portada","item":"https:\/\/pagina10.com\/web\/"},{"@type":"ListItem","position":2,"name":"Avanza proceso de entrega de ayuda humanitaria a familias damnificadas en municipio de San Pablo"}]},{"@type":"WebSite","@id":"https:\/\/pagina10.com\/web\/#website","url":"https:\/\/pagina10.com\/web\/","name":"P\u00e1gina10","description":"Peri\u00f3dico Regional","publisher":{"@id":"https:\/\/pagina10.com\/web\/#organization"},"alternateName":"P\u00e1gina10 Peri\u00f3dico Regional","potentialAction":[{"@type":"SearchAction","target":{"@type":"EntryPoint","urlTemplate":"https:\/\/pagina10.com\/web\/?s={search_term_string}"},"query-input":{"@type":"PropertyValueSpecification","valueRequired":true,"valueName":"search_term_string"}}],"inLanguage":"es"},{"@type":"Organization","@id":"https:\/\/pagina10.com\/web\/#organization","name":"P\u00e1gina10","alternateName":"P\u00e1gina10 Peri\u00f3dico Regional","url":"https:\/\/pagina10.com\/web\/","logo":{"@type":"ImageObject","inLanguage":"es","@id":"https:\/\/pagina10.com\/web\/#\/schema\/logo\/image\/","url":"https:\/\/pagina10.com\/web\/wp-content\/uploads\/2024\/01\/40-pagina-10-periodico-regional-pasto.jpg","contentUrl":"https:\/\/pagina10.com\/web\/wp-content\/uploads\/2024\/01\/40-pagina-10-periodico-regional-pasto.jpg","width":1280,"height":720,"caption":"P\u00e1gina10"},"image":{"@id":"https:\/\/pagina10.com\/web\/#\/schema\/logo\/image\/"},"sameAs":["https:\/\/www.facebook.com\/pag10com","https:\/\/x.com\/Pag10com","https:\/\/www.instagram.com\/pagina10col\/","https:\/\/youtube.com\/channel\/pag10","https:\/\/www.tiktok.com\/@p10col"]},{"@type":"Person","@id":"https:\/\/pagina10.com\/web\/#\/schema\/person\/2efc4a090d25b667d3bc796798a3a81b","name":"P\u00e1gina 10","description":"P\u00e1gina 10 es un peri\u00f3dico regional que nace en Colombia, en el departamento de Nari\u00f1o, con un enfoque global, fundamentado en cuatro pilares esenciales: la libertad, el pluralismo, la inclusi\u00f3n y la independencia. P\u00e1gina 10 hace referencia a Nari\u00f1o como el d\u00e9cimo departamento creado en Colombia, despu\u00e9s de un proceso pol\u00edtico liderado por actores y actrices regionales con el fin de obtener la independencia y autonom\u00eda de nuestros territorios. Con la creaci\u00f3n de P\u00e1gina 10 se pretende abrir un escenario para el dialogo, la reflexi\u00f3n y el debate que se extienda a otras geograf\u00edas de Am\u00e9rica Latina y del planeta, en una apuesta por transformar colectivamente los desaf\u00edos de un mundo contempor\u00e1neo, m\u00e1s all\u00e1 de las fronteras impuestas.","url":"https:\/\/pagina10.com\/web\/author\/pdiezadmin\/"}]}},"_links":{"self":[{"href":"https:\/\/pagina10.com\/web\/wp-json\/wp\/v2\/posts\/58307","targetHints":{"allow":["GET"]}}],"collection":[{"href":"https:\/\/pagina10.com\/web\/wp-json\/wp\/v2\/posts"}],"about":[{"href":"https:\/\/pagina10.com\/web\/wp-json\/wp\/v2\/types\/post"}],"author":[{"embeddable":true,"href":"https:\/\/pagina10.com\/web\/wp-json\/wp\/v2\/users\/1"}],"replies":[{"embeddable":true,"href":"https:\/\/pagina10.com\/web\/wp-json\/wp\/v2\/comments?post=58307"}],"version-history":[{"count":1,"href":"https:\/\/pagina10.com\/web\/wp-json\/wp\/v2\/posts\/58307\/revisions"}],"predecessor-version":[{"id":58309,"href":"https:\/\/pagina10.com\/web\/wp-json\/wp\/v2\/posts\/58307\/revisions\/58309"}],"wp:featuredmedia":[{"embeddable":true,"href":"https:\/\/pagina10.com\/web\/wp-json\/wp\/v2\/media\/58308"}],"wp:attachment":[{"href":"https:\/\/pagina10.com\/web\/wp-json\/wp\/v2\/media?parent=58307"}],"wp:term":[{"taxonomy":"category","embeddable":true,"href":"https:\/\/pagina10.com\/web\/wp-json\/wp\/v2\/categories?post=58307"},{"taxonomy":"post_tag","embeddable":true,"href":"https:\/\/pagina10.com\/web\/wp-json\/wp\/v2\/tags?post=58307"}],"curies":[{"name":"wp","href":"https:\/\/api.w.org\/{rel}","templated":true}]}}