{"id":58313,"date":"2022-02-22T18:23:55","date_gmt":"2022-02-22T23:23:55","guid":{"rendered":"https:\/\/pagina10.com\/web\/?p=58313"},"modified":"2022-02-22T18:23:55","modified_gmt":"2022-02-22T23:23:55","slug":"plan-de-desarrollo-pasto-la-gran-capital-tiene-un-indice-de-eficacia-del-99-4-segun-el-departamento-nacional-de-planeacion","status":"publish","type":"post","link":"https:\/\/pagina10.com\/web\/plan-de-desarrollo-pasto-la-gran-capital-tiene-un-indice-de-eficacia-del-99-4-segun-el-departamento-nacional-de-planeacion\/","title":{"rendered":"Plan de desarrollo \u2018Pasto, La Gran Capital\u2019 tiene un \u00edndice de eficacia del 99.4% seg\u00fan el Departamento Nacional de Planeaci\u00f3n"},"content":{"rendered":"<p style=\"text-align: justify;\">El plan de gobierno del Alcalde Germ\u00e1n Chamorro de la Rosa se ubica en el tercer lugar a nivel nacional, categor\u00eda \u2018Ciudades\u2019, en el cumplimiento de metas para la vigencia 2020.<\/p>\n<p style=\"text-align: justify;\">A\u00fan con el dif\u00edcil panorama que presentaba la pandemia por covid-19 y las complejidades del aislamiento obligatorio, la Alcald\u00eda de Pasto logr\u00f3 posicionarse como una de las entidades territoriales con mayor \u00edndice de cumplimiento de su plan de desarrollo en el a\u00f1o 2020, seg\u00fan el informe del Departamento Nacional de Planeaci\u00f3n (DNP).<\/p>\n<p style=\"text-align: justify;\">\u201cEste es un resultado muy importante porque mide la eficacia que hemos tenido en la ejecuci\u00f3n de nuestro plan de desarrollo, que tiene la mayor cantidad de metas presentadas para la vigencia 2020. Este reconocimiento del Departamento Nacional de Planeaci\u00f3n nos permite reafirmar el compromiso que tenemos para sacar adelante nuestro plan de gobierno, que es la br\u00fajula para el desarrollo de Pasto\u201d, afirm\u00f3 el Alcalde Germ\u00e1n Chamorro de la Rosa.<\/p>\n<p style=\"text-align: justify;\">Por su parte, la jefe de la Oficina de Planeaci\u00f3n de Gesti\u00f3n Institucional, Marcela Pe\u00f1a, explic\u00f3 que el Municipio de Pasto tiene 787 metas programadas para todo el cuatrenio y que el Plan de Desarrollo \u2018Pasto, La Gran Capital\u2019 fue aprobado el 10 de junio de 2020, momento en el que entr\u00f3 en vigencia. Se programaron 578 metas para esa vigencia, de las cuales, seg\u00fan el \u00cdndice de Eficacia, se cumplieron 574, es decir, el 99.4%.<\/p>\n<p style=\"text-align: justify;\">\u201cEl compromiso de la Administraci\u00f3n Municipal es continuar con la ejecuci\u00f3n de las metas consignadas en el plan de desarrollo. Desde la Oficina de Planeaci\u00f3n de Gesti\u00f3n Institucional haremos seguimiento permanente al cumplimiento de \u00e9stas y seguiremos trabajando en equipo con todas las dependencias para tomar decisiones de manera oportuna y as\u00ed garantizar un excelente cumplimiento de nuestro plan de gobierno\u201d, coment\u00f3.<\/p>\n<p style=\"text-align: justify;\">Entre las metas m\u00e1s destacadas y que visibilizan la gesti\u00f3n y liderazgo del Alcalde Germ\u00e1n Chamorro de la Rosa est\u00e1n los esfuerzos para alivianar las finanzas de los grupos poblacionales m\u00e1s necesitados durante el tiempo de aislamiento, la cobertura del r\u00e9gimen subsidiado que garantiz\u00f3 el servicio de salud a 231.000 personas y la gesti\u00f3n ante la Unesco para designar a Pasto como \u2018Ciudad Creativa\u2019 en Artesan\u00eda y Arte Popular, logro que se alcanz\u00f3 en 2021.<\/p>\n<p style=\"text-align: justify;\">\u201cLa designaci\u00f3n de Pasto como Ciudad Creativa ser\u00e1 tema de conversaci\u00f3n por muchos a\u00f1os y es un camino que le dejamos a las pr\u00f3ximas administraciones. La cultura, el arte, la identidad y nuestro Carnaval ser\u00e1n el eje dinamizador de la econom\u00eda de la ciudad\u201d, dijo el Mandatario Local.<\/p>\n<p style=\"text-align: justify;\">Adem\u00e1s, en 2020, la Administraci\u00f3n Municipal logr\u00f3 reactivar 8.800 establecimientos con la implementaci\u00f3n de protocolos de bioseguridad y campa\u00f1as de cultura ciudadana. Se realizaron obras de habilitaci\u00f3n, mejoramiento y mantenimiento de la malla vial tanto en la zona urbana como rural del municipio, lo que impact\u00f3 a todos los sectores de la poblaci\u00f3n, y se ejecutaron proyectos en escenarios deportivos y culturales que beneficiaron a m\u00e1s de 4.000 personas. Tambi\u00e9n se avanz\u00f3 en la intervenci\u00f3n del tramo 9 del Parque Lineal R\u00edo Pasto.<\/p>\n<p style=\"text-align: justify;\">\u201cHemos tomado las mejores decisiones para el desarrollo del municipio. Seguimos trabajando de la mano del Gobierno Nacional, Departamental, la empresa privada y la comunidad para hacer de Pasto, La Gran Capital\u201d, Alcalde Germ\u00e1n Chamorro de la Rosa.<\/p>\n","protected":false},"excerpt":{"rendered":"<p>El plan de gobierno del Alcalde Germ\u00e1n Chamorro de la Rosa se ubica en el tercer lugar a nivel nacional, categor\u00eda \u2018Ciudades\u2019, en el cumplimiento de metas para la vigencia 2020. A\u00fan con el dif\u00edcil panorama que presentaba la pandemia por covid-19 y las complejidades del aislamiento obligatorio, la Alcald\u00eda de Pasto logr\u00f3 posicionarse como [&hellip;]<\/p>\n","protected":false},"author":1,"featured_media":58314,"comment_status":"open","ping_status":"open","sticky":false,"template":"","format":"standard","meta":{"footnotes":""},"categories":[5],"tags":[],"class_list":["post-58313","post","type-post","status-publish","format-standard","has-post-thumbnail","hentry","category-ciudad"],"yoast_head":"<!-- This site is optimized with the Yoast SEO plugin v27.1.1 - https:\/\/yoast.com\/product\/yoast-seo-wordpress\/ -->\n<title>Plan de desarrollo \u2018Pasto, La Gran Capital\u2019 tiene un \u00edndice de eficacia del 99.4% seg\u00fan el Departamento Nacional de Planeaci\u00f3n | P\u00e1gina10<\/title>\n<meta name=\"robots\" content=\"index, follow, max-snippet:-1, max-image-preview:large, max-video-preview:-1\" \/>\n<link rel=\"canonical\" href=\"https:\/\/pagina10.com\/web\/plan-de-desarrollo-pasto-la-gran-capital-tiene-un-indice-de-eficacia-del-99-4-segun-el-departamento-nacional-de-planeacion\/\" \/>\n<meta property=\"og:locale\" content=\"es_ES\" \/>\n<meta property=\"og:type\" content=\"article\" \/>\n<meta property=\"og:title\" content=\"Plan de desarrollo \u2018Pasto, La Gran Capital\u2019 tiene un \u00edndice de eficacia del 99.4% seg\u00fan el Departamento Nacional de Planeaci\u00f3n | P\u00e1gina10\" \/>\n<meta property=\"og:description\" content=\"El plan de gobierno del Alcalde Germ\u00e1n Chamorro de la Rosa se ubica en el tercer lugar a nivel nacional, categor\u00eda \u2018Ciudades\u2019, en el cumplimiento de metas para la vigencia 2020. A\u00fan con el dif\u00edcil panorama que presentaba la pandemia por covid-19 y las complejidades del aislamiento obligatorio, la Alcald\u00eda de Pasto logr\u00f3 posicionarse como [&hellip;]\" \/>\n<meta property=\"og:url\" content=\"https:\/\/pagina10.com\/web\/plan-de-desarrollo-pasto-la-gran-capital-tiene-un-indice-de-eficacia-del-99-4-segun-el-departamento-nacional-de-planeacion\/\" \/>\n<meta property=\"og:site_name\" content=\"P\u00e1gina10\" \/>\n<meta property=\"article:publisher\" content=\"https:\/\/www.facebook.com\/pag10com\" \/>\n<meta property=\"article:published_time\" content=\"2022-02-22T23:23:55+00:00\" \/>\n<meta property=\"og:image\" content=\"https:\/\/pagina10.com\/web\/wp-content\/uploads\/2022\/02\/Captura-de-Pantalla-2022-02-22-a-las-6.23.05-p.-m..png\" \/>\n\t<meta property=\"og:image:width\" content=\"341\" \/>\n\t<meta property=\"og:image:height\" content=\"262\" \/>\n\t<meta property=\"og:image:type\" content=\"image\/png\" \/>\n<meta name=\"author\" content=\"P\u00e1gina 10\" \/>\n<meta name=\"twitter:card\" content=\"summary_large_image\" \/>\n<meta name=\"twitter:creator\" content=\"@Pag10com\" \/>\n<meta name=\"twitter:site\" content=\"@Pag10com\" \/>\n<meta name=\"twitter:label1\" content=\"Escrito por\" \/>\n\t<meta name=\"twitter:data1\" content=\"P\u00e1gina 10\" \/>\n\t<meta name=\"twitter:label2\" content=\"Tiempo de lectura\" \/>\n\t<meta name=\"twitter:data2\" content=\"3 minutos\" \/>\n<script type=\"application\/ld+json\" class=\"yoast-schema-graph\">{\"@context\":\"https:\/\/schema.org\",\"@graph\":[{\"@type\":\"Article\",\"@id\":\"https:\/\/pagina10.com\/web\/plan-de-desarrollo-pasto-la-gran-capital-tiene-un-indice-de-eficacia-del-99-4-segun-el-departamento-nacional-de-planeacion\/#article\",\"isPartOf\":{\"@id\":\"https:\/\/pagina10.com\/web\/plan-de-desarrollo-pasto-la-gran-capital-tiene-un-indice-de-eficacia-del-99-4-segun-el-departamento-nacional-de-planeacion\/\"},\"author\":{\"name\":\"P\u00e1gina 10\",\"@id\":\"https:\/\/pagina10.com\/web\/#\/schema\/person\/2efc4a090d25b667d3bc796798a3a81b\"},\"headline\":\"Plan de desarrollo \u2018Pasto, La Gran Capital\u2019 tiene un \u00edndice de eficacia del 99.4% seg\u00fan el Departamento Nacional de Planeaci\u00f3n\",\"datePublished\":\"2022-02-22T23:23:55+00:00\",\"mainEntityOfPage\":{\"@id\":\"https:\/\/pagina10.com\/web\/plan-de-desarrollo-pasto-la-gran-capital-tiene-un-indice-de-eficacia-del-99-4-segun-el-departamento-nacional-de-planeacion\/\"},\"wordCount\":587,\"commentCount\":0,\"publisher\":{\"@id\":\"https:\/\/pagina10.com\/web\/#organization\"},\"image\":{\"@id\":\"https:\/\/pagina10.com\/web\/plan-de-desarrollo-pasto-la-gran-capital-tiene-un-indice-de-eficacia-del-99-4-segun-el-departamento-nacional-de-planeacion\/#primaryimage\"},\"thumbnailUrl\":\"https:\/\/pagina10.com\/web\/wp-content\/uploads\/2022\/02\/Captura-de-Pantalla-2022-02-22-a-las-6.23.05-p.-m..png\",\"articleSection\":[\"Ciudad\"],\"inLanguage\":\"es\",\"potentialAction\":[{\"@type\":\"CommentAction\",\"name\":\"Comment\",\"target\":[\"https:\/\/pagina10.com\/web\/plan-de-desarrollo-pasto-la-gran-capital-tiene-un-indice-de-eficacia-del-99-4-segun-el-departamento-nacional-de-planeacion\/#respond\"]}]},{\"@type\":\"WebPage\",\"@id\":\"https:\/\/pagina10.com\/web\/plan-de-desarrollo-pasto-la-gran-capital-tiene-un-indice-de-eficacia-del-99-4-segun-el-departamento-nacional-de-planeacion\/\",\"url\":\"https:\/\/pagina10.com\/web\/plan-de-desarrollo-pasto-la-gran-capital-tiene-un-indice-de-eficacia-del-99-4-segun-el-departamento-nacional-de-planeacion\/\",\"name\":\"Plan de desarrollo \u2018Pasto, La Gran Capital\u2019 tiene un \u00edndice de eficacia del 99.4% seg\u00fan el Departamento Nacional de Planeaci\u00f3n | P\u00e1gina10\",\"isPartOf\":{\"@id\":\"https:\/\/pagina10.com\/web\/#website\"},\"primaryImageOfPage\":{\"@id\":\"https:\/\/pagina10.com\/web\/plan-de-desarrollo-pasto-la-gran-capital-tiene-un-indice-de-eficacia-del-99-4-segun-el-departamento-nacional-de-planeacion\/#primaryimage\"},\"image\":{\"@id\":\"https:\/\/pagina10.com\/web\/plan-de-desarrollo-pasto-la-gran-capital-tiene-un-indice-de-eficacia-del-99-4-segun-el-departamento-nacional-de-planeacion\/#primaryimage\"},\"thumbnailUrl\":\"https:\/\/pagina10.com\/web\/wp-content\/uploads\/2022\/02\/Captura-de-Pantalla-2022-02-22-a-las-6.23.05-p.-m..png\",\"datePublished\":\"2022-02-22T23:23:55+00:00\",\"breadcrumb\":{\"@id\":\"https:\/\/pagina10.com\/web\/plan-de-desarrollo-pasto-la-gran-capital-tiene-un-indice-de-eficacia-del-99-4-segun-el-departamento-nacional-de-planeacion\/#breadcrumb\"},\"inLanguage\":\"es\",\"potentialAction\":[{\"@type\":\"ReadAction\",\"target\":[\"https:\/\/pagina10.com\/web\/plan-de-desarrollo-pasto-la-gran-capital-tiene-un-indice-de-eficacia-del-99-4-segun-el-departamento-nacional-de-planeacion\/\"]}]},{\"@type\":\"ImageObject\",\"inLanguage\":\"es\",\"@id\":\"https:\/\/pagina10.com\/web\/plan-de-desarrollo-pasto-la-gran-capital-tiene-un-indice-de-eficacia-del-99-4-segun-el-departamento-nacional-de-planeacion\/#primaryimage\",\"url\":\"https:\/\/pagina10.com\/web\/wp-content\/uploads\/2022\/02\/Captura-de-Pantalla-2022-02-22-a-las-6.23.05-p.-m..png\",\"contentUrl\":\"https:\/\/pagina10.com\/web\/wp-content\/uploads\/2022\/02\/Captura-de-Pantalla-2022-02-22-a-las-6.23.05-p.-m..png\",\"width\":341,\"height\":262},{\"@type\":\"BreadcrumbList\",\"@id\":\"https:\/\/pagina10.com\/web\/plan-de-desarrollo-pasto-la-gran-capital-tiene-un-indice-de-eficacia-del-99-4-segun-el-departamento-nacional-de-planeacion\/#breadcrumb\",\"itemListElement\":[{\"@type\":\"ListItem\",\"position\":1,\"name\":\"Portada\",\"item\":\"https:\/\/pagina10.com\/web\/\"},{\"@type\":\"ListItem\",\"position\":2,\"name\":\"Plan de desarrollo \u2018Pasto, La Gran Capital\u2019 tiene un \u00edndice de eficacia del 99.4% seg\u00fan el Departamento Nacional de Planeaci\u00f3n\"}]},{\"@type\":\"WebSite\",\"@id\":\"https:\/\/pagina10.com\/web\/#website\",\"url\":\"https:\/\/pagina10.com\/web\/\",\"name\":\"P\u00e1gina10\",\"description\":\"Peri\u00f3dico Regional\",\"publisher\":{\"@id\":\"https:\/\/pagina10.com\/web\/#organization\"},\"alternateName\":\"P\u00e1gina10 Peri\u00f3dico Regional\",\"potentialAction\":[{\"@type\":\"SearchAction\",\"target\":{\"@type\":\"EntryPoint\",\"urlTemplate\":\"https:\/\/pagina10.com\/web\/?s={search_term_string}\"},\"query-input\":{\"@type\":\"PropertyValueSpecification\",\"valueRequired\":true,\"valueName\":\"search_term_string\"}}],\"inLanguage\":\"es\"},{\"@type\":\"Organization\",\"@id\":\"https:\/\/pagina10.com\/web\/#organization\",\"name\":\"P\u00e1gina10\",\"alternateName\":\"P\u00e1gina10 Peri\u00f3dico Regional\",\"url\":\"https:\/\/pagina10.com\/web\/\",\"logo\":{\"@type\":\"ImageObject\",\"inLanguage\":\"es\",\"@id\":\"https:\/\/pagina10.com\/web\/#\/schema\/logo\/image\/\",\"url\":\"https:\/\/pagina10.com\/web\/wp-content\/uploads\/2024\/01\/40-pagina-10-periodico-regional-pasto.jpg\",\"contentUrl\":\"https:\/\/pagina10.com\/web\/wp-content\/uploads\/2024\/01\/40-pagina-10-periodico-regional-pasto.jpg\",\"width\":1280,\"height\":720,\"caption\":\"P\u00e1gina10\"},\"image\":{\"@id\":\"https:\/\/pagina10.com\/web\/#\/schema\/logo\/image\/\"},\"sameAs\":[\"https:\/\/www.facebook.com\/pag10com\",\"https:\/\/x.com\/Pag10com\",\"https:\/\/www.instagram.com\/pagina10col\/\",\"https:\/\/youtube.com\/channel\/pag10\",\"https:\/\/www.tiktok.com\/@p10col\"]},{\"@type\":\"Person\",\"@id\":\"https:\/\/pagina10.com\/web\/#\/schema\/person\/2efc4a090d25b667d3bc796798a3a81b\",\"name\":\"P\u00e1gina 10\",\"description\":\"P\u00e1gina 10 es un peri\u00f3dico regional que nace en Colombia, en el departamento de Nari\u00f1o, con un enfoque global, fundamentado en cuatro pilares esenciales: la libertad, el pluralismo, la inclusi\u00f3n y la independencia. P\u00e1gina 10 hace referencia a Nari\u00f1o como el d\u00e9cimo departamento creado en Colombia, despu\u00e9s de un proceso pol\u00edtico liderado por actores y actrices regionales con el fin de obtener la independencia y autonom\u00eda de nuestros territorios. Con la creaci\u00f3n de P\u00e1gina 10 se pretende abrir un escenario para el dialogo, la reflexi\u00f3n y el debate que se extienda a otras geograf\u00edas de Am\u00e9rica Latina y del planeta, en una apuesta por transformar colectivamente los desaf\u00edos de un mundo contempor\u00e1neo, m\u00e1s all\u00e1 de las fronteras impuestas.\",\"url\":\"https:\/\/pagina10.com\/web\/author\/pdiezadmin\/\"}]}<\/script>\n<!-- \/ Yoast SEO plugin. -->","yoast_head_json":{"title":"Plan de desarrollo \u2018Pasto, La Gran Capital\u2019 tiene un \u00edndice de eficacia del 99.4% seg\u00fan el Departamento Nacional de Planeaci\u00f3n | P\u00e1gina10","robots":{"index":"index","follow":"follow","max-snippet":"max-snippet:-1","max-image-preview":"max-image-preview:large","max-video-preview":"max-video-preview:-1"},"canonical":"https:\/\/pagina10.com\/web\/plan-de-desarrollo-pasto-la-gran-capital-tiene-un-indice-de-eficacia-del-99-4-segun-el-departamento-nacional-de-planeacion\/","og_locale":"es_ES","og_type":"article","og_title":"Plan de desarrollo \u2018Pasto, La Gran Capital\u2019 tiene un \u00edndice de eficacia del 99.4% seg\u00fan el Departamento Nacional de Planeaci\u00f3n | P\u00e1gina10","og_description":"El plan de gobierno del Alcalde Germ\u00e1n Chamorro de la Rosa se ubica en el tercer lugar a nivel nacional, categor\u00eda \u2018Ciudades\u2019, en el cumplimiento de metas para la vigencia 2020. A\u00fan con el dif\u00edcil panorama que presentaba la pandemia por covid-19 y las complejidades del aislamiento obligatorio, la Alcald\u00eda de Pasto logr\u00f3 posicionarse como [&hellip;]","og_url":"https:\/\/pagina10.com\/web\/plan-de-desarrollo-pasto-la-gran-capital-tiene-un-indice-de-eficacia-del-99-4-segun-el-departamento-nacional-de-planeacion\/","og_site_name":"P\u00e1gina10","article_publisher":"https:\/\/www.facebook.com\/pag10com","article_published_time":"2022-02-22T23:23:55+00:00","og_image":[{"width":341,"height":262,"url":"https:\/\/pagina10.com\/web\/wp-content\/uploads\/2022\/02\/Captura-de-Pantalla-2022-02-22-a-las-6.23.05-p.-m..png","type":"image\/png"}],"author":"P\u00e1gina 10","twitter_card":"summary_large_image","twitter_creator":"@Pag10com","twitter_site":"@Pag10com","twitter_misc":{"Escrito por":"P\u00e1gina 10","Tiempo de lectura":"3 minutos"},"schema":{"@context":"https:\/\/schema.org","@graph":[{"@type":"Article","@id":"https:\/\/pagina10.com\/web\/plan-de-desarrollo-pasto-la-gran-capital-tiene-un-indice-de-eficacia-del-99-4-segun-el-departamento-nacional-de-planeacion\/#article","isPartOf":{"@id":"https:\/\/pagina10.com\/web\/plan-de-desarrollo-pasto-la-gran-capital-tiene-un-indice-de-eficacia-del-99-4-segun-el-departamento-nacional-de-planeacion\/"},"author":{"name":"P\u00e1gina 10","@id":"https:\/\/pagina10.com\/web\/#\/schema\/person\/2efc4a090d25b667d3bc796798a3a81b"},"headline":"Plan de desarrollo \u2018Pasto, La Gran Capital\u2019 tiene un \u00edndice de eficacia del 99.4% seg\u00fan el Departamento Nacional de Planeaci\u00f3n","datePublished":"2022-02-22T23:23:55+00:00","mainEntityOfPage":{"@id":"https:\/\/pagina10.com\/web\/plan-de-desarrollo-pasto-la-gran-capital-tiene-un-indice-de-eficacia-del-99-4-segun-el-departamento-nacional-de-planeacion\/"},"wordCount":587,"commentCount":0,"publisher":{"@id":"https:\/\/pagina10.com\/web\/#organization"},"image":{"@id":"https:\/\/pagina10.com\/web\/plan-de-desarrollo-pasto-la-gran-capital-tiene-un-indice-de-eficacia-del-99-4-segun-el-departamento-nacional-de-planeacion\/#primaryimage"},"thumbnailUrl":"https:\/\/pagina10.com\/web\/wp-content\/uploads\/2022\/02\/Captura-de-Pantalla-2022-02-22-a-las-6.23.05-p.-m..png","articleSection":["Ciudad"],"inLanguage":"es","potentialAction":[{"@type":"CommentAction","name":"Comment","target":["https:\/\/pagina10.com\/web\/plan-de-desarrollo-pasto-la-gran-capital-tiene-un-indice-de-eficacia-del-99-4-segun-el-departamento-nacional-de-planeacion\/#respond"]}]},{"@type":"WebPage","@id":"https:\/\/pagina10.com\/web\/plan-de-desarrollo-pasto-la-gran-capital-tiene-un-indice-de-eficacia-del-99-4-segun-el-departamento-nacional-de-planeacion\/","url":"https:\/\/pagina10.com\/web\/plan-de-desarrollo-pasto-la-gran-capital-tiene-un-indice-de-eficacia-del-99-4-segun-el-departamento-nacional-de-planeacion\/","name":"Plan de desarrollo \u2018Pasto, La Gran Capital\u2019 tiene un \u00edndice de eficacia del 99.4% seg\u00fan el Departamento Nacional de Planeaci\u00f3n | P\u00e1gina10","isPartOf":{"@id":"https:\/\/pagina10.com\/web\/#website"},"primaryImageOfPage":{"@id":"https:\/\/pagina10.com\/web\/plan-de-desarrollo-pasto-la-gran-capital-tiene-un-indice-de-eficacia-del-99-4-segun-el-departamento-nacional-de-planeacion\/#primaryimage"},"image":{"@id":"https:\/\/pagina10.com\/web\/plan-de-desarrollo-pasto-la-gran-capital-tiene-un-indice-de-eficacia-del-99-4-segun-el-departamento-nacional-de-planeacion\/#primaryimage"},"thumbnailUrl":"https:\/\/pagina10.com\/web\/wp-content\/uploads\/2022\/02\/Captura-de-Pantalla-2022-02-22-a-las-6.23.05-p.-m..png","datePublished":"2022-02-22T23:23:55+00:00","breadcrumb":{"@id":"https:\/\/pagina10.com\/web\/plan-de-desarrollo-pasto-la-gran-capital-tiene-un-indice-de-eficacia-del-99-4-segun-el-departamento-nacional-de-planeacion\/#breadcrumb"},"inLanguage":"es","potentialAction":[{"@type":"ReadAction","target":["https:\/\/pagina10.com\/web\/plan-de-desarrollo-pasto-la-gran-capital-tiene-un-indice-de-eficacia-del-99-4-segun-el-departamento-nacional-de-planeacion\/"]}]},{"@type":"ImageObject","inLanguage":"es","@id":"https:\/\/pagina10.com\/web\/plan-de-desarrollo-pasto-la-gran-capital-tiene-un-indice-de-eficacia-del-99-4-segun-el-departamento-nacional-de-planeacion\/#primaryimage","url":"https:\/\/pagina10.com\/web\/wp-content\/uploads\/2022\/02\/Captura-de-Pantalla-2022-02-22-a-las-6.23.05-p.-m..png","contentUrl":"https:\/\/pagina10.com\/web\/wp-content\/uploads\/2022\/02\/Captura-de-Pantalla-2022-02-22-a-las-6.23.05-p.-m..png","width":341,"height":262},{"@type":"BreadcrumbList","@id":"https:\/\/pagina10.com\/web\/plan-de-desarrollo-pasto-la-gran-capital-tiene-un-indice-de-eficacia-del-99-4-segun-el-departamento-nacional-de-planeacion\/#breadcrumb","itemListElement":[{"@type":"ListItem","position":1,"name":"Portada","item":"https:\/\/pagina10.com\/web\/"},{"@type":"ListItem","position":2,"name":"Plan de desarrollo \u2018Pasto, La Gran Capital\u2019 tiene un \u00edndice de eficacia del 99.4% seg\u00fan el Departamento Nacional de Planeaci\u00f3n"}]},{"@type":"WebSite","@id":"https:\/\/pagina10.com\/web\/#website","url":"https:\/\/pagina10.com\/web\/","name":"P\u00e1gina10","description":"Peri\u00f3dico Regional","publisher":{"@id":"https:\/\/pagina10.com\/web\/#organization"},"alternateName":"P\u00e1gina10 Peri\u00f3dico Regional","potentialAction":[{"@type":"SearchAction","target":{"@type":"EntryPoint","urlTemplate":"https:\/\/pagina10.com\/web\/?s={search_term_string}"},"query-input":{"@type":"PropertyValueSpecification","valueRequired":true,"valueName":"search_term_string"}}],"inLanguage":"es"},{"@type":"Organization","@id":"https:\/\/pagina10.com\/web\/#organization","name":"P\u00e1gina10","alternateName":"P\u00e1gina10 Peri\u00f3dico Regional","url":"https:\/\/pagina10.com\/web\/","logo":{"@type":"ImageObject","inLanguage":"es","@id":"https:\/\/pagina10.com\/web\/#\/schema\/logo\/image\/","url":"https:\/\/pagina10.com\/web\/wp-content\/uploads\/2024\/01\/40-pagina-10-periodico-regional-pasto.jpg","contentUrl":"https:\/\/pagina10.com\/web\/wp-content\/uploads\/2024\/01\/40-pagina-10-periodico-regional-pasto.jpg","width":1280,"height":720,"caption":"P\u00e1gina10"},"image":{"@id":"https:\/\/pagina10.com\/web\/#\/schema\/logo\/image\/"},"sameAs":["https:\/\/www.facebook.com\/pag10com","https:\/\/x.com\/Pag10com","https:\/\/www.instagram.com\/pagina10col\/","https:\/\/youtube.com\/channel\/pag10","https:\/\/www.tiktok.com\/@p10col"]},{"@type":"Person","@id":"https:\/\/pagina10.com\/web\/#\/schema\/person\/2efc4a090d25b667d3bc796798a3a81b","name":"P\u00e1gina 10","description":"P\u00e1gina 10 es un peri\u00f3dico regional que nace en Colombia, en el departamento de Nari\u00f1o, con un enfoque global, fundamentado en cuatro pilares esenciales: la libertad, el pluralismo, la inclusi\u00f3n y la independencia. P\u00e1gina 10 hace referencia a Nari\u00f1o como el d\u00e9cimo departamento creado en Colombia, despu\u00e9s de un proceso pol\u00edtico liderado por actores y actrices regionales con el fin de obtener la independencia y autonom\u00eda de nuestros territorios. Con la creaci\u00f3n de P\u00e1gina 10 se pretende abrir un escenario para el dialogo, la reflexi\u00f3n y el debate que se extienda a otras geograf\u00edas de Am\u00e9rica Latina y del planeta, en una apuesta por transformar colectivamente los desaf\u00edos de un mundo contempor\u00e1neo, m\u00e1s all\u00e1 de las fronteras impuestas.","url":"https:\/\/pagina10.com\/web\/author\/pdiezadmin\/"}]}},"_links":{"self":[{"href":"https:\/\/pagina10.com\/web\/wp-json\/wp\/v2\/posts\/58313","targetHints":{"allow":["GET"]}}],"collection":[{"href":"https:\/\/pagina10.com\/web\/wp-json\/wp\/v2\/posts"}],"about":[{"href":"https:\/\/pagina10.com\/web\/wp-json\/wp\/v2\/types\/post"}],"author":[{"embeddable":true,"href":"https:\/\/pagina10.com\/web\/wp-json\/wp\/v2\/users\/1"}],"replies":[{"embeddable":true,"href":"https:\/\/pagina10.com\/web\/wp-json\/wp\/v2\/comments?post=58313"}],"version-history":[{"count":1,"href":"https:\/\/pagina10.com\/web\/wp-json\/wp\/v2\/posts\/58313\/revisions"}],"predecessor-version":[{"id":58315,"href":"https:\/\/pagina10.com\/web\/wp-json\/wp\/v2\/posts\/58313\/revisions\/58315"}],"wp:featuredmedia":[{"embeddable":true,"href":"https:\/\/pagina10.com\/web\/wp-json\/wp\/v2\/media\/58314"}],"wp:attachment":[{"href":"https:\/\/pagina10.com\/web\/wp-json\/wp\/v2\/media?parent=58313"}],"wp:term":[{"taxonomy":"category","embeddable":true,"href":"https:\/\/pagina10.com\/web\/wp-json\/wp\/v2\/categories?post=58313"},{"taxonomy":"post_tag","embeddable":true,"href":"https:\/\/pagina10.com\/web\/wp-json\/wp\/v2\/tags?post=58313"}],"curies":[{"name":"wp","href":"https:\/\/api.w.org\/{rel}","templated":true}]}}