{"id":58319,"date":"2022-02-23T14:41:35","date_gmt":"2022-02-23T19:41:35","guid":{"rendered":"https:\/\/pagina10.com\/web\/?p=58319"},"modified":"2022-02-23T14:41:35","modified_gmt":"2022-02-23T19:41:35","slug":"el-descache-del-senador-garcia-y-la-fuerte-respuesta-de-una-tumaquena","status":"publish","type":"post","link":"https:\/\/pagina10.com\/web\/el-descache-del-senador-garcia-y-la-fuerte-respuesta-de-una-tumaquena\/","title":{"rendered":"El descache del senador Garc\u00eda y la fuerte respuesta de una tumaque\u00f1a."},"content":{"rendered":"<p style=\"text-align: justify;\">Las diferencias entre la costa y la sierra de Nari\u00f1o han sido una constante. Muchas veces han estado cargadas de racismo y de referencias peyorativas que han causado da\u00f1o a las relaciones regionales. Hace algunos d\u00edas con ocasi\u00f3n de la visita del candidato presidencial Gustavo Petro a Tumaco se present\u00f3 un hecho lamentable que alimenta un c\u00edrculo vicioso que debe acabar entre serranos y coste\u00f1os. <a href=\"https:\/\/m.facebook.com\/story.php?story_fbid=5653442271349977&amp;id=1554752747885637&amp;m_entstream_source=feed_mobile\">El senador Guillermo Garc\u00eda protagoniz\u00f3 un hecho que visto en un contexto cultural<\/a>, al mejor estilo de \u201custed no sabe qui\u00e9n soy yo\u201d no permiti\u00f3 el ingreso al carro, en donde tambi\u00e9n iba Petro, de la candidata Elsy Angulo, una lideresa de la costa con un car\u00e1cter fuerte y defensora de los derechos humanos. Con la expresi\u00f3n \u201ceste es mi carro\u201d no s\u00f3lo impidi\u00f3 que la candidata ingrese al veh\u00edculo, sino que el candidato Petro, en rechazo a la actitud, se bajara del carro. En palabras de la candidata Angulo \u201dSu proceder mis\u00f3gino, irrespetuoso y hasta racista, contrasta con el proceder de Petro quien no s\u00f3lo se le baja del carro sino que contin\u00faa conmigo hacia el lugar donde lo conduc\u00edan a la reuni\u00f3n de Garcia Realpe\u201d<\/p>\n<p style=\"text-align: justify;\">Finalmente, como figura p\u00fablica y representante de la ciudadan\u00eda, el senador Garc\u00eda debe tener la suficiente empat\u00eda y calma para construir relaciones solidas con Tumaco.<\/p>\n<p><img fetchpriority=\"high\" decoding=\"async\" class=\"aligncenter size-full wp-image-58320\" src=\"https:\/\/pagina10.com\/web\/wp-content\/uploads\/2022\/02\/Captura-de-Pantalla-2022-02-23-a-las-2.36.16-p.-m..png\" alt=\"\" width=\"543\" height=\"649\" srcset=\"https:\/\/pagina10.com\/web\/wp-content\/uploads\/2022\/02\/Captura-de-Pantalla-2022-02-23-a-las-2.36.16-p.-m..png 543w, https:\/\/pagina10.com\/web\/wp-content\/uploads\/2022\/02\/Captura-de-Pantalla-2022-02-23-a-las-2.36.16-p.-m.-251x300.png 251w\" sizes=\"(max-width: 543px) 100vw, 543px\" \/><\/p>\n<p><img decoding=\"async\" class=\"aligncenter size-full wp-image-58321\" src=\"https:\/\/pagina10.com\/web\/wp-content\/uploads\/2022\/02\/Captura-de-Pantalla-2022-02-23-a-las-2.36.28-p.-m..png\" alt=\"\" width=\"568\" height=\"560\" srcset=\"https:\/\/pagina10.com\/web\/wp-content\/uploads\/2022\/02\/Captura-de-Pantalla-2022-02-23-a-las-2.36.28-p.-m..png 568w, https:\/\/pagina10.com\/web\/wp-content\/uploads\/2022\/02\/Captura-de-Pantalla-2022-02-23-a-las-2.36.28-p.-m.-300x296.png 300w, https:\/\/pagina10.com\/web\/wp-content\/uploads\/2022\/02\/Captura-de-Pantalla-2022-02-23-a-las-2.36.28-p.-m.-100x100.png 100w\" sizes=\"(max-width: 568px) 100vw, 568px\" \/><\/p>\n","protected":false},"excerpt":{"rendered":"<p>Las diferencias entre la costa y la sierra de Nari\u00f1o han sido una constante. Muchas veces han estado cargadas de racismo y de referencias peyorativas que han causado da\u00f1o a las relaciones regionales. Hace algunos d\u00edas con ocasi\u00f3n de la visita del candidato presidencial Gustavo Petro a Tumaco se present\u00f3 un hecho lamentable que alimenta [&hellip;]<\/p>\n","protected":false},"author":1,"featured_media":58322,"comment_status":"open","ping_status":"open","sticky":false,"template":"","format":"standard","meta":{"footnotes":""},"categories":[53],"tags":[],"class_list":["post-58319","post","type-post","status-publish","format-standard","has-post-thumbnail","hentry","category-regiones"],"yoast_head":"<!-- This site is optimized with the Yoast SEO plugin v27.1.1 - https:\/\/yoast.com\/product\/yoast-seo-wordpress\/ -->\n<title>El descache del senador Garc\u00eda y la fuerte respuesta de una tumaque\u00f1a. | P\u00e1gina10<\/title>\n<meta name=\"robots\" content=\"index, follow, max-snippet:-1, max-image-preview:large, max-video-preview:-1\" \/>\n<link rel=\"canonical\" href=\"https:\/\/pagina10.com\/web\/el-descache-del-senador-garcia-y-la-fuerte-respuesta-de-una-tumaquena\/\" \/>\n<meta property=\"og:locale\" content=\"es_ES\" \/>\n<meta property=\"og:type\" content=\"article\" \/>\n<meta property=\"og:title\" content=\"El descache del senador Garc\u00eda y la fuerte respuesta de una tumaque\u00f1a. | P\u00e1gina10\" \/>\n<meta property=\"og:description\" content=\"Las diferencias entre la costa y la sierra de Nari\u00f1o han sido una constante. Muchas veces han estado cargadas de racismo y de referencias peyorativas que han causado da\u00f1o a las relaciones regionales. Hace algunos d\u00edas con ocasi\u00f3n de la visita del candidato presidencial Gustavo Petro a Tumaco se present\u00f3 un hecho lamentable que alimenta [&hellip;]\" \/>\n<meta property=\"og:url\" content=\"https:\/\/pagina10.com\/web\/el-descache-del-senador-garcia-y-la-fuerte-respuesta-de-una-tumaquena\/\" \/>\n<meta property=\"og:site_name\" content=\"P\u00e1gina10\" \/>\n<meta property=\"article:publisher\" content=\"https:\/\/www.facebook.com\/pag10com\" \/>\n<meta property=\"article:published_time\" content=\"2022-02-23T19:41:35+00:00\" \/>\n<meta property=\"og:image\" content=\"https:\/\/pagina10.com\/web\/wp-content\/uploads\/2022\/02\/Captura-de-Pantalla-2022-02-23-a-las-2.40.55-p.-m..png\" \/>\n\t<meta property=\"og:image:width\" content=\"746\" \/>\n\t<meta property=\"og:image:height\" content=\"466\" \/>\n\t<meta property=\"og:image:type\" content=\"image\/png\" \/>\n<meta name=\"author\" content=\"P\u00e1gina 10\" \/>\n<meta name=\"twitter:card\" content=\"summary_large_image\" \/>\n<meta name=\"twitter:creator\" content=\"@Pag10com\" \/>\n<meta name=\"twitter:site\" content=\"@Pag10com\" \/>\n<meta name=\"twitter:label1\" content=\"Escrito por\" \/>\n\t<meta name=\"twitter:data1\" content=\"P\u00e1gina 10\" \/>\n\t<meta name=\"twitter:label2\" content=\"Tiempo de lectura\" \/>\n\t<meta name=\"twitter:data2\" content=\"1 minuto\" \/>\n<script type=\"application\/ld+json\" class=\"yoast-schema-graph\">{\"@context\":\"https:\/\/schema.org\",\"@graph\":[{\"@type\":\"Article\",\"@id\":\"https:\/\/pagina10.com\/web\/el-descache-del-senador-garcia-y-la-fuerte-respuesta-de-una-tumaquena\/#article\",\"isPartOf\":{\"@id\":\"https:\/\/pagina10.com\/web\/el-descache-del-senador-garcia-y-la-fuerte-respuesta-de-una-tumaquena\/\"},\"author\":{\"name\":\"P\u00e1gina 10\",\"@id\":\"https:\/\/pagina10.com\/web\/#\/schema\/person\/2efc4a090d25b667d3bc796798a3a81b\"},\"headline\":\"El descache del senador Garc\u00eda y la fuerte respuesta de una tumaque\u00f1a.\",\"datePublished\":\"2022-02-23T19:41:35+00:00\",\"mainEntityOfPage\":{\"@id\":\"https:\/\/pagina10.com\/web\/el-descache-del-senador-garcia-y-la-fuerte-respuesta-de-una-tumaquena\/\"},\"wordCount\":253,\"commentCount\":0,\"publisher\":{\"@id\":\"https:\/\/pagina10.com\/web\/#organization\"},\"image\":{\"@id\":\"https:\/\/pagina10.com\/web\/el-descache-del-senador-garcia-y-la-fuerte-respuesta-de-una-tumaquena\/#primaryimage\"},\"thumbnailUrl\":\"https:\/\/pagina10.com\/web\/wp-content\/uploads\/2022\/02\/Captura-de-Pantalla-2022-02-23-a-las-2.40.55-p.-m..png\",\"articleSection\":[\"Regiones\"],\"inLanguage\":\"es\",\"potentialAction\":[{\"@type\":\"CommentAction\",\"name\":\"Comment\",\"target\":[\"https:\/\/pagina10.com\/web\/el-descache-del-senador-garcia-y-la-fuerte-respuesta-de-una-tumaquena\/#respond\"]}]},{\"@type\":\"WebPage\",\"@id\":\"https:\/\/pagina10.com\/web\/el-descache-del-senador-garcia-y-la-fuerte-respuesta-de-una-tumaquena\/\",\"url\":\"https:\/\/pagina10.com\/web\/el-descache-del-senador-garcia-y-la-fuerte-respuesta-de-una-tumaquena\/\",\"name\":\"El descache del senador Garc\u00eda y la fuerte respuesta de una tumaque\u00f1a. | P\u00e1gina10\",\"isPartOf\":{\"@id\":\"https:\/\/pagina10.com\/web\/#website\"},\"primaryImageOfPage\":{\"@id\":\"https:\/\/pagina10.com\/web\/el-descache-del-senador-garcia-y-la-fuerte-respuesta-de-una-tumaquena\/#primaryimage\"},\"image\":{\"@id\":\"https:\/\/pagina10.com\/web\/el-descache-del-senador-garcia-y-la-fuerte-respuesta-de-una-tumaquena\/#primaryimage\"},\"thumbnailUrl\":\"https:\/\/pagina10.com\/web\/wp-content\/uploads\/2022\/02\/Captura-de-Pantalla-2022-02-23-a-las-2.40.55-p.-m..png\",\"datePublished\":\"2022-02-23T19:41:35+00:00\",\"breadcrumb\":{\"@id\":\"https:\/\/pagina10.com\/web\/el-descache-del-senador-garcia-y-la-fuerte-respuesta-de-una-tumaquena\/#breadcrumb\"},\"inLanguage\":\"es\",\"potentialAction\":[{\"@type\":\"ReadAction\",\"target\":[\"https:\/\/pagina10.com\/web\/el-descache-del-senador-garcia-y-la-fuerte-respuesta-de-una-tumaquena\/\"]}]},{\"@type\":\"ImageObject\",\"inLanguage\":\"es\",\"@id\":\"https:\/\/pagina10.com\/web\/el-descache-del-senador-garcia-y-la-fuerte-respuesta-de-una-tumaquena\/#primaryimage\",\"url\":\"https:\/\/pagina10.com\/web\/wp-content\/uploads\/2022\/02\/Captura-de-Pantalla-2022-02-23-a-las-2.40.55-p.-m..png\",\"contentUrl\":\"https:\/\/pagina10.com\/web\/wp-content\/uploads\/2022\/02\/Captura-de-Pantalla-2022-02-23-a-las-2.40.55-p.-m..png\",\"width\":746,\"height\":466},{\"@type\":\"BreadcrumbList\",\"@id\":\"https:\/\/pagina10.com\/web\/el-descache-del-senador-garcia-y-la-fuerte-respuesta-de-una-tumaquena\/#breadcrumb\",\"itemListElement\":[{\"@type\":\"ListItem\",\"position\":1,\"name\":\"Portada\",\"item\":\"https:\/\/pagina10.com\/web\/\"},{\"@type\":\"ListItem\",\"position\":2,\"name\":\"El descache del senador Garc\u00eda y la fuerte respuesta de una tumaque\u00f1a.\"}]},{\"@type\":\"WebSite\",\"@id\":\"https:\/\/pagina10.com\/web\/#website\",\"url\":\"https:\/\/pagina10.com\/web\/\",\"name\":\"P\u00e1gina10\",\"description\":\"Peri\u00f3dico Regional\",\"publisher\":{\"@id\":\"https:\/\/pagina10.com\/web\/#organization\"},\"alternateName\":\"P\u00e1gina10 Peri\u00f3dico Regional\",\"potentialAction\":[{\"@type\":\"SearchAction\",\"target\":{\"@type\":\"EntryPoint\",\"urlTemplate\":\"https:\/\/pagina10.com\/web\/?s={search_term_string}\"},\"query-input\":{\"@type\":\"PropertyValueSpecification\",\"valueRequired\":true,\"valueName\":\"search_term_string\"}}],\"inLanguage\":\"es\"},{\"@type\":\"Organization\",\"@id\":\"https:\/\/pagina10.com\/web\/#organization\",\"name\":\"P\u00e1gina10\",\"alternateName\":\"P\u00e1gina10 Peri\u00f3dico Regional\",\"url\":\"https:\/\/pagina10.com\/web\/\",\"logo\":{\"@type\":\"ImageObject\",\"inLanguage\":\"es\",\"@id\":\"https:\/\/pagina10.com\/web\/#\/schema\/logo\/image\/\",\"url\":\"https:\/\/pagina10.com\/web\/wp-content\/uploads\/2024\/01\/40-pagina-10-periodico-regional-pasto.jpg\",\"contentUrl\":\"https:\/\/pagina10.com\/web\/wp-content\/uploads\/2024\/01\/40-pagina-10-periodico-regional-pasto.jpg\",\"width\":1280,\"height\":720,\"caption\":\"P\u00e1gina10\"},\"image\":{\"@id\":\"https:\/\/pagina10.com\/web\/#\/schema\/logo\/image\/\"},\"sameAs\":[\"https:\/\/www.facebook.com\/pag10com\",\"https:\/\/x.com\/Pag10com\",\"https:\/\/www.instagram.com\/pagina10col\/\",\"https:\/\/youtube.com\/channel\/pag10\",\"https:\/\/www.tiktok.com\/@p10col\"]},{\"@type\":\"Person\",\"@id\":\"https:\/\/pagina10.com\/web\/#\/schema\/person\/2efc4a090d25b667d3bc796798a3a81b\",\"name\":\"P\u00e1gina 10\",\"description\":\"P\u00e1gina 10 es un peri\u00f3dico regional que nace en Colombia, en el departamento de Nari\u00f1o, con un enfoque global, fundamentado en cuatro pilares esenciales: la libertad, el pluralismo, la inclusi\u00f3n y la independencia. P\u00e1gina 10 hace referencia a Nari\u00f1o como el d\u00e9cimo departamento creado en Colombia, despu\u00e9s de un proceso pol\u00edtico liderado por actores y actrices regionales con el fin de obtener la independencia y autonom\u00eda de nuestros territorios. Con la creaci\u00f3n de P\u00e1gina 10 se pretende abrir un escenario para el dialogo, la reflexi\u00f3n y el debate que se extienda a otras geograf\u00edas de Am\u00e9rica Latina y del planeta, en una apuesta por transformar colectivamente los desaf\u00edos de un mundo contempor\u00e1neo, m\u00e1s all\u00e1 de las fronteras impuestas.\",\"url\":\"https:\/\/pagina10.com\/web\/author\/pdiezadmin\/\"}]}<\/script>\n<!-- \/ Yoast SEO plugin. -->","yoast_head_json":{"title":"El descache del senador Garc\u00eda y la fuerte respuesta de una tumaque\u00f1a. | P\u00e1gina10","robots":{"index":"index","follow":"follow","max-snippet":"max-snippet:-1","max-image-preview":"max-image-preview:large","max-video-preview":"max-video-preview:-1"},"canonical":"https:\/\/pagina10.com\/web\/el-descache-del-senador-garcia-y-la-fuerte-respuesta-de-una-tumaquena\/","og_locale":"es_ES","og_type":"article","og_title":"El descache del senador Garc\u00eda y la fuerte respuesta de una tumaque\u00f1a. | P\u00e1gina10","og_description":"Las diferencias entre la costa y la sierra de Nari\u00f1o han sido una constante. Muchas veces han estado cargadas de racismo y de referencias peyorativas que han causado da\u00f1o a las relaciones regionales. Hace algunos d\u00edas con ocasi\u00f3n de la visita del candidato presidencial Gustavo Petro a Tumaco se present\u00f3 un hecho lamentable que alimenta [&hellip;]","og_url":"https:\/\/pagina10.com\/web\/el-descache-del-senador-garcia-y-la-fuerte-respuesta-de-una-tumaquena\/","og_site_name":"P\u00e1gina10","article_publisher":"https:\/\/www.facebook.com\/pag10com","article_published_time":"2022-02-23T19:41:35+00:00","og_image":[{"width":746,"height":466,"url":"https:\/\/pagina10.com\/web\/wp-content\/uploads\/2022\/02\/Captura-de-Pantalla-2022-02-23-a-las-2.40.55-p.-m..png","type":"image\/png"}],"author":"P\u00e1gina 10","twitter_card":"summary_large_image","twitter_creator":"@Pag10com","twitter_site":"@Pag10com","twitter_misc":{"Escrito por":"P\u00e1gina 10","Tiempo de lectura":"1 minuto"},"schema":{"@context":"https:\/\/schema.org","@graph":[{"@type":"Article","@id":"https:\/\/pagina10.com\/web\/el-descache-del-senador-garcia-y-la-fuerte-respuesta-de-una-tumaquena\/#article","isPartOf":{"@id":"https:\/\/pagina10.com\/web\/el-descache-del-senador-garcia-y-la-fuerte-respuesta-de-una-tumaquena\/"},"author":{"name":"P\u00e1gina 10","@id":"https:\/\/pagina10.com\/web\/#\/schema\/person\/2efc4a090d25b667d3bc796798a3a81b"},"headline":"El descache del senador Garc\u00eda y la fuerte respuesta de una tumaque\u00f1a.","datePublished":"2022-02-23T19:41:35+00:00","mainEntityOfPage":{"@id":"https:\/\/pagina10.com\/web\/el-descache-del-senador-garcia-y-la-fuerte-respuesta-de-una-tumaquena\/"},"wordCount":253,"commentCount":0,"publisher":{"@id":"https:\/\/pagina10.com\/web\/#organization"},"image":{"@id":"https:\/\/pagina10.com\/web\/el-descache-del-senador-garcia-y-la-fuerte-respuesta-de-una-tumaquena\/#primaryimage"},"thumbnailUrl":"https:\/\/pagina10.com\/web\/wp-content\/uploads\/2022\/02\/Captura-de-Pantalla-2022-02-23-a-las-2.40.55-p.-m..png","articleSection":["Regiones"],"inLanguage":"es","potentialAction":[{"@type":"CommentAction","name":"Comment","target":["https:\/\/pagina10.com\/web\/el-descache-del-senador-garcia-y-la-fuerte-respuesta-de-una-tumaquena\/#respond"]}]},{"@type":"WebPage","@id":"https:\/\/pagina10.com\/web\/el-descache-del-senador-garcia-y-la-fuerte-respuesta-de-una-tumaquena\/","url":"https:\/\/pagina10.com\/web\/el-descache-del-senador-garcia-y-la-fuerte-respuesta-de-una-tumaquena\/","name":"El descache del senador Garc\u00eda y la fuerte respuesta de una tumaque\u00f1a. | P\u00e1gina10","isPartOf":{"@id":"https:\/\/pagina10.com\/web\/#website"},"primaryImageOfPage":{"@id":"https:\/\/pagina10.com\/web\/el-descache-del-senador-garcia-y-la-fuerte-respuesta-de-una-tumaquena\/#primaryimage"},"image":{"@id":"https:\/\/pagina10.com\/web\/el-descache-del-senador-garcia-y-la-fuerte-respuesta-de-una-tumaquena\/#primaryimage"},"thumbnailUrl":"https:\/\/pagina10.com\/web\/wp-content\/uploads\/2022\/02\/Captura-de-Pantalla-2022-02-23-a-las-2.40.55-p.-m..png","datePublished":"2022-02-23T19:41:35+00:00","breadcrumb":{"@id":"https:\/\/pagina10.com\/web\/el-descache-del-senador-garcia-y-la-fuerte-respuesta-de-una-tumaquena\/#breadcrumb"},"inLanguage":"es","potentialAction":[{"@type":"ReadAction","target":["https:\/\/pagina10.com\/web\/el-descache-del-senador-garcia-y-la-fuerte-respuesta-de-una-tumaquena\/"]}]},{"@type":"ImageObject","inLanguage":"es","@id":"https:\/\/pagina10.com\/web\/el-descache-del-senador-garcia-y-la-fuerte-respuesta-de-una-tumaquena\/#primaryimage","url":"https:\/\/pagina10.com\/web\/wp-content\/uploads\/2022\/02\/Captura-de-Pantalla-2022-02-23-a-las-2.40.55-p.-m..png","contentUrl":"https:\/\/pagina10.com\/web\/wp-content\/uploads\/2022\/02\/Captura-de-Pantalla-2022-02-23-a-las-2.40.55-p.-m..png","width":746,"height":466},{"@type":"BreadcrumbList","@id":"https:\/\/pagina10.com\/web\/el-descache-del-senador-garcia-y-la-fuerte-respuesta-de-una-tumaquena\/#breadcrumb","itemListElement":[{"@type":"ListItem","position":1,"name":"Portada","item":"https:\/\/pagina10.com\/web\/"},{"@type":"ListItem","position":2,"name":"El descache del senador Garc\u00eda y la fuerte respuesta de una tumaque\u00f1a."}]},{"@type":"WebSite","@id":"https:\/\/pagina10.com\/web\/#website","url":"https:\/\/pagina10.com\/web\/","name":"P\u00e1gina10","description":"Peri\u00f3dico Regional","publisher":{"@id":"https:\/\/pagina10.com\/web\/#organization"},"alternateName":"P\u00e1gina10 Peri\u00f3dico Regional","potentialAction":[{"@type":"SearchAction","target":{"@type":"EntryPoint","urlTemplate":"https:\/\/pagina10.com\/web\/?s={search_term_string}"},"query-input":{"@type":"PropertyValueSpecification","valueRequired":true,"valueName":"search_term_string"}}],"inLanguage":"es"},{"@type":"Organization","@id":"https:\/\/pagina10.com\/web\/#organization","name":"P\u00e1gina10","alternateName":"P\u00e1gina10 Peri\u00f3dico Regional","url":"https:\/\/pagina10.com\/web\/","logo":{"@type":"ImageObject","inLanguage":"es","@id":"https:\/\/pagina10.com\/web\/#\/schema\/logo\/image\/","url":"https:\/\/pagina10.com\/web\/wp-content\/uploads\/2024\/01\/40-pagina-10-periodico-regional-pasto.jpg","contentUrl":"https:\/\/pagina10.com\/web\/wp-content\/uploads\/2024\/01\/40-pagina-10-periodico-regional-pasto.jpg","width":1280,"height":720,"caption":"P\u00e1gina10"},"image":{"@id":"https:\/\/pagina10.com\/web\/#\/schema\/logo\/image\/"},"sameAs":["https:\/\/www.facebook.com\/pag10com","https:\/\/x.com\/Pag10com","https:\/\/www.instagram.com\/pagina10col\/","https:\/\/youtube.com\/channel\/pag10","https:\/\/www.tiktok.com\/@p10col"]},{"@type":"Person","@id":"https:\/\/pagina10.com\/web\/#\/schema\/person\/2efc4a090d25b667d3bc796798a3a81b","name":"P\u00e1gina 10","description":"P\u00e1gina 10 es un peri\u00f3dico regional que nace en Colombia, en el departamento de Nari\u00f1o, con un enfoque global, fundamentado en cuatro pilares esenciales: la libertad, el pluralismo, la inclusi\u00f3n y la independencia. P\u00e1gina 10 hace referencia a Nari\u00f1o como el d\u00e9cimo departamento creado en Colombia, despu\u00e9s de un proceso pol\u00edtico liderado por actores y actrices regionales con el fin de obtener la independencia y autonom\u00eda de nuestros territorios. Con la creaci\u00f3n de P\u00e1gina 10 se pretende abrir un escenario para el dialogo, la reflexi\u00f3n y el debate que se extienda a otras geograf\u00edas de Am\u00e9rica Latina y del planeta, en una apuesta por transformar colectivamente los desaf\u00edos de un mundo contempor\u00e1neo, m\u00e1s all\u00e1 de las fronteras impuestas.","url":"https:\/\/pagina10.com\/web\/author\/pdiezadmin\/"}]}},"_links":{"self":[{"href":"https:\/\/pagina10.com\/web\/wp-json\/wp\/v2\/posts\/58319","targetHints":{"allow":["GET"]}}],"collection":[{"href":"https:\/\/pagina10.com\/web\/wp-json\/wp\/v2\/posts"}],"about":[{"href":"https:\/\/pagina10.com\/web\/wp-json\/wp\/v2\/types\/post"}],"author":[{"embeddable":true,"href":"https:\/\/pagina10.com\/web\/wp-json\/wp\/v2\/users\/1"}],"replies":[{"embeddable":true,"href":"https:\/\/pagina10.com\/web\/wp-json\/wp\/v2\/comments?post=58319"}],"version-history":[{"count":1,"href":"https:\/\/pagina10.com\/web\/wp-json\/wp\/v2\/posts\/58319\/revisions"}],"predecessor-version":[{"id":58323,"href":"https:\/\/pagina10.com\/web\/wp-json\/wp\/v2\/posts\/58319\/revisions\/58323"}],"wp:featuredmedia":[{"embeddable":true,"href":"https:\/\/pagina10.com\/web\/wp-json\/wp\/v2\/media\/58322"}],"wp:attachment":[{"href":"https:\/\/pagina10.com\/web\/wp-json\/wp\/v2\/media?parent=58319"}],"wp:term":[{"taxonomy":"category","embeddable":true,"href":"https:\/\/pagina10.com\/web\/wp-json\/wp\/v2\/categories?post=58319"},{"taxonomy":"post_tag","embeddable":true,"href":"https:\/\/pagina10.com\/web\/wp-json\/wp\/v2\/tags?post=58319"}],"curies":[{"name":"wp","href":"https:\/\/api.w.org\/{rel}","templated":true}]}}