{"id":58360,"date":"2022-02-25T21:29:44","date_gmt":"2022-02-26T02:29:44","guid":{"rendered":"https:\/\/pagina10.com\/web\/?p=58360"},"modified":"2022-02-25T21:43:48","modified_gmt":"2022-02-26T02:43:48","slug":"el-sector-del-entretenimiento-impulsa-la-reactivacion-de-la-economia-de-pasto-en-el-primer-semestre","status":"publish","type":"post","link":"https:\/\/pagina10.com\/web\/el-sector-del-entretenimiento-impulsa-la-reactivacion-de-la-economia-de-pasto-en-el-primer-semestre\/","title":{"rendered":"El sector del entretenimiento, impulsa la reactivaci\u00f3n de la econom\u00eda de Pasto en el primer semestre"},"content":{"rendered":"<p style=\"text-align: justify;\">Gracias a la normalidad que se comienza a vivir en la ciudad, despu\u00e9s de las restricciones por COVID-19, m\u00e1s de $900 millones de pesos se invertir\u00e1n en la econom\u00eda de Pasto en el primer semestre de este a\u00f1o.<\/p>\n<p style=\"text-align: justify;\">Seg\u00fan las proyecciones del DANE, el sector del entretenimiento creci\u00f3 para el a\u00f1o 2021 38.5%, destac\u00e1ndose como uno de los sectores de mayor crecimiento. A su vez, este sector recoge un gran volumen de empleos, ocupando a m\u00e1s de 1.7 millones de personas alrededor de la industrial cultural. Con la flexibilizaci\u00f3n de las restricciones a causa del COVID-19, el sector del entretenimiento y la cultura tendr\u00e1 una participaci\u00f3n importante en la generaci\u00f3n de empleo, ocupaci\u00f3n hotelera y ampliaci\u00f3n de oferta comercial en restaurantes, bares, entre otros.<\/p>\n<p style=\"text-align: justify;\">Durante esta primera mitad de a\u00f1o se desarrollar\u00e1n diferentes eventos en el departamento que impactar\u00e1n positivamente el ingreso de los hogares. Conciertos como el de Marbelle, para el 7 de mayo en el marco de la celebraci\u00f3n del D\u00eda de la Madre, o espect\u00e1culos con el concierto de FEID y Rayan Castro, son algunos de los ejemplos.<\/p>\n<p style=\"text-align: justify;\">\u201cDesde el sector privado tenemos que aportar a la reactivaci\u00f3n econ\u00f3mica de la ciudad, por eso, desde el interior del pa\u00eds, estamos trabajando para promover a Pasto como un destino favorable para las inversiones en la industria del entretenimiento. Somos conscientes que los pastusos son amantes de la cultura, el arte, la m\u00fasica, y debemos impulsar esta tradici\u00f3n en favor del crecimiento econ\u00f3mico y la reactivaci\u00f3n\u201d, afirm\u00f3 Santiago Guerrero, uno de los co-fundadores de la iniciativa de promoci\u00f3n cultural, Capital\u00edsima, firma que trae a la reina de la m\u00fasica popular, Marbelle.<\/p>\n<p style=\"text-align: justify;\">Guerrero adem\u00e1s indic\u00f3 que dentro de la estrategia de venta del show, se buscar\u00e1 impulsar el primer proyecto piloto de event manager\u00b4s (proveedores de boleter\u00eda), priorizando a poblaci\u00f3n vulnerable como madres cabeza de familia, adultos mayores de 45 a\u00f1os y adolecentes sin trabajo, para que a trav\u00e9s de una alianza con la plataforma nacional All Tickets se les cree un perfil a todos los proveedores y puedan ganar dinero a trav\u00e9s de la comercializaci\u00f3n be to be de boleter\u00eda.<\/p>\n<p style=\"text-align: justify;\">\u201cEstamos buscando madres cabeza de familia, adultos mayores de 45 a\u00f1os y j\u00f3venes sin empleo, para que se unan a @capitalisima, y puedan mejorar el ingreso de sus hogares. Los invitamos y las invitamos a unirse a trav\u00e9s de nuestra cuenta en Instagram @capital\u00edsima\u201d, anunci\u00f3.<\/p>\n<p style=\"text-align: justify;\">As\u00ed mismo, Juan Felipe Woodcock -JFW- (@juanfelipews), realizador de conciertos como el de Cristian Nodal en el mes de enero, asegur\u00f3 que cada vez es m\u00e1s viable traer al sur del pa\u00eds artistas de renombre nacional e internacional, gracias a la participaci\u00f3n masiva del p\u00fablico a los eventos.<\/p>\n<p style=\"text-align: justify;\">\u201cEstamos trabajando en equipo con varias empresas de la industria, para que sean m\u00e1s los espect\u00e1culos de calidad que traigamos a Pasto, artistas que est\u00e1n mandando la parada no solo en el pa\u00eds sino en el mundo\u201d, afirm\u00f3 Woodcock -quien agreg\u00f3- \u201ctener que resignarnos a ver artistas jubilados de la m\u00fasica es cosa del pasado, hoy estamos trayendo a la ciudad lo que manda la parada\u201d.<\/p>\n<p style=\"text-align: justify;\">Seg\u00fan los empresarios es fundamental para el sector, que el p\u00fablico responda favorablemente a estos espect\u00e1culos y as\u00ed mismo, el sector privado se vincule y la administraci\u00f3n municipal y departamental apoyen estas iniciativas.<\/p>\n<p style=\"text-align: justify;\">\u201cEstamos queriendo hacer las cosas bien por la ciudad, necesitamos unir esfuerzos\u201d, concluy\u00f3 JFW.<\/p>\n<p style=\"text-align: justify;\">\n<p style=\"text-align: justify;\">\n","protected":false},"excerpt":{"rendered":"<p>Gracias a la normalidad que se comienza a vivir en la ciudad, despu\u00e9s de las restricciones por COVID-19, m\u00e1s de $900 millones de pesos se invertir\u00e1n en la econom\u00eda de Pasto en el primer semestre de este a\u00f1o. Seg\u00fan las proyecciones del DANE, el sector del entretenimiento creci\u00f3 para el a\u00f1o 2021 38.5%, destac\u00e1ndose como [&hellip;]<\/p>\n","protected":false},"author":1,"featured_media":58361,"comment_status":"open","ping_status":"open","sticky":false,"template":"","format":"standard","meta":{"footnotes":""},"categories":[5,1528],"tags":[],"class_list":["post-58360","post","type-post","status-publish","format-standard","has-post-thumbnail","hentry","category-ciudad","category-titulares"],"yoast_head":"<!-- This site is optimized with the Yoast SEO plugin v27.1.1 - https:\/\/yoast.com\/product\/yoast-seo-wordpress\/ -->\n<title>El sector del entretenimiento, impulsa la reactivaci\u00f3n de la econom\u00eda de Pasto en el primer semestre | P\u00e1gina10<\/title>\n<meta name=\"robots\" content=\"index, follow, max-snippet:-1, max-image-preview:large, max-video-preview:-1\" \/>\n<link rel=\"canonical\" href=\"https:\/\/pagina10.com\/web\/el-sector-del-entretenimiento-impulsa-la-reactivacion-de-la-economia-de-pasto-en-el-primer-semestre\/\" \/>\n<meta property=\"og:locale\" content=\"es_ES\" \/>\n<meta property=\"og:type\" content=\"article\" \/>\n<meta property=\"og:title\" content=\"El sector del entretenimiento, impulsa la reactivaci\u00f3n de la econom\u00eda de Pasto en el primer semestre | P\u00e1gina10\" \/>\n<meta property=\"og:description\" content=\"Gracias a la normalidad que se comienza a vivir en la ciudad, despu\u00e9s de las restricciones por COVID-19, m\u00e1s de $900 millones de pesos se invertir\u00e1n en la econom\u00eda de Pasto en el primer semestre de este a\u00f1o. Seg\u00fan las proyecciones del DANE, el sector del entretenimiento creci\u00f3 para el a\u00f1o 2021 38.5%, destac\u00e1ndose como [&hellip;]\" \/>\n<meta property=\"og:url\" content=\"https:\/\/pagina10.com\/web\/el-sector-del-entretenimiento-impulsa-la-reactivacion-de-la-economia-de-pasto-en-el-primer-semestre\/\" \/>\n<meta property=\"og:site_name\" content=\"P\u00e1gina10\" \/>\n<meta property=\"article:publisher\" content=\"https:\/\/www.facebook.com\/pag10com\" \/>\n<meta property=\"article:published_time\" content=\"2022-02-26T02:29:44+00:00\" \/>\n<meta property=\"article:modified_time\" content=\"2022-02-26T02:43:48+00:00\" \/>\n<meta property=\"og:image\" content=\"https:\/\/pagina10.com\/web\/wp-content\/uploads\/2022\/02\/WhatsApp-Image-2022-02-25-at-9.24.31-PM.jpeg\" \/>\n\t<meta property=\"og:image:width\" content=\"500\" \/>\n\t<meta property=\"og:image:height\" content=\"262\" \/>\n\t<meta property=\"og:image:type\" content=\"image\/jpeg\" \/>\n<meta name=\"author\" content=\"P\u00e1gina 10\" \/>\n<meta name=\"twitter:card\" content=\"summary_large_image\" \/>\n<meta name=\"twitter:creator\" content=\"@Pag10com\" \/>\n<meta name=\"twitter:site\" content=\"@Pag10com\" \/>\n<meta name=\"twitter:label1\" content=\"Escrito por\" \/>\n\t<meta name=\"twitter:data1\" content=\"P\u00e1gina 10\" \/>\n\t<meta name=\"twitter:label2\" content=\"Tiempo de lectura\" \/>\n\t<meta name=\"twitter:data2\" content=\"3 minutos\" \/>\n<script type=\"application\/ld+json\" class=\"yoast-schema-graph\">{\"@context\":\"https:\/\/schema.org\",\"@graph\":[{\"@type\":\"Article\",\"@id\":\"https:\/\/pagina10.com\/web\/el-sector-del-entretenimiento-impulsa-la-reactivacion-de-la-economia-de-pasto-en-el-primer-semestre\/#article\",\"isPartOf\":{\"@id\":\"https:\/\/pagina10.com\/web\/el-sector-del-entretenimiento-impulsa-la-reactivacion-de-la-economia-de-pasto-en-el-primer-semestre\/\"},\"author\":{\"name\":\"P\u00e1gina 10\",\"@id\":\"https:\/\/pagina10.com\/web\/#\/schema\/person\/2efc4a090d25b667d3bc796798a3a81b\"},\"headline\":\"El sector del entretenimiento, impulsa la reactivaci\u00f3n de la econom\u00eda de Pasto en el primer semestre\",\"datePublished\":\"2022-02-26T02:29:44+00:00\",\"dateModified\":\"2022-02-26T02:43:48+00:00\",\"mainEntityOfPage\":{\"@id\":\"https:\/\/pagina10.com\/web\/el-sector-del-entretenimiento-impulsa-la-reactivacion-de-la-economia-de-pasto-en-el-primer-semestre\/\"},\"wordCount\":625,\"commentCount\":0,\"publisher\":{\"@id\":\"https:\/\/pagina10.com\/web\/#organization\"},\"image\":{\"@id\":\"https:\/\/pagina10.com\/web\/el-sector-del-entretenimiento-impulsa-la-reactivacion-de-la-economia-de-pasto-en-el-primer-semestre\/#primaryimage\"},\"thumbnailUrl\":\"https:\/\/pagina10.com\/web\/wp-content\/uploads\/2022\/02\/WhatsApp-Image-2022-02-25-at-9.24.31-PM.jpeg\",\"articleSection\":[\"Ciudad\",\"Titulares\"],\"inLanguage\":\"es\",\"potentialAction\":[{\"@type\":\"CommentAction\",\"name\":\"Comment\",\"target\":[\"https:\/\/pagina10.com\/web\/el-sector-del-entretenimiento-impulsa-la-reactivacion-de-la-economia-de-pasto-en-el-primer-semestre\/#respond\"]}]},{\"@type\":\"WebPage\",\"@id\":\"https:\/\/pagina10.com\/web\/el-sector-del-entretenimiento-impulsa-la-reactivacion-de-la-economia-de-pasto-en-el-primer-semestre\/\",\"url\":\"https:\/\/pagina10.com\/web\/el-sector-del-entretenimiento-impulsa-la-reactivacion-de-la-economia-de-pasto-en-el-primer-semestre\/\",\"name\":\"El sector del entretenimiento, impulsa la reactivaci\u00f3n de la econom\u00eda de Pasto en el primer semestre | P\u00e1gina10\",\"isPartOf\":{\"@id\":\"https:\/\/pagina10.com\/web\/#website\"},\"primaryImageOfPage\":{\"@id\":\"https:\/\/pagina10.com\/web\/el-sector-del-entretenimiento-impulsa-la-reactivacion-de-la-economia-de-pasto-en-el-primer-semestre\/#primaryimage\"},\"image\":{\"@id\":\"https:\/\/pagina10.com\/web\/el-sector-del-entretenimiento-impulsa-la-reactivacion-de-la-economia-de-pasto-en-el-primer-semestre\/#primaryimage\"},\"thumbnailUrl\":\"https:\/\/pagina10.com\/web\/wp-content\/uploads\/2022\/02\/WhatsApp-Image-2022-02-25-at-9.24.31-PM.jpeg\",\"datePublished\":\"2022-02-26T02:29:44+00:00\",\"dateModified\":\"2022-02-26T02:43:48+00:00\",\"breadcrumb\":{\"@id\":\"https:\/\/pagina10.com\/web\/el-sector-del-entretenimiento-impulsa-la-reactivacion-de-la-economia-de-pasto-en-el-primer-semestre\/#breadcrumb\"},\"inLanguage\":\"es\",\"potentialAction\":[{\"@type\":\"ReadAction\",\"target\":[\"https:\/\/pagina10.com\/web\/el-sector-del-entretenimiento-impulsa-la-reactivacion-de-la-economia-de-pasto-en-el-primer-semestre\/\"]}]},{\"@type\":\"ImageObject\",\"inLanguage\":\"es\",\"@id\":\"https:\/\/pagina10.com\/web\/el-sector-del-entretenimiento-impulsa-la-reactivacion-de-la-economia-de-pasto-en-el-primer-semestre\/#primaryimage\",\"url\":\"https:\/\/pagina10.com\/web\/wp-content\/uploads\/2022\/02\/WhatsApp-Image-2022-02-25-at-9.24.31-PM.jpeg\",\"contentUrl\":\"https:\/\/pagina10.com\/web\/wp-content\/uploads\/2022\/02\/WhatsApp-Image-2022-02-25-at-9.24.31-PM.jpeg\",\"width\":500,\"height\":262},{\"@type\":\"BreadcrumbList\",\"@id\":\"https:\/\/pagina10.com\/web\/el-sector-del-entretenimiento-impulsa-la-reactivacion-de-la-economia-de-pasto-en-el-primer-semestre\/#breadcrumb\",\"itemListElement\":[{\"@type\":\"ListItem\",\"position\":1,\"name\":\"Portada\",\"item\":\"https:\/\/pagina10.com\/web\/\"},{\"@type\":\"ListItem\",\"position\":2,\"name\":\"El sector del entretenimiento, impulsa la reactivaci\u00f3n de la econom\u00eda de Pasto en el primer semestre\"}]},{\"@type\":\"WebSite\",\"@id\":\"https:\/\/pagina10.com\/web\/#website\",\"url\":\"https:\/\/pagina10.com\/web\/\",\"name\":\"P\u00e1gina10\",\"description\":\"Peri\u00f3dico Regional\",\"publisher\":{\"@id\":\"https:\/\/pagina10.com\/web\/#organization\"},\"alternateName\":\"P\u00e1gina10 Peri\u00f3dico Regional\",\"potentialAction\":[{\"@type\":\"SearchAction\",\"target\":{\"@type\":\"EntryPoint\",\"urlTemplate\":\"https:\/\/pagina10.com\/web\/?s={search_term_string}\"},\"query-input\":{\"@type\":\"PropertyValueSpecification\",\"valueRequired\":true,\"valueName\":\"search_term_string\"}}],\"inLanguage\":\"es\"},{\"@type\":\"Organization\",\"@id\":\"https:\/\/pagina10.com\/web\/#organization\",\"name\":\"P\u00e1gina10\",\"alternateName\":\"P\u00e1gina10 Peri\u00f3dico Regional\",\"url\":\"https:\/\/pagina10.com\/web\/\",\"logo\":{\"@type\":\"ImageObject\",\"inLanguage\":\"es\",\"@id\":\"https:\/\/pagina10.com\/web\/#\/schema\/logo\/image\/\",\"url\":\"https:\/\/pagina10.com\/web\/wp-content\/uploads\/2024\/01\/40-pagina-10-periodico-regional-pasto.jpg\",\"contentUrl\":\"https:\/\/pagina10.com\/web\/wp-content\/uploads\/2024\/01\/40-pagina-10-periodico-regional-pasto.jpg\",\"width\":1280,\"height\":720,\"caption\":\"P\u00e1gina10\"},\"image\":{\"@id\":\"https:\/\/pagina10.com\/web\/#\/schema\/logo\/image\/\"},\"sameAs\":[\"https:\/\/www.facebook.com\/pag10com\",\"https:\/\/x.com\/Pag10com\",\"https:\/\/www.instagram.com\/pagina10col\/\",\"https:\/\/youtube.com\/channel\/pag10\",\"https:\/\/www.tiktok.com\/@p10col\"]},{\"@type\":\"Person\",\"@id\":\"https:\/\/pagina10.com\/web\/#\/schema\/person\/2efc4a090d25b667d3bc796798a3a81b\",\"name\":\"P\u00e1gina 10\",\"description\":\"P\u00e1gina 10 es un peri\u00f3dico regional que nace en Colombia, en el departamento de Nari\u00f1o, con un enfoque global, fundamentado en cuatro pilares esenciales: la libertad, el pluralismo, la inclusi\u00f3n y la independencia. P\u00e1gina 10 hace referencia a Nari\u00f1o como el d\u00e9cimo departamento creado en Colombia, despu\u00e9s de un proceso pol\u00edtico liderado por actores y actrices regionales con el fin de obtener la independencia y autonom\u00eda de nuestros territorios. Con la creaci\u00f3n de P\u00e1gina 10 se pretende abrir un escenario para el dialogo, la reflexi\u00f3n y el debate que se extienda a otras geograf\u00edas de Am\u00e9rica Latina y del planeta, en una apuesta por transformar colectivamente los desaf\u00edos de un mundo contempor\u00e1neo, m\u00e1s all\u00e1 de las fronteras impuestas.\",\"url\":\"https:\/\/pagina10.com\/web\/author\/pdiezadmin\/\"}]}<\/script>\n<!-- \/ Yoast SEO plugin. -->","yoast_head_json":{"title":"El sector del entretenimiento, impulsa la reactivaci\u00f3n de la econom\u00eda de Pasto en el primer semestre | P\u00e1gina10","robots":{"index":"index","follow":"follow","max-snippet":"max-snippet:-1","max-image-preview":"max-image-preview:large","max-video-preview":"max-video-preview:-1"},"canonical":"https:\/\/pagina10.com\/web\/el-sector-del-entretenimiento-impulsa-la-reactivacion-de-la-economia-de-pasto-en-el-primer-semestre\/","og_locale":"es_ES","og_type":"article","og_title":"El sector del entretenimiento, impulsa la reactivaci\u00f3n de la econom\u00eda de Pasto en el primer semestre | P\u00e1gina10","og_description":"Gracias a la normalidad que se comienza a vivir en la ciudad, despu\u00e9s de las restricciones por COVID-19, m\u00e1s de $900 millones de pesos se invertir\u00e1n en la econom\u00eda de Pasto en el primer semestre de este a\u00f1o. Seg\u00fan las proyecciones del DANE, el sector del entretenimiento creci\u00f3 para el a\u00f1o 2021 38.5%, destac\u00e1ndose como [&hellip;]","og_url":"https:\/\/pagina10.com\/web\/el-sector-del-entretenimiento-impulsa-la-reactivacion-de-la-economia-de-pasto-en-el-primer-semestre\/","og_site_name":"P\u00e1gina10","article_publisher":"https:\/\/www.facebook.com\/pag10com","article_published_time":"2022-02-26T02:29:44+00:00","article_modified_time":"2022-02-26T02:43:48+00:00","og_image":[{"width":500,"height":262,"url":"https:\/\/pagina10.com\/web\/wp-content\/uploads\/2022\/02\/WhatsApp-Image-2022-02-25-at-9.24.31-PM.jpeg","type":"image\/jpeg"}],"author":"P\u00e1gina 10","twitter_card":"summary_large_image","twitter_creator":"@Pag10com","twitter_site":"@Pag10com","twitter_misc":{"Escrito por":"P\u00e1gina 10","Tiempo de lectura":"3 minutos"},"schema":{"@context":"https:\/\/schema.org","@graph":[{"@type":"Article","@id":"https:\/\/pagina10.com\/web\/el-sector-del-entretenimiento-impulsa-la-reactivacion-de-la-economia-de-pasto-en-el-primer-semestre\/#article","isPartOf":{"@id":"https:\/\/pagina10.com\/web\/el-sector-del-entretenimiento-impulsa-la-reactivacion-de-la-economia-de-pasto-en-el-primer-semestre\/"},"author":{"name":"P\u00e1gina 10","@id":"https:\/\/pagina10.com\/web\/#\/schema\/person\/2efc4a090d25b667d3bc796798a3a81b"},"headline":"El sector del entretenimiento, impulsa la reactivaci\u00f3n de la econom\u00eda de Pasto en el primer semestre","datePublished":"2022-02-26T02:29:44+00:00","dateModified":"2022-02-26T02:43:48+00:00","mainEntityOfPage":{"@id":"https:\/\/pagina10.com\/web\/el-sector-del-entretenimiento-impulsa-la-reactivacion-de-la-economia-de-pasto-en-el-primer-semestre\/"},"wordCount":625,"commentCount":0,"publisher":{"@id":"https:\/\/pagina10.com\/web\/#organization"},"image":{"@id":"https:\/\/pagina10.com\/web\/el-sector-del-entretenimiento-impulsa-la-reactivacion-de-la-economia-de-pasto-en-el-primer-semestre\/#primaryimage"},"thumbnailUrl":"https:\/\/pagina10.com\/web\/wp-content\/uploads\/2022\/02\/WhatsApp-Image-2022-02-25-at-9.24.31-PM.jpeg","articleSection":["Ciudad","Titulares"],"inLanguage":"es","potentialAction":[{"@type":"CommentAction","name":"Comment","target":["https:\/\/pagina10.com\/web\/el-sector-del-entretenimiento-impulsa-la-reactivacion-de-la-economia-de-pasto-en-el-primer-semestre\/#respond"]}]},{"@type":"WebPage","@id":"https:\/\/pagina10.com\/web\/el-sector-del-entretenimiento-impulsa-la-reactivacion-de-la-economia-de-pasto-en-el-primer-semestre\/","url":"https:\/\/pagina10.com\/web\/el-sector-del-entretenimiento-impulsa-la-reactivacion-de-la-economia-de-pasto-en-el-primer-semestre\/","name":"El sector del entretenimiento, impulsa la reactivaci\u00f3n de la econom\u00eda de Pasto en el primer semestre | P\u00e1gina10","isPartOf":{"@id":"https:\/\/pagina10.com\/web\/#website"},"primaryImageOfPage":{"@id":"https:\/\/pagina10.com\/web\/el-sector-del-entretenimiento-impulsa-la-reactivacion-de-la-economia-de-pasto-en-el-primer-semestre\/#primaryimage"},"image":{"@id":"https:\/\/pagina10.com\/web\/el-sector-del-entretenimiento-impulsa-la-reactivacion-de-la-economia-de-pasto-en-el-primer-semestre\/#primaryimage"},"thumbnailUrl":"https:\/\/pagina10.com\/web\/wp-content\/uploads\/2022\/02\/WhatsApp-Image-2022-02-25-at-9.24.31-PM.jpeg","datePublished":"2022-02-26T02:29:44+00:00","dateModified":"2022-02-26T02:43:48+00:00","breadcrumb":{"@id":"https:\/\/pagina10.com\/web\/el-sector-del-entretenimiento-impulsa-la-reactivacion-de-la-economia-de-pasto-en-el-primer-semestre\/#breadcrumb"},"inLanguage":"es","potentialAction":[{"@type":"ReadAction","target":["https:\/\/pagina10.com\/web\/el-sector-del-entretenimiento-impulsa-la-reactivacion-de-la-economia-de-pasto-en-el-primer-semestre\/"]}]},{"@type":"ImageObject","inLanguage":"es","@id":"https:\/\/pagina10.com\/web\/el-sector-del-entretenimiento-impulsa-la-reactivacion-de-la-economia-de-pasto-en-el-primer-semestre\/#primaryimage","url":"https:\/\/pagina10.com\/web\/wp-content\/uploads\/2022\/02\/WhatsApp-Image-2022-02-25-at-9.24.31-PM.jpeg","contentUrl":"https:\/\/pagina10.com\/web\/wp-content\/uploads\/2022\/02\/WhatsApp-Image-2022-02-25-at-9.24.31-PM.jpeg","width":500,"height":262},{"@type":"BreadcrumbList","@id":"https:\/\/pagina10.com\/web\/el-sector-del-entretenimiento-impulsa-la-reactivacion-de-la-economia-de-pasto-en-el-primer-semestre\/#breadcrumb","itemListElement":[{"@type":"ListItem","position":1,"name":"Portada","item":"https:\/\/pagina10.com\/web\/"},{"@type":"ListItem","position":2,"name":"El sector del entretenimiento, impulsa la reactivaci\u00f3n de la econom\u00eda de Pasto en el primer semestre"}]},{"@type":"WebSite","@id":"https:\/\/pagina10.com\/web\/#website","url":"https:\/\/pagina10.com\/web\/","name":"P\u00e1gina10","description":"Peri\u00f3dico Regional","publisher":{"@id":"https:\/\/pagina10.com\/web\/#organization"},"alternateName":"P\u00e1gina10 Peri\u00f3dico Regional","potentialAction":[{"@type":"SearchAction","target":{"@type":"EntryPoint","urlTemplate":"https:\/\/pagina10.com\/web\/?s={search_term_string}"},"query-input":{"@type":"PropertyValueSpecification","valueRequired":true,"valueName":"search_term_string"}}],"inLanguage":"es"},{"@type":"Organization","@id":"https:\/\/pagina10.com\/web\/#organization","name":"P\u00e1gina10","alternateName":"P\u00e1gina10 Peri\u00f3dico Regional","url":"https:\/\/pagina10.com\/web\/","logo":{"@type":"ImageObject","inLanguage":"es","@id":"https:\/\/pagina10.com\/web\/#\/schema\/logo\/image\/","url":"https:\/\/pagina10.com\/web\/wp-content\/uploads\/2024\/01\/40-pagina-10-periodico-regional-pasto.jpg","contentUrl":"https:\/\/pagina10.com\/web\/wp-content\/uploads\/2024\/01\/40-pagina-10-periodico-regional-pasto.jpg","width":1280,"height":720,"caption":"P\u00e1gina10"},"image":{"@id":"https:\/\/pagina10.com\/web\/#\/schema\/logo\/image\/"},"sameAs":["https:\/\/www.facebook.com\/pag10com","https:\/\/x.com\/Pag10com","https:\/\/www.instagram.com\/pagina10col\/","https:\/\/youtube.com\/channel\/pag10","https:\/\/www.tiktok.com\/@p10col"]},{"@type":"Person","@id":"https:\/\/pagina10.com\/web\/#\/schema\/person\/2efc4a090d25b667d3bc796798a3a81b","name":"P\u00e1gina 10","description":"P\u00e1gina 10 es un peri\u00f3dico regional que nace en Colombia, en el departamento de Nari\u00f1o, con un enfoque global, fundamentado en cuatro pilares esenciales: la libertad, el pluralismo, la inclusi\u00f3n y la independencia. P\u00e1gina 10 hace referencia a Nari\u00f1o como el d\u00e9cimo departamento creado en Colombia, despu\u00e9s de un proceso pol\u00edtico liderado por actores y actrices regionales con el fin de obtener la independencia y autonom\u00eda de nuestros territorios. Con la creaci\u00f3n de P\u00e1gina 10 se pretende abrir un escenario para el dialogo, la reflexi\u00f3n y el debate que se extienda a otras geograf\u00edas de Am\u00e9rica Latina y del planeta, en una apuesta por transformar colectivamente los desaf\u00edos de un mundo contempor\u00e1neo, m\u00e1s all\u00e1 de las fronteras impuestas.","url":"https:\/\/pagina10.com\/web\/author\/pdiezadmin\/"}]}},"_links":{"self":[{"href":"https:\/\/pagina10.com\/web\/wp-json\/wp\/v2\/posts\/58360","targetHints":{"allow":["GET"]}}],"collection":[{"href":"https:\/\/pagina10.com\/web\/wp-json\/wp\/v2\/posts"}],"about":[{"href":"https:\/\/pagina10.com\/web\/wp-json\/wp\/v2\/types\/post"}],"author":[{"embeddable":true,"href":"https:\/\/pagina10.com\/web\/wp-json\/wp\/v2\/users\/1"}],"replies":[{"embeddable":true,"href":"https:\/\/pagina10.com\/web\/wp-json\/wp\/v2\/comments?post=58360"}],"version-history":[{"count":3,"href":"https:\/\/pagina10.com\/web\/wp-json\/wp\/v2\/posts\/58360\/revisions"}],"predecessor-version":[{"id":58367,"href":"https:\/\/pagina10.com\/web\/wp-json\/wp\/v2\/posts\/58360\/revisions\/58367"}],"wp:featuredmedia":[{"embeddable":true,"href":"https:\/\/pagina10.com\/web\/wp-json\/wp\/v2\/media\/58361"}],"wp:attachment":[{"href":"https:\/\/pagina10.com\/web\/wp-json\/wp\/v2\/media?parent=58360"}],"wp:term":[{"taxonomy":"category","embeddable":true,"href":"https:\/\/pagina10.com\/web\/wp-json\/wp\/v2\/categories?post=58360"},{"taxonomy":"post_tag","embeddable":true,"href":"https:\/\/pagina10.com\/web\/wp-json\/wp\/v2\/tags?post=58360"}],"curies":[{"name":"wp","href":"https:\/\/api.w.org\/{rel}","templated":true}]}}