{"id":58387,"date":"2022-02-26T19:16:48","date_gmt":"2022-02-27T00:16:48","guid":{"rendered":"https:\/\/pagina10.com\/web\/?p=58387"},"modified":"2022-02-26T19:16:48","modified_gmt":"2022-02-27T00:16:48","slug":"se-ejecutaran-obras-para-el-mejoramiento-de-redes-de-acueducto-y-alcantarillado-en-pasto","status":"publish","type":"post","link":"https:\/\/pagina10.com\/web\/se-ejecutaran-obras-para-el-mejoramiento-de-redes-de-acueducto-y-alcantarillado-en-pasto\/","title":{"rendered":"Se ejecutar\u00e1n obras para el mejoramiento de redes de acueducto y alcantarillado en Pasto"},"content":{"rendered":"<p style=\"text-align: justify;\">La Gobernaci\u00f3n de Nari\u00f1o, a trav\u00e9s de la Subsecretar\u00eda de Econom\u00eda Regional y Agua Potable -PDA, en articulaci\u00f3n con EMPOPASTO, iniciar\u00e1n obras para la optimizaci\u00f3n de las redes de acueducto y alcantarillado en varios sectores de la Ciudad. Las obras tienen un valor de $ 4.000 millones.<br \/>\nMejorar las condiciones en los servicios de agua potable y saneamiento a los habitantes del departamento de Nari\u00f1o, es una prioridad en la administraci\u00f3n del Gobernador de Nari\u00f1o, Jhon Rojas; ello implica, aunar esfuerzos interinstitucionales para lograr los objetivos propuestos en el Plan de Desarrollo, Mi Nari\u00f1o en Defensa de lo Nuestro. As\u00ed mismo, el Plan Departamental de Agua, en su compromiso por Nari\u00f1o, liderar\u00e1, junto a EMPOPASTO, el mejoramiento de redes de acueducto y alcantarillado en la capital de Nari\u00f1o.<br \/>\nLa situaci\u00f3n actual de las redes de acueducto y alcantarillado en algunos sectores de la ciudad han cumplido su vida \u00fatil; redes con m\u00e1s de 40 a\u00f1os de construcci\u00f3n y\u00a0elaboraci\u00f3n artesanal, en materiales que ya perdieron su capacidad. Esto conlleva a la necesidad de mejorar para entregar soluciones de agua potable y saneamiento b\u00e1sico a la poblaci\u00f3n pastusa. La inversi\u00f3n para estas obras, corresponde a $ 4.000 millones de pesos, de los cuales EMPOPASTO aporta $ 2.000 millones y la Gobernaci\u00f3n de Nari\u00f1o $ 2.000 millones.<br \/>\n\u201cHicimos un recorrido muy importante. Estas son obras conjuntas, es un proyecto de $4.000 millones, con el fin de intervenir los barrios de Panor\u00e1mico, Tamasagra, Agualongo, Santa B\u00e1rbara y Mercedario. Con estas obras, queremos impactar de manera positiva en la ciudad de Pasto. La Gobernaci\u00f3n de Nari\u00f1o trabaja de manera sin\u00e9rgica para mejorar la calidad de vida de estas comunidades.\u201d afirm\u00f3 el Gestor del Plan Departamental de Agua, Dar\u00edo Alexander Ch\u00e1ves L\u00f3pez.<br \/>\nLas obras que comenzar\u00e1n a ejecutarse son:<br \/>\nN\u00b0 OBJETO<br \/>\n1. SECTOR BARRIO AGUALONGO<br \/>\n1.1 Etapa1. Mejoramiento de redes de acueducto y alcantarillado v\u00eda entre manzanas 3-4 y calle 4 sur 2. SECTOR BARRIO MERCEDARIO<br \/>\n2.1 Etapa 1. Mejoramiento de redes de acueducto y alcantarillado de la carrera 1 entre calles 21d a 21e y<br \/>\ncalle 21d entre carreras 1ae 1a Barrio Mercedario<br \/>\n2.2 Etapa 2. Mejoramiento de redes de acueducto y alcantarillado de la carrera 1ae entre calles 21d a 21e<br \/>\ny carrera 1ed entre cl 21c-21e Barrio Mercedario<br \/>\n3. SECTOR BARRIO SANTA B\u00c1RBARA<br \/>\n3.1 Etapa 2. Mejoramiento de redes de acueducto y alcantarillado de la carrera 4E entre calles 20a Y 21<br \/>\nentre cra 3e y 4e Barrio Santa B\u00e1rbara<br \/>\n4. SECTOR BARRIO PANOR\u00c1MICO I Y II<br \/>\n4.1 Etapa 1. Mejoramiento sistema decalle 2entre manzana W y carrera 36a Barrio Panor\u00e1mico<br \/>\n4.2 Etapa 3. Mejoramiento sistema de calle 4 Oeste entre y carrera 36a y 37 Barrio Panor\u00e1mico<br \/>\n5. SECTOR BARRIO TAMASAGRA I<br \/>\n5.1 Etapa1. Mejoramiento de redes de acueducto y alcantarillado combinado en la transversal 25 entre<br \/>\ncalles 8s a 6s Barrio Tamasagra<br \/>\n6. SECTOR BARRIO TAMASAGRA II<br \/>\n6.1 Etapa1. Mejoramiento de sistema de alcantarillado combinado en las v\u00edas entre manzanas 4 y 5, 6-7,<br \/>\ny 8-9 y 18-19 y 20 Barrio Tamasagra<\/p>\n","protected":false},"excerpt":{"rendered":"<p>La Gobernaci\u00f3n de Nari\u00f1o, a trav\u00e9s de la Subsecretar\u00eda de Econom\u00eda Regional y Agua Potable -PDA, en articulaci\u00f3n con EMPOPASTO, iniciar\u00e1n obras para la optimizaci\u00f3n de las redes de acueducto y alcantarillado en varios sectores de la Ciudad. Las obras tienen un valor de $ 4.000 millones. Mejorar las condiciones en los servicios de agua [&hellip;]<\/p>\n","protected":false},"author":1,"featured_media":58388,"comment_status":"open","ping_status":"open","sticky":false,"template":"","format":"standard","meta":{"footnotes":""},"categories":[82],"tags":[],"class_list":["post-58387","post","type-post","status-publish","format-standard","has-post-thumbnail","hentry","category-ciudad-2"],"yoast_head":"<!-- This site is optimized with the Yoast SEO plugin v27.1.1 - https:\/\/yoast.com\/product\/yoast-seo-wordpress\/ -->\n<title>Se ejecutar\u00e1n obras para el mejoramiento de redes de acueducto y alcantarillado en Pasto | P\u00e1gina10<\/title>\n<meta name=\"robots\" content=\"index, follow, max-snippet:-1, max-image-preview:large, max-video-preview:-1\" \/>\n<link rel=\"canonical\" href=\"https:\/\/pagina10.com\/web\/se-ejecutaran-obras-para-el-mejoramiento-de-redes-de-acueducto-y-alcantarillado-en-pasto\/\" \/>\n<meta property=\"og:locale\" content=\"es_ES\" \/>\n<meta property=\"og:type\" content=\"article\" \/>\n<meta property=\"og:title\" content=\"Se ejecutar\u00e1n obras para el mejoramiento de redes de acueducto y alcantarillado en Pasto | P\u00e1gina10\" \/>\n<meta property=\"og:description\" content=\"La Gobernaci\u00f3n de Nari\u00f1o, a trav\u00e9s de la Subsecretar\u00eda de Econom\u00eda Regional y Agua Potable -PDA, en articulaci\u00f3n con EMPOPASTO, iniciar\u00e1n obras para la optimizaci\u00f3n de las redes de acueducto y alcantarillado en varios sectores de la Ciudad. Las obras tienen un valor de $ 4.000 millones. Mejorar las condiciones en los servicios de agua [&hellip;]\" \/>\n<meta property=\"og:url\" content=\"https:\/\/pagina10.com\/web\/se-ejecutaran-obras-para-el-mejoramiento-de-redes-de-acueducto-y-alcantarillado-en-pasto\/\" \/>\n<meta property=\"og:site_name\" content=\"P\u00e1gina10\" \/>\n<meta property=\"article:publisher\" content=\"https:\/\/www.facebook.com\/pag10com\" \/>\n<meta property=\"article:published_time\" content=\"2022-02-27T00:16:48+00:00\" \/>\n<meta property=\"og:image\" content=\"https:\/\/pagina10.com\/web\/wp-content\/uploads\/2022\/02\/Captura-de-Pantalla-2022-02-26-a-las-7.16.10-p.-m..png\" \/>\n\t<meta property=\"og:image:width\" content=\"782\" \/>\n\t<meta property=\"og:image:height\" content=\"436\" \/>\n\t<meta property=\"og:image:type\" content=\"image\/png\" \/>\n<meta name=\"author\" content=\"P\u00e1gina 10\" \/>\n<meta name=\"twitter:card\" content=\"summary_large_image\" \/>\n<meta name=\"twitter:creator\" content=\"@Pag10com\" \/>\n<meta name=\"twitter:site\" content=\"@Pag10com\" \/>\n<meta name=\"twitter:label1\" content=\"Escrito por\" \/>\n\t<meta name=\"twitter:data1\" content=\"P\u00e1gina 10\" \/>\n\t<meta name=\"twitter:label2\" content=\"Tiempo de lectura\" \/>\n\t<meta name=\"twitter:data2\" content=\"3 minutos\" \/>\n<script type=\"application\/ld+json\" class=\"yoast-schema-graph\">{\"@context\":\"https:\/\/schema.org\",\"@graph\":[{\"@type\":\"Article\",\"@id\":\"https:\/\/pagina10.com\/web\/se-ejecutaran-obras-para-el-mejoramiento-de-redes-de-acueducto-y-alcantarillado-en-pasto\/#article\",\"isPartOf\":{\"@id\":\"https:\/\/pagina10.com\/web\/se-ejecutaran-obras-para-el-mejoramiento-de-redes-de-acueducto-y-alcantarillado-en-pasto\/\"},\"author\":{\"name\":\"P\u00e1gina 10\",\"@id\":\"https:\/\/pagina10.com\/web\/#\/schema\/person\/2efc4a090d25b667d3bc796798a3a81b\"},\"headline\":\"Se ejecutar\u00e1n obras para el mejoramiento de redes de acueducto y alcantarillado en Pasto\",\"datePublished\":\"2022-02-27T00:16:48+00:00\",\"mainEntityOfPage\":{\"@id\":\"https:\/\/pagina10.com\/web\/se-ejecutaran-obras-para-el-mejoramiento-de-redes-de-acueducto-y-alcantarillado-en-pasto\/\"},\"wordCount\":520,\"commentCount\":0,\"publisher\":{\"@id\":\"https:\/\/pagina10.com\/web\/#organization\"},\"image\":{\"@id\":\"https:\/\/pagina10.com\/web\/se-ejecutaran-obras-para-el-mejoramiento-de-redes-de-acueducto-y-alcantarillado-en-pasto\/#primaryimage\"},\"thumbnailUrl\":\"https:\/\/pagina10.com\/web\/wp-content\/uploads\/2022\/02\/Captura-de-Pantalla-2022-02-26-a-las-7.16.10-p.-m..png\",\"articleSection\":[\"Ciudad\"],\"inLanguage\":\"es\",\"potentialAction\":[{\"@type\":\"CommentAction\",\"name\":\"Comment\",\"target\":[\"https:\/\/pagina10.com\/web\/se-ejecutaran-obras-para-el-mejoramiento-de-redes-de-acueducto-y-alcantarillado-en-pasto\/#respond\"]}]},{\"@type\":\"WebPage\",\"@id\":\"https:\/\/pagina10.com\/web\/se-ejecutaran-obras-para-el-mejoramiento-de-redes-de-acueducto-y-alcantarillado-en-pasto\/\",\"url\":\"https:\/\/pagina10.com\/web\/se-ejecutaran-obras-para-el-mejoramiento-de-redes-de-acueducto-y-alcantarillado-en-pasto\/\",\"name\":\"Se ejecutar\u00e1n obras para el mejoramiento de redes de acueducto y alcantarillado en Pasto | P\u00e1gina10\",\"isPartOf\":{\"@id\":\"https:\/\/pagina10.com\/web\/#website\"},\"primaryImageOfPage\":{\"@id\":\"https:\/\/pagina10.com\/web\/se-ejecutaran-obras-para-el-mejoramiento-de-redes-de-acueducto-y-alcantarillado-en-pasto\/#primaryimage\"},\"image\":{\"@id\":\"https:\/\/pagina10.com\/web\/se-ejecutaran-obras-para-el-mejoramiento-de-redes-de-acueducto-y-alcantarillado-en-pasto\/#primaryimage\"},\"thumbnailUrl\":\"https:\/\/pagina10.com\/web\/wp-content\/uploads\/2022\/02\/Captura-de-Pantalla-2022-02-26-a-las-7.16.10-p.-m..png\",\"datePublished\":\"2022-02-27T00:16:48+00:00\",\"breadcrumb\":{\"@id\":\"https:\/\/pagina10.com\/web\/se-ejecutaran-obras-para-el-mejoramiento-de-redes-de-acueducto-y-alcantarillado-en-pasto\/#breadcrumb\"},\"inLanguage\":\"es\",\"potentialAction\":[{\"@type\":\"ReadAction\",\"target\":[\"https:\/\/pagina10.com\/web\/se-ejecutaran-obras-para-el-mejoramiento-de-redes-de-acueducto-y-alcantarillado-en-pasto\/\"]}]},{\"@type\":\"ImageObject\",\"inLanguage\":\"es\",\"@id\":\"https:\/\/pagina10.com\/web\/se-ejecutaran-obras-para-el-mejoramiento-de-redes-de-acueducto-y-alcantarillado-en-pasto\/#primaryimage\",\"url\":\"https:\/\/pagina10.com\/web\/wp-content\/uploads\/2022\/02\/Captura-de-Pantalla-2022-02-26-a-las-7.16.10-p.-m..png\",\"contentUrl\":\"https:\/\/pagina10.com\/web\/wp-content\/uploads\/2022\/02\/Captura-de-Pantalla-2022-02-26-a-las-7.16.10-p.-m..png\",\"width\":782,\"height\":436},{\"@type\":\"BreadcrumbList\",\"@id\":\"https:\/\/pagina10.com\/web\/se-ejecutaran-obras-para-el-mejoramiento-de-redes-de-acueducto-y-alcantarillado-en-pasto\/#breadcrumb\",\"itemListElement\":[{\"@type\":\"ListItem\",\"position\":1,\"name\":\"Portada\",\"item\":\"https:\/\/pagina10.com\/web\/\"},{\"@type\":\"ListItem\",\"position\":2,\"name\":\"Se ejecutar\u00e1n obras para el mejoramiento de redes de acueducto y alcantarillado en Pasto\"}]},{\"@type\":\"WebSite\",\"@id\":\"https:\/\/pagina10.com\/web\/#website\",\"url\":\"https:\/\/pagina10.com\/web\/\",\"name\":\"P\u00e1gina10\",\"description\":\"Peri\u00f3dico Regional\",\"publisher\":{\"@id\":\"https:\/\/pagina10.com\/web\/#organization\"},\"alternateName\":\"P\u00e1gina10 Peri\u00f3dico Regional\",\"potentialAction\":[{\"@type\":\"SearchAction\",\"target\":{\"@type\":\"EntryPoint\",\"urlTemplate\":\"https:\/\/pagina10.com\/web\/?s={search_term_string}\"},\"query-input\":{\"@type\":\"PropertyValueSpecification\",\"valueRequired\":true,\"valueName\":\"search_term_string\"}}],\"inLanguage\":\"es\"},{\"@type\":\"Organization\",\"@id\":\"https:\/\/pagina10.com\/web\/#organization\",\"name\":\"P\u00e1gina10\",\"alternateName\":\"P\u00e1gina10 Peri\u00f3dico Regional\",\"url\":\"https:\/\/pagina10.com\/web\/\",\"logo\":{\"@type\":\"ImageObject\",\"inLanguage\":\"es\",\"@id\":\"https:\/\/pagina10.com\/web\/#\/schema\/logo\/image\/\",\"url\":\"https:\/\/pagina10.com\/web\/wp-content\/uploads\/2024\/01\/40-pagina-10-periodico-regional-pasto.jpg\",\"contentUrl\":\"https:\/\/pagina10.com\/web\/wp-content\/uploads\/2024\/01\/40-pagina-10-periodico-regional-pasto.jpg\",\"width\":1280,\"height\":720,\"caption\":\"P\u00e1gina10\"},\"image\":{\"@id\":\"https:\/\/pagina10.com\/web\/#\/schema\/logo\/image\/\"},\"sameAs\":[\"https:\/\/www.facebook.com\/pag10com\",\"https:\/\/x.com\/Pag10com\",\"https:\/\/www.instagram.com\/pagina10col\/\",\"https:\/\/youtube.com\/channel\/pag10\",\"https:\/\/www.tiktok.com\/@p10col\"]},{\"@type\":\"Person\",\"@id\":\"https:\/\/pagina10.com\/web\/#\/schema\/person\/2efc4a090d25b667d3bc796798a3a81b\",\"name\":\"P\u00e1gina 10\",\"description\":\"P\u00e1gina 10 es un peri\u00f3dico regional que nace en Colombia, en el departamento de Nari\u00f1o, con un enfoque global, fundamentado en cuatro pilares esenciales: la libertad, el pluralismo, la inclusi\u00f3n y la independencia. P\u00e1gina 10 hace referencia a Nari\u00f1o como el d\u00e9cimo departamento creado en Colombia, despu\u00e9s de un proceso pol\u00edtico liderado por actores y actrices regionales con el fin de obtener la independencia y autonom\u00eda de nuestros territorios. Con la creaci\u00f3n de P\u00e1gina 10 se pretende abrir un escenario para el dialogo, la reflexi\u00f3n y el debate que se extienda a otras geograf\u00edas de Am\u00e9rica Latina y del planeta, en una apuesta por transformar colectivamente los desaf\u00edos de un mundo contempor\u00e1neo, m\u00e1s all\u00e1 de las fronteras impuestas.\",\"url\":\"https:\/\/pagina10.com\/web\/author\/pdiezadmin\/\"}]}<\/script>\n<!-- \/ Yoast SEO plugin. -->","yoast_head_json":{"title":"Se ejecutar\u00e1n obras para el mejoramiento de redes de acueducto y alcantarillado en Pasto | P\u00e1gina10","robots":{"index":"index","follow":"follow","max-snippet":"max-snippet:-1","max-image-preview":"max-image-preview:large","max-video-preview":"max-video-preview:-1"},"canonical":"https:\/\/pagina10.com\/web\/se-ejecutaran-obras-para-el-mejoramiento-de-redes-de-acueducto-y-alcantarillado-en-pasto\/","og_locale":"es_ES","og_type":"article","og_title":"Se ejecutar\u00e1n obras para el mejoramiento de redes de acueducto y alcantarillado en Pasto | P\u00e1gina10","og_description":"La Gobernaci\u00f3n de Nari\u00f1o, a trav\u00e9s de la Subsecretar\u00eda de Econom\u00eda Regional y Agua Potable -PDA, en articulaci\u00f3n con EMPOPASTO, iniciar\u00e1n obras para la optimizaci\u00f3n de las redes de acueducto y alcantarillado en varios sectores de la Ciudad. Las obras tienen un valor de $ 4.000 millones. Mejorar las condiciones en los servicios de agua [&hellip;]","og_url":"https:\/\/pagina10.com\/web\/se-ejecutaran-obras-para-el-mejoramiento-de-redes-de-acueducto-y-alcantarillado-en-pasto\/","og_site_name":"P\u00e1gina10","article_publisher":"https:\/\/www.facebook.com\/pag10com","article_published_time":"2022-02-27T00:16:48+00:00","og_image":[{"width":782,"height":436,"url":"https:\/\/pagina10.com\/web\/wp-content\/uploads\/2022\/02\/Captura-de-Pantalla-2022-02-26-a-las-7.16.10-p.-m..png","type":"image\/png"}],"author":"P\u00e1gina 10","twitter_card":"summary_large_image","twitter_creator":"@Pag10com","twitter_site":"@Pag10com","twitter_misc":{"Escrito por":"P\u00e1gina 10","Tiempo de lectura":"3 minutos"},"schema":{"@context":"https:\/\/schema.org","@graph":[{"@type":"Article","@id":"https:\/\/pagina10.com\/web\/se-ejecutaran-obras-para-el-mejoramiento-de-redes-de-acueducto-y-alcantarillado-en-pasto\/#article","isPartOf":{"@id":"https:\/\/pagina10.com\/web\/se-ejecutaran-obras-para-el-mejoramiento-de-redes-de-acueducto-y-alcantarillado-en-pasto\/"},"author":{"name":"P\u00e1gina 10","@id":"https:\/\/pagina10.com\/web\/#\/schema\/person\/2efc4a090d25b667d3bc796798a3a81b"},"headline":"Se ejecutar\u00e1n obras para el mejoramiento de redes de acueducto y alcantarillado en Pasto","datePublished":"2022-02-27T00:16:48+00:00","mainEntityOfPage":{"@id":"https:\/\/pagina10.com\/web\/se-ejecutaran-obras-para-el-mejoramiento-de-redes-de-acueducto-y-alcantarillado-en-pasto\/"},"wordCount":520,"commentCount":0,"publisher":{"@id":"https:\/\/pagina10.com\/web\/#organization"},"image":{"@id":"https:\/\/pagina10.com\/web\/se-ejecutaran-obras-para-el-mejoramiento-de-redes-de-acueducto-y-alcantarillado-en-pasto\/#primaryimage"},"thumbnailUrl":"https:\/\/pagina10.com\/web\/wp-content\/uploads\/2022\/02\/Captura-de-Pantalla-2022-02-26-a-las-7.16.10-p.-m..png","articleSection":["Ciudad"],"inLanguage":"es","potentialAction":[{"@type":"CommentAction","name":"Comment","target":["https:\/\/pagina10.com\/web\/se-ejecutaran-obras-para-el-mejoramiento-de-redes-de-acueducto-y-alcantarillado-en-pasto\/#respond"]}]},{"@type":"WebPage","@id":"https:\/\/pagina10.com\/web\/se-ejecutaran-obras-para-el-mejoramiento-de-redes-de-acueducto-y-alcantarillado-en-pasto\/","url":"https:\/\/pagina10.com\/web\/se-ejecutaran-obras-para-el-mejoramiento-de-redes-de-acueducto-y-alcantarillado-en-pasto\/","name":"Se ejecutar\u00e1n obras para el mejoramiento de redes de acueducto y alcantarillado en Pasto | P\u00e1gina10","isPartOf":{"@id":"https:\/\/pagina10.com\/web\/#website"},"primaryImageOfPage":{"@id":"https:\/\/pagina10.com\/web\/se-ejecutaran-obras-para-el-mejoramiento-de-redes-de-acueducto-y-alcantarillado-en-pasto\/#primaryimage"},"image":{"@id":"https:\/\/pagina10.com\/web\/se-ejecutaran-obras-para-el-mejoramiento-de-redes-de-acueducto-y-alcantarillado-en-pasto\/#primaryimage"},"thumbnailUrl":"https:\/\/pagina10.com\/web\/wp-content\/uploads\/2022\/02\/Captura-de-Pantalla-2022-02-26-a-las-7.16.10-p.-m..png","datePublished":"2022-02-27T00:16:48+00:00","breadcrumb":{"@id":"https:\/\/pagina10.com\/web\/se-ejecutaran-obras-para-el-mejoramiento-de-redes-de-acueducto-y-alcantarillado-en-pasto\/#breadcrumb"},"inLanguage":"es","potentialAction":[{"@type":"ReadAction","target":["https:\/\/pagina10.com\/web\/se-ejecutaran-obras-para-el-mejoramiento-de-redes-de-acueducto-y-alcantarillado-en-pasto\/"]}]},{"@type":"ImageObject","inLanguage":"es","@id":"https:\/\/pagina10.com\/web\/se-ejecutaran-obras-para-el-mejoramiento-de-redes-de-acueducto-y-alcantarillado-en-pasto\/#primaryimage","url":"https:\/\/pagina10.com\/web\/wp-content\/uploads\/2022\/02\/Captura-de-Pantalla-2022-02-26-a-las-7.16.10-p.-m..png","contentUrl":"https:\/\/pagina10.com\/web\/wp-content\/uploads\/2022\/02\/Captura-de-Pantalla-2022-02-26-a-las-7.16.10-p.-m..png","width":782,"height":436},{"@type":"BreadcrumbList","@id":"https:\/\/pagina10.com\/web\/se-ejecutaran-obras-para-el-mejoramiento-de-redes-de-acueducto-y-alcantarillado-en-pasto\/#breadcrumb","itemListElement":[{"@type":"ListItem","position":1,"name":"Portada","item":"https:\/\/pagina10.com\/web\/"},{"@type":"ListItem","position":2,"name":"Se ejecutar\u00e1n obras para el mejoramiento de redes de acueducto y alcantarillado en Pasto"}]},{"@type":"WebSite","@id":"https:\/\/pagina10.com\/web\/#website","url":"https:\/\/pagina10.com\/web\/","name":"P\u00e1gina10","description":"Peri\u00f3dico Regional","publisher":{"@id":"https:\/\/pagina10.com\/web\/#organization"},"alternateName":"P\u00e1gina10 Peri\u00f3dico Regional","potentialAction":[{"@type":"SearchAction","target":{"@type":"EntryPoint","urlTemplate":"https:\/\/pagina10.com\/web\/?s={search_term_string}"},"query-input":{"@type":"PropertyValueSpecification","valueRequired":true,"valueName":"search_term_string"}}],"inLanguage":"es"},{"@type":"Organization","@id":"https:\/\/pagina10.com\/web\/#organization","name":"P\u00e1gina10","alternateName":"P\u00e1gina10 Peri\u00f3dico Regional","url":"https:\/\/pagina10.com\/web\/","logo":{"@type":"ImageObject","inLanguage":"es","@id":"https:\/\/pagina10.com\/web\/#\/schema\/logo\/image\/","url":"https:\/\/pagina10.com\/web\/wp-content\/uploads\/2024\/01\/40-pagina-10-periodico-regional-pasto.jpg","contentUrl":"https:\/\/pagina10.com\/web\/wp-content\/uploads\/2024\/01\/40-pagina-10-periodico-regional-pasto.jpg","width":1280,"height":720,"caption":"P\u00e1gina10"},"image":{"@id":"https:\/\/pagina10.com\/web\/#\/schema\/logo\/image\/"},"sameAs":["https:\/\/www.facebook.com\/pag10com","https:\/\/x.com\/Pag10com","https:\/\/www.instagram.com\/pagina10col\/","https:\/\/youtube.com\/channel\/pag10","https:\/\/www.tiktok.com\/@p10col"]},{"@type":"Person","@id":"https:\/\/pagina10.com\/web\/#\/schema\/person\/2efc4a090d25b667d3bc796798a3a81b","name":"P\u00e1gina 10","description":"P\u00e1gina 10 es un peri\u00f3dico regional que nace en Colombia, en el departamento de Nari\u00f1o, con un enfoque global, fundamentado en cuatro pilares esenciales: la libertad, el pluralismo, la inclusi\u00f3n y la independencia. P\u00e1gina 10 hace referencia a Nari\u00f1o como el d\u00e9cimo departamento creado en Colombia, despu\u00e9s de un proceso pol\u00edtico liderado por actores y actrices regionales con el fin de obtener la independencia y autonom\u00eda de nuestros territorios. Con la creaci\u00f3n de P\u00e1gina 10 se pretende abrir un escenario para el dialogo, la reflexi\u00f3n y el debate que se extienda a otras geograf\u00edas de Am\u00e9rica Latina y del planeta, en una apuesta por transformar colectivamente los desaf\u00edos de un mundo contempor\u00e1neo, m\u00e1s all\u00e1 de las fronteras impuestas.","url":"https:\/\/pagina10.com\/web\/author\/pdiezadmin\/"}]}},"_links":{"self":[{"href":"https:\/\/pagina10.com\/web\/wp-json\/wp\/v2\/posts\/58387","targetHints":{"allow":["GET"]}}],"collection":[{"href":"https:\/\/pagina10.com\/web\/wp-json\/wp\/v2\/posts"}],"about":[{"href":"https:\/\/pagina10.com\/web\/wp-json\/wp\/v2\/types\/post"}],"author":[{"embeddable":true,"href":"https:\/\/pagina10.com\/web\/wp-json\/wp\/v2\/users\/1"}],"replies":[{"embeddable":true,"href":"https:\/\/pagina10.com\/web\/wp-json\/wp\/v2\/comments?post=58387"}],"version-history":[{"count":1,"href":"https:\/\/pagina10.com\/web\/wp-json\/wp\/v2\/posts\/58387\/revisions"}],"predecessor-version":[{"id":58389,"href":"https:\/\/pagina10.com\/web\/wp-json\/wp\/v2\/posts\/58387\/revisions\/58389"}],"wp:featuredmedia":[{"embeddable":true,"href":"https:\/\/pagina10.com\/web\/wp-json\/wp\/v2\/media\/58388"}],"wp:attachment":[{"href":"https:\/\/pagina10.com\/web\/wp-json\/wp\/v2\/media?parent=58387"}],"wp:term":[{"taxonomy":"category","embeddable":true,"href":"https:\/\/pagina10.com\/web\/wp-json\/wp\/v2\/categories?post=58387"},{"taxonomy":"post_tag","embeddable":true,"href":"https:\/\/pagina10.com\/web\/wp-json\/wp\/v2\/tags?post=58387"}],"curies":[{"name":"wp","href":"https:\/\/api.w.org\/{rel}","templated":true}]}}