{"id":58411,"date":"2022-02-27T20:04:45","date_gmt":"2022-02-28T01:04:45","guid":{"rendered":"https:\/\/pagina10.com\/web\/?p=58411"},"modified":"2022-02-27T20:04:45","modified_gmt":"2022-02-28T01:04:45","slug":"mujeres-del-pacifico-narinense-victimas-de-3-tipos-de-violencia","status":"publish","type":"post","link":"https:\/\/pagina10.com\/web\/mujeres-del-pacifico-narinense-victimas-de-3-tipos-de-violencia\/","title":{"rendered":"Mujeres del Pac\u00edfico nari\u00f1ense, v\u00edctimas de 3 tipos de violencia"},"content":{"rendered":"<p style=\"text-align: justify;\">Por los constantes enfrentamientos de actores armados en el territorio y de los estereotipos por etnia y raza, entre otros, las mujeres del municipio de Tumaco ser\u00edan v\u00edctimas tanto de la violencia basada en g\u00e9nero (VBG) como de aquella en el marco del conflicto armado y de la intrafamiliar.<\/p>\n<p style=\"text-align: justify;\">\u201cDe las cerca de 86 organizaciones de mujeres establecidas en zonas urbanas y rurales del municipio, el 33,7\u00a0% han sido v\u00edctimas de VBG, especialmente en el escenario familiar, por el maltrato de sus esposos; luego est\u00e1n los actores armados \u2013legales e ilegales\u2013 en el territorio que ejercen un poder que impide que se conozcan los reportes y casos porque las mujeres sienten a\u00fan mayor miedo de denunciarlos\u201d.<\/p>\n<p style=\"text-align: justify;\">Este fue el panorama que entreg\u00f3 la soci\u00f3loga Yooselin Morales, especialista en pol\u00edticas p\u00fablicas y asesora de g\u00e9nero en la Secretar\u00eda de la Mujer y Equidad de G\u00e9nero de Tumaco, durante la charla \u201cViolencias basadas en g\u00e9nero en el Pac\u00edfico nari\u00f1ense\u201d, dictada en el marco de la Semana de la Salud de la Universidad Nacional de Colombia (UNAL) Sede Tumaco.<\/p>\n<p style=\"text-align: justify;\">La VBG se refiere a todos los actos que hacen da\u00f1o f\u00edsico y psicol\u00f3gico a una persona por unos estereotipos de g\u00e9nero y por un desequilibrio de poderes.<\/p>\n<p style=\"text-align: justify;\">\u201cEs decir, la sociedad tiene establecida unas ideas de lo que debe ser una persona y unas expectativas con las que obligan a la poblaci\u00f3n a ser de una manera u otra, de ah\u00ed que se generen los problemas, y la violencia puede ser de muchos tipos: desde la discriminaci\u00f3n hasta el acoso callejero y el feminicidio\u201d, explic\u00f3 durante la misma charla la profesora Claudia Rojas, mag\u00edster y doctora en antropolog\u00eda biol\u00f3gica y docente del Observatorio de Asuntos en G\u00e9nero de la UNAL Sede Bogot\u00e1.<\/p>\n<h3 style=\"text-align: justify;\">Secuelas del dolor<\/h3>\n<p style=\"text-align: justify;\">Cabe resaltar que este tipo de violencia tambi\u00e9n la sufrir\u00edan personas de la comunidad LGBTIQ+ y muchos hombres. De ah\u00ed que presentan una sintomatolog\u00eda f\u00edsica (golpes, arrastramientos, mutilaciones, etc.) y mental, como por ejemplo el estr\u00e9s postraum\u00e1tico.<\/p>\n<p style=\"text-align: justify;\">La psic\u00f3loga Alejandra Rodr\u00edguez, asociada al proyecto Equidad de G\u00e9nero de la UNAL Sede Bogot\u00e1, explica que \u201ceste consiste en pensamientos, percepciones corporales, recuerdos, representaciones involuntarias o alucinaciones que, de no contar con un manejo cl\u00ednico, puede evolucionar al trastorno depresivo o a otros s\u00edntomas psic\u00f3ticos (sin sufrir de esquizofrenia)\u201d.<\/p>\n<p style=\"text-align: justify;\">Otro posible trastorno es el de ansiedad generalizada a partir de eventos traum\u00e1ticos como la VBG. Hay hiperactivaci\u00f3n fisiol\u00f3gica, mucha dificultad para conservar la calma y pensamientos intrusivos que, de no tratarse, tambi\u00e9n pueden evolucionar a pensamientos de desesperanza, suicidas o la muerte.<\/p>\n<p style=\"text-align: justify;\">Su nivel de afectaci\u00f3n podr\u00eda ser tan alto, que alterar\u00eda las horas y la estabilidad del sue\u00f1o; as\u00ed mismo, despu\u00e9s de situaciones violentas muchas personas pueden refugiarse en sustancias legales (cigarrillo, caf\u00e9, alcohol) o psicoactivas ilegales con tal de escapar un poco de la realidad o de las emociones que provoca el dolor.<\/p>\n<p style=\"text-align: justify;\">\u201cAlgunas personas tambi\u00e9n recurren a reconectarse con su propio apoyo de una manera extrema, no pueden permanecer solas, llaman a todo el mundo, evitan lugares o actividades y tratan de evitar esa sensaci\u00f3n de malestar que les generaron los hechos o personas que les agredieron\u201d, explica la psic\u00f3loga Rodr\u00edguez.<\/p>\n<h3 style=\"text-align: justify;\">Protecci\u00f3n para la mujer tumaque\u00f1a<\/h3>\n<p style=\"text-align: justify;\">Despu\u00e9s de la reclamaci\u00f3n de las mujeres y lideresas del municipio, el 18 de enero de 2021 se cre\u00f3 la Secretar\u00eda de la Mujer y Equidad de G\u00e9nero del Distrito de Tumaco.<\/p>\n<p style=\"text-align: justify;\">Aunque en 2010 se cre\u00f3 la pol\u00edtica p\u00fablica de la mujer de Tumaco bajo siete ejes fundamentales, esta Secretar\u00eda habr\u00e1 tenido unos notables resultados a lo largo de este a\u00f1o en pro de la protecci\u00f3n y el cumplimiento de los derechos humanos de las v\u00edctimas de violencia de g\u00e9nero.<\/p>\n<p style=\"text-align: justify;\">La asesora Morales menciona que \u201clogramos la pronta actualizaci\u00f3n de la pol\u00edtica p\u00fablica de 2010, la reactivaci\u00f3n de comit\u00e9s de g\u00e9nero y de la ley 1257 del 2008, en pro de la erradicaci\u00f3n de las VBG. Hemos encontrado formas de erradicar estas violencias a trav\u00e9s de la reactivaci\u00f3n econ\u00f3mica y la autonom\u00eda de las mujeres, y en apoyar el fortalecimiento de organizaciones femeninas del municipio\u201d.<\/p>\n<p style=\"text-align: justify;\">\u201cPor \u00faltimo, la Secretar\u00eda se ha consolidado en cinco pilares: emprendimiento, vivienda, derechos humanos, salud y educaci\u00f3n, cada uno de los cuales se propone a ayudar a las mujeres, hombres y a los miembros de la comunidad LGBTIQ+ a escapar de estas realidades violentas\u201d, concluye la asesora.<\/p>\n","protected":false},"excerpt":{"rendered":"<p>Por los constantes enfrentamientos de actores armados en el territorio y de los estereotipos por etnia y raza, entre otros, las mujeres del municipio de Tumaco ser\u00edan v\u00edctimas tanto de la violencia basada en g\u00e9nero (VBG) como de aquella en el marco del conflicto armado y de la intrafamiliar. \u201cDe las cerca de 86 organizaciones [&hellip;]<\/p>\n","protected":false},"author":1,"featured_media":58412,"comment_status":"open","ping_status":"open","sticky":false,"template":"","format":"standard","meta":{"footnotes":""},"categories":[10],"tags":[],"class_list":["post-58411","post","type-post","status-publish","format-standard","has-post-thumbnail","hentry","category-pacifico"],"yoast_head":"<!-- This site is optimized with the Yoast SEO plugin v27.1.1 - https:\/\/yoast.com\/product\/yoast-seo-wordpress\/ -->\n<title>Mujeres del Pac\u00edfico nari\u00f1ense, v\u00edctimas de 3 tipos de violencia | P\u00e1gina10<\/title>\n<meta name=\"robots\" content=\"index, follow, max-snippet:-1, max-image-preview:large, max-video-preview:-1\" \/>\n<link rel=\"canonical\" href=\"https:\/\/pagina10.com\/web\/mujeres-del-pacifico-narinense-victimas-de-3-tipos-de-violencia\/\" \/>\n<meta property=\"og:locale\" content=\"es_ES\" \/>\n<meta property=\"og:type\" content=\"article\" \/>\n<meta property=\"og:title\" content=\"Mujeres del Pac\u00edfico nari\u00f1ense, v\u00edctimas de 3 tipos de violencia | P\u00e1gina10\" \/>\n<meta property=\"og:description\" content=\"Por los constantes enfrentamientos de actores armados en el territorio y de los estereotipos por etnia y raza, entre otros, las mujeres del municipio de Tumaco ser\u00edan v\u00edctimas tanto de la violencia basada en g\u00e9nero (VBG) como de aquella en el marco del conflicto armado y de la intrafamiliar. \u201cDe las cerca de 86 organizaciones [&hellip;]\" \/>\n<meta property=\"og:url\" content=\"https:\/\/pagina10.com\/web\/mujeres-del-pacifico-narinense-victimas-de-3-tipos-de-violencia\/\" \/>\n<meta property=\"og:site_name\" content=\"P\u00e1gina10\" \/>\n<meta property=\"article:publisher\" content=\"https:\/\/www.facebook.com\/pag10com\" \/>\n<meta property=\"article:published_time\" content=\"2022-02-28T01:04:45+00:00\" \/>\n<meta property=\"og:image\" content=\"https:\/\/pagina10.com\/web\/wp-content\/uploads\/2022\/02\/Captura-de-Pantalla-2022-02-27-a-las-8.04.05-p.-m..png\" \/>\n\t<meta property=\"og:image:width\" content=\"516\" \/>\n\t<meta property=\"og:image:height\" content=\"322\" \/>\n\t<meta property=\"og:image:type\" content=\"image\/png\" \/>\n<meta name=\"author\" content=\"P\u00e1gina 10\" \/>\n<meta name=\"twitter:card\" content=\"summary_large_image\" \/>\n<meta name=\"twitter:creator\" content=\"@Pag10com\" \/>\n<meta name=\"twitter:site\" content=\"@Pag10com\" \/>\n<meta name=\"twitter:label1\" content=\"Escrito por\" \/>\n\t<meta name=\"twitter:data1\" content=\"P\u00e1gina 10\" \/>\n\t<meta name=\"twitter:label2\" content=\"Tiempo de lectura\" \/>\n\t<meta name=\"twitter:data2\" content=\"4 minutos\" \/>\n<script type=\"application\/ld+json\" class=\"yoast-schema-graph\">{\"@context\":\"https:\/\/schema.org\",\"@graph\":[{\"@type\":\"Article\",\"@id\":\"https:\/\/pagina10.com\/web\/mujeres-del-pacifico-narinense-victimas-de-3-tipos-de-violencia\/#article\",\"isPartOf\":{\"@id\":\"https:\/\/pagina10.com\/web\/mujeres-del-pacifico-narinense-victimas-de-3-tipos-de-violencia\/\"},\"author\":{\"name\":\"P\u00e1gina 10\",\"@id\":\"https:\/\/pagina10.com\/web\/#\/schema\/person\/2efc4a090d25b667d3bc796798a3a81b\"},\"headline\":\"Mujeres del Pac\u00edfico nari\u00f1ense, v\u00edctimas de 3 tipos de violencia\",\"datePublished\":\"2022-02-28T01:04:45+00:00\",\"mainEntityOfPage\":{\"@id\":\"https:\/\/pagina10.com\/web\/mujeres-del-pacifico-narinense-victimas-de-3-tipos-de-violencia\/\"},\"wordCount\":802,\"commentCount\":0,\"publisher\":{\"@id\":\"https:\/\/pagina10.com\/web\/#organization\"},\"image\":{\"@id\":\"https:\/\/pagina10.com\/web\/mujeres-del-pacifico-narinense-victimas-de-3-tipos-de-violencia\/#primaryimage\"},\"thumbnailUrl\":\"https:\/\/pagina10.com\/web\/wp-content\/uploads\/2022\/02\/Captura-de-Pantalla-2022-02-27-a-las-8.04.05-p.-m..png\",\"articleSection\":[\"Pac\u00edfico\"],\"inLanguage\":\"es\",\"potentialAction\":[{\"@type\":\"CommentAction\",\"name\":\"Comment\",\"target\":[\"https:\/\/pagina10.com\/web\/mujeres-del-pacifico-narinense-victimas-de-3-tipos-de-violencia\/#respond\"]}]},{\"@type\":\"WebPage\",\"@id\":\"https:\/\/pagina10.com\/web\/mujeres-del-pacifico-narinense-victimas-de-3-tipos-de-violencia\/\",\"url\":\"https:\/\/pagina10.com\/web\/mujeres-del-pacifico-narinense-victimas-de-3-tipos-de-violencia\/\",\"name\":\"Mujeres del Pac\u00edfico nari\u00f1ense, v\u00edctimas de 3 tipos de violencia | P\u00e1gina10\",\"isPartOf\":{\"@id\":\"https:\/\/pagina10.com\/web\/#website\"},\"primaryImageOfPage\":{\"@id\":\"https:\/\/pagina10.com\/web\/mujeres-del-pacifico-narinense-victimas-de-3-tipos-de-violencia\/#primaryimage\"},\"image\":{\"@id\":\"https:\/\/pagina10.com\/web\/mujeres-del-pacifico-narinense-victimas-de-3-tipos-de-violencia\/#primaryimage\"},\"thumbnailUrl\":\"https:\/\/pagina10.com\/web\/wp-content\/uploads\/2022\/02\/Captura-de-Pantalla-2022-02-27-a-las-8.04.05-p.-m..png\",\"datePublished\":\"2022-02-28T01:04:45+00:00\",\"breadcrumb\":{\"@id\":\"https:\/\/pagina10.com\/web\/mujeres-del-pacifico-narinense-victimas-de-3-tipos-de-violencia\/#breadcrumb\"},\"inLanguage\":\"es\",\"potentialAction\":[{\"@type\":\"ReadAction\",\"target\":[\"https:\/\/pagina10.com\/web\/mujeres-del-pacifico-narinense-victimas-de-3-tipos-de-violencia\/\"]}]},{\"@type\":\"ImageObject\",\"inLanguage\":\"es\",\"@id\":\"https:\/\/pagina10.com\/web\/mujeres-del-pacifico-narinense-victimas-de-3-tipos-de-violencia\/#primaryimage\",\"url\":\"https:\/\/pagina10.com\/web\/wp-content\/uploads\/2022\/02\/Captura-de-Pantalla-2022-02-27-a-las-8.04.05-p.-m..png\",\"contentUrl\":\"https:\/\/pagina10.com\/web\/wp-content\/uploads\/2022\/02\/Captura-de-Pantalla-2022-02-27-a-las-8.04.05-p.-m..png\",\"width\":516,\"height\":322},{\"@type\":\"BreadcrumbList\",\"@id\":\"https:\/\/pagina10.com\/web\/mujeres-del-pacifico-narinense-victimas-de-3-tipos-de-violencia\/#breadcrumb\",\"itemListElement\":[{\"@type\":\"ListItem\",\"position\":1,\"name\":\"Portada\",\"item\":\"https:\/\/pagina10.com\/web\/\"},{\"@type\":\"ListItem\",\"position\":2,\"name\":\"Mujeres del Pac\u00edfico nari\u00f1ense, v\u00edctimas de 3 tipos de violencia\"}]},{\"@type\":\"WebSite\",\"@id\":\"https:\/\/pagina10.com\/web\/#website\",\"url\":\"https:\/\/pagina10.com\/web\/\",\"name\":\"P\u00e1gina10\",\"description\":\"Peri\u00f3dico Regional\",\"publisher\":{\"@id\":\"https:\/\/pagina10.com\/web\/#organization\"},\"alternateName\":\"P\u00e1gina10 Peri\u00f3dico Regional\",\"potentialAction\":[{\"@type\":\"SearchAction\",\"target\":{\"@type\":\"EntryPoint\",\"urlTemplate\":\"https:\/\/pagina10.com\/web\/?s={search_term_string}\"},\"query-input\":{\"@type\":\"PropertyValueSpecification\",\"valueRequired\":true,\"valueName\":\"search_term_string\"}}],\"inLanguage\":\"es\"},{\"@type\":\"Organization\",\"@id\":\"https:\/\/pagina10.com\/web\/#organization\",\"name\":\"P\u00e1gina10\",\"alternateName\":\"P\u00e1gina10 Peri\u00f3dico Regional\",\"url\":\"https:\/\/pagina10.com\/web\/\",\"logo\":{\"@type\":\"ImageObject\",\"inLanguage\":\"es\",\"@id\":\"https:\/\/pagina10.com\/web\/#\/schema\/logo\/image\/\",\"url\":\"https:\/\/pagina10.com\/web\/wp-content\/uploads\/2024\/01\/40-pagina-10-periodico-regional-pasto.jpg\",\"contentUrl\":\"https:\/\/pagina10.com\/web\/wp-content\/uploads\/2024\/01\/40-pagina-10-periodico-regional-pasto.jpg\",\"width\":1280,\"height\":720,\"caption\":\"P\u00e1gina10\"},\"image\":{\"@id\":\"https:\/\/pagina10.com\/web\/#\/schema\/logo\/image\/\"},\"sameAs\":[\"https:\/\/www.facebook.com\/pag10com\",\"https:\/\/x.com\/Pag10com\",\"https:\/\/www.instagram.com\/pagina10col\/\",\"https:\/\/youtube.com\/channel\/pag10\",\"https:\/\/www.tiktok.com\/@p10col\"]},{\"@type\":\"Person\",\"@id\":\"https:\/\/pagina10.com\/web\/#\/schema\/person\/2efc4a090d25b667d3bc796798a3a81b\",\"name\":\"P\u00e1gina 10\",\"description\":\"P\u00e1gina 10 es un peri\u00f3dico regional que nace en Colombia, en el departamento de Nari\u00f1o, con un enfoque global, fundamentado en cuatro pilares esenciales: la libertad, el pluralismo, la inclusi\u00f3n y la independencia. P\u00e1gina 10 hace referencia a Nari\u00f1o como el d\u00e9cimo departamento creado en Colombia, despu\u00e9s de un proceso pol\u00edtico liderado por actores y actrices regionales con el fin de obtener la independencia y autonom\u00eda de nuestros territorios. Con la creaci\u00f3n de P\u00e1gina 10 se pretende abrir un escenario para el dialogo, la reflexi\u00f3n y el debate que se extienda a otras geograf\u00edas de Am\u00e9rica Latina y del planeta, en una apuesta por transformar colectivamente los desaf\u00edos de un mundo contempor\u00e1neo, m\u00e1s all\u00e1 de las fronteras impuestas.\",\"url\":\"https:\/\/pagina10.com\/web\/author\/pdiezadmin\/\"}]}<\/script>\n<!-- \/ Yoast SEO plugin. -->","yoast_head_json":{"title":"Mujeres del Pac\u00edfico nari\u00f1ense, v\u00edctimas de 3 tipos de violencia | P\u00e1gina10","robots":{"index":"index","follow":"follow","max-snippet":"max-snippet:-1","max-image-preview":"max-image-preview:large","max-video-preview":"max-video-preview:-1"},"canonical":"https:\/\/pagina10.com\/web\/mujeres-del-pacifico-narinense-victimas-de-3-tipos-de-violencia\/","og_locale":"es_ES","og_type":"article","og_title":"Mujeres del Pac\u00edfico nari\u00f1ense, v\u00edctimas de 3 tipos de violencia | P\u00e1gina10","og_description":"Por los constantes enfrentamientos de actores armados en el territorio y de los estereotipos por etnia y raza, entre otros, las mujeres del municipio de Tumaco ser\u00edan v\u00edctimas tanto de la violencia basada en g\u00e9nero (VBG) como de aquella en el marco del conflicto armado y de la intrafamiliar. \u201cDe las cerca de 86 organizaciones [&hellip;]","og_url":"https:\/\/pagina10.com\/web\/mujeres-del-pacifico-narinense-victimas-de-3-tipos-de-violencia\/","og_site_name":"P\u00e1gina10","article_publisher":"https:\/\/www.facebook.com\/pag10com","article_published_time":"2022-02-28T01:04:45+00:00","og_image":[{"width":516,"height":322,"url":"https:\/\/pagina10.com\/web\/wp-content\/uploads\/2022\/02\/Captura-de-Pantalla-2022-02-27-a-las-8.04.05-p.-m..png","type":"image\/png"}],"author":"P\u00e1gina 10","twitter_card":"summary_large_image","twitter_creator":"@Pag10com","twitter_site":"@Pag10com","twitter_misc":{"Escrito por":"P\u00e1gina 10","Tiempo de lectura":"4 minutos"},"schema":{"@context":"https:\/\/schema.org","@graph":[{"@type":"Article","@id":"https:\/\/pagina10.com\/web\/mujeres-del-pacifico-narinense-victimas-de-3-tipos-de-violencia\/#article","isPartOf":{"@id":"https:\/\/pagina10.com\/web\/mujeres-del-pacifico-narinense-victimas-de-3-tipos-de-violencia\/"},"author":{"name":"P\u00e1gina 10","@id":"https:\/\/pagina10.com\/web\/#\/schema\/person\/2efc4a090d25b667d3bc796798a3a81b"},"headline":"Mujeres del Pac\u00edfico nari\u00f1ense, v\u00edctimas de 3 tipos de violencia","datePublished":"2022-02-28T01:04:45+00:00","mainEntityOfPage":{"@id":"https:\/\/pagina10.com\/web\/mujeres-del-pacifico-narinense-victimas-de-3-tipos-de-violencia\/"},"wordCount":802,"commentCount":0,"publisher":{"@id":"https:\/\/pagina10.com\/web\/#organization"},"image":{"@id":"https:\/\/pagina10.com\/web\/mujeres-del-pacifico-narinense-victimas-de-3-tipos-de-violencia\/#primaryimage"},"thumbnailUrl":"https:\/\/pagina10.com\/web\/wp-content\/uploads\/2022\/02\/Captura-de-Pantalla-2022-02-27-a-las-8.04.05-p.-m..png","articleSection":["Pac\u00edfico"],"inLanguage":"es","potentialAction":[{"@type":"CommentAction","name":"Comment","target":["https:\/\/pagina10.com\/web\/mujeres-del-pacifico-narinense-victimas-de-3-tipos-de-violencia\/#respond"]}]},{"@type":"WebPage","@id":"https:\/\/pagina10.com\/web\/mujeres-del-pacifico-narinense-victimas-de-3-tipos-de-violencia\/","url":"https:\/\/pagina10.com\/web\/mujeres-del-pacifico-narinense-victimas-de-3-tipos-de-violencia\/","name":"Mujeres del Pac\u00edfico nari\u00f1ense, v\u00edctimas de 3 tipos de violencia | P\u00e1gina10","isPartOf":{"@id":"https:\/\/pagina10.com\/web\/#website"},"primaryImageOfPage":{"@id":"https:\/\/pagina10.com\/web\/mujeres-del-pacifico-narinense-victimas-de-3-tipos-de-violencia\/#primaryimage"},"image":{"@id":"https:\/\/pagina10.com\/web\/mujeres-del-pacifico-narinense-victimas-de-3-tipos-de-violencia\/#primaryimage"},"thumbnailUrl":"https:\/\/pagina10.com\/web\/wp-content\/uploads\/2022\/02\/Captura-de-Pantalla-2022-02-27-a-las-8.04.05-p.-m..png","datePublished":"2022-02-28T01:04:45+00:00","breadcrumb":{"@id":"https:\/\/pagina10.com\/web\/mujeres-del-pacifico-narinense-victimas-de-3-tipos-de-violencia\/#breadcrumb"},"inLanguage":"es","potentialAction":[{"@type":"ReadAction","target":["https:\/\/pagina10.com\/web\/mujeres-del-pacifico-narinense-victimas-de-3-tipos-de-violencia\/"]}]},{"@type":"ImageObject","inLanguage":"es","@id":"https:\/\/pagina10.com\/web\/mujeres-del-pacifico-narinense-victimas-de-3-tipos-de-violencia\/#primaryimage","url":"https:\/\/pagina10.com\/web\/wp-content\/uploads\/2022\/02\/Captura-de-Pantalla-2022-02-27-a-las-8.04.05-p.-m..png","contentUrl":"https:\/\/pagina10.com\/web\/wp-content\/uploads\/2022\/02\/Captura-de-Pantalla-2022-02-27-a-las-8.04.05-p.-m..png","width":516,"height":322},{"@type":"BreadcrumbList","@id":"https:\/\/pagina10.com\/web\/mujeres-del-pacifico-narinense-victimas-de-3-tipos-de-violencia\/#breadcrumb","itemListElement":[{"@type":"ListItem","position":1,"name":"Portada","item":"https:\/\/pagina10.com\/web\/"},{"@type":"ListItem","position":2,"name":"Mujeres del Pac\u00edfico nari\u00f1ense, v\u00edctimas de 3 tipos de violencia"}]},{"@type":"WebSite","@id":"https:\/\/pagina10.com\/web\/#website","url":"https:\/\/pagina10.com\/web\/","name":"P\u00e1gina10","description":"Peri\u00f3dico Regional","publisher":{"@id":"https:\/\/pagina10.com\/web\/#organization"},"alternateName":"P\u00e1gina10 Peri\u00f3dico Regional","potentialAction":[{"@type":"SearchAction","target":{"@type":"EntryPoint","urlTemplate":"https:\/\/pagina10.com\/web\/?s={search_term_string}"},"query-input":{"@type":"PropertyValueSpecification","valueRequired":true,"valueName":"search_term_string"}}],"inLanguage":"es"},{"@type":"Organization","@id":"https:\/\/pagina10.com\/web\/#organization","name":"P\u00e1gina10","alternateName":"P\u00e1gina10 Peri\u00f3dico Regional","url":"https:\/\/pagina10.com\/web\/","logo":{"@type":"ImageObject","inLanguage":"es","@id":"https:\/\/pagina10.com\/web\/#\/schema\/logo\/image\/","url":"https:\/\/pagina10.com\/web\/wp-content\/uploads\/2024\/01\/40-pagina-10-periodico-regional-pasto.jpg","contentUrl":"https:\/\/pagina10.com\/web\/wp-content\/uploads\/2024\/01\/40-pagina-10-periodico-regional-pasto.jpg","width":1280,"height":720,"caption":"P\u00e1gina10"},"image":{"@id":"https:\/\/pagina10.com\/web\/#\/schema\/logo\/image\/"},"sameAs":["https:\/\/www.facebook.com\/pag10com","https:\/\/x.com\/Pag10com","https:\/\/www.instagram.com\/pagina10col\/","https:\/\/youtube.com\/channel\/pag10","https:\/\/www.tiktok.com\/@p10col"]},{"@type":"Person","@id":"https:\/\/pagina10.com\/web\/#\/schema\/person\/2efc4a090d25b667d3bc796798a3a81b","name":"P\u00e1gina 10","description":"P\u00e1gina 10 es un peri\u00f3dico regional que nace en Colombia, en el departamento de Nari\u00f1o, con un enfoque global, fundamentado en cuatro pilares esenciales: la libertad, el pluralismo, la inclusi\u00f3n y la independencia. P\u00e1gina 10 hace referencia a Nari\u00f1o como el d\u00e9cimo departamento creado en Colombia, despu\u00e9s de un proceso pol\u00edtico liderado por actores y actrices regionales con el fin de obtener la independencia y autonom\u00eda de nuestros territorios. Con la creaci\u00f3n de P\u00e1gina 10 se pretende abrir un escenario para el dialogo, la reflexi\u00f3n y el debate que se extienda a otras geograf\u00edas de Am\u00e9rica Latina y del planeta, en una apuesta por transformar colectivamente los desaf\u00edos de un mundo contempor\u00e1neo, m\u00e1s all\u00e1 de las fronteras impuestas.","url":"https:\/\/pagina10.com\/web\/author\/pdiezadmin\/"}]}},"_links":{"self":[{"href":"https:\/\/pagina10.com\/web\/wp-json\/wp\/v2\/posts\/58411","targetHints":{"allow":["GET"]}}],"collection":[{"href":"https:\/\/pagina10.com\/web\/wp-json\/wp\/v2\/posts"}],"about":[{"href":"https:\/\/pagina10.com\/web\/wp-json\/wp\/v2\/types\/post"}],"author":[{"embeddable":true,"href":"https:\/\/pagina10.com\/web\/wp-json\/wp\/v2\/users\/1"}],"replies":[{"embeddable":true,"href":"https:\/\/pagina10.com\/web\/wp-json\/wp\/v2\/comments?post=58411"}],"version-history":[{"count":1,"href":"https:\/\/pagina10.com\/web\/wp-json\/wp\/v2\/posts\/58411\/revisions"}],"predecessor-version":[{"id":58413,"href":"https:\/\/pagina10.com\/web\/wp-json\/wp\/v2\/posts\/58411\/revisions\/58413"}],"wp:featuredmedia":[{"embeddable":true,"href":"https:\/\/pagina10.com\/web\/wp-json\/wp\/v2\/media\/58412"}],"wp:attachment":[{"href":"https:\/\/pagina10.com\/web\/wp-json\/wp\/v2\/media?parent=58411"}],"wp:term":[{"taxonomy":"category","embeddable":true,"href":"https:\/\/pagina10.com\/web\/wp-json\/wp\/v2\/categories?post=58411"},{"taxonomy":"post_tag","embeddable":true,"href":"https:\/\/pagina10.com\/web\/wp-json\/wp\/v2\/tags?post=58411"}],"curies":[{"name":"wp","href":"https:\/\/api.w.org\/{rel}","templated":true}]}}