{"id":58439,"date":"2022-03-01T18:21:04","date_gmt":"2022-03-01T23:21:04","guid":{"rendered":"https:\/\/pagina10.com\/web\/?p=58439"},"modified":"2022-03-01T18:21:04","modified_gmt":"2022-03-01T23:21:04","slug":"la-universidad-cooperativa-de-colombia-continua-apoyando-el-sector-cafetero-en-narino","status":"publish","type":"post","link":"https:\/\/pagina10.com\/web\/la-universidad-cooperativa-de-colombia-continua-apoyando-el-sector-cafetero-en-narino\/","title":{"rendered":"La Universidad Cooperativa de Colombia contin\u00faa apoyando el sector cafetero en Nari\u00f1o."},"content":{"rendered":"<p style=\"text-align: justify;\">Las directivas del campus Pasto de la Universidad Cooperativa de Colombia, le apuestan a impulsar el sector cafetero en nuestro Departamento, ahora con la aprobaci\u00f3n, por parte de Minciencias con recursos de fondo de CTeI del proyecto denominado \u201cAn\u00e1lisis biotecnol\u00f3gico de la cadena del caf\u00e9, como herramienta para mejorar la calidad de taza en funci\u00f3n de la altitud del cultivo en los municipios de La Uni\u00f3n, Buesaco y Arboleda del Departamento Nari\u00f1o\u201d<\/p>\n<p style=\"text-align: justify;\">La convocatoria que tuvo como prop\u00f3sito impulsar la investigaci\u00f3n y desarrollo para el avance del conocimiento y la creaci\u00f3n, dio como resultado la evaluaci\u00f3n en primer puesto en el departamento de Nari\u00f1o, de este proyecto que beneficiar\u00e1 a m\u00e1s de 800 personas pertenecientes a las asociaciones de caficultores y a los caficultores no asociados, de los municipios de La Uni\u00f3n, Arboleda, Buesaco y Nari\u00f1o.<\/p>\n<p style=\"text-align: justify;\">Este proyecto de domesticaci\u00f3n de las familias microbianas presentes en la fermentaci\u00f3n natural del caf\u00e9 variedad Ar\u00e1bica, se desarrollar\u00e1 durante 36 meses, y ser\u00e1n aliados la Universidad Cooperativa de Colombia campus Pasto, las Alcald\u00edas de La Uni\u00f3n, Buesaco, Arboleda, la Gobernaci\u00f3n de Nari\u00f1o y la Universidade Federal do Paran\u00e1 \u2013 Brasil.<\/p>\n<p style=\"text-align: justify;\">Antecedentes<\/p>\n<p style=\"text-align: justify;\">A pesar de las excelentes cualidades del caf\u00e9 de Nari\u00f1o, este no cuenta con un nivel de asociatividad y desarrollo tecnol\u00f3gico que permitan ser lo suficientemente competitivo y mejorar as\u00ed las condiciones socioecon\u00f3micas de los caficultores. Sumado a esto, debido a la falta de estandarizaci\u00f3n en los procesos de beneficio, especialmente en el proceso de despulpado y fermentaci\u00f3n, no se logra mantener la calidad de taza, cosecha tras cosecha, repercutiendo en una alta variabilidad en su evaluaci\u00f3n sensorial. Adem\u00e1s, al buscar estudios tanto, en Colombia como en Nari\u00f1o, relacionados con par\u00e1metros fermentativos en la cadena productiva del caf\u00e9, se encontraron, tan solo 3 art\u00edculos cient\u00edficos, lo que evidencia que tanto nacional, como regionalmente, a pesar de la relevancia de la cadena productiva en el pa\u00eds, el conocimiento generado frente a estos procesos es insuficiente para brindar nuevas alternativas de valor entorno a la actividad econ\u00f3mica, particularmente en el departamento de Nari\u00f1o solo se reporta 1 articulo cient\u00edfico relacionado con la tem\u00e1tica.<\/p>\n<p style=\"text-align: justify;\">Objetivos del proyecto<\/p>\n<ol style=\"text-align: justify;\">\n<li>Desarrollar procesos fermentativos en tres municipios del departamento de Nari\u00f1o: Municipio Uni\u00f3n (1600 m.s.n.m). Municipio Buesaco (2000 m.s.n.m.) Municipio Arboleda (2200 m.s.n.m.).<\/li>\n<li>Caracterizar los metabolitos producidos durante la fermentaci\u00f3n de caf\u00e9, para determinar compuestos vol\u00e1tiles y no vol\u00e1tiles que afectan la evaluaci\u00f3n sensorial<\/li>\n<li>Realizar aislamiento e identificaci\u00f3n molecular y filogen\u00e9tica del microbiota presente en los procesos de fermentaci\u00f3n natural de caf\u00e9 en funci\u00f3n del tipo de fermentaci\u00f3n y altitud del cultivo<\/li>\n<li>Realizar cataciones y correlacionar el perfil sensorial con el perfil qu\u00edmico<\/li>\n<\/ol>\n<p style=\"text-align: justify;\">Como resultado de su implementaci\u00f3n se espera la generaci\u00f3n de nuevo conocimiento en t\u00e9rminos, de la publicaci\u00f3n de al menos 3 art\u00edculos cient\u00edficos. La producci\u00f3n de cartillas pr\u00e1cticas para los caficultores, en las cuales se den lineamientos sobre los procesos de fermentaci\u00f3n. Redacci\u00f3n de un libro t\u00e9cnico sobre los aspectos clave de fermentaci\u00f3n de caf\u00e9 en el departamento de Nari\u00f1o. Consolidaci\u00f3n de capacidades para realizar actividades de investigaci\u00f3n y desarrollo y presencia y participaci\u00f3n en proyectos de Investigaci\u00f3n, Desarrollo e innovaci\u00f3n, especialmente en el campo de la Biotecnolog\u00eda Industrial y Molecular.<\/p>\n<p style=\"text-align: justify;\">Mediante la ejecuci\u00f3n de este proyecto se busca impactar positivamente la productividad de la cadena del caf\u00e9, a trav\u00e9s de la estandarizaci\u00f3n de procesos fermentativos de caf\u00e9, con el fin de reducir la variabilidad en el puntaje de taza. La competitividad de la cadena del caf\u00e9 se ver\u00e1 afectada en t\u00e9rminos del incremento de la calidad del caf\u00e9, a trav\u00e9s del uso de herramientas biotecnol\u00f3gicas que ser\u00e1n puestas de forma adecuada al servicio de la comunidad intervenida.<\/p>\n<p style=\"text-align: justify;\">Capacidad Instalada en Nari\u00f1o<\/p>\n<ol style=\"text-align: justify;\">\n<li>Adecuaci\u00f3n de un laboratorio para procesos biotecnol\u00f3gicos dotado de: c\u00e1mara de flujo laminar, equipo de cromatograf\u00eda liquida (cromat\u00f3grafo HPLC), equipo de cromatograf\u00eda de gases asociado a masas (Cromat\u00f3grafo GC-MS), generador de hidrogeno, purificador de agua grado HPLC, Congelador de laboratorio -80\u00b0C, Biorreactor Isob\u00e1rico, biorreactor de m\u00faltiples sensores.<\/li>\n<li>Cuatro laboratorios de an\u00e1lisis de calidad de caf\u00e9 con todos los equipos y materiales necesarios para su operaci\u00f3n.<\/li>\n<li>Treinta fermentadores de 60 litros en territorio para desarrollo de experimentos y pruebas en procesos fermentativos.<\/li>\n<\/ol>\n<p style=\"text-align: justify;\">A futuro en los territorios<\/p>\n<p style=\"text-align: justify;\">Se tendr\u00e1 como base la implementaci\u00f3n de esta investigaci\u00f3n, como asiento para futuros proyectos que permitan desarrollar SpinOFf y empresas tecnol\u00f3gicas, ya que los laboratorios instalados en los municipios servir\u00e1n como instrumentos de an\u00e1lisis y ejecuci\u00f3n de proyectos enfocados al desarrollo de la Biotecnolog\u00eda en Nari\u00f1o.<\/p>\n<p style=\"text-align: justify;\">Una vez mapeadas las familias de microorganismos y sus metabolitos producidos durante la fermentaci\u00f3n natural del caf\u00e9, en funci\u00f3n de la altitud de cultivo, se tiene una l\u00ednea base para el uso de colonias microbianas en la fermentaci\u00f3n de caf\u00e9. Esto abre la posibilidad de creaci\u00f3n de empresas de base biotecnol\u00f3gica y nuevos proyectos, encaminados a la domesticaci\u00f3n de cepas, control y perfilamiento del caf\u00e9 en t\u00e9rminos de aromas y sabores, de acuerdo con la qu\u00edmica de proceso.<\/p>\n<p style=\"text-align: justify;\">Patente de prototipo, se instalar\u00e1n 30 fermentadores (reactores) que por sus particularidades en dise\u00f1o para el desarrollo de experimentos se buscar\u00e1 la posibilidad de ser patentados.<\/p>\n","protected":false},"excerpt":{"rendered":"<p>Las directivas del campus Pasto de la Universidad Cooperativa de Colombia, le apuestan a impulsar el sector cafetero en nuestro Departamento, ahora con la aprobaci\u00f3n, por parte de Minciencias con recursos de fondo de CTeI del proyecto denominado \u201cAn\u00e1lisis biotecnol\u00f3gico de la cadena del caf\u00e9, como herramienta para mejorar la calidad de taza en funci\u00f3n [&hellip;]<\/p>\n","protected":false},"author":1,"featured_media":58440,"comment_status":"open","ping_status":"open","sticky":false,"template":"","format":"standard","meta":{"footnotes":""},"categories":[13],"tags":[],"class_list":["post-58439","post","type-post","status-publish","format-standard","has-post-thumbnail","hentry","category-economia"],"yoast_head":"<!-- This site is optimized with the Yoast SEO plugin v27.1.1 - https:\/\/yoast.com\/product\/yoast-seo-wordpress\/ -->\n<title>La Universidad Cooperativa de Colombia contin\u00faa apoyando el sector cafetero en Nari\u00f1o. | P\u00e1gina10<\/title>\n<meta name=\"robots\" content=\"index, follow, max-snippet:-1, max-image-preview:large, max-video-preview:-1\" \/>\n<link rel=\"canonical\" href=\"https:\/\/pagina10.com\/web\/la-universidad-cooperativa-de-colombia-continua-apoyando-el-sector-cafetero-en-narino\/\" \/>\n<meta property=\"og:locale\" content=\"es_ES\" \/>\n<meta property=\"og:type\" content=\"article\" \/>\n<meta property=\"og:title\" content=\"La Universidad Cooperativa de Colombia contin\u00faa apoyando el sector cafetero en Nari\u00f1o. | P\u00e1gina10\" \/>\n<meta property=\"og:description\" content=\"Las directivas del campus Pasto de la Universidad Cooperativa de Colombia, le apuestan a impulsar el sector cafetero en nuestro Departamento, ahora con la aprobaci\u00f3n, por parte de Minciencias con recursos de fondo de CTeI del proyecto denominado \u201cAn\u00e1lisis biotecnol\u00f3gico de la cadena del caf\u00e9, como herramienta para mejorar la calidad de taza en funci\u00f3n [&hellip;]\" \/>\n<meta property=\"og:url\" content=\"https:\/\/pagina10.com\/web\/la-universidad-cooperativa-de-colombia-continua-apoyando-el-sector-cafetero-en-narino\/\" \/>\n<meta property=\"og:site_name\" content=\"P\u00e1gina10\" \/>\n<meta property=\"article:publisher\" content=\"https:\/\/www.facebook.com\/pag10com\" \/>\n<meta property=\"article:published_time\" content=\"2022-03-01T23:21:04+00:00\" \/>\n<meta property=\"og:image\" content=\"https:\/\/pagina10.com\/web\/wp-content\/uploads\/2022\/03\/Captura-de-Pantalla-2022-03-01-a-las-6.18.40-p.-m..png\" \/>\n\t<meta property=\"og:image:width\" content=\"593\" \/>\n\t<meta property=\"og:image:height\" content=\"396\" \/>\n\t<meta property=\"og:image:type\" content=\"image\/png\" \/>\n<meta name=\"author\" content=\"P\u00e1gina 10\" \/>\n<meta name=\"twitter:card\" content=\"summary_large_image\" \/>\n<meta name=\"twitter:creator\" content=\"@Pag10com\" \/>\n<meta name=\"twitter:site\" content=\"@Pag10com\" \/>\n<meta name=\"twitter:label1\" content=\"Escrito por\" \/>\n\t<meta name=\"twitter:data1\" content=\"P\u00e1gina 10\" \/>\n\t<meta name=\"twitter:label2\" content=\"Tiempo de lectura\" \/>\n\t<meta name=\"twitter:data2\" content=\"5 minutos\" \/>\n<script type=\"application\/ld+json\" class=\"yoast-schema-graph\">{\"@context\":\"https:\/\/schema.org\",\"@graph\":[{\"@type\":\"Article\",\"@id\":\"https:\/\/pagina10.com\/web\/la-universidad-cooperativa-de-colombia-continua-apoyando-el-sector-cafetero-en-narino\/#article\",\"isPartOf\":{\"@id\":\"https:\/\/pagina10.com\/web\/la-universidad-cooperativa-de-colombia-continua-apoyando-el-sector-cafetero-en-narino\/\"},\"author\":{\"name\":\"P\u00e1gina 10\",\"@id\":\"https:\/\/pagina10.com\/web\/#\/schema\/person\/2efc4a090d25b667d3bc796798a3a81b\"},\"headline\":\"La Universidad Cooperativa de Colombia contin\u00faa apoyando el sector cafetero en Nari\u00f1o.\",\"datePublished\":\"2022-03-01T23:21:04+00:00\",\"mainEntityOfPage\":{\"@id\":\"https:\/\/pagina10.com\/web\/la-universidad-cooperativa-de-colombia-continua-apoyando-el-sector-cafetero-en-narino\/\"},\"wordCount\":962,\"commentCount\":0,\"publisher\":{\"@id\":\"https:\/\/pagina10.com\/web\/#organization\"},\"image\":{\"@id\":\"https:\/\/pagina10.com\/web\/la-universidad-cooperativa-de-colombia-continua-apoyando-el-sector-cafetero-en-narino\/#primaryimage\"},\"thumbnailUrl\":\"https:\/\/pagina10.com\/web\/wp-content\/uploads\/2022\/03\/Captura-de-Pantalla-2022-03-01-a-las-6.18.40-p.-m..png\",\"articleSection\":[\"Econom\u00eda\"],\"inLanguage\":\"es\",\"potentialAction\":[{\"@type\":\"CommentAction\",\"name\":\"Comment\",\"target\":[\"https:\/\/pagina10.com\/web\/la-universidad-cooperativa-de-colombia-continua-apoyando-el-sector-cafetero-en-narino\/#respond\"]}]},{\"@type\":\"WebPage\",\"@id\":\"https:\/\/pagina10.com\/web\/la-universidad-cooperativa-de-colombia-continua-apoyando-el-sector-cafetero-en-narino\/\",\"url\":\"https:\/\/pagina10.com\/web\/la-universidad-cooperativa-de-colombia-continua-apoyando-el-sector-cafetero-en-narino\/\",\"name\":\"La Universidad Cooperativa de Colombia contin\u00faa apoyando el sector cafetero en Nari\u00f1o. | P\u00e1gina10\",\"isPartOf\":{\"@id\":\"https:\/\/pagina10.com\/web\/#website\"},\"primaryImageOfPage\":{\"@id\":\"https:\/\/pagina10.com\/web\/la-universidad-cooperativa-de-colombia-continua-apoyando-el-sector-cafetero-en-narino\/#primaryimage\"},\"image\":{\"@id\":\"https:\/\/pagina10.com\/web\/la-universidad-cooperativa-de-colombia-continua-apoyando-el-sector-cafetero-en-narino\/#primaryimage\"},\"thumbnailUrl\":\"https:\/\/pagina10.com\/web\/wp-content\/uploads\/2022\/03\/Captura-de-Pantalla-2022-03-01-a-las-6.18.40-p.-m..png\",\"datePublished\":\"2022-03-01T23:21:04+00:00\",\"breadcrumb\":{\"@id\":\"https:\/\/pagina10.com\/web\/la-universidad-cooperativa-de-colombia-continua-apoyando-el-sector-cafetero-en-narino\/#breadcrumb\"},\"inLanguage\":\"es\",\"potentialAction\":[{\"@type\":\"ReadAction\",\"target\":[\"https:\/\/pagina10.com\/web\/la-universidad-cooperativa-de-colombia-continua-apoyando-el-sector-cafetero-en-narino\/\"]}]},{\"@type\":\"ImageObject\",\"inLanguage\":\"es\",\"@id\":\"https:\/\/pagina10.com\/web\/la-universidad-cooperativa-de-colombia-continua-apoyando-el-sector-cafetero-en-narino\/#primaryimage\",\"url\":\"https:\/\/pagina10.com\/web\/wp-content\/uploads\/2022\/03\/Captura-de-Pantalla-2022-03-01-a-las-6.18.40-p.-m..png\",\"contentUrl\":\"https:\/\/pagina10.com\/web\/wp-content\/uploads\/2022\/03\/Captura-de-Pantalla-2022-03-01-a-las-6.18.40-p.-m..png\",\"width\":593,\"height\":396},{\"@type\":\"BreadcrumbList\",\"@id\":\"https:\/\/pagina10.com\/web\/la-universidad-cooperativa-de-colombia-continua-apoyando-el-sector-cafetero-en-narino\/#breadcrumb\",\"itemListElement\":[{\"@type\":\"ListItem\",\"position\":1,\"name\":\"Portada\",\"item\":\"https:\/\/pagina10.com\/web\/\"},{\"@type\":\"ListItem\",\"position\":2,\"name\":\"La Universidad Cooperativa de Colombia contin\u00faa apoyando el sector cafetero en Nari\u00f1o.\"}]},{\"@type\":\"WebSite\",\"@id\":\"https:\/\/pagina10.com\/web\/#website\",\"url\":\"https:\/\/pagina10.com\/web\/\",\"name\":\"P\u00e1gina10\",\"description\":\"Peri\u00f3dico Regional\",\"publisher\":{\"@id\":\"https:\/\/pagina10.com\/web\/#organization\"},\"alternateName\":\"P\u00e1gina10 Peri\u00f3dico Regional\",\"potentialAction\":[{\"@type\":\"SearchAction\",\"target\":{\"@type\":\"EntryPoint\",\"urlTemplate\":\"https:\/\/pagina10.com\/web\/?s={search_term_string}\"},\"query-input\":{\"@type\":\"PropertyValueSpecification\",\"valueRequired\":true,\"valueName\":\"search_term_string\"}}],\"inLanguage\":\"es\"},{\"@type\":\"Organization\",\"@id\":\"https:\/\/pagina10.com\/web\/#organization\",\"name\":\"P\u00e1gina10\",\"alternateName\":\"P\u00e1gina10 Peri\u00f3dico Regional\",\"url\":\"https:\/\/pagina10.com\/web\/\",\"logo\":{\"@type\":\"ImageObject\",\"inLanguage\":\"es\",\"@id\":\"https:\/\/pagina10.com\/web\/#\/schema\/logo\/image\/\",\"url\":\"https:\/\/pagina10.com\/web\/wp-content\/uploads\/2024\/01\/40-pagina-10-periodico-regional-pasto.jpg\",\"contentUrl\":\"https:\/\/pagina10.com\/web\/wp-content\/uploads\/2024\/01\/40-pagina-10-periodico-regional-pasto.jpg\",\"width\":1280,\"height\":720,\"caption\":\"P\u00e1gina10\"},\"image\":{\"@id\":\"https:\/\/pagina10.com\/web\/#\/schema\/logo\/image\/\"},\"sameAs\":[\"https:\/\/www.facebook.com\/pag10com\",\"https:\/\/x.com\/Pag10com\",\"https:\/\/www.instagram.com\/pagina10col\/\",\"https:\/\/youtube.com\/channel\/pag10\",\"https:\/\/www.tiktok.com\/@p10col\"]},{\"@type\":\"Person\",\"@id\":\"https:\/\/pagina10.com\/web\/#\/schema\/person\/2efc4a090d25b667d3bc796798a3a81b\",\"name\":\"P\u00e1gina 10\",\"description\":\"P\u00e1gina 10 es un peri\u00f3dico regional que nace en Colombia, en el departamento de Nari\u00f1o, con un enfoque global, fundamentado en cuatro pilares esenciales: la libertad, el pluralismo, la inclusi\u00f3n y la independencia. P\u00e1gina 10 hace referencia a Nari\u00f1o como el d\u00e9cimo departamento creado en Colombia, despu\u00e9s de un proceso pol\u00edtico liderado por actores y actrices regionales con el fin de obtener la independencia y autonom\u00eda de nuestros territorios. Con la creaci\u00f3n de P\u00e1gina 10 se pretende abrir un escenario para el dialogo, la reflexi\u00f3n y el debate que se extienda a otras geograf\u00edas de Am\u00e9rica Latina y del planeta, en una apuesta por transformar colectivamente los desaf\u00edos de un mundo contempor\u00e1neo, m\u00e1s all\u00e1 de las fronteras impuestas.\",\"url\":\"https:\/\/pagina10.com\/web\/author\/pdiezadmin\/\"}]}<\/script>\n<!-- \/ Yoast SEO plugin. -->","yoast_head_json":{"title":"La Universidad Cooperativa de Colombia contin\u00faa apoyando el sector cafetero en Nari\u00f1o. | P\u00e1gina10","robots":{"index":"index","follow":"follow","max-snippet":"max-snippet:-1","max-image-preview":"max-image-preview:large","max-video-preview":"max-video-preview:-1"},"canonical":"https:\/\/pagina10.com\/web\/la-universidad-cooperativa-de-colombia-continua-apoyando-el-sector-cafetero-en-narino\/","og_locale":"es_ES","og_type":"article","og_title":"La Universidad Cooperativa de Colombia contin\u00faa apoyando el sector cafetero en Nari\u00f1o. | P\u00e1gina10","og_description":"Las directivas del campus Pasto de la Universidad Cooperativa de Colombia, le apuestan a impulsar el sector cafetero en nuestro Departamento, ahora con la aprobaci\u00f3n, por parte de Minciencias con recursos de fondo de CTeI del proyecto denominado \u201cAn\u00e1lisis biotecnol\u00f3gico de la cadena del caf\u00e9, como herramienta para mejorar la calidad de taza en funci\u00f3n [&hellip;]","og_url":"https:\/\/pagina10.com\/web\/la-universidad-cooperativa-de-colombia-continua-apoyando-el-sector-cafetero-en-narino\/","og_site_name":"P\u00e1gina10","article_publisher":"https:\/\/www.facebook.com\/pag10com","article_published_time":"2022-03-01T23:21:04+00:00","og_image":[{"width":593,"height":396,"url":"https:\/\/pagina10.com\/web\/wp-content\/uploads\/2022\/03\/Captura-de-Pantalla-2022-03-01-a-las-6.18.40-p.-m..png","type":"image\/png"}],"author":"P\u00e1gina 10","twitter_card":"summary_large_image","twitter_creator":"@Pag10com","twitter_site":"@Pag10com","twitter_misc":{"Escrito por":"P\u00e1gina 10","Tiempo de lectura":"5 minutos"},"schema":{"@context":"https:\/\/schema.org","@graph":[{"@type":"Article","@id":"https:\/\/pagina10.com\/web\/la-universidad-cooperativa-de-colombia-continua-apoyando-el-sector-cafetero-en-narino\/#article","isPartOf":{"@id":"https:\/\/pagina10.com\/web\/la-universidad-cooperativa-de-colombia-continua-apoyando-el-sector-cafetero-en-narino\/"},"author":{"name":"P\u00e1gina 10","@id":"https:\/\/pagina10.com\/web\/#\/schema\/person\/2efc4a090d25b667d3bc796798a3a81b"},"headline":"La Universidad Cooperativa de Colombia contin\u00faa apoyando el sector cafetero en Nari\u00f1o.","datePublished":"2022-03-01T23:21:04+00:00","mainEntityOfPage":{"@id":"https:\/\/pagina10.com\/web\/la-universidad-cooperativa-de-colombia-continua-apoyando-el-sector-cafetero-en-narino\/"},"wordCount":962,"commentCount":0,"publisher":{"@id":"https:\/\/pagina10.com\/web\/#organization"},"image":{"@id":"https:\/\/pagina10.com\/web\/la-universidad-cooperativa-de-colombia-continua-apoyando-el-sector-cafetero-en-narino\/#primaryimage"},"thumbnailUrl":"https:\/\/pagina10.com\/web\/wp-content\/uploads\/2022\/03\/Captura-de-Pantalla-2022-03-01-a-las-6.18.40-p.-m..png","articleSection":["Econom\u00eda"],"inLanguage":"es","potentialAction":[{"@type":"CommentAction","name":"Comment","target":["https:\/\/pagina10.com\/web\/la-universidad-cooperativa-de-colombia-continua-apoyando-el-sector-cafetero-en-narino\/#respond"]}]},{"@type":"WebPage","@id":"https:\/\/pagina10.com\/web\/la-universidad-cooperativa-de-colombia-continua-apoyando-el-sector-cafetero-en-narino\/","url":"https:\/\/pagina10.com\/web\/la-universidad-cooperativa-de-colombia-continua-apoyando-el-sector-cafetero-en-narino\/","name":"La Universidad Cooperativa de Colombia contin\u00faa apoyando el sector cafetero en Nari\u00f1o. | P\u00e1gina10","isPartOf":{"@id":"https:\/\/pagina10.com\/web\/#website"},"primaryImageOfPage":{"@id":"https:\/\/pagina10.com\/web\/la-universidad-cooperativa-de-colombia-continua-apoyando-el-sector-cafetero-en-narino\/#primaryimage"},"image":{"@id":"https:\/\/pagina10.com\/web\/la-universidad-cooperativa-de-colombia-continua-apoyando-el-sector-cafetero-en-narino\/#primaryimage"},"thumbnailUrl":"https:\/\/pagina10.com\/web\/wp-content\/uploads\/2022\/03\/Captura-de-Pantalla-2022-03-01-a-las-6.18.40-p.-m..png","datePublished":"2022-03-01T23:21:04+00:00","breadcrumb":{"@id":"https:\/\/pagina10.com\/web\/la-universidad-cooperativa-de-colombia-continua-apoyando-el-sector-cafetero-en-narino\/#breadcrumb"},"inLanguage":"es","potentialAction":[{"@type":"ReadAction","target":["https:\/\/pagina10.com\/web\/la-universidad-cooperativa-de-colombia-continua-apoyando-el-sector-cafetero-en-narino\/"]}]},{"@type":"ImageObject","inLanguage":"es","@id":"https:\/\/pagina10.com\/web\/la-universidad-cooperativa-de-colombia-continua-apoyando-el-sector-cafetero-en-narino\/#primaryimage","url":"https:\/\/pagina10.com\/web\/wp-content\/uploads\/2022\/03\/Captura-de-Pantalla-2022-03-01-a-las-6.18.40-p.-m..png","contentUrl":"https:\/\/pagina10.com\/web\/wp-content\/uploads\/2022\/03\/Captura-de-Pantalla-2022-03-01-a-las-6.18.40-p.-m..png","width":593,"height":396},{"@type":"BreadcrumbList","@id":"https:\/\/pagina10.com\/web\/la-universidad-cooperativa-de-colombia-continua-apoyando-el-sector-cafetero-en-narino\/#breadcrumb","itemListElement":[{"@type":"ListItem","position":1,"name":"Portada","item":"https:\/\/pagina10.com\/web\/"},{"@type":"ListItem","position":2,"name":"La Universidad Cooperativa de Colombia contin\u00faa apoyando el sector cafetero en Nari\u00f1o."}]},{"@type":"WebSite","@id":"https:\/\/pagina10.com\/web\/#website","url":"https:\/\/pagina10.com\/web\/","name":"P\u00e1gina10","description":"Peri\u00f3dico Regional","publisher":{"@id":"https:\/\/pagina10.com\/web\/#organization"},"alternateName":"P\u00e1gina10 Peri\u00f3dico Regional","potentialAction":[{"@type":"SearchAction","target":{"@type":"EntryPoint","urlTemplate":"https:\/\/pagina10.com\/web\/?s={search_term_string}"},"query-input":{"@type":"PropertyValueSpecification","valueRequired":true,"valueName":"search_term_string"}}],"inLanguage":"es"},{"@type":"Organization","@id":"https:\/\/pagina10.com\/web\/#organization","name":"P\u00e1gina10","alternateName":"P\u00e1gina10 Peri\u00f3dico Regional","url":"https:\/\/pagina10.com\/web\/","logo":{"@type":"ImageObject","inLanguage":"es","@id":"https:\/\/pagina10.com\/web\/#\/schema\/logo\/image\/","url":"https:\/\/pagina10.com\/web\/wp-content\/uploads\/2024\/01\/40-pagina-10-periodico-regional-pasto.jpg","contentUrl":"https:\/\/pagina10.com\/web\/wp-content\/uploads\/2024\/01\/40-pagina-10-periodico-regional-pasto.jpg","width":1280,"height":720,"caption":"P\u00e1gina10"},"image":{"@id":"https:\/\/pagina10.com\/web\/#\/schema\/logo\/image\/"},"sameAs":["https:\/\/www.facebook.com\/pag10com","https:\/\/x.com\/Pag10com","https:\/\/www.instagram.com\/pagina10col\/","https:\/\/youtube.com\/channel\/pag10","https:\/\/www.tiktok.com\/@p10col"]},{"@type":"Person","@id":"https:\/\/pagina10.com\/web\/#\/schema\/person\/2efc4a090d25b667d3bc796798a3a81b","name":"P\u00e1gina 10","description":"P\u00e1gina 10 es un peri\u00f3dico regional que nace en Colombia, en el departamento de Nari\u00f1o, con un enfoque global, fundamentado en cuatro pilares esenciales: la libertad, el pluralismo, la inclusi\u00f3n y la independencia. P\u00e1gina 10 hace referencia a Nari\u00f1o como el d\u00e9cimo departamento creado en Colombia, despu\u00e9s de un proceso pol\u00edtico liderado por actores y actrices regionales con el fin de obtener la independencia y autonom\u00eda de nuestros territorios. Con la creaci\u00f3n de P\u00e1gina 10 se pretende abrir un escenario para el dialogo, la reflexi\u00f3n y el debate que se extienda a otras geograf\u00edas de Am\u00e9rica Latina y del planeta, en una apuesta por transformar colectivamente los desaf\u00edos de un mundo contempor\u00e1neo, m\u00e1s all\u00e1 de las fronteras impuestas.","url":"https:\/\/pagina10.com\/web\/author\/pdiezadmin\/"}]}},"_links":{"self":[{"href":"https:\/\/pagina10.com\/web\/wp-json\/wp\/v2\/posts\/58439","targetHints":{"allow":["GET"]}}],"collection":[{"href":"https:\/\/pagina10.com\/web\/wp-json\/wp\/v2\/posts"}],"about":[{"href":"https:\/\/pagina10.com\/web\/wp-json\/wp\/v2\/types\/post"}],"author":[{"embeddable":true,"href":"https:\/\/pagina10.com\/web\/wp-json\/wp\/v2\/users\/1"}],"replies":[{"embeddable":true,"href":"https:\/\/pagina10.com\/web\/wp-json\/wp\/v2\/comments?post=58439"}],"version-history":[{"count":1,"href":"https:\/\/pagina10.com\/web\/wp-json\/wp\/v2\/posts\/58439\/revisions"}],"predecessor-version":[{"id":58441,"href":"https:\/\/pagina10.com\/web\/wp-json\/wp\/v2\/posts\/58439\/revisions\/58441"}],"wp:featuredmedia":[{"embeddable":true,"href":"https:\/\/pagina10.com\/web\/wp-json\/wp\/v2\/media\/58440"}],"wp:attachment":[{"href":"https:\/\/pagina10.com\/web\/wp-json\/wp\/v2\/media?parent=58439"}],"wp:term":[{"taxonomy":"category","embeddable":true,"href":"https:\/\/pagina10.com\/web\/wp-json\/wp\/v2\/categories?post=58439"},{"taxonomy":"post_tag","embeddable":true,"href":"https:\/\/pagina10.com\/web\/wp-json\/wp\/v2\/tags?post=58439"}],"curies":[{"name":"wp","href":"https:\/\/api.w.org\/{rel}","templated":true}]}}