{"id":58469,"date":"2022-03-03T16:48:44","date_gmt":"2022-03-03T21:48:44","guid":{"rendered":"https:\/\/pagina10.com\/web\/?p=58469"},"modified":"2022-03-03T16:48:44","modified_gmt":"2022-03-03T21:48:44","slug":"gobernador-de-narino-visito-hogares-afectados-por-invierno-en-el-municipio-de-mallama","status":"publish","type":"post","link":"https:\/\/pagina10.com\/web\/gobernador-de-narino-visito-hogares-afectados-por-invierno-en-el-municipio-de-mallama\/","title":{"rendered":"Gobernador de Nari\u00f1o visit\u00f3 hogares afectados por invierno en el municipio de Mallama"},"content":{"rendered":"<p style=\"text-align: justify;\">El Gobernador de Nari\u00f1o, Jhon Rojas, recorri\u00f3 las viviendas afectadas por las intensas lluvias en el municipio de Mallama, desde d\u00f3nde anunci\u00f3 que se inici\u00f3 el proceso de gesti\u00f3n de las ayudas humanitarias necesarias para las familias damnificadas y, adem\u00e1s, se empezar\u00e1n a tomar las medidas necesarias para mitigar los riesgos a los que est\u00e1n expuestas las viviendas.<\/p>\n<div style=\"text-align: justify;\">\n\u201cNuestra solidaridad en nombre de los nari\u00f1enses para todas las familias que han resultado afectadas por las fuertes lluvias. Es una situaci\u00f3n preocupante la que atraviesa nuestro Departamento ya que, seg\u00fan los anuncios oficiales, el per\u00edodo de lluvias se extender\u00e1\u201d, indic\u00f3 el mandatario departamental.<\/div>\n<div style=\"text-align: justify;\">\nJunto al Director de Gesti\u00f3n del Riesgo de Desastres de Nari\u00f1o, Jader Gaviria, el Alcalde de Mallama, \u00d3scar Yovanni Bastidas, Bomberos, Defensa Civil, Polic\u00eda, Ej\u00e9rcito y las autoridades ind\u00edgenas, el mandatario instal\u00f3 el Puesto de Mando unificado para atender y realizar seguimiento oportuno a la emergencia.<\/div>\n","protected":false},"excerpt":{"rendered":"<p>El Gobernador de Nari\u00f1o, Jhon Rojas, recorri\u00f3 las viviendas afectadas por las intensas lluvias en el municipio de Mallama, desde d\u00f3nde anunci\u00f3 que se inici\u00f3 el proceso de gesti\u00f3n de las ayudas humanitarias necesarias para las familias damnificadas y, adem\u00e1s, se empezar\u00e1n a tomar las medidas necesarias para mitigar los riesgos a los que est\u00e1n [&hellip;]<\/p>\n","protected":false},"author":1,"featured_media":58470,"comment_status":"open","ping_status":"open","sticky":false,"template":"","format":"standard","meta":{"footnotes":""},"categories":[53],"tags":[],"class_list":["post-58469","post","type-post","status-publish","format-standard","has-post-thumbnail","hentry","category-regiones"],"yoast_head":"<!-- This site is optimized with the Yoast SEO plugin v27.1.1 - https:\/\/yoast.com\/product\/yoast-seo-wordpress\/ -->\n<title>Gobernador de Nari\u00f1o visit\u00f3 hogares afectados por invierno en el municipio de Mallama | P\u00e1gina10<\/title>\n<meta name=\"robots\" content=\"index, follow, max-snippet:-1, max-image-preview:large, max-video-preview:-1\" \/>\n<link rel=\"canonical\" href=\"https:\/\/pagina10.com\/web\/gobernador-de-narino-visito-hogares-afectados-por-invierno-en-el-municipio-de-mallama\/\" \/>\n<meta property=\"og:locale\" content=\"es_ES\" \/>\n<meta property=\"og:type\" content=\"article\" \/>\n<meta property=\"og:title\" content=\"Gobernador de Nari\u00f1o visit\u00f3 hogares afectados por invierno en el municipio de Mallama | P\u00e1gina10\" \/>\n<meta property=\"og:description\" content=\"El Gobernador de Nari\u00f1o, Jhon Rojas, recorri\u00f3 las viviendas afectadas por las intensas lluvias en el municipio de Mallama, desde d\u00f3nde anunci\u00f3 que se inici\u00f3 el proceso de gesti\u00f3n de las ayudas humanitarias necesarias para las familias damnificadas y, adem\u00e1s, se empezar\u00e1n a tomar las medidas necesarias para mitigar los riesgos a los que est\u00e1n [&hellip;]\" \/>\n<meta property=\"og:url\" content=\"https:\/\/pagina10.com\/web\/gobernador-de-narino-visito-hogares-afectados-por-invierno-en-el-municipio-de-mallama\/\" \/>\n<meta property=\"og:site_name\" content=\"P\u00e1gina10\" \/>\n<meta property=\"article:publisher\" content=\"https:\/\/www.facebook.com\/pag10com\" \/>\n<meta property=\"article:published_time\" content=\"2022-03-03T21:48:44+00:00\" \/>\n<meta property=\"og:image\" content=\"https:\/\/pagina10.com\/web\/wp-content\/uploads\/2022\/03\/Captura-de-Pantalla-2022-03-03-a-las-4.48.13-p.-m..png\" \/>\n\t<meta property=\"og:image:width\" content=\"523\" \/>\n\t<meta property=\"og:image:height\" content=\"294\" \/>\n\t<meta property=\"og:image:type\" content=\"image\/png\" \/>\n<meta name=\"author\" content=\"P\u00e1gina 10\" \/>\n<meta name=\"twitter:card\" content=\"summary_large_image\" \/>\n<meta name=\"twitter:creator\" content=\"@Pag10com\" \/>\n<meta name=\"twitter:site\" content=\"@Pag10com\" \/>\n<meta name=\"twitter:label1\" content=\"Escrito por\" \/>\n\t<meta name=\"twitter:data1\" content=\"P\u00e1gina 10\" \/>\n\t<meta name=\"twitter:label2\" content=\"Tiempo de lectura\" \/>\n\t<meta name=\"twitter:data2\" content=\"1 minuto\" \/>\n<script type=\"application\/ld+json\" class=\"yoast-schema-graph\">{\"@context\":\"https:\/\/schema.org\",\"@graph\":[{\"@type\":\"Article\",\"@id\":\"https:\/\/pagina10.com\/web\/gobernador-de-narino-visito-hogares-afectados-por-invierno-en-el-municipio-de-mallama\/#article\",\"isPartOf\":{\"@id\":\"https:\/\/pagina10.com\/web\/gobernador-de-narino-visito-hogares-afectados-por-invierno-en-el-municipio-de-mallama\/\"},\"author\":{\"name\":\"P\u00e1gina 10\",\"@id\":\"https:\/\/pagina10.com\/web\/#\/schema\/person\/2efc4a090d25b667d3bc796798a3a81b\"},\"headline\":\"Gobernador de Nari\u00f1o visit\u00f3 hogares afectados por invierno en el municipio de Mallama\",\"datePublished\":\"2022-03-03T21:48:44+00:00\",\"mainEntityOfPage\":{\"@id\":\"https:\/\/pagina10.com\/web\/gobernador-de-narino-visito-hogares-afectados-por-invierno-en-el-municipio-de-mallama\/\"},\"wordCount\":177,\"commentCount\":0,\"publisher\":{\"@id\":\"https:\/\/pagina10.com\/web\/#organization\"},\"image\":{\"@id\":\"https:\/\/pagina10.com\/web\/gobernador-de-narino-visito-hogares-afectados-por-invierno-en-el-municipio-de-mallama\/#primaryimage\"},\"thumbnailUrl\":\"https:\/\/pagina10.com\/web\/wp-content\/uploads\/2022\/03\/Captura-de-Pantalla-2022-03-03-a-las-4.48.13-p.-m..png\",\"articleSection\":[\"Regiones\"],\"inLanguage\":\"es\",\"potentialAction\":[{\"@type\":\"CommentAction\",\"name\":\"Comment\",\"target\":[\"https:\/\/pagina10.com\/web\/gobernador-de-narino-visito-hogares-afectados-por-invierno-en-el-municipio-de-mallama\/#respond\"]}]},{\"@type\":\"WebPage\",\"@id\":\"https:\/\/pagina10.com\/web\/gobernador-de-narino-visito-hogares-afectados-por-invierno-en-el-municipio-de-mallama\/\",\"url\":\"https:\/\/pagina10.com\/web\/gobernador-de-narino-visito-hogares-afectados-por-invierno-en-el-municipio-de-mallama\/\",\"name\":\"Gobernador de Nari\u00f1o visit\u00f3 hogares afectados por invierno en el municipio de Mallama | P\u00e1gina10\",\"isPartOf\":{\"@id\":\"https:\/\/pagina10.com\/web\/#website\"},\"primaryImageOfPage\":{\"@id\":\"https:\/\/pagina10.com\/web\/gobernador-de-narino-visito-hogares-afectados-por-invierno-en-el-municipio-de-mallama\/#primaryimage\"},\"image\":{\"@id\":\"https:\/\/pagina10.com\/web\/gobernador-de-narino-visito-hogares-afectados-por-invierno-en-el-municipio-de-mallama\/#primaryimage\"},\"thumbnailUrl\":\"https:\/\/pagina10.com\/web\/wp-content\/uploads\/2022\/03\/Captura-de-Pantalla-2022-03-03-a-las-4.48.13-p.-m..png\",\"datePublished\":\"2022-03-03T21:48:44+00:00\",\"breadcrumb\":{\"@id\":\"https:\/\/pagina10.com\/web\/gobernador-de-narino-visito-hogares-afectados-por-invierno-en-el-municipio-de-mallama\/#breadcrumb\"},\"inLanguage\":\"es\",\"potentialAction\":[{\"@type\":\"ReadAction\",\"target\":[\"https:\/\/pagina10.com\/web\/gobernador-de-narino-visito-hogares-afectados-por-invierno-en-el-municipio-de-mallama\/\"]}]},{\"@type\":\"ImageObject\",\"inLanguage\":\"es\",\"@id\":\"https:\/\/pagina10.com\/web\/gobernador-de-narino-visito-hogares-afectados-por-invierno-en-el-municipio-de-mallama\/#primaryimage\",\"url\":\"https:\/\/pagina10.com\/web\/wp-content\/uploads\/2022\/03\/Captura-de-Pantalla-2022-03-03-a-las-4.48.13-p.-m..png\",\"contentUrl\":\"https:\/\/pagina10.com\/web\/wp-content\/uploads\/2022\/03\/Captura-de-Pantalla-2022-03-03-a-las-4.48.13-p.-m..png\",\"width\":523,\"height\":294},{\"@type\":\"BreadcrumbList\",\"@id\":\"https:\/\/pagina10.com\/web\/gobernador-de-narino-visito-hogares-afectados-por-invierno-en-el-municipio-de-mallama\/#breadcrumb\",\"itemListElement\":[{\"@type\":\"ListItem\",\"position\":1,\"name\":\"Portada\",\"item\":\"https:\/\/pagina10.com\/web\/\"},{\"@type\":\"ListItem\",\"position\":2,\"name\":\"Gobernador de Nari\u00f1o visit\u00f3 hogares afectados por invierno en el municipio de Mallama\"}]},{\"@type\":\"WebSite\",\"@id\":\"https:\/\/pagina10.com\/web\/#website\",\"url\":\"https:\/\/pagina10.com\/web\/\",\"name\":\"P\u00e1gina10\",\"description\":\"Peri\u00f3dico Regional\",\"publisher\":{\"@id\":\"https:\/\/pagina10.com\/web\/#organization\"},\"alternateName\":\"P\u00e1gina10 Peri\u00f3dico Regional\",\"potentialAction\":[{\"@type\":\"SearchAction\",\"target\":{\"@type\":\"EntryPoint\",\"urlTemplate\":\"https:\/\/pagina10.com\/web\/?s={search_term_string}\"},\"query-input\":{\"@type\":\"PropertyValueSpecification\",\"valueRequired\":true,\"valueName\":\"search_term_string\"}}],\"inLanguage\":\"es\"},{\"@type\":\"Organization\",\"@id\":\"https:\/\/pagina10.com\/web\/#organization\",\"name\":\"P\u00e1gina10\",\"alternateName\":\"P\u00e1gina10 Peri\u00f3dico Regional\",\"url\":\"https:\/\/pagina10.com\/web\/\",\"logo\":{\"@type\":\"ImageObject\",\"inLanguage\":\"es\",\"@id\":\"https:\/\/pagina10.com\/web\/#\/schema\/logo\/image\/\",\"url\":\"https:\/\/pagina10.com\/web\/wp-content\/uploads\/2024\/01\/40-pagina-10-periodico-regional-pasto.jpg\",\"contentUrl\":\"https:\/\/pagina10.com\/web\/wp-content\/uploads\/2024\/01\/40-pagina-10-periodico-regional-pasto.jpg\",\"width\":1280,\"height\":720,\"caption\":\"P\u00e1gina10\"},\"image\":{\"@id\":\"https:\/\/pagina10.com\/web\/#\/schema\/logo\/image\/\"},\"sameAs\":[\"https:\/\/www.facebook.com\/pag10com\",\"https:\/\/x.com\/Pag10com\",\"https:\/\/www.instagram.com\/pagina10col\/\",\"https:\/\/youtube.com\/channel\/pag10\",\"https:\/\/www.tiktok.com\/@p10col\"]},{\"@type\":\"Person\",\"@id\":\"https:\/\/pagina10.com\/web\/#\/schema\/person\/2efc4a090d25b667d3bc796798a3a81b\",\"name\":\"P\u00e1gina 10\",\"description\":\"P\u00e1gina 10 es un peri\u00f3dico regional que nace en Colombia, en el departamento de Nari\u00f1o, con un enfoque global, fundamentado en cuatro pilares esenciales: la libertad, el pluralismo, la inclusi\u00f3n y la independencia. P\u00e1gina 10 hace referencia a Nari\u00f1o como el d\u00e9cimo departamento creado en Colombia, despu\u00e9s de un proceso pol\u00edtico liderado por actores y actrices regionales con el fin de obtener la independencia y autonom\u00eda de nuestros territorios. Con la creaci\u00f3n de P\u00e1gina 10 se pretende abrir un escenario para el dialogo, la reflexi\u00f3n y el debate que se extienda a otras geograf\u00edas de Am\u00e9rica Latina y del planeta, en una apuesta por transformar colectivamente los desaf\u00edos de un mundo contempor\u00e1neo, m\u00e1s all\u00e1 de las fronteras impuestas.\",\"url\":\"https:\/\/pagina10.com\/web\/author\/pdiezadmin\/\"}]}<\/script>\n<!-- \/ Yoast SEO plugin. -->","yoast_head_json":{"title":"Gobernador de Nari\u00f1o visit\u00f3 hogares afectados por invierno en el municipio de Mallama | P\u00e1gina10","robots":{"index":"index","follow":"follow","max-snippet":"max-snippet:-1","max-image-preview":"max-image-preview:large","max-video-preview":"max-video-preview:-1"},"canonical":"https:\/\/pagina10.com\/web\/gobernador-de-narino-visito-hogares-afectados-por-invierno-en-el-municipio-de-mallama\/","og_locale":"es_ES","og_type":"article","og_title":"Gobernador de Nari\u00f1o visit\u00f3 hogares afectados por invierno en el municipio de Mallama | P\u00e1gina10","og_description":"El Gobernador de Nari\u00f1o, Jhon Rojas, recorri\u00f3 las viviendas afectadas por las intensas lluvias en el municipio de Mallama, desde d\u00f3nde anunci\u00f3 que se inici\u00f3 el proceso de gesti\u00f3n de las ayudas humanitarias necesarias para las familias damnificadas y, adem\u00e1s, se empezar\u00e1n a tomar las medidas necesarias para mitigar los riesgos a los que est\u00e1n [&hellip;]","og_url":"https:\/\/pagina10.com\/web\/gobernador-de-narino-visito-hogares-afectados-por-invierno-en-el-municipio-de-mallama\/","og_site_name":"P\u00e1gina10","article_publisher":"https:\/\/www.facebook.com\/pag10com","article_published_time":"2022-03-03T21:48:44+00:00","og_image":[{"width":523,"height":294,"url":"https:\/\/pagina10.com\/web\/wp-content\/uploads\/2022\/03\/Captura-de-Pantalla-2022-03-03-a-las-4.48.13-p.-m..png","type":"image\/png"}],"author":"P\u00e1gina 10","twitter_card":"summary_large_image","twitter_creator":"@Pag10com","twitter_site":"@Pag10com","twitter_misc":{"Escrito por":"P\u00e1gina 10","Tiempo de lectura":"1 minuto"},"schema":{"@context":"https:\/\/schema.org","@graph":[{"@type":"Article","@id":"https:\/\/pagina10.com\/web\/gobernador-de-narino-visito-hogares-afectados-por-invierno-en-el-municipio-de-mallama\/#article","isPartOf":{"@id":"https:\/\/pagina10.com\/web\/gobernador-de-narino-visito-hogares-afectados-por-invierno-en-el-municipio-de-mallama\/"},"author":{"name":"P\u00e1gina 10","@id":"https:\/\/pagina10.com\/web\/#\/schema\/person\/2efc4a090d25b667d3bc796798a3a81b"},"headline":"Gobernador de Nari\u00f1o visit\u00f3 hogares afectados por invierno en el municipio de Mallama","datePublished":"2022-03-03T21:48:44+00:00","mainEntityOfPage":{"@id":"https:\/\/pagina10.com\/web\/gobernador-de-narino-visito-hogares-afectados-por-invierno-en-el-municipio-de-mallama\/"},"wordCount":177,"commentCount":0,"publisher":{"@id":"https:\/\/pagina10.com\/web\/#organization"},"image":{"@id":"https:\/\/pagina10.com\/web\/gobernador-de-narino-visito-hogares-afectados-por-invierno-en-el-municipio-de-mallama\/#primaryimage"},"thumbnailUrl":"https:\/\/pagina10.com\/web\/wp-content\/uploads\/2022\/03\/Captura-de-Pantalla-2022-03-03-a-las-4.48.13-p.-m..png","articleSection":["Regiones"],"inLanguage":"es","potentialAction":[{"@type":"CommentAction","name":"Comment","target":["https:\/\/pagina10.com\/web\/gobernador-de-narino-visito-hogares-afectados-por-invierno-en-el-municipio-de-mallama\/#respond"]}]},{"@type":"WebPage","@id":"https:\/\/pagina10.com\/web\/gobernador-de-narino-visito-hogares-afectados-por-invierno-en-el-municipio-de-mallama\/","url":"https:\/\/pagina10.com\/web\/gobernador-de-narino-visito-hogares-afectados-por-invierno-en-el-municipio-de-mallama\/","name":"Gobernador de Nari\u00f1o visit\u00f3 hogares afectados por invierno en el municipio de Mallama | P\u00e1gina10","isPartOf":{"@id":"https:\/\/pagina10.com\/web\/#website"},"primaryImageOfPage":{"@id":"https:\/\/pagina10.com\/web\/gobernador-de-narino-visito-hogares-afectados-por-invierno-en-el-municipio-de-mallama\/#primaryimage"},"image":{"@id":"https:\/\/pagina10.com\/web\/gobernador-de-narino-visito-hogares-afectados-por-invierno-en-el-municipio-de-mallama\/#primaryimage"},"thumbnailUrl":"https:\/\/pagina10.com\/web\/wp-content\/uploads\/2022\/03\/Captura-de-Pantalla-2022-03-03-a-las-4.48.13-p.-m..png","datePublished":"2022-03-03T21:48:44+00:00","breadcrumb":{"@id":"https:\/\/pagina10.com\/web\/gobernador-de-narino-visito-hogares-afectados-por-invierno-en-el-municipio-de-mallama\/#breadcrumb"},"inLanguage":"es","potentialAction":[{"@type":"ReadAction","target":["https:\/\/pagina10.com\/web\/gobernador-de-narino-visito-hogares-afectados-por-invierno-en-el-municipio-de-mallama\/"]}]},{"@type":"ImageObject","inLanguage":"es","@id":"https:\/\/pagina10.com\/web\/gobernador-de-narino-visito-hogares-afectados-por-invierno-en-el-municipio-de-mallama\/#primaryimage","url":"https:\/\/pagina10.com\/web\/wp-content\/uploads\/2022\/03\/Captura-de-Pantalla-2022-03-03-a-las-4.48.13-p.-m..png","contentUrl":"https:\/\/pagina10.com\/web\/wp-content\/uploads\/2022\/03\/Captura-de-Pantalla-2022-03-03-a-las-4.48.13-p.-m..png","width":523,"height":294},{"@type":"BreadcrumbList","@id":"https:\/\/pagina10.com\/web\/gobernador-de-narino-visito-hogares-afectados-por-invierno-en-el-municipio-de-mallama\/#breadcrumb","itemListElement":[{"@type":"ListItem","position":1,"name":"Portada","item":"https:\/\/pagina10.com\/web\/"},{"@type":"ListItem","position":2,"name":"Gobernador de Nari\u00f1o visit\u00f3 hogares afectados por invierno en el municipio de Mallama"}]},{"@type":"WebSite","@id":"https:\/\/pagina10.com\/web\/#website","url":"https:\/\/pagina10.com\/web\/","name":"P\u00e1gina10","description":"Peri\u00f3dico Regional","publisher":{"@id":"https:\/\/pagina10.com\/web\/#organization"},"alternateName":"P\u00e1gina10 Peri\u00f3dico Regional","potentialAction":[{"@type":"SearchAction","target":{"@type":"EntryPoint","urlTemplate":"https:\/\/pagina10.com\/web\/?s={search_term_string}"},"query-input":{"@type":"PropertyValueSpecification","valueRequired":true,"valueName":"search_term_string"}}],"inLanguage":"es"},{"@type":"Organization","@id":"https:\/\/pagina10.com\/web\/#organization","name":"P\u00e1gina10","alternateName":"P\u00e1gina10 Peri\u00f3dico Regional","url":"https:\/\/pagina10.com\/web\/","logo":{"@type":"ImageObject","inLanguage":"es","@id":"https:\/\/pagina10.com\/web\/#\/schema\/logo\/image\/","url":"https:\/\/pagina10.com\/web\/wp-content\/uploads\/2024\/01\/40-pagina-10-periodico-regional-pasto.jpg","contentUrl":"https:\/\/pagina10.com\/web\/wp-content\/uploads\/2024\/01\/40-pagina-10-periodico-regional-pasto.jpg","width":1280,"height":720,"caption":"P\u00e1gina10"},"image":{"@id":"https:\/\/pagina10.com\/web\/#\/schema\/logo\/image\/"},"sameAs":["https:\/\/www.facebook.com\/pag10com","https:\/\/x.com\/Pag10com","https:\/\/www.instagram.com\/pagina10col\/","https:\/\/youtube.com\/channel\/pag10","https:\/\/www.tiktok.com\/@p10col"]},{"@type":"Person","@id":"https:\/\/pagina10.com\/web\/#\/schema\/person\/2efc4a090d25b667d3bc796798a3a81b","name":"P\u00e1gina 10","description":"P\u00e1gina 10 es un peri\u00f3dico regional que nace en Colombia, en el departamento de Nari\u00f1o, con un enfoque global, fundamentado en cuatro pilares esenciales: la libertad, el pluralismo, la inclusi\u00f3n y la independencia. P\u00e1gina 10 hace referencia a Nari\u00f1o como el d\u00e9cimo departamento creado en Colombia, despu\u00e9s de un proceso pol\u00edtico liderado por actores y actrices regionales con el fin de obtener la independencia y autonom\u00eda de nuestros territorios. Con la creaci\u00f3n de P\u00e1gina 10 se pretende abrir un escenario para el dialogo, la reflexi\u00f3n y el debate que se extienda a otras geograf\u00edas de Am\u00e9rica Latina y del planeta, en una apuesta por transformar colectivamente los desaf\u00edos de un mundo contempor\u00e1neo, m\u00e1s all\u00e1 de las fronteras impuestas.","url":"https:\/\/pagina10.com\/web\/author\/pdiezadmin\/"}]}},"_links":{"self":[{"href":"https:\/\/pagina10.com\/web\/wp-json\/wp\/v2\/posts\/58469","targetHints":{"allow":["GET"]}}],"collection":[{"href":"https:\/\/pagina10.com\/web\/wp-json\/wp\/v2\/posts"}],"about":[{"href":"https:\/\/pagina10.com\/web\/wp-json\/wp\/v2\/types\/post"}],"author":[{"embeddable":true,"href":"https:\/\/pagina10.com\/web\/wp-json\/wp\/v2\/users\/1"}],"replies":[{"embeddable":true,"href":"https:\/\/pagina10.com\/web\/wp-json\/wp\/v2\/comments?post=58469"}],"version-history":[{"count":1,"href":"https:\/\/pagina10.com\/web\/wp-json\/wp\/v2\/posts\/58469\/revisions"}],"predecessor-version":[{"id":58471,"href":"https:\/\/pagina10.com\/web\/wp-json\/wp\/v2\/posts\/58469\/revisions\/58471"}],"wp:featuredmedia":[{"embeddable":true,"href":"https:\/\/pagina10.com\/web\/wp-json\/wp\/v2\/media\/58470"}],"wp:attachment":[{"href":"https:\/\/pagina10.com\/web\/wp-json\/wp\/v2\/media?parent=58469"}],"wp:term":[{"taxonomy":"category","embeddable":true,"href":"https:\/\/pagina10.com\/web\/wp-json\/wp\/v2\/categories?post=58469"},{"taxonomy":"post_tag","embeddable":true,"href":"https:\/\/pagina10.com\/web\/wp-json\/wp\/v2\/tags?post=58469"}],"curies":[{"name":"wp","href":"https:\/\/api.w.org\/{rel}","templated":true}]}}