{"id":58481,"date":"2022-03-04T10:07:53","date_gmt":"2022-03-04T15:07:53","guid":{"rendered":"https:\/\/pagina10.com\/web\/?p=58481"},"modified":"2022-03-04T10:07:53","modified_gmt":"2022-03-04T15:07:53","slug":"robert-daza-el-unico-candidato-al-senado-del-departamento-de-narino-que-tendria-asegurada-su-curul-y-con-la-campana-mas-economica-del-pais","status":"publish","type":"post","link":"https:\/\/pagina10.com\/web\/robert-daza-el-unico-candidato-al-senado-del-departamento-de-narino-que-tendria-asegurada-su-curul-y-con-la-campana-mas-economica-del-pais\/","title":{"rendered":"Robert Daza, el \u00fanico candidato al Senado del departamento de Nari\u00f1o, que tendr\u00eda asegurada su curul y con la campa\u00f1a m\u00e1s econ\u00f3mica del pa\u00eds"},"content":{"rendered":"<p style=\"text-align: justify;\">\n<p style=\"text-align: justify;\">An\u00edbal Ar\u00e9valo Rosero<\/p>\n<p style=\"text-align: justify;\">\n<p style=\"text-align: justify;\">Robert Daza es un dirigente campesino que ha forjado su esp\u00edritu de lucha en medio de las grandes dificultades que afronta el campesinado nari\u00f1ense. Nacido en el municipio de El Rosario, frente al Macizo Colombiano, en la cordillera patiana; se cr\u00edo en la finca de sus abuelos en Cumbitara, un municipio del Pac\u00edfico. Estudio agronom\u00eda en la Universidad de Nari\u00f1o donde se destac\u00f3 como l\u00edder, vincul\u00e1ndose al movimiento A Luchar.<\/p>\n<p style=\"text-align: justify;\">\n<p style=\"text-align: justify;\">Posteriormente se destaca por su liderazgo agrario en Samaniego, organizando a la poblaci\u00f3n campesina en la necesidad de exigir del gobierno unos precios de sustentaci\u00f3n en la producci\u00f3n agr\u00edcola. En los \u00faltimos a\u00f1os viene labrando la tierra en San Pablo, al norte de Nari\u00f1o. Su liderazgo social llev\u00f3 a qu\u00e9 la Fiscal\u00eda le imputar\u00e1 el delito de rebeli\u00f3n; por ello estuvo detenido durante diez d\u00edas, pero una Juez de garant\u00edas lo dej\u00f3 en libertad, pues le llegaron 450 cartas que testificaban que Robert era inocente. Se moviliz\u00f3 toda la comunidad de San Pablo; hasta el sacerdote y el comandante de la Polic\u00eda daban fe de que Robert era un l\u00edder social y no un peligro para la sociedad.<\/p>\n<p style=\"text-align: justify;\">\n<p style=\"text-align: justify;\">Ahora es candidato al Senado en la lista cerrada del Pacto Hist\u00f3rico con altas posibilidades de ser elegido. Es decir, la probabilidad de ser senador es muy alta, muy superior a la de muchos colombianos y de todos los nari\u00f1enses que aspiran a una curul en esa corporaci\u00f3n. \u00c9l fue llamado por Gustavo Petro para que integrara la lista del Pacto Hist\u00f3rico como reconocimiento a su liderazgo social con el campesinado colombiano.<\/p>\n<p style=\"text-align: justify;\">\n<p style=\"text-align: justify;\">Por su parte, Robert afirma que su voto en la consulta presidencial del Pacto Hist\u00f3rico ser\u00e1 por Francia M\u00e1rquez, teniendo en cuenta la inclusi\u00f3n de g\u00e9nero y la participaci\u00f3n del grupo \u00e9tnico de las negritudes en la pol\u00edtica nacional. Posteriormente, en las presidenciales, apoyar\u00e1 con su voto a Gustavo Petro.<\/p>\n<p style=\"text-align: justify;\">\n<p style=\"text-align: justify;\">Asiste a cuanto foro y debate lo inviten; su mejor publicidad la constituyen los medios de comunicaci\u00f3n y las redes sociales. Detesta la contaminaci\u00f3n visual de calles y carreteras con gigantescos pendones y vallas; adem\u00e1s, es consecuente con lo que predica, no quiere repartir publicidad impresa porque el derroche de papel va en contra del medio ambiente. Es por ello que considera que las campa\u00f1as se hacen con discursos coherentes y no con caras maquilladas.<\/p>\n<p style=\"text-align: justify;\">\n<p style=\"text-align: justify;\">Su discurso es sencillo, pero con una oratoria muy elocuente; busca convencer a sus interlocutores de la necesidad de mirar al campo. Manifiesta que los tratados con otros pa\u00edses en condiciones de desigualdad tienen la ruina el campo colombiano, importando alimentos que produce el campesino con mejor calidad y precio. Se hace entender con facilidad, combina un lenguaje elemental con el conocimiento de ser un profesional en ingenier\u00eda agron\u00f3mica. Con esto se asegura que ser\u00e1 un poderoso interlocutor en el Senado y se har\u00e1 escuchar por los caciques tradicionales que asisten somnolientos a las sesiones.<\/p>\n<p style=\"text-align: justify;\">\n<p style=\"text-align: justify;\">Robert es un campesino que est\u00e1 muy preocupado por la crisis que tendr\u00e1 que afrontar la humanidad por las malas pr\u00e1cticas como la miner\u00eda en los p\u00e1ramos, donde nacen los r\u00edos, las malas pr\u00e1cticas agr\u00edcolas, la ganader\u00eda intensiva, la deforestaci\u00f3n, el fracking en la explotaci\u00f3n petrolera, el uso del glifosato en la erradicaci\u00f3n de cultivos il\u00edcitos, teniendo en cuenta que conlleva al deterioro de los ecosistemas, trayendo como consecuencia el cambio clim\u00e1tico, que se constituye en uno de los temas que hoy por hoy preocupan a los organismos internacionales. Dice que por encima de todo hay que defender el agua para garantizar la vida y la producci\u00f3n de comida.<\/p>\n<p style=\"text-align: justify;\">\n<p style=\"text-align: justify;\">Su constancia, su don de gentes y su \u00e9tica lo llevan a ocupar tan alta posici\u00f3n; est\u00e1 de 13 en la lista cerrada del Pacto Hist\u00f3rico, con lo cual, pr\u00e1cticamente, estar\u00eda dentro del Senado si tenemos en cuenta que los c\u00e1lculos dicen que con la votaci\u00f3n del Pacto Hist\u00f3rico le alcanzar\u00eda 22 senadores a la coalici\u00f3n liderada por Gustavo Petro.<\/p>\n<p style=\"text-align: justify;\">\n<p style=\"text-align: justify;\">Importante que un nari\u00f1ense llegue a ocupar ese cargo por medios id\u00f3neos y no por maniobras como la compra de conciencias, el ofrecimiento de puestos y el enga\u00f1o al electorado. La campa\u00f1a de Robert Daza es la de menor costo en el pa\u00eds y con un pie adentro. Es un ejemplo de liderazgo para los colombianos.<\/p>\n","protected":false},"excerpt":{"rendered":"<p>An\u00edbal Ar\u00e9valo Rosero Robert Daza es un dirigente campesino que ha forjado su esp\u00edritu de lucha en medio de las grandes dificultades que afronta el campesinado nari\u00f1ense. Nacido en el municipio de El Rosario, frente al Macizo Colombiano, en la cordillera patiana; se cr\u00edo en la finca de sus abuelos en Cumbitara, un municipio del [&hellip;]<\/p>\n","protected":false},"author":65,"featured_media":58482,"comment_status":"open","ping_status":"open","sticky":false,"template":"","format":"standard","meta":{"footnotes":""},"categories":[84],"tags":[],"class_list":["post-58481","post","type-post","status-publish","format-standard","has-post-thumbnail","hentry","category-global-2"],"yoast_head":"<!-- This site is optimized with the Yoast SEO plugin v27.1.1 - https:\/\/yoast.com\/product\/yoast-seo-wordpress\/ -->\n<title>Robert Daza, el \u00fanico candidato al Senado del departamento de Nari\u00f1o, que tendr\u00eda asegurada su curul y con la campa\u00f1a m\u00e1s econ\u00f3mica del pa\u00eds | P\u00e1gina10<\/title>\n<meta name=\"robots\" content=\"index, follow, max-snippet:-1, max-image-preview:large, max-video-preview:-1\" \/>\n<link rel=\"canonical\" href=\"https:\/\/pagina10.com\/web\/robert-daza-el-unico-candidato-al-senado-del-departamento-de-narino-que-tendria-asegurada-su-curul-y-con-la-campana-mas-economica-del-pais\/\" \/>\n<meta property=\"og:locale\" content=\"es_ES\" \/>\n<meta property=\"og:type\" content=\"article\" \/>\n<meta property=\"og:title\" content=\"Robert Daza, el \u00fanico candidato al Senado del departamento de Nari\u00f1o, que tendr\u00eda asegurada su curul y con la campa\u00f1a m\u00e1s econ\u00f3mica del pa\u00eds | P\u00e1gina10\" \/>\n<meta property=\"og:description\" content=\"An\u00edbal Ar\u00e9valo Rosero Robert Daza es un dirigente campesino que ha forjado su esp\u00edritu de lucha en medio de las grandes dificultades que afronta el campesinado nari\u00f1ense. Nacido en el municipio de El Rosario, frente al Macizo Colombiano, en la cordillera patiana; se cr\u00edo en la finca de sus abuelos en Cumbitara, un municipio del [&hellip;]\" \/>\n<meta property=\"og:url\" content=\"https:\/\/pagina10.com\/web\/robert-daza-el-unico-candidato-al-senado-del-departamento-de-narino-que-tendria-asegurada-su-curul-y-con-la-campana-mas-economica-del-pais\/\" \/>\n<meta property=\"og:site_name\" content=\"P\u00e1gina10\" \/>\n<meta property=\"article:publisher\" content=\"https:\/\/www.facebook.com\/pag10com\" \/>\n<meta property=\"article:published_time\" content=\"2022-03-04T15:07:53+00:00\" \/>\n<meta property=\"og:image\" content=\"https:\/\/pagina10.com\/web\/wp-content\/uploads\/2022\/03\/Captura-de-Pantalla-2022-03-04-a-las-9.14.36-a.-m..png\" \/>\n\t<meta property=\"og:image:width\" content=\"509\" \/>\n\t<meta property=\"og:image:height\" content=\"389\" \/>\n\t<meta property=\"og:image:type\" content=\"image\/png\" \/>\n<meta name=\"author\" content=\"Anibal Ar\u00e9valo Rosero\" \/>\n<meta name=\"twitter:card\" content=\"summary_large_image\" \/>\n<meta name=\"twitter:creator\" content=\"@Pag10com\" \/>\n<meta name=\"twitter:site\" content=\"@Pag10com\" \/>\n<meta name=\"twitter:label1\" content=\"Escrito por\" \/>\n\t<meta name=\"twitter:data1\" content=\"Anibal Ar\u00e9valo Rosero\" \/>\n\t<meta name=\"twitter:label2\" content=\"Tiempo de lectura\" \/>\n\t<meta name=\"twitter:data2\" content=\"4 minutos\" \/>\n<script type=\"application\/ld+json\" class=\"yoast-schema-graph\">{\"@context\":\"https:\/\/schema.org\",\"@graph\":[{\"@type\":\"Article\",\"@id\":\"https:\/\/pagina10.com\/web\/robert-daza-el-unico-candidato-al-senado-del-departamento-de-narino-que-tendria-asegurada-su-curul-y-con-la-campana-mas-economica-del-pais\/#article\",\"isPartOf\":{\"@id\":\"https:\/\/pagina10.com\/web\/robert-daza-el-unico-candidato-al-senado-del-departamento-de-narino-que-tendria-asegurada-su-curul-y-con-la-campana-mas-economica-del-pais\/\"},\"author\":{\"name\":\"Anibal Ar\u00e9valo Rosero\",\"@id\":\"https:\/\/pagina10.com\/web\/#\/schema\/person\/9ec3e2b432363a195d2d01bf820c66fe\"},\"headline\":\"Robert Daza, el \u00fanico candidato al Senado del departamento de Nari\u00f1o, que tendr\u00eda asegurada su curul y con la campa\u00f1a m\u00e1s econ\u00f3mica del pa\u00eds\",\"datePublished\":\"2022-03-04T15:07:53+00:00\",\"mainEntityOfPage\":{\"@id\":\"https:\/\/pagina10.com\/web\/robert-daza-el-unico-candidato-al-senado-del-departamento-de-narino-que-tendria-asegurada-su-curul-y-con-la-campana-mas-economica-del-pais\/\"},\"wordCount\":801,\"commentCount\":0,\"publisher\":{\"@id\":\"https:\/\/pagina10.com\/web\/#organization\"},\"image\":{\"@id\":\"https:\/\/pagina10.com\/web\/robert-daza-el-unico-candidato-al-senado-del-departamento-de-narino-que-tendria-asegurada-su-curul-y-con-la-campana-mas-economica-del-pais\/#primaryimage\"},\"thumbnailUrl\":\"https:\/\/pagina10.com\/web\/wp-content\/uploads\/2022\/03\/Captura-de-Pantalla-2022-03-04-a-las-9.14.36-a.-m..png\",\"articleSection\":[\"Global\"],\"inLanguage\":\"es\",\"potentialAction\":[{\"@type\":\"CommentAction\",\"name\":\"Comment\",\"target\":[\"https:\/\/pagina10.com\/web\/robert-daza-el-unico-candidato-al-senado-del-departamento-de-narino-que-tendria-asegurada-su-curul-y-con-la-campana-mas-economica-del-pais\/#respond\"]}]},{\"@type\":\"WebPage\",\"@id\":\"https:\/\/pagina10.com\/web\/robert-daza-el-unico-candidato-al-senado-del-departamento-de-narino-que-tendria-asegurada-su-curul-y-con-la-campana-mas-economica-del-pais\/\",\"url\":\"https:\/\/pagina10.com\/web\/robert-daza-el-unico-candidato-al-senado-del-departamento-de-narino-que-tendria-asegurada-su-curul-y-con-la-campana-mas-economica-del-pais\/\",\"name\":\"Robert Daza, el \u00fanico candidato al Senado del departamento de Nari\u00f1o, que tendr\u00eda asegurada su curul y con la campa\u00f1a m\u00e1s econ\u00f3mica del pa\u00eds | P\u00e1gina10\",\"isPartOf\":{\"@id\":\"https:\/\/pagina10.com\/web\/#website\"},\"primaryImageOfPage\":{\"@id\":\"https:\/\/pagina10.com\/web\/robert-daza-el-unico-candidato-al-senado-del-departamento-de-narino-que-tendria-asegurada-su-curul-y-con-la-campana-mas-economica-del-pais\/#primaryimage\"},\"image\":{\"@id\":\"https:\/\/pagina10.com\/web\/robert-daza-el-unico-candidato-al-senado-del-departamento-de-narino-que-tendria-asegurada-su-curul-y-con-la-campana-mas-economica-del-pais\/#primaryimage\"},\"thumbnailUrl\":\"https:\/\/pagina10.com\/web\/wp-content\/uploads\/2022\/03\/Captura-de-Pantalla-2022-03-04-a-las-9.14.36-a.-m..png\",\"datePublished\":\"2022-03-04T15:07:53+00:00\",\"breadcrumb\":{\"@id\":\"https:\/\/pagina10.com\/web\/robert-daza-el-unico-candidato-al-senado-del-departamento-de-narino-que-tendria-asegurada-su-curul-y-con-la-campana-mas-economica-del-pais\/#breadcrumb\"},\"inLanguage\":\"es\",\"potentialAction\":[{\"@type\":\"ReadAction\",\"target\":[\"https:\/\/pagina10.com\/web\/robert-daza-el-unico-candidato-al-senado-del-departamento-de-narino-que-tendria-asegurada-su-curul-y-con-la-campana-mas-economica-del-pais\/\"]}]},{\"@type\":\"ImageObject\",\"inLanguage\":\"es\",\"@id\":\"https:\/\/pagina10.com\/web\/robert-daza-el-unico-candidato-al-senado-del-departamento-de-narino-que-tendria-asegurada-su-curul-y-con-la-campana-mas-economica-del-pais\/#primaryimage\",\"url\":\"https:\/\/pagina10.com\/web\/wp-content\/uploads\/2022\/03\/Captura-de-Pantalla-2022-03-04-a-las-9.14.36-a.-m..png\",\"contentUrl\":\"https:\/\/pagina10.com\/web\/wp-content\/uploads\/2022\/03\/Captura-de-Pantalla-2022-03-04-a-las-9.14.36-a.-m..png\",\"width\":509,\"height\":389},{\"@type\":\"BreadcrumbList\",\"@id\":\"https:\/\/pagina10.com\/web\/robert-daza-el-unico-candidato-al-senado-del-departamento-de-narino-que-tendria-asegurada-su-curul-y-con-la-campana-mas-economica-del-pais\/#breadcrumb\",\"itemListElement\":[{\"@type\":\"ListItem\",\"position\":1,\"name\":\"Portada\",\"item\":\"https:\/\/pagina10.com\/web\/\"},{\"@type\":\"ListItem\",\"position\":2,\"name\":\"Robert Daza, el \u00fanico candidato al Senado del departamento de Nari\u00f1o, que tendr\u00eda asegurada su curul y con la campa\u00f1a m\u00e1s econ\u00f3mica del pa\u00eds\"}]},{\"@type\":\"WebSite\",\"@id\":\"https:\/\/pagina10.com\/web\/#website\",\"url\":\"https:\/\/pagina10.com\/web\/\",\"name\":\"P\u00e1gina10\",\"description\":\"Peri\u00f3dico Regional\",\"publisher\":{\"@id\":\"https:\/\/pagina10.com\/web\/#organization\"},\"alternateName\":\"P\u00e1gina10 Peri\u00f3dico Regional\",\"potentialAction\":[{\"@type\":\"SearchAction\",\"target\":{\"@type\":\"EntryPoint\",\"urlTemplate\":\"https:\/\/pagina10.com\/web\/?s={search_term_string}\"},\"query-input\":{\"@type\":\"PropertyValueSpecification\",\"valueRequired\":true,\"valueName\":\"search_term_string\"}}],\"inLanguage\":\"es\"},{\"@type\":\"Organization\",\"@id\":\"https:\/\/pagina10.com\/web\/#organization\",\"name\":\"P\u00e1gina10\",\"alternateName\":\"P\u00e1gina10 Peri\u00f3dico Regional\",\"url\":\"https:\/\/pagina10.com\/web\/\",\"logo\":{\"@type\":\"ImageObject\",\"inLanguage\":\"es\",\"@id\":\"https:\/\/pagina10.com\/web\/#\/schema\/logo\/image\/\",\"url\":\"https:\/\/pagina10.com\/web\/wp-content\/uploads\/2024\/01\/40-pagina-10-periodico-regional-pasto.jpg\",\"contentUrl\":\"https:\/\/pagina10.com\/web\/wp-content\/uploads\/2024\/01\/40-pagina-10-periodico-regional-pasto.jpg\",\"width\":1280,\"height\":720,\"caption\":\"P\u00e1gina10\"},\"image\":{\"@id\":\"https:\/\/pagina10.com\/web\/#\/schema\/logo\/image\/\"},\"sameAs\":[\"https:\/\/www.facebook.com\/pag10com\",\"https:\/\/x.com\/Pag10com\",\"https:\/\/www.instagram.com\/pagina10col\/\",\"https:\/\/youtube.com\/channel\/pag10\",\"https:\/\/www.tiktok.com\/@p10col\"]},{\"@type\":\"Person\",\"@id\":\"https:\/\/pagina10.com\/web\/#\/schema\/person\/9ec3e2b432363a195d2d01bf820c66fe\",\"name\":\"Anibal Ar\u00e9valo Rosero\",\"description\":\"An\u00edbal Ar\u00e9valo Rosero a trav\u00e9s de su vida ha realizado diversas actividades tendientes a reivindicar al ser humano en su conciencia plena. Durante su vida ha hecho teatro, a escrito poes\u00eda y en sus tiempos de universitario realiz\u00f3 varias publicaciones entre las que se recuerda la revista Quinde. Junto con otros compa\u00f1eros fund\u00f3 el Taller Cultural El Cueche, equipo con el que se hicieron varias publicaciones. De este mismo grupo hay que resaltar que se hizo un trabajo pionero en la difusi\u00f3n de la m\u00fasica andina, latinoamericana y del caribe. Despu\u00e9s de terminar sus estudios de biolog\u00eda en la Universidad de Nari\u00f1o entr\u00f3 a laborar en emisoras de la ciudad de Pasto como en RCN, donde se desempe\u00f1aba como locutor de planta. Dirigi\u00f3 programas en la extinta Ondas del Mayo, en varias oportunidades; tambi\u00e9n en Ecos de Pasto. Fue colaborador de el Noticias RCN y dirigi\u00f3 el programa Simana al D\u00eda, del Sindicato del Magisterio de Nari\u00f1o, en dos \u00e9pocas. En el a\u00f1o de 1992 funda el Comit\u00e9 de Solidaridad con Cuba Jos\u00e9 Mart\u00ed, cuyo objetivo era divulgar la realidad cubana y expresar apoyo moral, pol\u00edtico y material al pa\u00eds caribe\u00f1o. Ante la mala interpretaci\u00f3n que la gente le daba a este tipo de acciones, se decide promover viajes de solidad a Cuba para participar en la Brigada Latinoamericana de Trabajo Voluntario, en el Festival Cuba Vive y, de manera especia,l en el 14 Festival Mundial de la Juventud y los Estudiantes, que se desarroll\u00f3 en la isla en el a\u00f1o de 1997. Con esta experiencia impulsa el turismo al pa\u00eds caribe\u00f1o con el resultado de que miles de personas han participado de las excursiones organizadas por Ar\u00e9valo Rosero. Asimismo ha venido impulsando las Brigadas de Salud en Cuba, tendiente a llevar pacientes de c\u00e1ncer a ese destino con el fin de que reciban atenci\u00f3n m\u00e9dica, teniendo en cuenta que la experiencia cubana en el tema ha sido bastante favorable. Veinte a\u00f1os despu\u00e9s de estas nutritivas experiencias, le permiten impulsar excursiones adem\u00e1s a M\u00e9xico, Machu Picchu, Argentina, Ecuador, Panam\u00e1 y Tierra Santa. En cuanto al desempe\u00f1o period\u00edstico, adem\u00e1s de los medios radiales y de televisi\u00f3n, en los canales de la universidades de Nari\u00f1o y Mariana, se ha desempe\u00f1ado como columnista en Diario del Sur durante 6 a\u00f1os y en algunos medios virtuales. Tambi\u00e9n es colaborador de el Diario del Cauca. Considera que la pr\u00e1ctica de la lectura es beber de la fuente nutricia que permite apropiarse de manera consciente del ejercicio de la democracia; y la posibilidad de escribir y ser le\u00eddo, acceder al poder, por que considera la palabra como el mayor instrumento de acci\u00f3n cuando est\u00e1 bien encamina al leg\u00edtimo servicio social. En la actualidad adem\u00e1s de so\u00f1ar con viajar por el mundo se desempe\u00f1a como docente del departamento de ciencias de Inem Luis Delf\u00edn Insuasty de Pasto. Correo: Esta direcci\u00f3n de correo electr\u00f3nico est\u00e1 protegida contra spambots. Usted necesita tener Javascript activado para poder verla.\\\" target=\\\"_blank\\\" style=\\\"color: #1155cc; text-align: justify; font-family: arial, sans-serif; font-size: 13px; line-height: normal;\\\"&gt;fundacionecosofia@gmail.com\",\"url\":\"https:\/\/pagina10.com\/web\/author\/anibal\/\"}]}<\/script>\n<!-- \/ Yoast SEO plugin. -->","yoast_head_json":{"title":"Robert Daza, el \u00fanico candidato al Senado del departamento de Nari\u00f1o, que tendr\u00eda asegurada su curul y con la campa\u00f1a m\u00e1s econ\u00f3mica del pa\u00eds | P\u00e1gina10","robots":{"index":"index","follow":"follow","max-snippet":"max-snippet:-1","max-image-preview":"max-image-preview:large","max-video-preview":"max-video-preview:-1"},"canonical":"https:\/\/pagina10.com\/web\/robert-daza-el-unico-candidato-al-senado-del-departamento-de-narino-que-tendria-asegurada-su-curul-y-con-la-campana-mas-economica-del-pais\/","og_locale":"es_ES","og_type":"article","og_title":"Robert Daza, el \u00fanico candidato al Senado del departamento de Nari\u00f1o, que tendr\u00eda asegurada su curul y con la campa\u00f1a m\u00e1s econ\u00f3mica del pa\u00eds | P\u00e1gina10","og_description":"An\u00edbal Ar\u00e9valo Rosero Robert Daza es un dirigente campesino que ha forjado su esp\u00edritu de lucha en medio de las grandes dificultades que afronta el campesinado nari\u00f1ense. Nacido en el municipio de El Rosario, frente al Macizo Colombiano, en la cordillera patiana; se cr\u00edo en la finca de sus abuelos en Cumbitara, un municipio del [&hellip;]","og_url":"https:\/\/pagina10.com\/web\/robert-daza-el-unico-candidato-al-senado-del-departamento-de-narino-que-tendria-asegurada-su-curul-y-con-la-campana-mas-economica-del-pais\/","og_site_name":"P\u00e1gina10","article_publisher":"https:\/\/www.facebook.com\/pag10com","article_published_time":"2022-03-04T15:07:53+00:00","og_image":[{"width":509,"height":389,"url":"https:\/\/pagina10.com\/web\/wp-content\/uploads\/2022\/03\/Captura-de-Pantalla-2022-03-04-a-las-9.14.36-a.-m..png","type":"image\/png"}],"author":"Anibal Ar\u00e9valo Rosero","twitter_card":"summary_large_image","twitter_creator":"@Pag10com","twitter_site":"@Pag10com","twitter_misc":{"Escrito por":"Anibal Ar\u00e9valo Rosero","Tiempo de lectura":"4 minutos"},"schema":{"@context":"https:\/\/schema.org","@graph":[{"@type":"Article","@id":"https:\/\/pagina10.com\/web\/robert-daza-el-unico-candidato-al-senado-del-departamento-de-narino-que-tendria-asegurada-su-curul-y-con-la-campana-mas-economica-del-pais\/#article","isPartOf":{"@id":"https:\/\/pagina10.com\/web\/robert-daza-el-unico-candidato-al-senado-del-departamento-de-narino-que-tendria-asegurada-su-curul-y-con-la-campana-mas-economica-del-pais\/"},"author":{"name":"Anibal Ar\u00e9valo Rosero","@id":"https:\/\/pagina10.com\/web\/#\/schema\/person\/9ec3e2b432363a195d2d01bf820c66fe"},"headline":"Robert Daza, el \u00fanico candidato al Senado del departamento de Nari\u00f1o, que tendr\u00eda asegurada su curul y con la campa\u00f1a m\u00e1s econ\u00f3mica del pa\u00eds","datePublished":"2022-03-04T15:07:53+00:00","mainEntityOfPage":{"@id":"https:\/\/pagina10.com\/web\/robert-daza-el-unico-candidato-al-senado-del-departamento-de-narino-que-tendria-asegurada-su-curul-y-con-la-campana-mas-economica-del-pais\/"},"wordCount":801,"commentCount":0,"publisher":{"@id":"https:\/\/pagina10.com\/web\/#organization"},"image":{"@id":"https:\/\/pagina10.com\/web\/robert-daza-el-unico-candidato-al-senado-del-departamento-de-narino-que-tendria-asegurada-su-curul-y-con-la-campana-mas-economica-del-pais\/#primaryimage"},"thumbnailUrl":"https:\/\/pagina10.com\/web\/wp-content\/uploads\/2022\/03\/Captura-de-Pantalla-2022-03-04-a-las-9.14.36-a.-m..png","articleSection":["Global"],"inLanguage":"es","potentialAction":[{"@type":"CommentAction","name":"Comment","target":["https:\/\/pagina10.com\/web\/robert-daza-el-unico-candidato-al-senado-del-departamento-de-narino-que-tendria-asegurada-su-curul-y-con-la-campana-mas-economica-del-pais\/#respond"]}]},{"@type":"WebPage","@id":"https:\/\/pagina10.com\/web\/robert-daza-el-unico-candidato-al-senado-del-departamento-de-narino-que-tendria-asegurada-su-curul-y-con-la-campana-mas-economica-del-pais\/","url":"https:\/\/pagina10.com\/web\/robert-daza-el-unico-candidato-al-senado-del-departamento-de-narino-que-tendria-asegurada-su-curul-y-con-la-campana-mas-economica-del-pais\/","name":"Robert Daza, el \u00fanico candidato al Senado del departamento de Nari\u00f1o, que tendr\u00eda asegurada su curul y con la campa\u00f1a m\u00e1s econ\u00f3mica del pa\u00eds | P\u00e1gina10","isPartOf":{"@id":"https:\/\/pagina10.com\/web\/#website"},"primaryImageOfPage":{"@id":"https:\/\/pagina10.com\/web\/robert-daza-el-unico-candidato-al-senado-del-departamento-de-narino-que-tendria-asegurada-su-curul-y-con-la-campana-mas-economica-del-pais\/#primaryimage"},"image":{"@id":"https:\/\/pagina10.com\/web\/robert-daza-el-unico-candidato-al-senado-del-departamento-de-narino-que-tendria-asegurada-su-curul-y-con-la-campana-mas-economica-del-pais\/#primaryimage"},"thumbnailUrl":"https:\/\/pagina10.com\/web\/wp-content\/uploads\/2022\/03\/Captura-de-Pantalla-2022-03-04-a-las-9.14.36-a.-m..png","datePublished":"2022-03-04T15:07:53+00:00","breadcrumb":{"@id":"https:\/\/pagina10.com\/web\/robert-daza-el-unico-candidato-al-senado-del-departamento-de-narino-que-tendria-asegurada-su-curul-y-con-la-campana-mas-economica-del-pais\/#breadcrumb"},"inLanguage":"es","potentialAction":[{"@type":"ReadAction","target":["https:\/\/pagina10.com\/web\/robert-daza-el-unico-candidato-al-senado-del-departamento-de-narino-que-tendria-asegurada-su-curul-y-con-la-campana-mas-economica-del-pais\/"]}]},{"@type":"ImageObject","inLanguage":"es","@id":"https:\/\/pagina10.com\/web\/robert-daza-el-unico-candidato-al-senado-del-departamento-de-narino-que-tendria-asegurada-su-curul-y-con-la-campana-mas-economica-del-pais\/#primaryimage","url":"https:\/\/pagina10.com\/web\/wp-content\/uploads\/2022\/03\/Captura-de-Pantalla-2022-03-04-a-las-9.14.36-a.-m..png","contentUrl":"https:\/\/pagina10.com\/web\/wp-content\/uploads\/2022\/03\/Captura-de-Pantalla-2022-03-04-a-las-9.14.36-a.-m..png","width":509,"height":389},{"@type":"BreadcrumbList","@id":"https:\/\/pagina10.com\/web\/robert-daza-el-unico-candidato-al-senado-del-departamento-de-narino-que-tendria-asegurada-su-curul-y-con-la-campana-mas-economica-del-pais\/#breadcrumb","itemListElement":[{"@type":"ListItem","position":1,"name":"Portada","item":"https:\/\/pagina10.com\/web\/"},{"@type":"ListItem","position":2,"name":"Robert Daza, el \u00fanico candidato al Senado del departamento de Nari\u00f1o, que tendr\u00eda asegurada su curul y con la campa\u00f1a m\u00e1s econ\u00f3mica del pa\u00eds"}]},{"@type":"WebSite","@id":"https:\/\/pagina10.com\/web\/#website","url":"https:\/\/pagina10.com\/web\/","name":"P\u00e1gina10","description":"Peri\u00f3dico Regional","publisher":{"@id":"https:\/\/pagina10.com\/web\/#organization"},"alternateName":"P\u00e1gina10 Peri\u00f3dico Regional","potentialAction":[{"@type":"SearchAction","target":{"@type":"EntryPoint","urlTemplate":"https:\/\/pagina10.com\/web\/?s={search_term_string}"},"query-input":{"@type":"PropertyValueSpecification","valueRequired":true,"valueName":"search_term_string"}}],"inLanguage":"es"},{"@type":"Organization","@id":"https:\/\/pagina10.com\/web\/#organization","name":"P\u00e1gina10","alternateName":"P\u00e1gina10 Peri\u00f3dico Regional","url":"https:\/\/pagina10.com\/web\/","logo":{"@type":"ImageObject","inLanguage":"es","@id":"https:\/\/pagina10.com\/web\/#\/schema\/logo\/image\/","url":"https:\/\/pagina10.com\/web\/wp-content\/uploads\/2024\/01\/40-pagina-10-periodico-regional-pasto.jpg","contentUrl":"https:\/\/pagina10.com\/web\/wp-content\/uploads\/2024\/01\/40-pagina-10-periodico-regional-pasto.jpg","width":1280,"height":720,"caption":"P\u00e1gina10"},"image":{"@id":"https:\/\/pagina10.com\/web\/#\/schema\/logo\/image\/"},"sameAs":["https:\/\/www.facebook.com\/pag10com","https:\/\/x.com\/Pag10com","https:\/\/www.instagram.com\/pagina10col\/","https:\/\/youtube.com\/channel\/pag10","https:\/\/www.tiktok.com\/@p10col"]},{"@type":"Person","@id":"https:\/\/pagina10.com\/web\/#\/schema\/person\/9ec3e2b432363a195d2d01bf820c66fe","name":"Anibal Ar\u00e9valo Rosero","description":"An\u00edbal Ar\u00e9valo Rosero a trav\u00e9s de su vida ha realizado diversas actividades tendientes a reivindicar al ser humano en su conciencia plena. Durante su vida ha hecho teatro, a escrito poes\u00eda y en sus tiempos de universitario realiz\u00f3 varias publicaciones entre las que se recuerda la revista Quinde. Junto con otros compa\u00f1eros fund\u00f3 el Taller Cultural El Cueche, equipo con el que se hicieron varias publicaciones. De este mismo grupo hay que resaltar que se hizo un trabajo pionero en la difusi\u00f3n de la m\u00fasica andina, latinoamericana y del caribe. Despu\u00e9s de terminar sus estudios de biolog\u00eda en la Universidad de Nari\u00f1o entr\u00f3 a laborar en emisoras de la ciudad de Pasto como en RCN, donde se desempe\u00f1aba como locutor de planta. Dirigi\u00f3 programas en la extinta Ondas del Mayo, en varias oportunidades; tambi\u00e9n en Ecos de Pasto. Fue colaborador de el Noticias RCN y dirigi\u00f3 el programa Simana al D\u00eda, del Sindicato del Magisterio de Nari\u00f1o, en dos \u00e9pocas. En el a\u00f1o de 1992 funda el Comit\u00e9 de Solidaridad con Cuba Jos\u00e9 Mart\u00ed, cuyo objetivo era divulgar la realidad cubana y expresar apoyo moral, pol\u00edtico y material al pa\u00eds caribe\u00f1o. Ante la mala interpretaci\u00f3n que la gente le daba a este tipo de acciones, se decide promover viajes de solidad a Cuba para participar en la Brigada Latinoamericana de Trabajo Voluntario, en el Festival Cuba Vive y, de manera especia,l en el 14 Festival Mundial de la Juventud y los Estudiantes, que se desarroll\u00f3 en la isla en el a\u00f1o de 1997. Con esta experiencia impulsa el turismo al pa\u00eds caribe\u00f1o con el resultado de que miles de personas han participado de las excursiones organizadas por Ar\u00e9valo Rosero. Asimismo ha venido impulsando las Brigadas de Salud en Cuba, tendiente a llevar pacientes de c\u00e1ncer a ese destino con el fin de que reciban atenci\u00f3n m\u00e9dica, teniendo en cuenta que la experiencia cubana en el tema ha sido bastante favorable. Veinte a\u00f1os despu\u00e9s de estas nutritivas experiencias, le permiten impulsar excursiones adem\u00e1s a M\u00e9xico, Machu Picchu, Argentina, Ecuador, Panam\u00e1 y Tierra Santa. En cuanto al desempe\u00f1o period\u00edstico, adem\u00e1s de los medios radiales y de televisi\u00f3n, en los canales de la universidades de Nari\u00f1o y Mariana, se ha desempe\u00f1ado como columnista en Diario del Sur durante 6 a\u00f1os y en algunos medios virtuales. Tambi\u00e9n es colaborador de el Diario del Cauca. Considera que la pr\u00e1ctica de la lectura es beber de la fuente nutricia que permite apropiarse de manera consciente del ejercicio de la democracia; y la posibilidad de escribir y ser le\u00eddo, acceder al poder, por que considera la palabra como el mayor instrumento de acci\u00f3n cuando est\u00e1 bien encamina al leg\u00edtimo servicio social. En la actualidad adem\u00e1s de so\u00f1ar con viajar por el mundo se desempe\u00f1a como docente del departamento de ciencias de Inem Luis Delf\u00edn Insuasty de Pasto. Correo: Esta direcci\u00f3n de correo electr\u00f3nico est\u00e1 protegida contra spambots. Usted necesita tener Javascript activado para poder verla.\" target=\"_blank\" style=\"color: #1155cc; text-align: justify; font-family: arial, sans-serif; font-size: 13px; line-height: normal;\"&gt;fundacionecosofia@gmail.com","url":"https:\/\/pagina10.com\/web\/author\/anibal\/"}]}},"_links":{"self":[{"href":"https:\/\/pagina10.com\/web\/wp-json\/wp\/v2\/posts\/58481","targetHints":{"allow":["GET"]}}],"collection":[{"href":"https:\/\/pagina10.com\/web\/wp-json\/wp\/v2\/posts"}],"about":[{"href":"https:\/\/pagina10.com\/web\/wp-json\/wp\/v2\/types\/post"}],"author":[{"embeddable":true,"href":"https:\/\/pagina10.com\/web\/wp-json\/wp\/v2\/users\/65"}],"replies":[{"embeddable":true,"href":"https:\/\/pagina10.com\/web\/wp-json\/wp\/v2\/comments?post=58481"}],"version-history":[{"count":1,"href":"https:\/\/pagina10.com\/web\/wp-json\/wp\/v2\/posts\/58481\/revisions"}],"predecessor-version":[{"id":58483,"href":"https:\/\/pagina10.com\/web\/wp-json\/wp\/v2\/posts\/58481\/revisions\/58483"}],"wp:featuredmedia":[{"embeddable":true,"href":"https:\/\/pagina10.com\/web\/wp-json\/wp\/v2\/media\/58482"}],"wp:attachment":[{"href":"https:\/\/pagina10.com\/web\/wp-json\/wp\/v2\/media?parent=58481"}],"wp:term":[{"taxonomy":"category","embeddable":true,"href":"https:\/\/pagina10.com\/web\/wp-json\/wp\/v2\/categories?post=58481"},{"taxonomy":"post_tag","embeddable":true,"href":"https:\/\/pagina10.com\/web\/wp-json\/wp\/v2\/tags?post=58481"}],"curies":[{"name":"wp","href":"https:\/\/api.w.org\/{rel}","templated":true}]}}