{"id":58490,"date":"2022-03-04T22:10:05","date_gmt":"2022-03-05T03:10:05","guid":{"rendered":"https:\/\/pagina10.com\/web\/?p=58490"},"modified":"2022-03-04T22:10:05","modified_gmt":"2022-03-05T03:10:05","slug":"listo-convenio-por-1-370-millones-que-permitira-construir-avenida-robert-rojas-en-buesaco","status":"publish","type":"post","link":"https:\/\/pagina10.com\/web\/listo-convenio-por-1-370-millones-que-permitira-construir-avenida-robert-rojas-en-buesaco\/","title":{"rendered":"Listo Convenio por $1.370 millones que permitir\u00e1 construir avenida \u2018Robert Rojas\u2019 en Buesaco"},"content":{"rendered":"<p style=\"text-align: justify;\">Como una obra que cambia la vida de los habitantes de Buesaco y en general de qui\u00e9nes habitan el norte del Departamento, calific\u00f3 el Gobernador de Nari\u00f1o, Jhon Rojas, la firma del convenio entregado por parte de la Directora de Prosperidad Social, Susana Correa, mediante el cual se inicia la construcci\u00f3n de lo que ser\u00e1 la avenida Robert Rojas, una v\u00eda que servir\u00e1 para desembotellar el tr\u00e1fico de la v\u00eda principal del municipio de Buesaco.<\/p>\n<div>\n&#8220;Empezamos a hacer realidad una obra que anhelan los habitantes de Buesaco. Con una inversi\u00f3n de $1.370 millones vamos a construir la avenida que se denomina Robert Rojas, en homenaje a mi padre, quien se destac\u00f3 como una persona que siempre sirvi\u00f3 a su municipio&#8221;, destac\u00f3 el mandatario departamental.<\/p>\n<div style=\"text-align: justify;\">\nEl Alcalde de Buesaco, Nilson L\u00f3pez, destac\u00f3 que el convenio qu\u00e9 posibilita la construcci\u00f3n de la obra fue una gesti\u00f3n conjunta entre la Alcald\u00eda y la Gobernaci\u00f3n de Nari\u00f1o. &#8220;Recibimos de la doctora Susana Correa, Directora de Prosperidad Social el convenio mediante el cual haremos posible esta obra. en la que hemos trabajado desde la Gobernaci\u00f3n de Nari\u00f1o y con el apoyo de la Alcald\u00eda de Buesaco, pues es una meta com\u00fan que tenemos con el Gobernador en beneficio de nuestro pueblo&#8221;, indic\u00f3.<\/div>\n<div style=\"text-align: justify;\">\nLa Directora de Prosperidad Social, Susana Correa hizo entrega oficial del convenio mediante el cual se garantizan los recursos del orden nacional para la financiaci\u00f3n de esta obra- La funcionaria manifest\u00f3 que esta era una deuda del Gobierno Nacional con Buesaco, por la gesti\u00f3n conjunta de los mandatarios qu\u00e9 permiti\u00f3 viabilizar y sacar adelante esta obra.<\/div>\n<\/div>\n","protected":false},"excerpt":{"rendered":"<p>Como una obra que cambia la vida de los habitantes de Buesaco y en general de qui\u00e9nes habitan el norte del Departamento, calific\u00f3 el Gobernador de Nari\u00f1o, Jhon Rojas, la firma del convenio entregado por parte de la Directora de Prosperidad Social, Susana Correa, mediante el cual se inicia la construcci\u00f3n de lo que ser\u00e1 [&hellip;]<\/p>\n","protected":false},"author":1,"featured_media":58491,"comment_status":"open","ping_status":"open","sticky":false,"template":"","format":"standard","meta":{"footnotes":""},"categories":[53],"tags":[],"class_list":["post-58490","post","type-post","status-publish","format-standard","has-post-thumbnail","hentry","category-regiones"],"yoast_head":"<!-- This site is optimized with the Yoast SEO plugin v27.1.1 - https:\/\/yoast.com\/product\/yoast-seo-wordpress\/ -->\n<title>Listo Convenio por $1.370 millones que permitir\u00e1 construir avenida \u2018Robert Rojas\u2019 en Buesaco | P\u00e1gina10<\/title>\n<meta name=\"robots\" content=\"index, follow, max-snippet:-1, max-image-preview:large, max-video-preview:-1\" \/>\n<link rel=\"canonical\" href=\"https:\/\/pagina10.com\/web\/listo-convenio-por-1-370-millones-que-permitira-construir-avenida-robert-rojas-en-buesaco\/\" \/>\n<meta property=\"og:locale\" content=\"es_ES\" \/>\n<meta property=\"og:type\" content=\"article\" \/>\n<meta property=\"og:title\" content=\"Listo Convenio por $1.370 millones que permitir\u00e1 construir avenida \u2018Robert Rojas\u2019 en Buesaco | P\u00e1gina10\" \/>\n<meta property=\"og:description\" content=\"Como una obra que cambia la vida de los habitantes de Buesaco y en general de qui\u00e9nes habitan el norte del Departamento, calific\u00f3 el Gobernador de Nari\u00f1o, Jhon Rojas, la firma del convenio entregado por parte de la Directora de Prosperidad Social, Susana Correa, mediante el cual se inicia la construcci\u00f3n de lo que ser\u00e1 [&hellip;]\" \/>\n<meta property=\"og:url\" content=\"https:\/\/pagina10.com\/web\/listo-convenio-por-1-370-millones-que-permitira-construir-avenida-robert-rojas-en-buesaco\/\" \/>\n<meta property=\"og:site_name\" content=\"P\u00e1gina10\" \/>\n<meta property=\"article:publisher\" content=\"https:\/\/www.facebook.com\/pag10com\" \/>\n<meta property=\"article:published_time\" content=\"2022-03-05T03:10:05+00:00\" \/>\n<meta property=\"og:image\" content=\"https:\/\/pagina10.com\/web\/wp-content\/uploads\/2022\/03\/274924134_3454241038033363_236611070420000870_n.jpg\" \/>\n\t<meta property=\"og:image:width\" content=\"1920\" \/>\n\t<meta property=\"og:image:height\" content=\"1080\" \/>\n\t<meta property=\"og:image:type\" content=\"image\/jpeg\" \/>\n<meta name=\"author\" content=\"P\u00e1gina 10\" \/>\n<meta name=\"twitter:card\" content=\"summary_large_image\" \/>\n<meta name=\"twitter:creator\" content=\"@Pag10com\" \/>\n<meta name=\"twitter:site\" content=\"@Pag10com\" \/>\n<meta name=\"twitter:label1\" content=\"Escrito por\" \/>\n\t<meta name=\"twitter:data1\" content=\"P\u00e1gina 10\" \/>\n\t<meta name=\"twitter:label2\" content=\"Tiempo de lectura\" \/>\n\t<meta name=\"twitter:data2\" content=\"1 minuto\" \/>\n<script type=\"application\/ld+json\" class=\"yoast-schema-graph\">{\"@context\":\"https:\/\/schema.org\",\"@graph\":[{\"@type\":\"Article\",\"@id\":\"https:\/\/pagina10.com\/web\/listo-convenio-por-1-370-millones-que-permitira-construir-avenida-robert-rojas-en-buesaco\/#article\",\"isPartOf\":{\"@id\":\"https:\/\/pagina10.com\/web\/listo-convenio-por-1-370-millones-que-permitira-construir-avenida-robert-rojas-en-buesaco\/\"},\"author\":{\"name\":\"P\u00e1gina 10\",\"@id\":\"https:\/\/pagina10.com\/web\/#\/schema\/person\/2efc4a090d25b667d3bc796798a3a81b\"},\"headline\":\"Listo Convenio por $1.370 millones que permitir\u00e1 construir avenida \u2018Robert Rojas\u2019 en Buesaco\",\"datePublished\":\"2022-03-05T03:10:05+00:00\",\"mainEntityOfPage\":{\"@id\":\"https:\/\/pagina10.com\/web\/listo-convenio-por-1-370-millones-que-permitira-construir-avenida-robert-rojas-en-buesaco\/\"},\"wordCount\":293,\"commentCount\":0,\"publisher\":{\"@id\":\"https:\/\/pagina10.com\/web\/#organization\"},\"image\":{\"@id\":\"https:\/\/pagina10.com\/web\/listo-convenio-por-1-370-millones-que-permitira-construir-avenida-robert-rojas-en-buesaco\/#primaryimage\"},\"thumbnailUrl\":\"https:\/\/pagina10.com\/web\/wp-content\/uploads\/2022\/03\/274924134_3454241038033363_236611070420000870_n.jpg\",\"articleSection\":[\"Regiones\"],\"inLanguage\":\"es\",\"potentialAction\":[{\"@type\":\"CommentAction\",\"name\":\"Comment\",\"target\":[\"https:\/\/pagina10.com\/web\/listo-convenio-por-1-370-millones-que-permitira-construir-avenida-robert-rojas-en-buesaco\/#respond\"]}]},{\"@type\":\"WebPage\",\"@id\":\"https:\/\/pagina10.com\/web\/listo-convenio-por-1-370-millones-que-permitira-construir-avenida-robert-rojas-en-buesaco\/\",\"url\":\"https:\/\/pagina10.com\/web\/listo-convenio-por-1-370-millones-que-permitira-construir-avenida-robert-rojas-en-buesaco\/\",\"name\":\"Listo Convenio por $1.370 millones que permitir\u00e1 construir avenida \u2018Robert Rojas\u2019 en Buesaco | P\u00e1gina10\",\"isPartOf\":{\"@id\":\"https:\/\/pagina10.com\/web\/#website\"},\"primaryImageOfPage\":{\"@id\":\"https:\/\/pagina10.com\/web\/listo-convenio-por-1-370-millones-que-permitira-construir-avenida-robert-rojas-en-buesaco\/#primaryimage\"},\"image\":{\"@id\":\"https:\/\/pagina10.com\/web\/listo-convenio-por-1-370-millones-que-permitira-construir-avenida-robert-rojas-en-buesaco\/#primaryimage\"},\"thumbnailUrl\":\"https:\/\/pagina10.com\/web\/wp-content\/uploads\/2022\/03\/274924134_3454241038033363_236611070420000870_n.jpg\",\"datePublished\":\"2022-03-05T03:10:05+00:00\",\"breadcrumb\":{\"@id\":\"https:\/\/pagina10.com\/web\/listo-convenio-por-1-370-millones-que-permitira-construir-avenida-robert-rojas-en-buesaco\/#breadcrumb\"},\"inLanguage\":\"es\",\"potentialAction\":[{\"@type\":\"ReadAction\",\"target\":[\"https:\/\/pagina10.com\/web\/listo-convenio-por-1-370-millones-que-permitira-construir-avenida-robert-rojas-en-buesaco\/\"]}]},{\"@type\":\"ImageObject\",\"inLanguage\":\"es\",\"@id\":\"https:\/\/pagina10.com\/web\/listo-convenio-por-1-370-millones-que-permitira-construir-avenida-robert-rojas-en-buesaco\/#primaryimage\",\"url\":\"https:\/\/pagina10.com\/web\/wp-content\/uploads\/2022\/03\/274924134_3454241038033363_236611070420000870_n.jpg\",\"contentUrl\":\"https:\/\/pagina10.com\/web\/wp-content\/uploads\/2022\/03\/274924134_3454241038033363_236611070420000870_n.jpg\",\"width\":1920,\"height\":1080},{\"@type\":\"BreadcrumbList\",\"@id\":\"https:\/\/pagina10.com\/web\/listo-convenio-por-1-370-millones-que-permitira-construir-avenida-robert-rojas-en-buesaco\/#breadcrumb\",\"itemListElement\":[{\"@type\":\"ListItem\",\"position\":1,\"name\":\"Portada\",\"item\":\"https:\/\/pagina10.com\/web\/\"},{\"@type\":\"ListItem\",\"position\":2,\"name\":\"Listo Convenio por $1.370 millones que permitir\u00e1 construir avenida \u2018Robert Rojas\u2019 en Buesaco\"}]},{\"@type\":\"WebSite\",\"@id\":\"https:\/\/pagina10.com\/web\/#website\",\"url\":\"https:\/\/pagina10.com\/web\/\",\"name\":\"P\u00e1gina10\",\"description\":\"Peri\u00f3dico Regional\",\"publisher\":{\"@id\":\"https:\/\/pagina10.com\/web\/#organization\"},\"alternateName\":\"P\u00e1gina10 Peri\u00f3dico Regional\",\"potentialAction\":[{\"@type\":\"SearchAction\",\"target\":{\"@type\":\"EntryPoint\",\"urlTemplate\":\"https:\/\/pagina10.com\/web\/?s={search_term_string}\"},\"query-input\":{\"@type\":\"PropertyValueSpecification\",\"valueRequired\":true,\"valueName\":\"search_term_string\"}}],\"inLanguage\":\"es\"},{\"@type\":\"Organization\",\"@id\":\"https:\/\/pagina10.com\/web\/#organization\",\"name\":\"P\u00e1gina10\",\"alternateName\":\"P\u00e1gina10 Peri\u00f3dico Regional\",\"url\":\"https:\/\/pagina10.com\/web\/\",\"logo\":{\"@type\":\"ImageObject\",\"inLanguage\":\"es\",\"@id\":\"https:\/\/pagina10.com\/web\/#\/schema\/logo\/image\/\",\"url\":\"https:\/\/pagina10.com\/web\/wp-content\/uploads\/2024\/01\/40-pagina-10-periodico-regional-pasto.jpg\",\"contentUrl\":\"https:\/\/pagina10.com\/web\/wp-content\/uploads\/2024\/01\/40-pagina-10-periodico-regional-pasto.jpg\",\"width\":1280,\"height\":720,\"caption\":\"P\u00e1gina10\"},\"image\":{\"@id\":\"https:\/\/pagina10.com\/web\/#\/schema\/logo\/image\/\"},\"sameAs\":[\"https:\/\/www.facebook.com\/pag10com\",\"https:\/\/x.com\/Pag10com\",\"https:\/\/www.instagram.com\/pagina10col\/\",\"https:\/\/youtube.com\/channel\/pag10\",\"https:\/\/www.tiktok.com\/@p10col\"]},{\"@type\":\"Person\",\"@id\":\"https:\/\/pagina10.com\/web\/#\/schema\/person\/2efc4a090d25b667d3bc796798a3a81b\",\"name\":\"P\u00e1gina 10\",\"description\":\"P\u00e1gina 10 es un peri\u00f3dico regional que nace en Colombia, en el departamento de Nari\u00f1o, con un enfoque global, fundamentado en cuatro pilares esenciales: la libertad, el pluralismo, la inclusi\u00f3n y la independencia. P\u00e1gina 10 hace referencia a Nari\u00f1o como el d\u00e9cimo departamento creado en Colombia, despu\u00e9s de un proceso pol\u00edtico liderado por actores y actrices regionales con el fin de obtener la independencia y autonom\u00eda de nuestros territorios. Con la creaci\u00f3n de P\u00e1gina 10 se pretende abrir un escenario para el dialogo, la reflexi\u00f3n y el debate que se extienda a otras geograf\u00edas de Am\u00e9rica Latina y del planeta, en una apuesta por transformar colectivamente los desaf\u00edos de un mundo contempor\u00e1neo, m\u00e1s all\u00e1 de las fronteras impuestas.\",\"url\":\"https:\/\/pagina10.com\/web\/author\/pdiezadmin\/\"}]}<\/script>\n<!-- \/ Yoast SEO plugin. -->","yoast_head_json":{"title":"Listo Convenio por $1.370 millones que permitir\u00e1 construir avenida \u2018Robert Rojas\u2019 en Buesaco | P\u00e1gina10","robots":{"index":"index","follow":"follow","max-snippet":"max-snippet:-1","max-image-preview":"max-image-preview:large","max-video-preview":"max-video-preview:-1"},"canonical":"https:\/\/pagina10.com\/web\/listo-convenio-por-1-370-millones-que-permitira-construir-avenida-robert-rojas-en-buesaco\/","og_locale":"es_ES","og_type":"article","og_title":"Listo Convenio por $1.370 millones que permitir\u00e1 construir avenida \u2018Robert Rojas\u2019 en Buesaco | P\u00e1gina10","og_description":"Como una obra que cambia la vida de los habitantes de Buesaco y en general de qui\u00e9nes habitan el norte del Departamento, calific\u00f3 el Gobernador de Nari\u00f1o, Jhon Rojas, la firma del convenio entregado por parte de la Directora de Prosperidad Social, Susana Correa, mediante el cual se inicia la construcci\u00f3n de lo que ser\u00e1 [&hellip;]","og_url":"https:\/\/pagina10.com\/web\/listo-convenio-por-1-370-millones-que-permitira-construir-avenida-robert-rojas-en-buesaco\/","og_site_name":"P\u00e1gina10","article_publisher":"https:\/\/www.facebook.com\/pag10com","article_published_time":"2022-03-05T03:10:05+00:00","og_image":[{"width":1920,"height":1080,"url":"https:\/\/pagina10.com\/web\/wp-content\/uploads\/2022\/03\/274924134_3454241038033363_236611070420000870_n.jpg","type":"image\/jpeg"}],"author":"P\u00e1gina 10","twitter_card":"summary_large_image","twitter_creator":"@Pag10com","twitter_site":"@Pag10com","twitter_misc":{"Escrito por":"P\u00e1gina 10","Tiempo de lectura":"1 minuto"},"schema":{"@context":"https:\/\/schema.org","@graph":[{"@type":"Article","@id":"https:\/\/pagina10.com\/web\/listo-convenio-por-1-370-millones-que-permitira-construir-avenida-robert-rojas-en-buesaco\/#article","isPartOf":{"@id":"https:\/\/pagina10.com\/web\/listo-convenio-por-1-370-millones-que-permitira-construir-avenida-robert-rojas-en-buesaco\/"},"author":{"name":"P\u00e1gina 10","@id":"https:\/\/pagina10.com\/web\/#\/schema\/person\/2efc4a090d25b667d3bc796798a3a81b"},"headline":"Listo Convenio por $1.370 millones que permitir\u00e1 construir avenida \u2018Robert Rojas\u2019 en Buesaco","datePublished":"2022-03-05T03:10:05+00:00","mainEntityOfPage":{"@id":"https:\/\/pagina10.com\/web\/listo-convenio-por-1-370-millones-que-permitira-construir-avenida-robert-rojas-en-buesaco\/"},"wordCount":293,"commentCount":0,"publisher":{"@id":"https:\/\/pagina10.com\/web\/#organization"},"image":{"@id":"https:\/\/pagina10.com\/web\/listo-convenio-por-1-370-millones-que-permitira-construir-avenida-robert-rojas-en-buesaco\/#primaryimage"},"thumbnailUrl":"https:\/\/pagina10.com\/web\/wp-content\/uploads\/2022\/03\/274924134_3454241038033363_236611070420000870_n.jpg","articleSection":["Regiones"],"inLanguage":"es","potentialAction":[{"@type":"CommentAction","name":"Comment","target":["https:\/\/pagina10.com\/web\/listo-convenio-por-1-370-millones-que-permitira-construir-avenida-robert-rojas-en-buesaco\/#respond"]}]},{"@type":"WebPage","@id":"https:\/\/pagina10.com\/web\/listo-convenio-por-1-370-millones-que-permitira-construir-avenida-robert-rojas-en-buesaco\/","url":"https:\/\/pagina10.com\/web\/listo-convenio-por-1-370-millones-que-permitira-construir-avenida-robert-rojas-en-buesaco\/","name":"Listo Convenio por $1.370 millones que permitir\u00e1 construir avenida \u2018Robert Rojas\u2019 en Buesaco | P\u00e1gina10","isPartOf":{"@id":"https:\/\/pagina10.com\/web\/#website"},"primaryImageOfPage":{"@id":"https:\/\/pagina10.com\/web\/listo-convenio-por-1-370-millones-que-permitira-construir-avenida-robert-rojas-en-buesaco\/#primaryimage"},"image":{"@id":"https:\/\/pagina10.com\/web\/listo-convenio-por-1-370-millones-que-permitira-construir-avenida-robert-rojas-en-buesaco\/#primaryimage"},"thumbnailUrl":"https:\/\/pagina10.com\/web\/wp-content\/uploads\/2022\/03\/274924134_3454241038033363_236611070420000870_n.jpg","datePublished":"2022-03-05T03:10:05+00:00","breadcrumb":{"@id":"https:\/\/pagina10.com\/web\/listo-convenio-por-1-370-millones-que-permitira-construir-avenida-robert-rojas-en-buesaco\/#breadcrumb"},"inLanguage":"es","potentialAction":[{"@type":"ReadAction","target":["https:\/\/pagina10.com\/web\/listo-convenio-por-1-370-millones-que-permitira-construir-avenida-robert-rojas-en-buesaco\/"]}]},{"@type":"ImageObject","inLanguage":"es","@id":"https:\/\/pagina10.com\/web\/listo-convenio-por-1-370-millones-que-permitira-construir-avenida-robert-rojas-en-buesaco\/#primaryimage","url":"https:\/\/pagina10.com\/web\/wp-content\/uploads\/2022\/03\/274924134_3454241038033363_236611070420000870_n.jpg","contentUrl":"https:\/\/pagina10.com\/web\/wp-content\/uploads\/2022\/03\/274924134_3454241038033363_236611070420000870_n.jpg","width":1920,"height":1080},{"@type":"BreadcrumbList","@id":"https:\/\/pagina10.com\/web\/listo-convenio-por-1-370-millones-que-permitira-construir-avenida-robert-rojas-en-buesaco\/#breadcrumb","itemListElement":[{"@type":"ListItem","position":1,"name":"Portada","item":"https:\/\/pagina10.com\/web\/"},{"@type":"ListItem","position":2,"name":"Listo Convenio por $1.370 millones que permitir\u00e1 construir avenida \u2018Robert Rojas\u2019 en Buesaco"}]},{"@type":"WebSite","@id":"https:\/\/pagina10.com\/web\/#website","url":"https:\/\/pagina10.com\/web\/","name":"P\u00e1gina10","description":"Peri\u00f3dico Regional","publisher":{"@id":"https:\/\/pagina10.com\/web\/#organization"},"alternateName":"P\u00e1gina10 Peri\u00f3dico Regional","potentialAction":[{"@type":"SearchAction","target":{"@type":"EntryPoint","urlTemplate":"https:\/\/pagina10.com\/web\/?s={search_term_string}"},"query-input":{"@type":"PropertyValueSpecification","valueRequired":true,"valueName":"search_term_string"}}],"inLanguage":"es"},{"@type":"Organization","@id":"https:\/\/pagina10.com\/web\/#organization","name":"P\u00e1gina10","alternateName":"P\u00e1gina10 Peri\u00f3dico Regional","url":"https:\/\/pagina10.com\/web\/","logo":{"@type":"ImageObject","inLanguage":"es","@id":"https:\/\/pagina10.com\/web\/#\/schema\/logo\/image\/","url":"https:\/\/pagina10.com\/web\/wp-content\/uploads\/2024\/01\/40-pagina-10-periodico-regional-pasto.jpg","contentUrl":"https:\/\/pagina10.com\/web\/wp-content\/uploads\/2024\/01\/40-pagina-10-periodico-regional-pasto.jpg","width":1280,"height":720,"caption":"P\u00e1gina10"},"image":{"@id":"https:\/\/pagina10.com\/web\/#\/schema\/logo\/image\/"},"sameAs":["https:\/\/www.facebook.com\/pag10com","https:\/\/x.com\/Pag10com","https:\/\/www.instagram.com\/pagina10col\/","https:\/\/youtube.com\/channel\/pag10","https:\/\/www.tiktok.com\/@p10col"]},{"@type":"Person","@id":"https:\/\/pagina10.com\/web\/#\/schema\/person\/2efc4a090d25b667d3bc796798a3a81b","name":"P\u00e1gina 10","description":"P\u00e1gina 10 es un peri\u00f3dico regional que nace en Colombia, en el departamento de Nari\u00f1o, con un enfoque global, fundamentado en cuatro pilares esenciales: la libertad, el pluralismo, la inclusi\u00f3n y la independencia. P\u00e1gina 10 hace referencia a Nari\u00f1o como el d\u00e9cimo departamento creado en Colombia, despu\u00e9s de un proceso pol\u00edtico liderado por actores y actrices regionales con el fin de obtener la independencia y autonom\u00eda de nuestros territorios. Con la creaci\u00f3n de P\u00e1gina 10 se pretende abrir un escenario para el dialogo, la reflexi\u00f3n y el debate que se extienda a otras geograf\u00edas de Am\u00e9rica Latina y del planeta, en una apuesta por transformar colectivamente los desaf\u00edos de un mundo contempor\u00e1neo, m\u00e1s all\u00e1 de las fronteras impuestas.","url":"https:\/\/pagina10.com\/web\/author\/pdiezadmin\/"}]}},"_links":{"self":[{"href":"https:\/\/pagina10.com\/web\/wp-json\/wp\/v2\/posts\/58490","targetHints":{"allow":["GET"]}}],"collection":[{"href":"https:\/\/pagina10.com\/web\/wp-json\/wp\/v2\/posts"}],"about":[{"href":"https:\/\/pagina10.com\/web\/wp-json\/wp\/v2\/types\/post"}],"author":[{"embeddable":true,"href":"https:\/\/pagina10.com\/web\/wp-json\/wp\/v2\/users\/1"}],"replies":[{"embeddable":true,"href":"https:\/\/pagina10.com\/web\/wp-json\/wp\/v2\/comments?post=58490"}],"version-history":[{"count":1,"href":"https:\/\/pagina10.com\/web\/wp-json\/wp\/v2\/posts\/58490\/revisions"}],"predecessor-version":[{"id":58492,"href":"https:\/\/pagina10.com\/web\/wp-json\/wp\/v2\/posts\/58490\/revisions\/58492"}],"wp:featuredmedia":[{"embeddable":true,"href":"https:\/\/pagina10.com\/web\/wp-json\/wp\/v2\/media\/58491"}],"wp:attachment":[{"href":"https:\/\/pagina10.com\/web\/wp-json\/wp\/v2\/media?parent=58490"}],"wp:term":[{"taxonomy":"category","embeddable":true,"href":"https:\/\/pagina10.com\/web\/wp-json\/wp\/v2\/categories?post=58490"},{"taxonomy":"post_tag","embeddable":true,"href":"https:\/\/pagina10.com\/web\/wp-json\/wp\/v2\/tags?post=58490"}],"curies":[{"name":"wp","href":"https:\/\/api.w.org\/{rel}","templated":true}]}}