{"id":58500,"date":"2022-03-05T18:33:34","date_gmt":"2022-03-05T23:33:34","guid":{"rendered":"https:\/\/pagina10.com\/web\/?p=58500"},"modified":"2022-03-05T18:33:34","modified_gmt":"2022-03-05T23:33:34","slug":"fiscalia-imputo-cargos-a-tres-pescadores-ecuatorianos-que-estarian-involucrados-en-la-pesca-ilegal-de-especies-protegidas","status":"publish","type":"post","link":"https:\/\/pagina10.com\/web\/fiscalia-imputo-cargos-a-tres-pescadores-ecuatorianos-que-estarian-involucrados-en-la-pesca-ilegal-de-especies-protegidas\/","title":{"rendered":"Fiscal\u00eda imput\u00f3 cargos a tres pescadores ecuatorianos que estar\u00edan involucrados en la  pesca ilegal de especies protegidas"},"content":{"rendered":"<p style=\"text-align: justify;\">Un fiscal de la Estructura de Apoyo les imput\u00f3 cargos a Juan Alberto Vel\u00e1squez Monroy, Liller Mario Franco Ben\u00edtez y Lino Parteno Cuero Villota por su presunta responsabilidad en los delitos de aprovechamiento il\u00edcito de los recursos naturales renovables y pesca ilegal.<\/p>\n<p style=\"text-align: justify;\">Los tres hombres, de nacionalidad ecuatoriana, fueron capturados en tres embarcaciones que se encontraban realizando faenas de pesca en aguas colombianas sin contar con el permiso de las autoridades nacionales.<\/p>\n<p style=\"text-align: justify;\">La primera embarcaci\u00f3n, de nombre Virgen de Luj\u00e1n, con Juan Alberto Vel\u00e1squez Monroy a bordo, navegaba\u00a0a 4 millas n\u00e1uticas de este puerto, y fue inmovilizada por unidades de la Armada Nacional.<\/p>\n<p style=\"text-align: justify;\">El pescador no portaba documentos de propiedad de la embarcaci\u00f3n ni los permisos de zarpe ni de pesca, emitidos por las autoridades colombianas.<\/p>\n<p style=\"text-align: justify;\">La segunda embarcaci\u00f3n, de nombre Virgen de la Natividad, tripulada por Lino Parteno Carre\u00f1o Villota, tambi\u00e9n fue abordada por los infantes de marina quienes solicitaron los documentos de propiedad, pero el pescador asegur\u00f3 que no los ten\u00eda.<\/p>\n<p style=\"text-align: justify;\">La otra embarcaci\u00f3n, de nombre Virgen de la Carmen, tripulada por Liller Mario Franco Ben\u00edtez, tambi\u00e9n present\u00f3 las mismas irregularidades de las dos embarcaciones anteriores, por lo que fue inmovilizada.<\/p>\n<p style=\"text-align: justify;\">En los cuartos fr\u00edos fueron halladas en total 142 piezas de pez dorado con un peso neto de una tonelada 285 kilogramos, 3 piezas de at\u00fan con un peso de 13 kilogramos, 27 piezas de\u00a0tibur\u00f3n\u00a0pinto con un peso de 196 kilogramos y una pieza de pez banderon con un peso de 14 kilogramos.<\/p>\n<p style=\"text-align: justify;\">Luego de allanarse a los cargos imputados, el Juez Tercero Penal decidi\u00f3 no imponer medida de aseguramiento privativa de la libertad contra los tres pescadores, pero siguen vinculados a la investigaci\u00f3n.<\/p>\n","protected":false},"excerpt":{"rendered":"<p>Un fiscal de la Estructura de Apoyo les imput\u00f3 cargos a Juan Alberto Vel\u00e1squez Monroy, Liller Mario Franco Ben\u00edtez y Lino Parteno Cuero Villota por su presunta responsabilidad en los delitos de aprovechamiento il\u00edcito de los recursos naturales renovables y pesca ilegal. Los tres hombres, de nacionalidad ecuatoriana, fueron capturados en tres embarcaciones que se [&hellip;]<\/p>\n","protected":false},"author":1,"featured_media":58501,"comment_status":"open","ping_status":"open","sticky":false,"template":"","format":"standard","meta":{"footnotes":""},"categories":[61],"tags":[],"class_list":["post-58500","post","type-post","status-publish","format-standard","has-post-thumbnail","hentry","category-judicial"],"yoast_head":"<!-- This site is optimized with the Yoast SEO plugin v27.1.1 - https:\/\/yoast.com\/product\/yoast-seo-wordpress\/ -->\n<title>Fiscal\u00eda imput\u00f3 cargos a tres pescadores ecuatorianos que estar\u00edan involucrados en la pesca ilegal de especies protegidas | P\u00e1gina10<\/title>\n<meta name=\"robots\" content=\"index, follow, max-snippet:-1, max-image-preview:large, max-video-preview:-1\" \/>\n<link rel=\"canonical\" href=\"https:\/\/pagina10.com\/web\/fiscalia-imputo-cargos-a-tres-pescadores-ecuatorianos-que-estarian-involucrados-en-la-pesca-ilegal-de-especies-protegidas\/\" \/>\n<meta property=\"og:locale\" content=\"es_ES\" \/>\n<meta property=\"og:type\" content=\"article\" \/>\n<meta property=\"og:title\" content=\"Fiscal\u00eda imput\u00f3 cargos a tres pescadores ecuatorianos que estar\u00edan involucrados en la pesca ilegal de especies protegidas | P\u00e1gina10\" \/>\n<meta property=\"og:description\" content=\"Un fiscal de la Estructura de Apoyo les imput\u00f3 cargos a Juan Alberto Vel\u00e1squez Monroy, Liller Mario Franco Ben\u00edtez y Lino Parteno Cuero Villota por su presunta responsabilidad en los delitos de aprovechamiento il\u00edcito de los recursos naturales renovables y pesca ilegal. Los tres hombres, de nacionalidad ecuatoriana, fueron capturados en tres embarcaciones que se [&hellip;]\" \/>\n<meta property=\"og:url\" content=\"https:\/\/pagina10.com\/web\/fiscalia-imputo-cargos-a-tres-pescadores-ecuatorianos-que-estarian-involucrados-en-la-pesca-ilegal-de-especies-protegidas\/\" \/>\n<meta property=\"og:site_name\" content=\"P\u00e1gina10\" \/>\n<meta property=\"article:publisher\" content=\"https:\/\/www.facebook.com\/pag10com\" \/>\n<meta property=\"article:published_time\" content=\"2022-03-05T23:33:34+00:00\" \/>\n<meta property=\"og:image\" content=\"https:\/\/pagina10.com\/web\/wp-content\/uploads\/2022\/03\/Captura-de-Pantalla-2022-03-05-a-las-6.31.57-p.-m..png\" \/>\n\t<meta property=\"og:image:width\" content=\"674\" \/>\n\t<meta property=\"og:image:height\" content=\"376\" \/>\n\t<meta property=\"og:image:type\" content=\"image\/png\" \/>\n<meta name=\"author\" content=\"P\u00e1gina 10\" \/>\n<meta name=\"twitter:card\" content=\"summary_large_image\" \/>\n<meta name=\"twitter:creator\" content=\"@Pag10com\" \/>\n<meta name=\"twitter:site\" content=\"@Pag10com\" \/>\n<meta name=\"twitter:label1\" content=\"Escrito por\" \/>\n\t<meta name=\"twitter:data1\" content=\"P\u00e1gina 10\" \/>\n\t<meta name=\"twitter:label2\" content=\"Tiempo de lectura\" \/>\n\t<meta name=\"twitter:data2\" content=\"1 minuto\" \/>\n<script type=\"application\/ld+json\" class=\"yoast-schema-graph\">{\"@context\":\"https:\/\/schema.org\",\"@graph\":[{\"@type\":\"Article\",\"@id\":\"https:\/\/pagina10.com\/web\/fiscalia-imputo-cargos-a-tres-pescadores-ecuatorianos-que-estarian-involucrados-en-la-pesca-ilegal-de-especies-protegidas\/#article\",\"isPartOf\":{\"@id\":\"https:\/\/pagina10.com\/web\/fiscalia-imputo-cargos-a-tres-pescadores-ecuatorianos-que-estarian-involucrados-en-la-pesca-ilegal-de-especies-protegidas\/\"},\"author\":{\"name\":\"P\u00e1gina 10\",\"@id\":\"https:\/\/pagina10.com\/web\/#\/schema\/person\/2efc4a090d25b667d3bc796798a3a81b\"},\"headline\":\"Fiscal\u00eda imput\u00f3 cargos a tres pescadores ecuatorianos que estar\u00edan involucrados en la pesca ilegal de especies protegidas\",\"datePublished\":\"2022-03-05T23:33:34+00:00\",\"mainEntityOfPage\":{\"@id\":\"https:\/\/pagina10.com\/web\/fiscalia-imputo-cargos-a-tres-pescadores-ecuatorianos-que-estarian-involucrados-en-la-pesca-ilegal-de-especies-protegidas\/\"},\"wordCount\":310,\"commentCount\":0,\"publisher\":{\"@id\":\"https:\/\/pagina10.com\/web\/#organization\"},\"image\":{\"@id\":\"https:\/\/pagina10.com\/web\/fiscalia-imputo-cargos-a-tres-pescadores-ecuatorianos-que-estarian-involucrados-en-la-pesca-ilegal-de-especies-protegidas\/#primaryimage\"},\"thumbnailUrl\":\"https:\/\/pagina10.com\/web\/wp-content\/uploads\/2022\/03\/Captura-de-Pantalla-2022-03-05-a-las-6.31.57-p.-m..png\",\"articleSection\":[\"Judicial\"],\"inLanguage\":\"es\",\"potentialAction\":[{\"@type\":\"CommentAction\",\"name\":\"Comment\",\"target\":[\"https:\/\/pagina10.com\/web\/fiscalia-imputo-cargos-a-tres-pescadores-ecuatorianos-que-estarian-involucrados-en-la-pesca-ilegal-de-especies-protegidas\/#respond\"]}]},{\"@type\":\"WebPage\",\"@id\":\"https:\/\/pagina10.com\/web\/fiscalia-imputo-cargos-a-tres-pescadores-ecuatorianos-que-estarian-involucrados-en-la-pesca-ilegal-de-especies-protegidas\/\",\"url\":\"https:\/\/pagina10.com\/web\/fiscalia-imputo-cargos-a-tres-pescadores-ecuatorianos-que-estarian-involucrados-en-la-pesca-ilegal-de-especies-protegidas\/\",\"name\":\"Fiscal\u00eda imput\u00f3 cargos a tres pescadores ecuatorianos que estar\u00edan involucrados en la pesca ilegal de especies protegidas | P\u00e1gina10\",\"isPartOf\":{\"@id\":\"https:\/\/pagina10.com\/web\/#website\"},\"primaryImageOfPage\":{\"@id\":\"https:\/\/pagina10.com\/web\/fiscalia-imputo-cargos-a-tres-pescadores-ecuatorianos-que-estarian-involucrados-en-la-pesca-ilegal-de-especies-protegidas\/#primaryimage\"},\"image\":{\"@id\":\"https:\/\/pagina10.com\/web\/fiscalia-imputo-cargos-a-tres-pescadores-ecuatorianos-que-estarian-involucrados-en-la-pesca-ilegal-de-especies-protegidas\/#primaryimage\"},\"thumbnailUrl\":\"https:\/\/pagina10.com\/web\/wp-content\/uploads\/2022\/03\/Captura-de-Pantalla-2022-03-05-a-las-6.31.57-p.-m..png\",\"datePublished\":\"2022-03-05T23:33:34+00:00\",\"breadcrumb\":{\"@id\":\"https:\/\/pagina10.com\/web\/fiscalia-imputo-cargos-a-tres-pescadores-ecuatorianos-que-estarian-involucrados-en-la-pesca-ilegal-de-especies-protegidas\/#breadcrumb\"},\"inLanguage\":\"es\",\"potentialAction\":[{\"@type\":\"ReadAction\",\"target\":[\"https:\/\/pagina10.com\/web\/fiscalia-imputo-cargos-a-tres-pescadores-ecuatorianos-que-estarian-involucrados-en-la-pesca-ilegal-de-especies-protegidas\/\"]}]},{\"@type\":\"ImageObject\",\"inLanguage\":\"es\",\"@id\":\"https:\/\/pagina10.com\/web\/fiscalia-imputo-cargos-a-tres-pescadores-ecuatorianos-que-estarian-involucrados-en-la-pesca-ilegal-de-especies-protegidas\/#primaryimage\",\"url\":\"https:\/\/pagina10.com\/web\/wp-content\/uploads\/2022\/03\/Captura-de-Pantalla-2022-03-05-a-las-6.31.57-p.-m..png\",\"contentUrl\":\"https:\/\/pagina10.com\/web\/wp-content\/uploads\/2022\/03\/Captura-de-Pantalla-2022-03-05-a-las-6.31.57-p.-m..png\",\"width\":674,\"height\":376},{\"@type\":\"BreadcrumbList\",\"@id\":\"https:\/\/pagina10.com\/web\/fiscalia-imputo-cargos-a-tres-pescadores-ecuatorianos-que-estarian-involucrados-en-la-pesca-ilegal-de-especies-protegidas\/#breadcrumb\",\"itemListElement\":[{\"@type\":\"ListItem\",\"position\":1,\"name\":\"Portada\",\"item\":\"https:\/\/pagina10.com\/web\/\"},{\"@type\":\"ListItem\",\"position\":2,\"name\":\"Fiscal\u00eda imput\u00f3 cargos a tres pescadores ecuatorianos que estar\u00edan involucrados en la pesca ilegal de especies protegidas\"}]},{\"@type\":\"WebSite\",\"@id\":\"https:\/\/pagina10.com\/web\/#website\",\"url\":\"https:\/\/pagina10.com\/web\/\",\"name\":\"P\u00e1gina10\",\"description\":\"Peri\u00f3dico Regional\",\"publisher\":{\"@id\":\"https:\/\/pagina10.com\/web\/#organization\"},\"alternateName\":\"P\u00e1gina10 Peri\u00f3dico Regional\",\"potentialAction\":[{\"@type\":\"SearchAction\",\"target\":{\"@type\":\"EntryPoint\",\"urlTemplate\":\"https:\/\/pagina10.com\/web\/?s={search_term_string}\"},\"query-input\":{\"@type\":\"PropertyValueSpecification\",\"valueRequired\":true,\"valueName\":\"search_term_string\"}}],\"inLanguage\":\"es\"},{\"@type\":\"Organization\",\"@id\":\"https:\/\/pagina10.com\/web\/#organization\",\"name\":\"P\u00e1gina10\",\"alternateName\":\"P\u00e1gina10 Peri\u00f3dico Regional\",\"url\":\"https:\/\/pagina10.com\/web\/\",\"logo\":{\"@type\":\"ImageObject\",\"inLanguage\":\"es\",\"@id\":\"https:\/\/pagina10.com\/web\/#\/schema\/logo\/image\/\",\"url\":\"https:\/\/pagina10.com\/web\/wp-content\/uploads\/2024\/01\/40-pagina-10-periodico-regional-pasto.jpg\",\"contentUrl\":\"https:\/\/pagina10.com\/web\/wp-content\/uploads\/2024\/01\/40-pagina-10-periodico-regional-pasto.jpg\",\"width\":1280,\"height\":720,\"caption\":\"P\u00e1gina10\"},\"image\":{\"@id\":\"https:\/\/pagina10.com\/web\/#\/schema\/logo\/image\/\"},\"sameAs\":[\"https:\/\/www.facebook.com\/pag10com\",\"https:\/\/x.com\/Pag10com\",\"https:\/\/www.instagram.com\/pagina10col\/\",\"https:\/\/youtube.com\/channel\/pag10\",\"https:\/\/www.tiktok.com\/@p10col\"]},{\"@type\":\"Person\",\"@id\":\"https:\/\/pagina10.com\/web\/#\/schema\/person\/2efc4a090d25b667d3bc796798a3a81b\",\"name\":\"P\u00e1gina 10\",\"description\":\"P\u00e1gina 10 es un peri\u00f3dico regional que nace en Colombia, en el departamento de Nari\u00f1o, con un enfoque global, fundamentado en cuatro pilares esenciales: la libertad, el pluralismo, la inclusi\u00f3n y la independencia. P\u00e1gina 10 hace referencia a Nari\u00f1o como el d\u00e9cimo departamento creado en Colombia, despu\u00e9s de un proceso pol\u00edtico liderado por actores y actrices regionales con el fin de obtener la independencia y autonom\u00eda de nuestros territorios. Con la creaci\u00f3n de P\u00e1gina 10 se pretende abrir un escenario para el dialogo, la reflexi\u00f3n y el debate que se extienda a otras geograf\u00edas de Am\u00e9rica Latina y del planeta, en una apuesta por transformar colectivamente los desaf\u00edos de un mundo contempor\u00e1neo, m\u00e1s all\u00e1 de las fronteras impuestas.\",\"url\":\"https:\/\/pagina10.com\/web\/author\/pdiezadmin\/\"}]}<\/script>\n<!-- \/ Yoast SEO plugin. -->","yoast_head_json":{"title":"Fiscal\u00eda imput\u00f3 cargos a tres pescadores ecuatorianos que estar\u00edan involucrados en la pesca ilegal de especies protegidas | P\u00e1gina10","robots":{"index":"index","follow":"follow","max-snippet":"max-snippet:-1","max-image-preview":"max-image-preview:large","max-video-preview":"max-video-preview:-1"},"canonical":"https:\/\/pagina10.com\/web\/fiscalia-imputo-cargos-a-tres-pescadores-ecuatorianos-que-estarian-involucrados-en-la-pesca-ilegal-de-especies-protegidas\/","og_locale":"es_ES","og_type":"article","og_title":"Fiscal\u00eda imput\u00f3 cargos a tres pescadores ecuatorianos que estar\u00edan involucrados en la pesca ilegal de especies protegidas | P\u00e1gina10","og_description":"Un fiscal de la Estructura de Apoyo les imput\u00f3 cargos a Juan Alberto Vel\u00e1squez Monroy, Liller Mario Franco Ben\u00edtez y Lino Parteno Cuero Villota por su presunta responsabilidad en los delitos de aprovechamiento il\u00edcito de los recursos naturales renovables y pesca ilegal. Los tres hombres, de nacionalidad ecuatoriana, fueron capturados en tres embarcaciones que se [&hellip;]","og_url":"https:\/\/pagina10.com\/web\/fiscalia-imputo-cargos-a-tres-pescadores-ecuatorianos-que-estarian-involucrados-en-la-pesca-ilegal-de-especies-protegidas\/","og_site_name":"P\u00e1gina10","article_publisher":"https:\/\/www.facebook.com\/pag10com","article_published_time":"2022-03-05T23:33:34+00:00","og_image":[{"width":674,"height":376,"url":"https:\/\/pagina10.com\/web\/wp-content\/uploads\/2022\/03\/Captura-de-Pantalla-2022-03-05-a-las-6.31.57-p.-m..png","type":"image\/png"}],"author":"P\u00e1gina 10","twitter_card":"summary_large_image","twitter_creator":"@Pag10com","twitter_site":"@Pag10com","twitter_misc":{"Escrito por":"P\u00e1gina 10","Tiempo de lectura":"1 minuto"},"schema":{"@context":"https:\/\/schema.org","@graph":[{"@type":"Article","@id":"https:\/\/pagina10.com\/web\/fiscalia-imputo-cargos-a-tres-pescadores-ecuatorianos-que-estarian-involucrados-en-la-pesca-ilegal-de-especies-protegidas\/#article","isPartOf":{"@id":"https:\/\/pagina10.com\/web\/fiscalia-imputo-cargos-a-tres-pescadores-ecuatorianos-que-estarian-involucrados-en-la-pesca-ilegal-de-especies-protegidas\/"},"author":{"name":"P\u00e1gina 10","@id":"https:\/\/pagina10.com\/web\/#\/schema\/person\/2efc4a090d25b667d3bc796798a3a81b"},"headline":"Fiscal\u00eda imput\u00f3 cargos a tres pescadores ecuatorianos que estar\u00edan involucrados en la pesca ilegal de especies protegidas","datePublished":"2022-03-05T23:33:34+00:00","mainEntityOfPage":{"@id":"https:\/\/pagina10.com\/web\/fiscalia-imputo-cargos-a-tres-pescadores-ecuatorianos-que-estarian-involucrados-en-la-pesca-ilegal-de-especies-protegidas\/"},"wordCount":310,"commentCount":0,"publisher":{"@id":"https:\/\/pagina10.com\/web\/#organization"},"image":{"@id":"https:\/\/pagina10.com\/web\/fiscalia-imputo-cargos-a-tres-pescadores-ecuatorianos-que-estarian-involucrados-en-la-pesca-ilegal-de-especies-protegidas\/#primaryimage"},"thumbnailUrl":"https:\/\/pagina10.com\/web\/wp-content\/uploads\/2022\/03\/Captura-de-Pantalla-2022-03-05-a-las-6.31.57-p.-m..png","articleSection":["Judicial"],"inLanguage":"es","potentialAction":[{"@type":"CommentAction","name":"Comment","target":["https:\/\/pagina10.com\/web\/fiscalia-imputo-cargos-a-tres-pescadores-ecuatorianos-que-estarian-involucrados-en-la-pesca-ilegal-de-especies-protegidas\/#respond"]}]},{"@type":"WebPage","@id":"https:\/\/pagina10.com\/web\/fiscalia-imputo-cargos-a-tres-pescadores-ecuatorianos-que-estarian-involucrados-en-la-pesca-ilegal-de-especies-protegidas\/","url":"https:\/\/pagina10.com\/web\/fiscalia-imputo-cargos-a-tres-pescadores-ecuatorianos-que-estarian-involucrados-en-la-pesca-ilegal-de-especies-protegidas\/","name":"Fiscal\u00eda imput\u00f3 cargos a tres pescadores ecuatorianos que estar\u00edan involucrados en la pesca ilegal de especies protegidas | P\u00e1gina10","isPartOf":{"@id":"https:\/\/pagina10.com\/web\/#website"},"primaryImageOfPage":{"@id":"https:\/\/pagina10.com\/web\/fiscalia-imputo-cargos-a-tres-pescadores-ecuatorianos-que-estarian-involucrados-en-la-pesca-ilegal-de-especies-protegidas\/#primaryimage"},"image":{"@id":"https:\/\/pagina10.com\/web\/fiscalia-imputo-cargos-a-tres-pescadores-ecuatorianos-que-estarian-involucrados-en-la-pesca-ilegal-de-especies-protegidas\/#primaryimage"},"thumbnailUrl":"https:\/\/pagina10.com\/web\/wp-content\/uploads\/2022\/03\/Captura-de-Pantalla-2022-03-05-a-las-6.31.57-p.-m..png","datePublished":"2022-03-05T23:33:34+00:00","breadcrumb":{"@id":"https:\/\/pagina10.com\/web\/fiscalia-imputo-cargos-a-tres-pescadores-ecuatorianos-que-estarian-involucrados-en-la-pesca-ilegal-de-especies-protegidas\/#breadcrumb"},"inLanguage":"es","potentialAction":[{"@type":"ReadAction","target":["https:\/\/pagina10.com\/web\/fiscalia-imputo-cargos-a-tres-pescadores-ecuatorianos-que-estarian-involucrados-en-la-pesca-ilegal-de-especies-protegidas\/"]}]},{"@type":"ImageObject","inLanguage":"es","@id":"https:\/\/pagina10.com\/web\/fiscalia-imputo-cargos-a-tres-pescadores-ecuatorianos-que-estarian-involucrados-en-la-pesca-ilegal-de-especies-protegidas\/#primaryimage","url":"https:\/\/pagina10.com\/web\/wp-content\/uploads\/2022\/03\/Captura-de-Pantalla-2022-03-05-a-las-6.31.57-p.-m..png","contentUrl":"https:\/\/pagina10.com\/web\/wp-content\/uploads\/2022\/03\/Captura-de-Pantalla-2022-03-05-a-las-6.31.57-p.-m..png","width":674,"height":376},{"@type":"BreadcrumbList","@id":"https:\/\/pagina10.com\/web\/fiscalia-imputo-cargos-a-tres-pescadores-ecuatorianos-que-estarian-involucrados-en-la-pesca-ilegal-de-especies-protegidas\/#breadcrumb","itemListElement":[{"@type":"ListItem","position":1,"name":"Portada","item":"https:\/\/pagina10.com\/web\/"},{"@type":"ListItem","position":2,"name":"Fiscal\u00eda imput\u00f3 cargos a tres pescadores ecuatorianos que estar\u00edan involucrados en la pesca ilegal de especies protegidas"}]},{"@type":"WebSite","@id":"https:\/\/pagina10.com\/web\/#website","url":"https:\/\/pagina10.com\/web\/","name":"P\u00e1gina10","description":"Peri\u00f3dico Regional","publisher":{"@id":"https:\/\/pagina10.com\/web\/#organization"},"alternateName":"P\u00e1gina10 Peri\u00f3dico Regional","potentialAction":[{"@type":"SearchAction","target":{"@type":"EntryPoint","urlTemplate":"https:\/\/pagina10.com\/web\/?s={search_term_string}"},"query-input":{"@type":"PropertyValueSpecification","valueRequired":true,"valueName":"search_term_string"}}],"inLanguage":"es"},{"@type":"Organization","@id":"https:\/\/pagina10.com\/web\/#organization","name":"P\u00e1gina10","alternateName":"P\u00e1gina10 Peri\u00f3dico Regional","url":"https:\/\/pagina10.com\/web\/","logo":{"@type":"ImageObject","inLanguage":"es","@id":"https:\/\/pagina10.com\/web\/#\/schema\/logo\/image\/","url":"https:\/\/pagina10.com\/web\/wp-content\/uploads\/2024\/01\/40-pagina-10-periodico-regional-pasto.jpg","contentUrl":"https:\/\/pagina10.com\/web\/wp-content\/uploads\/2024\/01\/40-pagina-10-periodico-regional-pasto.jpg","width":1280,"height":720,"caption":"P\u00e1gina10"},"image":{"@id":"https:\/\/pagina10.com\/web\/#\/schema\/logo\/image\/"},"sameAs":["https:\/\/www.facebook.com\/pag10com","https:\/\/x.com\/Pag10com","https:\/\/www.instagram.com\/pagina10col\/","https:\/\/youtube.com\/channel\/pag10","https:\/\/www.tiktok.com\/@p10col"]},{"@type":"Person","@id":"https:\/\/pagina10.com\/web\/#\/schema\/person\/2efc4a090d25b667d3bc796798a3a81b","name":"P\u00e1gina 10","description":"P\u00e1gina 10 es un peri\u00f3dico regional que nace en Colombia, en el departamento de Nari\u00f1o, con un enfoque global, fundamentado en cuatro pilares esenciales: la libertad, el pluralismo, la inclusi\u00f3n y la independencia. P\u00e1gina 10 hace referencia a Nari\u00f1o como el d\u00e9cimo departamento creado en Colombia, despu\u00e9s de un proceso pol\u00edtico liderado por actores y actrices regionales con el fin de obtener la independencia y autonom\u00eda de nuestros territorios. Con la creaci\u00f3n de P\u00e1gina 10 se pretende abrir un escenario para el dialogo, la reflexi\u00f3n y el debate que se extienda a otras geograf\u00edas de Am\u00e9rica Latina y del planeta, en una apuesta por transformar colectivamente los desaf\u00edos de un mundo contempor\u00e1neo, m\u00e1s all\u00e1 de las fronteras impuestas.","url":"https:\/\/pagina10.com\/web\/author\/pdiezadmin\/"}]}},"_links":{"self":[{"href":"https:\/\/pagina10.com\/web\/wp-json\/wp\/v2\/posts\/58500","targetHints":{"allow":["GET"]}}],"collection":[{"href":"https:\/\/pagina10.com\/web\/wp-json\/wp\/v2\/posts"}],"about":[{"href":"https:\/\/pagina10.com\/web\/wp-json\/wp\/v2\/types\/post"}],"author":[{"embeddable":true,"href":"https:\/\/pagina10.com\/web\/wp-json\/wp\/v2\/users\/1"}],"replies":[{"embeddable":true,"href":"https:\/\/pagina10.com\/web\/wp-json\/wp\/v2\/comments?post=58500"}],"version-history":[{"count":1,"href":"https:\/\/pagina10.com\/web\/wp-json\/wp\/v2\/posts\/58500\/revisions"}],"predecessor-version":[{"id":58502,"href":"https:\/\/pagina10.com\/web\/wp-json\/wp\/v2\/posts\/58500\/revisions\/58502"}],"wp:featuredmedia":[{"embeddable":true,"href":"https:\/\/pagina10.com\/web\/wp-json\/wp\/v2\/media\/58501"}],"wp:attachment":[{"href":"https:\/\/pagina10.com\/web\/wp-json\/wp\/v2\/media?parent=58500"}],"wp:term":[{"taxonomy":"category","embeddable":true,"href":"https:\/\/pagina10.com\/web\/wp-json\/wp\/v2\/categories?post=58500"},{"taxonomy":"post_tag","embeddable":true,"href":"https:\/\/pagina10.com\/web\/wp-json\/wp\/v2\/tags?post=58500"}],"curies":[{"name":"wp","href":"https:\/\/api.w.org\/{rel}","templated":true}]}}