{"id":58503,"date":"2022-03-05T18:41:51","date_gmt":"2022-03-05T23:41:51","guid":{"rendered":"https:\/\/pagina10.com\/web\/?p=58503"},"modified":"2022-03-05T18:41:51","modified_gmt":"2022-03-05T23:41:51","slug":"desmantelada-la-banda-more-los-lte-dedicada-al-hurto-y-porte-ilegal-de-armas-lesiones-personales-y-utilizacion-de-uniformes-de-uso-privativo","status":"publish","type":"post","link":"https:\/\/pagina10.com\/web\/desmantelada-la-banda-more-los-lte-dedicada-al-hurto-y-porte-ilegal-de-armas-lesiones-personales-y-utilizacion-de-uniformes-de-uso-privativo\/","title":{"rendered":"Desmantelada la banda \u2018More Los LTE\u2019 dedicada al hurto y porte ilegal de armas, lesiones personales y utilizaci\u00f3n de uniformes de uso privativo"},"content":{"rendered":"<h4 style=\"text-align: justify;\">Los 7 integrantes de la estructura criminal son familiares y durante los asaltos, presuntamente, golpeaban a sus v\u00edctimas provoc\u00e1ndoles fracturas en sus rostros.<\/h4>\n<p style=\"text-align: justify;\">Un juez penal municipal de Pasto (Nari\u00f1o) acogi\u00f3 la solicitud de un fiscal de Estructura de Apoyo y cobij\u00f3 con medida de aseguramiento en centro carcelario a 7 presuntos integrantes del grupo armado delincuencial \u2018Mored Los LTE\u2019, todos familiares, dedicados al hurto calificado, porte ilegal de armas de fuego y la utilizaci\u00f3n de uniformes de uso privativo.<\/p>\n<p style=\"text-align: justify;\">La banda More Los LTE, integrada por 7 familiares, habr\u00edan destinado el corregimiento de Guamalt\u00e1n, zona rural de Pasto, como su centro de actividades delictivas contra los habitantes del sector, asalt\u00e1ndolos con armas cortopunzantes y provoc\u00e1ndoles lesiones en sus rostros a varios de ellos.<\/p>\n<p style=\"text-align: justify;\">Los cobijados con la medida son Christian Steven Cuatis Maigual, Naren Maigual Achicanoy, Jhony Alexander Rodr\u00edguez Maigual, Danny Johan Maigual Achicanoy, Dar\u00edo Alexander Criollo Maigual, Fabi\u00e1n Eduardo, Maigual Potos\u00ec y Luis Antonio Criollo Maigual.<\/p>\n<p style=\"text-align: justify;\">La Fiscal\u00eda les imput\u00f3 cargos por hurto calificado y agravado,\u00a0<a href=\"https:\/\/www.fiscalia.gov.co\/colombia\/noticias\/detencion-intramuros-para-hombre-por-tentativa-de-homicidio-y-lesiones-personales-contra-un-menor-de-edad-y-otra-persona\/\" data-saferedirecturl=\"https:\/\/www.google.com\/url?q=https:\/\/www.fiscalia.gov.co\/colombia\/noticias\/detencion-intramuros-para-hombre-por-tentativa-de-homicidio-y-lesiones-personales-contra-un-menor-de-edad-y-otra-persona\/&amp;source=gmail&amp;ust=1646411379254000&amp;usg=AOvVaw0dNZo_lr-ftJ0tHSMwuGum\">lesiones personales<\/a>, fabricaci\u00f3n, tr\u00e1fico, y porte de armas de fuego, accesorios, partes, y municiones, y\u00a0<a href=\"https:\/\/www.fiscalia.gov.co\/colombia\/seccionales\/carcel-para-dos-hombres-que-portaban-armas-y-uniformes-de-la-fuerza-publica-en-cali\/\" data-saferedirecturl=\"https:\/\/www.google.com\/url?q=https:\/\/www.fiscalia.gov.co\/colombia\/seccionales\/carcel-para-dos-hombres-que-portaban-armas-y-uniformes-de-la-fuerza-publica-en-cali\/&amp;source=gmail&amp;ust=1646411379254000&amp;usg=AOvVaw1TzySXIarzpFLwghP8g8fo\">utilizaci\u00f3n de uniformes<\/a>\u00a0e insignias de las Fuerzas Militares.<\/p>\n<p style=\"text-align: justify;\">De acuerdo con la investigaci\u00f3n, desde septiembre de 2021 hasta febrero de 2022, los 7 hombres ten\u00edan como centro de operaciones delictivas el corregimiento de Gualmat\u00e1n, zona rural de Pasto, en donde asaltaban a los habitantes de este sector rural utilizando armas cortopunzantes y la violencia f\u00edsica, para despojarlos de tel\u00e9fonos celulares y dem\u00e1s pertenencias.<\/p>\n<p style=\"text-align: justify;\">La Fiscal\u00eda logr\u00f3 conectar 5 casos de v\u00edctimas de la banda, 3 de las cuales sufrieron lesiones en su rostro a ra\u00edz de los golpes y cortaduras, causadas cuando eran asaltadas. Y una m\u00e1s con heridas en su mano derecha, provocadas por un cuchillo.<\/p>\n<p style=\"text-align: justify;\">Los 7 hombres fueron capturados por agentes de la Sijin de la Polic\u00eda Nacional durante 5 operativos de registro y allanamiento en los inmuebles donde viven los asegurados, logrando la captura de 5 de ellos por orden judicial y 2 m\u00e1s en flagrancia.<\/p>\n<p style=\"text-align: justify;\">En las diligencias judiciales fueron incautados una escopeta 12 mil\u00edmetros, cartuchos calibre punto 50 y 5.56, un morral de campa\u00f1a camuflado del Ej\u00e9rcito Nacional, un fijack, un portaponcho, un uniforme camuflado del Ej\u00e9rcito, dos pantalones pixelados, y una guerrera pixelada.<\/p>\n","protected":false},"excerpt":{"rendered":"<p>Los 7 integrantes de la estructura criminal son familiares y durante los asaltos, presuntamente, golpeaban a sus v\u00edctimas provoc\u00e1ndoles fracturas en sus rostros. Un juez penal municipal de Pasto (Nari\u00f1o) acogi\u00f3 la solicitud de un fiscal de Estructura de Apoyo y cobij\u00f3 con medida de aseguramiento en centro carcelario a 7 presuntos integrantes del grupo [&hellip;]<\/p>\n","protected":false},"author":1,"featured_media":58504,"comment_status":"open","ping_status":"open","sticky":false,"template":"","format":"standard","meta":{"footnotes":""},"categories":[61],"tags":[],"class_list":["post-58503","post","type-post","status-publish","format-standard","has-post-thumbnail","hentry","category-judicial"],"yoast_head":"<!-- This site is optimized with the Yoast SEO plugin v27.1.1 - https:\/\/yoast.com\/product\/yoast-seo-wordpress\/ -->\n<title>Desmantelada la banda \u2018More Los LTE\u2019 dedicada al hurto y porte ilegal de armas, lesiones personales y utilizaci\u00f3n de uniformes de uso privativo | P\u00e1gina10<\/title>\n<meta name=\"robots\" content=\"index, follow, max-snippet:-1, max-image-preview:large, max-video-preview:-1\" \/>\n<link rel=\"canonical\" href=\"https:\/\/pagina10.com\/web\/desmantelada-la-banda-more-los-lte-dedicada-al-hurto-y-porte-ilegal-de-armas-lesiones-personales-y-utilizacion-de-uniformes-de-uso-privativo\/\" \/>\n<meta property=\"og:locale\" content=\"es_ES\" \/>\n<meta property=\"og:type\" content=\"article\" \/>\n<meta property=\"og:title\" content=\"Desmantelada la banda \u2018More Los LTE\u2019 dedicada al hurto y porte ilegal de armas, lesiones personales y utilizaci\u00f3n de uniformes de uso privativo | P\u00e1gina10\" \/>\n<meta property=\"og:description\" content=\"Los 7 integrantes de la estructura criminal son familiares y durante los asaltos, presuntamente, golpeaban a sus v\u00edctimas provoc\u00e1ndoles fracturas en sus rostros. Un juez penal municipal de Pasto (Nari\u00f1o) acogi\u00f3 la solicitud de un fiscal de Estructura de Apoyo y cobij\u00f3 con medida de aseguramiento en centro carcelario a 7 presuntos integrantes del grupo [&hellip;]\" \/>\n<meta property=\"og:url\" content=\"https:\/\/pagina10.com\/web\/desmantelada-la-banda-more-los-lte-dedicada-al-hurto-y-porte-ilegal-de-armas-lesiones-personales-y-utilizacion-de-uniformes-de-uso-privativo\/\" \/>\n<meta property=\"og:site_name\" content=\"P\u00e1gina10\" \/>\n<meta property=\"article:publisher\" content=\"https:\/\/www.facebook.com\/pag10com\" \/>\n<meta property=\"article:published_time\" content=\"2022-03-05T23:41:51+00:00\" \/>\n<meta property=\"og:image\" content=\"https:\/\/pagina10.com\/web\/wp-content\/uploads\/2022\/03\/Captura-de-Pantalla-2022-03-05-a-las-6.40.50-p.-m..png\" \/>\n\t<meta property=\"og:image:width\" content=\"697\" \/>\n\t<meta property=\"og:image:height\" content=\"445\" \/>\n\t<meta property=\"og:image:type\" content=\"image\/png\" \/>\n<meta name=\"author\" content=\"P\u00e1gina 10\" \/>\n<meta name=\"twitter:card\" content=\"summary_large_image\" \/>\n<meta name=\"twitter:creator\" content=\"@Pag10com\" \/>\n<meta name=\"twitter:site\" content=\"@Pag10com\" \/>\n<meta name=\"twitter:label1\" content=\"Escrito por\" \/>\n\t<meta name=\"twitter:data1\" content=\"P\u00e1gina 10\" \/>\n\t<meta name=\"twitter:label2\" content=\"Tiempo de lectura\" \/>\n\t<meta name=\"twitter:data2\" content=\"2 minutos\" \/>\n<script type=\"application\/ld+json\" class=\"yoast-schema-graph\">{\"@context\":\"https:\/\/schema.org\",\"@graph\":[{\"@type\":\"Article\",\"@id\":\"https:\/\/pagina10.com\/web\/desmantelada-la-banda-more-los-lte-dedicada-al-hurto-y-porte-ilegal-de-armas-lesiones-personales-y-utilizacion-de-uniformes-de-uso-privativo\/#article\",\"isPartOf\":{\"@id\":\"https:\/\/pagina10.com\/web\/desmantelada-la-banda-more-los-lte-dedicada-al-hurto-y-porte-ilegal-de-armas-lesiones-personales-y-utilizacion-de-uniformes-de-uso-privativo\/\"},\"author\":{\"name\":\"P\u00e1gina 10\",\"@id\":\"https:\/\/pagina10.com\/web\/#\/schema\/person\/2efc4a090d25b667d3bc796798a3a81b\"},\"headline\":\"Desmantelada la banda \u2018More Los LTE\u2019 dedicada al hurto y porte ilegal de armas, lesiones personales y utilizaci\u00f3n de uniformes de uso privativo\",\"datePublished\":\"2022-03-05T23:41:51+00:00\",\"mainEntityOfPage\":{\"@id\":\"https:\/\/pagina10.com\/web\/desmantelada-la-banda-more-los-lte-dedicada-al-hurto-y-porte-ilegal-de-armas-lesiones-personales-y-utilizacion-de-uniformes-de-uso-privativo\/\"},\"wordCount\":414,\"commentCount\":0,\"publisher\":{\"@id\":\"https:\/\/pagina10.com\/web\/#organization\"},\"image\":{\"@id\":\"https:\/\/pagina10.com\/web\/desmantelada-la-banda-more-los-lte-dedicada-al-hurto-y-porte-ilegal-de-armas-lesiones-personales-y-utilizacion-de-uniformes-de-uso-privativo\/#primaryimage\"},\"thumbnailUrl\":\"https:\/\/pagina10.com\/web\/wp-content\/uploads\/2022\/03\/Captura-de-Pantalla-2022-03-05-a-las-6.40.50-p.-m..png\",\"articleSection\":[\"Judicial\"],\"inLanguage\":\"es\",\"potentialAction\":[{\"@type\":\"CommentAction\",\"name\":\"Comment\",\"target\":[\"https:\/\/pagina10.com\/web\/desmantelada-la-banda-more-los-lte-dedicada-al-hurto-y-porte-ilegal-de-armas-lesiones-personales-y-utilizacion-de-uniformes-de-uso-privativo\/#respond\"]}]},{\"@type\":\"WebPage\",\"@id\":\"https:\/\/pagina10.com\/web\/desmantelada-la-banda-more-los-lte-dedicada-al-hurto-y-porte-ilegal-de-armas-lesiones-personales-y-utilizacion-de-uniformes-de-uso-privativo\/\",\"url\":\"https:\/\/pagina10.com\/web\/desmantelada-la-banda-more-los-lte-dedicada-al-hurto-y-porte-ilegal-de-armas-lesiones-personales-y-utilizacion-de-uniformes-de-uso-privativo\/\",\"name\":\"Desmantelada la banda \u2018More Los LTE\u2019 dedicada al hurto y porte ilegal de armas, lesiones personales y utilizaci\u00f3n de uniformes de uso privativo | P\u00e1gina10\",\"isPartOf\":{\"@id\":\"https:\/\/pagina10.com\/web\/#website\"},\"primaryImageOfPage\":{\"@id\":\"https:\/\/pagina10.com\/web\/desmantelada-la-banda-more-los-lte-dedicada-al-hurto-y-porte-ilegal-de-armas-lesiones-personales-y-utilizacion-de-uniformes-de-uso-privativo\/#primaryimage\"},\"image\":{\"@id\":\"https:\/\/pagina10.com\/web\/desmantelada-la-banda-more-los-lte-dedicada-al-hurto-y-porte-ilegal-de-armas-lesiones-personales-y-utilizacion-de-uniformes-de-uso-privativo\/#primaryimage\"},\"thumbnailUrl\":\"https:\/\/pagina10.com\/web\/wp-content\/uploads\/2022\/03\/Captura-de-Pantalla-2022-03-05-a-las-6.40.50-p.-m..png\",\"datePublished\":\"2022-03-05T23:41:51+00:00\",\"breadcrumb\":{\"@id\":\"https:\/\/pagina10.com\/web\/desmantelada-la-banda-more-los-lte-dedicada-al-hurto-y-porte-ilegal-de-armas-lesiones-personales-y-utilizacion-de-uniformes-de-uso-privativo\/#breadcrumb\"},\"inLanguage\":\"es\",\"potentialAction\":[{\"@type\":\"ReadAction\",\"target\":[\"https:\/\/pagina10.com\/web\/desmantelada-la-banda-more-los-lte-dedicada-al-hurto-y-porte-ilegal-de-armas-lesiones-personales-y-utilizacion-de-uniformes-de-uso-privativo\/\"]}]},{\"@type\":\"ImageObject\",\"inLanguage\":\"es\",\"@id\":\"https:\/\/pagina10.com\/web\/desmantelada-la-banda-more-los-lte-dedicada-al-hurto-y-porte-ilegal-de-armas-lesiones-personales-y-utilizacion-de-uniformes-de-uso-privativo\/#primaryimage\",\"url\":\"https:\/\/pagina10.com\/web\/wp-content\/uploads\/2022\/03\/Captura-de-Pantalla-2022-03-05-a-las-6.40.50-p.-m..png\",\"contentUrl\":\"https:\/\/pagina10.com\/web\/wp-content\/uploads\/2022\/03\/Captura-de-Pantalla-2022-03-05-a-las-6.40.50-p.-m..png\",\"width\":697,\"height\":445},{\"@type\":\"BreadcrumbList\",\"@id\":\"https:\/\/pagina10.com\/web\/desmantelada-la-banda-more-los-lte-dedicada-al-hurto-y-porte-ilegal-de-armas-lesiones-personales-y-utilizacion-de-uniformes-de-uso-privativo\/#breadcrumb\",\"itemListElement\":[{\"@type\":\"ListItem\",\"position\":1,\"name\":\"Portada\",\"item\":\"https:\/\/pagina10.com\/web\/\"},{\"@type\":\"ListItem\",\"position\":2,\"name\":\"Desmantelada la banda \u2018More Los LTE\u2019 dedicada al hurto y porte ilegal de armas, lesiones personales y utilizaci\u00f3n de uniformes de uso privativo\"}]},{\"@type\":\"WebSite\",\"@id\":\"https:\/\/pagina10.com\/web\/#website\",\"url\":\"https:\/\/pagina10.com\/web\/\",\"name\":\"P\u00e1gina10\",\"description\":\"Peri\u00f3dico Regional\",\"publisher\":{\"@id\":\"https:\/\/pagina10.com\/web\/#organization\"},\"alternateName\":\"P\u00e1gina10 Peri\u00f3dico Regional\",\"potentialAction\":[{\"@type\":\"SearchAction\",\"target\":{\"@type\":\"EntryPoint\",\"urlTemplate\":\"https:\/\/pagina10.com\/web\/?s={search_term_string}\"},\"query-input\":{\"@type\":\"PropertyValueSpecification\",\"valueRequired\":true,\"valueName\":\"search_term_string\"}}],\"inLanguage\":\"es\"},{\"@type\":\"Organization\",\"@id\":\"https:\/\/pagina10.com\/web\/#organization\",\"name\":\"P\u00e1gina10\",\"alternateName\":\"P\u00e1gina10 Peri\u00f3dico Regional\",\"url\":\"https:\/\/pagina10.com\/web\/\",\"logo\":{\"@type\":\"ImageObject\",\"inLanguage\":\"es\",\"@id\":\"https:\/\/pagina10.com\/web\/#\/schema\/logo\/image\/\",\"url\":\"https:\/\/pagina10.com\/web\/wp-content\/uploads\/2024\/01\/40-pagina-10-periodico-regional-pasto.jpg\",\"contentUrl\":\"https:\/\/pagina10.com\/web\/wp-content\/uploads\/2024\/01\/40-pagina-10-periodico-regional-pasto.jpg\",\"width\":1280,\"height\":720,\"caption\":\"P\u00e1gina10\"},\"image\":{\"@id\":\"https:\/\/pagina10.com\/web\/#\/schema\/logo\/image\/\"},\"sameAs\":[\"https:\/\/www.facebook.com\/pag10com\",\"https:\/\/x.com\/Pag10com\",\"https:\/\/www.instagram.com\/pagina10col\/\",\"https:\/\/youtube.com\/channel\/pag10\",\"https:\/\/www.tiktok.com\/@p10col\"]},{\"@type\":\"Person\",\"@id\":\"https:\/\/pagina10.com\/web\/#\/schema\/person\/2efc4a090d25b667d3bc796798a3a81b\",\"name\":\"P\u00e1gina 10\",\"description\":\"P\u00e1gina 10 es un peri\u00f3dico regional que nace en Colombia, en el departamento de Nari\u00f1o, con un enfoque global, fundamentado en cuatro pilares esenciales: la libertad, el pluralismo, la inclusi\u00f3n y la independencia. P\u00e1gina 10 hace referencia a Nari\u00f1o como el d\u00e9cimo departamento creado en Colombia, despu\u00e9s de un proceso pol\u00edtico liderado por actores y actrices regionales con el fin de obtener la independencia y autonom\u00eda de nuestros territorios. Con la creaci\u00f3n de P\u00e1gina 10 se pretende abrir un escenario para el dialogo, la reflexi\u00f3n y el debate que se extienda a otras geograf\u00edas de Am\u00e9rica Latina y del planeta, en una apuesta por transformar colectivamente los desaf\u00edos de un mundo contempor\u00e1neo, m\u00e1s all\u00e1 de las fronteras impuestas.\",\"url\":\"https:\/\/pagina10.com\/web\/author\/pdiezadmin\/\"}]}<\/script>\n<!-- \/ Yoast SEO plugin. -->","yoast_head_json":{"title":"Desmantelada la banda \u2018More Los LTE\u2019 dedicada al hurto y porte ilegal de armas, lesiones personales y utilizaci\u00f3n de uniformes de uso privativo | P\u00e1gina10","robots":{"index":"index","follow":"follow","max-snippet":"max-snippet:-1","max-image-preview":"max-image-preview:large","max-video-preview":"max-video-preview:-1"},"canonical":"https:\/\/pagina10.com\/web\/desmantelada-la-banda-more-los-lte-dedicada-al-hurto-y-porte-ilegal-de-armas-lesiones-personales-y-utilizacion-de-uniformes-de-uso-privativo\/","og_locale":"es_ES","og_type":"article","og_title":"Desmantelada la banda \u2018More Los LTE\u2019 dedicada al hurto y porte ilegal de armas, lesiones personales y utilizaci\u00f3n de uniformes de uso privativo | P\u00e1gina10","og_description":"Los 7 integrantes de la estructura criminal son familiares y durante los asaltos, presuntamente, golpeaban a sus v\u00edctimas provoc\u00e1ndoles fracturas en sus rostros. Un juez penal municipal de Pasto (Nari\u00f1o) acogi\u00f3 la solicitud de un fiscal de Estructura de Apoyo y cobij\u00f3 con medida de aseguramiento en centro carcelario a 7 presuntos integrantes del grupo [&hellip;]","og_url":"https:\/\/pagina10.com\/web\/desmantelada-la-banda-more-los-lte-dedicada-al-hurto-y-porte-ilegal-de-armas-lesiones-personales-y-utilizacion-de-uniformes-de-uso-privativo\/","og_site_name":"P\u00e1gina10","article_publisher":"https:\/\/www.facebook.com\/pag10com","article_published_time":"2022-03-05T23:41:51+00:00","og_image":[{"width":697,"height":445,"url":"https:\/\/pagina10.com\/web\/wp-content\/uploads\/2022\/03\/Captura-de-Pantalla-2022-03-05-a-las-6.40.50-p.-m..png","type":"image\/png"}],"author":"P\u00e1gina 10","twitter_card":"summary_large_image","twitter_creator":"@Pag10com","twitter_site":"@Pag10com","twitter_misc":{"Escrito por":"P\u00e1gina 10","Tiempo de lectura":"2 minutos"},"schema":{"@context":"https:\/\/schema.org","@graph":[{"@type":"Article","@id":"https:\/\/pagina10.com\/web\/desmantelada-la-banda-more-los-lte-dedicada-al-hurto-y-porte-ilegal-de-armas-lesiones-personales-y-utilizacion-de-uniformes-de-uso-privativo\/#article","isPartOf":{"@id":"https:\/\/pagina10.com\/web\/desmantelada-la-banda-more-los-lte-dedicada-al-hurto-y-porte-ilegal-de-armas-lesiones-personales-y-utilizacion-de-uniformes-de-uso-privativo\/"},"author":{"name":"P\u00e1gina 10","@id":"https:\/\/pagina10.com\/web\/#\/schema\/person\/2efc4a090d25b667d3bc796798a3a81b"},"headline":"Desmantelada la banda \u2018More Los LTE\u2019 dedicada al hurto y porte ilegal de armas, lesiones personales y utilizaci\u00f3n de uniformes de uso privativo","datePublished":"2022-03-05T23:41:51+00:00","mainEntityOfPage":{"@id":"https:\/\/pagina10.com\/web\/desmantelada-la-banda-more-los-lte-dedicada-al-hurto-y-porte-ilegal-de-armas-lesiones-personales-y-utilizacion-de-uniformes-de-uso-privativo\/"},"wordCount":414,"commentCount":0,"publisher":{"@id":"https:\/\/pagina10.com\/web\/#organization"},"image":{"@id":"https:\/\/pagina10.com\/web\/desmantelada-la-banda-more-los-lte-dedicada-al-hurto-y-porte-ilegal-de-armas-lesiones-personales-y-utilizacion-de-uniformes-de-uso-privativo\/#primaryimage"},"thumbnailUrl":"https:\/\/pagina10.com\/web\/wp-content\/uploads\/2022\/03\/Captura-de-Pantalla-2022-03-05-a-las-6.40.50-p.-m..png","articleSection":["Judicial"],"inLanguage":"es","potentialAction":[{"@type":"CommentAction","name":"Comment","target":["https:\/\/pagina10.com\/web\/desmantelada-la-banda-more-los-lte-dedicada-al-hurto-y-porte-ilegal-de-armas-lesiones-personales-y-utilizacion-de-uniformes-de-uso-privativo\/#respond"]}]},{"@type":"WebPage","@id":"https:\/\/pagina10.com\/web\/desmantelada-la-banda-more-los-lte-dedicada-al-hurto-y-porte-ilegal-de-armas-lesiones-personales-y-utilizacion-de-uniformes-de-uso-privativo\/","url":"https:\/\/pagina10.com\/web\/desmantelada-la-banda-more-los-lte-dedicada-al-hurto-y-porte-ilegal-de-armas-lesiones-personales-y-utilizacion-de-uniformes-de-uso-privativo\/","name":"Desmantelada la banda \u2018More Los LTE\u2019 dedicada al hurto y porte ilegal de armas, lesiones personales y utilizaci\u00f3n de uniformes de uso privativo | P\u00e1gina10","isPartOf":{"@id":"https:\/\/pagina10.com\/web\/#website"},"primaryImageOfPage":{"@id":"https:\/\/pagina10.com\/web\/desmantelada-la-banda-more-los-lte-dedicada-al-hurto-y-porte-ilegal-de-armas-lesiones-personales-y-utilizacion-de-uniformes-de-uso-privativo\/#primaryimage"},"image":{"@id":"https:\/\/pagina10.com\/web\/desmantelada-la-banda-more-los-lte-dedicada-al-hurto-y-porte-ilegal-de-armas-lesiones-personales-y-utilizacion-de-uniformes-de-uso-privativo\/#primaryimage"},"thumbnailUrl":"https:\/\/pagina10.com\/web\/wp-content\/uploads\/2022\/03\/Captura-de-Pantalla-2022-03-05-a-las-6.40.50-p.-m..png","datePublished":"2022-03-05T23:41:51+00:00","breadcrumb":{"@id":"https:\/\/pagina10.com\/web\/desmantelada-la-banda-more-los-lte-dedicada-al-hurto-y-porte-ilegal-de-armas-lesiones-personales-y-utilizacion-de-uniformes-de-uso-privativo\/#breadcrumb"},"inLanguage":"es","potentialAction":[{"@type":"ReadAction","target":["https:\/\/pagina10.com\/web\/desmantelada-la-banda-more-los-lte-dedicada-al-hurto-y-porte-ilegal-de-armas-lesiones-personales-y-utilizacion-de-uniformes-de-uso-privativo\/"]}]},{"@type":"ImageObject","inLanguage":"es","@id":"https:\/\/pagina10.com\/web\/desmantelada-la-banda-more-los-lte-dedicada-al-hurto-y-porte-ilegal-de-armas-lesiones-personales-y-utilizacion-de-uniformes-de-uso-privativo\/#primaryimage","url":"https:\/\/pagina10.com\/web\/wp-content\/uploads\/2022\/03\/Captura-de-Pantalla-2022-03-05-a-las-6.40.50-p.-m..png","contentUrl":"https:\/\/pagina10.com\/web\/wp-content\/uploads\/2022\/03\/Captura-de-Pantalla-2022-03-05-a-las-6.40.50-p.-m..png","width":697,"height":445},{"@type":"BreadcrumbList","@id":"https:\/\/pagina10.com\/web\/desmantelada-la-banda-more-los-lte-dedicada-al-hurto-y-porte-ilegal-de-armas-lesiones-personales-y-utilizacion-de-uniformes-de-uso-privativo\/#breadcrumb","itemListElement":[{"@type":"ListItem","position":1,"name":"Portada","item":"https:\/\/pagina10.com\/web\/"},{"@type":"ListItem","position":2,"name":"Desmantelada la banda \u2018More Los LTE\u2019 dedicada al hurto y porte ilegal de armas, lesiones personales y utilizaci\u00f3n de uniformes de uso privativo"}]},{"@type":"WebSite","@id":"https:\/\/pagina10.com\/web\/#website","url":"https:\/\/pagina10.com\/web\/","name":"P\u00e1gina10","description":"Peri\u00f3dico Regional","publisher":{"@id":"https:\/\/pagina10.com\/web\/#organization"},"alternateName":"P\u00e1gina10 Peri\u00f3dico Regional","potentialAction":[{"@type":"SearchAction","target":{"@type":"EntryPoint","urlTemplate":"https:\/\/pagina10.com\/web\/?s={search_term_string}"},"query-input":{"@type":"PropertyValueSpecification","valueRequired":true,"valueName":"search_term_string"}}],"inLanguage":"es"},{"@type":"Organization","@id":"https:\/\/pagina10.com\/web\/#organization","name":"P\u00e1gina10","alternateName":"P\u00e1gina10 Peri\u00f3dico Regional","url":"https:\/\/pagina10.com\/web\/","logo":{"@type":"ImageObject","inLanguage":"es","@id":"https:\/\/pagina10.com\/web\/#\/schema\/logo\/image\/","url":"https:\/\/pagina10.com\/web\/wp-content\/uploads\/2024\/01\/40-pagina-10-periodico-regional-pasto.jpg","contentUrl":"https:\/\/pagina10.com\/web\/wp-content\/uploads\/2024\/01\/40-pagina-10-periodico-regional-pasto.jpg","width":1280,"height":720,"caption":"P\u00e1gina10"},"image":{"@id":"https:\/\/pagina10.com\/web\/#\/schema\/logo\/image\/"},"sameAs":["https:\/\/www.facebook.com\/pag10com","https:\/\/x.com\/Pag10com","https:\/\/www.instagram.com\/pagina10col\/","https:\/\/youtube.com\/channel\/pag10","https:\/\/www.tiktok.com\/@p10col"]},{"@type":"Person","@id":"https:\/\/pagina10.com\/web\/#\/schema\/person\/2efc4a090d25b667d3bc796798a3a81b","name":"P\u00e1gina 10","description":"P\u00e1gina 10 es un peri\u00f3dico regional que nace en Colombia, en el departamento de Nari\u00f1o, con un enfoque global, fundamentado en cuatro pilares esenciales: la libertad, el pluralismo, la inclusi\u00f3n y la independencia. P\u00e1gina 10 hace referencia a Nari\u00f1o como el d\u00e9cimo departamento creado en Colombia, despu\u00e9s de un proceso pol\u00edtico liderado por actores y actrices regionales con el fin de obtener la independencia y autonom\u00eda de nuestros territorios. Con la creaci\u00f3n de P\u00e1gina 10 se pretende abrir un escenario para el dialogo, la reflexi\u00f3n y el debate que se extienda a otras geograf\u00edas de Am\u00e9rica Latina y del planeta, en una apuesta por transformar colectivamente los desaf\u00edos de un mundo contempor\u00e1neo, m\u00e1s all\u00e1 de las fronteras impuestas.","url":"https:\/\/pagina10.com\/web\/author\/pdiezadmin\/"}]}},"_links":{"self":[{"href":"https:\/\/pagina10.com\/web\/wp-json\/wp\/v2\/posts\/58503","targetHints":{"allow":["GET"]}}],"collection":[{"href":"https:\/\/pagina10.com\/web\/wp-json\/wp\/v2\/posts"}],"about":[{"href":"https:\/\/pagina10.com\/web\/wp-json\/wp\/v2\/types\/post"}],"author":[{"embeddable":true,"href":"https:\/\/pagina10.com\/web\/wp-json\/wp\/v2\/users\/1"}],"replies":[{"embeddable":true,"href":"https:\/\/pagina10.com\/web\/wp-json\/wp\/v2\/comments?post=58503"}],"version-history":[{"count":1,"href":"https:\/\/pagina10.com\/web\/wp-json\/wp\/v2\/posts\/58503\/revisions"}],"predecessor-version":[{"id":58505,"href":"https:\/\/pagina10.com\/web\/wp-json\/wp\/v2\/posts\/58503\/revisions\/58505"}],"wp:featuredmedia":[{"embeddable":true,"href":"https:\/\/pagina10.com\/web\/wp-json\/wp\/v2\/media\/58504"}],"wp:attachment":[{"href":"https:\/\/pagina10.com\/web\/wp-json\/wp\/v2\/media?parent=58503"}],"wp:term":[{"taxonomy":"category","embeddable":true,"href":"https:\/\/pagina10.com\/web\/wp-json\/wp\/v2\/categories?post=58503"},{"taxonomy":"post_tag","embeddable":true,"href":"https:\/\/pagina10.com\/web\/wp-json\/wp\/v2\/tags?post=58503"}],"curies":[{"name":"wp","href":"https:\/\/api.w.org\/{rel}","templated":true}]}}