{"id":58573,"date":"2022-03-11T12:27:40","date_gmt":"2022-03-11T17:27:40","guid":{"rendered":"https:\/\/pagina10.com\/web\/?p=58573"},"modified":"2022-03-11T12:27:40","modified_gmt":"2022-03-11T17:27:40","slug":"en-narino-se-capturan-a-11-presuntos-integrantes-del-grupo-transnacional-los-del-tren-de-aragua","status":"publish","type":"post","link":"https:\/\/pagina10.com\/web\/en-narino-se-capturan-a-11-presuntos-integrantes-del-grupo-transnacional-los-del-tren-de-aragua\/","title":{"rendered":"En Nari\u00f1o, se capturan a 11 presuntos integrantes del grupo transnacional Los del Tren de Aragua"},"content":{"rendered":"<p>La operaci\u00f3n militar enmarcada dentro de la Estrategia Rel\u00e1mpago, desarrollada en los municipios de Pasto e Ipiales, permiti\u00f3 la captura de 11 sujetos y, a la vez, la extinci\u00f3n de dominio de cinco bienes inmuebles.<\/p>\n<p style=\"text-align: justify;\">En el desarrollo de operaciones militares e interinstitucionales, tropas del Ej\u00e9rcito Nacional, junto al Cuerpo T\u00e9cnico de Investigaci\u00f3n de la Fiscal\u00eda General de la Naci\u00f3n, capturaron a 11 personas que al parecer integraban el autodenominado grupo de delincuencia com\u00fan el Tren de Aragua, sujetos que ven\u00edan afectado la seguridad sobre la zona fronteriza.<\/p>\n<p style=\"text-align: justify;\">De acuerdo con la investigaci\u00f3n realizada durante aproximadamente tres a\u00f1os, se pudo establecer que esta estructura transnacional estar\u00eda encargada de realizar actividades ilegales enfocadas al tr\u00e1fico de migrantes, de estupefacientes, de armamento y explosivos; este grupo delincuencial tenia como zona de injerencia principal la frontera entre Colombia y Ecuador, e influencia en los departamentos de Cauca, Valle del Cauca, Cundinamarca, Antioquia, Santander y Norte de Santander. As\u00ed mismo, las tropas de la Vig\u00e9sima Tercera Brigada y el Cuerpo T\u00e9cnico de Investigaci\u00f3n lograron la incautaci\u00f3n de un veh\u00edculo tipo camioneta y la extinci\u00f3n de dominio a cinco inmuebles en la ciudad de Ipiales.<\/p>\n<p style=\"text-align: justify;\">Los bienes, que funcionaban como hoteles y pertenecer\u00edan a este grupo criminal, est\u00e1n avaluados en cerca de 2500 millones de pesos. Los capturados y el material incautado fueron puestos a disposici\u00f3n de las autoridades competentes para realizar su respectivo proceso de judicializaci\u00f3n. El Ej\u00e9rcito Nacional reafirma su compromiso de enfrentar y contrarrestar las diferentes amenazas presentes en el departamento de Nari\u00f1o; a su vez continuar\u00e1 adelantando operaciones en el marco del Derecho internacional humanitario y la protecci\u00f3n de los derechos humanos.<\/p>\n","protected":false},"excerpt":{"rendered":"<p>La operaci\u00f3n militar enmarcada dentro de la Estrategia Rel\u00e1mpago, desarrollada en los municipios de Pasto e Ipiales, permiti\u00f3 la captura de 11 sujetos y, a la vez, la extinci\u00f3n de dominio de cinco bienes inmuebles. En el desarrollo de operaciones militares e interinstitucionales, tropas del Ej\u00e9rcito Nacional, junto al Cuerpo T\u00e9cnico de Investigaci\u00f3n de la [&hellip;]<\/p>\n","protected":false},"author":1,"featured_media":58574,"comment_status":"open","ping_status":"open","sticky":false,"template":"","format":"standard","meta":{"footnotes":""},"categories":[61],"tags":[],"class_list":["post-58573","post","type-post","status-publish","format-standard","has-post-thumbnail","hentry","category-judicial"],"yoast_head":"<!-- This site is optimized with the Yoast SEO plugin v27.1.1 - https:\/\/yoast.com\/product\/yoast-seo-wordpress\/ -->\n<title>En Nari\u00f1o, se capturan a 11 presuntos integrantes del grupo transnacional Los del Tren de Aragua | P\u00e1gina10<\/title>\n<meta name=\"robots\" content=\"index, follow, max-snippet:-1, max-image-preview:large, max-video-preview:-1\" \/>\n<link rel=\"canonical\" href=\"https:\/\/pagina10.com\/web\/en-narino-se-capturan-a-11-presuntos-integrantes-del-grupo-transnacional-los-del-tren-de-aragua\/\" \/>\n<meta property=\"og:locale\" content=\"es_ES\" \/>\n<meta property=\"og:type\" content=\"article\" \/>\n<meta property=\"og:title\" content=\"En Nari\u00f1o, se capturan a 11 presuntos integrantes del grupo transnacional Los del Tren de Aragua | P\u00e1gina10\" \/>\n<meta property=\"og:description\" content=\"La operaci\u00f3n militar enmarcada dentro de la Estrategia Rel\u00e1mpago, desarrollada en los municipios de Pasto e Ipiales, permiti\u00f3 la captura de 11 sujetos y, a la vez, la extinci\u00f3n de dominio de cinco bienes inmuebles. En el desarrollo de operaciones militares e interinstitucionales, tropas del Ej\u00e9rcito Nacional, junto al Cuerpo T\u00e9cnico de Investigaci\u00f3n de la [&hellip;]\" \/>\n<meta property=\"og:url\" content=\"https:\/\/pagina10.com\/web\/en-narino-se-capturan-a-11-presuntos-integrantes-del-grupo-transnacional-los-del-tren-de-aragua\/\" \/>\n<meta property=\"og:site_name\" content=\"P\u00e1gina10\" \/>\n<meta property=\"article:publisher\" content=\"https:\/\/www.facebook.com\/pag10com\" \/>\n<meta property=\"article:published_time\" content=\"2022-03-11T17:27:40+00:00\" \/>\n<meta property=\"og:image\" content=\"https:\/\/pagina10.com\/web\/wp-content\/uploads\/2022\/03\/WhatsApp-Image-2022-03-11-at-11.45.57-AM.jpeg\" \/>\n\t<meta property=\"og:image:width\" content=\"1280\" \/>\n\t<meta property=\"og:image:height\" content=\"589\" \/>\n\t<meta property=\"og:image:type\" content=\"image\/jpeg\" \/>\n<meta name=\"author\" content=\"P\u00e1gina 10\" \/>\n<meta name=\"twitter:card\" content=\"summary_large_image\" \/>\n<meta name=\"twitter:creator\" content=\"@Pag10com\" \/>\n<meta name=\"twitter:site\" content=\"@Pag10com\" \/>\n<meta name=\"twitter:label1\" content=\"Escrito por\" \/>\n\t<meta name=\"twitter:data1\" content=\"P\u00e1gina 10\" \/>\n\t<meta name=\"twitter:label2\" content=\"Tiempo de lectura\" \/>\n\t<meta name=\"twitter:data2\" content=\"1 minuto\" \/>\n<script type=\"application\/ld+json\" class=\"yoast-schema-graph\">{\"@context\":\"https:\/\/schema.org\",\"@graph\":[{\"@type\":\"Article\",\"@id\":\"https:\/\/pagina10.com\/web\/en-narino-se-capturan-a-11-presuntos-integrantes-del-grupo-transnacional-los-del-tren-de-aragua\/#article\",\"isPartOf\":{\"@id\":\"https:\/\/pagina10.com\/web\/en-narino-se-capturan-a-11-presuntos-integrantes-del-grupo-transnacional-los-del-tren-de-aragua\/\"},\"author\":{\"name\":\"P\u00e1gina 10\",\"@id\":\"https:\/\/pagina10.com\/web\/#\/schema\/person\/2efc4a090d25b667d3bc796798a3a81b\"},\"headline\":\"En Nari\u00f1o, se capturan a 11 presuntos integrantes del grupo transnacional Los del Tren de Aragua\",\"datePublished\":\"2022-03-11T17:27:40+00:00\",\"mainEntityOfPage\":{\"@id\":\"https:\/\/pagina10.com\/web\/en-narino-se-capturan-a-11-presuntos-integrantes-del-grupo-transnacional-los-del-tren-de-aragua\/\"},\"wordCount\":311,\"commentCount\":0,\"publisher\":{\"@id\":\"https:\/\/pagina10.com\/web\/#organization\"},\"image\":{\"@id\":\"https:\/\/pagina10.com\/web\/en-narino-se-capturan-a-11-presuntos-integrantes-del-grupo-transnacional-los-del-tren-de-aragua\/#primaryimage\"},\"thumbnailUrl\":\"https:\/\/pagina10.com\/web\/wp-content\/uploads\/2022\/03\/WhatsApp-Image-2022-03-11-at-11.45.57-AM.jpeg\",\"articleSection\":[\"Judicial\"],\"inLanguage\":\"es\",\"potentialAction\":[{\"@type\":\"CommentAction\",\"name\":\"Comment\",\"target\":[\"https:\/\/pagina10.com\/web\/en-narino-se-capturan-a-11-presuntos-integrantes-del-grupo-transnacional-los-del-tren-de-aragua\/#respond\"]}]},{\"@type\":\"WebPage\",\"@id\":\"https:\/\/pagina10.com\/web\/en-narino-se-capturan-a-11-presuntos-integrantes-del-grupo-transnacional-los-del-tren-de-aragua\/\",\"url\":\"https:\/\/pagina10.com\/web\/en-narino-se-capturan-a-11-presuntos-integrantes-del-grupo-transnacional-los-del-tren-de-aragua\/\",\"name\":\"En Nari\u00f1o, se capturan a 11 presuntos integrantes del grupo transnacional Los del Tren de Aragua | P\u00e1gina10\",\"isPartOf\":{\"@id\":\"https:\/\/pagina10.com\/web\/#website\"},\"primaryImageOfPage\":{\"@id\":\"https:\/\/pagina10.com\/web\/en-narino-se-capturan-a-11-presuntos-integrantes-del-grupo-transnacional-los-del-tren-de-aragua\/#primaryimage\"},\"image\":{\"@id\":\"https:\/\/pagina10.com\/web\/en-narino-se-capturan-a-11-presuntos-integrantes-del-grupo-transnacional-los-del-tren-de-aragua\/#primaryimage\"},\"thumbnailUrl\":\"https:\/\/pagina10.com\/web\/wp-content\/uploads\/2022\/03\/WhatsApp-Image-2022-03-11-at-11.45.57-AM.jpeg\",\"datePublished\":\"2022-03-11T17:27:40+00:00\",\"breadcrumb\":{\"@id\":\"https:\/\/pagina10.com\/web\/en-narino-se-capturan-a-11-presuntos-integrantes-del-grupo-transnacional-los-del-tren-de-aragua\/#breadcrumb\"},\"inLanguage\":\"es\",\"potentialAction\":[{\"@type\":\"ReadAction\",\"target\":[\"https:\/\/pagina10.com\/web\/en-narino-se-capturan-a-11-presuntos-integrantes-del-grupo-transnacional-los-del-tren-de-aragua\/\"]}]},{\"@type\":\"ImageObject\",\"inLanguage\":\"es\",\"@id\":\"https:\/\/pagina10.com\/web\/en-narino-se-capturan-a-11-presuntos-integrantes-del-grupo-transnacional-los-del-tren-de-aragua\/#primaryimage\",\"url\":\"https:\/\/pagina10.com\/web\/wp-content\/uploads\/2022\/03\/WhatsApp-Image-2022-03-11-at-11.45.57-AM.jpeg\",\"contentUrl\":\"https:\/\/pagina10.com\/web\/wp-content\/uploads\/2022\/03\/WhatsApp-Image-2022-03-11-at-11.45.57-AM.jpeg\",\"width\":1280,\"height\":589},{\"@type\":\"BreadcrumbList\",\"@id\":\"https:\/\/pagina10.com\/web\/en-narino-se-capturan-a-11-presuntos-integrantes-del-grupo-transnacional-los-del-tren-de-aragua\/#breadcrumb\",\"itemListElement\":[{\"@type\":\"ListItem\",\"position\":1,\"name\":\"Portada\",\"item\":\"https:\/\/pagina10.com\/web\/\"},{\"@type\":\"ListItem\",\"position\":2,\"name\":\"En Nari\u00f1o, se capturan a 11 presuntos integrantes del grupo transnacional Los del Tren de Aragua\"}]},{\"@type\":\"WebSite\",\"@id\":\"https:\/\/pagina10.com\/web\/#website\",\"url\":\"https:\/\/pagina10.com\/web\/\",\"name\":\"P\u00e1gina10\",\"description\":\"Peri\u00f3dico Regional\",\"publisher\":{\"@id\":\"https:\/\/pagina10.com\/web\/#organization\"},\"alternateName\":\"P\u00e1gina10 Peri\u00f3dico Regional\",\"potentialAction\":[{\"@type\":\"SearchAction\",\"target\":{\"@type\":\"EntryPoint\",\"urlTemplate\":\"https:\/\/pagina10.com\/web\/?s={search_term_string}\"},\"query-input\":{\"@type\":\"PropertyValueSpecification\",\"valueRequired\":true,\"valueName\":\"search_term_string\"}}],\"inLanguage\":\"es\"},{\"@type\":\"Organization\",\"@id\":\"https:\/\/pagina10.com\/web\/#organization\",\"name\":\"P\u00e1gina10\",\"alternateName\":\"P\u00e1gina10 Peri\u00f3dico Regional\",\"url\":\"https:\/\/pagina10.com\/web\/\",\"logo\":{\"@type\":\"ImageObject\",\"inLanguage\":\"es\",\"@id\":\"https:\/\/pagina10.com\/web\/#\/schema\/logo\/image\/\",\"url\":\"https:\/\/pagina10.com\/web\/wp-content\/uploads\/2024\/01\/40-pagina-10-periodico-regional-pasto.jpg\",\"contentUrl\":\"https:\/\/pagina10.com\/web\/wp-content\/uploads\/2024\/01\/40-pagina-10-periodico-regional-pasto.jpg\",\"width\":1280,\"height\":720,\"caption\":\"P\u00e1gina10\"},\"image\":{\"@id\":\"https:\/\/pagina10.com\/web\/#\/schema\/logo\/image\/\"},\"sameAs\":[\"https:\/\/www.facebook.com\/pag10com\",\"https:\/\/x.com\/Pag10com\",\"https:\/\/www.instagram.com\/pagina10col\/\",\"https:\/\/youtube.com\/channel\/pag10\",\"https:\/\/www.tiktok.com\/@p10col\"]},{\"@type\":\"Person\",\"@id\":\"https:\/\/pagina10.com\/web\/#\/schema\/person\/2efc4a090d25b667d3bc796798a3a81b\",\"name\":\"P\u00e1gina 10\",\"description\":\"P\u00e1gina 10 es un peri\u00f3dico regional que nace en Colombia, en el departamento de Nari\u00f1o, con un enfoque global, fundamentado en cuatro pilares esenciales: la libertad, el pluralismo, la inclusi\u00f3n y la independencia. P\u00e1gina 10 hace referencia a Nari\u00f1o como el d\u00e9cimo departamento creado en Colombia, despu\u00e9s de un proceso pol\u00edtico liderado por actores y actrices regionales con el fin de obtener la independencia y autonom\u00eda de nuestros territorios. Con la creaci\u00f3n de P\u00e1gina 10 se pretende abrir un escenario para el dialogo, la reflexi\u00f3n y el debate que se extienda a otras geograf\u00edas de Am\u00e9rica Latina y del planeta, en una apuesta por transformar colectivamente los desaf\u00edos de un mundo contempor\u00e1neo, m\u00e1s all\u00e1 de las fronteras impuestas.\",\"url\":\"https:\/\/pagina10.com\/web\/author\/pdiezadmin\/\"}]}<\/script>\n<!-- \/ Yoast SEO plugin. -->","yoast_head_json":{"title":"En Nari\u00f1o, se capturan a 11 presuntos integrantes del grupo transnacional Los del Tren de Aragua | P\u00e1gina10","robots":{"index":"index","follow":"follow","max-snippet":"max-snippet:-1","max-image-preview":"max-image-preview:large","max-video-preview":"max-video-preview:-1"},"canonical":"https:\/\/pagina10.com\/web\/en-narino-se-capturan-a-11-presuntos-integrantes-del-grupo-transnacional-los-del-tren-de-aragua\/","og_locale":"es_ES","og_type":"article","og_title":"En Nari\u00f1o, se capturan a 11 presuntos integrantes del grupo transnacional Los del Tren de Aragua | P\u00e1gina10","og_description":"La operaci\u00f3n militar enmarcada dentro de la Estrategia Rel\u00e1mpago, desarrollada en los municipios de Pasto e Ipiales, permiti\u00f3 la captura de 11 sujetos y, a la vez, la extinci\u00f3n de dominio de cinco bienes inmuebles. En el desarrollo de operaciones militares e interinstitucionales, tropas del Ej\u00e9rcito Nacional, junto al Cuerpo T\u00e9cnico de Investigaci\u00f3n de la [&hellip;]","og_url":"https:\/\/pagina10.com\/web\/en-narino-se-capturan-a-11-presuntos-integrantes-del-grupo-transnacional-los-del-tren-de-aragua\/","og_site_name":"P\u00e1gina10","article_publisher":"https:\/\/www.facebook.com\/pag10com","article_published_time":"2022-03-11T17:27:40+00:00","og_image":[{"width":1280,"height":589,"url":"https:\/\/pagina10.com\/web\/wp-content\/uploads\/2022\/03\/WhatsApp-Image-2022-03-11-at-11.45.57-AM.jpeg","type":"image\/jpeg"}],"author":"P\u00e1gina 10","twitter_card":"summary_large_image","twitter_creator":"@Pag10com","twitter_site":"@Pag10com","twitter_misc":{"Escrito por":"P\u00e1gina 10","Tiempo de lectura":"1 minuto"},"schema":{"@context":"https:\/\/schema.org","@graph":[{"@type":"Article","@id":"https:\/\/pagina10.com\/web\/en-narino-se-capturan-a-11-presuntos-integrantes-del-grupo-transnacional-los-del-tren-de-aragua\/#article","isPartOf":{"@id":"https:\/\/pagina10.com\/web\/en-narino-se-capturan-a-11-presuntos-integrantes-del-grupo-transnacional-los-del-tren-de-aragua\/"},"author":{"name":"P\u00e1gina 10","@id":"https:\/\/pagina10.com\/web\/#\/schema\/person\/2efc4a090d25b667d3bc796798a3a81b"},"headline":"En Nari\u00f1o, se capturan a 11 presuntos integrantes del grupo transnacional Los del Tren de Aragua","datePublished":"2022-03-11T17:27:40+00:00","mainEntityOfPage":{"@id":"https:\/\/pagina10.com\/web\/en-narino-se-capturan-a-11-presuntos-integrantes-del-grupo-transnacional-los-del-tren-de-aragua\/"},"wordCount":311,"commentCount":0,"publisher":{"@id":"https:\/\/pagina10.com\/web\/#organization"},"image":{"@id":"https:\/\/pagina10.com\/web\/en-narino-se-capturan-a-11-presuntos-integrantes-del-grupo-transnacional-los-del-tren-de-aragua\/#primaryimage"},"thumbnailUrl":"https:\/\/pagina10.com\/web\/wp-content\/uploads\/2022\/03\/WhatsApp-Image-2022-03-11-at-11.45.57-AM.jpeg","articleSection":["Judicial"],"inLanguage":"es","potentialAction":[{"@type":"CommentAction","name":"Comment","target":["https:\/\/pagina10.com\/web\/en-narino-se-capturan-a-11-presuntos-integrantes-del-grupo-transnacional-los-del-tren-de-aragua\/#respond"]}]},{"@type":"WebPage","@id":"https:\/\/pagina10.com\/web\/en-narino-se-capturan-a-11-presuntos-integrantes-del-grupo-transnacional-los-del-tren-de-aragua\/","url":"https:\/\/pagina10.com\/web\/en-narino-se-capturan-a-11-presuntos-integrantes-del-grupo-transnacional-los-del-tren-de-aragua\/","name":"En Nari\u00f1o, se capturan a 11 presuntos integrantes del grupo transnacional Los del Tren de Aragua | P\u00e1gina10","isPartOf":{"@id":"https:\/\/pagina10.com\/web\/#website"},"primaryImageOfPage":{"@id":"https:\/\/pagina10.com\/web\/en-narino-se-capturan-a-11-presuntos-integrantes-del-grupo-transnacional-los-del-tren-de-aragua\/#primaryimage"},"image":{"@id":"https:\/\/pagina10.com\/web\/en-narino-se-capturan-a-11-presuntos-integrantes-del-grupo-transnacional-los-del-tren-de-aragua\/#primaryimage"},"thumbnailUrl":"https:\/\/pagina10.com\/web\/wp-content\/uploads\/2022\/03\/WhatsApp-Image-2022-03-11-at-11.45.57-AM.jpeg","datePublished":"2022-03-11T17:27:40+00:00","breadcrumb":{"@id":"https:\/\/pagina10.com\/web\/en-narino-se-capturan-a-11-presuntos-integrantes-del-grupo-transnacional-los-del-tren-de-aragua\/#breadcrumb"},"inLanguage":"es","potentialAction":[{"@type":"ReadAction","target":["https:\/\/pagina10.com\/web\/en-narino-se-capturan-a-11-presuntos-integrantes-del-grupo-transnacional-los-del-tren-de-aragua\/"]}]},{"@type":"ImageObject","inLanguage":"es","@id":"https:\/\/pagina10.com\/web\/en-narino-se-capturan-a-11-presuntos-integrantes-del-grupo-transnacional-los-del-tren-de-aragua\/#primaryimage","url":"https:\/\/pagina10.com\/web\/wp-content\/uploads\/2022\/03\/WhatsApp-Image-2022-03-11-at-11.45.57-AM.jpeg","contentUrl":"https:\/\/pagina10.com\/web\/wp-content\/uploads\/2022\/03\/WhatsApp-Image-2022-03-11-at-11.45.57-AM.jpeg","width":1280,"height":589},{"@type":"BreadcrumbList","@id":"https:\/\/pagina10.com\/web\/en-narino-se-capturan-a-11-presuntos-integrantes-del-grupo-transnacional-los-del-tren-de-aragua\/#breadcrumb","itemListElement":[{"@type":"ListItem","position":1,"name":"Portada","item":"https:\/\/pagina10.com\/web\/"},{"@type":"ListItem","position":2,"name":"En Nari\u00f1o, se capturan a 11 presuntos integrantes del grupo transnacional Los del Tren de Aragua"}]},{"@type":"WebSite","@id":"https:\/\/pagina10.com\/web\/#website","url":"https:\/\/pagina10.com\/web\/","name":"P\u00e1gina10","description":"Peri\u00f3dico Regional","publisher":{"@id":"https:\/\/pagina10.com\/web\/#organization"},"alternateName":"P\u00e1gina10 Peri\u00f3dico Regional","potentialAction":[{"@type":"SearchAction","target":{"@type":"EntryPoint","urlTemplate":"https:\/\/pagina10.com\/web\/?s={search_term_string}"},"query-input":{"@type":"PropertyValueSpecification","valueRequired":true,"valueName":"search_term_string"}}],"inLanguage":"es"},{"@type":"Organization","@id":"https:\/\/pagina10.com\/web\/#organization","name":"P\u00e1gina10","alternateName":"P\u00e1gina10 Peri\u00f3dico Regional","url":"https:\/\/pagina10.com\/web\/","logo":{"@type":"ImageObject","inLanguage":"es","@id":"https:\/\/pagina10.com\/web\/#\/schema\/logo\/image\/","url":"https:\/\/pagina10.com\/web\/wp-content\/uploads\/2024\/01\/40-pagina-10-periodico-regional-pasto.jpg","contentUrl":"https:\/\/pagina10.com\/web\/wp-content\/uploads\/2024\/01\/40-pagina-10-periodico-regional-pasto.jpg","width":1280,"height":720,"caption":"P\u00e1gina10"},"image":{"@id":"https:\/\/pagina10.com\/web\/#\/schema\/logo\/image\/"},"sameAs":["https:\/\/www.facebook.com\/pag10com","https:\/\/x.com\/Pag10com","https:\/\/www.instagram.com\/pagina10col\/","https:\/\/youtube.com\/channel\/pag10","https:\/\/www.tiktok.com\/@p10col"]},{"@type":"Person","@id":"https:\/\/pagina10.com\/web\/#\/schema\/person\/2efc4a090d25b667d3bc796798a3a81b","name":"P\u00e1gina 10","description":"P\u00e1gina 10 es un peri\u00f3dico regional que nace en Colombia, en el departamento de Nari\u00f1o, con un enfoque global, fundamentado en cuatro pilares esenciales: la libertad, el pluralismo, la inclusi\u00f3n y la independencia. P\u00e1gina 10 hace referencia a Nari\u00f1o como el d\u00e9cimo departamento creado en Colombia, despu\u00e9s de un proceso pol\u00edtico liderado por actores y actrices regionales con el fin de obtener la independencia y autonom\u00eda de nuestros territorios. Con la creaci\u00f3n de P\u00e1gina 10 se pretende abrir un escenario para el dialogo, la reflexi\u00f3n y el debate que se extienda a otras geograf\u00edas de Am\u00e9rica Latina y del planeta, en una apuesta por transformar colectivamente los desaf\u00edos de un mundo contempor\u00e1neo, m\u00e1s all\u00e1 de las fronteras impuestas.","url":"https:\/\/pagina10.com\/web\/author\/pdiezadmin\/"}]}},"_links":{"self":[{"href":"https:\/\/pagina10.com\/web\/wp-json\/wp\/v2\/posts\/58573","targetHints":{"allow":["GET"]}}],"collection":[{"href":"https:\/\/pagina10.com\/web\/wp-json\/wp\/v2\/posts"}],"about":[{"href":"https:\/\/pagina10.com\/web\/wp-json\/wp\/v2\/types\/post"}],"author":[{"embeddable":true,"href":"https:\/\/pagina10.com\/web\/wp-json\/wp\/v2\/users\/1"}],"replies":[{"embeddable":true,"href":"https:\/\/pagina10.com\/web\/wp-json\/wp\/v2\/comments?post=58573"}],"version-history":[{"count":1,"href":"https:\/\/pagina10.com\/web\/wp-json\/wp\/v2\/posts\/58573\/revisions"}],"predecessor-version":[{"id":58575,"href":"https:\/\/pagina10.com\/web\/wp-json\/wp\/v2\/posts\/58573\/revisions\/58575"}],"wp:featuredmedia":[{"embeddable":true,"href":"https:\/\/pagina10.com\/web\/wp-json\/wp\/v2\/media\/58574"}],"wp:attachment":[{"href":"https:\/\/pagina10.com\/web\/wp-json\/wp\/v2\/media?parent=58573"}],"wp:term":[{"taxonomy":"category","embeddable":true,"href":"https:\/\/pagina10.com\/web\/wp-json\/wp\/v2\/categories?post=58573"},{"taxonomy":"post_tag","embeddable":true,"href":"https:\/\/pagina10.com\/web\/wp-json\/wp\/v2\/tags?post=58573"}],"curies":[{"name":"wp","href":"https:\/\/api.w.org\/{rel}","templated":true}]}}