{"id":58584,"date":"2022-03-11T20:31:25","date_gmt":"2022-03-12T01:31:25","guid":{"rendered":"https:\/\/pagina10.com\/web\/?p=58584"},"modified":"2022-03-11T20:31:25","modified_gmt":"2022-03-12T01:31:25","slug":"exalcalde-de-yacuanquer-se-apodero-de-277-000-000-de-pesos","status":"publish","type":"post","link":"https:\/\/pagina10.com\/web\/exalcalde-de-yacuanquer-se-apodero-de-277-000-000-de-pesos\/","title":{"rendered":"Exalcalde de Yacuanquer se apoder\u00f3 de  $277.000.000 de pesos"},"content":{"rendered":"<p style=\"text-align: justify;\">La Fiscal\u00eda Seccional puso a disposici\u00f3n del Juzgado Tercero de Ejecuci\u00f3n de Penas a River de Amaury Insuasty Guerrero, exalcalde del municipio de Yacuanquer, para que cumpla la condena de 6 a\u00f1os y 25 d\u00edas que le fue impuesta por el delito de\u00a0<a href=\"https:\/\/www.fiscalia.gov.co\/colombia\/noticias\/judicializados-exalcalde-y-dos-exsecretarios-de-la-jagua-del-pilar-la-guajira-por-peculado-por-apropiacion\/\" data-saferedirecturl=\"https:\/\/www.google.com\/url?q=https:\/\/www.fiscalia.gov.co\/colombia\/noticias\/judicializados-exalcalde-y-dos-exsecretarios-de-la-jagua-del-pilar-la-guajira-por-peculado-por-apropiacion\/&amp;source=gmail&amp;ust=1647104372066000&amp;usg=AOvVaw2Ir6-10T3zvBj2LYOlVPha\">peculado por apropiaci\u00f3n<\/a>.<\/p>\n<p style=\"text-align: justify;\">Los hechos por los cuales el exmandatario fue condenado se remontan al per\u00edodo entre 1996 y 1997, cuando Insuasty Guerrero se desempe\u00f1aba como alcalde de Yacuanquer. De acuerdo con la investigaci\u00f3n penal, el ex mandatario se apoder\u00f3 de\u00a0<a href=\"https:\/\/www.fiscalia.gov.co\/colombia\/noticias\/22-anos-de-prision-para-exdirector-del-instituto-de-extension-de-la-universidad-distrital-idexud-por-apropiacion-de-recursos-publicos\/\" data-saferedirecturl=\"https:\/\/www.google.com\/url?q=https:\/\/www.fiscalia.gov.co\/colombia\/noticias\/22-anos-de-prision-para-exdirector-del-instituto-de-extension-de-la-universidad-distrital-idexud-por-apropiacion-de-recursos-publicos\/&amp;source=gmail&amp;ust=1647104372066000&amp;usg=AOvVaw3IdJ6B1i7msrCcmByxduZv\">recursos p\u00fablicos<\/a>\u00a0por $277.000.000 de pesos, destinados para la implementaci\u00f3n del r\u00e9gimen subsidiado de salud.<\/p>\n<p style=\"text-align: justify;\">El sentenciado fue detenido el pasado 8 de marzo por servidores del CTI con el apoyo de agentes de la Polic\u00eda Nacional, frente a las instalaciones de un centro educativo de esta capital, en donde fue notificado.<\/p>\n<p style=\"text-align: justify;\">En las pr\u00f3ximas horas River de Amaury Insuasty ser\u00e1 recluido en la c\u00e1rcel de Pasto para que cumpla la sentencia por la que fue condenado.<\/p>\n","protected":false},"excerpt":{"rendered":"<p>La Fiscal\u00eda Seccional puso a disposici\u00f3n del Juzgado Tercero de Ejecuci\u00f3n de Penas a River de Amaury Insuasty Guerrero, exalcalde del municipio de Yacuanquer, para que cumpla la condena de 6 a\u00f1os y 25 d\u00edas que le fue impuesta por el delito de\u00a0peculado por apropiaci\u00f3n. Los hechos por los cuales el exmandatario fue condenado se [&hellip;]<\/p>\n","protected":false},"author":1,"featured_media":58586,"comment_status":"open","ping_status":"open","sticky":false,"template":"","format":"standard","meta":{"footnotes":""},"categories":[61],"tags":[],"class_list":["post-58584","post","type-post","status-publish","format-standard","has-post-thumbnail","hentry","category-judicial"],"yoast_head":"<!-- This site is optimized with the Yoast SEO plugin v27.1.1 - https:\/\/yoast.com\/product\/yoast-seo-wordpress\/ -->\n<title>Exalcalde de Yacuanquer se apoder\u00f3 de $277.000.000 de pesos | P\u00e1gina10<\/title>\n<meta name=\"robots\" content=\"index, follow, max-snippet:-1, max-image-preview:large, max-video-preview:-1\" \/>\n<link rel=\"canonical\" href=\"https:\/\/pagina10.com\/web\/exalcalde-de-yacuanquer-se-apodero-de-277-000-000-de-pesos\/\" \/>\n<meta property=\"og:locale\" content=\"es_ES\" \/>\n<meta property=\"og:type\" content=\"article\" \/>\n<meta property=\"og:title\" content=\"Exalcalde de Yacuanquer se apoder\u00f3 de $277.000.000 de pesos | P\u00e1gina10\" \/>\n<meta property=\"og:description\" content=\"La Fiscal\u00eda Seccional puso a disposici\u00f3n del Juzgado Tercero de Ejecuci\u00f3n de Penas a River de Amaury Insuasty Guerrero, exalcalde del municipio de Yacuanquer, para que cumpla la condena de 6 a\u00f1os y 25 d\u00edas que le fue impuesta por el delito de\u00a0peculado por apropiaci\u00f3n. Los hechos por los cuales el exmandatario fue condenado se [&hellip;]\" \/>\n<meta property=\"og:url\" content=\"https:\/\/pagina10.com\/web\/exalcalde-de-yacuanquer-se-apodero-de-277-000-000-de-pesos\/\" \/>\n<meta property=\"og:site_name\" content=\"P\u00e1gina10\" \/>\n<meta property=\"article:publisher\" content=\"https:\/\/www.facebook.com\/pag10com\" \/>\n<meta property=\"article:published_time\" content=\"2022-03-12T01:31:25+00:00\" \/>\n<meta property=\"og:image\" content=\"https:\/\/pagina10.com\/web\/wp-content\/uploads\/2022\/03\/Captura-de-Pantalla-2022-03-11-a-las-8.29.25-p.-m..png\" \/>\n\t<meta property=\"og:image:width\" content=\"470\" \/>\n\t<meta property=\"og:image:height\" content=\"268\" \/>\n\t<meta property=\"og:image:type\" content=\"image\/png\" \/>\n<meta name=\"author\" content=\"P\u00e1gina 10\" \/>\n<meta name=\"twitter:card\" content=\"summary_large_image\" \/>\n<meta name=\"twitter:creator\" content=\"@Pag10com\" \/>\n<meta name=\"twitter:site\" content=\"@Pag10com\" \/>\n<meta name=\"twitter:label1\" content=\"Escrito por\" \/>\n\t<meta name=\"twitter:data1\" content=\"P\u00e1gina 10\" \/>\n\t<meta name=\"twitter:label2\" content=\"Tiempo de lectura\" \/>\n\t<meta name=\"twitter:data2\" content=\"1 minuto\" \/>\n<script type=\"application\/ld+json\" class=\"yoast-schema-graph\">{\"@context\":\"https:\/\/schema.org\",\"@graph\":[{\"@type\":\"Article\",\"@id\":\"https:\/\/pagina10.com\/web\/exalcalde-de-yacuanquer-se-apodero-de-277-000-000-de-pesos\/#article\",\"isPartOf\":{\"@id\":\"https:\/\/pagina10.com\/web\/exalcalde-de-yacuanquer-se-apodero-de-277-000-000-de-pesos\/\"},\"author\":{\"name\":\"P\u00e1gina 10\",\"@id\":\"https:\/\/pagina10.com\/web\/#\/schema\/person\/2efc4a090d25b667d3bc796798a3a81b\"},\"headline\":\"Exalcalde de Yacuanquer se apoder\u00f3 de $277.000.000 de pesos\",\"datePublished\":\"2022-03-12T01:31:25+00:00\",\"mainEntityOfPage\":{\"@id\":\"https:\/\/pagina10.com\/web\/exalcalde-de-yacuanquer-se-apodero-de-277-000-000-de-pesos\/\"},\"wordCount\":178,\"commentCount\":0,\"publisher\":{\"@id\":\"https:\/\/pagina10.com\/web\/#organization\"},\"image\":{\"@id\":\"https:\/\/pagina10.com\/web\/exalcalde-de-yacuanquer-se-apodero-de-277-000-000-de-pesos\/#primaryimage\"},\"thumbnailUrl\":\"https:\/\/pagina10.com\/web\/wp-content\/uploads\/2022\/03\/Captura-de-Pantalla-2022-03-11-a-las-8.29.25-p.-m..png\",\"articleSection\":[\"Judicial\"],\"inLanguage\":\"es\",\"potentialAction\":[{\"@type\":\"CommentAction\",\"name\":\"Comment\",\"target\":[\"https:\/\/pagina10.com\/web\/exalcalde-de-yacuanquer-se-apodero-de-277-000-000-de-pesos\/#respond\"]}]},{\"@type\":\"WebPage\",\"@id\":\"https:\/\/pagina10.com\/web\/exalcalde-de-yacuanquer-se-apodero-de-277-000-000-de-pesos\/\",\"url\":\"https:\/\/pagina10.com\/web\/exalcalde-de-yacuanquer-se-apodero-de-277-000-000-de-pesos\/\",\"name\":\"Exalcalde de Yacuanquer se apoder\u00f3 de $277.000.000 de pesos | P\u00e1gina10\",\"isPartOf\":{\"@id\":\"https:\/\/pagina10.com\/web\/#website\"},\"primaryImageOfPage\":{\"@id\":\"https:\/\/pagina10.com\/web\/exalcalde-de-yacuanquer-se-apodero-de-277-000-000-de-pesos\/#primaryimage\"},\"image\":{\"@id\":\"https:\/\/pagina10.com\/web\/exalcalde-de-yacuanquer-se-apodero-de-277-000-000-de-pesos\/#primaryimage\"},\"thumbnailUrl\":\"https:\/\/pagina10.com\/web\/wp-content\/uploads\/2022\/03\/Captura-de-Pantalla-2022-03-11-a-las-8.29.25-p.-m..png\",\"datePublished\":\"2022-03-12T01:31:25+00:00\",\"breadcrumb\":{\"@id\":\"https:\/\/pagina10.com\/web\/exalcalde-de-yacuanquer-se-apodero-de-277-000-000-de-pesos\/#breadcrumb\"},\"inLanguage\":\"es\",\"potentialAction\":[{\"@type\":\"ReadAction\",\"target\":[\"https:\/\/pagina10.com\/web\/exalcalde-de-yacuanquer-se-apodero-de-277-000-000-de-pesos\/\"]}]},{\"@type\":\"ImageObject\",\"inLanguage\":\"es\",\"@id\":\"https:\/\/pagina10.com\/web\/exalcalde-de-yacuanquer-se-apodero-de-277-000-000-de-pesos\/#primaryimage\",\"url\":\"https:\/\/pagina10.com\/web\/wp-content\/uploads\/2022\/03\/Captura-de-Pantalla-2022-03-11-a-las-8.29.25-p.-m..png\",\"contentUrl\":\"https:\/\/pagina10.com\/web\/wp-content\/uploads\/2022\/03\/Captura-de-Pantalla-2022-03-11-a-las-8.29.25-p.-m..png\",\"width\":470,\"height\":268},{\"@type\":\"BreadcrumbList\",\"@id\":\"https:\/\/pagina10.com\/web\/exalcalde-de-yacuanquer-se-apodero-de-277-000-000-de-pesos\/#breadcrumb\",\"itemListElement\":[{\"@type\":\"ListItem\",\"position\":1,\"name\":\"Portada\",\"item\":\"https:\/\/pagina10.com\/web\/\"},{\"@type\":\"ListItem\",\"position\":2,\"name\":\"Exalcalde de Yacuanquer se apoder\u00f3 de $277.000.000 de pesos\"}]},{\"@type\":\"WebSite\",\"@id\":\"https:\/\/pagina10.com\/web\/#website\",\"url\":\"https:\/\/pagina10.com\/web\/\",\"name\":\"P\u00e1gina10\",\"description\":\"Peri\u00f3dico Regional\",\"publisher\":{\"@id\":\"https:\/\/pagina10.com\/web\/#organization\"},\"alternateName\":\"P\u00e1gina10 Peri\u00f3dico Regional\",\"potentialAction\":[{\"@type\":\"SearchAction\",\"target\":{\"@type\":\"EntryPoint\",\"urlTemplate\":\"https:\/\/pagina10.com\/web\/?s={search_term_string}\"},\"query-input\":{\"@type\":\"PropertyValueSpecification\",\"valueRequired\":true,\"valueName\":\"search_term_string\"}}],\"inLanguage\":\"es\"},{\"@type\":\"Organization\",\"@id\":\"https:\/\/pagina10.com\/web\/#organization\",\"name\":\"P\u00e1gina10\",\"alternateName\":\"P\u00e1gina10 Peri\u00f3dico Regional\",\"url\":\"https:\/\/pagina10.com\/web\/\",\"logo\":{\"@type\":\"ImageObject\",\"inLanguage\":\"es\",\"@id\":\"https:\/\/pagina10.com\/web\/#\/schema\/logo\/image\/\",\"url\":\"https:\/\/pagina10.com\/web\/wp-content\/uploads\/2024\/01\/40-pagina-10-periodico-regional-pasto.jpg\",\"contentUrl\":\"https:\/\/pagina10.com\/web\/wp-content\/uploads\/2024\/01\/40-pagina-10-periodico-regional-pasto.jpg\",\"width\":1280,\"height\":720,\"caption\":\"P\u00e1gina10\"},\"image\":{\"@id\":\"https:\/\/pagina10.com\/web\/#\/schema\/logo\/image\/\"},\"sameAs\":[\"https:\/\/www.facebook.com\/pag10com\",\"https:\/\/x.com\/Pag10com\",\"https:\/\/www.instagram.com\/pagina10col\/\",\"https:\/\/youtube.com\/channel\/pag10\",\"https:\/\/www.tiktok.com\/@p10col\"]},{\"@type\":\"Person\",\"@id\":\"https:\/\/pagina10.com\/web\/#\/schema\/person\/2efc4a090d25b667d3bc796798a3a81b\",\"name\":\"P\u00e1gina 10\",\"description\":\"P\u00e1gina 10 es un peri\u00f3dico regional que nace en Colombia, en el departamento de Nari\u00f1o, con un enfoque global, fundamentado en cuatro pilares esenciales: la libertad, el pluralismo, la inclusi\u00f3n y la independencia. P\u00e1gina 10 hace referencia a Nari\u00f1o como el d\u00e9cimo departamento creado en Colombia, despu\u00e9s de un proceso pol\u00edtico liderado por actores y actrices regionales con el fin de obtener la independencia y autonom\u00eda de nuestros territorios. Con la creaci\u00f3n de P\u00e1gina 10 se pretende abrir un escenario para el dialogo, la reflexi\u00f3n y el debate que se extienda a otras geograf\u00edas de Am\u00e9rica Latina y del planeta, en una apuesta por transformar colectivamente los desaf\u00edos de un mundo contempor\u00e1neo, m\u00e1s all\u00e1 de las fronteras impuestas.\",\"url\":\"https:\/\/pagina10.com\/web\/author\/pdiezadmin\/\"}]}<\/script>\n<!-- \/ Yoast SEO plugin. -->","yoast_head_json":{"title":"Exalcalde de Yacuanquer se apoder\u00f3 de $277.000.000 de pesos | P\u00e1gina10","robots":{"index":"index","follow":"follow","max-snippet":"max-snippet:-1","max-image-preview":"max-image-preview:large","max-video-preview":"max-video-preview:-1"},"canonical":"https:\/\/pagina10.com\/web\/exalcalde-de-yacuanquer-se-apodero-de-277-000-000-de-pesos\/","og_locale":"es_ES","og_type":"article","og_title":"Exalcalde de Yacuanquer se apoder\u00f3 de $277.000.000 de pesos | P\u00e1gina10","og_description":"La Fiscal\u00eda Seccional puso a disposici\u00f3n del Juzgado Tercero de Ejecuci\u00f3n de Penas a River de Amaury Insuasty Guerrero, exalcalde del municipio de Yacuanquer, para que cumpla la condena de 6 a\u00f1os y 25 d\u00edas que le fue impuesta por el delito de\u00a0peculado por apropiaci\u00f3n. Los hechos por los cuales el exmandatario fue condenado se [&hellip;]","og_url":"https:\/\/pagina10.com\/web\/exalcalde-de-yacuanquer-se-apodero-de-277-000-000-de-pesos\/","og_site_name":"P\u00e1gina10","article_publisher":"https:\/\/www.facebook.com\/pag10com","article_published_time":"2022-03-12T01:31:25+00:00","og_image":[{"width":470,"height":268,"url":"https:\/\/pagina10.com\/web\/wp-content\/uploads\/2022\/03\/Captura-de-Pantalla-2022-03-11-a-las-8.29.25-p.-m..png","type":"image\/png"}],"author":"P\u00e1gina 10","twitter_card":"summary_large_image","twitter_creator":"@Pag10com","twitter_site":"@Pag10com","twitter_misc":{"Escrito por":"P\u00e1gina 10","Tiempo de lectura":"1 minuto"},"schema":{"@context":"https:\/\/schema.org","@graph":[{"@type":"Article","@id":"https:\/\/pagina10.com\/web\/exalcalde-de-yacuanquer-se-apodero-de-277-000-000-de-pesos\/#article","isPartOf":{"@id":"https:\/\/pagina10.com\/web\/exalcalde-de-yacuanquer-se-apodero-de-277-000-000-de-pesos\/"},"author":{"name":"P\u00e1gina 10","@id":"https:\/\/pagina10.com\/web\/#\/schema\/person\/2efc4a090d25b667d3bc796798a3a81b"},"headline":"Exalcalde de Yacuanquer se apoder\u00f3 de $277.000.000 de pesos","datePublished":"2022-03-12T01:31:25+00:00","mainEntityOfPage":{"@id":"https:\/\/pagina10.com\/web\/exalcalde-de-yacuanquer-se-apodero-de-277-000-000-de-pesos\/"},"wordCount":178,"commentCount":0,"publisher":{"@id":"https:\/\/pagina10.com\/web\/#organization"},"image":{"@id":"https:\/\/pagina10.com\/web\/exalcalde-de-yacuanquer-se-apodero-de-277-000-000-de-pesos\/#primaryimage"},"thumbnailUrl":"https:\/\/pagina10.com\/web\/wp-content\/uploads\/2022\/03\/Captura-de-Pantalla-2022-03-11-a-las-8.29.25-p.-m..png","articleSection":["Judicial"],"inLanguage":"es","potentialAction":[{"@type":"CommentAction","name":"Comment","target":["https:\/\/pagina10.com\/web\/exalcalde-de-yacuanquer-se-apodero-de-277-000-000-de-pesos\/#respond"]}]},{"@type":"WebPage","@id":"https:\/\/pagina10.com\/web\/exalcalde-de-yacuanquer-se-apodero-de-277-000-000-de-pesos\/","url":"https:\/\/pagina10.com\/web\/exalcalde-de-yacuanquer-se-apodero-de-277-000-000-de-pesos\/","name":"Exalcalde de Yacuanquer se apoder\u00f3 de $277.000.000 de pesos | P\u00e1gina10","isPartOf":{"@id":"https:\/\/pagina10.com\/web\/#website"},"primaryImageOfPage":{"@id":"https:\/\/pagina10.com\/web\/exalcalde-de-yacuanquer-se-apodero-de-277-000-000-de-pesos\/#primaryimage"},"image":{"@id":"https:\/\/pagina10.com\/web\/exalcalde-de-yacuanquer-se-apodero-de-277-000-000-de-pesos\/#primaryimage"},"thumbnailUrl":"https:\/\/pagina10.com\/web\/wp-content\/uploads\/2022\/03\/Captura-de-Pantalla-2022-03-11-a-las-8.29.25-p.-m..png","datePublished":"2022-03-12T01:31:25+00:00","breadcrumb":{"@id":"https:\/\/pagina10.com\/web\/exalcalde-de-yacuanquer-se-apodero-de-277-000-000-de-pesos\/#breadcrumb"},"inLanguage":"es","potentialAction":[{"@type":"ReadAction","target":["https:\/\/pagina10.com\/web\/exalcalde-de-yacuanquer-se-apodero-de-277-000-000-de-pesos\/"]}]},{"@type":"ImageObject","inLanguage":"es","@id":"https:\/\/pagina10.com\/web\/exalcalde-de-yacuanquer-se-apodero-de-277-000-000-de-pesos\/#primaryimage","url":"https:\/\/pagina10.com\/web\/wp-content\/uploads\/2022\/03\/Captura-de-Pantalla-2022-03-11-a-las-8.29.25-p.-m..png","contentUrl":"https:\/\/pagina10.com\/web\/wp-content\/uploads\/2022\/03\/Captura-de-Pantalla-2022-03-11-a-las-8.29.25-p.-m..png","width":470,"height":268},{"@type":"BreadcrumbList","@id":"https:\/\/pagina10.com\/web\/exalcalde-de-yacuanquer-se-apodero-de-277-000-000-de-pesos\/#breadcrumb","itemListElement":[{"@type":"ListItem","position":1,"name":"Portada","item":"https:\/\/pagina10.com\/web\/"},{"@type":"ListItem","position":2,"name":"Exalcalde de Yacuanquer se apoder\u00f3 de $277.000.000 de pesos"}]},{"@type":"WebSite","@id":"https:\/\/pagina10.com\/web\/#website","url":"https:\/\/pagina10.com\/web\/","name":"P\u00e1gina10","description":"Peri\u00f3dico Regional","publisher":{"@id":"https:\/\/pagina10.com\/web\/#organization"},"alternateName":"P\u00e1gina10 Peri\u00f3dico Regional","potentialAction":[{"@type":"SearchAction","target":{"@type":"EntryPoint","urlTemplate":"https:\/\/pagina10.com\/web\/?s={search_term_string}"},"query-input":{"@type":"PropertyValueSpecification","valueRequired":true,"valueName":"search_term_string"}}],"inLanguage":"es"},{"@type":"Organization","@id":"https:\/\/pagina10.com\/web\/#organization","name":"P\u00e1gina10","alternateName":"P\u00e1gina10 Peri\u00f3dico Regional","url":"https:\/\/pagina10.com\/web\/","logo":{"@type":"ImageObject","inLanguage":"es","@id":"https:\/\/pagina10.com\/web\/#\/schema\/logo\/image\/","url":"https:\/\/pagina10.com\/web\/wp-content\/uploads\/2024\/01\/40-pagina-10-periodico-regional-pasto.jpg","contentUrl":"https:\/\/pagina10.com\/web\/wp-content\/uploads\/2024\/01\/40-pagina-10-periodico-regional-pasto.jpg","width":1280,"height":720,"caption":"P\u00e1gina10"},"image":{"@id":"https:\/\/pagina10.com\/web\/#\/schema\/logo\/image\/"},"sameAs":["https:\/\/www.facebook.com\/pag10com","https:\/\/x.com\/Pag10com","https:\/\/www.instagram.com\/pagina10col\/","https:\/\/youtube.com\/channel\/pag10","https:\/\/www.tiktok.com\/@p10col"]},{"@type":"Person","@id":"https:\/\/pagina10.com\/web\/#\/schema\/person\/2efc4a090d25b667d3bc796798a3a81b","name":"P\u00e1gina 10","description":"P\u00e1gina 10 es un peri\u00f3dico regional que nace en Colombia, en el departamento de Nari\u00f1o, con un enfoque global, fundamentado en cuatro pilares esenciales: la libertad, el pluralismo, la inclusi\u00f3n y la independencia. P\u00e1gina 10 hace referencia a Nari\u00f1o como el d\u00e9cimo departamento creado en Colombia, despu\u00e9s de un proceso pol\u00edtico liderado por actores y actrices regionales con el fin de obtener la independencia y autonom\u00eda de nuestros territorios. Con la creaci\u00f3n de P\u00e1gina 10 se pretende abrir un escenario para el dialogo, la reflexi\u00f3n y el debate que se extienda a otras geograf\u00edas de Am\u00e9rica Latina y del planeta, en una apuesta por transformar colectivamente los desaf\u00edos de un mundo contempor\u00e1neo, m\u00e1s all\u00e1 de las fronteras impuestas.","url":"https:\/\/pagina10.com\/web\/author\/pdiezadmin\/"}]}},"_links":{"self":[{"href":"https:\/\/pagina10.com\/web\/wp-json\/wp\/v2\/posts\/58584","targetHints":{"allow":["GET"]}}],"collection":[{"href":"https:\/\/pagina10.com\/web\/wp-json\/wp\/v2\/posts"}],"about":[{"href":"https:\/\/pagina10.com\/web\/wp-json\/wp\/v2\/types\/post"}],"author":[{"embeddable":true,"href":"https:\/\/pagina10.com\/web\/wp-json\/wp\/v2\/users\/1"}],"replies":[{"embeddable":true,"href":"https:\/\/pagina10.com\/web\/wp-json\/wp\/v2\/comments?post=58584"}],"version-history":[{"count":1,"href":"https:\/\/pagina10.com\/web\/wp-json\/wp\/v2\/posts\/58584\/revisions"}],"predecessor-version":[{"id":58587,"href":"https:\/\/pagina10.com\/web\/wp-json\/wp\/v2\/posts\/58584\/revisions\/58587"}],"wp:featuredmedia":[{"embeddable":true,"href":"https:\/\/pagina10.com\/web\/wp-json\/wp\/v2\/media\/58586"}],"wp:attachment":[{"href":"https:\/\/pagina10.com\/web\/wp-json\/wp\/v2\/media?parent=58584"}],"wp:term":[{"taxonomy":"category","embeddable":true,"href":"https:\/\/pagina10.com\/web\/wp-json\/wp\/v2\/categories?post=58584"},{"taxonomy":"post_tag","embeddable":true,"href":"https:\/\/pagina10.com\/web\/wp-json\/wp\/v2\/tags?post=58584"}],"curies":[{"name":"wp","href":"https:\/\/api.w.org\/{rel}","templated":true}]}}