{"id":58627,"date":"2022-03-15T12:26:00","date_gmt":"2022-03-15T17:26:00","guid":{"rendered":"https:\/\/pagina10.com\/web\/?p=58627"},"modified":"2022-03-15T12:26:00","modified_gmt":"2022-03-15T17:26:00","slug":"la-gobernacion-de-narino-inicio-proceso-de-capacitaciones-anticontrabando-en-narino","status":"publish","type":"post","link":"https:\/\/pagina10.com\/web\/la-gobernacion-de-narino-inicio-proceso-de-capacitaciones-anticontrabando-en-narino\/","title":{"rendered":"La Gobernaci\u00f3n de Nari\u00f1o inici\u00f3 proceso de capacitaciones anticontrabando en Nari\u00f1o"},"content":{"rendered":"<p style=\"text-align: justify;\">Como parte de la campa\u00f1a \u2018Me lo tomo enserio y a lo legal\u2019, la Administraci\u00f3n Departamental, a trav\u00e9s de la Subsecretar\u00eda de Rentas, con el apoyo de la Federaci\u00f3n Nacional de Departamentos, dieron inicio al proceso de capacitaciones sobre el control de licores y cigarrillos de contrabando en el departamento de Nari\u00f1o.<\/p>\n<div>\nEl primer taller que cont\u00f3 con la asistencia de los comerciantes del mercado El Potrerillo de Pasto, tuvo un componente pedag\u00f3gico, donde a trav\u00e9s de la l\u00fadica se sensibiliz\u00f3 a los participantes sobre las graves consecuencias al consumir licor adulterado y la p\u00e9rdida de recursos p\u00fablicos para la salud y la educaci\u00f3n.<\/p>\n<div style=\"text-align: justify;\">\nAs\u00ed mismo, se gener\u00f3 un espacio para abordar el marco legal de esta tem\u00e1tica en Colombia, d\u00f3nde contratistas de la Subsecretar\u00eda de Rentas expusieron la normatividad vigente, explicaron c\u00f3mo identificar un licor adulterado y cigarrillos de contrabando, el manejo de estampillas y un funcionario de la DIAN habl\u00f3 sobre la facturaci\u00f3n electr\u00f3nica.<\/div>\n<div style=\"text-align: justify;\">\nFinalmente, y como un mensaje de reflexi\u00f3n, se present\u00f3 un testimonio de una persona que tuvo graves perjuicios en su salud por tomar una bebida alcoh\u00f3lica adulterada y se record\u00f3 la responsabilidad que deben tener los comerciantes al vender esta clase de productos.<\/div>\n<\/div>\n","protected":false},"excerpt":{"rendered":"<p>Como parte de la campa\u00f1a \u2018Me lo tomo enserio y a lo legal\u2019, la Administraci\u00f3n Departamental, a trav\u00e9s de la Subsecretar\u00eda de Rentas, con el apoyo de la Federaci\u00f3n Nacional de Departamentos, dieron inicio al proceso de capacitaciones sobre el control de licores y cigarrillos de contrabando en el departamento de Nari\u00f1o. El primer taller [&hellip;]<\/p>\n","protected":false},"author":1,"featured_media":58628,"comment_status":"open","ping_status":"open","sticky":false,"template":"","format":"standard","meta":{"footnotes":""},"categories":[13],"tags":[],"class_list":["post-58627","post","type-post","status-publish","format-standard","has-post-thumbnail","hentry","category-economia"],"yoast_head":"<!-- This site is optimized with the Yoast SEO plugin v27.1.1 - https:\/\/yoast.com\/product\/yoast-seo-wordpress\/ -->\n<title>La Gobernaci\u00f3n de Nari\u00f1o inici\u00f3 proceso de capacitaciones anticontrabando en Nari\u00f1o | P\u00e1gina10<\/title>\n<meta name=\"robots\" content=\"index, follow, max-snippet:-1, max-image-preview:large, max-video-preview:-1\" \/>\n<link rel=\"canonical\" href=\"https:\/\/pagina10.com\/web\/la-gobernacion-de-narino-inicio-proceso-de-capacitaciones-anticontrabando-en-narino\/\" \/>\n<meta property=\"og:locale\" content=\"es_ES\" \/>\n<meta property=\"og:type\" content=\"article\" \/>\n<meta property=\"og:title\" content=\"La Gobernaci\u00f3n de Nari\u00f1o inici\u00f3 proceso de capacitaciones anticontrabando en Nari\u00f1o | P\u00e1gina10\" \/>\n<meta property=\"og:description\" content=\"Como parte de la campa\u00f1a \u2018Me lo tomo enserio y a lo legal\u2019, la Administraci\u00f3n Departamental, a trav\u00e9s de la Subsecretar\u00eda de Rentas, con el apoyo de la Federaci\u00f3n Nacional de Departamentos, dieron inicio al proceso de capacitaciones sobre el control de licores y cigarrillos de contrabando en el departamento de Nari\u00f1o. El primer taller [&hellip;]\" \/>\n<meta property=\"og:url\" content=\"https:\/\/pagina10.com\/web\/la-gobernacion-de-narino-inicio-proceso-de-capacitaciones-anticontrabando-en-narino\/\" \/>\n<meta property=\"og:site_name\" content=\"P\u00e1gina10\" \/>\n<meta property=\"article:publisher\" content=\"https:\/\/www.facebook.com\/pag10com\" \/>\n<meta property=\"article:published_time\" content=\"2022-03-15T17:26:00+00:00\" \/>\n<meta property=\"og:image\" content=\"https:\/\/pagina10.com\/web\/wp-content\/uploads\/2022\/03\/Captura-de-Pantalla-2022-03-15-a-las-12.24.21-p.-m..png\" \/>\n\t<meta property=\"og:image:width\" content=\"463\" \/>\n\t<meta property=\"og:image:height\" content=\"343\" \/>\n\t<meta property=\"og:image:type\" content=\"image\/png\" \/>\n<meta name=\"author\" content=\"P\u00e1gina 10\" \/>\n<meta name=\"twitter:card\" content=\"summary_large_image\" \/>\n<meta name=\"twitter:creator\" content=\"@Pag10com\" \/>\n<meta name=\"twitter:site\" content=\"@Pag10com\" \/>\n<meta name=\"twitter:label1\" content=\"Escrito por\" \/>\n\t<meta name=\"twitter:data1\" content=\"P\u00e1gina 10\" \/>\n\t<meta name=\"twitter:label2\" content=\"Tiempo de lectura\" \/>\n\t<meta name=\"twitter:data2\" content=\"1 minuto\" \/>\n<script type=\"application\/ld+json\" class=\"yoast-schema-graph\">{\"@context\":\"https:\/\/schema.org\",\"@graph\":[{\"@type\":\"Article\",\"@id\":\"https:\/\/pagina10.com\/web\/la-gobernacion-de-narino-inicio-proceso-de-capacitaciones-anticontrabando-en-narino\/#article\",\"isPartOf\":{\"@id\":\"https:\/\/pagina10.com\/web\/la-gobernacion-de-narino-inicio-proceso-de-capacitaciones-anticontrabando-en-narino\/\"},\"author\":{\"name\":\"P\u00e1gina 10\",\"@id\":\"https:\/\/pagina10.com\/web\/#\/schema\/person\/2efc4a090d25b667d3bc796798a3a81b\"},\"headline\":\"La Gobernaci\u00f3n de Nari\u00f1o inici\u00f3 proceso de capacitaciones anticontrabando en Nari\u00f1o\",\"datePublished\":\"2022-03-15T17:26:00+00:00\",\"mainEntityOfPage\":{\"@id\":\"https:\/\/pagina10.com\/web\/la-gobernacion-de-narino-inicio-proceso-de-capacitaciones-anticontrabando-en-narino\/\"},\"wordCount\":233,\"commentCount\":0,\"publisher\":{\"@id\":\"https:\/\/pagina10.com\/web\/#organization\"},\"image\":{\"@id\":\"https:\/\/pagina10.com\/web\/la-gobernacion-de-narino-inicio-proceso-de-capacitaciones-anticontrabando-en-narino\/#primaryimage\"},\"thumbnailUrl\":\"https:\/\/pagina10.com\/web\/wp-content\/uploads\/2022\/03\/Captura-de-Pantalla-2022-03-15-a-las-12.24.21-p.-m..png\",\"articleSection\":[\"Econom\u00eda\"],\"inLanguage\":\"es\",\"potentialAction\":[{\"@type\":\"CommentAction\",\"name\":\"Comment\",\"target\":[\"https:\/\/pagina10.com\/web\/la-gobernacion-de-narino-inicio-proceso-de-capacitaciones-anticontrabando-en-narino\/#respond\"]}]},{\"@type\":\"WebPage\",\"@id\":\"https:\/\/pagina10.com\/web\/la-gobernacion-de-narino-inicio-proceso-de-capacitaciones-anticontrabando-en-narino\/\",\"url\":\"https:\/\/pagina10.com\/web\/la-gobernacion-de-narino-inicio-proceso-de-capacitaciones-anticontrabando-en-narino\/\",\"name\":\"La Gobernaci\u00f3n de Nari\u00f1o inici\u00f3 proceso de capacitaciones anticontrabando en Nari\u00f1o | P\u00e1gina10\",\"isPartOf\":{\"@id\":\"https:\/\/pagina10.com\/web\/#website\"},\"primaryImageOfPage\":{\"@id\":\"https:\/\/pagina10.com\/web\/la-gobernacion-de-narino-inicio-proceso-de-capacitaciones-anticontrabando-en-narino\/#primaryimage\"},\"image\":{\"@id\":\"https:\/\/pagina10.com\/web\/la-gobernacion-de-narino-inicio-proceso-de-capacitaciones-anticontrabando-en-narino\/#primaryimage\"},\"thumbnailUrl\":\"https:\/\/pagina10.com\/web\/wp-content\/uploads\/2022\/03\/Captura-de-Pantalla-2022-03-15-a-las-12.24.21-p.-m..png\",\"datePublished\":\"2022-03-15T17:26:00+00:00\",\"breadcrumb\":{\"@id\":\"https:\/\/pagina10.com\/web\/la-gobernacion-de-narino-inicio-proceso-de-capacitaciones-anticontrabando-en-narino\/#breadcrumb\"},\"inLanguage\":\"es\",\"potentialAction\":[{\"@type\":\"ReadAction\",\"target\":[\"https:\/\/pagina10.com\/web\/la-gobernacion-de-narino-inicio-proceso-de-capacitaciones-anticontrabando-en-narino\/\"]}]},{\"@type\":\"ImageObject\",\"inLanguage\":\"es\",\"@id\":\"https:\/\/pagina10.com\/web\/la-gobernacion-de-narino-inicio-proceso-de-capacitaciones-anticontrabando-en-narino\/#primaryimage\",\"url\":\"https:\/\/pagina10.com\/web\/wp-content\/uploads\/2022\/03\/Captura-de-Pantalla-2022-03-15-a-las-12.24.21-p.-m..png\",\"contentUrl\":\"https:\/\/pagina10.com\/web\/wp-content\/uploads\/2022\/03\/Captura-de-Pantalla-2022-03-15-a-las-12.24.21-p.-m..png\",\"width\":463,\"height\":343},{\"@type\":\"BreadcrumbList\",\"@id\":\"https:\/\/pagina10.com\/web\/la-gobernacion-de-narino-inicio-proceso-de-capacitaciones-anticontrabando-en-narino\/#breadcrumb\",\"itemListElement\":[{\"@type\":\"ListItem\",\"position\":1,\"name\":\"Portada\",\"item\":\"https:\/\/pagina10.com\/web\/\"},{\"@type\":\"ListItem\",\"position\":2,\"name\":\"La Gobernaci\u00f3n de Nari\u00f1o inici\u00f3 proceso de capacitaciones anticontrabando en Nari\u00f1o\"}]},{\"@type\":\"WebSite\",\"@id\":\"https:\/\/pagina10.com\/web\/#website\",\"url\":\"https:\/\/pagina10.com\/web\/\",\"name\":\"P\u00e1gina10\",\"description\":\"Peri\u00f3dico Regional\",\"publisher\":{\"@id\":\"https:\/\/pagina10.com\/web\/#organization\"},\"alternateName\":\"P\u00e1gina10 Peri\u00f3dico Regional\",\"potentialAction\":[{\"@type\":\"SearchAction\",\"target\":{\"@type\":\"EntryPoint\",\"urlTemplate\":\"https:\/\/pagina10.com\/web\/?s={search_term_string}\"},\"query-input\":{\"@type\":\"PropertyValueSpecification\",\"valueRequired\":true,\"valueName\":\"search_term_string\"}}],\"inLanguage\":\"es\"},{\"@type\":\"Organization\",\"@id\":\"https:\/\/pagina10.com\/web\/#organization\",\"name\":\"P\u00e1gina10\",\"alternateName\":\"P\u00e1gina10 Peri\u00f3dico Regional\",\"url\":\"https:\/\/pagina10.com\/web\/\",\"logo\":{\"@type\":\"ImageObject\",\"inLanguage\":\"es\",\"@id\":\"https:\/\/pagina10.com\/web\/#\/schema\/logo\/image\/\",\"url\":\"https:\/\/pagina10.com\/web\/wp-content\/uploads\/2024\/01\/40-pagina-10-periodico-regional-pasto.jpg\",\"contentUrl\":\"https:\/\/pagina10.com\/web\/wp-content\/uploads\/2024\/01\/40-pagina-10-periodico-regional-pasto.jpg\",\"width\":1280,\"height\":720,\"caption\":\"P\u00e1gina10\"},\"image\":{\"@id\":\"https:\/\/pagina10.com\/web\/#\/schema\/logo\/image\/\"},\"sameAs\":[\"https:\/\/www.facebook.com\/pag10com\",\"https:\/\/x.com\/Pag10com\",\"https:\/\/www.instagram.com\/pagina10col\/\",\"https:\/\/youtube.com\/channel\/pag10\",\"https:\/\/www.tiktok.com\/@p10col\"]},{\"@type\":\"Person\",\"@id\":\"https:\/\/pagina10.com\/web\/#\/schema\/person\/2efc4a090d25b667d3bc796798a3a81b\",\"name\":\"P\u00e1gina 10\",\"description\":\"P\u00e1gina 10 es un peri\u00f3dico regional que nace en Colombia, en el departamento de Nari\u00f1o, con un enfoque global, fundamentado en cuatro pilares esenciales: la libertad, el pluralismo, la inclusi\u00f3n y la independencia. P\u00e1gina 10 hace referencia a Nari\u00f1o como el d\u00e9cimo departamento creado en Colombia, despu\u00e9s de un proceso pol\u00edtico liderado por actores y actrices regionales con el fin de obtener la independencia y autonom\u00eda de nuestros territorios. Con la creaci\u00f3n de P\u00e1gina 10 se pretende abrir un escenario para el dialogo, la reflexi\u00f3n y el debate que se extienda a otras geograf\u00edas de Am\u00e9rica Latina y del planeta, en una apuesta por transformar colectivamente los desaf\u00edos de un mundo contempor\u00e1neo, m\u00e1s all\u00e1 de las fronteras impuestas.\",\"url\":\"https:\/\/pagina10.com\/web\/author\/pdiezadmin\/\"}]}<\/script>\n<!-- \/ Yoast SEO plugin. -->","yoast_head_json":{"title":"La Gobernaci\u00f3n de Nari\u00f1o inici\u00f3 proceso de capacitaciones anticontrabando en Nari\u00f1o | P\u00e1gina10","robots":{"index":"index","follow":"follow","max-snippet":"max-snippet:-1","max-image-preview":"max-image-preview:large","max-video-preview":"max-video-preview:-1"},"canonical":"https:\/\/pagina10.com\/web\/la-gobernacion-de-narino-inicio-proceso-de-capacitaciones-anticontrabando-en-narino\/","og_locale":"es_ES","og_type":"article","og_title":"La Gobernaci\u00f3n de Nari\u00f1o inici\u00f3 proceso de capacitaciones anticontrabando en Nari\u00f1o | P\u00e1gina10","og_description":"Como parte de la campa\u00f1a \u2018Me lo tomo enserio y a lo legal\u2019, la Administraci\u00f3n Departamental, a trav\u00e9s de la Subsecretar\u00eda de Rentas, con el apoyo de la Federaci\u00f3n Nacional de Departamentos, dieron inicio al proceso de capacitaciones sobre el control de licores y cigarrillos de contrabando en el departamento de Nari\u00f1o. El primer taller [&hellip;]","og_url":"https:\/\/pagina10.com\/web\/la-gobernacion-de-narino-inicio-proceso-de-capacitaciones-anticontrabando-en-narino\/","og_site_name":"P\u00e1gina10","article_publisher":"https:\/\/www.facebook.com\/pag10com","article_published_time":"2022-03-15T17:26:00+00:00","og_image":[{"width":463,"height":343,"url":"https:\/\/pagina10.com\/web\/wp-content\/uploads\/2022\/03\/Captura-de-Pantalla-2022-03-15-a-las-12.24.21-p.-m..png","type":"image\/png"}],"author":"P\u00e1gina 10","twitter_card":"summary_large_image","twitter_creator":"@Pag10com","twitter_site":"@Pag10com","twitter_misc":{"Escrito por":"P\u00e1gina 10","Tiempo de lectura":"1 minuto"},"schema":{"@context":"https:\/\/schema.org","@graph":[{"@type":"Article","@id":"https:\/\/pagina10.com\/web\/la-gobernacion-de-narino-inicio-proceso-de-capacitaciones-anticontrabando-en-narino\/#article","isPartOf":{"@id":"https:\/\/pagina10.com\/web\/la-gobernacion-de-narino-inicio-proceso-de-capacitaciones-anticontrabando-en-narino\/"},"author":{"name":"P\u00e1gina 10","@id":"https:\/\/pagina10.com\/web\/#\/schema\/person\/2efc4a090d25b667d3bc796798a3a81b"},"headline":"La Gobernaci\u00f3n de Nari\u00f1o inici\u00f3 proceso de capacitaciones anticontrabando en Nari\u00f1o","datePublished":"2022-03-15T17:26:00+00:00","mainEntityOfPage":{"@id":"https:\/\/pagina10.com\/web\/la-gobernacion-de-narino-inicio-proceso-de-capacitaciones-anticontrabando-en-narino\/"},"wordCount":233,"commentCount":0,"publisher":{"@id":"https:\/\/pagina10.com\/web\/#organization"},"image":{"@id":"https:\/\/pagina10.com\/web\/la-gobernacion-de-narino-inicio-proceso-de-capacitaciones-anticontrabando-en-narino\/#primaryimage"},"thumbnailUrl":"https:\/\/pagina10.com\/web\/wp-content\/uploads\/2022\/03\/Captura-de-Pantalla-2022-03-15-a-las-12.24.21-p.-m..png","articleSection":["Econom\u00eda"],"inLanguage":"es","potentialAction":[{"@type":"CommentAction","name":"Comment","target":["https:\/\/pagina10.com\/web\/la-gobernacion-de-narino-inicio-proceso-de-capacitaciones-anticontrabando-en-narino\/#respond"]}]},{"@type":"WebPage","@id":"https:\/\/pagina10.com\/web\/la-gobernacion-de-narino-inicio-proceso-de-capacitaciones-anticontrabando-en-narino\/","url":"https:\/\/pagina10.com\/web\/la-gobernacion-de-narino-inicio-proceso-de-capacitaciones-anticontrabando-en-narino\/","name":"La Gobernaci\u00f3n de Nari\u00f1o inici\u00f3 proceso de capacitaciones anticontrabando en Nari\u00f1o | P\u00e1gina10","isPartOf":{"@id":"https:\/\/pagina10.com\/web\/#website"},"primaryImageOfPage":{"@id":"https:\/\/pagina10.com\/web\/la-gobernacion-de-narino-inicio-proceso-de-capacitaciones-anticontrabando-en-narino\/#primaryimage"},"image":{"@id":"https:\/\/pagina10.com\/web\/la-gobernacion-de-narino-inicio-proceso-de-capacitaciones-anticontrabando-en-narino\/#primaryimage"},"thumbnailUrl":"https:\/\/pagina10.com\/web\/wp-content\/uploads\/2022\/03\/Captura-de-Pantalla-2022-03-15-a-las-12.24.21-p.-m..png","datePublished":"2022-03-15T17:26:00+00:00","breadcrumb":{"@id":"https:\/\/pagina10.com\/web\/la-gobernacion-de-narino-inicio-proceso-de-capacitaciones-anticontrabando-en-narino\/#breadcrumb"},"inLanguage":"es","potentialAction":[{"@type":"ReadAction","target":["https:\/\/pagina10.com\/web\/la-gobernacion-de-narino-inicio-proceso-de-capacitaciones-anticontrabando-en-narino\/"]}]},{"@type":"ImageObject","inLanguage":"es","@id":"https:\/\/pagina10.com\/web\/la-gobernacion-de-narino-inicio-proceso-de-capacitaciones-anticontrabando-en-narino\/#primaryimage","url":"https:\/\/pagina10.com\/web\/wp-content\/uploads\/2022\/03\/Captura-de-Pantalla-2022-03-15-a-las-12.24.21-p.-m..png","contentUrl":"https:\/\/pagina10.com\/web\/wp-content\/uploads\/2022\/03\/Captura-de-Pantalla-2022-03-15-a-las-12.24.21-p.-m..png","width":463,"height":343},{"@type":"BreadcrumbList","@id":"https:\/\/pagina10.com\/web\/la-gobernacion-de-narino-inicio-proceso-de-capacitaciones-anticontrabando-en-narino\/#breadcrumb","itemListElement":[{"@type":"ListItem","position":1,"name":"Portada","item":"https:\/\/pagina10.com\/web\/"},{"@type":"ListItem","position":2,"name":"La Gobernaci\u00f3n de Nari\u00f1o inici\u00f3 proceso de capacitaciones anticontrabando en Nari\u00f1o"}]},{"@type":"WebSite","@id":"https:\/\/pagina10.com\/web\/#website","url":"https:\/\/pagina10.com\/web\/","name":"P\u00e1gina10","description":"Peri\u00f3dico Regional","publisher":{"@id":"https:\/\/pagina10.com\/web\/#organization"},"alternateName":"P\u00e1gina10 Peri\u00f3dico Regional","potentialAction":[{"@type":"SearchAction","target":{"@type":"EntryPoint","urlTemplate":"https:\/\/pagina10.com\/web\/?s={search_term_string}"},"query-input":{"@type":"PropertyValueSpecification","valueRequired":true,"valueName":"search_term_string"}}],"inLanguage":"es"},{"@type":"Organization","@id":"https:\/\/pagina10.com\/web\/#organization","name":"P\u00e1gina10","alternateName":"P\u00e1gina10 Peri\u00f3dico Regional","url":"https:\/\/pagina10.com\/web\/","logo":{"@type":"ImageObject","inLanguage":"es","@id":"https:\/\/pagina10.com\/web\/#\/schema\/logo\/image\/","url":"https:\/\/pagina10.com\/web\/wp-content\/uploads\/2024\/01\/40-pagina-10-periodico-regional-pasto.jpg","contentUrl":"https:\/\/pagina10.com\/web\/wp-content\/uploads\/2024\/01\/40-pagina-10-periodico-regional-pasto.jpg","width":1280,"height":720,"caption":"P\u00e1gina10"},"image":{"@id":"https:\/\/pagina10.com\/web\/#\/schema\/logo\/image\/"},"sameAs":["https:\/\/www.facebook.com\/pag10com","https:\/\/x.com\/Pag10com","https:\/\/www.instagram.com\/pagina10col\/","https:\/\/youtube.com\/channel\/pag10","https:\/\/www.tiktok.com\/@p10col"]},{"@type":"Person","@id":"https:\/\/pagina10.com\/web\/#\/schema\/person\/2efc4a090d25b667d3bc796798a3a81b","name":"P\u00e1gina 10","description":"P\u00e1gina 10 es un peri\u00f3dico regional que nace en Colombia, en el departamento de Nari\u00f1o, con un enfoque global, fundamentado en cuatro pilares esenciales: la libertad, el pluralismo, la inclusi\u00f3n y la independencia. P\u00e1gina 10 hace referencia a Nari\u00f1o como el d\u00e9cimo departamento creado en Colombia, despu\u00e9s de un proceso pol\u00edtico liderado por actores y actrices regionales con el fin de obtener la independencia y autonom\u00eda de nuestros territorios. Con la creaci\u00f3n de P\u00e1gina 10 se pretende abrir un escenario para el dialogo, la reflexi\u00f3n y el debate que se extienda a otras geograf\u00edas de Am\u00e9rica Latina y del planeta, en una apuesta por transformar colectivamente los desaf\u00edos de un mundo contempor\u00e1neo, m\u00e1s all\u00e1 de las fronteras impuestas.","url":"https:\/\/pagina10.com\/web\/author\/pdiezadmin\/"}]}},"_links":{"self":[{"href":"https:\/\/pagina10.com\/web\/wp-json\/wp\/v2\/posts\/58627","targetHints":{"allow":["GET"]}}],"collection":[{"href":"https:\/\/pagina10.com\/web\/wp-json\/wp\/v2\/posts"}],"about":[{"href":"https:\/\/pagina10.com\/web\/wp-json\/wp\/v2\/types\/post"}],"author":[{"embeddable":true,"href":"https:\/\/pagina10.com\/web\/wp-json\/wp\/v2\/users\/1"}],"replies":[{"embeddable":true,"href":"https:\/\/pagina10.com\/web\/wp-json\/wp\/v2\/comments?post=58627"}],"version-history":[{"count":1,"href":"https:\/\/pagina10.com\/web\/wp-json\/wp\/v2\/posts\/58627\/revisions"}],"predecessor-version":[{"id":58629,"href":"https:\/\/pagina10.com\/web\/wp-json\/wp\/v2\/posts\/58627\/revisions\/58629"}],"wp:featuredmedia":[{"embeddable":true,"href":"https:\/\/pagina10.com\/web\/wp-json\/wp\/v2\/media\/58628"}],"wp:attachment":[{"href":"https:\/\/pagina10.com\/web\/wp-json\/wp\/v2\/media?parent=58627"}],"wp:term":[{"taxonomy":"category","embeddable":true,"href":"https:\/\/pagina10.com\/web\/wp-json\/wp\/v2\/categories?post=58627"},{"taxonomy":"post_tag","embeddable":true,"href":"https:\/\/pagina10.com\/web\/wp-json\/wp\/v2\/tags?post=58627"}],"curies":[{"name":"wp","href":"https:\/\/api.w.org\/{rel}","templated":true}]}}