{"id":58701,"date":"2022-03-20T19:18:14","date_gmt":"2022-03-21T00:18:14","guid":{"rendered":"https:\/\/pagina10.com\/web\/?p=58701"},"modified":"2022-03-20T19:18:14","modified_gmt":"2022-03-21T00:18:14","slug":"gestora-social-lleva-catedra-de-cafe-a-colegios-de-narino","status":"publish","type":"post","link":"https:\/\/pagina10.com\/web\/gestora-social-lleva-catedra-de-cafe-a-colegios-de-narino\/","title":{"rendered":"Gestora social lleva C\u00e1tedra de Caf\u00e9 a colegios de Nari\u00f1o"},"content":{"rendered":"<p style=\"text-align: justify;\">Como un trabajo colaborativo, liderado por la Gestora Social de Nari\u00f1o, Maritza Moncayo, la Secretar\u00eda de Educaci\u00f3n Departamental y el Centro de Innovaci\u00f3n Social de Nari\u00f1o, se inici\u00f3 en el Colegio Rafael Uribe Uribe de Buesaco, la catedra Caf\u00e9 de Nari\u00f1o.<br \/>\nEste escenario tiene como objetivo incentivar en la poblaci\u00f3n estudiantil, la apropiaci\u00f3n del conocimiento sobre la producci\u00f3n, transformaci\u00f3n y comercializaci\u00f3n del caf\u00e9 como un producto que reactiva la econom\u00eda y potencia el desarrollo del territorio.<br \/>\nLa gestora social, Maritza Moncayo destac\u00f3 la importancia de promover la cultura del caf\u00e9 en la regi\u00f3n: \u201cesta catedra es una apuesta para que las ni\u00f1as, ni\u00f1os y j\u00f3venes del Departamento, tomen conciencia sobre la importancia del caf\u00e9 como una apuesta por el desarrollo social y econ\u00f3mico de nuestra regi\u00f3n, adem\u00e1s de todas las propiedades y beneficios que este tiene\u201d.<br \/>\nEn esta oportunidad, la catedra se realiz\u00f3 en el colegio Rafael Uribe Uribe del municipio de Buesaco, de manera te\u00f3rico pr\u00e1ctica, donde los j\u00f3venes conocieron el origen, el proceso de cultivo, cosecha, tipos de caf\u00e9 y la producci\u00f3n de uno de los mejores caf\u00e9s del mundo, el de Nari\u00f1o.<br \/>\n\u201cEl conocimiento que hoy estamos dejando en los territorios es muy valioso, porque le permite al alumno adquirir informaci\u00f3n sobre c\u00f3mo, producir caf\u00e9 y c\u00f3mo posicionar y ofertar su producto a nivel nacional e internacional\u201d, Juan Carlos Caicedo, Juan Caf\u00e9 Lab.<\/p>\n","protected":false},"excerpt":{"rendered":"<p>Como un trabajo colaborativo, liderado por la Gestora Social de Nari\u00f1o, Maritza Moncayo, la Secretar\u00eda de Educaci\u00f3n Departamental y el Centro de Innovaci\u00f3n Social de Nari\u00f1o, se inici\u00f3 en el Colegio Rafael Uribe Uribe de Buesaco, la catedra Caf\u00e9 de Nari\u00f1o. Este escenario tiene como objetivo incentivar en la poblaci\u00f3n estudiantil, la apropiaci\u00f3n del conocimiento [&hellip;]<\/p>\n","protected":false},"author":1,"featured_media":58702,"comment_status":"open","ping_status":"open","sticky":false,"template":"","format":"standard","meta":{"footnotes":""},"categories":[13],"tags":[],"class_list":["post-58701","post","type-post","status-publish","format-standard","has-post-thumbnail","hentry","category-economia"],"yoast_head":"<!-- This site is optimized with the Yoast SEO plugin v27.1.1 - https:\/\/yoast.com\/product\/yoast-seo-wordpress\/ -->\n<title>Gestora social lleva C\u00e1tedra de Caf\u00e9 a colegios de Nari\u00f1o | P\u00e1gina10<\/title>\n<meta name=\"robots\" content=\"index, follow, max-snippet:-1, max-image-preview:large, max-video-preview:-1\" \/>\n<link rel=\"canonical\" href=\"https:\/\/pagina10.com\/web\/gestora-social-lleva-catedra-de-cafe-a-colegios-de-narino\/\" \/>\n<meta property=\"og:locale\" content=\"es_ES\" \/>\n<meta property=\"og:type\" content=\"article\" \/>\n<meta property=\"og:title\" content=\"Gestora social lleva C\u00e1tedra de Caf\u00e9 a colegios de Nari\u00f1o | P\u00e1gina10\" \/>\n<meta property=\"og:description\" content=\"Como un trabajo colaborativo, liderado por la Gestora Social de Nari\u00f1o, Maritza Moncayo, la Secretar\u00eda de Educaci\u00f3n Departamental y el Centro de Innovaci\u00f3n Social de Nari\u00f1o, se inici\u00f3 en el Colegio Rafael Uribe Uribe de Buesaco, la catedra Caf\u00e9 de Nari\u00f1o. Este escenario tiene como objetivo incentivar en la poblaci\u00f3n estudiantil, la apropiaci\u00f3n del conocimiento [&hellip;]\" \/>\n<meta property=\"og:url\" content=\"https:\/\/pagina10.com\/web\/gestora-social-lleva-catedra-de-cafe-a-colegios-de-narino\/\" \/>\n<meta property=\"og:site_name\" content=\"P\u00e1gina10\" \/>\n<meta property=\"article:publisher\" content=\"https:\/\/www.facebook.com\/pag10com\" \/>\n<meta property=\"article:published_time\" content=\"2022-03-21T00:18:14+00:00\" \/>\n<meta property=\"og:image\" content=\"https:\/\/pagina10.com\/web\/wp-content\/uploads\/2022\/03\/WhatsApp-Image-2022-03-18-at-11.02.27-AM.jpeg\" \/>\n\t<meta property=\"og:image:width\" content=\"1024\" \/>\n\t<meta property=\"og:image:height\" content=\"683\" \/>\n\t<meta property=\"og:image:type\" content=\"image\/jpeg\" \/>\n<meta name=\"author\" content=\"P\u00e1gina 10\" \/>\n<meta name=\"twitter:card\" content=\"summary_large_image\" \/>\n<meta name=\"twitter:creator\" content=\"@Pag10com\" \/>\n<meta name=\"twitter:site\" content=\"@Pag10com\" \/>\n<meta name=\"twitter:label1\" content=\"Escrito por\" \/>\n\t<meta name=\"twitter:data1\" content=\"P\u00e1gina 10\" \/>\n\t<meta name=\"twitter:label2\" content=\"Tiempo de lectura\" \/>\n\t<meta name=\"twitter:data2\" content=\"1 minuto\" \/>\n<script type=\"application\/ld+json\" class=\"yoast-schema-graph\">{\"@context\":\"https:\/\/schema.org\",\"@graph\":[{\"@type\":\"Article\",\"@id\":\"https:\/\/pagina10.com\/web\/gestora-social-lleva-catedra-de-cafe-a-colegios-de-narino\/#article\",\"isPartOf\":{\"@id\":\"https:\/\/pagina10.com\/web\/gestora-social-lleva-catedra-de-cafe-a-colegios-de-narino\/\"},\"author\":{\"name\":\"P\u00e1gina 10\",\"@id\":\"https:\/\/pagina10.com\/web\/#\/schema\/person\/2efc4a090d25b667d3bc796798a3a81b\"},\"headline\":\"Gestora social lleva C\u00e1tedra de Caf\u00e9 a colegios de Nari\u00f1o\",\"datePublished\":\"2022-03-21T00:18:14+00:00\",\"mainEntityOfPage\":{\"@id\":\"https:\/\/pagina10.com\/web\/gestora-social-lleva-catedra-de-cafe-a-colegios-de-narino\/\"},\"wordCount\":266,\"commentCount\":0,\"publisher\":{\"@id\":\"https:\/\/pagina10.com\/web\/#organization\"},\"image\":{\"@id\":\"https:\/\/pagina10.com\/web\/gestora-social-lleva-catedra-de-cafe-a-colegios-de-narino\/#primaryimage\"},\"thumbnailUrl\":\"https:\/\/pagina10.com\/web\/wp-content\/uploads\/2022\/03\/WhatsApp-Image-2022-03-18-at-11.02.27-AM.jpeg\",\"articleSection\":[\"Econom\u00eda\"],\"inLanguage\":\"es\",\"potentialAction\":[{\"@type\":\"CommentAction\",\"name\":\"Comment\",\"target\":[\"https:\/\/pagina10.com\/web\/gestora-social-lleva-catedra-de-cafe-a-colegios-de-narino\/#respond\"]}]},{\"@type\":\"WebPage\",\"@id\":\"https:\/\/pagina10.com\/web\/gestora-social-lleva-catedra-de-cafe-a-colegios-de-narino\/\",\"url\":\"https:\/\/pagina10.com\/web\/gestora-social-lleva-catedra-de-cafe-a-colegios-de-narino\/\",\"name\":\"Gestora social lleva C\u00e1tedra de Caf\u00e9 a colegios de Nari\u00f1o | P\u00e1gina10\",\"isPartOf\":{\"@id\":\"https:\/\/pagina10.com\/web\/#website\"},\"primaryImageOfPage\":{\"@id\":\"https:\/\/pagina10.com\/web\/gestora-social-lleva-catedra-de-cafe-a-colegios-de-narino\/#primaryimage\"},\"image\":{\"@id\":\"https:\/\/pagina10.com\/web\/gestora-social-lleva-catedra-de-cafe-a-colegios-de-narino\/#primaryimage\"},\"thumbnailUrl\":\"https:\/\/pagina10.com\/web\/wp-content\/uploads\/2022\/03\/WhatsApp-Image-2022-03-18-at-11.02.27-AM.jpeg\",\"datePublished\":\"2022-03-21T00:18:14+00:00\",\"breadcrumb\":{\"@id\":\"https:\/\/pagina10.com\/web\/gestora-social-lleva-catedra-de-cafe-a-colegios-de-narino\/#breadcrumb\"},\"inLanguage\":\"es\",\"potentialAction\":[{\"@type\":\"ReadAction\",\"target\":[\"https:\/\/pagina10.com\/web\/gestora-social-lleva-catedra-de-cafe-a-colegios-de-narino\/\"]}]},{\"@type\":\"ImageObject\",\"inLanguage\":\"es\",\"@id\":\"https:\/\/pagina10.com\/web\/gestora-social-lleva-catedra-de-cafe-a-colegios-de-narino\/#primaryimage\",\"url\":\"https:\/\/pagina10.com\/web\/wp-content\/uploads\/2022\/03\/WhatsApp-Image-2022-03-18-at-11.02.27-AM.jpeg\",\"contentUrl\":\"https:\/\/pagina10.com\/web\/wp-content\/uploads\/2022\/03\/WhatsApp-Image-2022-03-18-at-11.02.27-AM.jpeg\",\"width\":1024,\"height\":683},{\"@type\":\"BreadcrumbList\",\"@id\":\"https:\/\/pagina10.com\/web\/gestora-social-lleva-catedra-de-cafe-a-colegios-de-narino\/#breadcrumb\",\"itemListElement\":[{\"@type\":\"ListItem\",\"position\":1,\"name\":\"Portada\",\"item\":\"https:\/\/pagina10.com\/web\/\"},{\"@type\":\"ListItem\",\"position\":2,\"name\":\"Gestora social lleva C\u00e1tedra de Caf\u00e9 a colegios de Nari\u00f1o\"}]},{\"@type\":\"WebSite\",\"@id\":\"https:\/\/pagina10.com\/web\/#website\",\"url\":\"https:\/\/pagina10.com\/web\/\",\"name\":\"P\u00e1gina10\",\"description\":\"Peri\u00f3dico Regional\",\"publisher\":{\"@id\":\"https:\/\/pagina10.com\/web\/#organization\"},\"alternateName\":\"P\u00e1gina10 Peri\u00f3dico Regional\",\"potentialAction\":[{\"@type\":\"SearchAction\",\"target\":{\"@type\":\"EntryPoint\",\"urlTemplate\":\"https:\/\/pagina10.com\/web\/?s={search_term_string}\"},\"query-input\":{\"@type\":\"PropertyValueSpecification\",\"valueRequired\":true,\"valueName\":\"search_term_string\"}}],\"inLanguage\":\"es\"},{\"@type\":\"Organization\",\"@id\":\"https:\/\/pagina10.com\/web\/#organization\",\"name\":\"P\u00e1gina10\",\"alternateName\":\"P\u00e1gina10 Peri\u00f3dico Regional\",\"url\":\"https:\/\/pagina10.com\/web\/\",\"logo\":{\"@type\":\"ImageObject\",\"inLanguage\":\"es\",\"@id\":\"https:\/\/pagina10.com\/web\/#\/schema\/logo\/image\/\",\"url\":\"https:\/\/pagina10.com\/web\/wp-content\/uploads\/2024\/01\/40-pagina-10-periodico-regional-pasto.jpg\",\"contentUrl\":\"https:\/\/pagina10.com\/web\/wp-content\/uploads\/2024\/01\/40-pagina-10-periodico-regional-pasto.jpg\",\"width\":1280,\"height\":720,\"caption\":\"P\u00e1gina10\"},\"image\":{\"@id\":\"https:\/\/pagina10.com\/web\/#\/schema\/logo\/image\/\"},\"sameAs\":[\"https:\/\/www.facebook.com\/pag10com\",\"https:\/\/x.com\/Pag10com\",\"https:\/\/www.instagram.com\/pagina10col\/\",\"https:\/\/youtube.com\/channel\/pag10\",\"https:\/\/www.tiktok.com\/@p10col\"]},{\"@type\":\"Person\",\"@id\":\"https:\/\/pagina10.com\/web\/#\/schema\/person\/2efc4a090d25b667d3bc796798a3a81b\",\"name\":\"P\u00e1gina 10\",\"description\":\"P\u00e1gina 10 es un peri\u00f3dico regional que nace en Colombia, en el departamento de Nari\u00f1o, con un enfoque global, fundamentado en cuatro pilares esenciales: la libertad, el pluralismo, la inclusi\u00f3n y la independencia. P\u00e1gina 10 hace referencia a Nari\u00f1o como el d\u00e9cimo departamento creado en Colombia, despu\u00e9s de un proceso pol\u00edtico liderado por actores y actrices regionales con el fin de obtener la independencia y autonom\u00eda de nuestros territorios. Con la creaci\u00f3n de P\u00e1gina 10 se pretende abrir un escenario para el dialogo, la reflexi\u00f3n y el debate que se extienda a otras geograf\u00edas de Am\u00e9rica Latina y del planeta, en una apuesta por transformar colectivamente los desaf\u00edos de un mundo contempor\u00e1neo, m\u00e1s all\u00e1 de las fronteras impuestas.\",\"url\":\"https:\/\/pagina10.com\/web\/author\/pdiezadmin\/\"}]}<\/script>\n<!-- \/ Yoast SEO plugin. -->","yoast_head_json":{"title":"Gestora social lleva C\u00e1tedra de Caf\u00e9 a colegios de Nari\u00f1o | P\u00e1gina10","robots":{"index":"index","follow":"follow","max-snippet":"max-snippet:-1","max-image-preview":"max-image-preview:large","max-video-preview":"max-video-preview:-1"},"canonical":"https:\/\/pagina10.com\/web\/gestora-social-lleva-catedra-de-cafe-a-colegios-de-narino\/","og_locale":"es_ES","og_type":"article","og_title":"Gestora social lleva C\u00e1tedra de Caf\u00e9 a colegios de Nari\u00f1o | P\u00e1gina10","og_description":"Como un trabajo colaborativo, liderado por la Gestora Social de Nari\u00f1o, Maritza Moncayo, la Secretar\u00eda de Educaci\u00f3n Departamental y el Centro de Innovaci\u00f3n Social de Nari\u00f1o, se inici\u00f3 en el Colegio Rafael Uribe Uribe de Buesaco, la catedra Caf\u00e9 de Nari\u00f1o. Este escenario tiene como objetivo incentivar en la poblaci\u00f3n estudiantil, la apropiaci\u00f3n del conocimiento [&hellip;]","og_url":"https:\/\/pagina10.com\/web\/gestora-social-lleva-catedra-de-cafe-a-colegios-de-narino\/","og_site_name":"P\u00e1gina10","article_publisher":"https:\/\/www.facebook.com\/pag10com","article_published_time":"2022-03-21T00:18:14+00:00","og_image":[{"width":1024,"height":683,"url":"https:\/\/pagina10.com\/web\/wp-content\/uploads\/2022\/03\/WhatsApp-Image-2022-03-18-at-11.02.27-AM.jpeg","type":"image\/jpeg"}],"author":"P\u00e1gina 10","twitter_card":"summary_large_image","twitter_creator":"@Pag10com","twitter_site":"@Pag10com","twitter_misc":{"Escrito por":"P\u00e1gina 10","Tiempo de lectura":"1 minuto"},"schema":{"@context":"https:\/\/schema.org","@graph":[{"@type":"Article","@id":"https:\/\/pagina10.com\/web\/gestora-social-lleva-catedra-de-cafe-a-colegios-de-narino\/#article","isPartOf":{"@id":"https:\/\/pagina10.com\/web\/gestora-social-lleva-catedra-de-cafe-a-colegios-de-narino\/"},"author":{"name":"P\u00e1gina 10","@id":"https:\/\/pagina10.com\/web\/#\/schema\/person\/2efc4a090d25b667d3bc796798a3a81b"},"headline":"Gestora social lleva C\u00e1tedra de Caf\u00e9 a colegios de Nari\u00f1o","datePublished":"2022-03-21T00:18:14+00:00","mainEntityOfPage":{"@id":"https:\/\/pagina10.com\/web\/gestora-social-lleva-catedra-de-cafe-a-colegios-de-narino\/"},"wordCount":266,"commentCount":0,"publisher":{"@id":"https:\/\/pagina10.com\/web\/#organization"},"image":{"@id":"https:\/\/pagina10.com\/web\/gestora-social-lleva-catedra-de-cafe-a-colegios-de-narino\/#primaryimage"},"thumbnailUrl":"https:\/\/pagina10.com\/web\/wp-content\/uploads\/2022\/03\/WhatsApp-Image-2022-03-18-at-11.02.27-AM.jpeg","articleSection":["Econom\u00eda"],"inLanguage":"es","potentialAction":[{"@type":"CommentAction","name":"Comment","target":["https:\/\/pagina10.com\/web\/gestora-social-lleva-catedra-de-cafe-a-colegios-de-narino\/#respond"]}]},{"@type":"WebPage","@id":"https:\/\/pagina10.com\/web\/gestora-social-lleva-catedra-de-cafe-a-colegios-de-narino\/","url":"https:\/\/pagina10.com\/web\/gestora-social-lleva-catedra-de-cafe-a-colegios-de-narino\/","name":"Gestora social lleva C\u00e1tedra de Caf\u00e9 a colegios de Nari\u00f1o | P\u00e1gina10","isPartOf":{"@id":"https:\/\/pagina10.com\/web\/#website"},"primaryImageOfPage":{"@id":"https:\/\/pagina10.com\/web\/gestora-social-lleva-catedra-de-cafe-a-colegios-de-narino\/#primaryimage"},"image":{"@id":"https:\/\/pagina10.com\/web\/gestora-social-lleva-catedra-de-cafe-a-colegios-de-narino\/#primaryimage"},"thumbnailUrl":"https:\/\/pagina10.com\/web\/wp-content\/uploads\/2022\/03\/WhatsApp-Image-2022-03-18-at-11.02.27-AM.jpeg","datePublished":"2022-03-21T00:18:14+00:00","breadcrumb":{"@id":"https:\/\/pagina10.com\/web\/gestora-social-lleva-catedra-de-cafe-a-colegios-de-narino\/#breadcrumb"},"inLanguage":"es","potentialAction":[{"@type":"ReadAction","target":["https:\/\/pagina10.com\/web\/gestora-social-lleva-catedra-de-cafe-a-colegios-de-narino\/"]}]},{"@type":"ImageObject","inLanguage":"es","@id":"https:\/\/pagina10.com\/web\/gestora-social-lleva-catedra-de-cafe-a-colegios-de-narino\/#primaryimage","url":"https:\/\/pagina10.com\/web\/wp-content\/uploads\/2022\/03\/WhatsApp-Image-2022-03-18-at-11.02.27-AM.jpeg","contentUrl":"https:\/\/pagina10.com\/web\/wp-content\/uploads\/2022\/03\/WhatsApp-Image-2022-03-18-at-11.02.27-AM.jpeg","width":1024,"height":683},{"@type":"BreadcrumbList","@id":"https:\/\/pagina10.com\/web\/gestora-social-lleva-catedra-de-cafe-a-colegios-de-narino\/#breadcrumb","itemListElement":[{"@type":"ListItem","position":1,"name":"Portada","item":"https:\/\/pagina10.com\/web\/"},{"@type":"ListItem","position":2,"name":"Gestora social lleva C\u00e1tedra de Caf\u00e9 a colegios de Nari\u00f1o"}]},{"@type":"WebSite","@id":"https:\/\/pagina10.com\/web\/#website","url":"https:\/\/pagina10.com\/web\/","name":"P\u00e1gina10","description":"Peri\u00f3dico Regional","publisher":{"@id":"https:\/\/pagina10.com\/web\/#organization"},"alternateName":"P\u00e1gina10 Peri\u00f3dico Regional","potentialAction":[{"@type":"SearchAction","target":{"@type":"EntryPoint","urlTemplate":"https:\/\/pagina10.com\/web\/?s={search_term_string}"},"query-input":{"@type":"PropertyValueSpecification","valueRequired":true,"valueName":"search_term_string"}}],"inLanguage":"es"},{"@type":"Organization","@id":"https:\/\/pagina10.com\/web\/#organization","name":"P\u00e1gina10","alternateName":"P\u00e1gina10 Peri\u00f3dico Regional","url":"https:\/\/pagina10.com\/web\/","logo":{"@type":"ImageObject","inLanguage":"es","@id":"https:\/\/pagina10.com\/web\/#\/schema\/logo\/image\/","url":"https:\/\/pagina10.com\/web\/wp-content\/uploads\/2024\/01\/40-pagina-10-periodico-regional-pasto.jpg","contentUrl":"https:\/\/pagina10.com\/web\/wp-content\/uploads\/2024\/01\/40-pagina-10-periodico-regional-pasto.jpg","width":1280,"height":720,"caption":"P\u00e1gina10"},"image":{"@id":"https:\/\/pagina10.com\/web\/#\/schema\/logo\/image\/"},"sameAs":["https:\/\/www.facebook.com\/pag10com","https:\/\/x.com\/Pag10com","https:\/\/www.instagram.com\/pagina10col\/","https:\/\/youtube.com\/channel\/pag10","https:\/\/www.tiktok.com\/@p10col"]},{"@type":"Person","@id":"https:\/\/pagina10.com\/web\/#\/schema\/person\/2efc4a090d25b667d3bc796798a3a81b","name":"P\u00e1gina 10","description":"P\u00e1gina 10 es un peri\u00f3dico regional que nace en Colombia, en el departamento de Nari\u00f1o, con un enfoque global, fundamentado en cuatro pilares esenciales: la libertad, el pluralismo, la inclusi\u00f3n y la independencia. P\u00e1gina 10 hace referencia a Nari\u00f1o como el d\u00e9cimo departamento creado en Colombia, despu\u00e9s de un proceso pol\u00edtico liderado por actores y actrices regionales con el fin de obtener la independencia y autonom\u00eda de nuestros territorios. Con la creaci\u00f3n de P\u00e1gina 10 se pretende abrir un escenario para el dialogo, la reflexi\u00f3n y el debate que se extienda a otras geograf\u00edas de Am\u00e9rica Latina y del planeta, en una apuesta por transformar colectivamente los desaf\u00edos de un mundo contempor\u00e1neo, m\u00e1s all\u00e1 de las fronteras impuestas.","url":"https:\/\/pagina10.com\/web\/author\/pdiezadmin\/"}]}},"_links":{"self":[{"href":"https:\/\/pagina10.com\/web\/wp-json\/wp\/v2\/posts\/58701","targetHints":{"allow":["GET"]}}],"collection":[{"href":"https:\/\/pagina10.com\/web\/wp-json\/wp\/v2\/posts"}],"about":[{"href":"https:\/\/pagina10.com\/web\/wp-json\/wp\/v2\/types\/post"}],"author":[{"embeddable":true,"href":"https:\/\/pagina10.com\/web\/wp-json\/wp\/v2\/users\/1"}],"replies":[{"embeddable":true,"href":"https:\/\/pagina10.com\/web\/wp-json\/wp\/v2\/comments?post=58701"}],"version-history":[{"count":1,"href":"https:\/\/pagina10.com\/web\/wp-json\/wp\/v2\/posts\/58701\/revisions"}],"predecessor-version":[{"id":58703,"href":"https:\/\/pagina10.com\/web\/wp-json\/wp\/v2\/posts\/58701\/revisions\/58703"}],"wp:featuredmedia":[{"embeddable":true,"href":"https:\/\/pagina10.com\/web\/wp-json\/wp\/v2\/media\/58702"}],"wp:attachment":[{"href":"https:\/\/pagina10.com\/web\/wp-json\/wp\/v2\/media?parent=58701"}],"wp:term":[{"taxonomy":"category","embeddable":true,"href":"https:\/\/pagina10.com\/web\/wp-json\/wp\/v2\/categories?post=58701"},{"taxonomy":"post_tag","embeddable":true,"href":"https:\/\/pagina10.com\/web\/wp-json\/wp\/v2\/tags?post=58701"}],"curies":[{"name":"wp","href":"https:\/\/api.w.org\/{rel}","templated":true}]}}