{"id":58704,"date":"2022-03-20T19:20:20","date_gmt":"2022-03-21T00:20:20","guid":{"rendered":"https:\/\/pagina10.com\/web\/?p=58704"},"modified":"2022-03-20T19:20:20","modified_gmt":"2022-03-21T00:20:20","slug":"comunidad-de-san-jose-de-alban-narino-cerro-el-plan-integral-de-reparacion-colectiva","status":"publish","type":"post","link":"https:\/\/pagina10.com\/web\/comunidad-de-san-jose-de-alban-narino-cerro-el-plan-integral-de-reparacion-colectiva\/","title":{"rendered":"Comunidad de San Jos\u00e9 de Alb\u00e1n (Nari\u00f1o) cerr\u00f3 el plan integral de reparaci\u00f3n colectiva"},"content":{"rendered":"<p style=\"text-align: justify;\">En total se implementaron 13 medidas y 24 acciones, que incluyen fortalecimiento a emprendimientos de v\u00edctimas, dotaciones escolares, proyectos de infraestructura y estrategias de recuperaci\u00f3n del tejido social.<\/p>\n<p style=\"text-align: justify;\">\nNARI\u00d1O\u203aALB\u00c1N<br \/>\nLa Unidad para las V\u00edctimas llev\u00f3 a cabo, a trav\u00e9s de un acto cultural, el cierre del plan de reparaci\u00f3n colectiva de San Jos\u00e9 de Alb\u00e1n en desarrollo del cual se implementaron 13 medidas y 24 acciones dirigidas a reparar los da\u00f1os ocasionados por el conflicto.<\/p>\n<p style=\"text-align: justify;\">&#8220;Nuestro municipio fue golpeado por la guerra. Si bien fue mucho el dolor de las familias que perdieron a sus hijos, podemos decir con seguridad que avanzamos en ese proceso de reparaci\u00f3n integral. Fuimos sanados desde nuestros corazones para juntos avanzar como comunidad en pro de la paz. Hoy lo hemos logrado&#8221;, dijo Liliana Marcela Castillo, representante del Comit\u00e9 de Impulso quien tambi\u00e9n destac\u00f3 el compromiso por parte de la Unidad para las V\u00edctimas para lograr este cierre.<\/p>\n<p style=\"text-align: justify;\">El acto fue liderado por el director territorial de la Unidad para las V\u00edctimas en Nari\u00f1o, William Pinz\u00f3n, quien se\u00f1al\u00f3 la importancia del trabajo articulado entre las entidades del Sistema Nacional de Atenci\u00f3n Integral a las V\u00edctimas (SNARIV) y la participaci\u00f3n del colectivo. \u201cLa comunidad estuvo dispuesta a sanar y a apostarle a una reparaci\u00f3n material y simb\u00f3lica. Ahora en esta zona se habla de esperanza, de paz, de perd\u00f3n y de uni\u00f3n\u201d, dijo.<\/p>\n<p style=\"text-align: justify;\">La comunidad del corregimiento de San Jos\u00e9 de Alb\u00e1n fue incluida en el 2014 en el Registro \u00danico de V\u00edctimas como sujeto de reparaci\u00f3n colectiva, fecha en la que inici\u00f3 su proceso con las fases de alistamiento, la identificaci\u00f3n de los da\u00f1os colectivos y la construcci\u00f3n de un plan integral que incluy\u00f3 medidas de satisfacci\u00f3n, restituci\u00f3n, rehabilitaci\u00f3n y garant\u00edas de no repetici\u00f3n.<\/p>\n<p style=\"text-align: justify;\">Entre las acciones desarrolladas se destacan las dotaciones escolares para las 18 instituciones educativas de las zonas rural y urbana con la entrega de 97 computadores port\u00e1tiles, cuya inversi\u00f3n super\u00f3 los 238 millones de pesos y fueron instalados en las salas de inform\u00e1tica \u201cElizabeth Erazo y Arley Farinango\u201d en honor a los estudiantes que murieron con ocasi\u00f3n del conflicto.<\/p>\n<p style=\"text-align: justify;\">Se resaltan adem\u00e1s el fortalecimiento a los emprendimientos de las v\u00edctimas, la creaci\u00f3n de una franja radial dirigida por las v\u00edctimas, proyectos de infraestructura y estrategias de recuperaci\u00f3n del tejido social, entre otros.<\/p>\n<p style=\"text-align: justify;\">Por su parte Saulo Moreno, alcalde municipal, agradeci\u00f3 a todos aquellos que participaron en el proceso de reparaci\u00f3n liderado por la Unidad para las V\u00edctimas. \u201cEste municipio fue bendecido porque llev\u00f3 progreso a esta zona, proyectos que beneficiaron a nuestros ni\u00f1os y ni\u00f1as, y en general a toda la comunidad. Seguimos trabajando por las v\u00edctimas&#8221;.<\/p>\n<p style=\"text-align: justify;\">El plan fue concertado entre la Unidad para las V\u00edctimas y la comunidad, y en su implementaci\u00f3n los habitantes de este municipio demostraron su resiliencia, fuerza, compromiso y valent\u00eda para superar las consecuencias del conflicto armado, apost\u00e1ndole, desde hace m\u00e1s de cinco a\u00f1os, a la reconciliaci\u00f3n y la paz.<\/p>\n<p style=\"text-align: justify;\">El prop\u00f3sito de la Unidad en procesos como este es contribuir al derecho a la reparaci\u00f3n integral que tienen las v\u00edctimas del conflicto, de manera adecuada, diferencial y transformadora, por los da\u00f1os sufridos como consecuencia de las violaciones establecidas en el art\u00edculo 3\u00ba de la Ley 1448 de 2011.<\/p>\n<p style=\"text-align: justify;\">Por lo anterior, la reparaci\u00f3n comprende medidas de restituci\u00f3n de derechos (educaci\u00f3n, salud, vivienda, ingresos, entre otros), indemnizaci\u00f3n, rehabilitaci\u00f3n f\u00edsica y mental, satisfacci\u00f3n y garant\u00edas de no repetici\u00f3n, en sus dimensiones individual y colectiva y con componentes de tipo material, pol\u00edtico y simb\u00f3lico.<\/p>\n","protected":false},"excerpt":{"rendered":"<p>En total se implementaron 13 medidas y 24 acciones, que incluyen fortalecimiento a emprendimientos de v\u00edctimas, dotaciones escolares, proyectos de infraestructura y estrategias de recuperaci\u00f3n del tejido social. NARI\u00d1O\u203aALB\u00c1N La Unidad para las V\u00edctimas llev\u00f3 a cabo, a trav\u00e9s de un acto cultural, el cierre del plan de reparaci\u00f3n colectiva de San Jos\u00e9 de Alb\u00e1n [&hellip;]<\/p>\n","protected":false},"author":1,"featured_media":58705,"comment_status":"open","ping_status":"open","sticky":false,"template":"","format":"standard","meta":{"footnotes":""},"categories":[53],"tags":[],"class_list":["post-58704","post","type-post","status-publish","format-standard","has-post-thumbnail","hentry","category-regiones"],"yoast_head":"<!-- This site is optimized with the Yoast SEO plugin v27.1.1 - https:\/\/yoast.com\/product\/yoast-seo-wordpress\/ -->\n<title>Comunidad de San Jos\u00e9 de Alb\u00e1n (Nari\u00f1o) cerr\u00f3 el plan integral de reparaci\u00f3n colectiva | P\u00e1gina10<\/title>\n<meta name=\"robots\" content=\"index, follow, max-snippet:-1, max-image-preview:large, max-video-preview:-1\" \/>\n<link rel=\"canonical\" href=\"https:\/\/pagina10.com\/web\/comunidad-de-san-jose-de-alban-narino-cerro-el-plan-integral-de-reparacion-colectiva\/\" \/>\n<meta property=\"og:locale\" content=\"es_ES\" \/>\n<meta property=\"og:type\" content=\"article\" \/>\n<meta property=\"og:title\" content=\"Comunidad de San Jos\u00e9 de Alb\u00e1n (Nari\u00f1o) cerr\u00f3 el plan integral de reparaci\u00f3n colectiva | P\u00e1gina10\" \/>\n<meta property=\"og:description\" content=\"En total se implementaron 13 medidas y 24 acciones, que incluyen fortalecimiento a emprendimientos de v\u00edctimas, dotaciones escolares, proyectos de infraestructura y estrategias de recuperaci\u00f3n del tejido social. NARI\u00d1O\u203aALB\u00c1N La Unidad para las V\u00edctimas llev\u00f3 a cabo, a trav\u00e9s de un acto cultural, el cierre del plan de reparaci\u00f3n colectiva de San Jos\u00e9 de Alb\u00e1n [&hellip;]\" \/>\n<meta property=\"og:url\" content=\"https:\/\/pagina10.com\/web\/comunidad-de-san-jose-de-alban-narino-cerro-el-plan-integral-de-reparacion-colectiva\/\" \/>\n<meta property=\"og:site_name\" content=\"P\u00e1gina10\" \/>\n<meta property=\"article:publisher\" content=\"https:\/\/www.facebook.com\/pag10com\" \/>\n<meta property=\"article:published_time\" content=\"2022-03-21T00:20:20+00:00\" \/>\n<meta property=\"og:image\" content=\"https:\/\/pagina10.com\/web\/wp-content\/uploads\/2022\/03\/WhatsApp-Image-2022-03-18-at-9.24.10-AM.jpeg\" \/>\n\t<meta property=\"og:image:width\" content=\"1599\" \/>\n\t<meta property=\"og:image:height\" content=\"899\" \/>\n\t<meta property=\"og:image:type\" content=\"image\/jpeg\" \/>\n<meta name=\"author\" content=\"P\u00e1gina 10\" \/>\n<meta name=\"twitter:card\" content=\"summary_large_image\" \/>\n<meta name=\"twitter:creator\" content=\"@Pag10com\" \/>\n<meta name=\"twitter:site\" content=\"@Pag10com\" \/>\n<meta name=\"twitter:label1\" content=\"Escrito por\" \/>\n\t<meta name=\"twitter:data1\" content=\"P\u00e1gina 10\" \/>\n\t<meta name=\"twitter:label2\" content=\"Tiempo de lectura\" \/>\n\t<meta name=\"twitter:data2\" content=\"3 minutos\" \/>\n<script type=\"application\/ld+json\" class=\"yoast-schema-graph\">{\"@context\":\"https:\/\/schema.org\",\"@graph\":[{\"@type\":\"Article\",\"@id\":\"https:\/\/pagina10.com\/web\/comunidad-de-san-jose-de-alban-narino-cerro-el-plan-integral-de-reparacion-colectiva\/#article\",\"isPartOf\":{\"@id\":\"https:\/\/pagina10.com\/web\/comunidad-de-san-jose-de-alban-narino-cerro-el-plan-integral-de-reparacion-colectiva\/\"},\"author\":{\"name\":\"P\u00e1gina 10\",\"@id\":\"https:\/\/pagina10.com\/web\/#\/schema\/person\/2efc4a090d25b667d3bc796798a3a81b\"},\"headline\":\"Comunidad de San Jos\u00e9 de Alb\u00e1n (Nari\u00f1o) cerr\u00f3 el plan integral de reparaci\u00f3n colectiva\",\"datePublished\":\"2022-03-21T00:20:20+00:00\",\"mainEntityOfPage\":{\"@id\":\"https:\/\/pagina10.com\/web\/comunidad-de-san-jose-de-alban-narino-cerro-el-plan-integral-de-reparacion-colectiva\/\"},\"wordCount\":655,\"commentCount\":0,\"publisher\":{\"@id\":\"https:\/\/pagina10.com\/web\/#organization\"},\"image\":{\"@id\":\"https:\/\/pagina10.com\/web\/comunidad-de-san-jose-de-alban-narino-cerro-el-plan-integral-de-reparacion-colectiva\/#primaryimage\"},\"thumbnailUrl\":\"https:\/\/pagina10.com\/web\/wp-content\/uploads\/2022\/03\/WhatsApp-Image-2022-03-18-at-9.24.10-AM.jpeg\",\"articleSection\":[\"Regiones\"],\"inLanguage\":\"es\",\"potentialAction\":[{\"@type\":\"CommentAction\",\"name\":\"Comment\",\"target\":[\"https:\/\/pagina10.com\/web\/comunidad-de-san-jose-de-alban-narino-cerro-el-plan-integral-de-reparacion-colectiva\/#respond\"]}]},{\"@type\":\"WebPage\",\"@id\":\"https:\/\/pagina10.com\/web\/comunidad-de-san-jose-de-alban-narino-cerro-el-plan-integral-de-reparacion-colectiva\/\",\"url\":\"https:\/\/pagina10.com\/web\/comunidad-de-san-jose-de-alban-narino-cerro-el-plan-integral-de-reparacion-colectiva\/\",\"name\":\"Comunidad de San Jos\u00e9 de Alb\u00e1n (Nari\u00f1o) cerr\u00f3 el plan integral de reparaci\u00f3n colectiva | P\u00e1gina10\",\"isPartOf\":{\"@id\":\"https:\/\/pagina10.com\/web\/#website\"},\"primaryImageOfPage\":{\"@id\":\"https:\/\/pagina10.com\/web\/comunidad-de-san-jose-de-alban-narino-cerro-el-plan-integral-de-reparacion-colectiva\/#primaryimage\"},\"image\":{\"@id\":\"https:\/\/pagina10.com\/web\/comunidad-de-san-jose-de-alban-narino-cerro-el-plan-integral-de-reparacion-colectiva\/#primaryimage\"},\"thumbnailUrl\":\"https:\/\/pagina10.com\/web\/wp-content\/uploads\/2022\/03\/WhatsApp-Image-2022-03-18-at-9.24.10-AM.jpeg\",\"datePublished\":\"2022-03-21T00:20:20+00:00\",\"breadcrumb\":{\"@id\":\"https:\/\/pagina10.com\/web\/comunidad-de-san-jose-de-alban-narino-cerro-el-plan-integral-de-reparacion-colectiva\/#breadcrumb\"},\"inLanguage\":\"es\",\"potentialAction\":[{\"@type\":\"ReadAction\",\"target\":[\"https:\/\/pagina10.com\/web\/comunidad-de-san-jose-de-alban-narino-cerro-el-plan-integral-de-reparacion-colectiva\/\"]}]},{\"@type\":\"ImageObject\",\"inLanguage\":\"es\",\"@id\":\"https:\/\/pagina10.com\/web\/comunidad-de-san-jose-de-alban-narino-cerro-el-plan-integral-de-reparacion-colectiva\/#primaryimage\",\"url\":\"https:\/\/pagina10.com\/web\/wp-content\/uploads\/2022\/03\/WhatsApp-Image-2022-03-18-at-9.24.10-AM.jpeg\",\"contentUrl\":\"https:\/\/pagina10.com\/web\/wp-content\/uploads\/2022\/03\/WhatsApp-Image-2022-03-18-at-9.24.10-AM.jpeg\",\"width\":1599,\"height\":899},{\"@type\":\"BreadcrumbList\",\"@id\":\"https:\/\/pagina10.com\/web\/comunidad-de-san-jose-de-alban-narino-cerro-el-plan-integral-de-reparacion-colectiva\/#breadcrumb\",\"itemListElement\":[{\"@type\":\"ListItem\",\"position\":1,\"name\":\"Portada\",\"item\":\"https:\/\/pagina10.com\/web\/\"},{\"@type\":\"ListItem\",\"position\":2,\"name\":\"Comunidad de San Jos\u00e9 de Alb\u00e1n (Nari\u00f1o) cerr\u00f3 el plan integral de reparaci\u00f3n colectiva\"}]},{\"@type\":\"WebSite\",\"@id\":\"https:\/\/pagina10.com\/web\/#website\",\"url\":\"https:\/\/pagina10.com\/web\/\",\"name\":\"P\u00e1gina10\",\"description\":\"Peri\u00f3dico Regional\",\"publisher\":{\"@id\":\"https:\/\/pagina10.com\/web\/#organization\"},\"alternateName\":\"P\u00e1gina10 Peri\u00f3dico Regional\",\"potentialAction\":[{\"@type\":\"SearchAction\",\"target\":{\"@type\":\"EntryPoint\",\"urlTemplate\":\"https:\/\/pagina10.com\/web\/?s={search_term_string}\"},\"query-input\":{\"@type\":\"PropertyValueSpecification\",\"valueRequired\":true,\"valueName\":\"search_term_string\"}}],\"inLanguage\":\"es\"},{\"@type\":\"Organization\",\"@id\":\"https:\/\/pagina10.com\/web\/#organization\",\"name\":\"P\u00e1gina10\",\"alternateName\":\"P\u00e1gina10 Peri\u00f3dico Regional\",\"url\":\"https:\/\/pagina10.com\/web\/\",\"logo\":{\"@type\":\"ImageObject\",\"inLanguage\":\"es\",\"@id\":\"https:\/\/pagina10.com\/web\/#\/schema\/logo\/image\/\",\"url\":\"https:\/\/pagina10.com\/web\/wp-content\/uploads\/2024\/01\/40-pagina-10-periodico-regional-pasto.jpg\",\"contentUrl\":\"https:\/\/pagina10.com\/web\/wp-content\/uploads\/2024\/01\/40-pagina-10-periodico-regional-pasto.jpg\",\"width\":1280,\"height\":720,\"caption\":\"P\u00e1gina10\"},\"image\":{\"@id\":\"https:\/\/pagina10.com\/web\/#\/schema\/logo\/image\/\"},\"sameAs\":[\"https:\/\/www.facebook.com\/pag10com\",\"https:\/\/x.com\/Pag10com\",\"https:\/\/www.instagram.com\/pagina10col\/\",\"https:\/\/youtube.com\/channel\/pag10\",\"https:\/\/www.tiktok.com\/@p10col\"]},{\"@type\":\"Person\",\"@id\":\"https:\/\/pagina10.com\/web\/#\/schema\/person\/2efc4a090d25b667d3bc796798a3a81b\",\"name\":\"P\u00e1gina 10\",\"description\":\"P\u00e1gina 10 es un peri\u00f3dico regional que nace en Colombia, en el departamento de Nari\u00f1o, con un enfoque global, fundamentado en cuatro pilares esenciales: la libertad, el pluralismo, la inclusi\u00f3n y la independencia. P\u00e1gina 10 hace referencia a Nari\u00f1o como el d\u00e9cimo departamento creado en Colombia, despu\u00e9s de un proceso pol\u00edtico liderado por actores y actrices regionales con el fin de obtener la independencia y autonom\u00eda de nuestros territorios. Con la creaci\u00f3n de P\u00e1gina 10 se pretende abrir un escenario para el dialogo, la reflexi\u00f3n y el debate que se extienda a otras geograf\u00edas de Am\u00e9rica Latina y del planeta, en una apuesta por transformar colectivamente los desaf\u00edos de un mundo contempor\u00e1neo, m\u00e1s all\u00e1 de las fronteras impuestas.\",\"url\":\"https:\/\/pagina10.com\/web\/author\/pdiezadmin\/\"}]}<\/script>\n<!-- \/ Yoast SEO plugin. -->","yoast_head_json":{"title":"Comunidad de San Jos\u00e9 de Alb\u00e1n (Nari\u00f1o) cerr\u00f3 el plan integral de reparaci\u00f3n colectiva | P\u00e1gina10","robots":{"index":"index","follow":"follow","max-snippet":"max-snippet:-1","max-image-preview":"max-image-preview:large","max-video-preview":"max-video-preview:-1"},"canonical":"https:\/\/pagina10.com\/web\/comunidad-de-san-jose-de-alban-narino-cerro-el-plan-integral-de-reparacion-colectiva\/","og_locale":"es_ES","og_type":"article","og_title":"Comunidad de San Jos\u00e9 de Alb\u00e1n (Nari\u00f1o) cerr\u00f3 el plan integral de reparaci\u00f3n colectiva | P\u00e1gina10","og_description":"En total se implementaron 13 medidas y 24 acciones, que incluyen fortalecimiento a emprendimientos de v\u00edctimas, dotaciones escolares, proyectos de infraestructura y estrategias de recuperaci\u00f3n del tejido social. NARI\u00d1O\u203aALB\u00c1N La Unidad para las V\u00edctimas llev\u00f3 a cabo, a trav\u00e9s de un acto cultural, el cierre del plan de reparaci\u00f3n colectiva de San Jos\u00e9 de Alb\u00e1n [&hellip;]","og_url":"https:\/\/pagina10.com\/web\/comunidad-de-san-jose-de-alban-narino-cerro-el-plan-integral-de-reparacion-colectiva\/","og_site_name":"P\u00e1gina10","article_publisher":"https:\/\/www.facebook.com\/pag10com","article_published_time":"2022-03-21T00:20:20+00:00","og_image":[{"width":1599,"height":899,"url":"https:\/\/pagina10.com\/web\/wp-content\/uploads\/2022\/03\/WhatsApp-Image-2022-03-18-at-9.24.10-AM.jpeg","type":"image\/jpeg"}],"author":"P\u00e1gina 10","twitter_card":"summary_large_image","twitter_creator":"@Pag10com","twitter_site":"@Pag10com","twitter_misc":{"Escrito por":"P\u00e1gina 10","Tiempo de lectura":"3 minutos"},"schema":{"@context":"https:\/\/schema.org","@graph":[{"@type":"Article","@id":"https:\/\/pagina10.com\/web\/comunidad-de-san-jose-de-alban-narino-cerro-el-plan-integral-de-reparacion-colectiva\/#article","isPartOf":{"@id":"https:\/\/pagina10.com\/web\/comunidad-de-san-jose-de-alban-narino-cerro-el-plan-integral-de-reparacion-colectiva\/"},"author":{"name":"P\u00e1gina 10","@id":"https:\/\/pagina10.com\/web\/#\/schema\/person\/2efc4a090d25b667d3bc796798a3a81b"},"headline":"Comunidad de San Jos\u00e9 de Alb\u00e1n (Nari\u00f1o) cerr\u00f3 el plan integral de reparaci\u00f3n colectiva","datePublished":"2022-03-21T00:20:20+00:00","mainEntityOfPage":{"@id":"https:\/\/pagina10.com\/web\/comunidad-de-san-jose-de-alban-narino-cerro-el-plan-integral-de-reparacion-colectiva\/"},"wordCount":655,"commentCount":0,"publisher":{"@id":"https:\/\/pagina10.com\/web\/#organization"},"image":{"@id":"https:\/\/pagina10.com\/web\/comunidad-de-san-jose-de-alban-narino-cerro-el-plan-integral-de-reparacion-colectiva\/#primaryimage"},"thumbnailUrl":"https:\/\/pagina10.com\/web\/wp-content\/uploads\/2022\/03\/WhatsApp-Image-2022-03-18-at-9.24.10-AM.jpeg","articleSection":["Regiones"],"inLanguage":"es","potentialAction":[{"@type":"CommentAction","name":"Comment","target":["https:\/\/pagina10.com\/web\/comunidad-de-san-jose-de-alban-narino-cerro-el-plan-integral-de-reparacion-colectiva\/#respond"]}]},{"@type":"WebPage","@id":"https:\/\/pagina10.com\/web\/comunidad-de-san-jose-de-alban-narino-cerro-el-plan-integral-de-reparacion-colectiva\/","url":"https:\/\/pagina10.com\/web\/comunidad-de-san-jose-de-alban-narino-cerro-el-plan-integral-de-reparacion-colectiva\/","name":"Comunidad de San Jos\u00e9 de Alb\u00e1n (Nari\u00f1o) cerr\u00f3 el plan integral de reparaci\u00f3n colectiva | P\u00e1gina10","isPartOf":{"@id":"https:\/\/pagina10.com\/web\/#website"},"primaryImageOfPage":{"@id":"https:\/\/pagina10.com\/web\/comunidad-de-san-jose-de-alban-narino-cerro-el-plan-integral-de-reparacion-colectiva\/#primaryimage"},"image":{"@id":"https:\/\/pagina10.com\/web\/comunidad-de-san-jose-de-alban-narino-cerro-el-plan-integral-de-reparacion-colectiva\/#primaryimage"},"thumbnailUrl":"https:\/\/pagina10.com\/web\/wp-content\/uploads\/2022\/03\/WhatsApp-Image-2022-03-18-at-9.24.10-AM.jpeg","datePublished":"2022-03-21T00:20:20+00:00","breadcrumb":{"@id":"https:\/\/pagina10.com\/web\/comunidad-de-san-jose-de-alban-narino-cerro-el-plan-integral-de-reparacion-colectiva\/#breadcrumb"},"inLanguage":"es","potentialAction":[{"@type":"ReadAction","target":["https:\/\/pagina10.com\/web\/comunidad-de-san-jose-de-alban-narino-cerro-el-plan-integral-de-reparacion-colectiva\/"]}]},{"@type":"ImageObject","inLanguage":"es","@id":"https:\/\/pagina10.com\/web\/comunidad-de-san-jose-de-alban-narino-cerro-el-plan-integral-de-reparacion-colectiva\/#primaryimage","url":"https:\/\/pagina10.com\/web\/wp-content\/uploads\/2022\/03\/WhatsApp-Image-2022-03-18-at-9.24.10-AM.jpeg","contentUrl":"https:\/\/pagina10.com\/web\/wp-content\/uploads\/2022\/03\/WhatsApp-Image-2022-03-18-at-9.24.10-AM.jpeg","width":1599,"height":899},{"@type":"BreadcrumbList","@id":"https:\/\/pagina10.com\/web\/comunidad-de-san-jose-de-alban-narino-cerro-el-plan-integral-de-reparacion-colectiva\/#breadcrumb","itemListElement":[{"@type":"ListItem","position":1,"name":"Portada","item":"https:\/\/pagina10.com\/web\/"},{"@type":"ListItem","position":2,"name":"Comunidad de San Jos\u00e9 de Alb\u00e1n (Nari\u00f1o) cerr\u00f3 el plan integral de reparaci\u00f3n colectiva"}]},{"@type":"WebSite","@id":"https:\/\/pagina10.com\/web\/#website","url":"https:\/\/pagina10.com\/web\/","name":"P\u00e1gina10","description":"Peri\u00f3dico Regional","publisher":{"@id":"https:\/\/pagina10.com\/web\/#organization"},"alternateName":"P\u00e1gina10 Peri\u00f3dico Regional","potentialAction":[{"@type":"SearchAction","target":{"@type":"EntryPoint","urlTemplate":"https:\/\/pagina10.com\/web\/?s={search_term_string}"},"query-input":{"@type":"PropertyValueSpecification","valueRequired":true,"valueName":"search_term_string"}}],"inLanguage":"es"},{"@type":"Organization","@id":"https:\/\/pagina10.com\/web\/#organization","name":"P\u00e1gina10","alternateName":"P\u00e1gina10 Peri\u00f3dico Regional","url":"https:\/\/pagina10.com\/web\/","logo":{"@type":"ImageObject","inLanguage":"es","@id":"https:\/\/pagina10.com\/web\/#\/schema\/logo\/image\/","url":"https:\/\/pagina10.com\/web\/wp-content\/uploads\/2024\/01\/40-pagina-10-periodico-regional-pasto.jpg","contentUrl":"https:\/\/pagina10.com\/web\/wp-content\/uploads\/2024\/01\/40-pagina-10-periodico-regional-pasto.jpg","width":1280,"height":720,"caption":"P\u00e1gina10"},"image":{"@id":"https:\/\/pagina10.com\/web\/#\/schema\/logo\/image\/"},"sameAs":["https:\/\/www.facebook.com\/pag10com","https:\/\/x.com\/Pag10com","https:\/\/www.instagram.com\/pagina10col\/","https:\/\/youtube.com\/channel\/pag10","https:\/\/www.tiktok.com\/@p10col"]},{"@type":"Person","@id":"https:\/\/pagina10.com\/web\/#\/schema\/person\/2efc4a090d25b667d3bc796798a3a81b","name":"P\u00e1gina 10","description":"P\u00e1gina 10 es un peri\u00f3dico regional que nace en Colombia, en el departamento de Nari\u00f1o, con un enfoque global, fundamentado en cuatro pilares esenciales: la libertad, el pluralismo, la inclusi\u00f3n y la independencia. P\u00e1gina 10 hace referencia a Nari\u00f1o como el d\u00e9cimo departamento creado en Colombia, despu\u00e9s de un proceso pol\u00edtico liderado por actores y actrices regionales con el fin de obtener la independencia y autonom\u00eda de nuestros territorios. Con la creaci\u00f3n de P\u00e1gina 10 se pretende abrir un escenario para el dialogo, la reflexi\u00f3n y el debate que se extienda a otras geograf\u00edas de Am\u00e9rica Latina y del planeta, en una apuesta por transformar colectivamente los desaf\u00edos de un mundo contempor\u00e1neo, m\u00e1s all\u00e1 de las fronteras impuestas.","url":"https:\/\/pagina10.com\/web\/author\/pdiezadmin\/"}]}},"_links":{"self":[{"href":"https:\/\/pagina10.com\/web\/wp-json\/wp\/v2\/posts\/58704","targetHints":{"allow":["GET"]}}],"collection":[{"href":"https:\/\/pagina10.com\/web\/wp-json\/wp\/v2\/posts"}],"about":[{"href":"https:\/\/pagina10.com\/web\/wp-json\/wp\/v2\/types\/post"}],"author":[{"embeddable":true,"href":"https:\/\/pagina10.com\/web\/wp-json\/wp\/v2\/users\/1"}],"replies":[{"embeddable":true,"href":"https:\/\/pagina10.com\/web\/wp-json\/wp\/v2\/comments?post=58704"}],"version-history":[{"count":1,"href":"https:\/\/pagina10.com\/web\/wp-json\/wp\/v2\/posts\/58704\/revisions"}],"predecessor-version":[{"id":58706,"href":"https:\/\/pagina10.com\/web\/wp-json\/wp\/v2\/posts\/58704\/revisions\/58706"}],"wp:featuredmedia":[{"embeddable":true,"href":"https:\/\/pagina10.com\/web\/wp-json\/wp\/v2\/media\/58705"}],"wp:attachment":[{"href":"https:\/\/pagina10.com\/web\/wp-json\/wp\/v2\/media?parent=58704"}],"wp:term":[{"taxonomy":"category","embeddable":true,"href":"https:\/\/pagina10.com\/web\/wp-json\/wp\/v2\/categories?post=58704"},{"taxonomy":"post_tag","embeddable":true,"href":"https:\/\/pagina10.com\/web\/wp-json\/wp\/v2\/tags?post=58704"}],"curies":[{"name":"wp","href":"https:\/\/api.w.org\/{rel}","templated":true}]}}