{"id":58707,"date":"2022-03-20T19:23:03","date_gmt":"2022-03-21T00:23:03","guid":{"rendered":"https:\/\/pagina10.com\/web\/?p=58707"},"modified":"2022-03-20T19:23:03","modified_gmt":"2022-03-21T00:23:03","slug":"gobernacion-de-narino-conmemora-el-dia-mundial-de-agua-con-inversiones-en-distintos-municipios-de-narino","status":"publish","type":"post","link":"https:\/\/pagina10.com\/web\/gobernacion-de-narino-conmemora-el-dia-mundial-de-agua-con-inversiones-en-distintos-municipios-de-narino\/","title":{"rendered":"Gobernaci\u00f3n de Nari\u00f1o conmemora el D\u00eda Mundial de Agua con inversiones en distintos municipios de Nari\u00f1o"},"content":{"rendered":"<p style=\"text-align: justify;\">La Gobernaci\u00f3n de Nari\u00f1o, a trav\u00e9s de la Subsecretar\u00eda de Econom\u00eda Regional y Agua Potable PDA Nari\u00f1o, conmemorar\u00e1 el pr\u00f3ximo 22 de marzo, el D\u00eda Mundial del Agua, declarado en 1992 por las Naciones Unidas, con el objetivo de rendir homenaje y recordar la importancia del recurso h\u00eddrico para la vida humana y la naturaleza, fomentando la adopci\u00f3n de medidas para afrontar la crisis mundial del agua.<\/p>\n<p style=\"text-align: justify;\">El pr\u00f3ximo martes 22 de marzo, con la promoci\u00f3n de la Organizaci\u00f3n de las Naciones Unidas, el mundo conmemorar\u00e1 el D\u00eda Mundial del Agua. En Nari\u00f1o, el Plan Departamental de Agua, celebra esta fecha con cifras destacadas en agua y saneamiento b\u00e1sico, que posicionan al sector como ejes fundamentales para el desarrollo econ\u00f3mico y social del Departamento.<\/p>\n<p style=\"text-align: justify;\">La Gobernaci\u00f3n de Nari\u00f1o, logra mejorar significativamente los avances en cobertura del servicio de acueducto y alcantarillado. Actualmente, el Plan Departamental de Agua, tiene en ejecuci\u00f3n proyectos para la optimizaci\u00f3n y construcci\u00f3n de obras que comprenden acueductos, alcantarillados y unidades sanitarias; aportando a la reactivaci\u00f3n econ\u00f3mica de Nari\u00f1o y garantizando bienestar a trav\u00e9s del agua potable.<\/p>\n<p style=\"text-align: justify;\">\u201cLa Gobernaci\u00f3n de Nari\u00f1o, a trav\u00e9s del Plan Departamental de Agua, conmemorar\u00e1 el d\u00eda mundial del agua el pr\u00f3ximo 22 de marzo, como muestra del compromiso desde nuestra Instituci\u00f3n por la preservaci\u00f3n y cuidado del recurso h\u00eddrico, fundamental para el desarrollo sostenible de nuestro Departamento. La agenda se desarrollar\u00e1 desde las 8 am en la C\u00e1mara de Comercio y a partir de las 2 pm iniciaremos la agenda cultural en el Parque Infantil, los esperamos a todos\u201d indic\u00f3 el Gestor del PDA Nari\u00f1o, Dar\u00edo Chaves.<br \/>\nLa Gobernaci\u00f3n de Nari\u00f1o, invita a la comunidad nari\u00f1ense, a ser parte de esta agenda, en la que se exalta a Nari\u00f1o como territorio diverso y territorio con potencia h\u00eddrica a nivel nacional.<\/p>\n","protected":false},"excerpt":{"rendered":"<p>La Gobernaci\u00f3n de Nari\u00f1o, a trav\u00e9s de la Subsecretar\u00eda de Econom\u00eda Regional y Agua Potable PDA Nari\u00f1o, conmemorar\u00e1 el pr\u00f3ximo 22 de marzo, el D\u00eda Mundial del Agua, declarado en 1992 por las Naciones Unidas, con el objetivo de rendir homenaje y recordar la importancia del recurso h\u00eddrico para la vida humana y la naturaleza, [&hellip;]<\/p>\n","protected":false},"author":1,"featured_media":58708,"comment_status":"open","ping_status":"open","sticky":false,"template":"","format":"standard","meta":{"footnotes":""},"categories":[53],"tags":[],"class_list":["post-58707","post","type-post","status-publish","format-standard","has-post-thumbnail","hentry","category-regiones"],"yoast_head":"<!-- This site is optimized with the Yoast SEO plugin v27.1.1 - https:\/\/yoast.com\/product\/yoast-seo-wordpress\/ -->\n<title>Gobernaci\u00f3n de Nari\u00f1o conmemora el D\u00eda Mundial de Agua con inversiones en distintos municipios de Nari\u00f1o | P\u00e1gina10<\/title>\n<meta name=\"robots\" content=\"index, follow, max-snippet:-1, max-image-preview:large, max-video-preview:-1\" \/>\n<link rel=\"canonical\" href=\"https:\/\/pagina10.com\/web\/gobernacion-de-narino-conmemora-el-dia-mundial-de-agua-con-inversiones-en-distintos-municipios-de-narino\/\" \/>\n<meta property=\"og:locale\" content=\"es_ES\" \/>\n<meta property=\"og:type\" content=\"article\" \/>\n<meta property=\"og:title\" content=\"Gobernaci\u00f3n de Nari\u00f1o conmemora el D\u00eda Mundial de Agua con inversiones en distintos municipios de Nari\u00f1o | P\u00e1gina10\" \/>\n<meta property=\"og:description\" content=\"La Gobernaci\u00f3n de Nari\u00f1o, a trav\u00e9s de la Subsecretar\u00eda de Econom\u00eda Regional y Agua Potable PDA Nari\u00f1o, conmemorar\u00e1 el pr\u00f3ximo 22 de marzo, el D\u00eda Mundial del Agua, declarado en 1992 por las Naciones Unidas, con el objetivo de rendir homenaje y recordar la importancia del recurso h\u00eddrico para la vida humana y la naturaleza, [&hellip;]\" \/>\n<meta property=\"og:url\" content=\"https:\/\/pagina10.com\/web\/gobernacion-de-narino-conmemora-el-dia-mundial-de-agua-con-inversiones-en-distintos-municipios-de-narino\/\" \/>\n<meta property=\"og:site_name\" content=\"P\u00e1gina10\" \/>\n<meta property=\"article:publisher\" content=\"https:\/\/www.facebook.com\/pag10com\" \/>\n<meta property=\"article:published_time\" content=\"2022-03-21T00:23:03+00:00\" \/>\n<meta property=\"og:image\" content=\"https:\/\/pagina10.com\/web\/wp-content\/uploads\/2022\/03\/Captura-de-Pantalla-2022-03-20-a-las-7.21.46-p.-m..png\" \/>\n\t<meta property=\"og:image:width\" content=\"587\" \/>\n\t<meta property=\"og:image:height\" content=\"311\" \/>\n\t<meta property=\"og:image:type\" content=\"image\/png\" \/>\n<meta name=\"author\" content=\"P\u00e1gina 10\" \/>\n<meta name=\"twitter:card\" content=\"summary_large_image\" \/>\n<meta name=\"twitter:creator\" content=\"@Pag10com\" \/>\n<meta name=\"twitter:site\" content=\"@Pag10com\" \/>\n<meta name=\"twitter:label1\" content=\"Escrito por\" \/>\n\t<meta name=\"twitter:data1\" content=\"P\u00e1gina 10\" \/>\n\t<meta name=\"twitter:label2\" content=\"Tiempo de lectura\" \/>\n\t<meta name=\"twitter:data2\" content=\"2 minutos\" \/>\n<script type=\"application\/ld+json\" class=\"yoast-schema-graph\">{\"@context\":\"https:\/\/schema.org\",\"@graph\":[{\"@type\":\"Article\",\"@id\":\"https:\/\/pagina10.com\/web\/gobernacion-de-narino-conmemora-el-dia-mundial-de-agua-con-inversiones-en-distintos-municipios-de-narino\/#article\",\"isPartOf\":{\"@id\":\"https:\/\/pagina10.com\/web\/gobernacion-de-narino-conmemora-el-dia-mundial-de-agua-con-inversiones-en-distintos-municipios-de-narino\/\"},\"author\":{\"name\":\"P\u00e1gina 10\",\"@id\":\"https:\/\/pagina10.com\/web\/#\/schema\/person\/2efc4a090d25b667d3bc796798a3a81b\"},\"headline\":\"Gobernaci\u00f3n de Nari\u00f1o conmemora el D\u00eda Mundial de Agua con inversiones en distintos municipios de Nari\u00f1o\",\"datePublished\":\"2022-03-21T00:23:03+00:00\",\"mainEntityOfPage\":{\"@id\":\"https:\/\/pagina10.com\/web\/gobernacion-de-narino-conmemora-el-dia-mundial-de-agua-con-inversiones-en-distintos-municipios-de-narino\/\"},\"wordCount\":354,\"commentCount\":0,\"publisher\":{\"@id\":\"https:\/\/pagina10.com\/web\/#organization\"},\"image\":{\"@id\":\"https:\/\/pagina10.com\/web\/gobernacion-de-narino-conmemora-el-dia-mundial-de-agua-con-inversiones-en-distintos-municipios-de-narino\/#primaryimage\"},\"thumbnailUrl\":\"https:\/\/pagina10.com\/web\/wp-content\/uploads\/2022\/03\/Captura-de-Pantalla-2022-03-20-a-las-7.21.46-p.-m..png\",\"articleSection\":[\"Regiones\"],\"inLanguage\":\"es\",\"potentialAction\":[{\"@type\":\"CommentAction\",\"name\":\"Comment\",\"target\":[\"https:\/\/pagina10.com\/web\/gobernacion-de-narino-conmemora-el-dia-mundial-de-agua-con-inversiones-en-distintos-municipios-de-narino\/#respond\"]}]},{\"@type\":\"WebPage\",\"@id\":\"https:\/\/pagina10.com\/web\/gobernacion-de-narino-conmemora-el-dia-mundial-de-agua-con-inversiones-en-distintos-municipios-de-narino\/\",\"url\":\"https:\/\/pagina10.com\/web\/gobernacion-de-narino-conmemora-el-dia-mundial-de-agua-con-inversiones-en-distintos-municipios-de-narino\/\",\"name\":\"Gobernaci\u00f3n de Nari\u00f1o conmemora el D\u00eda Mundial de Agua con inversiones en distintos municipios de Nari\u00f1o | P\u00e1gina10\",\"isPartOf\":{\"@id\":\"https:\/\/pagina10.com\/web\/#website\"},\"primaryImageOfPage\":{\"@id\":\"https:\/\/pagina10.com\/web\/gobernacion-de-narino-conmemora-el-dia-mundial-de-agua-con-inversiones-en-distintos-municipios-de-narino\/#primaryimage\"},\"image\":{\"@id\":\"https:\/\/pagina10.com\/web\/gobernacion-de-narino-conmemora-el-dia-mundial-de-agua-con-inversiones-en-distintos-municipios-de-narino\/#primaryimage\"},\"thumbnailUrl\":\"https:\/\/pagina10.com\/web\/wp-content\/uploads\/2022\/03\/Captura-de-Pantalla-2022-03-20-a-las-7.21.46-p.-m..png\",\"datePublished\":\"2022-03-21T00:23:03+00:00\",\"breadcrumb\":{\"@id\":\"https:\/\/pagina10.com\/web\/gobernacion-de-narino-conmemora-el-dia-mundial-de-agua-con-inversiones-en-distintos-municipios-de-narino\/#breadcrumb\"},\"inLanguage\":\"es\",\"potentialAction\":[{\"@type\":\"ReadAction\",\"target\":[\"https:\/\/pagina10.com\/web\/gobernacion-de-narino-conmemora-el-dia-mundial-de-agua-con-inversiones-en-distintos-municipios-de-narino\/\"]}]},{\"@type\":\"ImageObject\",\"inLanguage\":\"es\",\"@id\":\"https:\/\/pagina10.com\/web\/gobernacion-de-narino-conmemora-el-dia-mundial-de-agua-con-inversiones-en-distintos-municipios-de-narino\/#primaryimage\",\"url\":\"https:\/\/pagina10.com\/web\/wp-content\/uploads\/2022\/03\/Captura-de-Pantalla-2022-03-20-a-las-7.21.46-p.-m..png\",\"contentUrl\":\"https:\/\/pagina10.com\/web\/wp-content\/uploads\/2022\/03\/Captura-de-Pantalla-2022-03-20-a-las-7.21.46-p.-m..png\",\"width\":587,\"height\":311},{\"@type\":\"BreadcrumbList\",\"@id\":\"https:\/\/pagina10.com\/web\/gobernacion-de-narino-conmemora-el-dia-mundial-de-agua-con-inversiones-en-distintos-municipios-de-narino\/#breadcrumb\",\"itemListElement\":[{\"@type\":\"ListItem\",\"position\":1,\"name\":\"Portada\",\"item\":\"https:\/\/pagina10.com\/web\/\"},{\"@type\":\"ListItem\",\"position\":2,\"name\":\"Gobernaci\u00f3n de Nari\u00f1o conmemora el D\u00eda Mundial de Agua con inversiones en distintos municipios de Nari\u00f1o\"}]},{\"@type\":\"WebSite\",\"@id\":\"https:\/\/pagina10.com\/web\/#website\",\"url\":\"https:\/\/pagina10.com\/web\/\",\"name\":\"P\u00e1gina10\",\"description\":\"Peri\u00f3dico Regional\",\"publisher\":{\"@id\":\"https:\/\/pagina10.com\/web\/#organization\"},\"alternateName\":\"P\u00e1gina10 Peri\u00f3dico Regional\",\"potentialAction\":[{\"@type\":\"SearchAction\",\"target\":{\"@type\":\"EntryPoint\",\"urlTemplate\":\"https:\/\/pagina10.com\/web\/?s={search_term_string}\"},\"query-input\":{\"@type\":\"PropertyValueSpecification\",\"valueRequired\":true,\"valueName\":\"search_term_string\"}}],\"inLanguage\":\"es\"},{\"@type\":\"Organization\",\"@id\":\"https:\/\/pagina10.com\/web\/#organization\",\"name\":\"P\u00e1gina10\",\"alternateName\":\"P\u00e1gina10 Peri\u00f3dico Regional\",\"url\":\"https:\/\/pagina10.com\/web\/\",\"logo\":{\"@type\":\"ImageObject\",\"inLanguage\":\"es\",\"@id\":\"https:\/\/pagina10.com\/web\/#\/schema\/logo\/image\/\",\"url\":\"https:\/\/pagina10.com\/web\/wp-content\/uploads\/2024\/01\/40-pagina-10-periodico-regional-pasto.jpg\",\"contentUrl\":\"https:\/\/pagina10.com\/web\/wp-content\/uploads\/2024\/01\/40-pagina-10-periodico-regional-pasto.jpg\",\"width\":1280,\"height\":720,\"caption\":\"P\u00e1gina10\"},\"image\":{\"@id\":\"https:\/\/pagina10.com\/web\/#\/schema\/logo\/image\/\"},\"sameAs\":[\"https:\/\/www.facebook.com\/pag10com\",\"https:\/\/x.com\/Pag10com\",\"https:\/\/www.instagram.com\/pagina10col\/\",\"https:\/\/youtube.com\/channel\/pag10\",\"https:\/\/www.tiktok.com\/@p10col\"]},{\"@type\":\"Person\",\"@id\":\"https:\/\/pagina10.com\/web\/#\/schema\/person\/2efc4a090d25b667d3bc796798a3a81b\",\"name\":\"P\u00e1gina 10\",\"description\":\"P\u00e1gina 10 es un peri\u00f3dico regional que nace en Colombia, en el departamento de Nari\u00f1o, con un enfoque global, fundamentado en cuatro pilares esenciales: la libertad, el pluralismo, la inclusi\u00f3n y la independencia. P\u00e1gina 10 hace referencia a Nari\u00f1o como el d\u00e9cimo departamento creado en Colombia, despu\u00e9s de un proceso pol\u00edtico liderado por actores y actrices regionales con el fin de obtener la independencia y autonom\u00eda de nuestros territorios. Con la creaci\u00f3n de P\u00e1gina 10 se pretende abrir un escenario para el dialogo, la reflexi\u00f3n y el debate que se extienda a otras geograf\u00edas de Am\u00e9rica Latina y del planeta, en una apuesta por transformar colectivamente los desaf\u00edos de un mundo contempor\u00e1neo, m\u00e1s all\u00e1 de las fronteras impuestas.\",\"url\":\"https:\/\/pagina10.com\/web\/author\/pdiezadmin\/\"}]}<\/script>\n<!-- \/ Yoast SEO plugin. -->","yoast_head_json":{"title":"Gobernaci\u00f3n de Nari\u00f1o conmemora el D\u00eda Mundial de Agua con inversiones en distintos municipios de Nari\u00f1o | P\u00e1gina10","robots":{"index":"index","follow":"follow","max-snippet":"max-snippet:-1","max-image-preview":"max-image-preview:large","max-video-preview":"max-video-preview:-1"},"canonical":"https:\/\/pagina10.com\/web\/gobernacion-de-narino-conmemora-el-dia-mundial-de-agua-con-inversiones-en-distintos-municipios-de-narino\/","og_locale":"es_ES","og_type":"article","og_title":"Gobernaci\u00f3n de Nari\u00f1o conmemora el D\u00eda Mundial de Agua con inversiones en distintos municipios de Nari\u00f1o | P\u00e1gina10","og_description":"La Gobernaci\u00f3n de Nari\u00f1o, a trav\u00e9s de la Subsecretar\u00eda de Econom\u00eda Regional y Agua Potable PDA Nari\u00f1o, conmemorar\u00e1 el pr\u00f3ximo 22 de marzo, el D\u00eda Mundial del Agua, declarado en 1992 por las Naciones Unidas, con el objetivo de rendir homenaje y recordar la importancia del recurso h\u00eddrico para la vida humana y la naturaleza, [&hellip;]","og_url":"https:\/\/pagina10.com\/web\/gobernacion-de-narino-conmemora-el-dia-mundial-de-agua-con-inversiones-en-distintos-municipios-de-narino\/","og_site_name":"P\u00e1gina10","article_publisher":"https:\/\/www.facebook.com\/pag10com","article_published_time":"2022-03-21T00:23:03+00:00","og_image":[{"width":587,"height":311,"url":"https:\/\/pagina10.com\/web\/wp-content\/uploads\/2022\/03\/Captura-de-Pantalla-2022-03-20-a-las-7.21.46-p.-m..png","type":"image\/png"}],"author":"P\u00e1gina 10","twitter_card":"summary_large_image","twitter_creator":"@Pag10com","twitter_site":"@Pag10com","twitter_misc":{"Escrito por":"P\u00e1gina 10","Tiempo de lectura":"2 minutos"},"schema":{"@context":"https:\/\/schema.org","@graph":[{"@type":"Article","@id":"https:\/\/pagina10.com\/web\/gobernacion-de-narino-conmemora-el-dia-mundial-de-agua-con-inversiones-en-distintos-municipios-de-narino\/#article","isPartOf":{"@id":"https:\/\/pagina10.com\/web\/gobernacion-de-narino-conmemora-el-dia-mundial-de-agua-con-inversiones-en-distintos-municipios-de-narino\/"},"author":{"name":"P\u00e1gina 10","@id":"https:\/\/pagina10.com\/web\/#\/schema\/person\/2efc4a090d25b667d3bc796798a3a81b"},"headline":"Gobernaci\u00f3n de Nari\u00f1o conmemora el D\u00eda Mundial de Agua con inversiones en distintos municipios de Nari\u00f1o","datePublished":"2022-03-21T00:23:03+00:00","mainEntityOfPage":{"@id":"https:\/\/pagina10.com\/web\/gobernacion-de-narino-conmemora-el-dia-mundial-de-agua-con-inversiones-en-distintos-municipios-de-narino\/"},"wordCount":354,"commentCount":0,"publisher":{"@id":"https:\/\/pagina10.com\/web\/#organization"},"image":{"@id":"https:\/\/pagina10.com\/web\/gobernacion-de-narino-conmemora-el-dia-mundial-de-agua-con-inversiones-en-distintos-municipios-de-narino\/#primaryimage"},"thumbnailUrl":"https:\/\/pagina10.com\/web\/wp-content\/uploads\/2022\/03\/Captura-de-Pantalla-2022-03-20-a-las-7.21.46-p.-m..png","articleSection":["Regiones"],"inLanguage":"es","potentialAction":[{"@type":"CommentAction","name":"Comment","target":["https:\/\/pagina10.com\/web\/gobernacion-de-narino-conmemora-el-dia-mundial-de-agua-con-inversiones-en-distintos-municipios-de-narino\/#respond"]}]},{"@type":"WebPage","@id":"https:\/\/pagina10.com\/web\/gobernacion-de-narino-conmemora-el-dia-mundial-de-agua-con-inversiones-en-distintos-municipios-de-narino\/","url":"https:\/\/pagina10.com\/web\/gobernacion-de-narino-conmemora-el-dia-mundial-de-agua-con-inversiones-en-distintos-municipios-de-narino\/","name":"Gobernaci\u00f3n de Nari\u00f1o conmemora el D\u00eda Mundial de Agua con inversiones en distintos municipios de Nari\u00f1o | P\u00e1gina10","isPartOf":{"@id":"https:\/\/pagina10.com\/web\/#website"},"primaryImageOfPage":{"@id":"https:\/\/pagina10.com\/web\/gobernacion-de-narino-conmemora-el-dia-mundial-de-agua-con-inversiones-en-distintos-municipios-de-narino\/#primaryimage"},"image":{"@id":"https:\/\/pagina10.com\/web\/gobernacion-de-narino-conmemora-el-dia-mundial-de-agua-con-inversiones-en-distintos-municipios-de-narino\/#primaryimage"},"thumbnailUrl":"https:\/\/pagina10.com\/web\/wp-content\/uploads\/2022\/03\/Captura-de-Pantalla-2022-03-20-a-las-7.21.46-p.-m..png","datePublished":"2022-03-21T00:23:03+00:00","breadcrumb":{"@id":"https:\/\/pagina10.com\/web\/gobernacion-de-narino-conmemora-el-dia-mundial-de-agua-con-inversiones-en-distintos-municipios-de-narino\/#breadcrumb"},"inLanguage":"es","potentialAction":[{"@type":"ReadAction","target":["https:\/\/pagina10.com\/web\/gobernacion-de-narino-conmemora-el-dia-mundial-de-agua-con-inversiones-en-distintos-municipios-de-narino\/"]}]},{"@type":"ImageObject","inLanguage":"es","@id":"https:\/\/pagina10.com\/web\/gobernacion-de-narino-conmemora-el-dia-mundial-de-agua-con-inversiones-en-distintos-municipios-de-narino\/#primaryimage","url":"https:\/\/pagina10.com\/web\/wp-content\/uploads\/2022\/03\/Captura-de-Pantalla-2022-03-20-a-las-7.21.46-p.-m..png","contentUrl":"https:\/\/pagina10.com\/web\/wp-content\/uploads\/2022\/03\/Captura-de-Pantalla-2022-03-20-a-las-7.21.46-p.-m..png","width":587,"height":311},{"@type":"BreadcrumbList","@id":"https:\/\/pagina10.com\/web\/gobernacion-de-narino-conmemora-el-dia-mundial-de-agua-con-inversiones-en-distintos-municipios-de-narino\/#breadcrumb","itemListElement":[{"@type":"ListItem","position":1,"name":"Portada","item":"https:\/\/pagina10.com\/web\/"},{"@type":"ListItem","position":2,"name":"Gobernaci\u00f3n de Nari\u00f1o conmemora el D\u00eda Mundial de Agua con inversiones en distintos municipios de Nari\u00f1o"}]},{"@type":"WebSite","@id":"https:\/\/pagina10.com\/web\/#website","url":"https:\/\/pagina10.com\/web\/","name":"P\u00e1gina10","description":"Peri\u00f3dico Regional","publisher":{"@id":"https:\/\/pagina10.com\/web\/#organization"},"alternateName":"P\u00e1gina10 Peri\u00f3dico Regional","potentialAction":[{"@type":"SearchAction","target":{"@type":"EntryPoint","urlTemplate":"https:\/\/pagina10.com\/web\/?s={search_term_string}"},"query-input":{"@type":"PropertyValueSpecification","valueRequired":true,"valueName":"search_term_string"}}],"inLanguage":"es"},{"@type":"Organization","@id":"https:\/\/pagina10.com\/web\/#organization","name":"P\u00e1gina10","alternateName":"P\u00e1gina10 Peri\u00f3dico Regional","url":"https:\/\/pagina10.com\/web\/","logo":{"@type":"ImageObject","inLanguage":"es","@id":"https:\/\/pagina10.com\/web\/#\/schema\/logo\/image\/","url":"https:\/\/pagina10.com\/web\/wp-content\/uploads\/2024\/01\/40-pagina-10-periodico-regional-pasto.jpg","contentUrl":"https:\/\/pagina10.com\/web\/wp-content\/uploads\/2024\/01\/40-pagina-10-periodico-regional-pasto.jpg","width":1280,"height":720,"caption":"P\u00e1gina10"},"image":{"@id":"https:\/\/pagina10.com\/web\/#\/schema\/logo\/image\/"},"sameAs":["https:\/\/www.facebook.com\/pag10com","https:\/\/x.com\/Pag10com","https:\/\/www.instagram.com\/pagina10col\/","https:\/\/youtube.com\/channel\/pag10","https:\/\/www.tiktok.com\/@p10col"]},{"@type":"Person","@id":"https:\/\/pagina10.com\/web\/#\/schema\/person\/2efc4a090d25b667d3bc796798a3a81b","name":"P\u00e1gina 10","description":"P\u00e1gina 10 es un peri\u00f3dico regional que nace en Colombia, en el departamento de Nari\u00f1o, con un enfoque global, fundamentado en cuatro pilares esenciales: la libertad, el pluralismo, la inclusi\u00f3n y la independencia. P\u00e1gina 10 hace referencia a Nari\u00f1o como el d\u00e9cimo departamento creado en Colombia, despu\u00e9s de un proceso pol\u00edtico liderado por actores y actrices regionales con el fin de obtener la independencia y autonom\u00eda de nuestros territorios. Con la creaci\u00f3n de P\u00e1gina 10 se pretende abrir un escenario para el dialogo, la reflexi\u00f3n y el debate que se extienda a otras geograf\u00edas de Am\u00e9rica Latina y del planeta, en una apuesta por transformar colectivamente los desaf\u00edos de un mundo contempor\u00e1neo, m\u00e1s all\u00e1 de las fronteras impuestas.","url":"https:\/\/pagina10.com\/web\/author\/pdiezadmin\/"}]}},"_links":{"self":[{"href":"https:\/\/pagina10.com\/web\/wp-json\/wp\/v2\/posts\/58707","targetHints":{"allow":["GET"]}}],"collection":[{"href":"https:\/\/pagina10.com\/web\/wp-json\/wp\/v2\/posts"}],"about":[{"href":"https:\/\/pagina10.com\/web\/wp-json\/wp\/v2\/types\/post"}],"author":[{"embeddable":true,"href":"https:\/\/pagina10.com\/web\/wp-json\/wp\/v2\/users\/1"}],"replies":[{"embeddable":true,"href":"https:\/\/pagina10.com\/web\/wp-json\/wp\/v2\/comments?post=58707"}],"version-history":[{"count":1,"href":"https:\/\/pagina10.com\/web\/wp-json\/wp\/v2\/posts\/58707\/revisions"}],"predecessor-version":[{"id":58709,"href":"https:\/\/pagina10.com\/web\/wp-json\/wp\/v2\/posts\/58707\/revisions\/58709"}],"wp:featuredmedia":[{"embeddable":true,"href":"https:\/\/pagina10.com\/web\/wp-json\/wp\/v2\/media\/58708"}],"wp:attachment":[{"href":"https:\/\/pagina10.com\/web\/wp-json\/wp\/v2\/media?parent=58707"}],"wp:term":[{"taxonomy":"category","embeddable":true,"href":"https:\/\/pagina10.com\/web\/wp-json\/wp\/v2\/categories?post=58707"},{"taxonomy":"post_tag","embeddable":true,"href":"https:\/\/pagina10.com\/web\/wp-json\/wp\/v2\/tags?post=58707"}],"curies":[{"name":"wp","href":"https:\/\/api.w.org\/{rel}","templated":true}]}}