{"id":58727,"date":"2022-03-22T22:35:04","date_gmt":"2022-03-23T03:35:04","guid":{"rendered":"https:\/\/pagina10.com\/web\/?p=58727"},"modified":"2022-03-22T22:35:04","modified_gmt":"2022-03-23T03:35:04","slug":"dia-mundial-del-agua-unicef-trabaja-en-narino-a-favor-del-acceso-a-agua-potable-en-las-comunidades","status":"publish","type":"post","link":"https:\/\/pagina10.com\/web\/dia-mundial-del-agua-unicef-trabaja-en-narino-a-favor-del-acceso-a-agua-potable-en-las-comunidades\/","title":{"rendered":"D\u00eda Mundial del Agua: UNICEF trabaja en Nari\u00f1o a favor del acceso a agua potable en las comunidades"},"content":{"rendered":"<p style=\"text-align: justify;\">Esta fecha conmemorativa se declar\u00f3 durante la Conferencia de las Naciones Unidas sobre Medio Ambiente y Desarrollo efectuada en R\u00edo de Janeiro (1992). Para este 2022, UNICEF hace \u00e9nfasis en la necesidad de seguir garantizando el acceso a agua, saneamiento e higiene para reducir las brechas de acceso y calidad en Colombia.<\/p>\n<p style=\"text-align: justify;\">Desde hace 30 a\u00f1os, cada 22 de marzo, las Naciones Unidas conmemoran el D\u00eda Mundial del Agua; una fecha para sensibilizar y concientizar acerca de la crisis mundial del agua y la necesidad de buscar medidas para abordarla, de manera que se facilite el acceso de este recurso a los millones de personas que viven sin agua potable a nivel mundial.<\/p>\n<p style=\"text-align: justify;\">\n<p style=\"text-align: justify;\">Para el Fondo de las Naciones Unidas para la Infancia -UNICEF-, los ni\u00f1os, ni\u00f1as y adolescentes, as\u00ed como sus familias, no solo requieren agua potable para consumo humano, sino que tambi\u00e9n necesitan saneamiento e higiene y sistemas sanitarios que garanticen su derecho a crecer en entornos limpios y seguros. As\u00ed, el acceso a agua potable es indispensable para disminuir los casos de enfermedades prevenibles como la Enfermedad Diarreica Aguda<\/p>\n<p style=\"text-align: justify;\">\n<p style=\"text-align: justify;\">Tambi\u00e9n, el acceso a este recurso y la existencia de infraestructuras h\u00eddricas influyen en la reducci\u00f3n de desigualdades y la disminuci\u00f3n de la pobreza. En Colombia, a pesar de los avances, uno de los grandes retos contin\u00faa siendo el acceso a agua y saneamiento en las zonas rurales en donde los niveles de cobertura son significativamente m\u00e1s bajos. Esto hace m\u00e1s dif\u00edcil las labores del hogar como lavar y cocinar alimentos, hacer el aseo, regar cosechas y el consumo para animales dom\u00e9sticos y se torna sumamente cr\u00edtico en aquellas comunidades en donde se ve afectado el entorno educativo.\u00a0\u00a0 Adem\u00e1s, la falta de infraestructura de saneamiento b\u00e1sico contribuye a problemas de salud y contaminaci\u00f3n ambiental relacionados con la pr\u00e1ctica de defecaci\u00f3n a campo abierto.<\/p>\n<p style=\"text-align: justify;\">\n<p style=\"text-align: justify;\">UNICEF realiza un trabajo de la mano con la institucionalidad, las comunidades y los propios ni\u00f1os y ni\u00f1as en los territorios m\u00e1s vulnerables del pa\u00eds, apoyados por socios y aliados, para llegar a algunas de las regiones que de forma hist\u00f3rica y coyuntural carecen de estos recursos y servicios. En este sentido,\u00a0 en el departamento de Nari\u00f1o se ha trabajado en el apoyo a las Secretar\u00edas de Educaci\u00f3n a trav\u00e9s del mejoramiento de servicios de agua, saneamiento e higiene para el retorno seguro a clases de ni\u00f1os, ni\u00f1as y adolescentes en 29 instituciones educativas priorizadas del departamento a lo largo de 2021 y lo que va de 2022.<\/p>\n<p style=\"text-align: justify;\">\n<p style=\"text-align: justify;\">Tambi\u00e9n, en esa regi\u00f3n se trabaja en el acompa\u00f1amiento en la respuesta ante situaciones de emergencia a las secretar\u00edas de salud departamentales, municipales, el Instituto Departamental de Salud de Nari\u00f1o y entidades de gesti\u00f3n del riesgo de desastres. As\u00ed mismo, se ha acompa\u00f1ado a la institucionalidad en el fortalecimiento de la promoci\u00f3n de pr\u00e1cticas claves de higiene con enfoque de ni\u00f1ez, g\u00e9nero y personas en condici\u00f3n de discapacidad en instituciones educativas, albergues y puntos de apoyo a caminantes para lograr cambios positivos de comportamiento en este \u00e1mbito.<\/p>\n<p style=\"text-align: justify;\">Todo esto se ha logrado, en parte, gracias a la articulaci\u00f3n con la Mesa de Agua y Saneamiento, donde UNICEF ha co-liderado la respuesta del Gobierno departamental para la gesti\u00f3n del riesgo en emergencias derivadas del conflicto armado, desastres naturales y flujos migratorios.<\/p>\n<p style=\"text-align: justify;\">En el D\u00eda Mundial del Agua, UNICEF Colombia resalta el trabajo en las regiones m\u00e1s vulnerables del pa\u00eds para que ni\u00f1os, ni\u00f1as y adolescentes tengan acceso a agua, saneamiento e higiene y puedan vivir en entornos saludables a trav\u00e9s de estrategias que involucran la sostenibilidad de los proyectos con enfoque intercultural y de g\u00e9nero, por medio del trabajo conjunto con el Gobierno Nacional y los comit\u00e9s territoriales. As\u00ed mismo, hace un llamado a la protecci\u00f3n y la utilizaci\u00f3n de las aguas subterr\u00e1neas de forma sostenible para sobrevivir al cambio clim\u00e1tico y satisfacer las necesidades de una poblaci\u00f3n en constante crecimiento.<\/p>\n<p style=\"text-align: justify;\"><a href=\"https:\/\/www.unicef.org\/colombia\/diadelagua2022\">(Conozca m\u00e1s de estos proyectos) <\/a><\/p>\n<p style=\"text-align: justify;\">\n<p style=\"text-align: justify;\">\n<p style=\"text-align: justify;\">Sobre UNICEF<\/p>\n<p style=\"text-align: justify;\">El Fondo de las Naciones Unidas para la Infancia (UNICEF) trabaja en m\u00e1s de 190 pa\u00edses y territorios para lograr un mundo m\u00e1s equitativo para todos los ni\u00f1os. UNICEF ha ayudado a salvar m\u00e1s vidas de ni\u00f1os que cualquier otra organizaci\u00f3n humanitaria, proporcionando atenci\u00f3n m\u00e9dica e inmunizaciones, agua potable y saneamiento, nutrici\u00f3n, educaci\u00f3n, alivio de emergencia y m\u00e1s.<\/p>\n<p style=\"text-align: justify;\"><a href=\"https:\/\/www.unicef.org\/colombia\/\">https:\/\/www.unicef.org\/colombia\/<\/a><\/p>\n<p style=\"text-align: justify;\">@UNICEFColombia<\/p>\n","protected":false},"excerpt":{"rendered":"<p>Esta fecha conmemorativa se declar\u00f3 durante la Conferencia de las Naciones Unidas sobre Medio Ambiente y Desarrollo efectuada en R\u00edo de Janeiro (1992). Para este 2022, UNICEF hace \u00e9nfasis en la necesidad de seguir garantizando el acceso a agua, saneamiento e higiene para reducir las brechas de acceso y calidad en Colombia. Desde hace 30 [&hellip;]<\/p>\n","protected":false},"author":1,"featured_media":58728,"comment_status":"open","ping_status":"open","sticky":false,"template":"","format":"standard","meta":{"footnotes":""},"categories":[84],"tags":[],"class_list":["post-58727","post","type-post","status-publish","format-standard","has-post-thumbnail","hentry","category-global-2"],"yoast_head":"<!-- This site is optimized with the Yoast SEO plugin v27.1.1 - https:\/\/yoast.com\/product\/yoast-seo-wordpress\/ -->\n<title>D\u00eda Mundial del Agua: UNICEF trabaja en Nari\u00f1o a favor del acceso a agua potable en las comunidades | P\u00e1gina10<\/title>\n<meta name=\"robots\" content=\"index, follow, max-snippet:-1, max-image-preview:large, max-video-preview:-1\" \/>\n<link rel=\"canonical\" href=\"https:\/\/pagina10.com\/web\/dia-mundial-del-agua-unicef-trabaja-en-narino-a-favor-del-acceso-a-agua-potable-en-las-comunidades\/\" \/>\n<meta property=\"og:locale\" content=\"es_ES\" \/>\n<meta property=\"og:type\" content=\"article\" \/>\n<meta property=\"og:title\" content=\"D\u00eda Mundial del Agua: UNICEF trabaja en Nari\u00f1o a favor del acceso a agua potable en las comunidades | P\u00e1gina10\" \/>\n<meta property=\"og:description\" content=\"Esta fecha conmemorativa se declar\u00f3 durante la Conferencia de las Naciones Unidas sobre Medio Ambiente y Desarrollo efectuada en R\u00edo de Janeiro (1992). Para este 2022, UNICEF hace \u00e9nfasis en la necesidad de seguir garantizando el acceso a agua, saneamiento e higiene para reducir las brechas de acceso y calidad en Colombia. Desde hace 30 [&hellip;]\" \/>\n<meta property=\"og:url\" content=\"https:\/\/pagina10.com\/web\/dia-mundial-del-agua-unicef-trabaja-en-narino-a-favor-del-acceso-a-agua-potable-en-las-comunidades\/\" \/>\n<meta property=\"og:site_name\" content=\"P\u00e1gina10\" \/>\n<meta property=\"article:publisher\" content=\"https:\/\/www.facebook.com\/pag10com\" \/>\n<meta property=\"article:published_time\" content=\"2022-03-23T03:35:04+00:00\" \/>\n<meta property=\"og:image\" content=\"https:\/\/pagina10.com\/web\/wp-content\/uploads\/2022\/03\/11056621_10153206433576588_6631321862140023163_n.jpg\" \/>\n\t<meta property=\"og:image:width\" content=\"960\" \/>\n\t<meta property=\"og:image:height\" content=\"540\" \/>\n\t<meta property=\"og:image:type\" content=\"image\/jpeg\" \/>\n<meta name=\"author\" content=\"P\u00e1gina 10\" \/>\n<meta name=\"twitter:card\" content=\"summary_large_image\" \/>\n<meta name=\"twitter:creator\" content=\"@Pag10com\" \/>\n<meta name=\"twitter:site\" content=\"@Pag10com\" \/>\n<meta name=\"twitter:label1\" content=\"Escrito por\" \/>\n\t<meta name=\"twitter:data1\" content=\"P\u00e1gina 10\" \/>\n\t<meta name=\"twitter:label2\" content=\"Tiempo de lectura\" \/>\n\t<meta name=\"twitter:data2\" content=\"4 minutos\" \/>\n<script type=\"application\/ld+json\" class=\"yoast-schema-graph\">{\"@context\":\"https:\/\/schema.org\",\"@graph\":[{\"@type\":\"Article\",\"@id\":\"https:\/\/pagina10.com\/web\/dia-mundial-del-agua-unicef-trabaja-en-narino-a-favor-del-acceso-a-agua-potable-en-las-comunidades\/#article\",\"isPartOf\":{\"@id\":\"https:\/\/pagina10.com\/web\/dia-mundial-del-agua-unicef-trabaja-en-narino-a-favor-del-acceso-a-agua-potable-en-las-comunidades\/\"},\"author\":{\"name\":\"P\u00e1gina 10\",\"@id\":\"https:\/\/pagina10.com\/web\/#\/schema\/person\/2efc4a090d25b667d3bc796798a3a81b\"},\"headline\":\"D\u00eda Mundial del Agua: UNICEF trabaja en Nari\u00f1o a favor del acceso a agua potable en las comunidades\",\"datePublished\":\"2022-03-23T03:35:04+00:00\",\"mainEntityOfPage\":{\"@id\":\"https:\/\/pagina10.com\/web\/dia-mundial-del-agua-unicef-trabaja-en-narino-a-favor-del-acceso-a-agua-potable-en-las-comunidades\/\"},\"wordCount\":798,\"commentCount\":0,\"publisher\":{\"@id\":\"https:\/\/pagina10.com\/web\/#organization\"},\"image\":{\"@id\":\"https:\/\/pagina10.com\/web\/dia-mundial-del-agua-unicef-trabaja-en-narino-a-favor-del-acceso-a-agua-potable-en-las-comunidades\/#primaryimage\"},\"thumbnailUrl\":\"https:\/\/pagina10.com\/web\/wp-content\/uploads\/2022\/03\/11056621_10153206433576588_6631321862140023163_n.jpg\",\"articleSection\":[\"Global\"],\"inLanguage\":\"es\",\"potentialAction\":[{\"@type\":\"CommentAction\",\"name\":\"Comment\",\"target\":[\"https:\/\/pagina10.com\/web\/dia-mundial-del-agua-unicef-trabaja-en-narino-a-favor-del-acceso-a-agua-potable-en-las-comunidades\/#respond\"]}]},{\"@type\":\"WebPage\",\"@id\":\"https:\/\/pagina10.com\/web\/dia-mundial-del-agua-unicef-trabaja-en-narino-a-favor-del-acceso-a-agua-potable-en-las-comunidades\/\",\"url\":\"https:\/\/pagina10.com\/web\/dia-mundial-del-agua-unicef-trabaja-en-narino-a-favor-del-acceso-a-agua-potable-en-las-comunidades\/\",\"name\":\"D\u00eda Mundial del Agua: UNICEF trabaja en Nari\u00f1o a favor del acceso a agua potable en las comunidades | P\u00e1gina10\",\"isPartOf\":{\"@id\":\"https:\/\/pagina10.com\/web\/#website\"},\"primaryImageOfPage\":{\"@id\":\"https:\/\/pagina10.com\/web\/dia-mundial-del-agua-unicef-trabaja-en-narino-a-favor-del-acceso-a-agua-potable-en-las-comunidades\/#primaryimage\"},\"image\":{\"@id\":\"https:\/\/pagina10.com\/web\/dia-mundial-del-agua-unicef-trabaja-en-narino-a-favor-del-acceso-a-agua-potable-en-las-comunidades\/#primaryimage\"},\"thumbnailUrl\":\"https:\/\/pagina10.com\/web\/wp-content\/uploads\/2022\/03\/11056621_10153206433576588_6631321862140023163_n.jpg\",\"datePublished\":\"2022-03-23T03:35:04+00:00\",\"breadcrumb\":{\"@id\":\"https:\/\/pagina10.com\/web\/dia-mundial-del-agua-unicef-trabaja-en-narino-a-favor-del-acceso-a-agua-potable-en-las-comunidades\/#breadcrumb\"},\"inLanguage\":\"es\",\"potentialAction\":[{\"@type\":\"ReadAction\",\"target\":[\"https:\/\/pagina10.com\/web\/dia-mundial-del-agua-unicef-trabaja-en-narino-a-favor-del-acceso-a-agua-potable-en-las-comunidades\/\"]}]},{\"@type\":\"ImageObject\",\"inLanguage\":\"es\",\"@id\":\"https:\/\/pagina10.com\/web\/dia-mundial-del-agua-unicef-trabaja-en-narino-a-favor-del-acceso-a-agua-potable-en-las-comunidades\/#primaryimage\",\"url\":\"https:\/\/pagina10.com\/web\/wp-content\/uploads\/2022\/03\/11056621_10153206433576588_6631321862140023163_n.jpg\",\"contentUrl\":\"https:\/\/pagina10.com\/web\/wp-content\/uploads\/2022\/03\/11056621_10153206433576588_6631321862140023163_n.jpg\",\"width\":960,\"height\":540},{\"@type\":\"BreadcrumbList\",\"@id\":\"https:\/\/pagina10.com\/web\/dia-mundial-del-agua-unicef-trabaja-en-narino-a-favor-del-acceso-a-agua-potable-en-las-comunidades\/#breadcrumb\",\"itemListElement\":[{\"@type\":\"ListItem\",\"position\":1,\"name\":\"Portada\",\"item\":\"https:\/\/pagina10.com\/web\/\"},{\"@type\":\"ListItem\",\"position\":2,\"name\":\"D\u00eda Mundial del Agua: UNICEF trabaja en Nari\u00f1o a favor del acceso a agua potable en las comunidades\"}]},{\"@type\":\"WebSite\",\"@id\":\"https:\/\/pagina10.com\/web\/#website\",\"url\":\"https:\/\/pagina10.com\/web\/\",\"name\":\"P\u00e1gina10\",\"description\":\"Peri\u00f3dico Regional\",\"publisher\":{\"@id\":\"https:\/\/pagina10.com\/web\/#organization\"},\"alternateName\":\"P\u00e1gina10 Peri\u00f3dico Regional\",\"potentialAction\":[{\"@type\":\"SearchAction\",\"target\":{\"@type\":\"EntryPoint\",\"urlTemplate\":\"https:\/\/pagina10.com\/web\/?s={search_term_string}\"},\"query-input\":{\"@type\":\"PropertyValueSpecification\",\"valueRequired\":true,\"valueName\":\"search_term_string\"}}],\"inLanguage\":\"es\"},{\"@type\":\"Organization\",\"@id\":\"https:\/\/pagina10.com\/web\/#organization\",\"name\":\"P\u00e1gina10\",\"alternateName\":\"P\u00e1gina10 Peri\u00f3dico Regional\",\"url\":\"https:\/\/pagina10.com\/web\/\",\"logo\":{\"@type\":\"ImageObject\",\"inLanguage\":\"es\",\"@id\":\"https:\/\/pagina10.com\/web\/#\/schema\/logo\/image\/\",\"url\":\"https:\/\/pagina10.com\/web\/wp-content\/uploads\/2024\/01\/40-pagina-10-periodico-regional-pasto.jpg\",\"contentUrl\":\"https:\/\/pagina10.com\/web\/wp-content\/uploads\/2024\/01\/40-pagina-10-periodico-regional-pasto.jpg\",\"width\":1280,\"height\":720,\"caption\":\"P\u00e1gina10\"},\"image\":{\"@id\":\"https:\/\/pagina10.com\/web\/#\/schema\/logo\/image\/\"},\"sameAs\":[\"https:\/\/www.facebook.com\/pag10com\",\"https:\/\/x.com\/Pag10com\",\"https:\/\/www.instagram.com\/pagina10col\/\",\"https:\/\/youtube.com\/channel\/pag10\",\"https:\/\/www.tiktok.com\/@p10col\"]},{\"@type\":\"Person\",\"@id\":\"https:\/\/pagina10.com\/web\/#\/schema\/person\/2efc4a090d25b667d3bc796798a3a81b\",\"name\":\"P\u00e1gina 10\",\"description\":\"P\u00e1gina 10 es un peri\u00f3dico regional que nace en Colombia, en el departamento de Nari\u00f1o, con un enfoque global, fundamentado en cuatro pilares esenciales: la libertad, el pluralismo, la inclusi\u00f3n y la independencia. P\u00e1gina 10 hace referencia a Nari\u00f1o como el d\u00e9cimo departamento creado en Colombia, despu\u00e9s de un proceso pol\u00edtico liderado por actores y actrices regionales con el fin de obtener la independencia y autonom\u00eda de nuestros territorios. Con la creaci\u00f3n de P\u00e1gina 10 se pretende abrir un escenario para el dialogo, la reflexi\u00f3n y el debate que se extienda a otras geograf\u00edas de Am\u00e9rica Latina y del planeta, en una apuesta por transformar colectivamente los desaf\u00edos de un mundo contempor\u00e1neo, m\u00e1s all\u00e1 de las fronteras impuestas.\",\"url\":\"https:\/\/pagina10.com\/web\/author\/pdiezadmin\/\"}]}<\/script>\n<!-- \/ Yoast SEO plugin. -->","yoast_head_json":{"title":"D\u00eda Mundial del Agua: UNICEF trabaja en Nari\u00f1o a favor del acceso a agua potable en las comunidades | P\u00e1gina10","robots":{"index":"index","follow":"follow","max-snippet":"max-snippet:-1","max-image-preview":"max-image-preview:large","max-video-preview":"max-video-preview:-1"},"canonical":"https:\/\/pagina10.com\/web\/dia-mundial-del-agua-unicef-trabaja-en-narino-a-favor-del-acceso-a-agua-potable-en-las-comunidades\/","og_locale":"es_ES","og_type":"article","og_title":"D\u00eda Mundial del Agua: UNICEF trabaja en Nari\u00f1o a favor del acceso a agua potable en las comunidades | P\u00e1gina10","og_description":"Esta fecha conmemorativa se declar\u00f3 durante la Conferencia de las Naciones Unidas sobre Medio Ambiente y Desarrollo efectuada en R\u00edo de Janeiro (1992). Para este 2022, UNICEF hace \u00e9nfasis en la necesidad de seguir garantizando el acceso a agua, saneamiento e higiene para reducir las brechas de acceso y calidad en Colombia. Desde hace 30 [&hellip;]","og_url":"https:\/\/pagina10.com\/web\/dia-mundial-del-agua-unicef-trabaja-en-narino-a-favor-del-acceso-a-agua-potable-en-las-comunidades\/","og_site_name":"P\u00e1gina10","article_publisher":"https:\/\/www.facebook.com\/pag10com","article_published_time":"2022-03-23T03:35:04+00:00","og_image":[{"width":960,"height":540,"url":"https:\/\/pagina10.com\/web\/wp-content\/uploads\/2022\/03\/11056621_10153206433576588_6631321862140023163_n.jpg","type":"image\/jpeg"}],"author":"P\u00e1gina 10","twitter_card":"summary_large_image","twitter_creator":"@Pag10com","twitter_site":"@Pag10com","twitter_misc":{"Escrito por":"P\u00e1gina 10","Tiempo de lectura":"4 minutos"},"schema":{"@context":"https:\/\/schema.org","@graph":[{"@type":"Article","@id":"https:\/\/pagina10.com\/web\/dia-mundial-del-agua-unicef-trabaja-en-narino-a-favor-del-acceso-a-agua-potable-en-las-comunidades\/#article","isPartOf":{"@id":"https:\/\/pagina10.com\/web\/dia-mundial-del-agua-unicef-trabaja-en-narino-a-favor-del-acceso-a-agua-potable-en-las-comunidades\/"},"author":{"name":"P\u00e1gina 10","@id":"https:\/\/pagina10.com\/web\/#\/schema\/person\/2efc4a090d25b667d3bc796798a3a81b"},"headline":"D\u00eda Mundial del Agua: UNICEF trabaja en Nari\u00f1o a favor del acceso a agua potable en las comunidades","datePublished":"2022-03-23T03:35:04+00:00","mainEntityOfPage":{"@id":"https:\/\/pagina10.com\/web\/dia-mundial-del-agua-unicef-trabaja-en-narino-a-favor-del-acceso-a-agua-potable-en-las-comunidades\/"},"wordCount":798,"commentCount":0,"publisher":{"@id":"https:\/\/pagina10.com\/web\/#organization"},"image":{"@id":"https:\/\/pagina10.com\/web\/dia-mundial-del-agua-unicef-trabaja-en-narino-a-favor-del-acceso-a-agua-potable-en-las-comunidades\/#primaryimage"},"thumbnailUrl":"https:\/\/pagina10.com\/web\/wp-content\/uploads\/2022\/03\/11056621_10153206433576588_6631321862140023163_n.jpg","articleSection":["Global"],"inLanguage":"es","potentialAction":[{"@type":"CommentAction","name":"Comment","target":["https:\/\/pagina10.com\/web\/dia-mundial-del-agua-unicef-trabaja-en-narino-a-favor-del-acceso-a-agua-potable-en-las-comunidades\/#respond"]}]},{"@type":"WebPage","@id":"https:\/\/pagina10.com\/web\/dia-mundial-del-agua-unicef-trabaja-en-narino-a-favor-del-acceso-a-agua-potable-en-las-comunidades\/","url":"https:\/\/pagina10.com\/web\/dia-mundial-del-agua-unicef-trabaja-en-narino-a-favor-del-acceso-a-agua-potable-en-las-comunidades\/","name":"D\u00eda Mundial del Agua: UNICEF trabaja en Nari\u00f1o a favor del acceso a agua potable en las comunidades | P\u00e1gina10","isPartOf":{"@id":"https:\/\/pagina10.com\/web\/#website"},"primaryImageOfPage":{"@id":"https:\/\/pagina10.com\/web\/dia-mundial-del-agua-unicef-trabaja-en-narino-a-favor-del-acceso-a-agua-potable-en-las-comunidades\/#primaryimage"},"image":{"@id":"https:\/\/pagina10.com\/web\/dia-mundial-del-agua-unicef-trabaja-en-narino-a-favor-del-acceso-a-agua-potable-en-las-comunidades\/#primaryimage"},"thumbnailUrl":"https:\/\/pagina10.com\/web\/wp-content\/uploads\/2022\/03\/11056621_10153206433576588_6631321862140023163_n.jpg","datePublished":"2022-03-23T03:35:04+00:00","breadcrumb":{"@id":"https:\/\/pagina10.com\/web\/dia-mundial-del-agua-unicef-trabaja-en-narino-a-favor-del-acceso-a-agua-potable-en-las-comunidades\/#breadcrumb"},"inLanguage":"es","potentialAction":[{"@type":"ReadAction","target":["https:\/\/pagina10.com\/web\/dia-mundial-del-agua-unicef-trabaja-en-narino-a-favor-del-acceso-a-agua-potable-en-las-comunidades\/"]}]},{"@type":"ImageObject","inLanguage":"es","@id":"https:\/\/pagina10.com\/web\/dia-mundial-del-agua-unicef-trabaja-en-narino-a-favor-del-acceso-a-agua-potable-en-las-comunidades\/#primaryimage","url":"https:\/\/pagina10.com\/web\/wp-content\/uploads\/2022\/03\/11056621_10153206433576588_6631321862140023163_n.jpg","contentUrl":"https:\/\/pagina10.com\/web\/wp-content\/uploads\/2022\/03\/11056621_10153206433576588_6631321862140023163_n.jpg","width":960,"height":540},{"@type":"BreadcrumbList","@id":"https:\/\/pagina10.com\/web\/dia-mundial-del-agua-unicef-trabaja-en-narino-a-favor-del-acceso-a-agua-potable-en-las-comunidades\/#breadcrumb","itemListElement":[{"@type":"ListItem","position":1,"name":"Portada","item":"https:\/\/pagina10.com\/web\/"},{"@type":"ListItem","position":2,"name":"D\u00eda Mundial del Agua: UNICEF trabaja en Nari\u00f1o a favor del acceso a agua potable en las comunidades"}]},{"@type":"WebSite","@id":"https:\/\/pagina10.com\/web\/#website","url":"https:\/\/pagina10.com\/web\/","name":"P\u00e1gina10","description":"Peri\u00f3dico Regional","publisher":{"@id":"https:\/\/pagina10.com\/web\/#organization"},"alternateName":"P\u00e1gina10 Peri\u00f3dico Regional","potentialAction":[{"@type":"SearchAction","target":{"@type":"EntryPoint","urlTemplate":"https:\/\/pagina10.com\/web\/?s={search_term_string}"},"query-input":{"@type":"PropertyValueSpecification","valueRequired":true,"valueName":"search_term_string"}}],"inLanguage":"es"},{"@type":"Organization","@id":"https:\/\/pagina10.com\/web\/#organization","name":"P\u00e1gina10","alternateName":"P\u00e1gina10 Peri\u00f3dico Regional","url":"https:\/\/pagina10.com\/web\/","logo":{"@type":"ImageObject","inLanguage":"es","@id":"https:\/\/pagina10.com\/web\/#\/schema\/logo\/image\/","url":"https:\/\/pagina10.com\/web\/wp-content\/uploads\/2024\/01\/40-pagina-10-periodico-regional-pasto.jpg","contentUrl":"https:\/\/pagina10.com\/web\/wp-content\/uploads\/2024\/01\/40-pagina-10-periodico-regional-pasto.jpg","width":1280,"height":720,"caption":"P\u00e1gina10"},"image":{"@id":"https:\/\/pagina10.com\/web\/#\/schema\/logo\/image\/"},"sameAs":["https:\/\/www.facebook.com\/pag10com","https:\/\/x.com\/Pag10com","https:\/\/www.instagram.com\/pagina10col\/","https:\/\/youtube.com\/channel\/pag10","https:\/\/www.tiktok.com\/@p10col"]},{"@type":"Person","@id":"https:\/\/pagina10.com\/web\/#\/schema\/person\/2efc4a090d25b667d3bc796798a3a81b","name":"P\u00e1gina 10","description":"P\u00e1gina 10 es un peri\u00f3dico regional que nace en Colombia, en el departamento de Nari\u00f1o, con un enfoque global, fundamentado en cuatro pilares esenciales: la libertad, el pluralismo, la inclusi\u00f3n y la independencia. P\u00e1gina 10 hace referencia a Nari\u00f1o como el d\u00e9cimo departamento creado en Colombia, despu\u00e9s de un proceso pol\u00edtico liderado por actores y actrices regionales con el fin de obtener la independencia y autonom\u00eda de nuestros territorios. Con la creaci\u00f3n de P\u00e1gina 10 se pretende abrir un escenario para el dialogo, la reflexi\u00f3n y el debate que se extienda a otras geograf\u00edas de Am\u00e9rica Latina y del planeta, en una apuesta por transformar colectivamente los desaf\u00edos de un mundo contempor\u00e1neo, m\u00e1s all\u00e1 de las fronteras impuestas.","url":"https:\/\/pagina10.com\/web\/author\/pdiezadmin\/"}]}},"_links":{"self":[{"href":"https:\/\/pagina10.com\/web\/wp-json\/wp\/v2\/posts\/58727","targetHints":{"allow":["GET"]}}],"collection":[{"href":"https:\/\/pagina10.com\/web\/wp-json\/wp\/v2\/posts"}],"about":[{"href":"https:\/\/pagina10.com\/web\/wp-json\/wp\/v2\/types\/post"}],"author":[{"embeddable":true,"href":"https:\/\/pagina10.com\/web\/wp-json\/wp\/v2\/users\/1"}],"replies":[{"embeddable":true,"href":"https:\/\/pagina10.com\/web\/wp-json\/wp\/v2\/comments?post=58727"}],"version-history":[{"count":1,"href":"https:\/\/pagina10.com\/web\/wp-json\/wp\/v2\/posts\/58727\/revisions"}],"predecessor-version":[{"id":58729,"href":"https:\/\/pagina10.com\/web\/wp-json\/wp\/v2\/posts\/58727\/revisions\/58729"}],"wp:featuredmedia":[{"embeddable":true,"href":"https:\/\/pagina10.com\/web\/wp-json\/wp\/v2\/media\/58728"}],"wp:attachment":[{"href":"https:\/\/pagina10.com\/web\/wp-json\/wp\/v2\/media?parent=58727"}],"wp:term":[{"taxonomy":"category","embeddable":true,"href":"https:\/\/pagina10.com\/web\/wp-json\/wp\/v2\/categories?post=58727"},{"taxonomy":"post_tag","embeddable":true,"href":"https:\/\/pagina10.com\/web\/wp-json\/wp\/v2\/tags?post=58727"}],"curies":[{"name":"wp","href":"https:\/\/api.w.org\/{rel}","templated":true}]}}