{"id":58743,"date":"2022-03-24T23:40:28","date_gmt":"2022-03-25T04:40:28","guid":{"rendered":"https:\/\/pagina10.com\/web\/?p=58743"},"modified":"2022-03-24T23:40:28","modified_gmt":"2022-03-25T04:40:28","slug":"se-concertan-beneficios-entre-la-gobernacion-de-narino-y-funcionarios-del-sindicato-sintragobernar","status":"publish","type":"post","link":"https:\/\/pagina10.com\/web\/se-concertan-beneficios-entre-la-gobernacion-de-narino-y-funcionarios-del-sindicato-sintragobernar\/","title":{"rendered":"Se concertan beneficios entre la Gobernaci\u00f3n de Nari\u00f1o y funcionarios del Sindicato Sintragobernar"},"content":{"rendered":"<p style=\"text-align: justify;\">En un ejercicio de di\u00e1logo y concertaci\u00f3n entre el Gobernador de Nari\u00f1o, Jhon Rojas, y los trabajadores del sindicato Sintragobernar se acord\u00f3 la inversi\u00f3n de m\u00e1s de $1.000 millones en acciones que beneficiar\u00e1n a las y los funcionarios de la Gobernaci\u00f3n de Nari\u00f1o y sus familias.<\/p>\n<div>\nComo muestra del valor que la Administraci\u00f3n Departamental le da al trabajo de los empleados que han dedicado su vida entera al servicio de los nari\u00f1enses, se acord\u00f3 esta hist\u00f3rica inversi\u00f3n que se reflejar\u00e1 en recreaci\u00f3n y capacitaci\u00f3n de los funcionarios p\u00fablicos, entre otros.<\/p>\n<div style=\"text-align: justify;\">\n\u201cLa organizaci\u00f3n que represento Sintragobernar, su Junta Directiva, sus bases sindicales concertaron con el se\u00f1or Gobernador un important\u00edsimo acuerdo para la clase trabajadora de Nari\u00f1o. El principal beneficio del cual tambi\u00e9n se beneficiar\u00e1 la comunidad son los recursos para capacitaci\u00f3n, bonos educativos para las familias de los trabajadores del departamento entre otros\u201d, indic\u00f3 el Presidente de Sintragobernar, Andr\u00e9s Ru\u00edz.<\/div>\n<div style=\"text-align: justify;\">\nPor su parte, el Vicepresidente de Sintragobernar, Jairo Villota manifest\u00f3 que: \u201cMuy contentos y satisfechos con la concertaci\u00f3n realizada con el se\u00f1or Gobernador, que luego de mucha insistencia y abrir un proceso de di\u00e1logo directo hemo concertado beneficios concretos para que la realidad del programa de bienestar social de los trabajadores del departamento sea una realidad\u201d.<\/div>\n<\/div>\n","protected":false},"excerpt":{"rendered":"<p>En un ejercicio de di\u00e1logo y concertaci\u00f3n entre el Gobernador de Nari\u00f1o, Jhon Rojas, y los trabajadores del sindicato Sintragobernar se acord\u00f3 la inversi\u00f3n de m\u00e1s de $1.000 millones en acciones que beneficiar\u00e1n a las y los funcionarios de la Gobernaci\u00f3n de Nari\u00f1o y sus familias. Como muestra del valor que la Administraci\u00f3n Departamental le [&hellip;]<\/p>\n","protected":false},"author":1,"featured_media":58744,"comment_status":"open","ping_status":"open","sticky":false,"template":"","format":"standard","meta":{"footnotes":""},"categories":[53],"tags":[],"class_list":["post-58743","post","type-post","status-publish","format-standard","has-post-thumbnail","hentry","category-regiones"],"yoast_head":"<!-- This site is optimized with the Yoast SEO plugin v27.1.1 - https:\/\/yoast.com\/product\/yoast-seo-wordpress\/ -->\n<title>Se concertan beneficios entre la Gobernaci\u00f3n de Nari\u00f1o y funcionarios del Sindicato Sintragobernar | P\u00e1gina10<\/title>\n<meta name=\"robots\" content=\"index, follow, max-snippet:-1, max-image-preview:large, max-video-preview:-1\" \/>\n<link rel=\"canonical\" href=\"https:\/\/pagina10.com\/web\/se-concertan-beneficios-entre-la-gobernacion-de-narino-y-funcionarios-del-sindicato-sintragobernar\/\" \/>\n<meta property=\"og:locale\" content=\"es_ES\" \/>\n<meta property=\"og:type\" content=\"article\" \/>\n<meta property=\"og:title\" content=\"Se concertan beneficios entre la Gobernaci\u00f3n de Nari\u00f1o y funcionarios del Sindicato Sintragobernar | P\u00e1gina10\" \/>\n<meta property=\"og:description\" content=\"En un ejercicio de di\u00e1logo y concertaci\u00f3n entre el Gobernador de Nari\u00f1o, Jhon Rojas, y los trabajadores del sindicato Sintragobernar se acord\u00f3 la inversi\u00f3n de m\u00e1s de $1.000 millones en acciones que beneficiar\u00e1n a las y los funcionarios de la Gobernaci\u00f3n de Nari\u00f1o y sus familias. Como muestra del valor que la Administraci\u00f3n Departamental le [&hellip;]\" \/>\n<meta property=\"og:url\" content=\"https:\/\/pagina10.com\/web\/se-concertan-beneficios-entre-la-gobernacion-de-narino-y-funcionarios-del-sindicato-sintragobernar\/\" \/>\n<meta property=\"og:site_name\" content=\"P\u00e1gina10\" \/>\n<meta property=\"article:publisher\" content=\"https:\/\/www.facebook.com\/pag10com\" \/>\n<meta property=\"article:published_time\" content=\"2022-03-25T04:40:28+00:00\" \/>\n<meta property=\"og:image\" content=\"https:\/\/pagina10.com\/web\/wp-content\/uploads\/2022\/03\/Captura-de-Pantalla-2022-03-24-a-las-11.39.31-p.-m..png\" \/>\n\t<meta property=\"og:image:width\" content=\"710\" \/>\n\t<meta property=\"og:image:height\" content=\"282\" \/>\n\t<meta property=\"og:image:type\" content=\"image\/png\" \/>\n<meta name=\"author\" content=\"P\u00e1gina 10\" \/>\n<meta name=\"twitter:card\" content=\"summary_large_image\" \/>\n<meta name=\"twitter:creator\" content=\"@Pag10com\" \/>\n<meta name=\"twitter:site\" content=\"@Pag10com\" \/>\n<meta name=\"twitter:label1\" content=\"Escrito por\" \/>\n\t<meta name=\"twitter:data1\" content=\"P\u00e1gina 10\" \/>\n\t<meta name=\"twitter:label2\" content=\"Tiempo de lectura\" \/>\n\t<meta name=\"twitter:data2\" content=\"1 minuto\" \/>\n<script type=\"application\/ld+json\" class=\"yoast-schema-graph\">{\"@context\":\"https:\/\/schema.org\",\"@graph\":[{\"@type\":\"Article\",\"@id\":\"https:\/\/pagina10.com\/web\/se-concertan-beneficios-entre-la-gobernacion-de-narino-y-funcionarios-del-sindicato-sintragobernar\/#article\",\"isPartOf\":{\"@id\":\"https:\/\/pagina10.com\/web\/se-concertan-beneficios-entre-la-gobernacion-de-narino-y-funcionarios-del-sindicato-sintragobernar\/\"},\"author\":{\"name\":\"P\u00e1gina 10\",\"@id\":\"https:\/\/pagina10.com\/web\/#\/schema\/person\/2efc4a090d25b667d3bc796798a3a81b\"},\"headline\":\"Se concertan beneficios entre la Gobernaci\u00f3n de Nari\u00f1o y funcionarios del Sindicato Sintragobernar\",\"datePublished\":\"2022-03-25T04:40:28+00:00\",\"mainEntityOfPage\":{\"@id\":\"https:\/\/pagina10.com\/web\/se-concertan-beneficios-entre-la-gobernacion-de-narino-y-funcionarios-del-sindicato-sintragobernar\/\"},\"wordCount\":245,\"commentCount\":0,\"publisher\":{\"@id\":\"https:\/\/pagina10.com\/web\/#organization\"},\"image\":{\"@id\":\"https:\/\/pagina10.com\/web\/se-concertan-beneficios-entre-la-gobernacion-de-narino-y-funcionarios-del-sindicato-sintragobernar\/#primaryimage\"},\"thumbnailUrl\":\"https:\/\/pagina10.com\/web\/wp-content\/uploads\/2022\/03\/Captura-de-Pantalla-2022-03-24-a-las-11.39.31-p.-m..png\",\"articleSection\":[\"Regiones\"],\"inLanguage\":\"es\",\"potentialAction\":[{\"@type\":\"CommentAction\",\"name\":\"Comment\",\"target\":[\"https:\/\/pagina10.com\/web\/se-concertan-beneficios-entre-la-gobernacion-de-narino-y-funcionarios-del-sindicato-sintragobernar\/#respond\"]}]},{\"@type\":\"WebPage\",\"@id\":\"https:\/\/pagina10.com\/web\/se-concertan-beneficios-entre-la-gobernacion-de-narino-y-funcionarios-del-sindicato-sintragobernar\/\",\"url\":\"https:\/\/pagina10.com\/web\/se-concertan-beneficios-entre-la-gobernacion-de-narino-y-funcionarios-del-sindicato-sintragobernar\/\",\"name\":\"Se concertan beneficios entre la Gobernaci\u00f3n de Nari\u00f1o y funcionarios del Sindicato Sintragobernar | P\u00e1gina10\",\"isPartOf\":{\"@id\":\"https:\/\/pagina10.com\/web\/#website\"},\"primaryImageOfPage\":{\"@id\":\"https:\/\/pagina10.com\/web\/se-concertan-beneficios-entre-la-gobernacion-de-narino-y-funcionarios-del-sindicato-sintragobernar\/#primaryimage\"},\"image\":{\"@id\":\"https:\/\/pagina10.com\/web\/se-concertan-beneficios-entre-la-gobernacion-de-narino-y-funcionarios-del-sindicato-sintragobernar\/#primaryimage\"},\"thumbnailUrl\":\"https:\/\/pagina10.com\/web\/wp-content\/uploads\/2022\/03\/Captura-de-Pantalla-2022-03-24-a-las-11.39.31-p.-m..png\",\"datePublished\":\"2022-03-25T04:40:28+00:00\",\"breadcrumb\":{\"@id\":\"https:\/\/pagina10.com\/web\/se-concertan-beneficios-entre-la-gobernacion-de-narino-y-funcionarios-del-sindicato-sintragobernar\/#breadcrumb\"},\"inLanguage\":\"es\",\"potentialAction\":[{\"@type\":\"ReadAction\",\"target\":[\"https:\/\/pagina10.com\/web\/se-concertan-beneficios-entre-la-gobernacion-de-narino-y-funcionarios-del-sindicato-sintragobernar\/\"]}]},{\"@type\":\"ImageObject\",\"inLanguage\":\"es\",\"@id\":\"https:\/\/pagina10.com\/web\/se-concertan-beneficios-entre-la-gobernacion-de-narino-y-funcionarios-del-sindicato-sintragobernar\/#primaryimage\",\"url\":\"https:\/\/pagina10.com\/web\/wp-content\/uploads\/2022\/03\/Captura-de-Pantalla-2022-03-24-a-las-11.39.31-p.-m..png\",\"contentUrl\":\"https:\/\/pagina10.com\/web\/wp-content\/uploads\/2022\/03\/Captura-de-Pantalla-2022-03-24-a-las-11.39.31-p.-m..png\",\"width\":710,\"height\":282},{\"@type\":\"BreadcrumbList\",\"@id\":\"https:\/\/pagina10.com\/web\/se-concertan-beneficios-entre-la-gobernacion-de-narino-y-funcionarios-del-sindicato-sintragobernar\/#breadcrumb\",\"itemListElement\":[{\"@type\":\"ListItem\",\"position\":1,\"name\":\"Portada\",\"item\":\"https:\/\/pagina10.com\/web\/\"},{\"@type\":\"ListItem\",\"position\":2,\"name\":\"Se concertan beneficios entre la Gobernaci\u00f3n de Nari\u00f1o y funcionarios del Sindicato Sintragobernar\"}]},{\"@type\":\"WebSite\",\"@id\":\"https:\/\/pagina10.com\/web\/#website\",\"url\":\"https:\/\/pagina10.com\/web\/\",\"name\":\"P\u00e1gina10\",\"description\":\"Peri\u00f3dico Regional\",\"publisher\":{\"@id\":\"https:\/\/pagina10.com\/web\/#organization\"},\"alternateName\":\"P\u00e1gina10 Peri\u00f3dico Regional\",\"potentialAction\":[{\"@type\":\"SearchAction\",\"target\":{\"@type\":\"EntryPoint\",\"urlTemplate\":\"https:\/\/pagina10.com\/web\/?s={search_term_string}\"},\"query-input\":{\"@type\":\"PropertyValueSpecification\",\"valueRequired\":true,\"valueName\":\"search_term_string\"}}],\"inLanguage\":\"es\"},{\"@type\":\"Organization\",\"@id\":\"https:\/\/pagina10.com\/web\/#organization\",\"name\":\"P\u00e1gina10\",\"alternateName\":\"P\u00e1gina10 Peri\u00f3dico Regional\",\"url\":\"https:\/\/pagina10.com\/web\/\",\"logo\":{\"@type\":\"ImageObject\",\"inLanguage\":\"es\",\"@id\":\"https:\/\/pagina10.com\/web\/#\/schema\/logo\/image\/\",\"url\":\"https:\/\/pagina10.com\/web\/wp-content\/uploads\/2024\/01\/40-pagina-10-periodico-regional-pasto.jpg\",\"contentUrl\":\"https:\/\/pagina10.com\/web\/wp-content\/uploads\/2024\/01\/40-pagina-10-periodico-regional-pasto.jpg\",\"width\":1280,\"height\":720,\"caption\":\"P\u00e1gina10\"},\"image\":{\"@id\":\"https:\/\/pagina10.com\/web\/#\/schema\/logo\/image\/\"},\"sameAs\":[\"https:\/\/www.facebook.com\/pag10com\",\"https:\/\/x.com\/Pag10com\",\"https:\/\/www.instagram.com\/pagina10col\/\",\"https:\/\/youtube.com\/channel\/pag10\",\"https:\/\/www.tiktok.com\/@p10col\"]},{\"@type\":\"Person\",\"@id\":\"https:\/\/pagina10.com\/web\/#\/schema\/person\/2efc4a090d25b667d3bc796798a3a81b\",\"name\":\"P\u00e1gina 10\",\"description\":\"P\u00e1gina 10 es un peri\u00f3dico regional que nace en Colombia, en el departamento de Nari\u00f1o, con un enfoque global, fundamentado en cuatro pilares esenciales: la libertad, el pluralismo, la inclusi\u00f3n y la independencia. P\u00e1gina 10 hace referencia a Nari\u00f1o como el d\u00e9cimo departamento creado en Colombia, despu\u00e9s de un proceso pol\u00edtico liderado por actores y actrices regionales con el fin de obtener la independencia y autonom\u00eda de nuestros territorios. Con la creaci\u00f3n de P\u00e1gina 10 se pretende abrir un escenario para el dialogo, la reflexi\u00f3n y el debate que se extienda a otras geograf\u00edas de Am\u00e9rica Latina y del planeta, en una apuesta por transformar colectivamente los desaf\u00edos de un mundo contempor\u00e1neo, m\u00e1s all\u00e1 de las fronteras impuestas.\",\"url\":\"https:\/\/pagina10.com\/web\/author\/pdiezadmin\/\"}]}<\/script>\n<!-- \/ Yoast SEO plugin. -->","yoast_head_json":{"title":"Se concertan beneficios entre la Gobernaci\u00f3n de Nari\u00f1o y funcionarios del Sindicato Sintragobernar | P\u00e1gina10","robots":{"index":"index","follow":"follow","max-snippet":"max-snippet:-1","max-image-preview":"max-image-preview:large","max-video-preview":"max-video-preview:-1"},"canonical":"https:\/\/pagina10.com\/web\/se-concertan-beneficios-entre-la-gobernacion-de-narino-y-funcionarios-del-sindicato-sintragobernar\/","og_locale":"es_ES","og_type":"article","og_title":"Se concertan beneficios entre la Gobernaci\u00f3n de Nari\u00f1o y funcionarios del Sindicato Sintragobernar | P\u00e1gina10","og_description":"En un ejercicio de di\u00e1logo y concertaci\u00f3n entre el Gobernador de Nari\u00f1o, Jhon Rojas, y los trabajadores del sindicato Sintragobernar se acord\u00f3 la inversi\u00f3n de m\u00e1s de $1.000 millones en acciones que beneficiar\u00e1n a las y los funcionarios de la Gobernaci\u00f3n de Nari\u00f1o y sus familias. Como muestra del valor que la Administraci\u00f3n Departamental le [&hellip;]","og_url":"https:\/\/pagina10.com\/web\/se-concertan-beneficios-entre-la-gobernacion-de-narino-y-funcionarios-del-sindicato-sintragobernar\/","og_site_name":"P\u00e1gina10","article_publisher":"https:\/\/www.facebook.com\/pag10com","article_published_time":"2022-03-25T04:40:28+00:00","og_image":[{"width":710,"height":282,"url":"https:\/\/pagina10.com\/web\/wp-content\/uploads\/2022\/03\/Captura-de-Pantalla-2022-03-24-a-las-11.39.31-p.-m..png","type":"image\/png"}],"author":"P\u00e1gina 10","twitter_card":"summary_large_image","twitter_creator":"@Pag10com","twitter_site":"@Pag10com","twitter_misc":{"Escrito por":"P\u00e1gina 10","Tiempo de lectura":"1 minuto"},"schema":{"@context":"https:\/\/schema.org","@graph":[{"@type":"Article","@id":"https:\/\/pagina10.com\/web\/se-concertan-beneficios-entre-la-gobernacion-de-narino-y-funcionarios-del-sindicato-sintragobernar\/#article","isPartOf":{"@id":"https:\/\/pagina10.com\/web\/se-concertan-beneficios-entre-la-gobernacion-de-narino-y-funcionarios-del-sindicato-sintragobernar\/"},"author":{"name":"P\u00e1gina 10","@id":"https:\/\/pagina10.com\/web\/#\/schema\/person\/2efc4a090d25b667d3bc796798a3a81b"},"headline":"Se concertan beneficios entre la Gobernaci\u00f3n de Nari\u00f1o y funcionarios del Sindicato Sintragobernar","datePublished":"2022-03-25T04:40:28+00:00","mainEntityOfPage":{"@id":"https:\/\/pagina10.com\/web\/se-concertan-beneficios-entre-la-gobernacion-de-narino-y-funcionarios-del-sindicato-sintragobernar\/"},"wordCount":245,"commentCount":0,"publisher":{"@id":"https:\/\/pagina10.com\/web\/#organization"},"image":{"@id":"https:\/\/pagina10.com\/web\/se-concertan-beneficios-entre-la-gobernacion-de-narino-y-funcionarios-del-sindicato-sintragobernar\/#primaryimage"},"thumbnailUrl":"https:\/\/pagina10.com\/web\/wp-content\/uploads\/2022\/03\/Captura-de-Pantalla-2022-03-24-a-las-11.39.31-p.-m..png","articleSection":["Regiones"],"inLanguage":"es","potentialAction":[{"@type":"CommentAction","name":"Comment","target":["https:\/\/pagina10.com\/web\/se-concertan-beneficios-entre-la-gobernacion-de-narino-y-funcionarios-del-sindicato-sintragobernar\/#respond"]}]},{"@type":"WebPage","@id":"https:\/\/pagina10.com\/web\/se-concertan-beneficios-entre-la-gobernacion-de-narino-y-funcionarios-del-sindicato-sintragobernar\/","url":"https:\/\/pagina10.com\/web\/se-concertan-beneficios-entre-la-gobernacion-de-narino-y-funcionarios-del-sindicato-sintragobernar\/","name":"Se concertan beneficios entre la Gobernaci\u00f3n de Nari\u00f1o y funcionarios del Sindicato Sintragobernar | P\u00e1gina10","isPartOf":{"@id":"https:\/\/pagina10.com\/web\/#website"},"primaryImageOfPage":{"@id":"https:\/\/pagina10.com\/web\/se-concertan-beneficios-entre-la-gobernacion-de-narino-y-funcionarios-del-sindicato-sintragobernar\/#primaryimage"},"image":{"@id":"https:\/\/pagina10.com\/web\/se-concertan-beneficios-entre-la-gobernacion-de-narino-y-funcionarios-del-sindicato-sintragobernar\/#primaryimage"},"thumbnailUrl":"https:\/\/pagina10.com\/web\/wp-content\/uploads\/2022\/03\/Captura-de-Pantalla-2022-03-24-a-las-11.39.31-p.-m..png","datePublished":"2022-03-25T04:40:28+00:00","breadcrumb":{"@id":"https:\/\/pagina10.com\/web\/se-concertan-beneficios-entre-la-gobernacion-de-narino-y-funcionarios-del-sindicato-sintragobernar\/#breadcrumb"},"inLanguage":"es","potentialAction":[{"@type":"ReadAction","target":["https:\/\/pagina10.com\/web\/se-concertan-beneficios-entre-la-gobernacion-de-narino-y-funcionarios-del-sindicato-sintragobernar\/"]}]},{"@type":"ImageObject","inLanguage":"es","@id":"https:\/\/pagina10.com\/web\/se-concertan-beneficios-entre-la-gobernacion-de-narino-y-funcionarios-del-sindicato-sintragobernar\/#primaryimage","url":"https:\/\/pagina10.com\/web\/wp-content\/uploads\/2022\/03\/Captura-de-Pantalla-2022-03-24-a-las-11.39.31-p.-m..png","contentUrl":"https:\/\/pagina10.com\/web\/wp-content\/uploads\/2022\/03\/Captura-de-Pantalla-2022-03-24-a-las-11.39.31-p.-m..png","width":710,"height":282},{"@type":"BreadcrumbList","@id":"https:\/\/pagina10.com\/web\/se-concertan-beneficios-entre-la-gobernacion-de-narino-y-funcionarios-del-sindicato-sintragobernar\/#breadcrumb","itemListElement":[{"@type":"ListItem","position":1,"name":"Portada","item":"https:\/\/pagina10.com\/web\/"},{"@type":"ListItem","position":2,"name":"Se concertan beneficios entre la Gobernaci\u00f3n de Nari\u00f1o y funcionarios del Sindicato Sintragobernar"}]},{"@type":"WebSite","@id":"https:\/\/pagina10.com\/web\/#website","url":"https:\/\/pagina10.com\/web\/","name":"P\u00e1gina10","description":"Peri\u00f3dico Regional","publisher":{"@id":"https:\/\/pagina10.com\/web\/#organization"},"alternateName":"P\u00e1gina10 Peri\u00f3dico Regional","potentialAction":[{"@type":"SearchAction","target":{"@type":"EntryPoint","urlTemplate":"https:\/\/pagina10.com\/web\/?s={search_term_string}"},"query-input":{"@type":"PropertyValueSpecification","valueRequired":true,"valueName":"search_term_string"}}],"inLanguage":"es"},{"@type":"Organization","@id":"https:\/\/pagina10.com\/web\/#organization","name":"P\u00e1gina10","alternateName":"P\u00e1gina10 Peri\u00f3dico Regional","url":"https:\/\/pagina10.com\/web\/","logo":{"@type":"ImageObject","inLanguage":"es","@id":"https:\/\/pagina10.com\/web\/#\/schema\/logo\/image\/","url":"https:\/\/pagina10.com\/web\/wp-content\/uploads\/2024\/01\/40-pagina-10-periodico-regional-pasto.jpg","contentUrl":"https:\/\/pagina10.com\/web\/wp-content\/uploads\/2024\/01\/40-pagina-10-periodico-regional-pasto.jpg","width":1280,"height":720,"caption":"P\u00e1gina10"},"image":{"@id":"https:\/\/pagina10.com\/web\/#\/schema\/logo\/image\/"},"sameAs":["https:\/\/www.facebook.com\/pag10com","https:\/\/x.com\/Pag10com","https:\/\/www.instagram.com\/pagina10col\/","https:\/\/youtube.com\/channel\/pag10","https:\/\/www.tiktok.com\/@p10col"]},{"@type":"Person","@id":"https:\/\/pagina10.com\/web\/#\/schema\/person\/2efc4a090d25b667d3bc796798a3a81b","name":"P\u00e1gina 10","description":"P\u00e1gina 10 es un peri\u00f3dico regional que nace en Colombia, en el departamento de Nari\u00f1o, con un enfoque global, fundamentado en cuatro pilares esenciales: la libertad, el pluralismo, la inclusi\u00f3n y la independencia. P\u00e1gina 10 hace referencia a Nari\u00f1o como el d\u00e9cimo departamento creado en Colombia, despu\u00e9s de un proceso pol\u00edtico liderado por actores y actrices regionales con el fin de obtener la independencia y autonom\u00eda de nuestros territorios. Con la creaci\u00f3n de P\u00e1gina 10 se pretende abrir un escenario para el dialogo, la reflexi\u00f3n y el debate que se extienda a otras geograf\u00edas de Am\u00e9rica Latina y del planeta, en una apuesta por transformar colectivamente los desaf\u00edos de un mundo contempor\u00e1neo, m\u00e1s all\u00e1 de las fronteras impuestas.","url":"https:\/\/pagina10.com\/web\/author\/pdiezadmin\/"}]}},"_links":{"self":[{"href":"https:\/\/pagina10.com\/web\/wp-json\/wp\/v2\/posts\/58743","targetHints":{"allow":["GET"]}}],"collection":[{"href":"https:\/\/pagina10.com\/web\/wp-json\/wp\/v2\/posts"}],"about":[{"href":"https:\/\/pagina10.com\/web\/wp-json\/wp\/v2\/types\/post"}],"author":[{"embeddable":true,"href":"https:\/\/pagina10.com\/web\/wp-json\/wp\/v2\/users\/1"}],"replies":[{"embeddable":true,"href":"https:\/\/pagina10.com\/web\/wp-json\/wp\/v2\/comments?post=58743"}],"version-history":[{"count":1,"href":"https:\/\/pagina10.com\/web\/wp-json\/wp\/v2\/posts\/58743\/revisions"}],"predecessor-version":[{"id":58745,"href":"https:\/\/pagina10.com\/web\/wp-json\/wp\/v2\/posts\/58743\/revisions\/58745"}],"wp:featuredmedia":[{"embeddable":true,"href":"https:\/\/pagina10.com\/web\/wp-json\/wp\/v2\/media\/58744"}],"wp:attachment":[{"href":"https:\/\/pagina10.com\/web\/wp-json\/wp\/v2\/media?parent=58743"}],"wp:term":[{"taxonomy":"category","embeddable":true,"href":"https:\/\/pagina10.com\/web\/wp-json\/wp\/v2\/categories?post=58743"},{"taxonomy":"post_tag","embeddable":true,"href":"https:\/\/pagina10.com\/web\/wp-json\/wp\/v2\/tags?post=58743"}],"curies":[{"name":"wp","href":"https:\/\/api.w.org\/{rel}","templated":true}]}}