{"id":58793,"date":"2022-03-28T16:18:00","date_gmt":"2022-03-28T21:18:00","guid":{"rendered":"https:\/\/pagina10.com\/web\/?p=58793"},"modified":"2022-03-28T16:18:00","modified_gmt":"2022-03-28T21:18:00","slug":"renueva-tu-matricula-mercantil-y-continua-siendo-un-empresario-exitoso","status":"publish","type":"post","link":"https:\/\/pagina10.com\/web\/renueva-tu-matricula-mercantil-y-continua-siendo-un-empresario-exitoso\/","title":{"rendered":"Renueva tu matr\u00edcula mercantil y contin\u00faa siendo un empresario exitoso"},"content":{"rendered":"<p style=\"text-align: justify;\">La C\u00e1mara de Comercio de Pasto invita a los empresarios, comerciantes y emprendedores a realizar la renovaci\u00f3n de su matr\u00edcula mercantil hasta el 31 de marzo del a\u00f1o en curso para continuar protegiendo sus actividades comerciales.<\/p>\n<p style=\"text-align: justify;\">\n<p style=\"text-align: justify;\">Recordamos que la renovaci\u00f3n presenta grandes beneficios en los programas que\u00a0buscan el fortalecimiento de las empresas y unidades de negocios en el\u00a0departamento de Nari\u00f1o, como la ayuda al fortalecimiento de la base empresarial\u00a0ante la jurisdicci\u00f3n de la C\u00e1mara de Comercio y el acceso a las estrategias que el Gobierno Nacional tiene para el territorio.<\/p>\n<p style=\"text-align: justify;\">\n<p style=\"text-align: justify;\">Los grandes beneficios por ser un empresario formal son: hacer visible su\u00a0empresa para los clientes, hacer p\u00fablica su calidad de empresario, proteger el\u00a0nombre de su empresa y la legitimidad de su negocio, participar en licitaciones y\u00a0procesos del estado, participar de forma gratuita en capacitaciones, foros y ferias.<\/p>\n<p style=\"text-align: justify;\">Podr\u00e1 tener entrada al sistema financiero y a la obtenci\u00f3n de cr\u00e9ditos, acceso a\u00a0recursos no reembolsables con Banc\u00f3ldex, Innpulsa y fondo Emprender \u2013 SENA,\u00a0adem\u00e1s de tener seguridad jur\u00eddica.<\/p>\n<p style=\"text-align: justify;\">\n<p style=\"text-align: justify;\">Le recordamos nuestros horarios y modalidades de atenci\u00f3n en sedes y seccionales de la C\u00e1mara de Comercio de Pasto:<\/p>\n<p style=\"text-align: justify;\">\n<ol style=\"text-align: justify;\">\n<li>Desde el 22 hasta el 31 de marzo: de 8:00 a.m. hasta las 6:00 p.m. en jornada continua.<\/li>\n<\/ol>\n<p style=\"text-align: justify;\">\n<ol style=\"text-align: justify;\" start=\"2\">\n<li>Tome su turno y renueve en nuestras instalaciones de la calle 18 N\u00b0 28 \u2013 84 o en la Sede Sur: Av. Champagnat N\u00b0 14 \u2013 57<\/li>\n<\/ol>\n<p style=\"text-align: justify;\">\n<ol style=\"text-align: justify;\" start=\"3\">\n<li>Para evitar aglomeraciones puede hacerlo de manera virtual ingresando a la p\u00e1gina https:\/\/www.ccpasto.org.co\/servicios\/servicios-en-linea\/<\/li>\n<\/ol>\n<p style=\"text-align: justify;\">\n<ol style=\"text-align: justify;\" start=\"4\">\n<li>Por su comodidad, bienestar y seguridad programe su cita de manera gratuita a trav\u00e9s de: http:\/\/170.247.0.174:9415\/frmInicioUsuarios.aspx<\/li>\n<\/ol>\n<p style=\"text-align: justify;\">\n<p style=\"text-align: justify;\">Recuerda renovar tu matr\u00edcula mercantil hasta el 31 de marzo y contin\u00faa siendo un empresario formal.<\/p>\n","protected":false},"excerpt":{"rendered":"<p>La C\u00e1mara de Comercio de Pasto invita a los empresarios, comerciantes y emprendedores a realizar la renovaci\u00f3n de su matr\u00edcula mercantil hasta el 31 de marzo del a\u00f1o en curso para continuar protegiendo sus actividades comerciales. Recordamos que la renovaci\u00f3n presenta grandes beneficios en los programas que\u00a0buscan el fortalecimiento de las empresas y unidades de [&hellip;]<\/p>\n","protected":false},"author":1,"featured_media":58794,"comment_status":"open","ping_status":"open","sticky":false,"template":"","format":"standard","meta":{"footnotes":""},"categories":[13],"tags":[],"class_list":["post-58793","post","type-post","status-publish","format-standard","has-post-thumbnail","hentry","category-economia"],"yoast_head":"<!-- This site is optimized with the Yoast SEO plugin v27.1.1 - https:\/\/yoast.com\/product\/yoast-seo-wordpress\/ -->\n<title>Renueva tu matr\u00edcula mercantil y contin\u00faa siendo un empresario exitoso | P\u00e1gina10<\/title>\n<meta name=\"robots\" content=\"index, follow, max-snippet:-1, max-image-preview:large, max-video-preview:-1\" \/>\n<link rel=\"canonical\" href=\"https:\/\/pagina10.com\/web\/renueva-tu-matricula-mercantil-y-continua-siendo-un-empresario-exitoso\/\" \/>\n<meta property=\"og:locale\" content=\"es_ES\" \/>\n<meta property=\"og:type\" content=\"article\" \/>\n<meta property=\"og:title\" content=\"Renueva tu matr\u00edcula mercantil y contin\u00faa siendo un empresario exitoso | P\u00e1gina10\" \/>\n<meta property=\"og:description\" content=\"La C\u00e1mara de Comercio de Pasto invita a los empresarios, comerciantes y emprendedores a realizar la renovaci\u00f3n de su matr\u00edcula mercantil hasta el 31 de marzo del a\u00f1o en curso para continuar protegiendo sus actividades comerciales. Recordamos que la renovaci\u00f3n presenta grandes beneficios en los programas que\u00a0buscan el fortalecimiento de las empresas y unidades de [&hellip;]\" \/>\n<meta property=\"og:url\" content=\"https:\/\/pagina10.com\/web\/renueva-tu-matricula-mercantil-y-continua-siendo-un-empresario-exitoso\/\" \/>\n<meta property=\"og:site_name\" content=\"P\u00e1gina10\" \/>\n<meta property=\"article:publisher\" content=\"https:\/\/www.facebook.com\/pag10com\" \/>\n<meta property=\"article:published_time\" content=\"2022-03-28T21:18:00+00:00\" \/>\n<meta property=\"og:image\" content=\"https:\/\/pagina10.com\/web\/wp-content\/uploads\/2022\/03\/Captura-de-Pantalla-2022-03-28-a-las-4.15.35-p.-m..png\" \/>\n\t<meta property=\"og:image:width\" content=\"356\" \/>\n\t<meta property=\"og:image:height\" content=\"347\" \/>\n\t<meta property=\"og:image:type\" content=\"image\/png\" \/>\n<meta name=\"author\" content=\"P\u00e1gina 10\" \/>\n<meta name=\"twitter:card\" content=\"summary_large_image\" \/>\n<meta name=\"twitter:creator\" content=\"@Pag10com\" \/>\n<meta name=\"twitter:site\" content=\"@Pag10com\" \/>\n<meta name=\"twitter:label1\" content=\"Escrito por\" \/>\n\t<meta name=\"twitter:data1\" content=\"P\u00e1gina 10\" \/>\n\t<meta name=\"twitter:label2\" content=\"Tiempo de lectura\" \/>\n\t<meta name=\"twitter:data2\" content=\"1 minuto\" \/>\n<script type=\"application\/ld+json\" class=\"yoast-schema-graph\">{\"@context\":\"https:\/\/schema.org\",\"@graph\":[{\"@type\":\"Article\",\"@id\":\"https:\/\/pagina10.com\/web\/renueva-tu-matricula-mercantil-y-continua-siendo-un-empresario-exitoso\/#article\",\"isPartOf\":{\"@id\":\"https:\/\/pagina10.com\/web\/renueva-tu-matricula-mercantil-y-continua-siendo-un-empresario-exitoso\/\"},\"author\":{\"name\":\"P\u00e1gina 10\",\"@id\":\"https:\/\/pagina10.com\/web\/#\/schema\/person\/2efc4a090d25b667d3bc796798a3a81b\"},\"headline\":\"Renueva tu matr\u00edcula mercantil y contin\u00faa siendo un empresario exitoso\",\"datePublished\":\"2022-03-28T21:18:00+00:00\",\"mainEntityOfPage\":{\"@id\":\"https:\/\/pagina10.com\/web\/renueva-tu-matricula-mercantil-y-continua-siendo-un-empresario-exitoso\/\"},\"wordCount\":310,\"commentCount\":0,\"publisher\":{\"@id\":\"https:\/\/pagina10.com\/web\/#organization\"},\"image\":{\"@id\":\"https:\/\/pagina10.com\/web\/renueva-tu-matricula-mercantil-y-continua-siendo-un-empresario-exitoso\/#primaryimage\"},\"thumbnailUrl\":\"https:\/\/pagina10.com\/web\/wp-content\/uploads\/2022\/03\/Captura-de-Pantalla-2022-03-28-a-las-4.15.35-p.-m..png\",\"articleSection\":[\"Econom\u00eda\"],\"inLanguage\":\"es\",\"potentialAction\":[{\"@type\":\"CommentAction\",\"name\":\"Comment\",\"target\":[\"https:\/\/pagina10.com\/web\/renueva-tu-matricula-mercantil-y-continua-siendo-un-empresario-exitoso\/#respond\"]}]},{\"@type\":\"WebPage\",\"@id\":\"https:\/\/pagina10.com\/web\/renueva-tu-matricula-mercantil-y-continua-siendo-un-empresario-exitoso\/\",\"url\":\"https:\/\/pagina10.com\/web\/renueva-tu-matricula-mercantil-y-continua-siendo-un-empresario-exitoso\/\",\"name\":\"Renueva tu matr\u00edcula mercantil y contin\u00faa siendo un empresario exitoso | P\u00e1gina10\",\"isPartOf\":{\"@id\":\"https:\/\/pagina10.com\/web\/#website\"},\"primaryImageOfPage\":{\"@id\":\"https:\/\/pagina10.com\/web\/renueva-tu-matricula-mercantil-y-continua-siendo-un-empresario-exitoso\/#primaryimage\"},\"image\":{\"@id\":\"https:\/\/pagina10.com\/web\/renueva-tu-matricula-mercantil-y-continua-siendo-un-empresario-exitoso\/#primaryimage\"},\"thumbnailUrl\":\"https:\/\/pagina10.com\/web\/wp-content\/uploads\/2022\/03\/Captura-de-Pantalla-2022-03-28-a-las-4.15.35-p.-m..png\",\"datePublished\":\"2022-03-28T21:18:00+00:00\",\"breadcrumb\":{\"@id\":\"https:\/\/pagina10.com\/web\/renueva-tu-matricula-mercantil-y-continua-siendo-un-empresario-exitoso\/#breadcrumb\"},\"inLanguage\":\"es\",\"potentialAction\":[{\"@type\":\"ReadAction\",\"target\":[\"https:\/\/pagina10.com\/web\/renueva-tu-matricula-mercantil-y-continua-siendo-un-empresario-exitoso\/\"]}]},{\"@type\":\"ImageObject\",\"inLanguage\":\"es\",\"@id\":\"https:\/\/pagina10.com\/web\/renueva-tu-matricula-mercantil-y-continua-siendo-un-empresario-exitoso\/#primaryimage\",\"url\":\"https:\/\/pagina10.com\/web\/wp-content\/uploads\/2022\/03\/Captura-de-Pantalla-2022-03-28-a-las-4.15.35-p.-m..png\",\"contentUrl\":\"https:\/\/pagina10.com\/web\/wp-content\/uploads\/2022\/03\/Captura-de-Pantalla-2022-03-28-a-las-4.15.35-p.-m..png\",\"width\":356,\"height\":347},{\"@type\":\"BreadcrumbList\",\"@id\":\"https:\/\/pagina10.com\/web\/renueva-tu-matricula-mercantil-y-continua-siendo-un-empresario-exitoso\/#breadcrumb\",\"itemListElement\":[{\"@type\":\"ListItem\",\"position\":1,\"name\":\"Portada\",\"item\":\"https:\/\/pagina10.com\/web\/\"},{\"@type\":\"ListItem\",\"position\":2,\"name\":\"Renueva tu matr\u00edcula mercantil y contin\u00faa siendo un empresario exitoso\"}]},{\"@type\":\"WebSite\",\"@id\":\"https:\/\/pagina10.com\/web\/#website\",\"url\":\"https:\/\/pagina10.com\/web\/\",\"name\":\"P\u00e1gina10\",\"description\":\"Peri\u00f3dico Regional\",\"publisher\":{\"@id\":\"https:\/\/pagina10.com\/web\/#organization\"},\"alternateName\":\"P\u00e1gina10 Peri\u00f3dico Regional\",\"potentialAction\":[{\"@type\":\"SearchAction\",\"target\":{\"@type\":\"EntryPoint\",\"urlTemplate\":\"https:\/\/pagina10.com\/web\/?s={search_term_string}\"},\"query-input\":{\"@type\":\"PropertyValueSpecification\",\"valueRequired\":true,\"valueName\":\"search_term_string\"}}],\"inLanguage\":\"es\"},{\"@type\":\"Organization\",\"@id\":\"https:\/\/pagina10.com\/web\/#organization\",\"name\":\"P\u00e1gina10\",\"alternateName\":\"P\u00e1gina10 Peri\u00f3dico Regional\",\"url\":\"https:\/\/pagina10.com\/web\/\",\"logo\":{\"@type\":\"ImageObject\",\"inLanguage\":\"es\",\"@id\":\"https:\/\/pagina10.com\/web\/#\/schema\/logo\/image\/\",\"url\":\"https:\/\/pagina10.com\/web\/wp-content\/uploads\/2024\/01\/40-pagina-10-periodico-regional-pasto.jpg\",\"contentUrl\":\"https:\/\/pagina10.com\/web\/wp-content\/uploads\/2024\/01\/40-pagina-10-periodico-regional-pasto.jpg\",\"width\":1280,\"height\":720,\"caption\":\"P\u00e1gina10\"},\"image\":{\"@id\":\"https:\/\/pagina10.com\/web\/#\/schema\/logo\/image\/\"},\"sameAs\":[\"https:\/\/www.facebook.com\/pag10com\",\"https:\/\/x.com\/Pag10com\",\"https:\/\/www.instagram.com\/pagina10col\/\",\"https:\/\/youtube.com\/channel\/pag10\",\"https:\/\/www.tiktok.com\/@p10col\"]},{\"@type\":\"Person\",\"@id\":\"https:\/\/pagina10.com\/web\/#\/schema\/person\/2efc4a090d25b667d3bc796798a3a81b\",\"name\":\"P\u00e1gina 10\",\"description\":\"P\u00e1gina 10 es un peri\u00f3dico regional que nace en Colombia, en el departamento de Nari\u00f1o, con un enfoque global, fundamentado en cuatro pilares esenciales: la libertad, el pluralismo, la inclusi\u00f3n y la independencia. P\u00e1gina 10 hace referencia a Nari\u00f1o como el d\u00e9cimo departamento creado en Colombia, despu\u00e9s de un proceso pol\u00edtico liderado por actores y actrices regionales con el fin de obtener la independencia y autonom\u00eda de nuestros territorios. Con la creaci\u00f3n de P\u00e1gina 10 se pretende abrir un escenario para el dialogo, la reflexi\u00f3n y el debate que se extienda a otras geograf\u00edas de Am\u00e9rica Latina y del planeta, en una apuesta por transformar colectivamente los desaf\u00edos de un mundo contempor\u00e1neo, m\u00e1s all\u00e1 de las fronteras impuestas.\",\"url\":\"https:\/\/pagina10.com\/web\/author\/pdiezadmin\/\"}]}<\/script>\n<!-- \/ Yoast SEO plugin. -->","yoast_head_json":{"title":"Renueva tu matr\u00edcula mercantil y contin\u00faa siendo un empresario exitoso | P\u00e1gina10","robots":{"index":"index","follow":"follow","max-snippet":"max-snippet:-1","max-image-preview":"max-image-preview:large","max-video-preview":"max-video-preview:-1"},"canonical":"https:\/\/pagina10.com\/web\/renueva-tu-matricula-mercantil-y-continua-siendo-un-empresario-exitoso\/","og_locale":"es_ES","og_type":"article","og_title":"Renueva tu matr\u00edcula mercantil y contin\u00faa siendo un empresario exitoso | P\u00e1gina10","og_description":"La C\u00e1mara de Comercio de Pasto invita a los empresarios, comerciantes y emprendedores a realizar la renovaci\u00f3n de su matr\u00edcula mercantil hasta el 31 de marzo del a\u00f1o en curso para continuar protegiendo sus actividades comerciales. Recordamos que la renovaci\u00f3n presenta grandes beneficios en los programas que\u00a0buscan el fortalecimiento de las empresas y unidades de [&hellip;]","og_url":"https:\/\/pagina10.com\/web\/renueva-tu-matricula-mercantil-y-continua-siendo-un-empresario-exitoso\/","og_site_name":"P\u00e1gina10","article_publisher":"https:\/\/www.facebook.com\/pag10com","article_published_time":"2022-03-28T21:18:00+00:00","og_image":[{"width":356,"height":347,"url":"https:\/\/pagina10.com\/web\/wp-content\/uploads\/2022\/03\/Captura-de-Pantalla-2022-03-28-a-las-4.15.35-p.-m..png","type":"image\/png"}],"author":"P\u00e1gina 10","twitter_card":"summary_large_image","twitter_creator":"@Pag10com","twitter_site":"@Pag10com","twitter_misc":{"Escrito por":"P\u00e1gina 10","Tiempo de lectura":"1 minuto"},"schema":{"@context":"https:\/\/schema.org","@graph":[{"@type":"Article","@id":"https:\/\/pagina10.com\/web\/renueva-tu-matricula-mercantil-y-continua-siendo-un-empresario-exitoso\/#article","isPartOf":{"@id":"https:\/\/pagina10.com\/web\/renueva-tu-matricula-mercantil-y-continua-siendo-un-empresario-exitoso\/"},"author":{"name":"P\u00e1gina 10","@id":"https:\/\/pagina10.com\/web\/#\/schema\/person\/2efc4a090d25b667d3bc796798a3a81b"},"headline":"Renueva tu matr\u00edcula mercantil y contin\u00faa siendo un empresario exitoso","datePublished":"2022-03-28T21:18:00+00:00","mainEntityOfPage":{"@id":"https:\/\/pagina10.com\/web\/renueva-tu-matricula-mercantil-y-continua-siendo-un-empresario-exitoso\/"},"wordCount":310,"commentCount":0,"publisher":{"@id":"https:\/\/pagina10.com\/web\/#organization"},"image":{"@id":"https:\/\/pagina10.com\/web\/renueva-tu-matricula-mercantil-y-continua-siendo-un-empresario-exitoso\/#primaryimage"},"thumbnailUrl":"https:\/\/pagina10.com\/web\/wp-content\/uploads\/2022\/03\/Captura-de-Pantalla-2022-03-28-a-las-4.15.35-p.-m..png","articleSection":["Econom\u00eda"],"inLanguage":"es","potentialAction":[{"@type":"CommentAction","name":"Comment","target":["https:\/\/pagina10.com\/web\/renueva-tu-matricula-mercantil-y-continua-siendo-un-empresario-exitoso\/#respond"]}]},{"@type":"WebPage","@id":"https:\/\/pagina10.com\/web\/renueva-tu-matricula-mercantil-y-continua-siendo-un-empresario-exitoso\/","url":"https:\/\/pagina10.com\/web\/renueva-tu-matricula-mercantil-y-continua-siendo-un-empresario-exitoso\/","name":"Renueva tu matr\u00edcula mercantil y contin\u00faa siendo un empresario exitoso | P\u00e1gina10","isPartOf":{"@id":"https:\/\/pagina10.com\/web\/#website"},"primaryImageOfPage":{"@id":"https:\/\/pagina10.com\/web\/renueva-tu-matricula-mercantil-y-continua-siendo-un-empresario-exitoso\/#primaryimage"},"image":{"@id":"https:\/\/pagina10.com\/web\/renueva-tu-matricula-mercantil-y-continua-siendo-un-empresario-exitoso\/#primaryimage"},"thumbnailUrl":"https:\/\/pagina10.com\/web\/wp-content\/uploads\/2022\/03\/Captura-de-Pantalla-2022-03-28-a-las-4.15.35-p.-m..png","datePublished":"2022-03-28T21:18:00+00:00","breadcrumb":{"@id":"https:\/\/pagina10.com\/web\/renueva-tu-matricula-mercantil-y-continua-siendo-un-empresario-exitoso\/#breadcrumb"},"inLanguage":"es","potentialAction":[{"@type":"ReadAction","target":["https:\/\/pagina10.com\/web\/renueva-tu-matricula-mercantil-y-continua-siendo-un-empresario-exitoso\/"]}]},{"@type":"ImageObject","inLanguage":"es","@id":"https:\/\/pagina10.com\/web\/renueva-tu-matricula-mercantil-y-continua-siendo-un-empresario-exitoso\/#primaryimage","url":"https:\/\/pagina10.com\/web\/wp-content\/uploads\/2022\/03\/Captura-de-Pantalla-2022-03-28-a-las-4.15.35-p.-m..png","contentUrl":"https:\/\/pagina10.com\/web\/wp-content\/uploads\/2022\/03\/Captura-de-Pantalla-2022-03-28-a-las-4.15.35-p.-m..png","width":356,"height":347},{"@type":"BreadcrumbList","@id":"https:\/\/pagina10.com\/web\/renueva-tu-matricula-mercantil-y-continua-siendo-un-empresario-exitoso\/#breadcrumb","itemListElement":[{"@type":"ListItem","position":1,"name":"Portada","item":"https:\/\/pagina10.com\/web\/"},{"@type":"ListItem","position":2,"name":"Renueva tu matr\u00edcula mercantil y contin\u00faa siendo un empresario exitoso"}]},{"@type":"WebSite","@id":"https:\/\/pagina10.com\/web\/#website","url":"https:\/\/pagina10.com\/web\/","name":"P\u00e1gina10","description":"Peri\u00f3dico Regional","publisher":{"@id":"https:\/\/pagina10.com\/web\/#organization"},"alternateName":"P\u00e1gina10 Peri\u00f3dico Regional","potentialAction":[{"@type":"SearchAction","target":{"@type":"EntryPoint","urlTemplate":"https:\/\/pagina10.com\/web\/?s={search_term_string}"},"query-input":{"@type":"PropertyValueSpecification","valueRequired":true,"valueName":"search_term_string"}}],"inLanguage":"es"},{"@type":"Organization","@id":"https:\/\/pagina10.com\/web\/#organization","name":"P\u00e1gina10","alternateName":"P\u00e1gina10 Peri\u00f3dico Regional","url":"https:\/\/pagina10.com\/web\/","logo":{"@type":"ImageObject","inLanguage":"es","@id":"https:\/\/pagina10.com\/web\/#\/schema\/logo\/image\/","url":"https:\/\/pagina10.com\/web\/wp-content\/uploads\/2024\/01\/40-pagina-10-periodico-regional-pasto.jpg","contentUrl":"https:\/\/pagina10.com\/web\/wp-content\/uploads\/2024\/01\/40-pagina-10-periodico-regional-pasto.jpg","width":1280,"height":720,"caption":"P\u00e1gina10"},"image":{"@id":"https:\/\/pagina10.com\/web\/#\/schema\/logo\/image\/"},"sameAs":["https:\/\/www.facebook.com\/pag10com","https:\/\/x.com\/Pag10com","https:\/\/www.instagram.com\/pagina10col\/","https:\/\/youtube.com\/channel\/pag10","https:\/\/www.tiktok.com\/@p10col"]},{"@type":"Person","@id":"https:\/\/pagina10.com\/web\/#\/schema\/person\/2efc4a090d25b667d3bc796798a3a81b","name":"P\u00e1gina 10","description":"P\u00e1gina 10 es un peri\u00f3dico regional que nace en Colombia, en el departamento de Nari\u00f1o, con un enfoque global, fundamentado en cuatro pilares esenciales: la libertad, el pluralismo, la inclusi\u00f3n y la independencia. P\u00e1gina 10 hace referencia a Nari\u00f1o como el d\u00e9cimo departamento creado en Colombia, despu\u00e9s de un proceso pol\u00edtico liderado por actores y actrices regionales con el fin de obtener la independencia y autonom\u00eda de nuestros territorios. Con la creaci\u00f3n de P\u00e1gina 10 se pretende abrir un escenario para el dialogo, la reflexi\u00f3n y el debate que se extienda a otras geograf\u00edas de Am\u00e9rica Latina y del planeta, en una apuesta por transformar colectivamente los desaf\u00edos de un mundo contempor\u00e1neo, m\u00e1s all\u00e1 de las fronteras impuestas.","url":"https:\/\/pagina10.com\/web\/author\/pdiezadmin\/"}]}},"_links":{"self":[{"href":"https:\/\/pagina10.com\/web\/wp-json\/wp\/v2\/posts\/58793","targetHints":{"allow":["GET"]}}],"collection":[{"href":"https:\/\/pagina10.com\/web\/wp-json\/wp\/v2\/posts"}],"about":[{"href":"https:\/\/pagina10.com\/web\/wp-json\/wp\/v2\/types\/post"}],"author":[{"embeddable":true,"href":"https:\/\/pagina10.com\/web\/wp-json\/wp\/v2\/users\/1"}],"replies":[{"embeddable":true,"href":"https:\/\/pagina10.com\/web\/wp-json\/wp\/v2\/comments?post=58793"}],"version-history":[{"count":1,"href":"https:\/\/pagina10.com\/web\/wp-json\/wp\/v2\/posts\/58793\/revisions"}],"predecessor-version":[{"id":58795,"href":"https:\/\/pagina10.com\/web\/wp-json\/wp\/v2\/posts\/58793\/revisions\/58795"}],"wp:featuredmedia":[{"embeddable":true,"href":"https:\/\/pagina10.com\/web\/wp-json\/wp\/v2\/media\/58794"}],"wp:attachment":[{"href":"https:\/\/pagina10.com\/web\/wp-json\/wp\/v2\/media?parent=58793"}],"wp:term":[{"taxonomy":"category","embeddable":true,"href":"https:\/\/pagina10.com\/web\/wp-json\/wp\/v2\/categories?post=58793"},{"taxonomy":"post_tag","embeddable":true,"href":"https:\/\/pagina10.com\/web\/wp-json\/wp\/v2\/tags?post=58793"}],"curies":[{"name":"wp","href":"https:\/\/api.w.org\/{rel}","templated":true}]}}