{"id":58807,"date":"2022-03-29T23:22:41","date_gmt":"2022-03-30T04:22:41","guid":{"rendered":"https:\/\/pagina10.com\/web\/?p=58807"},"modified":"2022-03-29T23:22:41","modified_gmt":"2022-03-30T04:22:41","slug":"carta-a-gustavo-petro","status":"publish","type":"post","link":"https:\/\/pagina10.com\/web\/carta-a-gustavo-petro\/","title":{"rendered":"Carta a Gustavo Petro"},"content":{"rendered":"<p style=\"text-align: justify;\">Doctor Petro:<\/p>\n<p style=\"text-align: justify;\">\n<p style=\"text-align: justify;\">El pa\u00eds est\u00e1 viviendo un momento de gran esperanza ante la cercana posibilidad de que sea el pueblo colombiano el que se haga al poder: ser\u00eda uno de los sucesos m\u00e1s maravillosos en la historia republicana de nuestra naci\u00f3n. El respaldo a este programa de gobierno crece cada d\u00eda. La gente en los barrios y las veredas m\u00e1s apartadas se organiza en comit\u00e9s para sumar apoyos para hacer de este momento el suceso m\u00e1s grande de la que se conozca en nuestro pa\u00eds.<\/p>\n<p style=\"text-align: justify;\">\n<p style=\"text-align: justify;\">Cuando esto suceda, ser\u00e1 el pueblo el que salga a celebrar el triunfo en las plazas y las barriadas, agitando banderas tricolores y banderas de victoria. Colombia no ser\u00e1 igual que antes: empezar\u00e1 el momento de transici\u00f3n a un pa\u00eds m\u00e1s amable, donde las personas ser\u00e1n la prioridad y la educaci\u00f3n ser\u00e1 el instrumento de progreso de la sociedad; los campos volver\u00e1n a florecer porque la prioridad ser\u00e1 producir comida. Los r\u00edos empezar\u00e1n a recuperar su caudal y volver\u00e1n a ser cristalinos, porque es m\u00e1s importante proteger el agua para el consumo que la miner\u00eda voraz.<\/p>\n<p style=\"text-align: justify;\">\n<p style=\"text-align: justify;\">Estamos convencidos que el programa Colombia potencia mundial de la vida nos llevar\u00e1 a la sustituci\u00f3n paulatina de combustibles f\u00f3siles por energ\u00edas limpias, pasar de una econom\u00eda extractivista a una econom\u00eda productiva. Indudablemente que ese no ser\u00e1 un proyecto inmediato, llevar\u00e1 algunos a\u00f1os su implementaci\u00f3n, pero es el momento de despegar para replantear la relaci\u00f3n del ser humano con la naturaleza con la finalidad de garantizar la sostenibilidad.<\/p>\n<p style=\"text-align: justify;\">\n<p style=\"text-align: justify;\">Un factor fundamental de este programa conlleva a pensar en el enfoque de g\u00e9nero, es por ello el compromiso de hacer un gobierno con la participaci\u00f3n de la mujer de manera amplia, pero sobre todo impulsar una sociedad hacia una vida libre de violencias contra las mujeres y por la garant\u00eda efectiva de sus derechos sexuales y reproductivos.<\/p>\n<p style=\"text-align: justify;\">\n<p style=\"text-align: justify;\">El compromiso, en igual manera, se establece en hacer una democracia multicolor: pasar de la desigualdad a la justicia social. El 54 por ciento de la poblaci\u00f3n sufre inseguridad alimentaria y m\u00e1s de medio mill\u00f3n de ni\u00f1os desnutrici\u00f3n cr\u00f3nica y la desigualdad econ\u00f3mica perjudican a\u00fan m\u00e1s el desarrollo infantil.<\/p>\n<p style=\"text-align: justify;\">\n<p style=\"text-align: justify;\">Doctor Petro: estos compromisos, expresados aqu\u00ed en pocas palaras, son un gran reto para transformar el pa\u00eds. Se necesita de manera urgente empezar por acabar con la corrupci\u00f3n, que es uno de los mayores males que no permiten avanzar en bienestar para la gran mayor\u00eda de la poblaci\u00f3n, sobre todo los sectores marginales que reciben los peores coletazos por robos descarados, como el de la conectividad o el Plan de Alimentaci\u00f3n Escolar (PAE) de ni\u00f1os, ni\u00f1as y adolescentes. Los contratistas participan de un circulo vicioso de corrupci\u00f3n con el prop\u00f3sito de obtener jugosos \u201cdividendos\u201d, mediante mecanismos non sanctos, con los cuales se financian campa\u00f1as pol\u00edticas.<\/p>\n<p style=\"text-align: justify;\">\n<p style=\"text-align: justify;\">Estamos convencidos que las cosas no son f\u00e1ciles; nada de lo valioso podr\u00e1 hacerse con un denario, requiere del esfuerzo de toda Colombia con el liderazgo de una mente inteligente en el nombre de Gustavo Petro. Pero, claro, tenemos que prepararnos para sortear las celadas a las que nos tiene acostumbrado un r\u00e9gimen perverso que no quiere desprenderse de los manantiales del Estado, y que usufruct\u00faa sin piedad.<\/p>\n<p style=\"text-align: justify;\">\n<p style=\"text-align: justify;\">Vemos con esperanza esta oportunidad que tiene el pueblo colombiano de convertirse en alternativa de poder. Pero para atajar el paso de grandes multitudes, las \u00e9lites acuden a celadas como el enga\u00f1o, las mentiras y las difamaciones. A ellos no se les ocurre presentar propuestas de gobierno; ya sabemos que no les hace falta, porque su intenci\u00f3n es clara, seguir benefici\u00e1ndose de lo que no les pertenece y que el pueblo aguante hambre, como los ni\u00f1os de la Guajira.<\/p>\n<p style=\"text-align: justify;\">\n<p style=\"text-align: justify;\">Esta vez no ser\u00e1 como lo acontecido con Jorge Eli\u00e9cer Gait\u00e1n, Jaime Pardo Leal y Bernardo Jaramillo Ossa, quienes, con una oratoria conmovedora, logran encender la tea del conocimiento entre miles de personas en la plaza p\u00fablica, dispuestas a abrazar el nuevo pa\u00eds. Pero tambi\u00e9n el carisma de Carlos Pizarro Leong\u00f3mez, quien se la jug\u00f3 toda para hacer de Colombia un pa\u00eds en paz. \u00a0O la gran frustraci\u00f3n vivida por el pueblo colombiano, cuando el general Gustavo Rojas Pinilla, el 19 de abril de 1970, se fue a dormir como nuevo presidente de Colombia, y despert\u00f3 con un fraude electoral. Debemos estar alerta para que esto no vuelva a ocurrir.<\/p>\n<p style=\"text-align: justify;\">\n<p style=\"text-align: justify;\">En esta oportunidad, el pueblo colombiano no se da por vencido. Estamos muy pr\u00f3ximos para llegar al poder con uno de los l\u00edderes m\u00e1s brillantes que ha parido esta naci\u00f3n; es el l\u00edder que mejor interpreta la sed de cambio de la Colombia mancillada. Doctor Gustavo Petro, \u201c\u00a1salve usted la Patria!\u201d, el pueblo colombiano, como lo se\u00f1ala nuestra gesta hist\u00f3rica, est\u00e1 dispuesto a entregar hasta el \u00faltimo aliento para sellar nuestra lucha por la democracia.<\/p>\n<p style=\"text-align: justify;\">\n<p style=\"text-align: justify;\">Con sentimientos de respeto y admiraci\u00f3n,<\/p>\n<p style=\"text-align: justify;\">\n<p style=\"text-align: justify;\">An\u00edbal Ar\u00e9valo<\/p>\n<p style=\"text-align: justify;\">\n<p style=\"text-align: justify;\">\n<p style=\"text-align: justify;\">\n<p style=\"text-align: justify;\">\n","protected":false},"excerpt":{"rendered":"<p>Doctor Petro: El pa\u00eds est\u00e1 viviendo un momento de gran esperanza ante la cercana posibilidad de que sea el pueblo colombiano el que se haga al poder: ser\u00eda uno de los sucesos m\u00e1s maravillosos en la historia republicana de nuestra naci\u00f3n. El respaldo a este programa de gobierno crece cada d\u00eda. La gente en los [&hellip;]<\/p>\n","protected":false},"author":65,"featured_media":58808,"comment_status":"open","ping_status":"open","sticky":false,"template":"","format":"standard","meta":{"footnotes":""},"categories":[84],"tags":[],"class_list":["post-58807","post","type-post","status-publish","format-standard","has-post-thumbnail","hentry","category-global-2"],"yoast_head":"<!-- This site is optimized with the Yoast SEO plugin v27.1.1 - https:\/\/yoast.com\/product\/yoast-seo-wordpress\/ -->\n<title>Carta a Gustavo Petro | P\u00e1gina10<\/title>\n<meta name=\"robots\" content=\"index, follow, max-snippet:-1, max-image-preview:large, max-video-preview:-1\" \/>\n<link rel=\"canonical\" href=\"https:\/\/pagina10.com\/web\/carta-a-gustavo-petro\/\" \/>\n<meta property=\"og:locale\" content=\"es_ES\" \/>\n<meta property=\"og:type\" content=\"article\" \/>\n<meta property=\"og:title\" content=\"Carta a Gustavo Petro | P\u00e1gina10\" \/>\n<meta property=\"og:description\" content=\"Doctor Petro: El pa\u00eds est\u00e1 viviendo un momento de gran esperanza ante la cercana posibilidad de que sea el pueblo colombiano el que se haga al poder: ser\u00eda uno de los sucesos m\u00e1s maravillosos en la historia republicana de nuestra naci\u00f3n. El respaldo a este programa de gobierno crece cada d\u00eda. La gente en los [&hellip;]\" \/>\n<meta property=\"og:url\" content=\"https:\/\/pagina10.com\/web\/carta-a-gustavo-petro\/\" \/>\n<meta property=\"og:site_name\" content=\"P\u00e1gina10\" \/>\n<meta property=\"article:publisher\" content=\"https:\/\/www.facebook.com\/pag10com\" \/>\n<meta property=\"article:published_time\" content=\"2022-03-30T04:22:41+00:00\" \/>\n<meta property=\"og:image\" content=\"https:\/\/pagina10.com\/web\/wp-content\/uploads\/2022\/03\/Gustavo-Petro-1-1.jpg\" \/>\n\t<meta property=\"og:image:width\" content=\"980\" \/>\n\t<meta property=\"og:image:height\" content=\"528\" \/>\n\t<meta property=\"og:image:type\" content=\"image\/jpeg\" \/>\n<meta name=\"author\" content=\"Anibal Ar\u00e9valo Rosero\" \/>\n<meta name=\"twitter:card\" content=\"summary_large_image\" \/>\n<meta name=\"twitter:creator\" content=\"@Pag10com\" \/>\n<meta name=\"twitter:site\" content=\"@Pag10com\" \/>\n<meta name=\"twitter:label1\" content=\"Escrito por\" \/>\n\t<meta name=\"twitter:data1\" content=\"Anibal Ar\u00e9valo Rosero\" \/>\n\t<meta name=\"twitter:label2\" content=\"Tiempo de lectura\" \/>\n\t<meta name=\"twitter:data2\" content=\"4 minutos\" \/>\n<script type=\"application\/ld+json\" class=\"yoast-schema-graph\">{\"@context\":\"https:\/\/schema.org\",\"@graph\":[{\"@type\":\"Article\",\"@id\":\"https:\/\/pagina10.com\/web\/carta-a-gustavo-petro\/#article\",\"isPartOf\":{\"@id\":\"https:\/\/pagina10.com\/web\/carta-a-gustavo-petro\/\"},\"author\":{\"name\":\"Anibal Ar\u00e9valo Rosero\",\"@id\":\"https:\/\/pagina10.com\/web\/#\/schema\/person\/9ec3e2b432363a195d2d01bf820c66fe\"},\"headline\":\"Carta a Gustavo Petro\",\"datePublished\":\"2022-03-30T04:22:41+00:00\",\"mainEntityOfPage\":{\"@id\":\"https:\/\/pagina10.com\/web\/carta-a-gustavo-petro\/\"},\"wordCount\":878,\"commentCount\":0,\"publisher\":{\"@id\":\"https:\/\/pagina10.com\/web\/#organization\"},\"image\":{\"@id\":\"https:\/\/pagina10.com\/web\/carta-a-gustavo-petro\/#primaryimage\"},\"thumbnailUrl\":\"https:\/\/pagina10.com\/web\/wp-content\/uploads\/2022\/03\/Gustavo-Petro-1-1.jpg\",\"articleSection\":[\"Global\"],\"inLanguage\":\"es\",\"potentialAction\":[{\"@type\":\"CommentAction\",\"name\":\"Comment\",\"target\":[\"https:\/\/pagina10.com\/web\/carta-a-gustavo-petro\/#respond\"]}]},{\"@type\":\"WebPage\",\"@id\":\"https:\/\/pagina10.com\/web\/carta-a-gustavo-petro\/\",\"url\":\"https:\/\/pagina10.com\/web\/carta-a-gustavo-petro\/\",\"name\":\"Carta a Gustavo Petro | P\u00e1gina10\",\"isPartOf\":{\"@id\":\"https:\/\/pagina10.com\/web\/#website\"},\"primaryImageOfPage\":{\"@id\":\"https:\/\/pagina10.com\/web\/carta-a-gustavo-petro\/#primaryimage\"},\"image\":{\"@id\":\"https:\/\/pagina10.com\/web\/carta-a-gustavo-petro\/#primaryimage\"},\"thumbnailUrl\":\"https:\/\/pagina10.com\/web\/wp-content\/uploads\/2022\/03\/Gustavo-Petro-1-1.jpg\",\"datePublished\":\"2022-03-30T04:22:41+00:00\",\"breadcrumb\":{\"@id\":\"https:\/\/pagina10.com\/web\/carta-a-gustavo-petro\/#breadcrumb\"},\"inLanguage\":\"es\",\"potentialAction\":[{\"@type\":\"ReadAction\",\"target\":[\"https:\/\/pagina10.com\/web\/carta-a-gustavo-petro\/\"]}]},{\"@type\":\"ImageObject\",\"inLanguage\":\"es\",\"@id\":\"https:\/\/pagina10.com\/web\/carta-a-gustavo-petro\/#primaryimage\",\"url\":\"https:\/\/pagina10.com\/web\/wp-content\/uploads\/2022\/03\/Gustavo-Petro-1-1.jpg\",\"contentUrl\":\"https:\/\/pagina10.com\/web\/wp-content\/uploads\/2022\/03\/Gustavo-Petro-1-1.jpg\",\"width\":980,\"height\":528},{\"@type\":\"BreadcrumbList\",\"@id\":\"https:\/\/pagina10.com\/web\/carta-a-gustavo-petro\/#breadcrumb\",\"itemListElement\":[{\"@type\":\"ListItem\",\"position\":1,\"name\":\"Portada\",\"item\":\"https:\/\/pagina10.com\/web\/\"},{\"@type\":\"ListItem\",\"position\":2,\"name\":\"Carta a Gustavo Petro\"}]},{\"@type\":\"WebSite\",\"@id\":\"https:\/\/pagina10.com\/web\/#website\",\"url\":\"https:\/\/pagina10.com\/web\/\",\"name\":\"P\u00e1gina10\",\"description\":\"Peri\u00f3dico Regional\",\"publisher\":{\"@id\":\"https:\/\/pagina10.com\/web\/#organization\"},\"alternateName\":\"P\u00e1gina10 Peri\u00f3dico Regional\",\"potentialAction\":[{\"@type\":\"SearchAction\",\"target\":{\"@type\":\"EntryPoint\",\"urlTemplate\":\"https:\/\/pagina10.com\/web\/?s={search_term_string}\"},\"query-input\":{\"@type\":\"PropertyValueSpecification\",\"valueRequired\":true,\"valueName\":\"search_term_string\"}}],\"inLanguage\":\"es\"},{\"@type\":\"Organization\",\"@id\":\"https:\/\/pagina10.com\/web\/#organization\",\"name\":\"P\u00e1gina10\",\"alternateName\":\"P\u00e1gina10 Peri\u00f3dico Regional\",\"url\":\"https:\/\/pagina10.com\/web\/\",\"logo\":{\"@type\":\"ImageObject\",\"inLanguage\":\"es\",\"@id\":\"https:\/\/pagina10.com\/web\/#\/schema\/logo\/image\/\",\"url\":\"https:\/\/pagina10.com\/web\/wp-content\/uploads\/2024\/01\/40-pagina-10-periodico-regional-pasto.jpg\",\"contentUrl\":\"https:\/\/pagina10.com\/web\/wp-content\/uploads\/2024\/01\/40-pagina-10-periodico-regional-pasto.jpg\",\"width\":1280,\"height\":720,\"caption\":\"P\u00e1gina10\"},\"image\":{\"@id\":\"https:\/\/pagina10.com\/web\/#\/schema\/logo\/image\/\"},\"sameAs\":[\"https:\/\/www.facebook.com\/pag10com\",\"https:\/\/x.com\/Pag10com\",\"https:\/\/www.instagram.com\/pagina10col\/\",\"https:\/\/youtube.com\/channel\/pag10\",\"https:\/\/www.tiktok.com\/@p10col\"]},{\"@type\":\"Person\",\"@id\":\"https:\/\/pagina10.com\/web\/#\/schema\/person\/9ec3e2b432363a195d2d01bf820c66fe\",\"name\":\"Anibal Ar\u00e9valo Rosero\",\"description\":\"An\u00edbal Ar\u00e9valo Rosero a trav\u00e9s de su vida ha realizado diversas actividades tendientes a reivindicar al ser humano en su conciencia plena. Durante su vida ha hecho teatro, a escrito poes\u00eda y en sus tiempos de universitario realiz\u00f3 varias publicaciones entre las que se recuerda la revista Quinde. Junto con otros compa\u00f1eros fund\u00f3 el Taller Cultural El Cueche, equipo con el que se hicieron varias publicaciones. De este mismo grupo hay que resaltar que se hizo un trabajo pionero en la difusi\u00f3n de la m\u00fasica andina, latinoamericana y del caribe. Despu\u00e9s de terminar sus estudios de biolog\u00eda en la Universidad de Nari\u00f1o entr\u00f3 a laborar en emisoras de la ciudad de Pasto como en RCN, donde se desempe\u00f1aba como locutor de planta. Dirigi\u00f3 programas en la extinta Ondas del Mayo, en varias oportunidades; tambi\u00e9n en Ecos de Pasto. Fue colaborador de el Noticias RCN y dirigi\u00f3 el programa Simana al D\u00eda, del Sindicato del Magisterio de Nari\u00f1o, en dos \u00e9pocas. En el a\u00f1o de 1992 funda el Comit\u00e9 de Solidaridad con Cuba Jos\u00e9 Mart\u00ed, cuyo objetivo era divulgar la realidad cubana y expresar apoyo moral, pol\u00edtico y material al pa\u00eds caribe\u00f1o. Ante la mala interpretaci\u00f3n que la gente le daba a este tipo de acciones, se decide promover viajes de solidad a Cuba para participar en la Brigada Latinoamericana de Trabajo Voluntario, en el Festival Cuba Vive y, de manera especia,l en el 14 Festival Mundial de la Juventud y los Estudiantes, que se desarroll\u00f3 en la isla en el a\u00f1o de 1997. Con esta experiencia impulsa el turismo al pa\u00eds caribe\u00f1o con el resultado de que miles de personas han participado de las excursiones organizadas por Ar\u00e9valo Rosero. Asimismo ha venido impulsando las Brigadas de Salud en Cuba, tendiente a llevar pacientes de c\u00e1ncer a ese destino con el fin de que reciban atenci\u00f3n m\u00e9dica, teniendo en cuenta que la experiencia cubana en el tema ha sido bastante favorable. Veinte a\u00f1os despu\u00e9s de estas nutritivas experiencias, le permiten impulsar excursiones adem\u00e1s a M\u00e9xico, Machu Picchu, Argentina, Ecuador, Panam\u00e1 y Tierra Santa. En cuanto al desempe\u00f1o period\u00edstico, adem\u00e1s de los medios radiales y de televisi\u00f3n, en los canales de la universidades de Nari\u00f1o y Mariana, se ha desempe\u00f1ado como columnista en Diario del Sur durante 6 a\u00f1os y en algunos medios virtuales. Tambi\u00e9n es colaborador de el Diario del Cauca. Considera que la pr\u00e1ctica de la lectura es beber de la fuente nutricia que permite apropiarse de manera consciente del ejercicio de la democracia; y la posibilidad de escribir y ser le\u00eddo, acceder al poder, por que considera la palabra como el mayor instrumento de acci\u00f3n cuando est\u00e1 bien encamina al leg\u00edtimo servicio social. En la actualidad adem\u00e1s de so\u00f1ar con viajar por el mundo se desempe\u00f1a como docente del departamento de ciencias de Inem Luis Delf\u00edn Insuasty de Pasto. Correo: Esta direcci\u00f3n de correo electr\u00f3nico est\u00e1 protegida contra spambots. Usted necesita tener Javascript activado para poder verla.\\\" target=\\\"_blank\\\" style=\\\"color: #1155cc; text-align: justify; font-family: arial, sans-serif; font-size: 13px; line-height: normal;\\\"&gt;fundacionecosofia@gmail.com\",\"url\":\"https:\/\/pagina10.com\/web\/author\/anibal\/\"}]}<\/script>\n<!-- \/ Yoast SEO plugin. -->","yoast_head_json":{"title":"Carta a Gustavo Petro | P\u00e1gina10","robots":{"index":"index","follow":"follow","max-snippet":"max-snippet:-1","max-image-preview":"max-image-preview:large","max-video-preview":"max-video-preview:-1"},"canonical":"https:\/\/pagina10.com\/web\/carta-a-gustavo-petro\/","og_locale":"es_ES","og_type":"article","og_title":"Carta a Gustavo Petro | P\u00e1gina10","og_description":"Doctor Petro: El pa\u00eds est\u00e1 viviendo un momento de gran esperanza ante la cercana posibilidad de que sea el pueblo colombiano el que se haga al poder: ser\u00eda uno de los sucesos m\u00e1s maravillosos en la historia republicana de nuestra naci\u00f3n. El respaldo a este programa de gobierno crece cada d\u00eda. La gente en los [&hellip;]","og_url":"https:\/\/pagina10.com\/web\/carta-a-gustavo-petro\/","og_site_name":"P\u00e1gina10","article_publisher":"https:\/\/www.facebook.com\/pag10com","article_published_time":"2022-03-30T04:22:41+00:00","og_image":[{"width":980,"height":528,"url":"https:\/\/pagina10.com\/web\/wp-content\/uploads\/2022\/03\/Gustavo-Petro-1-1.jpg","type":"image\/jpeg"}],"author":"Anibal Ar\u00e9valo Rosero","twitter_card":"summary_large_image","twitter_creator":"@Pag10com","twitter_site":"@Pag10com","twitter_misc":{"Escrito por":"Anibal Ar\u00e9valo Rosero","Tiempo de lectura":"4 minutos"},"schema":{"@context":"https:\/\/schema.org","@graph":[{"@type":"Article","@id":"https:\/\/pagina10.com\/web\/carta-a-gustavo-petro\/#article","isPartOf":{"@id":"https:\/\/pagina10.com\/web\/carta-a-gustavo-petro\/"},"author":{"name":"Anibal Ar\u00e9valo Rosero","@id":"https:\/\/pagina10.com\/web\/#\/schema\/person\/9ec3e2b432363a195d2d01bf820c66fe"},"headline":"Carta a Gustavo Petro","datePublished":"2022-03-30T04:22:41+00:00","mainEntityOfPage":{"@id":"https:\/\/pagina10.com\/web\/carta-a-gustavo-petro\/"},"wordCount":878,"commentCount":0,"publisher":{"@id":"https:\/\/pagina10.com\/web\/#organization"},"image":{"@id":"https:\/\/pagina10.com\/web\/carta-a-gustavo-petro\/#primaryimage"},"thumbnailUrl":"https:\/\/pagina10.com\/web\/wp-content\/uploads\/2022\/03\/Gustavo-Petro-1-1.jpg","articleSection":["Global"],"inLanguage":"es","potentialAction":[{"@type":"CommentAction","name":"Comment","target":["https:\/\/pagina10.com\/web\/carta-a-gustavo-petro\/#respond"]}]},{"@type":"WebPage","@id":"https:\/\/pagina10.com\/web\/carta-a-gustavo-petro\/","url":"https:\/\/pagina10.com\/web\/carta-a-gustavo-petro\/","name":"Carta a Gustavo Petro | P\u00e1gina10","isPartOf":{"@id":"https:\/\/pagina10.com\/web\/#website"},"primaryImageOfPage":{"@id":"https:\/\/pagina10.com\/web\/carta-a-gustavo-petro\/#primaryimage"},"image":{"@id":"https:\/\/pagina10.com\/web\/carta-a-gustavo-petro\/#primaryimage"},"thumbnailUrl":"https:\/\/pagina10.com\/web\/wp-content\/uploads\/2022\/03\/Gustavo-Petro-1-1.jpg","datePublished":"2022-03-30T04:22:41+00:00","breadcrumb":{"@id":"https:\/\/pagina10.com\/web\/carta-a-gustavo-petro\/#breadcrumb"},"inLanguage":"es","potentialAction":[{"@type":"ReadAction","target":["https:\/\/pagina10.com\/web\/carta-a-gustavo-petro\/"]}]},{"@type":"ImageObject","inLanguage":"es","@id":"https:\/\/pagina10.com\/web\/carta-a-gustavo-petro\/#primaryimage","url":"https:\/\/pagina10.com\/web\/wp-content\/uploads\/2022\/03\/Gustavo-Petro-1-1.jpg","contentUrl":"https:\/\/pagina10.com\/web\/wp-content\/uploads\/2022\/03\/Gustavo-Petro-1-1.jpg","width":980,"height":528},{"@type":"BreadcrumbList","@id":"https:\/\/pagina10.com\/web\/carta-a-gustavo-petro\/#breadcrumb","itemListElement":[{"@type":"ListItem","position":1,"name":"Portada","item":"https:\/\/pagina10.com\/web\/"},{"@type":"ListItem","position":2,"name":"Carta a Gustavo Petro"}]},{"@type":"WebSite","@id":"https:\/\/pagina10.com\/web\/#website","url":"https:\/\/pagina10.com\/web\/","name":"P\u00e1gina10","description":"Peri\u00f3dico Regional","publisher":{"@id":"https:\/\/pagina10.com\/web\/#organization"},"alternateName":"P\u00e1gina10 Peri\u00f3dico Regional","potentialAction":[{"@type":"SearchAction","target":{"@type":"EntryPoint","urlTemplate":"https:\/\/pagina10.com\/web\/?s={search_term_string}"},"query-input":{"@type":"PropertyValueSpecification","valueRequired":true,"valueName":"search_term_string"}}],"inLanguage":"es"},{"@type":"Organization","@id":"https:\/\/pagina10.com\/web\/#organization","name":"P\u00e1gina10","alternateName":"P\u00e1gina10 Peri\u00f3dico Regional","url":"https:\/\/pagina10.com\/web\/","logo":{"@type":"ImageObject","inLanguage":"es","@id":"https:\/\/pagina10.com\/web\/#\/schema\/logo\/image\/","url":"https:\/\/pagina10.com\/web\/wp-content\/uploads\/2024\/01\/40-pagina-10-periodico-regional-pasto.jpg","contentUrl":"https:\/\/pagina10.com\/web\/wp-content\/uploads\/2024\/01\/40-pagina-10-periodico-regional-pasto.jpg","width":1280,"height":720,"caption":"P\u00e1gina10"},"image":{"@id":"https:\/\/pagina10.com\/web\/#\/schema\/logo\/image\/"},"sameAs":["https:\/\/www.facebook.com\/pag10com","https:\/\/x.com\/Pag10com","https:\/\/www.instagram.com\/pagina10col\/","https:\/\/youtube.com\/channel\/pag10","https:\/\/www.tiktok.com\/@p10col"]},{"@type":"Person","@id":"https:\/\/pagina10.com\/web\/#\/schema\/person\/9ec3e2b432363a195d2d01bf820c66fe","name":"Anibal Ar\u00e9valo Rosero","description":"An\u00edbal Ar\u00e9valo Rosero a trav\u00e9s de su vida ha realizado diversas actividades tendientes a reivindicar al ser humano en su conciencia plena. Durante su vida ha hecho teatro, a escrito poes\u00eda y en sus tiempos de universitario realiz\u00f3 varias publicaciones entre las que se recuerda la revista Quinde. Junto con otros compa\u00f1eros fund\u00f3 el Taller Cultural El Cueche, equipo con el que se hicieron varias publicaciones. De este mismo grupo hay que resaltar que se hizo un trabajo pionero en la difusi\u00f3n de la m\u00fasica andina, latinoamericana y del caribe. Despu\u00e9s de terminar sus estudios de biolog\u00eda en la Universidad de Nari\u00f1o entr\u00f3 a laborar en emisoras de la ciudad de Pasto como en RCN, donde se desempe\u00f1aba como locutor de planta. Dirigi\u00f3 programas en la extinta Ondas del Mayo, en varias oportunidades; tambi\u00e9n en Ecos de Pasto. Fue colaborador de el Noticias RCN y dirigi\u00f3 el programa Simana al D\u00eda, del Sindicato del Magisterio de Nari\u00f1o, en dos \u00e9pocas. En el a\u00f1o de 1992 funda el Comit\u00e9 de Solidaridad con Cuba Jos\u00e9 Mart\u00ed, cuyo objetivo era divulgar la realidad cubana y expresar apoyo moral, pol\u00edtico y material al pa\u00eds caribe\u00f1o. Ante la mala interpretaci\u00f3n que la gente le daba a este tipo de acciones, se decide promover viajes de solidad a Cuba para participar en la Brigada Latinoamericana de Trabajo Voluntario, en el Festival Cuba Vive y, de manera especia,l en el 14 Festival Mundial de la Juventud y los Estudiantes, que se desarroll\u00f3 en la isla en el a\u00f1o de 1997. Con esta experiencia impulsa el turismo al pa\u00eds caribe\u00f1o con el resultado de que miles de personas han participado de las excursiones organizadas por Ar\u00e9valo Rosero. Asimismo ha venido impulsando las Brigadas de Salud en Cuba, tendiente a llevar pacientes de c\u00e1ncer a ese destino con el fin de que reciban atenci\u00f3n m\u00e9dica, teniendo en cuenta que la experiencia cubana en el tema ha sido bastante favorable. Veinte a\u00f1os despu\u00e9s de estas nutritivas experiencias, le permiten impulsar excursiones adem\u00e1s a M\u00e9xico, Machu Picchu, Argentina, Ecuador, Panam\u00e1 y Tierra Santa. En cuanto al desempe\u00f1o period\u00edstico, adem\u00e1s de los medios radiales y de televisi\u00f3n, en los canales de la universidades de Nari\u00f1o y Mariana, se ha desempe\u00f1ado como columnista en Diario del Sur durante 6 a\u00f1os y en algunos medios virtuales. Tambi\u00e9n es colaborador de el Diario del Cauca. Considera que la pr\u00e1ctica de la lectura es beber de la fuente nutricia que permite apropiarse de manera consciente del ejercicio de la democracia; y la posibilidad de escribir y ser le\u00eddo, acceder al poder, por que considera la palabra como el mayor instrumento de acci\u00f3n cuando est\u00e1 bien encamina al leg\u00edtimo servicio social. En la actualidad adem\u00e1s de so\u00f1ar con viajar por el mundo se desempe\u00f1a como docente del departamento de ciencias de Inem Luis Delf\u00edn Insuasty de Pasto. Correo: Esta direcci\u00f3n de correo electr\u00f3nico est\u00e1 protegida contra spambots. Usted necesita tener Javascript activado para poder verla.\" target=\"_blank\" style=\"color: #1155cc; text-align: justify; font-family: arial, sans-serif; font-size: 13px; line-height: normal;\"&gt;fundacionecosofia@gmail.com","url":"https:\/\/pagina10.com\/web\/author\/anibal\/"}]}},"_links":{"self":[{"href":"https:\/\/pagina10.com\/web\/wp-json\/wp\/v2\/posts\/58807","targetHints":{"allow":["GET"]}}],"collection":[{"href":"https:\/\/pagina10.com\/web\/wp-json\/wp\/v2\/posts"}],"about":[{"href":"https:\/\/pagina10.com\/web\/wp-json\/wp\/v2\/types\/post"}],"author":[{"embeddable":true,"href":"https:\/\/pagina10.com\/web\/wp-json\/wp\/v2\/users\/65"}],"replies":[{"embeddable":true,"href":"https:\/\/pagina10.com\/web\/wp-json\/wp\/v2\/comments?post=58807"}],"version-history":[{"count":1,"href":"https:\/\/pagina10.com\/web\/wp-json\/wp\/v2\/posts\/58807\/revisions"}],"predecessor-version":[{"id":58809,"href":"https:\/\/pagina10.com\/web\/wp-json\/wp\/v2\/posts\/58807\/revisions\/58809"}],"wp:featuredmedia":[{"embeddable":true,"href":"https:\/\/pagina10.com\/web\/wp-json\/wp\/v2\/media\/58808"}],"wp:attachment":[{"href":"https:\/\/pagina10.com\/web\/wp-json\/wp\/v2\/media?parent=58807"}],"wp:term":[{"taxonomy":"category","embeddable":true,"href":"https:\/\/pagina10.com\/web\/wp-json\/wp\/v2\/categories?post=58807"},{"taxonomy":"post_tag","embeddable":true,"href":"https:\/\/pagina10.com\/web\/wp-json\/wp\/v2\/tags?post=58807"}],"curies":[{"name":"wp","href":"https:\/\/api.w.org\/{rel}","templated":true}]}}