{"id":58832,"date":"2022-03-31T20:08:12","date_gmt":"2022-04-01T01:08:12","guid":{"rendered":"https:\/\/pagina10.com\/web\/?p=58832"},"modified":"2022-03-31T20:08:12","modified_gmt":"2022-04-01T01:08:12","slug":"capturado-alias-cachetes-y-13-integrantes-con-material-de-guerra-en-el-pacifico-narinense","status":"publish","type":"post","link":"https:\/\/pagina10.com\/web\/capturado-alias-cachetes-y-13-integrantes-con-material-de-guerra-en-el-pacifico-narinense\/","title":{"rendered":"Capturado alias Cachetes y 13 integrantes con material de guerra en el Pac\u00edfico nari\u00f1ense"},"content":{"rendered":"<p style=\"text-align: justify;\">En cumplimiento del Plan de Campa\u00f1a Bicentenario \u2018H\u00e9roes de la Libertad\u2019, la Fuerza de Tarea Conjunta de Estabilizaci\u00f3n y Consolidaci\u00f3n H\u00e9rcules, en desarrollo de operaciones militares entre el Ej\u00e9rcito Nacional, la Armada de Colombia en coordinaci\u00f3n con la Polic\u00eda Nacional e Interinstitucional con la Fiscal\u00eda General de la Naci\u00f3n, se logr\u00f3 afectar de manera contundente a los Grupos Armados Organizados, que delinquen en el Pac\u00edfico Nari\u00f1ense con la captura de 13 integrantes y la incautaci\u00f3n de material de guerra en el distrito de Tumaco, departamento de Nari\u00f1o.<\/p>\n<p style=\"text-align: justify;\">En una primera operaci\u00f3n, tropas de la Brigada de Infanter\u00eda de Marina N\u00ba4 , el Gaula Militar, el grupo de Fuerzas Especiales Urbanas del Ej\u00e9rcito Nacional, en coordinaci\u00f3n con el Gaula de la Polic\u00eda Nacional, tras varios d\u00edas seguimiento lograron la captura de Yerson Preciado Landazuri alias Cachetes, quien ser\u00eda el encargado de coordinar actividades delictivas como el secuestro y extorsiones a los comerciantes de Tumaco, as\u00ed mismo logr\u00f3 la captura de siete sujetos quienes ser\u00edan parte del GAO-r Bloque Occidental Alfonso Cano, los cuales recib\u00edan ordenes por parte de este individuo para intimidar al gremio de comerciantes, transportadores y empresarios del sector hotelero del distrito de Tumaco.<\/p>\n<p style=\"text-align: justify;\">En una segunda operaci\u00f3n, mediante inteligencia Militar, tropas de la Fuerza de Despliegue R\u00e1pido N\u00ba2 realizaron por orden judicial un allanamiento a un hotel ubicado en el corregimiento de Llorente, donde se logr\u00f3 la captura de seis presuntos integrantes del GAO-r Estructura Ur\u00edas Rond\u00f3n.<\/p>\n<p style=\"text-align: justify;\">Durante las operaciones fueron incautadas cinco pistolas, tres rev\u00f3lveres, una granada de mano, proveedores y abundante munici\u00f3n y seis celulares el material incautado y los capturados fueron puestos a disposici\u00f3n de las autoridades competentes para su judicializaci\u00f3n.<\/p>\n<p style=\"text-align: justify;\">Con este resultado, se afecta el componente armado de estas organizaciones criminales, responsables de homicidios, actos delictivos y enfrentamientos con otras estructuras dedicadas al narcotr\u00e1fico.<\/p>\n<p style=\"text-align: justify;\">La Fuerzas Militares de Colombia en coordinaci\u00f3n con la Polic\u00eda Nacional y las dem\u00e1s instituciones que hacen presencia en esta regi\u00f3n, seguiremos trabajando de manera articulada con el fin de debilitar a los Grupos Armados Organizados que delinquen en el suroccidente del pa\u00eds.<\/p>\n","protected":false},"excerpt":{"rendered":"<p>En cumplimiento del Plan de Campa\u00f1a Bicentenario \u2018H\u00e9roes de la Libertad\u2019, la Fuerza de Tarea Conjunta de Estabilizaci\u00f3n y Consolidaci\u00f3n H\u00e9rcules, en desarrollo de operaciones militares entre el Ej\u00e9rcito Nacional, la Armada de Colombia en coordinaci\u00f3n con la Polic\u00eda Nacional e Interinstitucional con la Fiscal\u00eda General de la Naci\u00f3n, se logr\u00f3 afectar de manera contundente [&hellip;]<\/p>\n","protected":false},"author":1,"featured_media":58833,"comment_status":"open","ping_status":"open","sticky":false,"template":"","format":"standard","meta":{"footnotes":""},"categories":[61],"tags":[],"class_list":["post-58832","post","type-post","status-publish","format-standard","has-post-thumbnail","hentry","category-judicial"],"yoast_head":"<!-- This site is optimized with the Yoast SEO plugin v27.1.1 - https:\/\/yoast.com\/product\/yoast-seo-wordpress\/ -->\n<title>Capturado alias Cachetes y 13 integrantes con material de guerra en el Pac\u00edfico nari\u00f1ense | P\u00e1gina10<\/title>\n<meta name=\"robots\" content=\"index, follow, max-snippet:-1, max-image-preview:large, max-video-preview:-1\" \/>\n<link rel=\"canonical\" href=\"https:\/\/pagina10.com\/web\/capturado-alias-cachetes-y-13-integrantes-con-material-de-guerra-en-el-pacifico-narinense\/\" \/>\n<meta property=\"og:locale\" content=\"es_ES\" \/>\n<meta property=\"og:type\" content=\"article\" \/>\n<meta property=\"og:title\" content=\"Capturado alias Cachetes y 13 integrantes con material de guerra en el Pac\u00edfico nari\u00f1ense | P\u00e1gina10\" \/>\n<meta property=\"og:description\" content=\"En cumplimiento del Plan de Campa\u00f1a Bicentenario \u2018H\u00e9roes de la Libertad\u2019, la Fuerza de Tarea Conjunta de Estabilizaci\u00f3n y Consolidaci\u00f3n H\u00e9rcules, en desarrollo de operaciones militares entre el Ej\u00e9rcito Nacional, la Armada de Colombia en coordinaci\u00f3n con la Polic\u00eda Nacional e Interinstitucional con la Fiscal\u00eda General de la Naci\u00f3n, se logr\u00f3 afectar de manera contundente [&hellip;]\" \/>\n<meta property=\"og:url\" content=\"https:\/\/pagina10.com\/web\/capturado-alias-cachetes-y-13-integrantes-con-material-de-guerra-en-el-pacifico-narinense\/\" \/>\n<meta property=\"og:site_name\" content=\"P\u00e1gina10\" \/>\n<meta property=\"article:publisher\" content=\"https:\/\/www.facebook.com\/pag10com\" \/>\n<meta property=\"article:published_time\" content=\"2022-04-01T01:08:12+00:00\" \/>\n<meta property=\"og:image\" content=\"https:\/\/pagina10.com\/web\/wp-content\/uploads\/2022\/03\/Captura-de-Pantalla-2022-03-31-a-las-8.07.30-p.-m..png\" \/>\n\t<meta property=\"og:image:width\" content=\"543\" \/>\n\t<meta property=\"og:image:height\" content=\"325\" \/>\n\t<meta property=\"og:image:type\" content=\"image\/png\" \/>\n<meta name=\"author\" content=\"P\u00e1gina 10\" \/>\n<meta name=\"twitter:card\" content=\"summary_large_image\" \/>\n<meta name=\"twitter:creator\" content=\"@Pag10com\" \/>\n<meta name=\"twitter:site\" content=\"@Pag10com\" \/>\n<meta name=\"twitter:label1\" content=\"Escrito por\" \/>\n\t<meta name=\"twitter:data1\" content=\"P\u00e1gina 10\" \/>\n\t<meta name=\"twitter:label2\" content=\"Tiempo de lectura\" \/>\n\t<meta name=\"twitter:data2\" content=\"2 minutos\" \/>\n<script type=\"application\/ld+json\" class=\"yoast-schema-graph\">{\"@context\":\"https:\/\/schema.org\",\"@graph\":[{\"@type\":\"Article\",\"@id\":\"https:\/\/pagina10.com\/web\/capturado-alias-cachetes-y-13-integrantes-con-material-de-guerra-en-el-pacifico-narinense\/#article\",\"isPartOf\":{\"@id\":\"https:\/\/pagina10.com\/web\/capturado-alias-cachetes-y-13-integrantes-con-material-de-guerra-en-el-pacifico-narinense\/\"},\"author\":{\"name\":\"P\u00e1gina 10\",\"@id\":\"https:\/\/pagina10.com\/web\/#\/schema\/person\/2efc4a090d25b667d3bc796798a3a81b\"},\"headline\":\"Capturado alias Cachetes y 13 integrantes con material de guerra en el Pac\u00edfico nari\u00f1ense\",\"datePublished\":\"2022-04-01T01:08:12+00:00\",\"mainEntityOfPage\":{\"@id\":\"https:\/\/pagina10.com\/web\/capturado-alias-cachetes-y-13-integrantes-con-material-de-guerra-en-el-pacifico-narinense\/\"},\"wordCount\":394,\"commentCount\":0,\"publisher\":{\"@id\":\"https:\/\/pagina10.com\/web\/#organization\"},\"image\":{\"@id\":\"https:\/\/pagina10.com\/web\/capturado-alias-cachetes-y-13-integrantes-con-material-de-guerra-en-el-pacifico-narinense\/#primaryimage\"},\"thumbnailUrl\":\"https:\/\/pagina10.com\/web\/wp-content\/uploads\/2022\/03\/Captura-de-Pantalla-2022-03-31-a-las-8.07.30-p.-m..png\",\"articleSection\":[\"Judicial\"],\"inLanguage\":\"es\",\"potentialAction\":[{\"@type\":\"CommentAction\",\"name\":\"Comment\",\"target\":[\"https:\/\/pagina10.com\/web\/capturado-alias-cachetes-y-13-integrantes-con-material-de-guerra-en-el-pacifico-narinense\/#respond\"]}]},{\"@type\":\"WebPage\",\"@id\":\"https:\/\/pagina10.com\/web\/capturado-alias-cachetes-y-13-integrantes-con-material-de-guerra-en-el-pacifico-narinense\/\",\"url\":\"https:\/\/pagina10.com\/web\/capturado-alias-cachetes-y-13-integrantes-con-material-de-guerra-en-el-pacifico-narinense\/\",\"name\":\"Capturado alias Cachetes y 13 integrantes con material de guerra en el Pac\u00edfico nari\u00f1ense | P\u00e1gina10\",\"isPartOf\":{\"@id\":\"https:\/\/pagina10.com\/web\/#website\"},\"primaryImageOfPage\":{\"@id\":\"https:\/\/pagina10.com\/web\/capturado-alias-cachetes-y-13-integrantes-con-material-de-guerra-en-el-pacifico-narinense\/#primaryimage\"},\"image\":{\"@id\":\"https:\/\/pagina10.com\/web\/capturado-alias-cachetes-y-13-integrantes-con-material-de-guerra-en-el-pacifico-narinense\/#primaryimage\"},\"thumbnailUrl\":\"https:\/\/pagina10.com\/web\/wp-content\/uploads\/2022\/03\/Captura-de-Pantalla-2022-03-31-a-las-8.07.30-p.-m..png\",\"datePublished\":\"2022-04-01T01:08:12+00:00\",\"breadcrumb\":{\"@id\":\"https:\/\/pagina10.com\/web\/capturado-alias-cachetes-y-13-integrantes-con-material-de-guerra-en-el-pacifico-narinense\/#breadcrumb\"},\"inLanguage\":\"es\",\"potentialAction\":[{\"@type\":\"ReadAction\",\"target\":[\"https:\/\/pagina10.com\/web\/capturado-alias-cachetes-y-13-integrantes-con-material-de-guerra-en-el-pacifico-narinense\/\"]}]},{\"@type\":\"ImageObject\",\"inLanguage\":\"es\",\"@id\":\"https:\/\/pagina10.com\/web\/capturado-alias-cachetes-y-13-integrantes-con-material-de-guerra-en-el-pacifico-narinense\/#primaryimage\",\"url\":\"https:\/\/pagina10.com\/web\/wp-content\/uploads\/2022\/03\/Captura-de-Pantalla-2022-03-31-a-las-8.07.30-p.-m..png\",\"contentUrl\":\"https:\/\/pagina10.com\/web\/wp-content\/uploads\/2022\/03\/Captura-de-Pantalla-2022-03-31-a-las-8.07.30-p.-m..png\",\"width\":543,\"height\":325},{\"@type\":\"BreadcrumbList\",\"@id\":\"https:\/\/pagina10.com\/web\/capturado-alias-cachetes-y-13-integrantes-con-material-de-guerra-en-el-pacifico-narinense\/#breadcrumb\",\"itemListElement\":[{\"@type\":\"ListItem\",\"position\":1,\"name\":\"Portada\",\"item\":\"https:\/\/pagina10.com\/web\/\"},{\"@type\":\"ListItem\",\"position\":2,\"name\":\"Capturado alias Cachetes y 13 integrantes con material de guerra en el Pac\u00edfico nari\u00f1ense\"}]},{\"@type\":\"WebSite\",\"@id\":\"https:\/\/pagina10.com\/web\/#website\",\"url\":\"https:\/\/pagina10.com\/web\/\",\"name\":\"P\u00e1gina10\",\"description\":\"Peri\u00f3dico Regional\",\"publisher\":{\"@id\":\"https:\/\/pagina10.com\/web\/#organization\"},\"alternateName\":\"P\u00e1gina10 Peri\u00f3dico Regional\",\"potentialAction\":[{\"@type\":\"SearchAction\",\"target\":{\"@type\":\"EntryPoint\",\"urlTemplate\":\"https:\/\/pagina10.com\/web\/?s={search_term_string}\"},\"query-input\":{\"@type\":\"PropertyValueSpecification\",\"valueRequired\":true,\"valueName\":\"search_term_string\"}}],\"inLanguage\":\"es\"},{\"@type\":\"Organization\",\"@id\":\"https:\/\/pagina10.com\/web\/#organization\",\"name\":\"P\u00e1gina10\",\"alternateName\":\"P\u00e1gina10 Peri\u00f3dico Regional\",\"url\":\"https:\/\/pagina10.com\/web\/\",\"logo\":{\"@type\":\"ImageObject\",\"inLanguage\":\"es\",\"@id\":\"https:\/\/pagina10.com\/web\/#\/schema\/logo\/image\/\",\"url\":\"https:\/\/pagina10.com\/web\/wp-content\/uploads\/2024\/01\/40-pagina-10-periodico-regional-pasto.jpg\",\"contentUrl\":\"https:\/\/pagina10.com\/web\/wp-content\/uploads\/2024\/01\/40-pagina-10-periodico-regional-pasto.jpg\",\"width\":1280,\"height\":720,\"caption\":\"P\u00e1gina10\"},\"image\":{\"@id\":\"https:\/\/pagina10.com\/web\/#\/schema\/logo\/image\/\"},\"sameAs\":[\"https:\/\/www.facebook.com\/pag10com\",\"https:\/\/x.com\/Pag10com\",\"https:\/\/www.instagram.com\/pagina10col\/\",\"https:\/\/youtube.com\/channel\/pag10\",\"https:\/\/www.tiktok.com\/@p10col\"]},{\"@type\":\"Person\",\"@id\":\"https:\/\/pagina10.com\/web\/#\/schema\/person\/2efc4a090d25b667d3bc796798a3a81b\",\"name\":\"P\u00e1gina 10\",\"description\":\"P\u00e1gina 10 es un peri\u00f3dico regional que nace en Colombia, en el departamento de Nari\u00f1o, con un enfoque global, fundamentado en cuatro pilares esenciales: la libertad, el pluralismo, la inclusi\u00f3n y la independencia. P\u00e1gina 10 hace referencia a Nari\u00f1o como el d\u00e9cimo departamento creado en Colombia, despu\u00e9s de un proceso pol\u00edtico liderado por actores y actrices regionales con el fin de obtener la independencia y autonom\u00eda de nuestros territorios. Con la creaci\u00f3n de P\u00e1gina 10 se pretende abrir un escenario para el dialogo, la reflexi\u00f3n y el debate que se extienda a otras geograf\u00edas de Am\u00e9rica Latina y del planeta, en una apuesta por transformar colectivamente los desaf\u00edos de un mundo contempor\u00e1neo, m\u00e1s all\u00e1 de las fronteras impuestas.\",\"url\":\"https:\/\/pagina10.com\/web\/author\/pdiezadmin\/\"}]}<\/script>\n<!-- \/ Yoast SEO plugin. -->","yoast_head_json":{"title":"Capturado alias Cachetes y 13 integrantes con material de guerra en el Pac\u00edfico nari\u00f1ense | P\u00e1gina10","robots":{"index":"index","follow":"follow","max-snippet":"max-snippet:-1","max-image-preview":"max-image-preview:large","max-video-preview":"max-video-preview:-1"},"canonical":"https:\/\/pagina10.com\/web\/capturado-alias-cachetes-y-13-integrantes-con-material-de-guerra-en-el-pacifico-narinense\/","og_locale":"es_ES","og_type":"article","og_title":"Capturado alias Cachetes y 13 integrantes con material de guerra en el Pac\u00edfico nari\u00f1ense | P\u00e1gina10","og_description":"En cumplimiento del Plan de Campa\u00f1a Bicentenario \u2018H\u00e9roes de la Libertad\u2019, la Fuerza de Tarea Conjunta de Estabilizaci\u00f3n y Consolidaci\u00f3n H\u00e9rcules, en desarrollo de operaciones militares entre el Ej\u00e9rcito Nacional, la Armada de Colombia en coordinaci\u00f3n con la Polic\u00eda Nacional e Interinstitucional con la Fiscal\u00eda General de la Naci\u00f3n, se logr\u00f3 afectar de manera contundente [&hellip;]","og_url":"https:\/\/pagina10.com\/web\/capturado-alias-cachetes-y-13-integrantes-con-material-de-guerra-en-el-pacifico-narinense\/","og_site_name":"P\u00e1gina10","article_publisher":"https:\/\/www.facebook.com\/pag10com","article_published_time":"2022-04-01T01:08:12+00:00","og_image":[{"width":543,"height":325,"url":"https:\/\/pagina10.com\/web\/wp-content\/uploads\/2022\/03\/Captura-de-Pantalla-2022-03-31-a-las-8.07.30-p.-m..png","type":"image\/png"}],"author":"P\u00e1gina 10","twitter_card":"summary_large_image","twitter_creator":"@Pag10com","twitter_site":"@Pag10com","twitter_misc":{"Escrito por":"P\u00e1gina 10","Tiempo de lectura":"2 minutos"},"schema":{"@context":"https:\/\/schema.org","@graph":[{"@type":"Article","@id":"https:\/\/pagina10.com\/web\/capturado-alias-cachetes-y-13-integrantes-con-material-de-guerra-en-el-pacifico-narinense\/#article","isPartOf":{"@id":"https:\/\/pagina10.com\/web\/capturado-alias-cachetes-y-13-integrantes-con-material-de-guerra-en-el-pacifico-narinense\/"},"author":{"name":"P\u00e1gina 10","@id":"https:\/\/pagina10.com\/web\/#\/schema\/person\/2efc4a090d25b667d3bc796798a3a81b"},"headline":"Capturado alias Cachetes y 13 integrantes con material de guerra en el Pac\u00edfico nari\u00f1ense","datePublished":"2022-04-01T01:08:12+00:00","mainEntityOfPage":{"@id":"https:\/\/pagina10.com\/web\/capturado-alias-cachetes-y-13-integrantes-con-material-de-guerra-en-el-pacifico-narinense\/"},"wordCount":394,"commentCount":0,"publisher":{"@id":"https:\/\/pagina10.com\/web\/#organization"},"image":{"@id":"https:\/\/pagina10.com\/web\/capturado-alias-cachetes-y-13-integrantes-con-material-de-guerra-en-el-pacifico-narinense\/#primaryimage"},"thumbnailUrl":"https:\/\/pagina10.com\/web\/wp-content\/uploads\/2022\/03\/Captura-de-Pantalla-2022-03-31-a-las-8.07.30-p.-m..png","articleSection":["Judicial"],"inLanguage":"es","potentialAction":[{"@type":"CommentAction","name":"Comment","target":["https:\/\/pagina10.com\/web\/capturado-alias-cachetes-y-13-integrantes-con-material-de-guerra-en-el-pacifico-narinense\/#respond"]}]},{"@type":"WebPage","@id":"https:\/\/pagina10.com\/web\/capturado-alias-cachetes-y-13-integrantes-con-material-de-guerra-en-el-pacifico-narinense\/","url":"https:\/\/pagina10.com\/web\/capturado-alias-cachetes-y-13-integrantes-con-material-de-guerra-en-el-pacifico-narinense\/","name":"Capturado alias Cachetes y 13 integrantes con material de guerra en el Pac\u00edfico nari\u00f1ense | P\u00e1gina10","isPartOf":{"@id":"https:\/\/pagina10.com\/web\/#website"},"primaryImageOfPage":{"@id":"https:\/\/pagina10.com\/web\/capturado-alias-cachetes-y-13-integrantes-con-material-de-guerra-en-el-pacifico-narinense\/#primaryimage"},"image":{"@id":"https:\/\/pagina10.com\/web\/capturado-alias-cachetes-y-13-integrantes-con-material-de-guerra-en-el-pacifico-narinense\/#primaryimage"},"thumbnailUrl":"https:\/\/pagina10.com\/web\/wp-content\/uploads\/2022\/03\/Captura-de-Pantalla-2022-03-31-a-las-8.07.30-p.-m..png","datePublished":"2022-04-01T01:08:12+00:00","breadcrumb":{"@id":"https:\/\/pagina10.com\/web\/capturado-alias-cachetes-y-13-integrantes-con-material-de-guerra-en-el-pacifico-narinense\/#breadcrumb"},"inLanguage":"es","potentialAction":[{"@type":"ReadAction","target":["https:\/\/pagina10.com\/web\/capturado-alias-cachetes-y-13-integrantes-con-material-de-guerra-en-el-pacifico-narinense\/"]}]},{"@type":"ImageObject","inLanguage":"es","@id":"https:\/\/pagina10.com\/web\/capturado-alias-cachetes-y-13-integrantes-con-material-de-guerra-en-el-pacifico-narinense\/#primaryimage","url":"https:\/\/pagina10.com\/web\/wp-content\/uploads\/2022\/03\/Captura-de-Pantalla-2022-03-31-a-las-8.07.30-p.-m..png","contentUrl":"https:\/\/pagina10.com\/web\/wp-content\/uploads\/2022\/03\/Captura-de-Pantalla-2022-03-31-a-las-8.07.30-p.-m..png","width":543,"height":325},{"@type":"BreadcrumbList","@id":"https:\/\/pagina10.com\/web\/capturado-alias-cachetes-y-13-integrantes-con-material-de-guerra-en-el-pacifico-narinense\/#breadcrumb","itemListElement":[{"@type":"ListItem","position":1,"name":"Portada","item":"https:\/\/pagina10.com\/web\/"},{"@type":"ListItem","position":2,"name":"Capturado alias Cachetes y 13 integrantes con material de guerra en el Pac\u00edfico nari\u00f1ense"}]},{"@type":"WebSite","@id":"https:\/\/pagina10.com\/web\/#website","url":"https:\/\/pagina10.com\/web\/","name":"P\u00e1gina10","description":"Peri\u00f3dico Regional","publisher":{"@id":"https:\/\/pagina10.com\/web\/#organization"},"alternateName":"P\u00e1gina10 Peri\u00f3dico Regional","potentialAction":[{"@type":"SearchAction","target":{"@type":"EntryPoint","urlTemplate":"https:\/\/pagina10.com\/web\/?s={search_term_string}"},"query-input":{"@type":"PropertyValueSpecification","valueRequired":true,"valueName":"search_term_string"}}],"inLanguage":"es"},{"@type":"Organization","@id":"https:\/\/pagina10.com\/web\/#organization","name":"P\u00e1gina10","alternateName":"P\u00e1gina10 Peri\u00f3dico Regional","url":"https:\/\/pagina10.com\/web\/","logo":{"@type":"ImageObject","inLanguage":"es","@id":"https:\/\/pagina10.com\/web\/#\/schema\/logo\/image\/","url":"https:\/\/pagina10.com\/web\/wp-content\/uploads\/2024\/01\/40-pagina-10-periodico-regional-pasto.jpg","contentUrl":"https:\/\/pagina10.com\/web\/wp-content\/uploads\/2024\/01\/40-pagina-10-periodico-regional-pasto.jpg","width":1280,"height":720,"caption":"P\u00e1gina10"},"image":{"@id":"https:\/\/pagina10.com\/web\/#\/schema\/logo\/image\/"},"sameAs":["https:\/\/www.facebook.com\/pag10com","https:\/\/x.com\/Pag10com","https:\/\/www.instagram.com\/pagina10col\/","https:\/\/youtube.com\/channel\/pag10","https:\/\/www.tiktok.com\/@p10col"]},{"@type":"Person","@id":"https:\/\/pagina10.com\/web\/#\/schema\/person\/2efc4a090d25b667d3bc796798a3a81b","name":"P\u00e1gina 10","description":"P\u00e1gina 10 es un peri\u00f3dico regional que nace en Colombia, en el departamento de Nari\u00f1o, con un enfoque global, fundamentado en cuatro pilares esenciales: la libertad, el pluralismo, la inclusi\u00f3n y la independencia. P\u00e1gina 10 hace referencia a Nari\u00f1o como el d\u00e9cimo departamento creado en Colombia, despu\u00e9s de un proceso pol\u00edtico liderado por actores y actrices regionales con el fin de obtener la independencia y autonom\u00eda de nuestros territorios. Con la creaci\u00f3n de P\u00e1gina 10 se pretende abrir un escenario para el dialogo, la reflexi\u00f3n y el debate que se extienda a otras geograf\u00edas de Am\u00e9rica Latina y del planeta, en una apuesta por transformar colectivamente los desaf\u00edos de un mundo contempor\u00e1neo, m\u00e1s all\u00e1 de las fronteras impuestas.","url":"https:\/\/pagina10.com\/web\/author\/pdiezadmin\/"}]}},"_links":{"self":[{"href":"https:\/\/pagina10.com\/web\/wp-json\/wp\/v2\/posts\/58832","targetHints":{"allow":["GET"]}}],"collection":[{"href":"https:\/\/pagina10.com\/web\/wp-json\/wp\/v2\/posts"}],"about":[{"href":"https:\/\/pagina10.com\/web\/wp-json\/wp\/v2\/types\/post"}],"author":[{"embeddable":true,"href":"https:\/\/pagina10.com\/web\/wp-json\/wp\/v2\/users\/1"}],"replies":[{"embeddable":true,"href":"https:\/\/pagina10.com\/web\/wp-json\/wp\/v2\/comments?post=58832"}],"version-history":[{"count":1,"href":"https:\/\/pagina10.com\/web\/wp-json\/wp\/v2\/posts\/58832\/revisions"}],"predecessor-version":[{"id":58834,"href":"https:\/\/pagina10.com\/web\/wp-json\/wp\/v2\/posts\/58832\/revisions\/58834"}],"wp:featuredmedia":[{"embeddable":true,"href":"https:\/\/pagina10.com\/web\/wp-json\/wp\/v2\/media\/58833"}],"wp:attachment":[{"href":"https:\/\/pagina10.com\/web\/wp-json\/wp\/v2\/media?parent=58832"}],"wp:term":[{"taxonomy":"category","embeddable":true,"href":"https:\/\/pagina10.com\/web\/wp-json\/wp\/v2\/categories?post=58832"},{"taxonomy":"post_tag","embeddable":true,"href":"https:\/\/pagina10.com\/web\/wp-json\/wp\/v2\/tags?post=58832"}],"curies":[{"name":"wp","href":"https:\/\/api.w.org\/{rel}","templated":true}]}}