{"id":58852,"date":"2022-04-01T19:25:47","date_gmt":"2022-04-02T00:25:47","guid":{"rendered":"https:\/\/pagina10.com\/web\/?p=58852"},"modified":"2022-04-01T19:25:47","modified_gmt":"2022-04-02T00:25:47","slug":"en-narino-se-implemento-con-exito-el-cultivo-de-120-000-plantas-de-aguacate-hass-en-la-subregion-guambuyaco","status":"publish","type":"post","link":"https:\/\/pagina10.com\/web\/en-narino-se-implemento-con-exito-el-cultivo-de-120-000-plantas-de-aguacate-hass-en-la-subregion-guambuyaco\/","title":{"rendered":"En Nari\u00f1o se implement\u00f3 con \u00e9xito el cultivo de 120.000 plantas de aguacate Hass en la subregi\u00f3n Guambuyaco"},"content":{"rendered":"<p style=\"text-align: justify;\">La Gobernaci\u00f3n de Nari\u00f1o, a trav\u00e9s de la Secretar\u00eda de Agricultura y Desarrollo Rural, finaliz\u00f3 con \u00e9xito el proyecto denominado \u201cFortalecimiento de la Producci\u00f3n y Competitividad del Cultivo de Aguacate Hass\u201d en los municipios de los Andes y La Llanada Nari\u00f1o.<\/p>\n<div>\nEl proyecto tuvo como objetivo, incrementar los niveles de producci\u00f3n y tecnificaci\u00f3n del cultivo de aguacate Hass, beneficiando a 250 productores en los Municipios de Los Andes y La Llanada Nari\u00f1o, quienes contaron con procesos de capacitaci\u00f3n en poscosecha y comercializaci\u00f3n; adem\u00e1s, fortalecieron sus capacidades organizacionales, agro productivas y socio empresariales.<\/p>\n<div style=\"text-align: justify;\">\nEl Gobierno Departamental invirti\u00f3 $1.800 millones, financiados con recursos del Sistema General de Regal\u00edas, donde la Secretar\u00eda de Agricultura fue la encargada de realizar la verificaci\u00f3n y el cumplimiento de las especificaciones y normas t\u00e9cnicas para la correcta ejecuci\u00f3n y desarrollo de las actividades.<\/div>\n<div style=\"text-align: justify;\">\nLos productores de aguacate recibieron material vegetal para el establecimiento de cultivos de aguacate Hass, dotaci\u00f3n de insumos para fertilizaci\u00f3n de cultivo de aguacate, 100 pl\u00e1ntulas por cada beneficiario, dotaci\u00f3n de equipos y herramientas para la producci\u00f3n tales como: pal\u00edn hoyador, azad\u00f3n forjado, machete pulido, tijeras podadoras, bomba de espalda 20 litros, balanza digital gramera entre otros.<\/p>\n<p>\u201cCon gran satisfacci\u00f3n se ha finalizado este proyecto. Esperamos que en pocos meses las plantas que hoy se encuentran ubicadas en estos municipios, est\u00e1n en su etapa de producci\u00f3n y empecemos ese sue\u00f1o anhelado de exportar aguacate al exterior de manera sostenible desde el departamento de Nari\u00f1o\u201d, Afirm\u00f3 el Secretario de Agricultura y Desarrollo Rural, Jairo Chamorro.<\/p><\/div>\n<div style=\"text-align: justify;\">\n\u201cEl proyecto de aguacate me parece un proyecto interesante y exitoso, ya que es otra alternativa de cultivo, debido a que uno ya vuelve a ese contacto con la naturaleza, y es auto sostenible en la cuesti\u00f3n del alimento. A trav\u00e9s del proyecto se recibi\u00f3 insumos, abonos y asesor\u00eda, siendo este muy importante y beneficioso para nosotros\u201d, indic\u00f3 Esteban Clemente Toro, Productor de Aguacate Hass \u2013 La Llanada.<\/div>\n<\/div>\n","protected":false},"excerpt":{"rendered":"<p>La Gobernaci\u00f3n de Nari\u00f1o, a trav\u00e9s de la Secretar\u00eda de Agricultura y Desarrollo Rural, finaliz\u00f3 con \u00e9xito el proyecto denominado \u201cFortalecimiento de la Producci\u00f3n y Competitividad del Cultivo de Aguacate Hass\u201d en los municipios de los Andes y La Llanada Nari\u00f1o. El proyecto tuvo como objetivo, incrementar los niveles de producci\u00f3n y tecnificaci\u00f3n del cultivo [&hellip;]<\/p>\n","protected":false},"author":1,"featured_media":58855,"comment_status":"open","ping_status":"open","sticky":false,"template":"","format":"standard","meta":{"footnotes":""},"categories":[13],"tags":[],"class_list":["post-58852","post","type-post","status-publish","format-standard","has-post-thumbnail","hentry","category-economia"],"yoast_head":"<!-- This site is optimized with the Yoast SEO plugin v27.1.1 - https:\/\/yoast.com\/product\/yoast-seo-wordpress\/ -->\n<title>En Nari\u00f1o se implement\u00f3 con \u00e9xito el cultivo de 120.000 plantas de aguacate Hass en la subregi\u00f3n Guambuyaco | P\u00e1gina10<\/title>\n<meta name=\"robots\" content=\"index, follow, max-snippet:-1, max-image-preview:large, max-video-preview:-1\" \/>\n<link rel=\"canonical\" href=\"https:\/\/pagina10.com\/web\/en-narino-se-implemento-con-exito-el-cultivo-de-120-000-plantas-de-aguacate-hass-en-la-subregion-guambuyaco\/\" \/>\n<meta property=\"og:locale\" content=\"es_ES\" \/>\n<meta property=\"og:type\" content=\"article\" \/>\n<meta property=\"og:title\" content=\"En Nari\u00f1o se implement\u00f3 con \u00e9xito el cultivo de 120.000 plantas de aguacate Hass en la subregi\u00f3n Guambuyaco | P\u00e1gina10\" \/>\n<meta property=\"og:description\" content=\"La Gobernaci\u00f3n de Nari\u00f1o, a trav\u00e9s de la Secretar\u00eda de Agricultura y Desarrollo Rural, finaliz\u00f3 con \u00e9xito el proyecto denominado \u201cFortalecimiento de la Producci\u00f3n y Competitividad del Cultivo de Aguacate Hass\u201d en los municipios de los Andes y La Llanada Nari\u00f1o. El proyecto tuvo como objetivo, incrementar los niveles de producci\u00f3n y tecnificaci\u00f3n del cultivo [&hellip;]\" \/>\n<meta property=\"og:url\" content=\"https:\/\/pagina10.com\/web\/en-narino-se-implemento-con-exito-el-cultivo-de-120-000-plantas-de-aguacate-hass-en-la-subregion-guambuyaco\/\" \/>\n<meta property=\"og:site_name\" content=\"P\u00e1gina10\" \/>\n<meta property=\"article:publisher\" content=\"https:\/\/www.facebook.com\/pag10com\" \/>\n<meta property=\"article:published_time\" content=\"2022-04-02T00:25:47+00:00\" \/>\n<meta property=\"og:image\" content=\"https:\/\/pagina10.com\/web\/wp-content\/uploads\/2022\/04\/Captura-de-Pantalla-2022-04-01-a-las-7.24.15-p.-m..png\" \/>\n\t<meta property=\"og:image:width\" content=\"401\" \/>\n\t<meta property=\"og:image:height\" content=\"246\" \/>\n\t<meta property=\"og:image:type\" content=\"image\/png\" \/>\n<meta name=\"author\" content=\"P\u00e1gina 10\" \/>\n<meta name=\"twitter:card\" content=\"summary_large_image\" \/>\n<meta name=\"twitter:creator\" content=\"@Pag10com\" \/>\n<meta name=\"twitter:site\" content=\"@Pag10com\" \/>\n<meta name=\"twitter:label1\" content=\"Escrito por\" \/>\n\t<meta name=\"twitter:data1\" content=\"P\u00e1gina 10\" \/>\n\t<meta name=\"twitter:label2\" content=\"Tiempo de lectura\" \/>\n\t<meta name=\"twitter:data2\" content=\"2 minutos\" \/>\n<script type=\"application\/ld+json\" class=\"yoast-schema-graph\">{\"@context\":\"https:\/\/schema.org\",\"@graph\":[{\"@type\":\"Article\",\"@id\":\"https:\/\/pagina10.com\/web\/en-narino-se-implemento-con-exito-el-cultivo-de-120-000-plantas-de-aguacate-hass-en-la-subregion-guambuyaco\/#article\",\"isPartOf\":{\"@id\":\"https:\/\/pagina10.com\/web\/en-narino-se-implemento-con-exito-el-cultivo-de-120-000-plantas-de-aguacate-hass-en-la-subregion-guambuyaco\/\"},\"author\":{\"name\":\"P\u00e1gina 10\",\"@id\":\"https:\/\/pagina10.com\/web\/#\/schema\/person\/2efc4a090d25b667d3bc796798a3a81b\"},\"headline\":\"En Nari\u00f1o se implement\u00f3 con \u00e9xito el cultivo de 120.000 plantas de aguacate Hass en la subregi\u00f3n Guambuyaco\",\"datePublished\":\"2022-04-02T00:25:47+00:00\",\"mainEntityOfPage\":{\"@id\":\"https:\/\/pagina10.com\/web\/en-narino-se-implemento-con-exito-el-cultivo-de-120-000-plantas-de-aguacate-hass-en-la-subregion-guambuyaco\/\"},\"wordCount\":364,\"commentCount\":0,\"publisher\":{\"@id\":\"https:\/\/pagina10.com\/web\/#organization\"},\"image\":{\"@id\":\"https:\/\/pagina10.com\/web\/en-narino-se-implemento-con-exito-el-cultivo-de-120-000-plantas-de-aguacate-hass-en-la-subregion-guambuyaco\/#primaryimage\"},\"thumbnailUrl\":\"https:\/\/pagina10.com\/web\/wp-content\/uploads\/2022\/04\/Captura-de-Pantalla-2022-04-01-a-las-7.24.15-p.-m..png\",\"articleSection\":[\"Econom\u00eda\"],\"inLanguage\":\"es\",\"potentialAction\":[{\"@type\":\"CommentAction\",\"name\":\"Comment\",\"target\":[\"https:\/\/pagina10.com\/web\/en-narino-se-implemento-con-exito-el-cultivo-de-120-000-plantas-de-aguacate-hass-en-la-subregion-guambuyaco\/#respond\"]}]},{\"@type\":\"WebPage\",\"@id\":\"https:\/\/pagina10.com\/web\/en-narino-se-implemento-con-exito-el-cultivo-de-120-000-plantas-de-aguacate-hass-en-la-subregion-guambuyaco\/\",\"url\":\"https:\/\/pagina10.com\/web\/en-narino-se-implemento-con-exito-el-cultivo-de-120-000-plantas-de-aguacate-hass-en-la-subregion-guambuyaco\/\",\"name\":\"En Nari\u00f1o se implement\u00f3 con \u00e9xito el cultivo de 120.000 plantas de aguacate Hass en la subregi\u00f3n Guambuyaco | P\u00e1gina10\",\"isPartOf\":{\"@id\":\"https:\/\/pagina10.com\/web\/#website\"},\"primaryImageOfPage\":{\"@id\":\"https:\/\/pagina10.com\/web\/en-narino-se-implemento-con-exito-el-cultivo-de-120-000-plantas-de-aguacate-hass-en-la-subregion-guambuyaco\/#primaryimage\"},\"image\":{\"@id\":\"https:\/\/pagina10.com\/web\/en-narino-se-implemento-con-exito-el-cultivo-de-120-000-plantas-de-aguacate-hass-en-la-subregion-guambuyaco\/#primaryimage\"},\"thumbnailUrl\":\"https:\/\/pagina10.com\/web\/wp-content\/uploads\/2022\/04\/Captura-de-Pantalla-2022-04-01-a-las-7.24.15-p.-m..png\",\"datePublished\":\"2022-04-02T00:25:47+00:00\",\"breadcrumb\":{\"@id\":\"https:\/\/pagina10.com\/web\/en-narino-se-implemento-con-exito-el-cultivo-de-120-000-plantas-de-aguacate-hass-en-la-subregion-guambuyaco\/#breadcrumb\"},\"inLanguage\":\"es\",\"potentialAction\":[{\"@type\":\"ReadAction\",\"target\":[\"https:\/\/pagina10.com\/web\/en-narino-se-implemento-con-exito-el-cultivo-de-120-000-plantas-de-aguacate-hass-en-la-subregion-guambuyaco\/\"]}]},{\"@type\":\"ImageObject\",\"inLanguage\":\"es\",\"@id\":\"https:\/\/pagina10.com\/web\/en-narino-se-implemento-con-exito-el-cultivo-de-120-000-plantas-de-aguacate-hass-en-la-subregion-guambuyaco\/#primaryimage\",\"url\":\"https:\/\/pagina10.com\/web\/wp-content\/uploads\/2022\/04\/Captura-de-Pantalla-2022-04-01-a-las-7.24.15-p.-m..png\",\"contentUrl\":\"https:\/\/pagina10.com\/web\/wp-content\/uploads\/2022\/04\/Captura-de-Pantalla-2022-04-01-a-las-7.24.15-p.-m..png\",\"width\":401,\"height\":246},{\"@type\":\"BreadcrumbList\",\"@id\":\"https:\/\/pagina10.com\/web\/en-narino-se-implemento-con-exito-el-cultivo-de-120-000-plantas-de-aguacate-hass-en-la-subregion-guambuyaco\/#breadcrumb\",\"itemListElement\":[{\"@type\":\"ListItem\",\"position\":1,\"name\":\"Portada\",\"item\":\"https:\/\/pagina10.com\/web\/\"},{\"@type\":\"ListItem\",\"position\":2,\"name\":\"En Nari\u00f1o se implement\u00f3 con \u00e9xito el cultivo de 120.000 plantas de aguacate Hass en la subregi\u00f3n Guambuyaco\"}]},{\"@type\":\"WebSite\",\"@id\":\"https:\/\/pagina10.com\/web\/#website\",\"url\":\"https:\/\/pagina10.com\/web\/\",\"name\":\"P\u00e1gina10\",\"description\":\"Peri\u00f3dico Regional\",\"publisher\":{\"@id\":\"https:\/\/pagina10.com\/web\/#organization\"},\"alternateName\":\"P\u00e1gina10 Peri\u00f3dico Regional\",\"potentialAction\":[{\"@type\":\"SearchAction\",\"target\":{\"@type\":\"EntryPoint\",\"urlTemplate\":\"https:\/\/pagina10.com\/web\/?s={search_term_string}\"},\"query-input\":{\"@type\":\"PropertyValueSpecification\",\"valueRequired\":true,\"valueName\":\"search_term_string\"}}],\"inLanguage\":\"es\"},{\"@type\":\"Organization\",\"@id\":\"https:\/\/pagina10.com\/web\/#organization\",\"name\":\"P\u00e1gina10\",\"alternateName\":\"P\u00e1gina10 Peri\u00f3dico Regional\",\"url\":\"https:\/\/pagina10.com\/web\/\",\"logo\":{\"@type\":\"ImageObject\",\"inLanguage\":\"es\",\"@id\":\"https:\/\/pagina10.com\/web\/#\/schema\/logo\/image\/\",\"url\":\"https:\/\/pagina10.com\/web\/wp-content\/uploads\/2024\/01\/40-pagina-10-periodico-regional-pasto.jpg\",\"contentUrl\":\"https:\/\/pagina10.com\/web\/wp-content\/uploads\/2024\/01\/40-pagina-10-periodico-regional-pasto.jpg\",\"width\":1280,\"height\":720,\"caption\":\"P\u00e1gina10\"},\"image\":{\"@id\":\"https:\/\/pagina10.com\/web\/#\/schema\/logo\/image\/\"},\"sameAs\":[\"https:\/\/www.facebook.com\/pag10com\",\"https:\/\/x.com\/Pag10com\",\"https:\/\/www.instagram.com\/pagina10col\/\",\"https:\/\/youtube.com\/channel\/pag10\",\"https:\/\/www.tiktok.com\/@p10col\"]},{\"@type\":\"Person\",\"@id\":\"https:\/\/pagina10.com\/web\/#\/schema\/person\/2efc4a090d25b667d3bc796798a3a81b\",\"name\":\"P\u00e1gina 10\",\"description\":\"P\u00e1gina 10 es un peri\u00f3dico regional que nace en Colombia, en el departamento de Nari\u00f1o, con un enfoque global, fundamentado en cuatro pilares esenciales: la libertad, el pluralismo, la inclusi\u00f3n y la independencia. P\u00e1gina 10 hace referencia a Nari\u00f1o como el d\u00e9cimo departamento creado en Colombia, despu\u00e9s de un proceso pol\u00edtico liderado por actores y actrices regionales con el fin de obtener la independencia y autonom\u00eda de nuestros territorios. Con la creaci\u00f3n de P\u00e1gina 10 se pretende abrir un escenario para el dialogo, la reflexi\u00f3n y el debate que se extienda a otras geograf\u00edas de Am\u00e9rica Latina y del planeta, en una apuesta por transformar colectivamente los desaf\u00edos de un mundo contempor\u00e1neo, m\u00e1s all\u00e1 de las fronteras impuestas.\",\"url\":\"https:\/\/pagina10.com\/web\/author\/pdiezadmin\/\"}]}<\/script>\n<!-- \/ Yoast SEO plugin. -->","yoast_head_json":{"title":"En Nari\u00f1o se implement\u00f3 con \u00e9xito el cultivo de 120.000 plantas de aguacate Hass en la subregi\u00f3n Guambuyaco | P\u00e1gina10","robots":{"index":"index","follow":"follow","max-snippet":"max-snippet:-1","max-image-preview":"max-image-preview:large","max-video-preview":"max-video-preview:-1"},"canonical":"https:\/\/pagina10.com\/web\/en-narino-se-implemento-con-exito-el-cultivo-de-120-000-plantas-de-aguacate-hass-en-la-subregion-guambuyaco\/","og_locale":"es_ES","og_type":"article","og_title":"En Nari\u00f1o se implement\u00f3 con \u00e9xito el cultivo de 120.000 plantas de aguacate Hass en la subregi\u00f3n Guambuyaco | P\u00e1gina10","og_description":"La Gobernaci\u00f3n de Nari\u00f1o, a trav\u00e9s de la Secretar\u00eda de Agricultura y Desarrollo Rural, finaliz\u00f3 con \u00e9xito el proyecto denominado \u201cFortalecimiento de la Producci\u00f3n y Competitividad del Cultivo de Aguacate Hass\u201d en los municipios de los Andes y La Llanada Nari\u00f1o. El proyecto tuvo como objetivo, incrementar los niveles de producci\u00f3n y tecnificaci\u00f3n del cultivo [&hellip;]","og_url":"https:\/\/pagina10.com\/web\/en-narino-se-implemento-con-exito-el-cultivo-de-120-000-plantas-de-aguacate-hass-en-la-subregion-guambuyaco\/","og_site_name":"P\u00e1gina10","article_publisher":"https:\/\/www.facebook.com\/pag10com","article_published_time":"2022-04-02T00:25:47+00:00","og_image":[{"width":401,"height":246,"url":"https:\/\/pagina10.com\/web\/wp-content\/uploads\/2022\/04\/Captura-de-Pantalla-2022-04-01-a-las-7.24.15-p.-m..png","type":"image\/png"}],"author":"P\u00e1gina 10","twitter_card":"summary_large_image","twitter_creator":"@Pag10com","twitter_site":"@Pag10com","twitter_misc":{"Escrito por":"P\u00e1gina 10","Tiempo de lectura":"2 minutos"},"schema":{"@context":"https:\/\/schema.org","@graph":[{"@type":"Article","@id":"https:\/\/pagina10.com\/web\/en-narino-se-implemento-con-exito-el-cultivo-de-120-000-plantas-de-aguacate-hass-en-la-subregion-guambuyaco\/#article","isPartOf":{"@id":"https:\/\/pagina10.com\/web\/en-narino-se-implemento-con-exito-el-cultivo-de-120-000-plantas-de-aguacate-hass-en-la-subregion-guambuyaco\/"},"author":{"name":"P\u00e1gina 10","@id":"https:\/\/pagina10.com\/web\/#\/schema\/person\/2efc4a090d25b667d3bc796798a3a81b"},"headline":"En Nari\u00f1o se implement\u00f3 con \u00e9xito el cultivo de 120.000 plantas de aguacate Hass en la subregi\u00f3n Guambuyaco","datePublished":"2022-04-02T00:25:47+00:00","mainEntityOfPage":{"@id":"https:\/\/pagina10.com\/web\/en-narino-se-implemento-con-exito-el-cultivo-de-120-000-plantas-de-aguacate-hass-en-la-subregion-guambuyaco\/"},"wordCount":364,"commentCount":0,"publisher":{"@id":"https:\/\/pagina10.com\/web\/#organization"},"image":{"@id":"https:\/\/pagina10.com\/web\/en-narino-se-implemento-con-exito-el-cultivo-de-120-000-plantas-de-aguacate-hass-en-la-subregion-guambuyaco\/#primaryimage"},"thumbnailUrl":"https:\/\/pagina10.com\/web\/wp-content\/uploads\/2022\/04\/Captura-de-Pantalla-2022-04-01-a-las-7.24.15-p.-m..png","articleSection":["Econom\u00eda"],"inLanguage":"es","potentialAction":[{"@type":"CommentAction","name":"Comment","target":["https:\/\/pagina10.com\/web\/en-narino-se-implemento-con-exito-el-cultivo-de-120-000-plantas-de-aguacate-hass-en-la-subregion-guambuyaco\/#respond"]}]},{"@type":"WebPage","@id":"https:\/\/pagina10.com\/web\/en-narino-se-implemento-con-exito-el-cultivo-de-120-000-plantas-de-aguacate-hass-en-la-subregion-guambuyaco\/","url":"https:\/\/pagina10.com\/web\/en-narino-se-implemento-con-exito-el-cultivo-de-120-000-plantas-de-aguacate-hass-en-la-subregion-guambuyaco\/","name":"En Nari\u00f1o se implement\u00f3 con \u00e9xito el cultivo de 120.000 plantas de aguacate Hass en la subregi\u00f3n Guambuyaco | P\u00e1gina10","isPartOf":{"@id":"https:\/\/pagina10.com\/web\/#website"},"primaryImageOfPage":{"@id":"https:\/\/pagina10.com\/web\/en-narino-se-implemento-con-exito-el-cultivo-de-120-000-plantas-de-aguacate-hass-en-la-subregion-guambuyaco\/#primaryimage"},"image":{"@id":"https:\/\/pagina10.com\/web\/en-narino-se-implemento-con-exito-el-cultivo-de-120-000-plantas-de-aguacate-hass-en-la-subregion-guambuyaco\/#primaryimage"},"thumbnailUrl":"https:\/\/pagina10.com\/web\/wp-content\/uploads\/2022\/04\/Captura-de-Pantalla-2022-04-01-a-las-7.24.15-p.-m..png","datePublished":"2022-04-02T00:25:47+00:00","breadcrumb":{"@id":"https:\/\/pagina10.com\/web\/en-narino-se-implemento-con-exito-el-cultivo-de-120-000-plantas-de-aguacate-hass-en-la-subregion-guambuyaco\/#breadcrumb"},"inLanguage":"es","potentialAction":[{"@type":"ReadAction","target":["https:\/\/pagina10.com\/web\/en-narino-se-implemento-con-exito-el-cultivo-de-120-000-plantas-de-aguacate-hass-en-la-subregion-guambuyaco\/"]}]},{"@type":"ImageObject","inLanguage":"es","@id":"https:\/\/pagina10.com\/web\/en-narino-se-implemento-con-exito-el-cultivo-de-120-000-plantas-de-aguacate-hass-en-la-subregion-guambuyaco\/#primaryimage","url":"https:\/\/pagina10.com\/web\/wp-content\/uploads\/2022\/04\/Captura-de-Pantalla-2022-04-01-a-las-7.24.15-p.-m..png","contentUrl":"https:\/\/pagina10.com\/web\/wp-content\/uploads\/2022\/04\/Captura-de-Pantalla-2022-04-01-a-las-7.24.15-p.-m..png","width":401,"height":246},{"@type":"BreadcrumbList","@id":"https:\/\/pagina10.com\/web\/en-narino-se-implemento-con-exito-el-cultivo-de-120-000-plantas-de-aguacate-hass-en-la-subregion-guambuyaco\/#breadcrumb","itemListElement":[{"@type":"ListItem","position":1,"name":"Portada","item":"https:\/\/pagina10.com\/web\/"},{"@type":"ListItem","position":2,"name":"En Nari\u00f1o se implement\u00f3 con \u00e9xito el cultivo de 120.000 plantas de aguacate Hass en la subregi\u00f3n Guambuyaco"}]},{"@type":"WebSite","@id":"https:\/\/pagina10.com\/web\/#website","url":"https:\/\/pagina10.com\/web\/","name":"P\u00e1gina10","description":"Peri\u00f3dico Regional","publisher":{"@id":"https:\/\/pagina10.com\/web\/#organization"},"alternateName":"P\u00e1gina10 Peri\u00f3dico Regional","potentialAction":[{"@type":"SearchAction","target":{"@type":"EntryPoint","urlTemplate":"https:\/\/pagina10.com\/web\/?s={search_term_string}"},"query-input":{"@type":"PropertyValueSpecification","valueRequired":true,"valueName":"search_term_string"}}],"inLanguage":"es"},{"@type":"Organization","@id":"https:\/\/pagina10.com\/web\/#organization","name":"P\u00e1gina10","alternateName":"P\u00e1gina10 Peri\u00f3dico Regional","url":"https:\/\/pagina10.com\/web\/","logo":{"@type":"ImageObject","inLanguage":"es","@id":"https:\/\/pagina10.com\/web\/#\/schema\/logo\/image\/","url":"https:\/\/pagina10.com\/web\/wp-content\/uploads\/2024\/01\/40-pagina-10-periodico-regional-pasto.jpg","contentUrl":"https:\/\/pagina10.com\/web\/wp-content\/uploads\/2024\/01\/40-pagina-10-periodico-regional-pasto.jpg","width":1280,"height":720,"caption":"P\u00e1gina10"},"image":{"@id":"https:\/\/pagina10.com\/web\/#\/schema\/logo\/image\/"},"sameAs":["https:\/\/www.facebook.com\/pag10com","https:\/\/x.com\/Pag10com","https:\/\/www.instagram.com\/pagina10col\/","https:\/\/youtube.com\/channel\/pag10","https:\/\/www.tiktok.com\/@p10col"]},{"@type":"Person","@id":"https:\/\/pagina10.com\/web\/#\/schema\/person\/2efc4a090d25b667d3bc796798a3a81b","name":"P\u00e1gina 10","description":"P\u00e1gina 10 es un peri\u00f3dico regional que nace en Colombia, en el departamento de Nari\u00f1o, con un enfoque global, fundamentado en cuatro pilares esenciales: la libertad, el pluralismo, la inclusi\u00f3n y la independencia. P\u00e1gina 10 hace referencia a Nari\u00f1o como el d\u00e9cimo departamento creado en Colombia, despu\u00e9s de un proceso pol\u00edtico liderado por actores y actrices regionales con el fin de obtener la independencia y autonom\u00eda de nuestros territorios. Con la creaci\u00f3n de P\u00e1gina 10 se pretende abrir un escenario para el dialogo, la reflexi\u00f3n y el debate que se extienda a otras geograf\u00edas de Am\u00e9rica Latina y del planeta, en una apuesta por transformar colectivamente los desaf\u00edos de un mundo contempor\u00e1neo, m\u00e1s all\u00e1 de las fronteras impuestas.","url":"https:\/\/pagina10.com\/web\/author\/pdiezadmin\/"}]}},"_links":{"self":[{"href":"https:\/\/pagina10.com\/web\/wp-json\/wp\/v2\/posts\/58852","targetHints":{"allow":["GET"]}}],"collection":[{"href":"https:\/\/pagina10.com\/web\/wp-json\/wp\/v2\/posts"}],"about":[{"href":"https:\/\/pagina10.com\/web\/wp-json\/wp\/v2\/types\/post"}],"author":[{"embeddable":true,"href":"https:\/\/pagina10.com\/web\/wp-json\/wp\/v2\/users\/1"}],"replies":[{"embeddable":true,"href":"https:\/\/pagina10.com\/web\/wp-json\/wp\/v2\/comments?post=58852"}],"version-history":[{"count":1,"href":"https:\/\/pagina10.com\/web\/wp-json\/wp\/v2\/posts\/58852\/revisions"}],"predecessor-version":[{"id":58856,"href":"https:\/\/pagina10.com\/web\/wp-json\/wp\/v2\/posts\/58852\/revisions\/58856"}],"wp:featuredmedia":[{"embeddable":true,"href":"https:\/\/pagina10.com\/web\/wp-json\/wp\/v2\/media\/58855"}],"wp:attachment":[{"href":"https:\/\/pagina10.com\/web\/wp-json\/wp\/v2\/media?parent=58852"}],"wp:term":[{"taxonomy":"category","embeddable":true,"href":"https:\/\/pagina10.com\/web\/wp-json\/wp\/v2\/categories?post=58852"},{"taxonomy":"post_tag","embeddable":true,"href":"https:\/\/pagina10.com\/web\/wp-json\/wp\/v2\/tags?post=58852"}],"curies":[{"name":"wp","href":"https:\/\/api.w.org\/{rel}","templated":true}]}}