{"id":58926,"date":"2022-04-09T05:16:34","date_gmt":"2022-04-09T10:16:34","guid":{"rendered":"https:\/\/pagina10.com\/web\/?p=58926"},"modified":"2022-04-09T05:16:34","modified_gmt":"2022-04-09T10:16:34","slug":"en-pasto-suspension-programada-del-servicio-de-energia-para-el-proximo-martes","status":"publish","type":"post","link":"https:\/\/pagina10.com\/web\/en-pasto-suspension-programada-del-servicio-de-energia-para-el-proximo-martes\/","title":{"rendered":"En Pasto, suspensi\u00f3n programada del servicio de energ\u00eda para el pr\u00f3ximo martes."},"content":{"rendered":"<p style=\"text-align: justify;\">Mediante comunicado de prensa la empresa CEDENAR S.A. E.S.P informa que con el fin de brindar un servicio de calidad a todos los usuarios del municipio de Pasto, personal de la empresa EQUANS SERVICES COLOMBIA en representaci\u00f3n de CEDENAR S.A. E.S.P. realizar\u00e1 instalaci\u00f3n de equipos de medida para aumentar la confiabilidad y calidad del servicio el\u00e9ctrico, por lo que se requiere realizar la suspensi\u00f3n programada del servicio de energ\u00eda.<\/p>\n<p>&nbsp;<\/p>\n<p style=\"text-align: justify;\">CEDENAR S.A E.S.P ha programado la suspensi\u00f3n de la siguiente manera:<\/p>\n<p style=\"text-align: justify;\">Fecha: martes 12 de abril de 2022<\/p>\n<p style=\"text-align: justify;\">SECTORES AFECTADOS:<\/p>\n<p style=\"text-align: justify;\">Circuito 41PA01: P\u00f3rtico CEDENAR, Calle 19 No. 20 Carrera 26-37, Obrero, Cresemillas, Versalles, Maridiaz, Los Hex\u00e1gonos, Rinc\u00f3n de la Aurora, Cl\u00ednica Antiguo seguro Social, Colegio Normal, Colegio Industrial, Cocacola, Normal, Capusigra, Bombona, San Ignacio, La Aurora, Calle10 Carrera 34 \u201333, Carrera 24 Calle 10 A 2 , La Riviera.<\/p>\n<p style=\"text-align: justify;\">Hora: 08:00 AM a 01:00 PM<\/p>\n<p style=\"text-align: justify;\">En los siguientes circuitos s\u00f3lo se suspender\u00e1 el servicio de energ\u00eda en los intervalos de tiempo mencionados, dado que se realizar\u00e1n transferencias de energ\u00edas desde otras subestaciones.<\/p>\n<p style=\"text-align: justify;\">Circuito 41PA02: Las Cuadras, Alambra, Gobernaci\u00f3n, Alcald\u00eda, Avenida Am\u00e9ricas, Telecom, Avenida Ecuador, Centro Comercial Sebasti\u00e1n, Banco Colombia, Hotel Sindagua, Iglesia La Merced, Hotel Chamb\u00fa, Polic\u00eda Nacional, Sa\u00f1udo, Calle 19 Carrera 17-20, Calle 17-19 Carrera 17-23, Calle 18 Carrera 20 \u201322, Carrera 26 Calle 18 \u2013 22, Colegio Javeriano, Casa Mettler, Cristo Rey, Calle 20 Carrera 36-19, Calle 17 Carrera 18 \u2013 24, Complejo Bancario, Almac\u00e9n \u00c9xito Centro, Banco Bogot\u00e1, La Panader\u00eda, Amorel.<\/p>\n<p>&nbsp;<\/p>\n<p style=\"text-align: justify;\">Hora: 08:00 AM a 08:30 AM y 01:00 PM a 01:30 PM<\/p>\n<p style=\"text-align: justify;\">Circuito 41PA03: Hospital Infantil, Bomberos, Aquine I \u2013 II \u2013 III, Cujacal Alto \u2013 Medio \u2013 Bajo \u2013 Puente Tabla, Hospital Civil \u2013 San Jos\u00e9 \u2013 Calle 21 Carrera 26 \u201336, Centenario, La Lomita I-II, Alameda, El Prado, Aquine Alto, Calle 22 Carrera 24-28, El Cilindro, Emas, Parque Periodistas, Calvario, Mercado los dos Puentes, Los Olivos, Aquine Reservado, El Com\u00fan, Avenida Santander, Normand\u00eda, Avenida Colombia, Belalcazar.<\/p>\n<p>&nbsp;<\/p>\n<p style=\"text-align: justify;\">Hora: 08:00 AM a 08:30 AM y 01:00 PM a 01:30 PM<\/p>\n<p style=\"text-align: justify;\">Circuito 41PA04: P\u00f3rtico CEDENAR S.A. E.S.P., Calle 18 entre Carrera 25 a 38, Carrera 38 entre Calles 20 a 18, Avenida Panamericana hasta Calle10, Minercol, San Juan XIII, Santa Rita, Seminario, Pinos del Norte, Universidad Cooperativa, Seminario Mayor, Villa Campestre, Maridiaz, Calle 17 entre Carreras 24 a 27, Carrera 27 \u2013 28 entre Calles 18 a 20, Palermo, Man\u00e1ca, Terranova, El Aljibe, Postob\u00f3n, Los Sauces, Universitario, Valle de Atriz, Almacaf\u00e9, Cl\u00ednica Palermo, Parque Infantil, El Dorado, Santa Ana, Pandiaco, Juanoy, Fedecaf\u00e9, Chapultepec, Altos de la Colina, Universidad Mariana.<\/p>\n<p>&nbsp;<\/p>\n<p style=\"text-align: justify;\">Hora: 08:00 AM a 08:30 AM y 01:00 PM a 01:30 PM<\/p>\n<p style=\"text-align: justify;\">Circuito 41PA05: Calle 20 entre Carreras 36 a 44, Hotel Morasurco, Estaci\u00f3n Morasurco, Carrera 39 entre Calles 20 a 22, Hospital San Pedro, V\u00eda Mapachico, Calle 15 entre Carreras 26 a 30, Urbanizaci\u00f3n Colpatria, Quintas de San Pedro, Transmisores Ondas del Mayo, Seguro Social San Andr\u00e9s, Condominio Morasurco, Carrera 40 entre Calle 13 a 20, Club del Comercio, Calle 16 Carreras 22 a 44, Hospital San Rafael, Carrera 26 entre Calle 15 a 27, Los Hex\u00e1gonos, Mariluz I II III, Panamericano, Mapachico, Parque Bombona, Zarama, El Mirador, Los Nogales, La Colina, San Rafael, San Andr\u00e9s, Maridiaz, Figueroa.<\/p>\n<p>&nbsp;<\/p>\n<p style=\"text-align: justify;\">Hora: 08:00 AM a 08:30 AM y 01:00 PM a 01:30 PM<\/p>\n<p style=\"text-align: justify;\">Circuito 41PA06: Universidad Nari\u00f1o Torobajo, Panamericana Salida Norte, San Juan de Daza, Polvor\u00edn, Guairabamba, San Antonio, Chachagui, Cantera Pepe Calder\u00f3n, Chachatoy, Pinazaco, Torobajo, Coba Negra, Julio Bravo, Villamoreno, El Rosal del Monte, ENERGAS, Meneses, Daza, La Pradera, Casabuy, Robles, Hato viejo, La Loma, Terrazas de Brise\u00f1o, Agua San Isidro, Meses Hurtado , Meneses Chavez, el Palmar, Quito Pamba el Cortijo, el vergel, san Isidro, La Esperanza, Campo Verde, Llamo Largo, M\u00e9xico, El Manzano, san Miguel, el Alto Monserrate, el Socorro.<\/p>\n","protected":false},"excerpt":{"rendered":"<p>Mediante comunicado de prensa la empresa CEDENAR S.A. E.S.P informa que con el fin de brindar un servicio de calidad a todos los usuarios del municipio de Pasto, personal de la empresa EQUANS SERVICES COLOMBIA en representaci\u00f3n de CEDENAR S.A. E.S.P. realizar\u00e1 instalaci\u00f3n de equipos de medida para aumentar la confiabilidad y calidad del servicio [&hellip;]<\/p>\n","protected":false},"author":1,"featured_media":51561,"comment_status":"open","ping_status":"open","sticky":false,"template":"","format":"standard","meta":{"footnotes":""},"categories":[82],"tags":[],"class_list":["post-58926","post","type-post","status-publish","format-standard","has-post-thumbnail","hentry","category-ciudad-2"],"yoast_head":"<!-- This site is optimized with the Yoast SEO plugin v27.1.1 - https:\/\/yoast.com\/product\/yoast-seo-wordpress\/ -->\n<title>En Pasto, suspensi\u00f3n programada del servicio de energ\u00eda para el pr\u00f3ximo martes. | P\u00e1gina10<\/title>\n<meta name=\"robots\" content=\"index, follow, max-snippet:-1, max-image-preview:large, max-video-preview:-1\" \/>\n<link rel=\"canonical\" href=\"https:\/\/pagina10.com\/web\/en-pasto-suspension-programada-del-servicio-de-energia-para-el-proximo-martes\/\" \/>\n<meta property=\"og:locale\" content=\"es_ES\" \/>\n<meta property=\"og:type\" content=\"article\" \/>\n<meta property=\"og:title\" content=\"En Pasto, suspensi\u00f3n programada del servicio de energ\u00eda para el pr\u00f3ximo martes. | P\u00e1gina10\" \/>\n<meta property=\"og:description\" content=\"Mediante comunicado de prensa la empresa CEDENAR S.A. E.S.P informa que con el fin de brindar un servicio de calidad a todos los usuarios del municipio de Pasto, personal de la empresa EQUANS SERVICES COLOMBIA en representaci\u00f3n de CEDENAR S.A. E.S.P. realizar\u00e1 instalaci\u00f3n de equipos de medida para aumentar la confiabilidad y calidad del servicio [&hellip;]\" \/>\n<meta property=\"og:url\" content=\"https:\/\/pagina10.com\/web\/en-pasto-suspension-programada-del-servicio-de-energia-para-el-proximo-martes\/\" \/>\n<meta property=\"og:site_name\" content=\"P\u00e1gina10\" \/>\n<meta property=\"article:publisher\" content=\"https:\/\/www.facebook.com\/pag10com\" \/>\n<meta property=\"article:published_time\" content=\"2022-04-09T10:16:34+00:00\" \/>\n<meta property=\"og:image\" content=\"https:\/\/pagina10.com\/web\/wp-content\/uploads\/2021\/04\/cedenar-blackwhite.jpg\" \/>\n\t<meta property=\"og:image:width\" content=\"1600\" \/>\n\t<meta property=\"og:image:height\" content=\"1200\" \/>\n\t<meta property=\"og:image:type\" content=\"image\/jpeg\" \/>\n<meta name=\"author\" content=\"P\u00e1gina 10\" \/>\n<meta name=\"twitter:card\" content=\"summary_large_image\" \/>\n<meta name=\"twitter:creator\" content=\"@Pag10com\" \/>\n<meta name=\"twitter:site\" content=\"@Pag10com\" \/>\n<meta name=\"twitter:label1\" content=\"Escrito por\" \/>\n\t<meta name=\"twitter:data1\" content=\"P\u00e1gina 10\" \/>\n\t<meta name=\"twitter:label2\" content=\"Tiempo de lectura\" \/>\n\t<meta name=\"twitter:data2\" content=\"3 minutos\" \/>\n<script type=\"application\/ld+json\" class=\"yoast-schema-graph\">{\"@context\":\"https:\/\/schema.org\",\"@graph\":[{\"@type\":\"Article\",\"@id\":\"https:\/\/pagina10.com\/web\/en-pasto-suspension-programada-del-servicio-de-energia-para-el-proximo-martes\/#article\",\"isPartOf\":{\"@id\":\"https:\/\/pagina10.com\/web\/en-pasto-suspension-programada-del-servicio-de-energia-para-el-proximo-martes\/\"},\"author\":{\"name\":\"P\u00e1gina 10\",\"@id\":\"https:\/\/pagina10.com\/web\/#\/schema\/person\/2efc4a090d25b667d3bc796798a3a81b\"},\"headline\":\"En Pasto, suspensi\u00f3n programada del servicio de energ\u00eda para el pr\u00f3ximo martes.\",\"datePublished\":\"2022-04-09T10:16:34+00:00\",\"mainEntityOfPage\":{\"@id\":\"https:\/\/pagina10.com\/web\/en-pasto-suspension-programada-del-servicio-de-energia-para-el-proximo-martes\/\"},\"wordCount\":608,\"commentCount\":0,\"publisher\":{\"@id\":\"https:\/\/pagina10.com\/web\/#organization\"},\"image\":{\"@id\":\"https:\/\/pagina10.com\/web\/en-pasto-suspension-programada-del-servicio-de-energia-para-el-proximo-martes\/#primaryimage\"},\"thumbnailUrl\":\"https:\/\/pagina10.com\/web\/wp-content\/uploads\/2021\/04\/cedenar-blackwhite.jpg\",\"articleSection\":[\"Ciudad\"],\"inLanguage\":\"es\",\"potentialAction\":[{\"@type\":\"CommentAction\",\"name\":\"Comment\",\"target\":[\"https:\/\/pagina10.com\/web\/en-pasto-suspension-programada-del-servicio-de-energia-para-el-proximo-martes\/#respond\"]}]},{\"@type\":\"WebPage\",\"@id\":\"https:\/\/pagina10.com\/web\/en-pasto-suspension-programada-del-servicio-de-energia-para-el-proximo-martes\/\",\"url\":\"https:\/\/pagina10.com\/web\/en-pasto-suspension-programada-del-servicio-de-energia-para-el-proximo-martes\/\",\"name\":\"En Pasto, suspensi\u00f3n programada del servicio de energ\u00eda para el pr\u00f3ximo martes. | P\u00e1gina10\",\"isPartOf\":{\"@id\":\"https:\/\/pagina10.com\/web\/#website\"},\"primaryImageOfPage\":{\"@id\":\"https:\/\/pagina10.com\/web\/en-pasto-suspension-programada-del-servicio-de-energia-para-el-proximo-martes\/#primaryimage\"},\"image\":{\"@id\":\"https:\/\/pagina10.com\/web\/en-pasto-suspension-programada-del-servicio-de-energia-para-el-proximo-martes\/#primaryimage\"},\"thumbnailUrl\":\"https:\/\/pagina10.com\/web\/wp-content\/uploads\/2021\/04\/cedenar-blackwhite.jpg\",\"datePublished\":\"2022-04-09T10:16:34+00:00\",\"breadcrumb\":{\"@id\":\"https:\/\/pagina10.com\/web\/en-pasto-suspension-programada-del-servicio-de-energia-para-el-proximo-martes\/#breadcrumb\"},\"inLanguage\":\"es\",\"potentialAction\":[{\"@type\":\"ReadAction\",\"target\":[\"https:\/\/pagina10.com\/web\/en-pasto-suspension-programada-del-servicio-de-energia-para-el-proximo-martes\/\"]}]},{\"@type\":\"ImageObject\",\"inLanguage\":\"es\",\"@id\":\"https:\/\/pagina10.com\/web\/en-pasto-suspension-programada-del-servicio-de-energia-para-el-proximo-martes\/#primaryimage\",\"url\":\"https:\/\/pagina10.com\/web\/wp-content\/uploads\/2021\/04\/cedenar-blackwhite.jpg\",\"contentUrl\":\"https:\/\/pagina10.com\/web\/wp-content\/uploads\/2021\/04\/cedenar-blackwhite.jpg\",\"width\":1600,\"height\":1200},{\"@type\":\"BreadcrumbList\",\"@id\":\"https:\/\/pagina10.com\/web\/en-pasto-suspension-programada-del-servicio-de-energia-para-el-proximo-martes\/#breadcrumb\",\"itemListElement\":[{\"@type\":\"ListItem\",\"position\":1,\"name\":\"Portada\",\"item\":\"https:\/\/pagina10.com\/web\/\"},{\"@type\":\"ListItem\",\"position\":2,\"name\":\"En Pasto, suspensi\u00f3n programada del servicio de energ\u00eda para el pr\u00f3ximo martes.\"}]},{\"@type\":\"WebSite\",\"@id\":\"https:\/\/pagina10.com\/web\/#website\",\"url\":\"https:\/\/pagina10.com\/web\/\",\"name\":\"P\u00e1gina10\",\"description\":\"Peri\u00f3dico Regional\",\"publisher\":{\"@id\":\"https:\/\/pagina10.com\/web\/#organization\"},\"alternateName\":\"P\u00e1gina10 Peri\u00f3dico Regional\",\"potentialAction\":[{\"@type\":\"SearchAction\",\"target\":{\"@type\":\"EntryPoint\",\"urlTemplate\":\"https:\/\/pagina10.com\/web\/?s={search_term_string}\"},\"query-input\":{\"@type\":\"PropertyValueSpecification\",\"valueRequired\":true,\"valueName\":\"search_term_string\"}}],\"inLanguage\":\"es\"},{\"@type\":\"Organization\",\"@id\":\"https:\/\/pagina10.com\/web\/#organization\",\"name\":\"P\u00e1gina10\",\"alternateName\":\"P\u00e1gina10 Peri\u00f3dico Regional\",\"url\":\"https:\/\/pagina10.com\/web\/\",\"logo\":{\"@type\":\"ImageObject\",\"inLanguage\":\"es\",\"@id\":\"https:\/\/pagina10.com\/web\/#\/schema\/logo\/image\/\",\"url\":\"https:\/\/pagina10.com\/web\/wp-content\/uploads\/2024\/01\/40-pagina-10-periodico-regional-pasto.jpg\",\"contentUrl\":\"https:\/\/pagina10.com\/web\/wp-content\/uploads\/2024\/01\/40-pagina-10-periodico-regional-pasto.jpg\",\"width\":1280,\"height\":720,\"caption\":\"P\u00e1gina10\"},\"image\":{\"@id\":\"https:\/\/pagina10.com\/web\/#\/schema\/logo\/image\/\"},\"sameAs\":[\"https:\/\/www.facebook.com\/pag10com\",\"https:\/\/x.com\/Pag10com\",\"https:\/\/www.instagram.com\/pagina10col\/\",\"https:\/\/youtube.com\/channel\/pag10\",\"https:\/\/www.tiktok.com\/@p10col\"]},{\"@type\":\"Person\",\"@id\":\"https:\/\/pagina10.com\/web\/#\/schema\/person\/2efc4a090d25b667d3bc796798a3a81b\",\"name\":\"P\u00e1gina 10\",\"description\":\"P\u00e1gina 10 es un peri\u00f3dico regional que nace en Colombia, en el departamento de Nari\u00f1o, con un enfoque global, fundamentado en cuatro pilares esenciales: la libertad, el pluralismo, la inclusi\u00f3n y la independencia. P\u00e1gina 10 hace referencia a Nari\u00f1o como el d\u00e9cimo departamento creado en Colombia, despu\u00e9s de un proceso pol\u00edtico liderado por actores y actrices regionales con el fin de obtener la independencia y autonom\u00eda de nuestros territorios. Con la creaci\u00f3n de P\u00e1gina 10 se pretende abrir un escenario para el dialogo, la reflexi\u00f3n y el debate que se extienda a otras geograf\u00edas de Am\u00e9rica Latina y del planeta, en una apuesta por transformar colectivamente los desaf\u00edos de un mundo contempor\u00e1neo, m\u00e1s all\u00e1 de las fronteras impuestas.\",\"url\":\"https:\/\/pagina10.com\/web\/author\/pdiezadmin\/\"}]}<\/script>\n<!-- \/ Yoast SEO plugin. -->","yoast_head_json":{"title":"En Pasto, suspensi\u00f3n programada del servicio de energ\u00eda para el pr\u00f3ximo martes. | P\u00e1gina10","robots":{"index":"index","follow":"follow","max-snippet":"max-snippet:-1","max-image-preview":"max-image-preview:large","max-video-preview":"max-video-preview:-1"},"canonical":"https:\/\/pagina10.com\/web\/en-pasto-suspension-programada-del-servicio-de-energia-para-el-proximo-martes\/","og_locale":"es_ES","og_type":"article","og_title":"En Pasto, suspensi\u00f3n programada del servicio de energ\u00eda para el pr\u00f3ximo martes. | P\u00e1gina10","og_description":"Mediante comunicado de prensa la empresa CEDENAR S.A. E.S.P informa que con el fin de brindar un servicio de calidad a todos los usuarios del municipio de Pasto, personal de la empresa EQUANS SERVICES COLOMBIA en representaci\u00f3n de CEDENAR S.A. E.S.P. realizar\u00e1 instalaci\u00f3n de equipos de medida para aumentar la confiabilidad y calidad del servicio [&hellip;]","og_url":"https:\/\/pagina10.com\/web\/en-pasto-suspension-programada-del-servicio-de-energia-para-el-proximo-martes\/","og_site_name":"P\u00e1gina10","article_publisher":"https:\/\/www.facebook.com\/pag10com","article_published_time":"2022-04-09T10:16:34+00:00","og_image":[{"width":1600,"height":1200,"url":"https:\/\/pagina10.com\/web\/wp-content\/uploads\/2021\/04\/cedenar-blackwhite.jpg","type":"image\/jpeg"}],"author":"P\u00e1gina 10","twitter_card":"summary_large_image","twitter_creator":"@Pag10com","twitter_site":"@Pag10com","twitter_misc":{"Escrito por":"P\u00e1gina 10","Tiempo de lectura":"3 minutos"},"schema":{"@context":"https:\/\/schema.org","@graph":[{"@type":"Article","@id":"https:\/\/pagina10.com\/web\/en-pasto-suspension-programada-del-servicio-de-energia-para-el-proximo-martes\/#article","isPartOf":{"@id":"https:\/\/pagina10.com\/web\/en-pasto-suspension-programada-del-servicio-de-energia-para-el-proximo-martes\/"},"author":{"name":"P\u00e1gina 10","@id":"https:\/\/pagina10.com\/web\/#\/schema\/person\/2efc4a090d25b667d3bc796798a3a81b"},"headline":"En Pasto, suspensi\u00f3n programada del servicio de energ\u00eda para el pr\u00f3ximo martes.","datePublished":"2022-04-09T10:16:34+00:00","mainEntityOfPage":{"@id":"https:\/\/pagina10.com\/web\/en-pasto-suspension-programada-del-servicio-de-energia-para-el-proximo-martes\/"},"wordCount":608,"commentCount":0,"publisher":{"@id":"https:\/\/pagina10.com\/web\/#organization"},"image":{"@id":"https:\/\/pagina10.com\/web\/en-pasto-suspension-programada-del-servicio-de-energia-para-el-proximo-martes\/#primaryimage"},"thumbnailUrl":"https:\/\/pagina10.com\/web\/wp-content\/uploads\/2021\/04\/cedenar-blackwhite.jpg","articleSection":["Ciudad"],"inLanguage":"es","potentialAction":[{"@type":"CommentAction","name":"Comment","target":["https:\/\/pagina10.com\/web\/en-pasto-suspension-programada-del-servicio-de-energia-para-el-proximo-martes\/#respond"]}]},{"@type":"WebPage","@id":"https:\/\/pagina10.com\/web\/en-pasto-suspension-programada-del-servicio-de-energia-para-el-proximo-martes\/","url":"https:\/\/pagina10.com\/web\/en-pasto-suspension-programada-del-servicio-de-energia-para-el-proximo-martes\/","name":"En Pasto, suspensi\u00f3n programada del servicio de energ\u00eda para el pr\u00f3ximo martes. | P\u00e1gina10","isPartOf":{"@id":"https:\/\/pagina10.com\/web\/#website"},"primaryImageOfPage":{"@id":"https:\/\/pagina10.com\/web\/en-pasto-suspension-programada-del-servicio-de-energia-para-el-proximo-martes\/#primaryimage"},"image":{"@id":"https:\/\/pagina10.com\/web\/en-pasto-suspension-programada-del-servicio-de-energia-para-el-proximo-martes\/#primaryimage"},"thumbnailUrl":"https:\/\/pagina10.com\/web\/wp-content\/uploads\/2021\/04\/cedenar-blackwhite.jpg","datePublished":"2022-04-09T10:16:34+00:00","breadcrumb":{"@id":"https:\/\/pagina10.com\/web\/en-pasto-suspension-programada-del-servicio-de-energia-para-el-proximo-martes\/#breadcrumb"},"inLanguage":"es","potentialAction":[{"@type":"ReadAction","target":["https:\/\/pagina10.com\/web\/en-pasto-suspension-programada-del-servicio-de-energia-para-el-proximo-martes\/"]}]},{"@type":"ImageObject","inLanguage":"es","@id":"https:\/\/pagina10.com\/web\/en-pasto-suspension-programada-del-servicio-de-energia-para-el-proximo-martes\/#primaryimage","url":"https:\/\/pagina10.com\/web\/wp-content\/uploads\/2021\/04\/cedenar-blackwhite.jpg","contentUrl":"https:\/\/pagina10.com\/web\/wp-content\/uploads\/2021\/04\/cedenar-blackwhite.jpg","width":1600,"height":1200},{"@type":"BreadcrumbList","@id":"https:\/\/pagina10.com\/web\/en-pasto-suspension-programada-del-servicio-de-energia-para-el-proximo-martes\/#breadcrumb","itemListElement":[{"@type":"ListItem","position":1,"name":"Portada","item":"https:\/\/pagina10.com\/web\/"},{"@type":"ListItem","position":2,"name":"En Pasto, suspensi\u00f3n programada del servicio de energ\u00eda para el pr\u00f3ximo martes."}]},{"@type":"WebSite","@id":"https:\/\/pagina10.com\/web\/#website","url":"https:\/\/pagina10.com\/web\/","name":"P\u00e1gina10","description":"Peri\u00f3dico Regional","publisher":{"@id":"https:\/\/pagina10.com\/web\/#organization"},"alternateName":"P\u00e1gina10 Peri\u00f3dico Regional","potentialAction":[{"@type":"SearchAction","target":{"@type":"EntryPoint","urlTemplate":"https:\/\/pagina10.com\/web\/?s={search_term_string}"},"query-input":{"@type":"PropertyValueSpecification","valueRequired":true,"valueName":"search_term_string"}}],"inLanguage":"es"},{"@type":"Organization","@id":"https:\/\/pagina10.com\/web\/#organization","name":"P\u00e1gina10","alternateName":"P\u00e1gina10 Peri\u00f3dico Regional","url":"https:\/\/pagina10.com\/web\/","logo":{"@type":"ImageObject","inLanguage":"es","@id":"https:\/\/pagina10.com\/web\/#\/schema\/logo\/image\/","url":"https:\/\/pagina10.com\/web\/wp-content\/uploads\/2024\/01\/40-pagina-10-periodico-regional-pasto.jpg","contentUrl":"https:\/\/pagina10.com\/web\/wp-content\/uploads\/2024\/01\/40-pagina-10-periodico-regional-pasto.jpg","width":1280,"height":720,"caption":"P\u00e1gina10"},"image":{"@id":"https:\/\/pagina10.com\/web\/#\/schema\/logo\/image\/"},"sameAs":["https:\/\/www.facebook.com\/pag10com","https:\/\/x.com\/Pag10com","https:\/\/www.instagram.com\/pagina10col\/","https:\/\/youtube.com\/channel\/pag10","https:\/\/www.tiktok.com\/@p10col"]},{"@type":"Person","@id":"https:\/\/pagina10.com\/web\/#\/schema\/person\/2efc4a090d25b667d3bc796798a3a81b","name":"P\u00e1gina 10","description":"P\u00e1gina 10 es un peri\u00f3dico regional que nace en Colombia, en el departamento de Nari\u00f1o, con un enfoque global, fundamentado en cuatro pilares esenciales: la libertad, el pluralismo, la inclusi\u00f3n y la independencia. P\u00e1gina 10 hace referencia a Nari\u00f1o como el d\u00e9cimo departamento creado en Colombia, despu\u00e9s de un proceso pol\u00edtico liderado por actores y actrices regionales con el fin de obtener la independencia y autonom\u00eda de nuestros territorios. Con la creaci\u00f3n de P\u00e1gina 10 se pretende abrir un escenario para el dialogo, la reflexi\u00f3n y el debate que se extienda a otras geograf\u00edas de Am\u00e9rica Latina y del planeta, en una apuesta por transformar colectivamente los desaf\u00edos de un mundo contempor\u00e1neo, m\u00e1s all\u00e1 de las fronteras impuestas.","url":"https:\/\/pagina10.com\/web\/author\/pdiezadmin\/"}]}},"_links":{"self":[{"href":"https:\/\/pagina10.com\/web\/wp-json\/wp\/v2\/posts\/58926","targetHints":{"allow":["GET"]}}],"collection":[{"href":"https:\/\/pagina10.com\/web\/wp-json\/wp\/v2\/posts"}],"about":[{"href":"https:\/\/pagina10.com\/web\/wp-json\/wp\/v2\/types\/post"}],"author":[{"embeddable":true,"href":"https:\/\/pagina10.com\/web\/wp-json\/wp\/v2\/users\/1"}],"replies":[{"embeddable":true,"href":"https:\/\/pagina10.com\/web\/wp-json\/wp\/v2\/comments?post=58926"}],"version-history":[{"count":1,"href":"https:\/\/pagina10.com\/web\/wp-json\/wp\/v2\/posts\/58926\/revisions"}],"predecessor-version":[{"id":58927,"href":"https:\/\/pagina10.com\/web\/wp-json\/wp\/v2\/posts\/58926\/revisions\/58927"}],"wp:featuredmedia":[{"embeddable":true,"href":"https:\/\/pagina10.com\/web\/wp-json\/wp\/v2\/media\/51561"}],"wp:attachment":[{"href":"https:\/\/pagina10.com\/web\/wp-json\/wp\/v2\/media?parent=58926"}],"wp:term":[{"taxonomy":"category","embeddable":true,"href":"https:\/\/pagina10.com\/web\/wp-json\/wp\/v2\/categories?post=58926"},{"taxonomy":"post_tag","embeddable":true,"href":"https:\/\/pagina10.com\/web\/wp-json\/wp\/v2\/tags?post=58926"}],"curies":[{"name":"wp","href":"https:\/\/api.w.org\/{rel}","templated":true}]}}