{"id":59044,"date":"2022-04-18T22:55:25","date_gmt":"2022-04-19T03:55:25","guid":{"rendered":"https:\/\/pagina10.com\/web\/?p=59044"},"modified":"2022-04-18T22:55:25","modified_gmt":"2022-04-19T03:55:25","slug":"alias-camilo-40-ahora-debera-responder-ante-la-justicia-de-estados-unidos-por-narcotrafico","status":"publish","type":"post","link":"https:\/\/pagina10.com\/web\/alias-camilo-40-ahora-debera-responder-ante-la-justicia-de-estados-unidos-por-narcotrafico\/","title":{"rendered":"Alias Camilo 40 ahora deber\u00e1 responder ante la justicia de Estados Unidos por narcotr\u00e1fico."},"content":{"rendered":"<p style=\"text-align: justify;\">Fiscal\u00eda notifica solicitud de extradici\u00f3n contra uno de los m\u00e1ximos cabecillas de \u2018Los Contadores\u2019<\/p>\n<p style=\"text-align: justify;\">Alias Camilo 40 permanece privado de la libertad por homicidios y desplazamiento de l\u00edderes sociales. Ahora, deber\u00e1 responder ante la justicia de Estados Unidos por narcotr\u00e1fico.<\/p>\n<p style=\"text-align: justify;\">Investigadores del CTI de la Fiscal\u00eda General de la Naci\u00f3n notificaron a Mario Mauricio Mor\u00e1n Guerrero, alias Camilo 40, de una solicitud de extradici\u00f3n en su contra elevada por la Corte del Distrito Este del Estado de Texas (Estados Unidos), que lo requiere por cargos relacionados con tr\u00e1fico trasnacional de estupefacientes.<\/p>\n<p style=\"text-align: justify;\">\u2018Camilo 40\u2019 ser\u00eda uno de los m\u00e1ximos cabecillas de la estructura criminal \u2018Los Contadores\u2019. De acuerdo con la petici\u00f3n internacional, habr\u00eda coordinado la salida de toneladas de clorhidrato de coca\u00edna por el Pac\u00edfico colombiano, con destino final Estados Unidos y algunos pa\u00edses de Centroam\u00e9rica.<\/p>\n<p style=\"text-align: justify;\">Actualmente, Mor\u00e1n Guerrero permanece privado de la c\u00e1rcel La Picota de Bogot\u00e1. En septiembre de 2021, fue capturado en Tulu\u00e1 (Valle del Cauca).<\/p>\n<p style=\"text-align: justify;\">En su momento, la Fiscal\u00eda lo vincul\u00f3 a un proceso por el homicidio del l\u00edder social y gobernador ind\u00edgena, Rodrigo Salazar Qui\u00f1ones, ocurrido el 9 de julio de 2020, en Tumaco (Nari\u00f1o). Asimismo, le fueron atribuidas amenazas y otras graves afectaciones contra defensores de derechos humanos, organizaciones campesinas y reincorporados en el sur del pa\u00eds.<\/p>\n<p style=\"text-align: justify;\">La Direcci\u00f3n de Asuntos Internacionales de la Fiscal\u00eda, a trav\u00e9s del Ministerio de Relaciones Exteriores, comunicar\u00e1 la presente notificaci\u00f3n a la Embajada de Estados Unidos en Colombia para que formalice el pedido de extradici\u00f3n y se surtan los tr\u00e1mites de ley. Esta informaci\u00f3n se publica por razones de inter\u00e9s general.<\/p>\n","protected":false},"excerpt":{"rendered":"<p>Fiscal\u00eda notifica solicitud de extradici\u00f3n contra uno de los m\u00e1ximos cabecillas de \u2018Los Contadores\u2019 Alias Camilo 40 permanece privado de la libertad por homicidios y desplazamiento de l\u00edderes sociales. Ahora, deber\u00e1 responder ante la justicia de Estados Unidos por narcotr\u00e1fico. Investigadores del CTI de la Fiscal\u00eda General de la Naci\u00f3n notificaron a Mario Mauricio Mor\u00e1n [&hellip;]<\/p>\n","protected":false},"author":1,"featured_media":59045,"comment_status":"open","ping_status":"open","sticky":false,"template":"","format":"standard","meta":{"footnotes":""},"categories":[61],"tags":[],"class_list":["post-59044","post","type-post","status-publish","format-standard","has-post-thumbnail","hentry","category-judicial"],"yoast_head":"<!-- This site is optimized with the Yoast SEO plugin v27.1.1 - https:\/\/yoast.com\/product\/yoast-seo-wordpress\/ -->\n<title>Alias Camilo 40 ahora deber\u00e1 responder ante la justicia de Estados Unidos por narcotr\u00e1fico. | P\u00e1gina10<\/title>\n<meta name=\"robots\" content=\"index, follow, max-snippet:-1, max-image-preview:large, max-video-preview:-1\" \/>\n<link rel=\"canonical\" href=\"https:\/\/pagina10.com\/web\/alias-camilo-40-ahora-debera-responder-ante-la-justicia-de-estados-unidos-por-narcotrafico\/\" \/>\n<meta property=\"og:locale\" content=\"es_ES\" \/>\n<meta property=\"og:type\" content=\"article\" \/>\n<meta property=\"og:title\" content=\"Alias Camilo 40 ahora deber\u00e1 responder ante la justicia de Estados Unidos por narcotr\u00e1fico. | P\u00e1gina10\" \/>\n<meta property=\"og:description\" content=\"Fiscal\u00eda notifica solicitud de extradici\u00f3n contra uno de los m\u00e1ximos cabecillas de \u2018Los Contadores\u2019 Alias Camilo 40 permanece privado de la libertad por homicidios y desplazamiento de l\u00edderes sociales. Ahora, deber\u00e1 responder ante la justicia de Estados Unidos por narcotr\u00e1fico. Investigadores del CTI de la Fiscal\u00eda General de la Naci\u00f3n notificaron a Mario Mauricio Mor\u00e1n [&hellip;]\" \/>\n<meta property=\"og:url\" content=\"https:\/\/pagina10.com\/web\/alias-camilo-40-ahora-debera-responder-ante-la-justicia-de-estados-unidos-por-narcotrafico\/\" \/>\n<meta property=\"og:site_name\" content=\"P\u00e1gina10\" \/>\n<meta property=\"article:publisher\" content=\"https:\/\/www.facebook.com\/pag10com\" \/>\n<meta property=\"article:published_time\" content=\"2022-04-19T03:55:25+00:00\" \/>\n<meta property=\"og:image\" content=\"https:\/\/pagina10.com\/web\/wp-content\/uploads\/2022\/04\/Captura-de-Pantalla-2022-04-18-a-las-10.54.45-p.-m..png\" \/>\n\t<meta property=\"og:image:width\" content=\"999\" \/>\n\t<meta property=\"og:image:height\" content=\"472\" \/>\n\t<meta property=\"og:image:type\" content=\"image\/png\" \/>\n<meta name=\"author\" content=\"P\u00e1gina 10\" \/>\n<meta name=\"twitter:card\" content=\"summary_large_image\" \/>\n<meta name=\"twitter:creator\" content=\"@Pag10com\" \/>\n<meta name=\"twitter:site\" content=\"@Pag10com\" \/>\n<meta name=\"twitter:label1\" content=\"Escrito por\" \/>\n\t<meta name=\"twitter:data1\" content=\"P\u00e1gina 10\" \/>\n\t<meta name=\"twitter:label2\" content=\"Tiempo de lectura\" \/>\n\t<meta name=\"twitter:data2\" content=\"1 minuto\" \/>\n<script type=\"application\/ld+json\" class=\"yoast-schema-graph\">{\"@context\":\"https:\/\/schema.org\",\"@graph\":[{\"@type\":\"Article\",\"@id\":\"https:\/\/pagina10.com\/web\/alias-camilo-40-ahora-debera-responder-ante-la-justicia-de-estados-unidos-por-narcotrafico\/#article\",\"isPartOf\":{\"@id\":\"https:\/\/pagina10.com\/web\/alias-camilo-40-ahora-debera-responder-ante-la-justicia-de-estados-unidos-por-narcotrafico\/\"},\"author\":{\"name\":\"P\u00e1gina 10\",\"@id\":\"https:\/\/pagina10.com\/web\/#\/schema\/person\/2efc4a090d25b667d3bc796798a3a81b\"},\"headline\":\"Alias Camilo 40 ahora deber\u00e1 responder ante la justicia de Estados Unidos por narcotr\u00e1fico.\",\"datePublished\":\"2022-04-19T03:55:25+00:00\",\"mainEntityOfPage\":{\"@id\":\"https:\/\/pagina10.com\/web\/alias-camilo-40-ahora-debera-responder-ante-la-justicia-de-estados-unidos-por-narcotrafico\/\"},\"wordCount\":305,\"commentCount\":0,\"publisher\":{\"@id\":\"https:\/\/pagina10.com\/web\/#organization\"},\"image\":{\"@id\":\"https:\/\/pagina10.com\/web\/alias-camilo-40-ahora-debera-responder-ante-la-justicia-de-estados-unidos-por-narcotrafico\/#primaryimage\"},\"thumbnailUrl\":\"https:\/\/pagina10.com\/web\/wp-content\/uploads\/2022\/04\/Captura-de-Pantalla-2022-04-18-a-las-10.54.45-p.-m..png\",\"articleSection\":[\"Judicial\"],\"inLanguage\":\"es\",\"potentialAction\":[{\"@type\":\"CommentAction\",\"name\":\"Comment\",\"target\":[\"https:\/\/pagina10.com\/web\/alias-camilo-40-ahora-debera-responder-ante-la-justicia-de-estados-unidos-por-narcotrafico\/#respond\"]}]},{\"@type\":\"WebPage\",\"@id\":\"https:\/\/pagina10.com\/web\/alias-camilo-40-ahora-debera-responder-ante-la-justicia-de-estados-unidos-por-narcotrafico\/\",\"url\":\"https:\/\/pagina10.com\/web\/alias-camilo-40-ahora-debera-responder-ante-la-justicia-de-estados-unidos-por-narcotrafico\/\",\"name\":\"Alias Camilo 40 ahora deber\u00e1 responder ante la justicia de Estados Unidos por narcotr\u00e1fico. | P\u00e1gina10\",\"isPartOf\":{\"@id\":\"https:\/\/pagina10.com\/web\/#website\"},\"primaryImageOfPage\":{\"@id\":\"https:\/\/pagina10.com\/web\/alias-camilo-40-ahora-debera-responder-ante-la-justicia-de-estados-unidos-por-narcotrafico\/#primaryimage\"},\"image\":{\"@id\":\"https:\/\/pagina10.com\/web\/alias-camilo-40-ahora-debera-responder-ante-la-justicia-de-estados-unidos-por-narcotrafico\/#primaryimage\"},\"thumbnailUrl\":\"https:\/\/pagina10.com\/web\/wp-content\/uploads\/2022\/04\/Captura-de-Pantalla-2022-04-18-a-las-10.54.45-p.-m..png\",\"datePublished\":\"2022-04-19T03:55:25+00:00\",\"breadcrumb\":{\"@id\":\"https:\/\/pagina10.com\/web\/alias-camilo-40-ahora-debera-responder-ante-la-justicia-de-estados-unidos-por-narcotrafico\/#breadcrumb\"},\"inLanguage\":\"es\",\"potentialAction\":[{\"@type\":\"ReadAction\",\"target\":[\"https:\/\/pagina10.com\/web\/alias-camilo-40-ahora-debera-responder-ante-la-justicia-de-estados-unidos-por-narcotrafico\/\"]}]},{\"@type\":\"ImageObject\",\"inLanguage\":\"es\",\"@id\":\"https:\/\/pagina10.com\/web\/alias-camilo-40-ahora-debera-responder-ante-la-justicia-de-estados-unidos-por-narcotrafico\/#primaryimage\",\"url\":\"https:\/\/pagina10.com\/web\/wp-content\/uploads\/2022\/04\/Captura-de-Pantalla-2022-04-18-a-las-10.54.45-p.-m..png\",\"contentUrl\":\"https:\/\/pagina10.com\/web\/wp-content\/uploads\/2022\/04\/Captura-de-Pantalla-2022-04-18-a-las-10.54.45-p.-m..png\",\"width\":999,\"height\":472},{\"@type\":\"BreadcrumbList\",\"@id\":\"https:\/\/pagina10.com\/web\/alias-camilo-40-ahora-debera-responder-ante-la-justicia-de-estados-unidos-por-narcotrafico\/#breadcrumb\",\"itemListElement\":[{\"@type\":\"ListItem\",\"position\":1,\"name\":\"Portada\",\"item\":\"https:\/\/pagina10.com\/web\/\"},{\"@type\":\"ListItem\",\"position\":2,\"name\":\"Alias Camilo 40 ahora deber\u00e1 responder ante la justicia de Estados Unidos por narcotr\u00e1fico.\"}]},{\"@type\":\"WebSite\",\"@id\":\"https:\/\/pagina10.com\/web\/#website\",\"url\":\"https:\/\/pagina10.com\/web\/\",\"name\":\"P\u00e1gina10\",\"description\":\"Peri\u00f3dico Regional\",\"publisher\":{\"@id\":\"https:\/\/pagina10.com\/web\/#organization\"},\"alternateName\":\"P\u00e1gina10 Peri\u00f3dico Regional\",\"potentialAction\":[{\"@type\":\"SearchAction\",\"target\":{\"@type\":\"EntryPoint\",\"urlTemplate\":\"https:\/\/pagina10.com\/web\/?s={search_term_string}\"},\"query-input\":{\"@type\":\"PropertyValueSpecification\",\"valueRequired\":true,\"valueName\":\"search_term_string\"}}],\"inLanguage\":\"es\"},{\"@type\":\"Organization\",\"@id\":\"https:\/\/pagina10.com\/web\/#organization\",\"name\":\"P\u00e1gina10\",\"alternateName\":\"P\u00e1gina10 Peri\u00f3dico Regional\",\"url\":\"https:\/\/pagina10.com\/web\/\",\"logo\":{\"@type\":\"ImageObject\",\"inLanguage\":\"es\",\"@id\":\"https:\/\/pagina10.com\/web\/#\/schema\/logo\/image\/\",\"url\":\"https:\/\/pagina10.com\/web\/wp-content\/uploads\/2024\/01\/40-pagina-10-periodico-regional-pasto.jpg\",\"contentUrl\":\"https:\/\/pagina10.com\/web\/wp-content\/uploads\/2024\/01\/40-pagina-10-periodico-regional-pasto.jpg\",\"width\":1280,\"height\":720,\"caption\":\"P\u00e1gina10\"},\"image\":{\"@id\":\"https:\/\/pagina10.com\/web\/#\/schema\/logo\/image\/\"},\"sameAs\":[\"https:\/\/www.facebook.com\/pag10com\",\"https:\/\/x.com\/Pag10com\",\"https:\/\/www.instagram.com\/pagina10col\/\",\"https:\/\/youtube.com\/channel\/pag10\",\"https:\/\/www.tiktok.com\/@p10col\"]},{\"@type\":\"Person\",\"@id\":\"https:\/\/pagina10.com\/web\/#\/schema\/person\/2efc4a090d25b667d3bc796798a3a81b\",\"name\":\"P\u00e1gina 10\",\"description\":\"P\u00e1gina 10 es un peri\u00f3dico regional que nace en Colombia, en el departamento de Nari\u00f1o, con un enfoque global, fundamentado en cuatro pilares esenciales: la libertad, el pluralismo, la inclusi\u00f3n y la independencia. P\u00e1gina 10 hace referencia a Nari\u00f1o como el d\u00e9cimo departamento creado en Colombia, despu\u00e9s de un proceso pol\u00edtico liderado por actores y actrices regionales con el fin de obtener la independencia y autonom\u00eda de nuestros territorios. Con la creaci\u00f3n de P\u00e1gina 10 se pretende abrir un escenario para el dialogo, la reflexi\u00f3n y el debate que se extienda a otras geograf\u00edas de Am\u00e9rica Latina y del planeta, en una apuesta por transformar colectivamente los desaf\u00edos de un mundo contempor\u00e1neo, m\u00e1s all\u00e1 de las fronteras impuestas.\",\"url\":\"https:\/\/pagina10.com\/web\/author\/pdiezadmin\/\"}]}<\/script>\n<!-- \/ Yoast SEO plugin. -->","yoast_head_json":{"title":"Alias Camilo 40 ahora deber\u00e1 responder ante la justicia de Estados Unidos por narcotr\u00e1fico. | P\u00e1gina10","robots":{"index":"index","follow":"follow","max-snippet":"max-snippet:-1","max-image-preview":"max-image-preview:large","max-video-preview":"max-video-preview:-1"},"canonical":"https:\/\/pagina10.com\/web\/alias-camilo-40-ahora-debera-responder-ante-la-justicia-de-estados-unidos-por-narcotrafico\/","og_locale":"es_ES","og_type":"article","og_title":"Alias Camilo 40 ahora deber\u00e1 responder ante la justicia de Estados Unidos por narcotr\u00e1fico. | P\u00e1gina10","og_description":"Fiscal\u00eda notifica solicitud de extradici\u00f3n contra uno de los m\u00e1ximos cabecillas de \u2018Los Contadores\u2019 Alias Camilo 40 permanece privado de la libertad por homicidios y desplazamiento de l\u00edderes sociales. Ahora, deber\u00e1 responder ante la justicia de Estados Unidos por narcotr\u00e1fico. Investigadores del CTI de la Fiscal\u00eda General de la Naci\u00f3n notificaron a Mario Mauricio Mor\u00e1n [&hellip;]","og_url":"https:\/\/pagina10.com\/web\/alias-camilo-40-ahora-debera-responder-ante-la-justicia-de-estados-unidos-por-narcotrafico\/","og_site_name":"P\u00e1gina10","article_publisher":"https:\/\/www.facebook.com\/pag10com","article_published_time":"2022-04-19T03:55:25+00:00","og_image":[{"width":999,"height":472,"url":"https:\/\/pagina10.com\/web\/wp-content\/uploads\/2022\/04\/Captura-de-Pantalla-2022-04-18-a-las-10.54.45-p.-m..png","type":"image\/png"}],"author":"P\u00e1gina 10","twitter_card":"summary_large_image","twitter_creator":"@Pag10com","twitter_site":"@Pag10com","twitter_misc":{"Escrito por":"P\u00e1gina 10","Tiempo de lectura":"1 minuto"},"schema":{"@context":"https:\/\/schema.org","@graph":[{"@type":"Article","@id":"https:\/\/pagina10.com\/web\/alias-camilo-40-ahora-debera-responder-ante-la-justicia-de-estados-unidos-por-narcotrafico\/#article","isPartOf":{"@id":"https:\/\/pagina10.com\/web\/alias-camilo-40-ahora-debera-responder-ante-la-justicia-de-estados-unidos-por-narcotrafico\/"},"author":{"name":"P\u00e1gina 10","@id":"https:\/\/pagina10.com\/web\/#\/schema\/person\/2efc4a090d25b667d3bc796798a3a81b"},"headline":"Alias Camilo 40 ahora deber\u00e1 responder ante la justicia de Estados Unidos por narcotr\u00e1fico.","datePublished":"2022-04-19T03:55:25+00:00","mainEntityOfPage":{"@id":"https:\/\/pagina10.com\/web\/alias-camilo-40-ahora-debera-responder-ante-la-justicia-de-estados-unidos-por-narcotrafico\/"},"wordCount":305,"commentCount":0,"publisher":{"@id":"https:\/\/pagina10.com\/web\/#organization"},"image":{"@id":"https:\/\/pagina10.com\/web\/alias-camilo-40-ahora-debera-responder-ante-la-justicia-de-estados-unidos-por-narcotrafico\/#primaryimage"},"thumbnailUrl":"https:\/\/pagina10.com\/web\/wp-content\/uploads\/2022\/04\/Captura-de-Pantalla-2022-04-18-a-las-10.54.45-p.-m..png","articleSection":["Judicial"],"inLanguage":"es","potentialAction":[{"@type":"CommentAction","name":"Comment","target":["https:\/\/pagina10.com\/web\/alias-camilo-40-ahora-debera-responder-ante-la-justicia-de-estados-unidos-por-narcotrafico\/#respond"]}]},{"@type":"WebPage","@id":"https:\/\/pagina10.com\/web\/alias-camilo-40-ahora-debera-responder-ante-la-justicia-de-estados-unidos-por-narcotrafico\/","url":"https:\/\/pagina10.com\/web\/alias-camilo-40-ahora-debera-responder-ante-la-justicia-de-estados-unidos-por-narcotrafico\/","name":"Alias Camilo 40 ahora deber\u00e1 responder ante la justicia de Estados Unidos por narcotr\u00e1fico. | P\u00e1gina10","isPartOf":{"@id":"https:\/\/pagina10.com\/web\/#website"},"primaryImageOfPage":{"@id":"https:\/\/pagina10.com\/web\/alias-camilo-40-ahora-debera-responder-ante-la-justicia-de-estados-unidos-por-narcotrafico\/#primaryimage"},"image":{"@id":"https:\/\/pagina10.com\/web\/alias-camilo-40-ahora-debera-responder-ante-la-justicia-de-estados-unidos-por-narcotrafico\/#primaryimage"},"thumbnailUrl":"https:\/\/pagina10.com\/web\/wp-content\/uploads\/2022\/04\/Captura-de-Pantalla-2022-04-18-a-las-10.54.45-p.-m..png","datePublished":"2022-04-19T03:55:25+00:00","breadcrumb":{"@id":"https:\/\/pagina10.com\/web\/alias-camilo-40-ahora-debera-responder-ante-la-justicia-de-estados-unidos-por-narcotrafico\/#breadcrumb"},"inLanguage":"es","potentialAction":[{"@type":"ReadAction","target":["https:\/\/pagina10.com\/web\/alias-camilo-40-ahora-debera-responder-ante-la-justicia-de-estados-unidos-por-narcotrafico\/"]}]},{"@type":"ImageObject","inLanguage":"es","@id":"https:\/\/pagina10.com\/web\/alias-camilo-40-ahora-debera-responder-ante-la-justicia-de-estados-unidos-por-narcotrafico\/#primaryimage","url":"https:\/\/pagina10.com\/web\/wp-content\/uploads\/2022\/04\/Captura-de-Pantalla-2022-04-18-a-las-10.54.45-p.-m..png","contentUrl":"https:\/\/pagina10.com\/web\/wp-content\/uploads\/2022\/04\/Captura-de-Pantalla-2022-04-18-a-las-10.54.45-p.-m..png","width":999,"height":472},{"@type":"BreadcrumbList","@id":"https:\/\/pagina10.com\/web\/alias-camilo-40-ahora-debera-responder-ante-la-justicia-de-estados-unidos-por-narcotrafico\/#breadcrumb","itemListElement":[{"@type":"ListItem","position":1,"name":"Portada","item":"https:\/\/pagina10.com\/web\/"},{"@type":"ListItem","position":2,"name":"Alias Camilo 40 ahora deber\u00e1 responder ante la justicia de Estados Unidos por narcotr\u00e1fico."}]},{"@type":"WebSite","@id":"https:\/\/pagina10.com\/web\/#website","url":"https:\/\/pagina10.com\/web\/","name":"P\u00e1gina10","description":"Peri\u00f3dico Regional","publisher":{"@id":"https:\/\/pagina10.com\/web\/#organization"},"alternateName":"P\u00e1gina10 Peri\u00f3dico Regional","potentialAction":[{"@type":"SearchAction","target":{"@type":"EntryPoint","urlTemplate":"https:\/\/pagina10.com\/web\/?s={search_term_string}"},"query-input":{"@type":"PropertyValueSpecification","valueRequired":true,"valueName":"search_term_string"}}],"inLanguage":"es"},{"@type":"Organization","@id":"https:\/\/pagina10.com\/web\/#organization","name":"P\u00e1gina10","alternateName":"P\u00e1gina10 Peri\u00f3dico Regional","url":"https:\/\/pagina10.com\/web\/","logo":{"@type":"ImageObject","inLanguage":"es","@id":"https:\/\/pagina10.com\/web\/#\/schema\/logo\/image\/","url":"https:\/\/pagina10.com\/web\/wp-content\/uploads\/2024\/01\/40-pagina-10-periodico-regional-pasto.jpg","contentUrl":"https:\/\/pagina10.com\/web\/wp-content\/uploads\/2024\/01\/40-pagina-10-periodico-regional-pasto.jpg","width":1280,"height":720,"caption":"P\u00e1gina10"},"image":{"@id":"https:\/\/pagina10.com\/web\/#\/schema\/logo\/image\/"},"sameAs":["https:\/\/www.facebook.com\/pag10com","https:\/\/x.com\/Pag10com","https:\/\/www.instagram.com\/pagina10col\/","https:\/\/youtube.com\/channel\/pag10","https:\/\/www.tiktok.com\/@p10col"]},{"@type":"Person","@id":"https:\/\/pagina10.com\/web\/#\/schema\/person\/2efc4a090d25b667d3bc796798a3a81b","name":"P\u00e1gina 10","description":"P\u00e1gina 10 es un peri\u00f3dico regional que nace en Colombia, en el departamento de Nari\u00f1o, con un enfoque global, fundamentado en cuatro pilares esenciales: la libertad, el pluralismo, la inclusi\u00f3n y la independencia. P\u00e1gina 10 hace referencia a Nari\u00f1o como el d\u00e9cimo departamento creado en Colombia, despu\u00e9s de un proceso pol\u00edtico liderado por actores y actrices regionales con el fin de obtener la independencia y autonom\u00eda de nuestros territorios. Con la creaci\u00f3n de P\u00e1gina 10 se pretende abrir un escenario para el dialogo, la reflexi\u00f3n y el debate que se extienda a otras geograf\u00edas de Am\u00e9rica Latina y del planeta, en una apuesta por transformar colectivamente los desaf\u00edos de un mundo contempor\u00e1neo, m\u00e1s all\u00e1 de las fronteras impuestas.","url":"https:\/\/pagina10.com\/web\/author\/pdiezadmin\/"}]}},"_links":{"self":[{"href":"https:\/\/pagina10.com\/web\/wp-json\/wp\/v2\/posts\/59044","targetHints":{"allow":["GET"]}}],"collection":[{"href":"https:\/\/pagina10.com\/web\/wp-json\/wp\/v2\/posts"}],"about":[{"href":"https:\/\/pagina10.com\/web\/wp-json\/wp\/v2\/types\/post"}],"author":[{"embeddable":true,"href":"https:\/\/pagina10.com\/web\/wp-json\/wp\/v2\/users\/1"}],"replies":[{"embeddable":true,"href":"https:\/\/pagina10.com\/web\/wp-json\/wp\/v2\/comments?post=59044"}],"version-history":[{"count":1,"href":"https:\/\/pagina10.com\/web\/wp-json\/wp\/v2\/posts\/59044\/revisions"}],"predecessor-version":[{"id":59046,"href":"https:\/\/pagina10.com\/web\/wp-json\/wp\/v2\/posts\/59044\/revisions\/59046"}],"wp:featuredmedia":[{"embeddable":true,"href":"https:\/\/pagina10.com\/web\/wp-json\/wp\/v2\/media\/59045"}],"wp:attachment":[{"href":"https:\/\/pagina10.com\/web\/wp-json\/wp\/v2\/media?parent=59044"}],"wp:term":[{"taxonomy":"category","embeddable":true,"href":"https:\/\/pagina10.com\/web\/wp-json\/wp\/v2\/categories?post=59044"},{"taxonomy":"post_tag","embeddable":true,"href":"https:\/\/pagina10.com\/web\/wp-json\/wp\/v2\/tags?post=59044"}],"curies":[{"name":"wp","href":"https:\/\/api.w.org\/{rel}","templated":true}]}}