{"id":59181,"date":"2022-04-28T21:58:00","date_gmt":"2022-04-29T02:58:00","guid":{"rendered":"https:\/\/pagina10.com\/web\/?p=59181"},"modified":"2022-04-28T21:58:00","modified_gmt":"2022-04-29T02:58:00","slug":"afectacion-por-lluvias-en-el-municipio-de-san-bernardo","status":"publish","type":"post","link":"https:\/\/pagina10.com\/web\/afectacion-por-lluvias-en-el-municipio-de-san-bernardo\/","title":{"rendered":"Afectaci\u00f3n por lluvias en el municipio de San Bernardo."},"content":{"rendered":"<p style=\"text-align: justify;\">Debido a las fuertes lluvias en el Norte de Nari\u00f1o, se informa el incremento de la quebrada El Rollo, en el municipio de San Bernardo, lo que genera colapso de tres viviendas en la vereda Los Alpes.<\/p>\n<p style=\"text-align: justify;\">De acuerdo a la informaci\u00f3n suministrada por el Consejo Municipal de Gesti\u00f3n del Riesgo de Desastres -CMGRD del municipio, la vivienda fue evacuada previamente por la afectaci\u00f3n anterior; se present\u00f3 la reubicaci\u00f3n de la familia en el momento, no se reportan personas heridas o desaparecidas.<\/p>\n<p style=\"text-align: justify;\">Ma\u00f1ana se realizar\u00e1 la inspecci\u00f3n de la afectaci\u00f3n.<\/p>\n","protected":false},"excerpt":{"rendered":"<p>Debido a las fuertes lluvias en el Norte de Nari\u00f1o, se informa el incremento de la quebrada El Rollo, en el municipio de San Bernardo, lo que genera colapso de tres viviendas en la vereda Los Alpes. De acuerdo a la informaci\u00f3n suministrada por el Consejo Municipal de Gesti\u00f3n del Riesgo de Desastres -CMGRD del [&hellip;]<\/p>\n","protected":false},"author":1,"featured_media":59182,"comment_status":"open","ping_status":"open","sticky":false,"template":"","format":"standard","meta":{"footnotes":""},"categories":[14],"tags":[],"class_list":["post-59181","post","type-post","status-publish","format-standard","has-post-thumbnail","hentry","category-narino-actual"],"yoast_head":"<!-- This site is optimized with the Yoast SEO plugin v27.1.1 - https:\/\/yoast.com\/product\/yoast-seo-wordpress\/ -->\n<title>Afectaci\u00f3n por lluvias en el municipio de San Bernardo. | P\u00e1gina10<\/title>\n<meta name=\"robots\" content=\"index, follow, max-snippet:-1, max-image-preview:large, max-video-preview:-1\" \/>\n<link rel=\"canonical\" href=\"https:\/\/pagina10.com\/web\/afectacion-por-lluvias-en-el-municipio-de-san-bernardo\/\" \/>\n<meta property=\"og:locale\" content=\"es_ES\" \/>\n<meta property=\"og:type\" content=\"article\" \/>\n<meta property=\"og:title\" content=\"Afectaci\u00f3n por lluvias en el municipio de San Bernardo. | P\u00e1gina10\" \/>\n<meta property=\"og:description\" content=\"Debido a las fuertes lluvias en el Norte de Nari\u00f1o, se informa el incremento de la quebrada El Rollo, en el municipio de San Bernardo, lo que genera colapso de tres viviendas en la vereda Los Alpes. De acuerdo a la informaci\u00f3n suministrada por el Consejo Municipal de Gesti\u00f3n del Riesgo de Desastres -CMGRD del [&hellip;]\" \/>\n<meta property=\"og:url\" content=\"https:\/\/pagina10.com\/web\/afectacion-por-lluvias-en-el-municipio-de-san-bernardo\/\" \/>\n<meta property=\"og:site_name\" content=\"P\u00e1gina10\" \/>\n<meta property=\"article:publisher\" content=\"https:\/\/www.facebook.com\/pag10com\" \/>\n<meta property=\"article:published_time\" content=\"2022-04-29T02:58:00+00:00\" \/>\n<meta property=\"og:image\" content=\"https:\/\/pagina10.com\/web\/wp-content\/uploads\/2022\/04\/Captura-de-Pantalla-2022-04-28-a-las-9.56.53-p.-m..png\" \/>\n\t<meta property=\"og:image:width\" content=\"518\" \/>\n\t<meta property=\"og:image:height\" content=\"304\" \/>\n\t<meta property=\"og:image:type\" content=\"image\/png\" \/>\n<meta name=\"author\" content=\"P\u00e1gina 10\" \/>\n<meta name=\"twitter:card\" content=\"summary_large_image\" \/>\n<meta name=\"twitter:creator\" content=\"@Pag10com\" \/>\n<meta name=\"twitter:site\" content=\"@Pag10com\" \/>\n<meta name=\"twitter:label1\" content=\"Escrito por\" \/>\n\t<meta name=\"twitter:data1\" content=\"P\u00e1gina 10\" \/>\n<script type=\"application\/ld+json\" class=\"yoast-schema-graph\">{\"@context\":\"https:\/\/schema.org\",\"@graph\":[{\"@type\":\"Article\",\"@id\":\"https:\/\/pagina10.com\/web\/afectacion-por-lluvias-en-el-municipio-de-san-bernardo\/#article\",\"isPartOf\":{\"@id\":\"https:\/\/pagina10.com\/web\/afectacion-por-lluvias-en-el-municipio-de-san-bernardo\/\"},\"author\":{\"name\":\"P\u00e1gina 10\",\"@id\":\"https:\/\/pagina10.com\/web\/#\/schema\/person\/2efc4a090d25b667d3bc796798a3a81b\"},\"headline\":\"Afectaci\u00f3n por lluvias en el municipio de San Bernardo.\",\"datePublished\":\"2022-04-29T02:58:00+00:00\",\"mainEntityOfPage\":{\"@id\":\"https:\/\/pagina10.com\/web\/afectacion-por-lluvias-en-el-municipio-de-san-bernardo\/\"},\"wordCount\":108,\"commentCount\":0,\"publisher\":{\"@id\":\"https:\/\/pagina10.com\/web\/#organization\"},\"image\":{\"@id\":\"https:\/\/pagina10.com\/web\/afectacion-por-lluvias-en-el-municipio-de-san-bernardo\/#primaryimage\"},\"thumbnailUrl\":\"https:\/\/pagina10.com\/web\/wp-content\/uploads\/2022\/04\/Captura-de-Pantalla-2022-04-28-a-las-9.56.53-p.-m..png\",\"articleSection\":[\"Nari\u00f1o Actual\"],\"inLanguage\":\"es\",\"potentialAction\":[{\"@type\":\"CommentAction\",\"name\":\"Comment\",\"target\":[\"https:\/\/pagina10.com\/web\/afectacion-por-lluvias-en-el-municipio-de-san-bernardo\/#respond\"]}]},{\"@type\":\"WebPage\",\"@id\":\"https:\/\/pagina10.com\/web\/afectacion-por-lluvias-en-el-municipio-de-san-bernardo\/\",\"url\":\"https:\/\/pagina10.com\/web\/afectacion-por-lluvias-en-el-municipio-de-san-bernardo\/\",\"name\":\"Afectaci\u00f3n por lluvias en el municipio de San Bernardo. | P\u00e1gina10\",\"isPartOf\":{\"@id\":\"https:\/\/pagina10.com\/web\/#website\"},\"primaryImageOfPage\":{\"@id\":\"https:\/\/pagina10.com\/web\/afectacion-por-lluvias-en-el-municipio-de-san-bernardo\/#primaryimage\"},\"image\":{\"@id\":\"https:\/\/pagina10.com\/web\/afectacion-por-lluvias-en-el-municipio-de-san-bernardo\/#primaryimage\"},\"thumbnailUrl\":\"https:\/\/pagina10.com\/web\/wp-content\/uploads\/2022\/04\/Captura-de-Pantalla-2022-04-28-a-las-9.56.53-p.-m..png\",\"datePublished\":\"2022-04-29T02:58:00+00:00\",\"breadcrumb\":{\"@id\":\"https:\/\/pagina10.com\/web\/afectacion-por-lluvias-en-el-municipio-de-san-bernardo\/#breadcrumb\"},\"inLanguage\":\"es\",\"potentialAction\":[{\"@type\":\"ReadAction\",\"target\":[\"https:\/\/pagina10.com\/web\/afectacion-por-lluvias-en-el-municipio-de-san-bernardo\/\"]}]},{\"@type\":\"ImageObject\",\"inLanguage\":\"es\",\"@id\":\"https:\/\/pagina10.com\/web\/afectacion-por-lluvias-en-el-municipio-de-san-bernardo\/#primaryimage\",\"url\":\"https:\/\/pagina10.com\/web\/wp-content\/uploads\/2022\/04\/Captura-de-Pantalla-2022-04-28-a-las-9.56.53-p.-m..png\",\"contentUrl\":\"https:\/\/pagina10.com\/web\/wp-content\/uploads\/2022\/04\/Captura-de-Pantalla-2022-04-28-a-las-9.56.53-p.-m..png\",\"width\":518,\"height\":304},{\"@type\":\"BreadcrumbList\",\"@id\":\"https:\/\/pagina10.com\/web\/afectacion-por-lluvias-en-el-municipio-de-san-bernardo\/#breadcrumb\",\"itemListElement\":[{\"@type\":\"ListItem\",\"position\":1,\"name\":\"Portada\",\"item\":\"https:\/\/pagina10.com\/web\/\"},{\"@type\":\"ListItem\",\"position\":2,\"name\":\"Afectaci\u00f3n por lluvias en el municipio de San Bernardo.\"}]},{\"@type\":\"WebSite\",\"@id\":\"https:\/\/pagina10.com\/web\/#website\",\"url\":\"https:\/\/pagina10.com\/web\/\",\"name\":\"P\u00e1gina10\",\"description\":\"Peri\u00f3dico Regional\",\"publisher\":{\"@id\":\"https:\/\/pagina10.com\/web\/#organization\"},\"alternateName\":\"P\u00e1gina10 Peri\u00f3dico Regional\",\"potentialAction\":[{\"@type\":\"SearchAction\",\"target\":{\"@type\":\"EntryPoint\",\"urlTemplate\":\"https:\/\/pagina10.com\/web\/?s={search_term_string}\"},\"query-input\":{\"@type\":\"PropertyValueSpecification\",\"valueRequired\":true,\"valueName\":\"search_term_string\"}}],\"inLanguage\":\"es\"},{\"@type\":\"Organization\",\"@id\":\"https:\/\/pagina10.com\/web\/#organization\",\"name\":\"P\u00e1gina10\",\"alternateName\":\"P\u00e1gina10 Peri\u00f3dico Regional\",\"url\":\"https:\/\/pagina10.com\/web\/\",\"logo\":{\"@type\":\"ImageObject\",\"inLanguage\":\"es\",\"@id\":\"https:\/\/pagina10.com\/web\/#\/schema\/logo\/image\/\",\"url\":\"https:\/\/pagina10.com\/web\/wp-content\/uploads\/2024\/01\/40-pagina-10-periodico-regional-pasto.jpg\",\"contentUrl\":\"https:\/\/pagina10.com\/web\/wp-content\/uploads\/2024\/01\/40-pagina-10-periodico-regional-pasto.jpg\",\"width\":1280,\"height\":720,\"caption\":\"P\u00e1gina10\"},\"image\":{\"@id\":\"https:\/\/pagina10.com\/web\/#\/schema\/logo\/image\/\"},\"sameAs\":[\"https:\/\/www.facebook.com\/pag10com\",\"https:\/\/x.com\/Pag10com\",\"https:\/\/www.instagram.com\/pagina10col\/\",\"https:\/\/youtube.com\/channel\/pag10\",\"https:\/\/www.tiktok.com\/@p10col\"]},{\"@type\":\"Person\",\"@id\":\"https:\/\/pagina10.com\/web\/#\/schema\/person\/2efc4a090d25b667d3bc796798a3a81b\",\"name\":\"P\u00e1gina 10\",\"description\":\"P\u00e1gina 10 es un peri\u00f3dico regional que nace en Colombia, en el departamento de Nari\u00f1o, con un enfoque global, fundamentado en cuatro pilares esenciales: la libertad, el pluralismo, la inclusi\u00f3n y la independencia. P\u00e1gina 10 hace referencia a Nari\u00f1o como el d\u00e9cimo departamento creado en Colombia, despu\u00e9s de un proceso pol\u00edtico liderado por actores y actrices regionales con el fin de obtener la independencia y autonom\u00eda de nuestros territorios. Con la creaci\u00f3n de P\u00e1gina 10 se pretende abrir un escenario para el dialogo, la reflexi\u00f3n y el debate que se extienda a otras geograf\u00edas de Am\u00e9rica Latina y del planeta, en una apuesta por transformar colectivamente los desaf\u00edos de un mundo contempor\u00e1neo, m\u00e1s all\u00e1 de las fronteras impuestas.\",\"url\":\"https:\/\/pagina10.com\/web\/author\/pdiezadmin\/\"}]}<\/script>\n<!-- \/ Yoast SEO plugin. -->","yoast_head_json":{"title":"Afectaci\u00f3n por lluvias en el municipio de San Bernardo. | P\u00e1gina10","robots":{"index":"index","follow":"follow","max-snippet":"max-snippet:-1","max-image-preview":"max-image-preview:large","max-video-preview":"max-video-preview:-1"},"canonical":"https:\/\/pagina10.com\/web\/afectacion-por-lluvias-en-el-municipio-de-san-bernardo\/","og_locale":"es_ES","og_type":"article","og_title":"Afectaci\u00f3n por lluvias en el municipio de San Bernardo. | P\u00e1gina10","og_description":"Debido a las fuertes lluvias en el Norte de Nari\u00f1o, se informa el incremento de la quebrada El Rollo, en el municipio de San Bernardo, lo que genera colapso de tres viviendas en la vereda Los Alpes. De acuerdo a la informaci\u00f3n suministrada por el Consejo Municipal de Gesti\u00f3n del Riesgo de Desastres -CMGRD del [&hellip;]","og_url":"https:\/\/pagina10.com\/web\/afectacion-por-lluvias-en-el-municipio-de-san-bernardo\/","og_site_name":"P\u00e1gina10","article_publisher":"https:\/\/www.facebook.com\/pag10com","article_published_time":"2022-04-29T02:58:00+00:00","og_image":[{"width":518,"height":304,"url":"https:\/\/pagina10.com\/web\/wp-content\/uploads\/2022\/04\/Captura-de-Pantalla-2022-04-28-a-las-9.56.53-p.-m..png","type":"image\/png"}],"author":"P\u00e1gina 10","twitter_card":"summary_large_image","twitter_creator":"@Pag10com","twitter_site":"@Pag10com","twitter_misc":{"Escrito por":"P\u00e1gina 10"},"schema":{"@context":"https:\/\/schema.org","@graph":[{"@type":"Article","@id":"https:\/\/pagina10.com\/web\/afectacion-por-lluvias-en-el-municipio-de-san-bernardo\/#article","isPartOf":{"@id":"https:\/\/pagina10.com\/web\/afectacion-por-lluvias-en-el-municipio-de-san-bernardo\/"},"author":{"name":"P\u00e1gina 10","@id":"https:\/\/pagina10.com\/web\/#\/schema\/person\/2efc4a090d25b667d3bc796798a3a81b"},"headline":"Afectaci\u00f3n por lluvias en el municipio de San Bernardo.","datePublished":"2022-04-29T02:58:00+00:00","mainEntityOfPage":{"@id":"https:\/\/pagina10.com\/web\/afectacion-por-lluvias-en-el-municipio-de-san-bernardo\/"},"wordCount":108,"commentCount":0,"publisher":{"@id":"https:\/\/pagina10.com\/web\/#organization"},"image":{"@id":"https:\/\/pagina10.com\/web\/afectacion-por-lluvias-en-el-municipio-de-san-bernardo\/#primaryimage"},"thumbnailUrl":"https:\/\/pagina10.com\/web\/wp-content\/uploads\/2022\/04\/Captura-de-Pantalla-2022-04-28-a-las-9.56.53-p.-m..png","articleSection":["Nari\u00f1o Actual"],"inLanguage":"es","potentialAction":[{"@type":"CommentAction","name":"Comment","target":["https:\/\/pagina10.com\/web\/afectacion-por-lluvias-en-el-municipio-de-san-bernardo\/#respond"]}]},{"@type":"WebPage","@id":"https:\/\/pagina10.com\/web\/afectacion-por-lluvias-en-el-municipio-de-san-bernardo\/","url":"https:\/\/pagina10.com\/web\/afectacion-por-lluvias-en-el-municipio-de-san-bernardo\/","name":"Afectaci\u00f3n por lluvias en el municipio de San Bernardo. | P\u00e1gina10","isPartOf":{"@id":"https:\/\/pagina10.com\/web\/#website"},"primaryImageOfPage":{"@id":"https:\/\/pagina10.com\/web\/afectacion-por-lluvias-en-el-municipio-de-san-bernardo\/#primaryimage"},"image":{"@id":"https:\/\/pagina10.com\/web\/afectacion-por-lluvias-en-el-municipio-de-san-bernardo\/#primaryimage"},"thumbnailUrl":"https:\/\/pagina10.com\/web\/wp-content\/uploads\/2022\/04\/Captura-de-Pantalla-2022-04-28-a-las-9.56.53-p.-m..png","datePublished":"2022-04-29T02:58:00+00:00","breadcrumb":{"@id":"https:\/\/pagina10.com\/web\/afectacion-por-lluvias-en-el-municipio-de-san-bernardo\/#breadcrumb"},"inLanguage":"es","potentialAction":[{"@type":"ReadAction","target":["https:\/\/pagina10.com\/web\/afectacion-por-lluvias-en-el-municipio-de-san-bernardo\/"]}]},{"@type":"ImageObject","inLanguage":"es","@id":"https:\/\/pagina10.com\/web\/afectacion-por-lluvias-en-el-municipio-de-san-bernardo\/#primaryimage","url":"https:\/\/pagina10.com\/web\/wp-content\/uploads\/2022\/04\/Captura-de-Pantalla-2022-04-28-a-las-9.56.53-p.-m..png","contentUrl":"https:\/\/pagina10.com\/web\/wp-content\/uploads\/2022\/04\/Captura-de-Pantalla-2022-04-28-a-las-9.56.53-p.-m..png","width":518,"height":304},{"@type":"BreadcrumbList","@id":"https:\/\/pagina10.com\/web\/afectacion-por-lluvias-en-el-municipio-de-san-bernardo\/#breadcrumb","itemListElement":[{"@type":"ListItem","position":1,"name":"Portada","item":"https:\/\/pagina10.com\/web\/"},{"@type":"ListItem","position":2,"name":"Afectaci\u00f3n por lluvias en el municipio de San Bernardo."}]},{"@type":"WebSite","@id":"https:\/\/pagina10.com\/web\/#website","url":"https:\/\/pagina10.com\/web\/","name":"P\u00e1gina10","description":"Peri\u00f3dico Regional","publisher":{"@id":"https:\/\/pagina10.com\/web\/#organization"},"alternateName":"P\u00e1gina10 Peri\u00f3dico Regional","potentialAction":[{"@type":"SearchAction","target":{"@type":"EntryPoint","urlTemplate":"https:\/\/pagina10.com\/web\/?s={search_term_string}"},"query-input":{"@type":"PropertyValueSpecification","valueRequired":true,"valueName":"search_term_string"}}],"inLanguage":"es"},{"@type":"Organization","@id":"https:\/\/pagina10.com\/web\/#organization","name":"P\u00e1gina10","alternateName":"P\u00e1gina10 Peri\u00f3dico Regional","url":"https:\/\/pagina10.com\/web\/","logo":{"@type":"ImageObject","inLanguage":"es","@id":"https:\/\/pagina10.com\/web\/#\/schema\/logo\/image\/","url":"https:\/\/pagina10.com\/web\/wp-content\/uploads\/2024\/01\/40-pagina-10-periodico-regional-pasto.jpg","contentUrl":"https:\/\/pagina10.com\/web\/wp-content\/uploads\/2024\/01\/40-pagina-10-periodico-regional-pasto.jpg","width":1280,"height":720,"caption":"P\u00e1gina10"},"image":{"@id":"https:\/\/pagina10.com\/web\/#\/schema\/logo\/image\/"},"sameAs":["https:\/\/www.facebook.com\/pag10com","https:\/\/x.com\/Pag10com","https:\/\/www.instagram.com\/pagina10col\/","https:\/\/youtube.com\/channel\/pag10","https:\/\/www.tiktok.com\/@p10col"]},{"@type":"Person","@id":"https:\/\/pagina10.com\/web\/#\/schema\/person\/2efc4a090d25b667d3bc796798a3a81b","name":"P\u00e1gina 10","description":"P\u00e1gina 10 es un peri\u00f3dico regional que nace en Colombia, en el departamento de Nari\u00f1o, con un enfoque global, fundamentado en cuatro pilares esenciales: la libertad, el pluralismo, la inclusi\u00f3n y la independencia. P\u00e1gina 10 hace referencia a Nari\u00f1o como el d\u00e9cimo departamento creado en Colombia, despu\u00e9s de un proceso pol\u00edtico liderado por actores y actrices regionales con el fin de obtener la independencia y autonom\u00eda de nuestros territorios. Con la creaci\u00f3n de P\u00e1gina 10 se pretende abrir un escenario para el dialogo, la reflexi\u00f3n y el debate que se extienda a otras geograf\u00edas de Am\u00e9rica Latina y del planeta, en una apuesta por transformar colectivamente los desaf\u00edos de un mundo contempor\u00e1neo, m\u00e1s all\u00e1 de las fronteras impuestas.","url":"https:\/\/pagina10.com\/web\/author\/pdiezadmin\/"}]}},"_links":{"self":[{"href":"https:\/\/pagina10.com\/web\/wp-json\/wp\/v2\/posts\/59181","targetHints":{"allow":["GET"]}}],"collection":[{"href":"https:\/\/pagina10.com\/web\/wp-json\/wp\/v2\/posts"}],"about":[{"href":"https:\/\/pagina10.com\/web\/wp-json\/wp\/v2\/types\/post"}],"author":[{"embeddable":true,"href":"https:\/\/pagina10.com\/web\/wp-json\/wp\/v2\/users\/1"}],"replies":[{"embeddable":true,"href":"https:\/\/pagina10.com\/web\/wp-json\/wp\/v2\/comments?post=59181"}],"version-history":[{"count":1,"href":"https:\/\/pagina10.com\/web\/wp-json\/wp\/v2\/posts\/59181\/revisions"}],"predecessor-version":[{"id":59183,"href":"https:\/\/pagina10.com\/web\/wp-json\/wp\/v2\/posts\/59181\/revisions\/59183"}],"wp:featuredmedia":[{"embeddable":true,"href":"https:\/\/pagina10.com\/web\/wp-json\/wp\/v2\/media\/59182"}],"wp:attachment":[{"href":"https:\/\/pagina10.com\/web\/wp-json\/wp\/v2\/media?parent=59181"}],"wp:term":[{"taxonomy":"category","embeddable":true,"href":"https:\/\/pagina10.com\/web\/wp-json\/wp\/v2\/categories?post=59181"},{"taxonomy":"post_tag","embeddable":true,"href":"https:\/\/pagina10.com\/web\/wp-json\/wp\/v2\/tags?post=59181"}],"curies":[{"name":"wp","href":"https:\/\/api.w.org\/{rel}","templated":true}]}}