{"id":59341,"date":"2022-05-10T12:01:17","date_gmt":"2022-05-10T17:01:17","guid":{"rendered":"https:\/\/pagina10.com\/web\/?p=59341"},"modified":"2022-05-10T12:01:17","modified_gmt":"2022-05-10T17:01:17","slug":"avanzan-procesos-de-rehabilitacion-de-vias-afectadas-por-las-lluvias","status":"publish","type":"post","link":"https:\/\/pagina10.com\/web\/avanzan-procesos-de-rehabilitacion-de-vias-afectadas-por-las-lluvias\/","title":{"rendered":"Avanzan procesos de rehabilitaci\u00f3n de v\u00edas afectadas por las lluvias"},"content":{"rendered":"<div style=\"text-align: justify;\">La Gobernaci\u00f3n de Nari\u00f1o, a trav\u00e9s de la Secretar\u00eda de Infraestructura y Minas, contin\u00faa atendiendo diferentes corredores viales afectados por las lluvias en el Departamento.<\/div>\n<div style=\"text-align: justify;\"><\/div>\n<div style=\"text-align: justify;\">En los \u00faltimos d\u00edas se han atendido las v\u00edas:<\/div>\n<div style=\"text-align: justify;\"><\/div>\n<div style=\"text-align: justify;\">&#8211; Plazuelas &#8211; La Cruz: se desplaz\u00f3 maquinaria y se cuenta con la apertura del este corredor en el norte del Departamento.<\/div>\n<div style=\"text-align: justify;\">&#8211; El Tambo \u2013 Linares \u2013 Ancuya: Se ha desplazado maquinaria y se espera que esta sea la opci\u00f3n de transitabilidad para la poblaci\u00f3n de Ancuya.<\/div>\n<div style=\"text-align: justify;\">&#8211; La Llanada \u2013 Samaniego: \u00a0destinamos maquinaria para apoyar la movilidad segura por este sector.<\/div>\n<div style=\"text-align: justify;\">&#8211; San Lorenzo \u2013 Colon: Apoyo con maquinaria para recuperar la malla vial entre estos municipios.<\/div>\n<div style=\"text-align: justify;\"><\/div>\n<div style=\"text-align: justify;\">\u201cHemos buscado aliados como la Unidad de Gesti\u00f3n del Riesgo y el Instituto Nacional de V\u00edas -Invias y en la medida que las lluvias nos permitan intervenir los corredores, lo haremos. Adem\u00e1s, contamos con el apoyo de los alcaldes con quienes generamos acciones para avanzar, as\u00ed mismo, con la comunidad que ha apoyado con varias mingas\u201d, indic\u00f3 la Secretaria de Infraestructura y Minas de Nari\u00f1o, Nilza Pantoja.<\/div>\n<div style=\"text-align: justify;\"><\/div>\n<div style=\"text-align: justify;\">Desde la Administraci\u00f3n Departamental, se realiza un trabajo articulado y coordinado con los diferentes sectores, que nos permiten llegar de forma oportuna para generar la transabilidad y comunicaci\u00f3n en todos los sectores de Nari\u00f1o.<\/div>\n<div style=\"text-align: justify;\"><\/div>\n","protected":false},"excerpt":{"rendered":"<p>La Gobernaci\u00f3n de Nari\u00f1o, a trav\u00e9s de la Secretar\u00eda de Infraestructura y Minas, contin\u00faa atendiendo diferentes corredores viales afectados por las lluvias en el Departamento. En los \u00faltimos d\u00edas se han atendido las v\u00edas: &#8211; Plazuelas &#8211; La Cruz: se desplaz\u00f3 maquinaria y se cuenta con la apertura del este corredor en el norte del [&hellip;]<\/p>\n","protected":false},"author":1,"featured_media":59342,"comment_status":"open","ping_status":"open","sticky":false,"template":"","format":"standard","meta":{"footnotes":""},"categories":[53],"tags":[],"class_list":["post-59341","post","type-post","status-publish","format-standard","has-post-thumbnail","hentry","category-regiones"],"yoast_head":"<!-- This site is optimized with the Yoast SEO plugin v27.1.1 - https:\/\/yoast.com\/product\/yoast-seo-wordpress\/ -->\n<title>Avanzan procesos de rehabilitaci\u00f3n de v\u00edas afectadas por las lluvias | P\u00e1gina10<\/title>\n<meta name=\"robots\" content=\"index, follow, max-snippet:-1, max-image-preview:large, max-video-preview:-1\" \/>\n<link rel=\"canonical\" href=\"https:\/\/pagina10.com\/web\/avanzan-procesos-de-rehabilitacion-de-vias-afectadas-por-las-lluvias\/\" \/>\n<meta property=\"og:locale\" content=\"es_ES\" \/>\n<meta property=\"og:type\" content=\"article\" \/>\n<meta property=\"og:title\" content=\"Avanzan procesos de rehabilitaci\u00f3n de v\u00edas afectadas por las lluvias | P\u00e1gina10\" \/>\n<meta property=\"og:description\" content=\"La Gobernaci\u00f3n de Nari\u00f1o, a trav\u00e9s de la Secretar\u00eda de Infraestructura y Minas, contin\u00faa atendiendo diferentes corredores viales afectados por las lluvias en el Departamento. En los \u00faltimos d\u00edas se han atendido las v\u00edas: &#8211; Plazuelas &#8211; La Cruz: se desplaz\u00f3 maquinaria y se cuenta con la apertura del este corredor en el norte del [&hellip;]\" \/>\n<meta property=\"og:url\" content=\"https:\/\/pagina10.com\/web\/avanzan-procesos-de-rehabilitacion-de-vias-afectadas-por-las-lluvias\/\" \/>\n<meta property=\"og:site_name\" content=\"P\u00e1gina10\" \/>\n<meta property=\"article:publisher\" content=\"https:\/\/www.facebook.com\/pag10com\" \/>\n<meta property=\"article:published_time\" content=\"2022-05-10T17:01:17+00:00\" \/>\n<meta property=\"og:image\" content=\"https:\/\/pagina10.com\/web\/wp-content\/uploads\/2022\/05\/Captura-de-Pantalla-2022-05-10-a-las-12.00.37-p.-m..png\" \/>\n\t<meta property=\"og:image:width\" content=\"589\" \/>\n\t<meta property=\"og:image:height\" content=\"344\" \/>\n\t<meta property=\"og:image:type\" content=\"image\/png\" \/>\n<meta name=\"author\" content=\"P\u00e1gina 10\" \/>\n<meta name=\"twitter:card\" content=\"summary_large_image\" \/>\n<meta name=\"twitter:creator\" content=\"@Pag10com\" \/>\n<meta name=\"twitter:site\" content=\"@Pag10com\" \/>\n<meta name=\"twitter:label1\" content=\"Escrito por\" \/>\n\t<meta name=\"twitter:data1\" content=\"P\u00e1gina 10\" \/>\n\t<meta name=\"twitter:label2\" content=\"Tiempo de lectura\" \/>\n\t<meta name=\"twitter:data2\" content=\"1 minuto\" \/>\n<script type=\"application\/ld+json\" class=\"yoast-schema-graph\">{\"@context\":\"https:\/\/schema.org\",\"@graph\":[{\"@type\":\"Article\",\"@id\":\"https:\/\/pagina10.com\/web\/avanzan-procesos-de-rehabilitacion-de-vias-afectadas-por-las-lluvias\/#article\",\"isPartOf\":{\"@id\":\"https:\/\/pagina10.com\/web\/avanzan-procesos-de-rehabilitacion-de-vias-afectadas-por-las-lluvias\/\"},\"author\":{\"name\":\"P\u00e1gina 10\",\"@id\":\"https:\/\/pagina10.com\/web\/#\/schema\/person\/2efc4a090d25b667d3bc796798a3a81b\"},\"headline\":\"Avanzan procesos de rehabilitaci\u00f3n de v\u00edas afectadas por las lluvias\",\"datePublished\":\"2022-05-10T17:01:17+00:00\",\"mainEntityOfPage\":{\"@id\":\"https:\/\/pagina10.com\/web\/avanzan-procesos-de-rehabilitacion-de-vias-afectadas-por-las-lluvias\/\"},\"wordCount\":238,\"commentCount\":0,\"publisher\":{\"@id\":\"https:\/\/pagina10.com\/web\/#organization\"},\"image\":{\"@id\":\"https:\/\/pagina10.com\/web\/avanzan-procesos-de-rehabilitacion-de-vias-afectadas-por-las-lluvias\/#primaryimage\"},\"thumbnailUrl\":\"https:\/\/pagina10.com\/web\/wp-content\/uploads\/2022\/05\/Captura-de-Pantalla-2022-05-10-a-las-12.00.37-p.-m..png\",\"articleSection\":[\"Regiones\"],\"inLanguage\":\"es\",\"potentialAction\":[{\"@type\":\"CommentAction\",\"name\":\"Comment\",\"target\":[\"https:\/\/pagina10.com\/web\/avanzan-procesos-de-rehabilitacion-de-vias-afectadas-por-las-lluvias\/#respond\"]}]},{\"@type\":\"WebPage\",\"@id\":\"https:\/\/pagina10.com\/web\/avanzan-procesos-de-rehabilitacion-de-vias-afectadas-por-las-lluvias\/\",\"url\":\"https:\/\/pagina10.com\/web\/avanzan-procesos-de-rehabilitacion-de-vias-afectadas-por-las-lluvias\/\",\"name\":\"Avanzan procesos de rehabilitaci\u00f3n de v\u00edas afectadas por las lluvias | P\u00e1gina10\",\"isPartOf\":{\"@id\":\"https:\/\/pagina10.com\/web\/#website\"},\"primaryImageOfPage\":{\"@id\":\"https:\/\/pagina10.com\/web\/avanzan-procesos-de-rehabilitacion-de-vias-afectadas-por-las-lluvias\/#primaryimage\"},\"image\":{\"@id\":\"https:\/\/pagina10.com\/web\/avanzan-procesos-de-rehabilitacion-de-vias-afectadas-por-las-lluvias\/#primaryimage\"},\"thumbnailUrl\":\"https:\/\/pagina10.com\/web\/wp-content\/uploads\/2022\/05\/Captura-de-Pantalla-2022-05-10-a-las-12.00.37-p.-m..png\",\"datePublished\":\"2022-05-10T17:01:17+00:00\",\"breadcrumb\":{\"@id\":\"https:\/\/pagina10.com\/web\/avanzan-procesos-de-rehabilitacion-de-vias-afectadas-por-las-lluvias\/#breadcrumb\"},\"inLanguage\":\"es\",\"potentialAction\":[{\"@type\":\"ReadAction\",\"target\":[\"https:\/\/pagina10.com\/web\/avanzan-procesos-de-rehabilitacion-de-vias-afectadas-por-las-lluvias\/\"]}]},{\"@type\":\"ImageObject\",\"inLanguage\":\"es\",\"@id\":\"https:\/\/pagina10.com\/web\/avanzan-procesos-de-rehabilitacion-de-vias-afectadas-por-las-lluvias\/#primaryimage\",\"url\":\"https:\/\/pagina10.com\/web\/wp-content\/uploads\/2022\/05\/Captura-de-Pantalla-2022-05-10-a-las-12.00.37-p.-m..png\",\"contentUrl\":\"https:\/\/pagina10.com\/web\/wp-content\/uploads\/2022\/05\/Captura-de-Pantalla-2022-05-10-a-las-12.00.37-p.-m..png\",\"width\":589,\"height\":344},{\"@type\":\"BreadcrumbList\",\"@id\":\"https:\/\/pagina10.com\/web\/avanzan-procesos-de-rehabilitacion-de-vias-afectadas-por-las-lluvias\/#breadcrumb\",\"itemListElement\":[{\"@type\":\"ListItem\",\"position\":1,\"name\":\"Portada\",\"item\":\"https:\/\/pagina10.com\/web\/\"},{\"@type\":\"ListItem\",\"position\":2,\"name\":\"Avanzan procesos de rehabilitaci\u00f3n de v\u00edas afectadas por las lluvias\"}]},{\"@type\":\"WebSite\",\"@id\":\"https:\/\/pagina10.com\/web\/#website\",\"url\":\"https:\/\/pagina10.com\/web\/\",\"name\":\"P\u00e1gina10\",\"description\":\"Peri\u00f3dico Regional\",\"publisher\":{\"@id\":\"https:\/\/pagina10.com\/web\/#organization\"},\"alternateName\":\"P\u00e1gina10 Peri\u00f3dico Regional\",\"potentialAction\":[{\"@type\":\"SearchAction\",\"target\":{\"@type\":\"EntryPoint\",\"urlTemplate\":\"https:\/\/pagina10.com\/web\/?s={search_term_string}\"},\"query-input\":{\"@type\":\"PropertyValueSpecification\",\"valueRequired\":true,\"valueName\":\"search_term_string\"}}],\"inLanguage\":\"es\"},{\"@type\":\"Organization\",\"@id\":\"https:\/\/pagina10.com\/web\/#organization\",\"name\":\"P\u00e1gina10\",\"alternateName\":\"P\u00e1gina10 Peri\u00f3dico Regional\",\"url\":\"https:\/\/pagina10.com\/web\/\",\"logo\":{\"@type\":\"ImageObject\",\"inLanguage\":\"es\",\"@id\":\"https:\/\/pagina10.com\/web\/#\/schema\/logo\/image\/\",\"url\":\"https:\/\/pagina10.com\/web\/wp-content\/uploads\/2024\/01\/40-pagina-10-periodico-regional-pasto.jpg\",\"contentUrl\":\"https:\/\/pagina10.com\/web\/wp-content\/uploads\/2024\/01\/40-pagina-10-periodico-regional-pasto.jpg\",\"width\":1280,\"height\":720,\"caption\":\"P\u00e1gina10\"},\"image\":{\"@id\":\"https:\/\/pagina10.com\/web\/#\/schema\/logo\/image\/\"},\"sameAs\":[\"https:\/\/www.facebook.com\/pag10com\",\"https:\/\/x.com\/Pag10com\",\"https:\/\/www.instagram.com\/pagina10col\/\",\"https:\/\/youtube.com\/channel\/pag10\",\"https:\/\/www.tiktok.com\/@p10col\"]},{\"@type\":\"Person\",\"@id\":\"https:\/\/pagina10.com\/web\/#\/schema\/person\/2efc4a090d25b667d3bc796798a3a81b\",\"name\":\"P\u00e1gina 10\",\"description\":\"P\u00e1gina 10 es un peri\u00f3dico regional que nace en Colombia, en el departamento de Nari\u00f1o, con un enfoque global, fundamentado en cuatro pilares esenciales: la libertad, el pluralismo, la inclusi\u00f3n y la independencia. P\u00e1gina 10 hace referencia a Nari\u00f1o como el d\u00e9cimo departamento creado en Colombia, despu\u00e9s de un proceso pol\u00edtico liderado por actores y actrices regionales con el fin de obtener la independencia y autonom\u00eda de nuestros territorios. Con la creaci\u00f3n de P\u00e1gina 10 se pretende abrir un escenario para el dialogo, la reflexi\u00f3n y el debate que se extienda a otras geograf\u00edas de Am\u00e9rica Latina y del planeta, en una apuesta por transformar colectivamente los desaf\u00edos de un mundo contempor\u00e1neo, m\u00e1s all\u00e1 de las fronteras impuestas.\",\"url\":\"https:\/\/pagina10.com\/web\/author\/pdiezadmin\/\"}]}<\/script>\n<!-- \/ Yoast SEO plugin. -->","yoast_head_json":{"title":"Avanzan procesos de rehabilitaci\u00f3n de v\u00edas afectadas por las lluvias | P\u00e1gina10","robots":{"index":"index","follow":"follow","max-snippet":"max-snippet:-1","max-image-preview":"max-image-preview:large","max-video-preview":"max-video-preview:-1"},"canonical":"https:\/\/pagina10.com\/web\/avanzan-procesos-de-rehabilitacion-de-vias-afectadas-por-las-lluvias\/","og_locale":"es_ES","og_type":"article","og_title":"Avanzan procesos de rehabilitaci\u00f3n de v\u00edas afectadas por las lluvias | P\u00e1gina10","og_description":"La Gobernaci\u00f3n de Nari\u00f1o, a trav\u00e9s de la Secretar\u00eda de Infraestructura y Minas, contin\u00faa atendiendo diferentes corredores viales afectados por las lluvias en el Departamento. En los \u00faltimos d\u00edas se han atendido las v\u00edas: &#8211; Plazuelas &#8211; La Cruz: se desplaz\u00f3 maquinaria y se cuenta con la apertura del este corredor en el norte del [&hellip;]","og_url":"https:\/\/pagina10.com\/web\/avanzan-procesos-de-rehabilitacion-de-vias-afectadas-por-las-lluvias\/","og_site_name":"P\u00e1gina10","article_publisher":"https:\/\/www.facebook.com\/pag10com","article_published_time":"2022-05-10T17:01:17+00:00","og_image":[{"width":589,"height":344,"url":"https:\/\/pagina10.com\/web\/wp-content\/uploads\/2022\/05\/Captura-de-Pantalla-2022-05-10-a-las-12.00.37-p.-m..png","type":"image\/png"}],"author":"P\u00e1gina 10","twitter_card":"summary_large_image","twitter_creator":"@Pag10com","twitter_site":"@Pag10com","twitter_misc":{"Escrito por":"P\u00e1gina 10","Tiempo de lectura":"1 minuto"},"schema":{"@context":"https:\/\/schema.org","@graph":[{"@type":"Article","@id":"https:\/\/pagina10.com\/web\/avanzan-procesos-de-rehabilitacion-de-vias-afectadas-por-las-lluvias\/#article","isPartOf":{"@id":"https:\/\/pagina10.com\/web\/avanzan-procesos-de-rehabilitacion-de-vias-afectadas-por-las-lluvias\/"},"author":{"name":"P\u00e1gina 10","@id":"https:\/\/pagina10.com\/web\/#\/schema\/person\/2efc4a090d25b667d3bc796798a3a81b"},"headline":"Avanzan procesos de rehabilitaci\u00f3n de v\u00edas afectadas por las lluvias","datePublished":"2022-05-10T17:01:17+00:00","mainEntityOfPage":{"@id":"https:\/\/pagina10.com\/web\/avanzan-procesos-de-rehabilitacion-de-vias-afectadas-por-las-lluvias\/"},"wordCount":238,"commentCount":0,"publisher":{"@id":"https:\/\/pagina10.com\/web\/#organization"},"image":{"@id":"https:\/\/pagina10.com\/web\/avanzan-procesos-de-rehabilitacion-de-vias-afectadas-por-las-lluvias\/#primaryimage"},"thumbnailUrl":"https:\/\/pagina10.com\/web\/wp-content\/uploads\/2022\/05\/Captura-de-Pantalla-2022-05-10-a-las-12.00.37-p.-m..png","articleSection":["Regiones"],"inLanguage":"es","potentialAction":[{"@type":"CommentAction","name":"Comment","target":["https:\/\/pagina10.com\/web\/avanzan-procesos-de-rehabilitacion-de-vias-afectadas-por-las-lluvias\/#respond"]}]},{"@type":"WebPage","@id":"https:\/\/pagina10.com\/web\/avanzan-procesos-de-rehabilitacion-de-vias-afectadas-por-las-lluvias\/","url":"https:\/\/pagina10.com\/web\/avanzan-procesos-de-rehabilitacion-de-vias-afectadas-por-las-lluvias\/","name":"Avanzan procesos de rehabilitaci\u00f3n de v\u00edas afectadas por las lluvias | P\u00e1gina10","isPartOf":{"@id":"https:\/\/pagina10.com\/web\/#website"},"primaryImageOfPage":{"@id":"https:\/\/pagina10.com\/web\/avanzan-procesos-de-rehabilitacion-de-vias-afectadas-por-las-lluvias\/#primaryimage"},"image":{"@id":"https:\/\/pagina10.com\/web\/avanzan-procesos-de-rehabilitacion-de-vias-afectadas-por-las-lluvias\/#primaryimage"},"thumbnailUrl":"https:\/\/pagina10.com\/web\/wp-content\/uploads\/2022\/05\/Captura-de-Pantalla-2022-05-10-a-las-12.00.37-p.-m..png","datePublished":"2022-05-10T17:01:17+00:00","breadcrumb":{"@id":"https:\/\/pagina10.com\/web\/avanzan-procesos-de-rehabilitacion-de-vias-afectadas-por-las-lluvias\/#breadcrumb"},"inLanguage":"es","potentialAction":[{"@type":"ReadAction","target":["https:\/\/pagina10.com\/web\/avanzan-procesos-de-rehabilitacion-de-vias-afectadas-por-las-lluvias\/"]}]},{"@type":"ImageObject","inLanguage":"es","@id":"https:\/\/pagina10.com\/web\/avanzan-procesos-de-rehabilitacion-de-vias-afectadas-por-las-lluvias\/#primaryimage","url":"https:\/\/pagina10.com\/web\/wp-content\/uploads\/2022\/05\/Captura-de-Pantalla-2022-05-10-a-las-12.00.37-p.-m..png","contentUrl":"https:\/\/pagina10.com\/web\/wp-content\/uploads\/2022\/05\/Captura-de-Pantalla-2022-05-10-a-las-12.00.37-p.-m..png","width":589,"height":344},{"@type":"BreadcrumbList","@id":"https:\/\/pagina10.com\/web\/avanzan-procesos-de-rehabilitacion-de-vias-afectadas-por-las-lluvias\/#breadcrumb","itemListElement":[{"@type":"ListItem","position":1,"name":"Portada","item":"https:\/\/pagina10.com\/web\/"},{"@type":"ListItem","position":2,"name":"Avanzan procesos de rehabilitaci\u00f3n de v\u00edas afectadas por las lluvias"}]},{"@type":"WebSite","@id":"https:\/\/pagina10.com\/web\/#website","url":"https:\/\/pagina10.com\/web\/","name":"P\u00e1gina10","description":"Peri\u00f3dico Regional","publisher":{"@id":"https:\/\/pagina10.com\/web\/#organization"},"alternateName":"P\u00e1gina10 Peri\u00f3dico Regional","potentialAction":[{"@type":"SearchAction","target":{"@type":"EntryPoint","urlTemplate":"https:\/\/pagina10.com\/web\/?s={search_term_string}"},"query-input":{"@type":"PropertyValueSpecification","valueRequired":true,"valueName":"search_term_string"}}],"inLanguage":"es"},{"@type":"Organization","@id":"https:\/\/pagina10.com\/web\/#organization","name":"P\u00e1gina10","alternateName":"P\u00e1gina10 Peri\u00f3dico Regional","url":"https:\/\/pagina10.com\/web\/","logo":{"@type":"ImageObject","inLanguage":"es","@id":"https:\/\/pagina10.com\/web\/#\/schema\/logo\/image\/","url":"https:\/\/pagina10.com\/web\/wp-content\/uploads\/2024\/01\/40-pagina-10-periodico-regional-pasto.jpg","contentUrl":"https:\/\/pagina10.com\/web\/wp-content\/uploads\/2024\/01\/40-pagina-10-periodico-regional-pasto.jpg","width":1280,"height":720,"caption":"P\u00e1gina10"},"image":{"@id":"https:\/\/pagina10.com\/web\/#\/schema\/logo\/image\/"},"sameAs":["https:\/\/www.facebook.com\/pag10com","https:\/\/x.com\/Pag10com","https:\/\/www.instagram.com\/pagina10col\/","https:\/\/youtube.com\/channel\/pag10","https:\/\/www.tiktok.com\/@p10col"]},{"@type":"Person","@id":"https:\/\/pagina10.com\/web\/#\/schema\/person\/2efc4a090d25b667d3bc796798a3a81b","name":"P\u00e1gina 10","description":"P\u00e1gina 10 es un peri\u00f3dico regional que nace en Colombia, en el departamento de Nari\u00f1o, con un enfoque global, fundamentado en cuatro pilares esenciales: la libertad, el pluralismo, la inclusi\u00f3n y la independencia. P\u00e1gina 10 hace referencia a Nari\u00f1o como el d\u00e9cimo departamento creado en Colombia, despu\u00e9s de un proceso pol\u00edtico liderado por actores y actrices regionales con el fin de obtener la independencia y autonom\u00eda de nuestros territorios. Con la creaci\u00f3n de P\u00e1gina 10 se pretende abrir un escenario para el dialogo, la reflexi\u00f3n y el debate que se extienda a otras geograf\u00edas de Am\u00e9rica Latina y del planeta, en una apuesta por transformar colectivamente los desaf\u00edos de un mundo contempor\u00e1neo, m\u00e1s all\u00e1 de las fronteras impuestas.","url":"https:\/\/pagina10.com\/web\/author\/pdiezadmin\/"}]}},"_links":{"self":[{"href":"https:\/\/pagina10.com\/web\/wp-json\/wp\/v2\/posts\/59341","targetHints":{"allow":["GET"]}}],"collection":[{"href":"https:\/\/pagina10.com\/web\/wp-json\/wp\/v2\/posts"}],"about":[{"href":"https:\/\/pagina10.com\/web\/wp-json\/wp\/v2\/types\/post"}],"author":[{"embeddable":true,"href":"https:\/\/pagina10.com\/web\/wp-json\/wp\/v2\/users\/1"}],"replies":[{"embeddable":true,"href":"https:\/\/pagina10.com\/web\/wp-json\/wp\/v2\/comments?post=59341"}],"version-history":[{"count":1,"href":"https:\/\/pagina10.com\/web\/wp-json\/wp\/v2\/posts\/59341\/revisions"}],"predecessor-version":[{"id":59343,"href":"https:\/\/pagina10.com\/web\/wp-json\/wp\/v2\/posts\/59341\/revisions\/59343"}],"wp:featuredmedia":[{"embeddable":true,"href":"https:\/\/pagina10.com\/web\/wp-json\/wp\/v2\/media\/59342"}],"wp:attachment":[{"href":"https:\/\/pagina10.com\/web\/wp-json\/wp\/v2\/media?parent=59341"}],"wp:term":[{"taxonomy":"category","embeddable":true,"href":"https:\/\/pagina10.com\/web\/wp-json\/wp\/v2\/categories?post=59341"},{"taxonomy":"post_tag","embeddable":true,"href":"https:\/\/pagina10.com\/web\/wp-json\/wp\/v2\/tags?post=59341"}],"curies":[{"name":"wp","href":"https:\/\/api.w.org\/{rel}","templated":true}]}}