{"id":59354,"date":"2022-05-11T11:56:45","date_gmt":"2022-05-11T16:56:45","guid":{"rendered":"https:\/\/pagina10.com\/web\/?p=59354"},"modified":"2022-05-11T11:56:45","modified_gmt":"2022-05-11T16:56:45","slug":"docente-universitaria-y-escritora-sara-esperanza-lucero-revelo-es-el-personaje-10","status":"publish","type":"post","link":"https:\/\/pagina10.com\/web\/docente-universitaria-y-escritora-sara-esperanza-lucero-revelo-es-el-personaje-10\/","title":{"rendered":"Docente universitaria y escritora, Sara Esperanza Lucero Revelo, es El Personaje 10."},"content":{"rendered":"<p style=\"text-align: justify;\">Sara Esperanza es Psic\u00f3loga. Psicoterapeuta acreditada. Dra. en Psico rehabilitaci\u00f3n. Universidad Central del Ecuador Dra. en Educaci\u00f3n PhD de la Universidad de Baja California Colima M\u00e9xico. Menci\u00f3n CUMDEM LAUDEM. Igualmente es Especialista en Pedagog\u00eda para el Desarrollo del Aprendizaje Aut\u00f3nomo. Universidad Abierta y a Distancia UNAD y Mag\u00edster \u00a0en Educaci\u00f3n de Adultos. Universidad San Buenaventura de Cali.<\/p>\n<p style=\"text-align: justify;\">Es Investigadora asociada de Colciencias, par evaluador de Colciencias, Par evaluador del Comit\u00e9 de Acreditaci\u00f3n del Consejo Nacional para la Ense\u00f1anza e Investigaci\u00f3n en Psicolog\u00eda de M\u00e9xico.<\/p>\n<p style=\"text-align: justify;\">\u00a0Exdocente titular de la Universidad Mariana. Docente de la Maestr\u00eda en Intervenci\u00f3n Social de la Universidad de Nari\u00f1o. Docente de la Especializaci\u00f3n en Educaci\u00f3n Inclusiva Universidad Juan de Castellanos.<\/p>\n<p style=\"text-align: justify;\">\u00a0Asesora de tesis de doctorado Universidad de Baja California e Instituto de Estudios Universitarios UCCEG de M\u00e9xico.<\/p>\n<p style=\"text-align: justify;\">Autora de varios libros y art\u00edculos resultado de investigaci\u00f3n, publicados en Colombia, Per\u00fa, Ecuador y M\u00e9xico.<\/p>\n<p style=\"text-align: justify;\">Autora de libros bestseller\u00a0en Amazon.<\/p>\n<p style=\"text-align: justify;\"><strong>\u201c<\/strong>La poes\u00eda como apoyo psicol\u00f3gico. explora tus silencios\u201d.<\/p>\n<p style=\"text-align: justify;\">\u201cAuto regulaci\u00f3n cognitivo emocional\u201d<\/p>\n<p style=\"text-align: justify;\"><strong>Participaci\u00f3n en voluntariados<\/strong><\/p>\n<p style=\"text-align: justify;\">Miembro de la Junta Directiva de Compa\u00f1eros de las Am\u00e9ricas<\/p>\n<p style=\"text-align: justify;\">Miembro del grupo de Apoyo Psicosocial de la Cruz Roja Seccional Nari\u00f1o.<\/p>\n","protected":false},"excerpt":{"rendered":"<p>Sara Esperanza es Psic\u00f3loga. Psicoterapeuta acreditada. Dra. en Psico rehabilitaci\u00f3n. Universidad Central del Ecuador Dra. en Educaci\u00f3n PhD de la Universidad de Baja California Colima M\u00e9xico. Menci\u00f3n CUMDEM LAUDEM. Igualmente es Especialista en Pedagog\u00eda para el Desarrollo del Aprendizaje Aut\u00f3nomo. Universidad Abierta y a Distancia UNAD y Mag\u00edster \u00a0en Educaci\u00f3n de Adultos. Universidad San Buenaventura [&hellip;]<\/p>\n","protected":false},"author":1,"featured_media":59355,"comment_status":"open","ping_status":"open","sticky":false,"template":"","format":"standard","meta":{"footnotes":""},"categories":[1549],"tags":[],"class_list":["post-59354","post","type-post","status-publish","format-standard","has-post-thumbnail","hentry","category-educacion-innovacion-3"],"yoast_head":"<!-- This site is optimized with the Yoast SEO plugin v27.1.1 - https:\/\/yoast.com\/product\/yoast-seo-wordpress\/ -->\n<title>Docente universitaria y escritora, Sara Esperanza Lucero Revelo, es El Personaje 10. | P\u00e1gina10<\/title>\n<meta name=\"robots\" content=\"index, follow, max-snippet:-1, max-image-preview:large, max-video-preview:-1\" \/>\n<link rel=\"canonical\" href=\"https:\/\/pagina10.com\/web\/docente-universitaria-y-escritora-sara-esperanza-lucero-revelo-es-el-personaje-10\/\" \/>\n<meta property=\"og:locale\" content=\"es_ES\" \/>\n<meta property=\"og:type\" content=\"article\" \/>\n<meta property=\"og:title\" content=\"Docente universitaria y escritora, Sara Esperanza Lucero Revelo, es El Personaje 10. | P\u00e1gina10\" \/>\n<meta property=\"og:description\" content=\"Sara Esperanza es Psic\u00f3loga. Psicoterapeuta acreditada. Dra. en Psico rehabilitaci\u00f3n. Universidad Central del Ecuador Dra. en Educaci\u00f3n PhD de la Universidad de Baja California Colima M\u00e9xico. Menci\u00f3n CUMDEM LAUDEM. Igualmente es Especialista en Pedagog\u00eda para el Desarrollo del Aprendizaje Aut\u00f3nomo. Universidad Abierta y a Distancia UNAD y Mag\u00edster en Educaci\u00f3n de Adultos. Universidad San Buenaventura [&hellip;]\" \/>\n<meta property=\"og:url\" content=\"https:\/\/pagina10.com\/web\/docente-universitaria-y-escritora-sara-esperanza-lucero-revelo-es-el-personaje-10\/\" \/>\n<meta property=\"og:site_name\" content=\"P\u00e1gina10\" \/>\n<meta property=\"article:publisher\" content=\"https:\/\/www.facebook.com\/pag10com\" \/>\n<meta property=\"article:published_time\" content=\"2022-05-11T16:56:45+00:00\" \/>\n<meta property=\"og:image\" content=\"https:\/\/pagina10.com\/web\/wp-content\/uploads\/2022\/05\/Captura-de-Pantalla-2022-05-11-a-las-11.55.55-a.-m..png\" \/>\n\t<meta property=\"og:image:width\" content=\"267\" \/>\n\t<meta property=\"og:image:height\" content=\"178\" \/>\n\t<meta property=\"og:image:type\" content=\"image\/png\" \/>\n<meta name=\"author\" content=\"P\u00e1gina 10\" \/>\n<meta name=\"twitter:card\" content=\"summary_large_image\" \/>\n<meta name=\"twitter:creator\" content=\"@Pag10com\" \/>\n<meta name=\"twitter:site\" content=\"@Pag10com\" \/>\n<meta name=\"twitter:label1\" content=\"Escrito por\" \/>\n\t<meta name=\"twitter:data1\" content=\"P\u00e1gina 10\" \/>\n\t<meta name=\"twitter:label2\" content=\"Tiempo de lectura\" \/>\n\t<meta name=\"twitter:data2\" content=\"1 minuto\" \/>\n<script type=\"application\/ld+json\" class=\"yoast-schema-graph\">{\"@context\":\"https:\/\/schema.org\",\"@graph\":[{\"@type\":\"Article\",\"@id\":\"https:\/\/pagina10.com\/web\/docente-universitaria-y-escritora-sara-esperanza-lucero-revelo-es-el-personaje-10\/#article\",\"isPartOf\":{\"@id\":\"https:\/\/pagina10.com\/web\/docente-universitaria-y-escritora-sara-esperanza-lucero-revelo-es-el-personaje-10\/\"},\"author\":{\"name\":\"P\u00e1gina 10\",\"@id\":\"https:\/\/pagina10.com\/web\/#\/schema\/person\/2efc4a090d25b667d3bc796798a3a81b\"},\"headline\":\"Docente universitaria y escritora, Sara Esperanza Lucero Revelo, es El Personaje 10.\",\"datePublished\":\"2022-05-11T16:56:45+00:00\",\"mainEntityOfPage\":{\"@id\":\"https:\/\/pagina10.com\/web\/docente-universitaria-y-escritora-sara-esperanza-lucero-revelo-es-el-personaje-10\/\"},\"wordCount\":230,\"commentCount\":0,\"publisher\":{\"@id\":\"https:\/\/pagina10.com\/web\/#organization\"},\"image\":{\"@id\":\"https:\/\/pagina10.com\/web\/docente-universitaria-y-escritora-sara-esperanza-lucero-revelo-es-el-personaje-10\/#primaryimage\"},\"thumbnailUrl\":\"https:\/\/pagina10.com\/web\/wp-content\/uploads\/2022\/05\/Captura-de-Pantalla-2022-05-11-a-las-11.55.55-a.-m..png\",\"articleSection\":[\"Educaci\u00f3n\"],\"inLanguage\":\"es\",\"potentialAction\":[{\"@type\":\"CommentAction\",\"name\":\"Comment\",\"target\":[\"https:\/\/pagina10.com\/web\/docente-universitaria-y-escritora-sara-esperanza-lucero-revelo-es-el-personaje-10\/#respond\"]}]},{\"@type\":\"WebPage\",\"@id\":\"https:\/\/pagina10.com\/web\/docente-universitaria-y-escritora-sara-esperanza-lucero-revelo-es-el-personaje-10\/\",\"url\":\"https:\/\/pagina10.com\/web\/docente-universitaria-y-escritora-sara-esperanza-lucero-revelo-es-el-personaje-10\/\",\"name\":\"Docente universitaria y escritora, Sara Esperanza Lucero Revelo, es El Personaje 10. | P\u00e1gina10\",\"isPartOf\":{\"@id\":\"https:\/\/pagina10.com\/web\/#website\"},\"primaryImageOfPage\":{\"@id\":\"https:\/\/pagina10.com\/web\/docente-universitaria-y-escritora-sara-esperanza-lucero-revelo-es-el-personaje-10\/#primaryimage\"},\"image\":{\"@id\":\"https:\/\/pagina10.com\/web\/docente-universitaria-y-escritora-sara-esperanza-lucero-revelo-es-el-personaje-10\/#primaryimage\"},\"thumbnailUrl\":\"https:\/\/pagina10.com\/web\/wp-content\/uploads\/2022\/05\/Captura-de-Pantalla-2022-05-11-a-las-11.55.55-a.-m..png\",\"datePublished\":\"2022-05-11T16:56:45+00:00\",\"breadcrumb\":{\"@id\":\"https:\/\/pagina10.com\/web\/docente-universitaria-y-escritora-sara-esperanza-lucero-revelo-es-el-personaje-10\/#breadcrumb\"},\"inLanguage\":\"es\",\"potentialAction\":[{\"@type\":\"ReadAction\",\"target\":[\"https:\/\/pagina10.com\/web\/docente-universitaria-y-escritora-sara-esperanza-lucero-revelo-es-el-personaje-10\/\"]}]},{\"@type\":\"ImageObject\",\"inLanguage\":\"es\",\"@id\":\"https:\/\/pagina10.com\/web\/docente-universitaria-y-escritora-sara-esperanza-lucero-revelo-es-el-personaje-10\/#primaryimage\",\"url\":\"https:\/\/pagina10.com\/web\/wp-content\/uploads\/2022\/05\/Captura-de-Pantalla-2022-05-11-a-las-11.55.55-a.-m..png\",\"contentUrl\":\"https:\/\/pagina10.com\/web\/wp-content\/uploads\/2022\/05\/Captura-de-Pantalla-2022-05-11-a-las-11.55.55-a.-m..png\",\"width\":267,\"height\":178},{\"@type\":\"BreadcrumbList\",\"@id\":\"https:\/\/pagina10.com\/web\/docente-universitaria-y-escritora-sara-esperanza-lucero-revelo-es-el-personaje-10\/#breadcrumb\",\"itemListElement\":[{\"@type\":\"ListItem\",\"position\":1,\"name\":\"Portada\",\"item\":\"https:\/\/pagina10.com\/web\/\"},{\"@type\":\"ListItem\",\"position\":2,\"name\":\"Docente universitaria y escritora, Sara Esperanza Lucero Revelo, es El Personaje 10.\"}]},{\"@type\":\"WebSite\",\"@id\":\"https:\/\/pagina10.com\/web\/#website\",\"url\":\"https:\/\/pagina10.com\/web\/\",\"name\":\"P\u00e1gina10\",\"description\":\"Peri\u00f3dico Regional\",\"publisher\":{\"@id\":\"https:\/\/pagina10.com\/web\/#organization\"},\"alternateName\":\"P\u00e1gina10 Peri\u00f3dico Regional\",\"potentialAction\":[{\"@type\":\"SearchAction\",\"target\":{\"@type\":\"EntryPoint\",\"urlTemplate\":\"https:\/\/pagina10.com\/web\/?s={search_term_string}\"},\"query-input\":{\"@type\":\"PropertyValueSpecification\",\"valueRequired\":true,\"valueName\":\"search_term_string\"}}],\"inLanguage\":\"es\"},{\"@type\":\"Organization\",\"@id\":\"https:\/\/pagina10.com\/web\/#organization\",\"name\":\"P\u00e1gina10\",\"alternateName\":\"P\u00e1gina10 Peri\u00f3dico Regional\",\"url\":\"https:\/\/pagina10.com\/web\/\",\"logo\":{\"@type\":\"ImageObject\",\"inLanguage\":\"es\",\"@id\":\"https:\/\/pagina10.com\/web\/#\/schema\/logo\/image\/\",\"url\":\"https:\/\/pagina10.com\/web\/wp-content\/uploads\/2024\/01\/40-pagina-10-periodico-regional-pasto.jpg\",\"contentUrl\":\"https:\/\/pagina10.com\/web\/wp-content\/uploads\/2024\/01\/40-pagina-10-periodico-regional-pasto.jpg\",\"width\":1280,\"height\":720,\"caption\":\"P\u00e1gina10\"},\"image\":{\"@id\":\"https:\/\/pagina10.com\/web\/#\/schema\/logo\/image\/\"},\"sameAs\":[\"https:\/\/www.facebook.com\/pag10com\",\"https:\/\/x.com\/Pag10com\",\"https:\/\/www.instagram.com\/pagina10col\/\",\"https:\/\/youtube.com\/channel\/pag10\",\"https:\/\/www.tiktok.com\/@p10col\"]},{\"@type\":\"Person\",\"@id\":\"https:\/\/pagina10.com\/web\/#\/schema\/person\/2efc4a090d25b667d3bc796798a3a81b\",\"name\":\"P\u00e1gina 10\",\"description\":\"P\u00e1gina 10 es un peri\u00f3dico regional que nace en Colombia, en el departamento de Nari\u00f1o, con un enfoque global, fundamentado en cuatro pilares esenciales: la libertad, el pluralismo, la inclusi\u00f3n y la independencia. P\u00e1gina 10 hace referencia a Nari\u00f1o como el d\u00e9cimo departamento creado en Colombia, despu\u00e9s de un proceso pol\u00edtico liderado por actores y actrices regionales con el fin de obtener la independencia y autonom\u00eda de nuestros territorios. Con la creaci\u00f3n de P\u00e1gina 10 se pretende abrir un escenario para el dialogo, la reflexi\u00f3n y el debate que se extienda a otras geograf\u00edas de Am\u00e9rica Latina y del planeta, en una apuesta por transformar colectivamente los desaf\u00edos de un mundo contempor\u00e1neo, m\u00e1s all\u00e1 de las fronteras impuestas.\",\"url\":\"https:\/\/pagina10.com\/web\/author\/pdiezadmin\/\"}]}<\/script>\n<!-- \/ Yoast SEO plugin. -->","yoast_head_json":{"title":"Docente universitaria y escritora, Sara Esperanza Lucero Revelo, es El Personaje 10. | P\u00e1gina10","robots":{"index":"index","follow":"follow","max-snippet":"max-snippet:-1","max-image-preview":"max-image-preview:large","max-video-preview":"max-video-preview:-1"},"canonical":"https:\/\/pagina10.com\/web\/docente-universitaria-y-escritora-sara-esperanza-lucero-revelo-es-el-personaje-10\/","og_locale":"es_ES","og_type":"article","og_title":"Docente universitaria y escritora, Sara Esperanza Lucero Revelo, es El Personaje 10. | P\u00e1gina10","og_description":"Sara Esperanza es Psic\u00f3loga. Psicoterapeuta acreditada. Dra. en Psico rehabilitaci\u00f3n. Universidad Central del Ecuador Dra. en Educaci\u00f3n PhD de la Universidad de Baja California Colima M\u00e9xico. Menci\u00f3n CUMDEM LAUDEM. Igualmente es Especialista en Pedagog\u00eda para el Desarrollo del Aprendizaje Aut\u00f3nomo. Universidad Abierta y a Distancia UNAD y Mag\u00edster en Educaci\u00f3n de Adultos. Universidad San Buenaventura [&hellip;]","og_url":"https:\/\/pagina10.com\/web\/docente-universitaria-y-escritora-sara-esperanza-lucero-revelo-es-el-personaje-10\/","og_site_name":"P\u00e1gina10","article_publisher":"https:\/\/www.facebook.com\/pag10com","article_published_time":"2022-05-11T16:56:45+00:00","og_image":[{"width":267,"height":178,"url":"https:\/\/pagina10.com\/web\/wp-content\/uploads\/2022\/05\/Captura-de-Pantalla-2022-05-11-a-las-11.55.55-a.-m..png","type":"image\/png"}],"author":"P\u00e1gina 10","twitter_card":"summary_large_image","twitter_creator":"@Pag10com","twitter_site":"@Pag10com","twitter_misc":{"Escrito por":"P\u00e1gina 10","Tiempo de lectura":"1 minuto"},"schema":{"@context":"https:\/\/schema.org","@graph":[{"@type":"Article","@id":"https:\/\/pagina10.com\/web\/docente-universitaria-y-escritora-sara-esperanza-lucero-revelo-es-el-personaje-10\/#article","isPartOf":{"@id":"https:\/\/pagina10.com\/web\/docente-universitaria-y-escritora-sara-esperanza-lucero-revelo-es-el-personaje-10\/"},"author":{"name":"P\u00e1gina 10","@id":"https:\/\/pagina10.com\/web\/#\/schema\/person\/2efc4a090d25b667d3bc796798a3a81b"},"headline":"Docente universitaria y escritora, Sara Esperanza Lucero Revelo, es El Personaje 10.","datePublished":"2022-05-11T16:56:45+00:00","mainEntityOfPage":{"@id":"https:\/\/pagina10.com\/web\/docente-universitaria-y-escritora-sara-esperanza-lucero-revelo-es-el-personaje-10\/"},"wordCount":230,"commentCount":0,"publisher":{"@id":"https:\/\/pagina10.com\/web\/#organization"},"image":{"@id":"https:\/\/pagina10.com\/web\/docente-universitaria-y-escritora-sara-esperanza-lucero-revelo-es-el-personaje-10\/#primaryimage"},"thumbnailUrl":"https:\/\/pagina10.com\/web\/wp-content\/uploads\/2022\/05\/Captura-de-Pantalla-2022-05-11-a-las-11.55.55-a.-m..png","articleSection":["Educaci\u00f3n"],"inLanguage":"es","potentialAction":[{"@type":"CommentAction","name":"Comment","target":["https:\/\/pagina10.com\/web\/docente-universitaria-y-escritora-sara-esperanza-lucero-revelo-es-el-personaje-10\/#respond"]}]},{"@type":"WebPage","@id":"https:\/\/pagina10.com\/web\/docente-universitaria-y-escritora-sara-esperanza-lucero-revelo-es-el-personaje-10\/","url":"https:\/\/pagina10.com\/web\/docente-universitaria-y-escritora-sara-esperanza-lucero-revelo-es-el-personaje-10\/","name":"Docente universitaria y escritora, Sara Esperanza Lucero Revelo, es El Personaje 10. | P\u00e1gina10","isPartOf":{"@id":"https:\/\/pagina10.com\/web\/#website"},"primaryImageOfPage":{"@id":"https:\/\/pagina10.com\/web\/docente-universitaria-y-escritora-sara-esperanza-lucero-revelo-es-el-personaje-10\/#primaryimage"},"image":{"@id":"https:\/\/pagina10.com\/web\/docente-universitaria-y-escritora-sara-esperanza-lucero-revelo-es-el-personaje-10\/#primaryimage"},"thumbnailUrl":"https:\/\/pagina10.com\/web\/wp-content\/uploads\/2022\/05\/Captura-de-Pantalla-2022-05-11-a-las-11.55.55-a.-m..png","datePublished":"2022-05-11T16:56:45+00:00","breadcrumb":{"@id":"https:\/\/pagina10.com\/web\/docente-universitaria-y-escritora-sara-esperanza-lucero-revelo-es-el-personaje-10\/#breadcrumb"},"inLanguage":"es","potentialAction":[{"@type":"ReadAction","target":["https:\/\/pagina10.com\/web\/docente-universitaria-y-escritora-sara-esperanza-lucero-revelo-es-el-personaje-10\/"]}]},{"@type":"ImageObject","inLanguage":"es","@id":"https:\/\/pagina10.com\/web\/docente-universitaria-y-escritora-sara-esperanza-lucero-revelo-es-el-personaje-10\/#primaryimage","url":"https:\/\/pagina10.com\/web\/wp-content\/uploads\/2022\/05\/Captura-de-Pantalla-2022-05-11-a-las-11.55.55-a.-m..png","contentUrl":"https:\/\/pagina10.com\/web\/wp-content\/uploads\/2022\/05\/Captura-de-Pantalla-2022-05-11-a-las-11.55.55-a.-m..png","width":267,"height":178},{"@type":"BreadcrumbList","@id":"https:\/\/pagina10.com\/web\/docente-universitaria-y-escritora-sara-esperanza-lucero-revelo-es-el-personaje-10\/#breadcrumb","itemListElement":[{"@type":"ListItem","position":1,"name":"Portada","item":"https:\/\/pagina10.com\/web\/"},{"@type":"ListItem","position":2,"name":"Docente universitaria y escritora, Sara Esperanza Lucero Revelo, es El Personaje 10."}]},{"@type":"WebSite","@id":"https:\/\/pagina10.com\/web\/#website","url":"https:\/\/pagina10.com\/web\/","name":"P\u00e1gina10","description":"Peri\u00f3dico Regional","publisher":{"@id":"https:\/\/pagina10.com\/web\/#organization"},"alternateName":"P\u00e1gina10 Peri\u00f3dico Regional","potentialAction":[{"@type":"SearchAction","target":{"@type":"EntryPoint","urlTemplate":"https:\/\/pagina10.com\/web\/?s={search_term_string}"},"query-input":{"@type":"PropertyValueSpecification","valueRequired":true,"valueName":"search_term_string"}}],"inLanguage":"es"},{"@type":"Organization","@id":"https:\/\/pagina10.com\/web\/#organization","name":"P\u00e1gina10","alternateName":"P\u00e1gina10 Peri\u00f3dico Regional","url":"https:\/\/pagina10.com\/web\/","logo":{"@type":"ImageObject","inLanguage":"es","@id":"https:\/\/pagina10.com\/web\/#\/schema\/logo\/image\/","url":"https:\/\/pagina10.com\/web\/wp-content\/uploads\/2024\/01\/40-pagina-10-periodico-regional-pasto.jpg","contentUrl":"https:\/\/pagina10.com\/web\/wp-content\/uploads\/2024\/01\/40-pagina-10-periodico-regional-pasto.jpg","width":1280,"height":720,"caption":"P\u00e1gina10"},"image":{"@id":"https:\/\/pagina10.com\/web\/#\/schema\/logo\/image\/"},"sameAs":["https:\/\/www.facebook.com\/pag10com","https:\/\/x.com\/Pag10com","https:\/\/www.instagram.com\/pagina10col\/","https:\/\/youtube.com\/channel\/pag10","https:\/\/www.tiktok.com\/@p10col"]},{"@type":"Person","@id":"https:\/\/pagina10.com\/web\/#\/schema\/person\/2efc4a090d25b667d3bc796798a3a81b","name":"P\u00e1gina 10","description":"P\u00e1gina 10 es un peri\u00f3dico regional que nace en Colombia, en el departamento de Nari\u00f1o, con un enfoque global, fundamentado en cuatro pilares esenciales: la libertad, el pluralismo, la inclusi\u00f3n y la independencia. P\u00e1gina 10 hace referencia a Nari\u00f1o como el d\u00e9cimo departamento creado en Colombia, despu\u00e9s de un proceso pol\u00edtico liderado por actores y actrices regionales con el fin de obtener la independencia y autonom\u00eda de nuestros territorios. Con la creaci\u00f3n de P\u00e1gina 10 se pretende abrir un escenario para el dialogo, la reflexi\u00f3n y el debate que se extienda a otras geograf\u00edas de Am\u00e9rica Latina y del planeta, en una apuesta por transformar colectivamente los desaf\u00edos de un mundo contempor\u00e1neo, m\u00e1s all\u00e1 de las fronteras impuestas.","url":"https:\/\/pagina10.com\/web\/author\/pdiezadmin\/"}]}},"_links":{"self":[{"href":"https:\/\/pagina10.com\/web\/wp-json\/wp\/v2\/posts\/59354","targetHints":{"allow":["GET"]}}],"collection":[{"href":"https:\/\/pagina10.com\/web\/wp-json\/wp\/v2\/posts"}],"about":[{"href":"https:\/\/pagina10.com\/web\/wp-json\/wp\/v2\/types\/post"}],"author":[{"embeddable":true,"href":"https:\/\/pagina10.com\/web\/wp-json\/wp\/v2\/users\/1"}],"replies":[{"embeddable":true,"href":"https:\/\/pagina10.com\/web\/wp-json\/wp\/v2\/comments?post=59354"}],"version-history":[{"count":1,"href":"https:\/\/pagina10.com\/web\/wp-json\/wp\/v2\/posts\/59354\/revisions"}],"predecessor-version":[{"id":59356,"href":"https:\/\/pagina10.com\/web\/wp-json\/wp\/v2\/posts\/59354\/revisions\/59356"}],"wp:featuredmedia":[{"embeddable":true,"href":"https:\/\/pagina10.com\/web\/wp-json\/wp\/v2\/media\/59355"}],"wp:attachment":[{"href":"https:\/\/pagina10.com\/web\/wp-json\/wp\/v2\/media?parent=59354"}],"wp:term":[{"taxonomy":"category","embeddable":true,"href":"https:\/\/pagina10.com\/web\/wp-json\/wp\/v2\/categories?post=59354"},{"taxonomy":"post_tag","embeddable":true,"href":"https:\/\/pagina10.com\/web\/wp-json\/wp\/v2\/tags?post=59354"}],"curies":[{"name":"wp","href":"https:\/\/api.w.org\/{rel}","templated":true}]}}