{"id":59357,"date":"2022-05-11T18:02:32","date_gmt":"2022-05-11T23:02:32","guid":{"rendered":"https:\/\/pagina10.com\/web\/?p=59357"},"modified":"2022-05-11T18:02:32","modified_gmt":"2022-05-11T23:02:32","slug":"asegurado-jefe-de-control-interno-de-cehani-por-presunto-acoso-y-actos-sexuales-contra-una-funcionaria-en-pasto","status":"publish","type":"post","link":"https:\/\/pagina10.com\/web\/asegurado-jefe-de-control-interno-de-cehani-por-presunto-acoso-y-actos-sexuales-contra-una-funcionaria-en-pasto\/","title":{"rendered":"Asegurado jefe de control interno de CEHANI por presunto acoso y actos sexuales contra una funcionaria en Pasto"},"content":{"rendered":"<h4 style=\"text-align: justify;\">La agresiones ocurrieron entre marzo de 2021 y el pasado el 1 de abril, cuando la mujer habr\u00eda sido atacada sexualmente.<\/h4>\n<p style=\"text-align: justify;\">Luego de avalar el material probatorio recaudado por un fiscal del Centro de Atenci\u00f3n a V\u00edctimas de Abuso sexual\u00a0(Caivas), por el presunto acoso sexual del que estaba siendo v\u00edctima una funcionaria,\u00a0el Juzgado Primero Penal de Pasto (Nari\u00f1o) dict\u00f3 medida de aseguramiento en lugar de residencia contra David Felipe Solarte Insuasti, jefe de la Oficina de Control Interno Disciplinario del CEHANI.<\/p>\n<p style=\"text-align: justify;\">Seg\u00fan se pudo establecer, la mujer era llamada constantemente a la oficina de Control Interno donde, al parecer,\u00a0Solarte Insuasti le hac\u00eda\u00a0propuestas de \u00edndole sexual y trataba de besarla a la fuerza.<\/p>\n<p style=\"text-align: justify;\">El acoso sexual, de acuerdo con la denuncia de la v\u00edctima, se inici\u00f3 en marzo de 2021, situaci\u00f3n que se habr\u00eda ido incrementando hasta el pasado 1 de abril cuando el asegurado la llam\u00f3 a su oficina para revisar dos procesos disciplinarios. Estando en el sitio, el hombre habr\u00eda vuelto a realizarle insinuaciones de tipo sexual y, presuntamente, la tom\u00f3 de los brazos por la fuerza para tocarle sus partes \u00edntimas.<\/p>\n<p style=\"text-align: justify;\">El pasado 3 de mayo se emiti\u00f3 la orden de captura en su contra, la cual fue cumplida tres d\u00edas despu\u00e9s por servidores del CTI y agentes de la SIJIN de la Polic\u00eda Nacional.<\/p>\n<p style=\"text-align: justify;\">Solarte Insuasti fue imputado por su presunta responsabilidad en los delitos de\u00a0acoso sexual\u00a0y\u00a0acto sexual\u00a0violento agravado.<\/p>\n<p style=\"text-align: justify;\">Durante la audiencia, el juez con funciones de control de garant\u00edas determin\u00f3 que el hombre debe portar el mecanismo de vigilancia electr\u00f3nica controlado por el INPEC.<\/p>\n<p style=\"text-align: justify;\">Durante las audiencias concentradas la Fiscal\u00eda apel\u00f3 la medida de prisi\u00f3n domiciliaria.<\/p>\n","protected":false},"excerpt":{"rendered":"<p>La agresiones ocurrieron entre marzo de 2021 y el pasado el 1 de abril, cuando la mujer habr\u00eda sido atacada sexualmente. Luego de avalar el material probatorio recaudado por un fiscal del Centro de Atenci\u00f3n a V\u00edctimas de Abuso sexual\u00a0(Caivas), por el presunto acoso sexual del que estaba siendo v\u00edctima una funcionaria,\u00a0el Juzgado Primero Penal [&hellip;]<\/p>\n","protected":false},"author":1,"featured_media":36539,"comment_status":"open","ping_status":"open","sticky":false,"template":"","format":"standard","meta":{"footnotes":""},"categories":[61],"tags":[],"class_list":["post-59357","post","type-post","status-publish","format-standard","has-post-thumbnail","hentry","category-judicial"],"yoast_head":"<!-- This site is optimized with the Yoast SEO plugin v27.1.1 - https:\/\/yoast.com\/product\/yoast-seo-wordpress\/ -->\n<title>Asegurado jefe de control interno de CEHANI por presunto acoso y actos sexuales contra una funcionaria en Pasto | P\u00e1gina10<\/title>\n<meta name=\"robots\" content=\"index, follow, max-snippet:-1, max-image-preview:large, max-video-preview:-1\" \/>\n<link rel=\"canonical\" href=\"https:\/\/pagina10.com\/web\/asegurado-jefe-de-control-interno-de-cehani-por-presunto-acoso-y-actos-sexuales-contra-una-funcionaria-en-pasto\/\" \/>\n<meta property=\"og:locale\" content=\"es_ES\" \/>\n<meta property=\"og:type\" content=\"article\" \/>\n<meta property=\"og:title\" content=\"Asegurado jefe de control interno de CEHANI por presunto acoso y actos sexuales contra una funcionaria en Pasto | P\u00e1gina10\" \/>\n<meta property=\"og:description\" content=\"La agresiones ocurrieron entre marzo de 2021 y el pasado el 1 de abril, cuando la mujer habr\u00eda sido atacada sexualmente. Luego de avalar el material probatorio recaudado por un fiscal del Centro de Atenci\u00f3n a V\u00edctimas de Abuso sexual\u00a0(Caivas), por el presunto acoso sexual del que estaba siendo v\u00edctima una funcionaria,\u00a0el Juzgado Primero Penal [&hellip;]\" \/>\n<meta property=\"og:url\" content=\"https:\/\/pagina10.com\/web\/asegurado-jefe-de-control-interno-de-cehani-por-presunto-acoso-y-actos-sexuales-contra-una-funcionaria-en-pasto\/\" \/>\n<meta property=\"og:site_name\" content=\"P\u00e1gina10\" \/>\n<meta property=\"article:publisher\" content=\"https:\/\/www.facebook.com\/pag10com\" \/>\n<meta property=\"article:published_time\" content=\"2022-05-11T23:02:32+00:00\" \/>\n<meta property=\"og:image\" content=\"https:\/\/pagina10.com\/web\/wp-content\/uploads\/2019\/01\/fiscalia.jpg\" \/>\n\t<meta property=\"og:image:width\" content=\"640\" \/>\n\t<meta property=\"og:image:height\" content=\"427\" \/>\n\t<meta property=\"og:image:type\" content=\"image\/jpeg\" \/>\n<meta name=\"author\" content=\"P\u00e1gina 10\" \/>\n<meta name=\"twitter:card\" content=\"summary_large_image\" \/>\n<meta name=\"twitter:creator\" content=\"@Pag10com\" \/>\n<meta name=\"twitter:site\" content=\"@Pag10com\" \/>\n<meta name=\"twitter:label1\" content=\"Escrito por\" \/>\n\t<meta name=\"twitter:data1\" content=\"P\u00e1gina 10\" \/>\n\t<meta name=\"twitter:label2\" content=\"Tiempo de lectura\" \/>\n\t<meta name=\"twitter:data2\" content=\"1 minuto\" \/>\n<script type=\"application\/ld+json\" class=\"yoast-schema-graph\">{\"@context\":\"https:\/\/schema.org\",\"@graph\":[{\"@type\":\"Article\",\"@id\":\"https:\/\/pagina10.com\/web\/asegurado-jefe-de-control-interno-de-cehani-por-presunto-acoso-y-actos-sexuales-contra-una-funcionaria-en-pasto\/#article\",\"isPartOf\":{\"@id\":\"https:\/\/pagina10.com\/web\/asegurado-jefe-de-control-interno-de-cehani-por-presunto-acoso-y-actos-sexuales-contra-una-funcionaria-en-pasto\/\"},\"author\":{\"name\":\"P\u00e1gina 10\",\"@id\":\"https:\/\/pagina10.com\/web\/#\/schema\/person\/2efc4a090d25b667d3bc796798a3a81b\"},\"headline\":\"Asegurado jefe de control interno de CEHANI por presunto acoso y actos sexuales contra una funcionaria en Pasto\",\"datePublished\":\"2022-05-11T23:02:32+00:00\",\"mainEntityOfPage\":{\"@id\":\"https:\/\/pagina10.com\/web\/asegurado-jefe-de-control-interno-de-cehani-por-presunto-acoso-y-actos-sexuales-contra-una-funcionaria-en-pasto\/\"},\"wordCount\":309,\"commentCount\":0,\"publisher\":{\"@id\":\"https:\/\/pagina10.com\/web\/#organization\"},\"image\":{\"@id\":\"https:\/\/pagina10.com\/web\/asegurado-jefe-de-control-interno-de-cehani-por-presunto-acoso-y-actos-sexuales-contra-una-funcionaria-en-pasto\/#primaryimage\"},\"thumbnailUrl\":\"https:\/\/pagina10.com\/web\/wp-content\/uploads\/2019\/01\/fiscalia.jpg\",\"articleSection\":[\"Judicial\"],\"inLanguage\":\"es\",\"potentialAction\":[{\"@type\":\"CommentAction\",\"name\":\"Comment\",\"target\":[\"https:\/\/pagina10.com\/web\/asegurado-jefe-de-control-interno-de-cehani-por-presunto-acoso-y-actos-sexuales-contra-una-funcionaria-en-pasto\/#respond\"]}]},{\"@type\":\"WebPage\",\"@id\":\"https:\/\/pagina10.com\/web\/asegurado-jefe-de-control-interno-de-cehani-por-presunto-acoso-y-actos-sexuales-contra-una-funcionaria-en-pasto\/\",\"url\":\"https:\/\/pagina10.com\/web\/asegurado-jefe-de-control-interno-de-cehani-por-presunto-acoso-y-actos-sexuales-contra-una-funcionaria-en-pasto\/\",\"name\":\"Asegurado jefe de control interno de CEHANI por presunto acoso y actos sexuales contra una funcionaria en Pasto | P\u00e1gina10\",\"isPartOf\":{\"@id\":\"https:\/\/pagina10.com\/web\/#website\"},\"primaryImageOfPage\":{\"@id\":\"https:\/\/pagina10.com\/web\/asegurado-jefe-de-control-interno-de-cehani-por-presunto-acoso-y-actos-sexuales-contra-una-funcionaria-en-pasto\/#primaryimage\"},\"image\":{\"@id\":\"https:\/\/pagina10.com\/web\/asegurado-jefe-de-control-interno-de-cehani-por-presunto-acoso-y-actos-sexuales-contra-una-funcionaria-en-pasto\/#primaryimage\"},\"thumbnailUrl\":\"https:\/\/pagina10.com\/web\/wp-content\/uploads\/2019\/01\/fiscalia.jpg\",\"datePublished\":\"2022-05-11T23:02:32+00:00\",\"breadcrumb\":{\"@id\":\"https:\/\/pagina10.com\/web\/asegurado-jefe-de-control-interno-de-cehani-por-presunto-acoso-y-actos-sexuales-contra-una-funcionaria-en-pasto\/#breadcrumb\"},\"inLanguage\":\"es\",\"potentialAction\":[{\"@type\":\"ReadAction\",\"target\":[\"https:\/\/pagina10.com\/web\/asegurado-jefe-de-control-interno-de-cehani-por-presunto-acoso-y-actos-sexuales-contra-una-funcionaria-en-pasto\/\"]}]},{\"@type\":\"ImageObject\",\"inLanguage\":\"es\",\"@id\":\"https:\/\/pagina10.com\/web\/asegurado-jefe-de-control-interno-de-cehani-por-presunto-acoso-y-actos-sexuales-contra-una-funcionaria-en-pasto\/#primaryimage\",\"url\":\"https:\/\/pagina10.com\/web\/wp-content\/uploads\/2019\/01\/fiscalia.jpg\",\"contentUrl\":\"https:\/\/pagina10.com\/web\/wp-content\/uploads\/2019\/01\/fiscalia.jpg\",\"width\":640,\"height\":427},{\"@type\":\"BreadcrumbList\",\"@id\":\"https:\/\/pagina10.com\/web\/asegurado-jefe-de-control-interno-de-cehani-por-presunto-acoso-y-actos-sexuales-contra-una-funcionaria-en-pasto\/#breadcrumb\",\"itemListElement\":[{\"@type\":\"ListItem\",\"position\":1,\"name\":\"Portada\",\"item\":\"https:\/\/pagina10.com\/web\/\"},{\"@type\":\"ListItem\",\"position\":2,\"name\":\"Asegurado jefe de control interno de CEHANI por presunto acoso y actos sexuales contra una funcionaria en Pasto\"}]},{\"@type\":\"WebSite\",\"@id\":\"https:\/\/pagina10.com\/web\/#website\",\"url\":\"https:\/\/pagina10.com\/web\/\",\"name\":\"P\u00e1gina10\",\"description\":\"Peri\u00f3dico Regional\",\"publisher\":{\"@id\":\"https:\/\/pagina10.com\/web\/#organization\"},\"alternateName\":\"P\u00e1gina10 Peri\u00f3dico Regional\",\"potentialAction\":[{\"@type\":\"SearchAction\",\"target\":{\"@type\":\"EntryPoint\",\"urlTemplate\":\"https:\/\/pagina10.com\/web\/?s={search_term_string}\"},\"query-input\":{\"@type\":\"PropertyValueSpecification\",\"valueRequired\":true,\"valueName\":\"search_term_string\"}}],\"inLanguage\":\"es\"},{\"@type\":\"Organization\",\"@id\":\"https:\/\/pagina10.com\/web\/#organization\",\"name\":\"P\u00e1gina10\",\"alternateName\":\"P\u00e1gina10 Peri\u00f3dico Regional\",\"url\":\"https:\/\/pagina10.com\/web\/\",\"logo\":{\"@type\":\"ImageObject\",\"inLanguage\":\"es\",\"@id\":\"https:\/\/pagina10.com\/web\/#\/schema\/logo\/image\/\",\"url\":\"https:\/\/pagina10.com\/web\/wp-content\/uploads\/2024\/01\/40-pagina-10-periodico-regional-pasto.jpg\",\"contentUrl\":\"https:\/\/pagina10.com\/web\/wp-content\/uploads\/2024\/01\/40-pagina-10-periodico-regional-pasto.jpg\",\"width\":1280,\"height\":720,\"caption\":\"P\u00e1gina10\"},\"image\":{\"@id\":\"https:\/\/pagina10.com\/web\/#\/schema\/logo\/image\/\"},\"sameAs\":[\"https:\/\/www.facebook.com\/pag10com\",\"https:\/\/x.com\/Pag10com\",\"https:\/\/www.instagram.com\/pagina10col\/\",\"https:\/\/youtube.com\/channel\/pag10\",\"https:\/\/www.tiktok.com\/@p10col\"]},{\"@type\":\"Person\",\"@id\":\"https:\/\/pagina10.com\/web\/#\/schema\/person\/2efc4a090d25b667d3bc796798a3a81b\",\"name\":\"P\u00e1gina 10\",\"description\":\"P\u00e1gina 10 es un peri\u00f3dico regional que nace en Colombia, en el departamento de Nari\u00f1o, con un enfoque global, fundamentado en cuatro pilares esenciales: la libertad, el pluralismo, la inclusi\u00f3n y la independencia. P\u00e1gina 10 hace referencia a Nari\u00f1o como el d\u00e9cimo departamento creado en Colombia, despu\u00e9s de un proceso pol\u00edtico liderado por actores y actrices regionales con el fin de obtener la independencia y autonom\u00eda de nuestros territorios. Con la creaci\u00f3n de P\u00e1gina 10 se pretende abrir un escenario para el dialogo, la reflexi\u00f3n y el debate que se extienda a otras geograf\u00edas de Am\u00e9rica Latina y del planeta, en una apuesta por transformar colectivamente los desaf\u00edos de un mundo contempor\u00e1neo, m\u00e1s all\u00e1 de las fronteras impuestas.\",\"url\":\"https:\/\/pagina10.com\/web\/author\/pdiezadmin\/\"}]}<\/script>\n<!-- \/ Yoast SEO plugin. -->","yoast_head_json":{"title":"Asegurado jefe de control interno de CEHANI por presunto acoso y actos sexuales contra una funcionaria en Pasto | P\u00e1gina10","robots":{"index":"index","follow":"follow","max-snippet":"max-snippet:-1","max-image-preview":"max-image-preview:large","max-video-preview":"max-video-preview:-1"},"canonical":"https:\/\/pagina10.com\/web\/asegurado-jefe-de-control-interno-de-cehani-por-presunto-acoso-y-actos-sexuales-contra-una-funcionaria-en-pasto\/","og_locale":"es_ES","og_type":"article","og_title":"Asegurado jefe de control interno de CEHANI por presunto acoso y actos sexuales contra una funcionaria en Pasto | P\u00e1gina10","og_description":"La agresiones ocurrieron entre marzo de 2021 y el pasado el 1 de abril, cuando la mujer habr\u00eda sido atacada sexualmente. Luego de avalar el material probatorio recaudado por un fiscal del Centro de Atenci\u00f3n a V\u00edctimas de Abuso sexual\u00a0(Caivas), por el presunto acoso sexual del que estaba siendo v\u00edctima una funcionaria,\u00a0el Juzgado Primero Penal [&hellip;]","og_url":"https:\/\/pagina10.com\/web\/asegurado-jefe-de-control-interno-de-cehani-por-presunto-acoso-y-actos-sexuales-contra-una-funcionaria-en-pasto\/","og_site_name":"P\u00e1gina10","article_publisher":"https:\/\/www.facebook.com\/pag10com","article_published_time":"2022-05-11T23:02:32+00:00","og_image":[{"width":640,"height":427,"url":"https:\/\/pagina10.com\/web\/wp-content\/uploads\/2019\/01\/fiscalia.jpg","type":"image\/jpeg"}],"author":"P\u00e1gina 10","twitter_card":"summary_large_image","twitter_creator":"@Pag10com","twitter_site":"@Pag10com","twitter_misc":{"Escrito por":"P\u00e1gina 10","Tiempo de lectura":"1 minuto"},"schema":{"@context":"https:\/\/schema.org","@graph":[{"@type":"Article","@id":"https:\/\/pagina10.com\/web\/asegurado-jefe-de-control-interno-de-cehani-por-presunto-acoso-y-actos-sexuales-contra-una-funcionaria-en-pasto\/#article","isPartOf":{"@id":"https:\/\/pagina10.com\/web\/asegurado-jefe-de-control-interno-de-cehani-por-presunto-acoso-y-actos-sexuales-contra-una-funcionaria-en-pasto\/"},"author":{"name":"P\u00e1gina 10","@id":"https:\/\/pagina10.com\/web\/#\/schema\/person\/2efc4a090d25b667d3bc796798a3a81b"},"headline":"Asegurado jefe de control interno de CEHANI por presunto acoso y actos sexuales contra una funcionaria en Pasto","datePublished":"2022-05-11T23:02:32+00:00","mainEntityOfPage":{"@id":"https:\/\/pagina10.com\/web\/asegurado-jefe-de-control-interno-de-cehani-por-presunto-acoso-y-actos-sexuales-contra-una-funcionaria-en-pasto\/"},"wordCount":309,"commentCount":0,"publisher":{"@id":"https:\/\/pagina10.com\/web\/#organization"},"image":{"@id":"https:\/\/pagina10.com\/web\/asegurado-jefe-de-control-interno-de-cehani-por-presunto-acoso-y-actos-sexuales-contra-una-funcionaria-en-pasto\/#primaryimage"},"thumbnailUrl":"https:\/\/pagina10.com\/web\/wp-content\/uploads\/2019\/01\/fiscalia.jpg","articleSection":["Judicial"],"inLanguage":"es","potentialAction":[{"@type":"CommentAction","name":"Comment","target":["https:\/\/pagina10.com\/web\/asegurado-jefe-de-control-interno-de-cehani-por-presunto-acoso-y-actos-sexuales-contra-una-funcionaria-en-pasto\/#respond"]}]},{"@type":"WebPage","@id":"https:\/\/pagina10.com\/web\/asegurado-jefe-de-control-interno-de-cehani-por-presunto-acoso-y-actos-sexuales-contra-una-funcionaria-en-pasto\/","url":"https:\/\/pagina10.com\/web\/asegurado-jefe-de-control-interno-de-cehani-por-presunto-acoso-y-actos-sexuales-contra-una-funcionaria-en-pasto\/","name":"Asegurado jefe de control interno de CEHANI por presunto acoso y actos sexuales contra una funcionaria en Pasto | P\u00e1gina10","isPartOf":{"@id":"https:\/\/pagina10.com\/web\/#website"},"primaryImageOfPage":{"@id":"https:\/\/pagina10.com\/web\/asegurado-jefe-de-control-interno-de-cehani-por-presunto-acoso-y-actos-sexuales-contra-una-funcionaria-en-pasto\/#primaryimage"},"image":{"@id":"https:\/\/pagina10.com\/web\/asegurado-jefe-de-control-interno-de-cehani-por-presunto-acoso-y-actos-sexuales-contra-una-funcionaria-en-pasto\/#primaryimage"},"thumbnailUrl":"https:\/\/pagina10.com\/web\/wp-content\/uploads\/2019\/01\/fiscalia.jpg","datePublished":"2022-05-11T23:02:32+00:00","breadcrumb":{"@id":"https:\/\/pagina10.com\/web\/asegurado-jefe-de-control-interno-de-cehani-por-presunto-acoso-y-actos-sexuales-contra-una-funcionaria-en-pasto\/#breadcrumb"},"inLanguage":"es","potentialAction":[{"@type":"ReadAction","target":["https:\/\/pagina10.com\/web\/asegurado-jefe-de-control-interno-de-cehani-por-presunto-acoso-y-actos-sexuales-contra-una-funcionaria-en-pasto\/"]}]},{"@type":"ImageObject","inLanguage":"es","@id":"https:\/\/pagina10.com\/web\/asegurado-jefe-de-control-interno-de-cehani-por-presunto-acoso-y-actos-sexuales-contra-una-funcionaria-en-pasto\/#primaryimage","url":"https:\/\/pagina10.com\/web\/wp-content\/uploads\/2019\/01\/fiscalia.jpg","contentUrl":"https:\/\/pagina10.com\/web\/wp-content\/uploads\/2019\/01\/fiscalia.jpg","width":640,"height":427},{"@type":"BreadcrumbList","@id":"https:\/\/pagina10.com\/web\/asegurado-jefe-de-control-interno-de-cehani-por-presunto-acoso-y-actos-sexuales-contra-una-funcionaria-en-pasto\/#breadcrumb","itemListElement":[{"@type":"ListItem","position":1,"name":"Portada","item":"https:\/\/pagina10.com\/web\/"},{"@type":"ListItem","position":2,"name":"Asegurado jefe de control interno de CEHANI por presunto acoso y actos sexuales contra una funcionaria en Pasto"}]},{"@type":"WebSite","@id":"https:\/\/pagina10.com\/web\/#website","url":"https:\/\/pagina10.com\/web\/","name":"P\u00e1gina10","description":"Peri\u00f3dico Regional","publisher":{"@id":"https:\/\/pagina10.com\/web\/#organization"},"alternateName":"P\u00e1gina10 Peri\u00f3dico Regional","potentialAction":[{"@type":"SearchAction","target":{"@type":"EntryPoint","urlTemplate":"https:\/\/pagina10.com\/web\/?s={search_term_string}"},"query-input":{"@type":"PropertyValueSpecification","valueRequired":true,"valueName":"search_term_string"}}],"inLanguage":"es"},{"@type":"Organization","@id":"https:\/\/pagina10.com\/web\/#organization","name":"P\u00e1gina10","alternateName":"P\u00e1gina10 Peri\u00f3dico Regional","url":"https:\/\/pagina10.com\/web\/","logo":{"@type":"ImageObject","inLanguage":"es","@id":"https:\/\/pagina10.com\/web\/#\/schema\/logo\/image\/","url":"https:\/\/pagina10.com\/web\/wp-content\/uploads\/2024\/01\/40-pagina-10-periodico-regional-pasto.jpg","contentUrl":"https:\/\/pagina10.com\/web\/wp-content\/uploads\/2024\/01\/40-pagina-10-periodico-regional-pasto.jpg","width":1280,"height":720,"caption":"P\u00e1gina10"},"image":{"@id":"https:\/\/pagina10.com\/web\/#\/schema\/logo\/image\/"},"sameAs":["https:\/\/www.facebook.com\/pag10com","https:\/\/x.com\/Pag10com","https:\/\/www.instagram.com\/pagina10col\/","https:\/\/youtube.com\/channel\/pag10","https:\/\/www.tiktok.com\/@p10col"]},{"@type":"Person","@id":"https:\/\/pagina10.com\/web\/#\/schema\/person\/2efc4a090d25b667d3bc796798a3a81b","name":"P\u00e1gina 10","description":"P\u00e1gina 10 es un peri\u00f3dico regional que nace en Colombia, en el departamento de Nari\u00f1o, con un enfoque global, fundamentado en cuatro pilares esenciales: la libertad, el pluralismo, la inclusi\u00f3n y la independencia. P\u00e1gina 10 hace referencia a Nari\u00f1o como el d\u00e9cimo departamento creado en Colombia, despu\u00e9s de un proceso pol\u00edtico liderado por actores y actrices regionales con el fin de obtener la independencia y autonom\u00eda de nuestros territorios. Con la creaci\u00f3n de P\u00e1gina 10 se pretende abrir un escenario para el dialogo, la reflexi\u00f3n y el debate que se extienda a otras geograf\u00edas de Am\u00e9rica Latina y del planeta, en una apuesta por transformar colectivamente los desaf\u00edos de un mundo contempor\u00e1neo, m\u00e1s all\u00e1 de las fronteras impuestas.","url":"https:\/\/pagina10.com\/web\/author\/pdiezadmin\/"}]}},"_links":{"self":[{"href":"https:\/\/pagina10.com\/web\/wp-json\/wp\/v2\/posts\/59357","targetHints":{"allow":["GET"]}}],"collection":[{"href":"https:\/\/pagina10.com\/web\/wp-json\/wp\/v2\/posts"}],"about":[{"href":"https:\/\/pagina10.com\/web\/wp-json\/wp\/v2\/types\/post"}],"author":[{"embeddable":true,"href":"https:\/\/pagina10.com\/web\/wp-json\/wp\/v2\/users\/1"}],"replies":[{"embeddable":true,"href":"https:\/\/pagina10.com\/web\/wp-json\/wp\/v2\/comments?post=59357"}],"version-history":[{"count":1,"href":"https:\/\/pagina10.com\/web\/wp-json\/wp\/v2\/posts\/59357\/revisions"}],"predecessor-version":[{"id":59358,"href":"https:\/\/pagina10.com\/web\/wp-json\/wp\/v2\/posts\/59357\/revisions\/59358"}],"wp:featuredmedia":[{"embeddable":true,"href":"https:\/\/pagina10.com\/web\/wp-json\/wp\/v2\/media\/36539"}],"wp:attachment":[{"href":"https:\/\/pagina10.com\/web\/wp-json\/wp\/v2\/media?parent=59357"}],"wp:term":[{"taxonomy":"category","embeddable":true,"href":"https:\/\/pagina10.com\/web\/wp-json\/wp\/v2\/categories?post=59357"},{"taxonomy":"post_tag","embeddable":true,"href":"https:\/\/pagina10.com\/web\/wp-json\/wp\/v2\/tags?post=59357"}],"curies":[{"name":"wp","href":"https:\/\/api.w.org\/{rel}","templated":true}]}}