{"id":59379,"date":"2022-05-14T21:37:08","date_gmt":"2022-05-15T02:37:08","guid":{"rendered":"https:\/\/pagina10.com\/web\/?p=59379"},"modified":"2022-05-14T21:37:08","modified_gmt":"2022-05-15T02:37:08","slug":"condenado-hombre-que-ordeno-el-asesinado-del-lider-estudiantil-esteban-mosquera-en-cauca","status":"publish","type":"post","link":"https:\/\/pagina10.com\/web\/condenado-hombre-que-ordeno-el-asesinado-del-lider-estudiantil-esteban-mosquera-en-cauca\/","title":{"rendered":"Condenado hombre que orden\u00f3 el asesinado del l\u00edder estudiantil Esteban Mosquera en Cauca"},"content":{"rendered":"<p style=\"text-align: justify;\">Luego de avalar el preacuerdo presentado por la Fiscal\u00eda General de la Naci\u00f3n, en el que Carlos Alberto Moncayo Cabrera acept\u00f3 ser el determinador del asesinato del l\u00edder estudiantil Esteban Mosquera Iglesias, un juez penal de conocimiento conden\u00f3 al confeso homicida a 16 a\u00f1os y 9 meses de prisi\u00f3n. El crimen ocurri\u00f3 el 23 de agosto de 2021, en el barrio La Pamba, en el centro hist\u00f3rico de Popay\u00e1n (Cauca). La v\u00edctima recibi\u00f3 varios disparos de dos hombres que se movilizaban en una motocicleta.<\/p>\n<div style=\"text-align: justify;\">\n<p>Una fiscal de la Unidad Especial de Investigaci\u00f3n (UEI), en un trabajo articulado con la Seccional Cauca, estableci\u00f3 que Moncayo Cabrera, quien era el compa\u00f1ero sentimental de una t\u00eda del l\u00edder estudiantil,\u00a0pag\u00f3 a Edgar Alexander M\u00e9ndez, alias Pollo; y a su esposa, Michelline V\u00e1squez Murillo, para que ubicaran a dos sicarios que estuvieran dispuestos a atacar al joven y as\u00ed poner fin a un problema familiar que iba en aumento.<\/p>\n<p>La pareja habr\u00eda contactado a dos personas, quienes se encargaron de interceptar en v\u00eda p\u00fablica a Esteban Mosquera Iglesias y le causaron la muerte con armas de fuego.En ese sentido, Carlos Alberto Moncayo Cabrera\u00a0fue declarado responsable, a t\u00edtulo de determinador, de los delitos de homicidio agravado y porte ilegal de armas.<\/p>\n<p>Por estos hechos, permanecen privados de la libertad y enfrentan juicio Breiner Alexander Narv\u00e1ez Ru\u00edz y Esteban Narv\u00e1ez Ram\u00edrez, presuntos integrantes del grupo delincuencial \u2018Los Ovejos\u2019; y Edgar Alexander M\u00e9ndez y Michelline V\u00e1squez Murillo, los presuntos intermediarios.<\/p>\n<\/div>\n<div dir=\"ltr\" style=\"text-align: justify;\"><\/div>\n","protected":false},"excerpt":{"rendered":"<p>Luego de avalar el preacuerdo presentado por la Fiscal\u00eda General de la Naci\u00f3n, en el que Carlos Alberto Moncayo Cabrera acept\u00f3 ser el determinador del asesinato del l\u00edder estudiantil Esteban Mosquera Iglesias, un juez penal de conocimiento conden\u00f3 al confeso homicida a 16 a\u00f1os y 9 meses de prisi\u00f3n. El crimen ocurri\u00f3 el 23 de [&hellip;]<\/p>\n","protected":false},"author":1,"featured_media":59380,"comment_status":"open","ping_status":"open","sticky":false,"template":"","format":"standard","meta":{"footnotes":""},"categories":[61],"tags":[],"class_list":["post-59379","post","type-post","status-publish","format-standard","has-post-thumbnail","hentry","category-judicial"],"yoast_head":"<!-- This site is optimized with the Yoast SEO plugin v27.1.1 - https:\/\/yoast.com\/product\/yoast-seo-wordpress\/ -->\n<title>Condenado hombre que orden\u00f3 el asesinado del l\u00edder estudiantil Esteban Mosquera en Cauca | P\u00e1gina10<\/title>\n<meta name=\"robots\" content=\"index, follow, max-snippet:-1, max-image-preview:large, max-video-preview:-1\" \/>\n<link rel=\"canonical\" href=\"https:\/\/pagina10.com\/web\/condenado-hombre-que-ordeno-el-asesinado-del-lider-estudiantil-esteban-mosquera-en-cauca\/\" \/>\n<meta property=\"og:locale\" content=\"es_ES\" \/>\n<meta property=\"og:type\" content=\"article\" \/>\n<meta property=\"og:title\" content=\"Condenado hombre que orden\u00f3 el asesinado del l\u00edder estudiantil Esteban Mosquera en Cauca | P\u00e1gina10\" \/>\n<meta property=\"og:description\" content=\"Luego de avalar el preacuerdo presentado por la Fiscal\u00eda General de la Naci\u00f3n, en el que Carlos Alberto Moncayo Cabrera acept\u00f3 ser el determinador del asesinato del l\u00edder estudiantil Esteban Mosquera Iglesias, un juez penal de conocimiento conden\u00f3 al confeso homicida a 16 a\u00f1os y 9 meses de prisi\u00f3n. El crimen ocurri\u00f3 el 23 de [&hellip;]\" \/>\n<meta property=\"og:url\" content=\"https:\/\/pagina10.com\/web\/condenado-hombre-que-ordeno-el-asesinado-del-lider-estudiantil-esteban-mosquera-en-cauca\/\" \/>\n<meta property=\"og:site_name\" content=\"P\u00e1gina10\" \/>\n<meta property=\"article:publisher\" content=\"https:\/\/www.facebook.com\/pag10com\" \/>\n<meta property=\"article:published_time\" content=\"2022-05-15T02:37:08+00:00\" \/>\n<meta property=\"og:image\" content=\"https:\/\/pagina10.com\/web\/wp-content\/uploads\/2022\/05\/Captura-de-Pantalla-2022-05-14-a-las-9.36.07-p.-m..png\" \/>\n\t<meta property=\"og:image:width\" content=\"693\" \/>\n\t<meta property=\"og:image:height\" content=\"405\" \/>\n\t<meta property=\"og:image:type\" content=\"image\/png\" \/>\n<meta name=\"author\" content=\"P\u00e1gina 10\" \/>\n<meta name=\"twitter:card\" content=\"summary_large_image\" \/>\n<meta name=\"twitter:creator\" content=\"@Pag10com\" \/>\n<meta name=\"twitter:site\" content=\"@Pag10com\" \/>\n<meta name=\"twitter:label1\" content=\"Escrito por\" \/>\n\t<meta name=\"twitter:data1\" content=\"P\u00e1gina 10\" \/>\n\t<meta name=\"twitter:label2\" content=\"Tiempo de lectura\" \/>\n\t<meta name=\"twitter:data2\" content=\"1 minuto\" \/>\n<script type=\"application\/ld+json\" class=\"yoast-schema-graph\">{\"@context\":\"https:\/\/schema.org\",\"@graph\":[{\"@type\":\"Article\",\"@id\":\"https:\/\/pagina10.com\/web\/condenado-hombre-que-ordeno-el-asesinado-del-lider-estudiantil-esteban-mosquera-en-cauca\/#article\",\"isPartOf\":{\"@id\":\"https:\/\/pagina10.com\/web\/condenado-hombre-que-ordeno-el-asesinado-del-lider-estudiantil-esteban-mosquera-en-cauca\/\"},\"author\":{\"name\":\"P\u00e1gina 10\",\"@id\":\"https:\/\/pagina10.com\/web\/#\/schema\/person\/2efc4a090d25b667d3bc796798a3a81b\"},\"headline\":\"Condenado hombre que orden\u00f3 el asesinado del l\u00edder estudiantil Esteban Mosquera en Cauca\",\"datePublished\":\"2022-05-15T02:37:08+00:00\",\"mainEntityOfPage\":{\"@id\":\"https:\/\/pagina10.com\/web\/condenado-hombre-que-ordeno-el-asesinado-del-lider-estudiantil-esteban-mosquera-en-cauca\/\"},\"wordCount\":279,\"commentCount\":0,\"publisher\":{\"@id\":\"https:\/\/pagina10.com\/web\/#organization\"},\"image\":{\"@id\":\"https:\/\/pagina10.com\/web\/condenado-hombre-que-ordeno-el-asesinado-del-lider-estudiantil-esteban-mosquera-en-cauca\/#primaryimage\"},\"thumbnailUrl\":\"https:\/\/pagina10.com\/web\/wp-content\/uploads\/2022\/05\/Captura-de-Pantalla-2022-05-14-a-las-9.36.07-p.-m..png\",\"articleSection\":[\"Judicial\"],\"inLanguage\":\"es\",\"potentialAction\":[{\"@type\":\"CommentAction\",\"name\":\"Comment\",\"target\":[\"https:\/\/pagina10.com\/web\/condenado-hombre-que-ordeno-el-asesinado-del-lider-estudiantil-esteban-mosquera-en-cauca\/#respond\"]}]},{\"@type\":\"WebPage\",\"@id\":\"https:\/\/pagina10.com\/web\/condenado-hombre-que-ordeno-el-asesinado-del-lider-estudiantil-esteban-mosquera-en-cauca\/\",\"url\":\"https:\/\/pagina10.com\/web\/condenado-hombre-que-ordeno-el-asesinado-del-lider-estudiantil-esteban-mosquera-en-cauca\/\",\"name\":\"Condenado hombre que orden\u00f3 el asesinado del l\u00edder estudiantil Esteban Mosquera en Cauca | P\u00e1gina10\",\"isPartOf\":{\"@id\":\"https:\/\/pagina10.com\/web\/#website\"},\"primaryImageOfPage\":{\"@id\":\"https:\/\/pagina10.com\/web\/condenado-hombre-que-ordeno-el-asesinado-del-lider-estudiantil-esteban-mosquera-en-cauca\/#primaryimage\"},\"image\":{\"@id\":\"https:\/\/pagina10.com\/web\/condenado-hombre-que-ordeno-el-asesinado-del-lider-estudiantil-esteban-mosquera-en-cauca\/#primaryimage\"},\"thumbnailUrl\":\"https:\/\/pagina10.com\/web\/wp-content\/uploads\/2022\/05\/Captura-de-Pantalla-2022-05-14-a-las-9.36.07-p.-m..png\",\"datePublished\":\"2022-05-15T02:37:08+00:00\",\"breadcrumb\":{\"@id\":\"https:\/\/pagina10.com\/web\/condenado-hombre-que-ordeno-el-asesinado-del-lider-estudiantil-esteban-mosquera-en-cauca\/#breadcrumb\"},\"inLanguage\":\"es\",\"potentialAction\":[{\"@type\":\"ReadAction\",\"target\":[\"https:\/\/pagina10.com\/web\/condenado-hombre-que-ordeno-el-asesinado-del-lider-estudiantil-esteban-mosquera-en-cauca\/\"]}]},{\"@type\":\"ImageObject\",\"inLanguage\":\"es\",\"@id\":\"https:\/\/pagina10.com\/web\/condenado-hombre-que-ordeno-el-asesinado-del-lider-estudiantil-esteban-mosquera-en-cauca\/#primaryimage\",\"url\":\"https:\/\/pagina10.com\/web\/wp-content\/uploads\/2022\/05\/Captura-de-Pantalla-2022-05-14-a-las-9.36.07-p.-m..png\",\"contentUrl\":\"https:\/\/pagina10.com\/web\/wp-content\/uploads\/2022\/05\/Captura-de-Pantalla-2022-05-14-a-las-9.36.07-p.-m..png\",\"width\":693,\"height\":405},{\"@type\":\"BreadcrumbList\",\"@id\":\"https:\/\/pagina10.com\/web\/condenado-hombre-que-ordeno-el-asesinado-del-lider-estudiantil-esteban-mosquera-en-cauca\/#breadcrumb\",\"itemListElement\":[{\"@type\":\"ListItem\",\"position\":1,\"name\":\"Portada\",\"item\":\"https:\/\/pagina10.com\/web\/\"},{\"@type\":\"ListItem\",\"position\":2,\"name\":\"Condenado hombre que orden\u00f3 el asesinado del l\u00edder estudiantil Esteban Mosquera en Cauca\"}]},{\"@type\":\"WebSite\",\"@id\":\"https:\/\/pagina10.com\/web\/#website\",\"url\":\"https:\/\/pagina10.com\/web\/\",\"name\":\"P\u00e1gina10\",\"description\":\"Peri\u00f3dico Regional\",\"publisher\":{\"@id\":\"https:\/\/pagina10.com\/web\/#organization\"},\"alternateName\":\"P\u00e1gina10 Peri\u00f3dico Regional\",\"potentialAction\":[{\"@type\":\"SearchAction\",\"target\":{\"@type\":\"EntryPoint\",\"urlTemplate\":\"https:\/\/pagina10.com\/web\/?s={search_term_string}\"},\"query-input\":{\"@type\":\"PropertyValueSpecification\",\"valueRequired\":true,\"valueName\":\"search_term_string\"}}],\"inLanguage\":\"es\"},{\"@type\":\"Organization\",\"@id\":\"https:\/\/pagina10.com\/web\/#organization\",\"name\":\"P\u00e1gina10\",\"alternateName\":\"P\u00e1gina10 Peri\u00f3dico Regional\",\"url\":\"https:\/\/pagina10.com\/web\/\",\"logo\":{\"@type\":\"ImageObject\",\"inLanguage\":\"es\",\"@id\":\"https:\/\/pagina10.com\/web\/#\/schema\/logo\/image\/\",\"url\":\"https:\/\/pagina10.com\/web\/wp-content\/uploads\/2024\/01\/40-pagina-10-periodico-regional-pasto.jpg\",\"contentUrl\":\"https:\/\/pagina10.com\/web\/wp-content\/uploads\/2024\/01\/40-pagina-10-periodico-regional-pasto.jpg\",\"width\":1280,\"height\":720,\"caption\":\"P\u00e1gina10\"},\"image\":{\"@id\":\"https:\/\/pagina10.com\/web\/#\/schema\/logo\/image\/\"},\"sameAs\":[\"https:\/\/www.facebook.com\/pag10com\",\"https:\/\/x.com\/Pag10com\",\"https:\/\/www.instagram.com\/pagina10col\/\",\"https:\/\/youtube.com\/channel\/pag10\",\"https:\/\/www.tiktok.com\/@p10col\"]},{\"@type\":\"Person\",\"@id\":\"https:\/\/pagina10.com\/web\/#\/schema\/person\/2efc4a090d25b667d3bc796798a3a81b\",\"name\":\"P\u00e1gina 10\",\"description\":\"P\u00e1gina 10 es un peri\u00f3dico regional que nace en Colombia, en el departamento de Nari\u00f1o, con un enfoque global, fundamentado en cuatro pilares esenciales: la libertad, el pluralismo, la inclusi\u00f3n y la independencia. P\u00e1gina 10 hace referencia a Nari\u00f1o como el d\u00e9cimo departamento creado en Colombia, despu\u00e9s de un proceso pol\u00edtico liderado por actores y actrices regionales con el fin de obtener la independencia y autonom\u00eda de nuestros territorios. Con la creaci\u00f3n de P\u00e1gina 10 se pretende abrir un escenario para el dialogo, la reflexi\u00f3n y el debate que se extienda a otras geograf\u00edas de Am\u00e9rica Latina y del planeta, en una apuesta por transformar colectivamente los desaf\u00edos de un mundo contempor\u00e1neo, m\u00e1s all\u00e1 de las fronteras impuestas.\",\"url\":\"https:\/\/pagina10.com\/web\/author\/pdiezadmin\/\"}]}<\/script>\n<!-- \/ Yoast SEO plugin. -->","yoast_head_json":{"title":"Condenado hombre que orden\u00f3 el asesinado del l\u00edder estudiantil Esteban Mosquera en Cauca | P\u00e1gina10","robots":{"index":"index","follow":"follow","max-snippet":"max-snippet:-1","max-image-preview":"max-image-preview:large","max-video-preview":"max-video-preview:-1"},"canonical":"https:\/\/pagina10.com\/web\/condenado-hombre-que-ordeno-el-asesinado-del-lider-estudiantil-esteban-mosquera-en-cauca\/","og_locale":"es_ES","og_type":"article","og_title":"Condenado hombre que orden\u00f3 el asesinado del l\u00edder estudiantil Esteban Mosquera en Cauca | P\u00e1gina10","og_description":"Luego de avalar el preacuerdo presentado por la Fiscal\u00eda General de la Naci\u00f3n, en el que Carlos Alberto Moncayo Cabrera acept\u00f3 ser el determinador del asesinato del l\u00edder estudiantil Esteban Mosquera Iglesias, un juez penal de conocimiento conden\u00f3 al confeso homicida a 16 a\u00f1os y 9 meses de prisi\u00f3n. El crimen ocurri\u00f3 el 23 de [&hellip;]","og_url":"https:\/\/pagina10.com\/web\/condenado-hombre-que-ordeno-el-asesinado-del-lider-estudiantil-esteban-mosquera-en-cauca\/","og_site_name":"P\u00e1gina10","article_publisher":"https:\/\/www.facebook.com\/pag10com","article_published_time":"2022-05-15T02:37:08+00:00","og_image":[{"width":693,"height":405,"url":"https:\/\/pagina10.com\/web\/wp-content\/uploads\/2022\/05\/Captura-de-Pantalla-2022-05-14-a-las-9.36.07-p.-m..png","type":"image\/png"}],"author":"P\u00e1gina 10","twitter_card":"summary_large_image","twitter_creator":"@Pag10com","twitter_site":"@Pag10com","twitter_misc":{"Escrito por":"P\u00e1gina 10","Tiempo de lectura":"1 minuto"},"schema":{"@context":"https:\/\/schema.org","@graph":[{"@type":"Article","@id":"https:\/\/pagina10.com\/web\/condenado-hombre-que-ordeno-el-asesinado-del-lider-estudiantil-esteban-mosquera-en-cauca\/#article","isPartOf":{"@id":"https:\/\/pagina10.com\/web\/condenado-hombre-que-ordeno-el-asesinado-del-lider-estudiantil-esteban-mosquera-en-cauca\/"},"author":{"name":"P\u00e1gina 10","@id":"https:\/\/pagina10.com\/web\/#\/schema\/person\/2efc4a090d25b667d3bc796798a3a81b"},"headline":"Condenado hombre que orden\u00f3 el asesinado del l\u00edder estudiantil Esteban Mosquera en Cauca","datePublished":"2022-05-15T02:37:08+00:00","mainEntityOfPage":{"@id":"https:\/\/pagina10.com\/web\/condenado-hombre-que-ordeno-el-asesinado-del-lider-estudiantil-esteban-mosquera-en-cauca\/"},"wordCount":279,"commentCount":0,"publisher":{"@id":"https:\/\/pagina10.com\/web\/#organization"},"image":{"@id":"https:\/\/pagina10.com\/web\/condenado-hombre-que-ordeno-el-asesinado-del-lider-estudiantil-esteban-mosquera-en-cauca\/#primaryimage"},"thumbnailUrl":"https:\/\/pagina10.com\/web\/wp-content\/uploads\/2022\/05\/Captura-de-Pantalla-2022-05-14-a-las-9.36.07-p.-m..png","articleSection":["Judicial"],"inLanguage":"es","potentialAction":[{"@type":"CommentAction","name":"Comment","target":["https:\/\/pagina10.com\/web\/condenado-hombre-que-ordeno-el-asesinado-del-lider-estudiantil-esteban-mosquera-en-cauca\/#respond"]}]},{"@type":"WebPage","@id":"https:\/\/pagina10.com\/web\/condenado-hombre-que-ordeno-el-asesinado-del-lider-estudiantil-esteban-mosquera-en-cauca\/","url":"https:\/\/pagina10.com\/web\/condenado-hombre-que-ordeno-el-asesinado-del-lider-estudiantil-esteban-mosquera-en-cauca\/","name":"Condenado hombre que orden\u00f3 el asesinado del l\u00edder estudiantil Esteban Mosquera en Cauca | P\u00e1gina10","isPartOf":{"@id":"https:\/\/pagina10.com\/web\/#website"},"primaryImageOfPage":{"@id":"https:\/\/pagina10.com\/web\/condenado-hombre-que-ordeno-el-asesinado-del-lider-estudiantil-esteban-mosquera-en-cauca\/#primaryimage"},"image":{"@id":"https:\/\/pagina10.com\/web\/condenado-hombre-que-ordeno-el-asesinado-del-lider-estudiantil-esteban-mosquera-en-cauca\/#primaryimage"},"thumbnailUrl":"https:\/\/pagina10.com\/web\/wp-content\/uploads\/2022\/05\/Captura-de-Pantalla-2022-05-14-a-las-9.36.07-p.-m..png","datePublished":"2022-05-15T02:37:08+00:00","breadcrumb":{"@id":"https:\/\/pagina10.com\/web\/condenado-hombre-que-ordeno-el-asesinado-del-lider-estudiantil-esteban-mosquera-en-cauca\/#breadcrumb"},"inLanguage":"es","potentialAction":[{"@type":"ReadAction","target":["https:\/\/pagina10.com\/web\/condenado-hombre-que-ordeno-el-asesinado-del-lider-estudiantil-esteban-mosquera-en-cauca\/"]}]},{"@type":"ImageObject","inLanguage":"es","@id":"https:\/\/pagina10.com\/web\/condenado-hombre-que-ordeno-el-asesinado-del-lider-estudiantil-esteban-mosquera-en-cauca\/#primaryimage","url":"https:\/\/pagina10.com\/web\/wp-content\/uploads\/2022\/05\/Captura-de-Pantalla-2022-05-14-a-las-9.36.07-p.-m..png","contentUrl":"https:\/\/pagina10.com\/web\/wp-content\/uploads\/2022\/05\/Captura-de-Pantalla-2022-05-14-a-las-9.36.07-p.-m..png","width":693,"height":405},{"@type":"BreadcrumbList","@id":"https:\/\/pagina10.com\/web\/condenado-hombre-que-ordeno-el-asesinado-del-lider-estudiantil-esteban-mosquera-en-cauca\/#breadcrumb","itemListElement":[{"@type":"ListItem","position":1,"name":"Portada","item":"https:\/\/pagina10.com\/web\/"},{"@type":"ListItem","position":2,"name":"Condenado hombre que orden\u00f3 el asesinado del l\u00edder estudiantil Esteban Mosquera en Cauca"}]},{"@type":"WebSite","@id":"https:\/\/pagina10.com\/web\/#website","url":"https:\/\/pagina10.com\/web\/","name":"P\u00e1gina10","description":"Peri\u00f3dico Regional","publisher":{"@id":"https:\/\/pagina10.com\/web\/#organization"},"alternateName":"P\u00e1gina10 Peri\u00f3dico Regional","potentialAction":[{"@type":"SearchAction","target":{"@type":"EntryPoint","urlTemplate":"https:\/\/pagina10.com\/web\/?s={search_term_string}"},"query-input":{"@type":"PropertyValueSpecification","valueRequired":true,"valueName":"search_term_string"}}],"inLanguage":"es"},{"@type":"Organization","@id":"https:\/\/pagina10.com\/web\/#organization","name":"P\u00e1gina10","alternateName":"P\u00e1gina10 Peri\u00f3dico Regional","url":"https:\/\/pagina10.com\/web\/","logo":{"@type":"ImageObject","inLanguage":"es","@id":"https:\/\/pagina10.com\/web\/#\/schema\/logo\/image\/","url":"https:\/\/pagina10.com\/web\/wp-content\/uploads\/2024\/01\/40-pagina-10-periodico-regional-pasto.jpg","contentUrl":"https:\/\/pagina10.com\/web\/wp-content\/uploads\/2024\/01\/40-pagina-10-periodico-regional-pasto.jpg","width":1280,"height":720,"caption":"P\u00e1gina10"},"image":{"@id":"https:\/\/pagina10.com\/web\/#\/schema\/logo\/image\/"},"sameAs":["https:\/\/www.facebook.com\/pag10com","https:\/\/x.com\/Pag10com","https:\/\/www.instagram.com\/pagina10col\/","https:\/\/youtube.com\/channel\/pag10","https:\/\/www.tiktok.com\/@p10col"]},{"@type":"Person","@id":"https:\/\/pagina10.com\/web\/#\/schema\/person\/2efc4a090d25b667d3bc796798a3a81b","name":"P\u00e1gina 10","description":"P\u00e1gina 10 es un peri\u00f3dico regional que nace en Colombia, en el departamento de Nari\u00f1o, con un enfoque global, fundamentado en cuatro pilares esenciales: la libertad, el pluralismo, la inclusi\u00f3n y la independencia. P\u00e1gina 10 hace referencia a Nari\u00f1o como el d\u00e9cimo departamento creado en Colombia, despu\u00e9s de un proceso pol\u00edtico liderado por actores y actrices regionales con el fin de obtener la independencia y autonom\u00eda de nuestros territorios. Con la creaci\u00f3n de P\u00e1gina 10 se pretende abrir un escenario para el dialogo, la reflexi\u00f3n y el debate que se extienda a otras geograf\u00edas de Am\u00e9rica Latina y del planeta, en una apuesta por transformar colectivamente los desaf\u00edos de un mundo contempor\u00e1neo, m\u00e1s all\u00e1 de las fronteras impuestas.","url":"https:\/\/pagina10.com\/web\/author\/pdiezadmin\/"}]}},"_links":{"self":[{"href":"https:\/\/pagina10.com\/web\/wp-json\/wp\/v2\/posts\/59379","targetHints":{"allow":["GET"]}}],"collection":[{"href":"https:\/\/pagina10.com\/web\/wp-json\/wp\/v2\/posts"}],"about":[{"href":"https:\/\/pagina10.com\/web\/wp-json\/wp\/v2\/types\/post"}],"author":[{"embeddable":true,"href":"https:\/\/pagina10.com\/web\/wp-json\/wp\/v2\/users\/1"}],"replies":[{"embeddable":true,"href":"https:\/\/pagina10.com\/web\/wp-json\/wp\/v2\/comments?post=59379"}],"version-history":[{"count":1,"href":"https:\/\/pagina10.com\/web\/wp-json\/wp\/v2\/posts\/59379\/revisions"}],"predecessor-version":[{"id":59381,"href":"https:\/\/pagina10.com\/web\/wp-json\/wp\/v2\/posts\/59379\/revisions\/59381"}],"wp:featuredmedia":[{"embeddable":true,"href":"https:\/\/pagina10.com\/web\/wp-json\/wp\/v2\/media\/59380"}],"wp:attachment":[{"href":"https:\/\/pagina10.com\/web\/wp-json\/wp\/v2\/media?parent=59379"}],"wp:term":[{"taxonomy":"category","embeddable":true,"href":"https:\/\/pagina10.com\/web\/wp-json\/wp\/v2\/categories?post=59379"},{"taxonomy":"post_tag","embeddable":true,"href":"https:\/\/pagina10.com\/web\/wp-json\/wp\/v2\/tags?post=59379"}],"curies":[{"name":"wp","href":"https:\/\/api.w.org\/{rel}","templated":true}]}}