{"id":59420,"date":"2022-05-17T20:24:49","date_gmt":"2022-05-18T01:24:49","guid":{"rendered":"https:\/\/pagina10.com\/web\/?p=59420"},"modified":"2022-05-17T20:25:39","modified_gmt":"2022-05-18T01:25:39","slug":"instituto-departamental-de-salud-de-narino-declaro-alerta-amarilla-hospitalaria","status":"publish","type":"post","link":"https:\/\/pagina10.com\/web\/instituto-departamental-de-salud-de-narino-declaro-alerta-amarilla-hospitalaria\/","title":{"rendered":"Instituto Departamental de Salud de Nari\u00f1o declar\u00f3 Alerta Amarilla Hospitalaria"},"content":{"rendered":"<p style=\"text-align: justify;\">Tras el deslizamiento de tierra que se present\u00f3 el pasado s\u00e1bado en proximidades al Tabl\u00f3n Panamericano, en el municipio de Taminango, y que dej\u00f3 incomunicados a los departamentos de Nari\u00f1o y Cauca, el Instituto Departamental de Salud de Nari\u00f1o (IDSN) declar\u00f3 la Alerta Amarilla Hospitalaria. La medida se adopt\u00f3 bajo la directriz del gobernador Jhon Alexander Rojas Cabrera y la directora del IDSN Diana Paola Rosero, a trav\u00e9s de la Dimensi\u00f3n de Salud P\u00fablica en Emergencias y Desastres y el Centro Regulador de Urgencias y Emergencias \u2013 CRUE. Para ello se tuvo en cuenta el cierre total de la v\u00eda Pasto \u2013 Mojarras por la destrucci\u00f3n de un puente de 22 metros cerca a la vereda Panoya, y la ca\u00edda de 4.000 metros c\u00fabicos de tierra, producto de las intensas lluvias registradas en la zona.<\/p>\n<p style=\"text-align: justify;\">Se busca, con esta declaratoria, garantizar el derecho a la prestaci\u00f3n de servicios de salud en el departamento de Nari\u00f1o, por lo que la ALERTA AMARILLA HOSPITALARIA, rige desde las 00:00 horas del pasado s\u00e1bado 14 de mayo, hasta el momento en que se habilite totalmente la v\u00eda con normalidad. Seg\u00fan la directora del IDSN, se requiere que todas las Instituciones de la Red de prestaci\u00f3n de Servicios de Salud, activen su Plan de Contingencia por el evento especifico de Cierre de la v\u00eda Panamericana.<\/p>\n<p style=\"text-align: justify;\">El llamado insta al alistamiento del personal y abastecimiento de los elementos, insumos y medicamentos necesarios que permitan garantizar la atenci\u00f3n de urgencias y emergencias o cualquier evento que se presente, haciendo \u00e9nfasis en los medicamentos e insumos para la atenci\u00f3n de pacientes con Insuficiencia renal, VIH, Tuberculosis, Atenci\u00f3n de grupos de especial protecci\u00f3n: Gestantes, Ni\u00f1os, Ni\u00f1as, Adolescentes, Adultos Mayores, poblaci\u00f3n con capacidades especiales y v\u00edctimas del conflicto. Se requiera verificar las reservas de ox\u00edgeno, sangre y hemoderivados; suero antiof\u00eddico, l\u00edneas vitales, comunicaciones, parque automotor para Traslado Asistencial B\u00e1sico (TAB) y Traslado Asistencial Medicalizado (TAM).<\/p>\n<p style=\"text-align: justify;\">Para dar cumplimiento a estas directrices se formul\u00f3 un llamado a los Directores Locales de Salud, Secretarios de Salud Municipales y representantes legales de las ESE, para que adelanten las actividades que permitan gestionar adecuadamente la prestaci\u00f3n de los servicios de salud. En esa medida se solicit\u00f3 enviar el plan de contingencia formulado hasta el d\u00eda lunes 16 de mayo del 2022 al correo andreaibarra@idsn.gov.co<\/p>\n<p style=\"text-align: justify;\">Mientras dure la alerta hospitalaria se realizar\u00e1 un reporte diario de la situaci\u00f3n en las instituciones del sector salud as\u00ed: 8:00 de la ma\u00f1ana; 5:00 de la tarde y 9 de la noche. En caso de presentarse alguna eventualidad debe reportarse en forma inmediata. El Instituto Departamental de Salud de Nari\u00f1o estar\u00e1 atento a cualquier situaci\u00f3n y recibir\u00e1 la informaci\u00f3n a trav\u00e9s del Centro Regulador de Urgencias y Emergencias CRUE, por Radiotel\u00e9fono al n\u00famero 7219898; o a los celulares: 3185720135 &#8211; 3178543554, correo electr\u00f3nico: cruered@idsn.gov.co, los cuales estar\u00e1n activos las 24 horas.<\/p>\n","protected":false},"excerpt":{"rendered":"<p>Tras el deslizamiento de tierra que se present\u00f3 el pasado s\u00e1bado en proximidades al Tabl\u00f3n Panamericano, en el municipio de Taminango, y que dej\u00f3 incomunicados a los departamentos de Nari\u00f1o y Cauca, el Instituto Departamental de Salud de Nari\u00f1o (IDSN) declar\u00f3 la Alerta Amarilla Hospitalaria. La medida se adopt\u00f3 bajo la directriz del gobernador Jhon [&hellip;]<\/p>\n","protected":false},"author":1,"featured_media":59421,"comment_status":"open","ping_status":"open","sticky":false,"template":"","format":"standard","meta":{"footnotes":""},"categories":[14,1528],"tags":[],"class_list":["post-59420","post","type-post","status-publish","format-standard","has-post-thumbnail","hentry","category-narino-actual","category-titulares"],"yoast_head":"<!-- This site is optimized with the Yoast SEO plugin v27.1.1 - https:\/\/yoast.com\/product\/yoast-seo-wordpress\/ -->\n<title>Instituto Departamental de Salud de Nari\u00f1o declar\u00f3 Alerta Amarilla Hospitalaria | P\u00e1gina10<\/title>\n<meta name=\"robots\" content=\"index, follow, max-snippet:-1, max-image-preview:large, max-video-preview:-1\" \/>\n<link rel=\"canonical\" href=\"https:\/\/pagina10.com\/web\/instituto-departamental-de-salud-de-narino-declaro-alerta-amarilla-hospitalaria\/\" \/>\n<meta property=\"og:locale\" content=\"es_ES\" \/>\n<meta property=\"og:type\" content=\"article\" \/>\n<meta property=\"og:title\" content=\"Instituto Departamental de Salud de Nari\u00f1o declar\u00f3 Alerta Amarilla Hospitalaria | P\u00e1gina10\" \/>\n<meta property=\"og:description\" content=\"Tras el deslizamiento de tierra que se present\u00f3 el pasado s\u00e1bado en proximidades al Tabl\u00f3n Panamericano, en el municipio de Taminango, y que dej\u00f3 incomunicados a los departamentos de Nari\u00f1o y Cauca, el Instituto Departamental de Salud de Nari\u00f1o (IDSN) declar\u00f3 la Alerta Amarilla Hospitalaria. La medida se adopt\u00f3 bajo la directriz del gobernador Jhon [&hellip;]\" \/>\n<meta property=\"og:url\" content=\"https:\/\/pagina10.com\/web\/instituto-departamental-de-salud-de-narino-declaro-alerta-amarilla-hospitalaria\/\" \/>\n<meta property=\"og:site_name\" content=\"P\u00e1gina10\" \/>\n<meta property=\"article:publisher\" content=\"https:\/\/www.facebook.com\/pag10com\" \/>\n<meta property=\"article:published_time\" content=\"2022-05-18T01:24:49+00:00\" \/>\n<meta property=\"article:modified_time\" content=\"2022-05-18T01:25:39+00:00\" \/>\n<meta property=\"og:image\" content=\"https:\/\/pagina10.com\/web\/wp-content\/uploads\/2022\/05\/Captura-de-Pantalla-2022-05-17-a-las-8.23.50-p.-m..png\" \/>\n\t<meta property=\"og:image:width\" content=\"688\" \/>\n\t<meta property=\"og:image:height\" content=\"385\" \/>\n\t<meta property=\"og:image:type\" content=\"image\/png\" \/>\n<meta name=\"author\" content=\"P\u00e1gina 10\" \/>\n<meta name=\"twitter:card\" content=\"summary_large_image\" \/>\n<meta name=\"twitter:creator\" content=\"@Pag10com\" \/>\n<meta name=\"twitter:site\" content=\"@Pag10com\" \/>\n<meta name=\"twitter:label1\" content=\"Escrito por\" \/>\n\t<meta name=\"twitter:data1\" content=\"P\u00e1gina 10\" \/>\n\t<meta name=\"twitter:label2\" content=\"Tiempo de lectura\" \/>\n\t<meta name=\"twitter:data2\" content=\"3 minutos\" \/>\n<script type=\"application\/ld+json\" class=\"yoast-schema-graph\">{\"@context\":\"https:\/\/schema.org\",\"@graph\":[{\"@type\":\"Article\",\"@id\":\"https:\/\/pagina10.com\/web\/instituto-departamental-de-salud-de-narino-declaro-alerta-amarilla-hospitalaria\/#article\",\"isPartOf\":{\"@id\":\"https:\/\/pagina10.com\/web\/instituto-departamental-de-salud-de-narino-declaro-alerta-amarilla-hospitalaria\/\"},\"author\":{\"name\":\"P\u00e1gina 10\",\"@id\":\"https:\/\/pagina10.com\/web\/#\/schema\/person\/2efc4a090d25b667d3bc796798a3a81b\"},\"headline\":\"Instituto Departamental de Salud de Nari\u00f1o declar\u00f3 Alerta Amarilla Hospitalaria\",\"datePublished\":\"2022-05-18T01:24:49+00:00\",\"dateModified\":\"2022-05-18T01:25:39+00:00\",\"mainEntityOfPage\":{\"@id\":\"https:\/\/pagina10.com\/web\/instituto-departamental-de-salud-de-narino-declaro-alerta-amarilla-hospitalaria\/\"},\"wordCount\":516,\"commentCount\":0,\"publisher\":{\"@id\":\"https:\/\/pagina10.com\/web\/#organization\"},\"image\":{\"@id\":\"https:\/\/pagina10.com\/web\/instituto-departamental-de-salud-de-narino-declaro-alerta-amarilla-hospitalaria\/#primaryimage\"},\"thumbnailUrl\":\"https:\/\/pagina10.com\/web\/wp-content\/uploads\/2022\/05\/Captura-de-Pantalla-2022-05-17-a-las-8.23.50-p.-m..png\",\"articleSection\":[\"Nari\u00f1o Actual\",\"Titulares\"],\"inLanguage\":\"es\",\"potentialAction\":[{\"@type\":\"CommentAction\",\"name\":\"Comment\",\"target\":[\"https:\/\/pagina10.com\/web\/instituto-departamental-de-salud-de-narino-declaro-alerta-amarilla-hospitalaria\/#respond\"]}]},{\"@type\":\"WebPage\",\"@id\":\"https:\/\/pagina10.com\/web\/instituto-departamental-de-salud-de-narino-declaro-alerta-amarilla-hospitalaria\/\",\"url\":\"https:\/\/pagina10.com\/web\/instituto-departamental-de-salud-de-narino-declaro-alerta-amarilla-hospitalaria\/\",\"name\":\"Instituto Departamental de Salud de Nari\u00f1o declar\u00f3 Alerta Amarilla Hospitalaria | P\u00e1gina10\",\"isPartOf\":{\"@id\":\"https:\/\/pagina10.com\/web\/#website\"},\"primaryImageOfPage\":{\"@id\":\"https:\/\/pagina10.com\/web\/instituto-departamental-de-salud-de-narino-declaro-alerta-amarilla-hospitalaria\/#primaryimage\"},\"image\":{\"@id\":\"https:\/\/pagina10.com\/web\/instituto-departamental-de-salud-de-narino-declaro-alerta-amarilla-hospitalaria\/#primaryimage\"},\"thumbnailUrl\":\"https:\/\/pagina10.com\/web\/wp-content\/uploads\/2022\/05\/Captura-de-Pantalla-2022-05-17-a-las-8.23.50-p.-m..png\",\"datePublished\":\"2022-05-18T01:24:49+00:00\",\"dateModified\":\"2022-05-18T01:25:39+00:00\",\"breadcrumb\":{\"@id\":\"https:\/\/pagina10.com\/web\/instituto-departamental-de-salud-de-narino-declaro-alerta-amarilla-hospitalaria\/#breadcrumb\"},\"inLanguage\":\"es\",\"potentialAction\":[{\"@type\":\"ReadAction\",\"target\":[\"https:\/\/pagina10.com\/web\/instituto-departamental-de-salud-de-narino-declaro-alerta-amarilla-hospitalaria\/\"]}]},{\"@type\":\"ImageObject\",\"inLanguage\":\"es\",\"@id\":\"https:\/\/pagina10.com\/web\/instituto-departamental-de-salud-de-narino-declaro-alerta-amarilla-hospitalaria\/#primaryimage\",\"url\":\"https:\/\/pagina10.com\/web\/wp-content\/uploads\/2022\/05\/Captura-de-Pantalla-2022-05-17-a-las-8.23.50-p.-m..png\",\"contentUrl\":\"https:\/\/pagina10.com\/web\/wp-content\/uploads\/2022\/05\/Captura-de-Pantalla-2022-05-17-a-las-8.23.50-p.-m..png\",\"width\":688,\"height\":385},{\"@type\":\"BreadcrumbList\",\"@id\":\"https:\/\/pagina10.com\/web\/instituto-departamental-de-salud-de-narino-declaro-alerta-amarilla-hospitalaria\/#breadcrumb\",\"itemListElement\":[{\"@type\":\"ListItem\",\"position\":1,\"name\":\"Portada\",\"item\":\"https:\/\/pagina10.com\/web\/\"},{\"@type\":\"ListItem\",\"position\":2,\"name\":\"Instituto Departamental de Salud de Nari\u00f1o declar\u00f3 Alerta Amarilla Hospitalaria\"}]},{\"@type\":\"WebSite\",\"@id\":\"https:\/\/pagina10.com\/web\/#website\",\"url\":\"https:\/\/pagina10.com\/web\/\",\"name\":\"P\u00e1gina10\",\"description\":\"Peri\u00f3dico Regional\",\"publisher\":{\"@id\":\"https:\/\/pagina10.com\/web\/#organization\"},\"alternateName\":\"P\u00e1gina10 Peri\u00f3dico Regional\",\"potentialAction\":[{\"@type\":\"SearchAction\",\"target\":{\"@type\":\"EntryPoint\",\"urlTemplate\":\"https:\/\/pagina10.com\/web\/?s={search_term_string}\"},\"query-input\":{\"@type\":\"PropertyValueSpecification\",\"valueRequired\":true,\"valueName\":\"search_term_string\"}}],\"inLanguage\":\"es\"},{\"@type\":\"Organization\",\"@id\":\"https:\/\/pagina10.com\/web\/#organization\",\"name\":\"P\u00e1gina10\",\"alternateName\":\"P\u00e1gina10 Peri\u00f3dico Regional\",\"url\":\"https:\/\/pagina10.com\/web\/\",\"logo\":{\"@type\":\"ImageObject\",\"inLanguage\":\"es\",\"@id\":\"https:\/\/pagina10.com\/web\/#\/schema\/logo\/image\/\",\"url\":\"https:\/\/pagina10.com\/web\/wp-content\/uploads\/2024\/01\/40-pagina-10-periodico-regional-pasto.jpg\",\"contentUrl\":\"https:\/\/pagina10.com\/web\/wp-content\/uploads\/2024\/01\/40-pagina-10-periodico-regional-pasto.jpg\",\"width\":1280,\"height\":720,\"caption\":\"P\u00e1gina10\"},\"image\":{\"@id\":\"https:\/\/pagina10.com\/web\/#\/schema\/logo\/image\/\"},\"sameAs\":[\"https:\/\/www.facebook.com\/pag10com\",\"https:\/\/x.com\/Pag10com\",\"https:\/\/www.instagram.com\/pagina10col\/\",\"https:\/\/youtube.com\/channel\/pag10\",\"https:\/\/www.tiktok.com\/@p10col\"]},{\"@type\":\"Person\",\"@id\":\"https:\/\/pagina10.com\/web\/#\/schema\/person\/2efc4a090d25b667d3bc796798a3a81b\",\"name\":\"P\u00e1gina 10\",\"description\":\"P\u00e1gina 10 es un peri\u00f3dico regional que nace en Colombia, en el departamento de Nari\u00f1o, con un enfoque global, fundamentado en cuatro pilares esenciales: la libertad, el pluralismo, la inclusi\u00f3n y la independencia. P\u00e1gina 10 hace referencia a Nari\u00f1o como el d\u00e9cimo departamento creado en Colombia, despu\u00e9s de un proceso pol\u00edtico liderado por actores y actrices regionales con el fin de obtener la independencia y autonom\u00eda de nuestros territorios. Con la creaci\u00f3n de P\u00e1gina 10 se pretende abrir un escenario para el dialogo, la reflexi\u00f3n y el debate que se extienda a otras geograf\u00edas de Am\u00e9rica Latina y del planeta, en una apuesta por transformar colectivamente los desaf\u00edos de un mundo contempor\u00e1neo, m\u00e1s all\u00e1 de las fronteras impuestas.\",\"url\":\"https:\/\/pagina10.com\/web\/author\/pdiezadmin\/\"}]}<\/script>\n<!-- \/ Yoast SEO plugin. -->","yoast_head_json":{"title":"Instituto Departamental de Salud de Nari\u00f1o declar\u00f3 Alerta Amarilla Hospitalaria | P\u00e1gina10","robots":{"index":"index","follow":"follow","max-snippet":"max-snippet:-1","max-image-preview":"max-image-preview:large","max-video-preview":"max-video-preview:-1"},"canonical":"https:\/\/pagina10.com\/web\/instituto-departamental-de-salud-de-narino-declaro-alerta-amarilla-hospitalaria\/","og_locale":"es_ES","og_type":"article","og_title":"Instituto Departamental de Salud de Nari\u00f1o declar\u00f3 Alerta Amarilla Hospitalaria | P\u00e1gina10","og_description":"Tras el deslizamiento de tierra que se present\u00f3 el pasado s\u00e1bado en proximidades al Tabl\u00f3n Panamericano, en el municipio de Taminango, y que dej\u00f3 incomunicados a los departamentos de Nari\u00f1o y Cauca, el Instituto Departamental de Salud de Nari\u00f1o (IDSN) declar\u00f3 la Alerta Amarilla Hospitalaria. La medida se adopt\u00f3 bajo la directriz del gobernador Jhon [&hellip;]","og_url":"https:\/\/pagina10.com\/web\/instituto-departamental-de-salud-de-narino-declaro-alerta-amarilla-hospitalaria\/","og_site_name":"P\u00e1gina10","article_publisher":"https:\/\/www.facebook.com\/pag10com","article_published_time":"2022-05-18T01:24:49+00:00","article_modified_time":"2022-05-18T01:25:39+00:00","og_image":[{"width":688,"height":385,"url":"https:\/\/pagina10.com\/web\/wp-content\/uploads\/2022\/05\/Captura-de-Pantalla-2022-05-17-a-las-8.23.50-p.-m..png","type":"image\/png"}],"author":"P\u00e1gina 10","twitter_card":"summary_large_image","twitter_creator":"@Pag10com","twitter_site":"@Pag10com","twitter_misc":{"Escrito por":"P\u00e1gina 10","Tiempo de lectura":"3 minutos"},"schema":{"@context":"https:\/\/schema.org","@graph":[{"@type":"Article","@id":"https:\/\/pagina10.com\/web\/instituto-departamental-de-salud-de-narino-declaro-alerta-amarilla-hospitalaria\/#article","isPartOf":{"@id":"https:\/\/pagina10.com\/web\/instituto-departamental-de-salud-de-narino-declaro-alerta-amarilla-hospitalaria\/"},"author":{"name":"P\u00e1gina 10","@id":"https:\/\/pagina10.com\/web\/#\/schema\/person\/2efc4a090d25b667d3bc796798a3a81b"},"headline":"Instituto Departamental de Salud de Nari\u00f1o declar\u00f3 Alerta Amarilla Hospitalaria","datePublished":"2022-05-18T01:24:49+00:00","dateModified":"2022-05-18T01:25:39+00:00","mainEntityOfPage":{"@id":"https:\/\/pagina10.com\/web\/instituto-departamental-de-salud-de-narino-declaro-alerta-amarilla-hospitalaria\/"},"wordCount":516,"commentCount":0,"publisher":{"@id":"https:\/\/pagina10.com\/web\/#organization"},"image":{"@id":"https:\/\/pagina10.com\/web\/instituto-departamental-de-salud-de-narino-declaro-alerta-amarilla-hospitalaria\/#primaryimage"},"thumbnailUrl":"https:\/\/pagina10.com\/web\/wp-content\/uploads\/2022\/05\/Captura-de-Pantalla-2022-05-17-a-las-8.23.50-p.-m..png","articleSection":["Nari\u00f1o Actual","Titulares"],"inLanguage":"es","potentialAction":[{"@type":"CommentAction","name":"Comment","target":["https:\/\/pagina10.com\/web\/instituto-departamental-de-salud-de-narino-declaro-alerta-amarilla-hospitalaria\/#respond"]}]},{"@type":"WebPage","@id":"https:\/\/pagina10.com\/web\/instituto-departamental-de-salud-de-narino-declaro-alerta-amarilla-hospitalaria\/","url":"https:\/\/pagina10.com\/web\/instituto-departamental-de-salud-de-narino-declaro-alerta-amarilla-hospitalaria\/","name":"Instituto Departamental de Salud de Nari\u00f1o declar\u00f3 Alerta Amarilla Hospitalaria | P\u00e1gina10","isPartOf":{"@id":"https:\/\/pagina10.com\/web\/#website"},"primaryImageOfPage":{"@id":"https:\/\/pagina10.com\/web\/instituto-departamental-de-salud-de-narino-declaro-alerta-amarilla-hospitalaria\/#primaryimage"},"image":{"@id":"https:\/\/pagina10.com\/web\/instituto-departamental-de-salud-de-narino-declaro-alerta-amarilla-hospitalaria\/#primaryimage"},"thumbnailUrl":"https:\/\/pagina10.com\/web\/wp-content\/uploads\/2022\/05\/Captura-de-Pantalla-2022-05-17-a-las-8.23.50-p.-m..png","datePublished":"2022-05-18T01:24:49+00:00","dateModified":"2022-05-18T01:25:39+00:00","breadcrumb":{"@id":"https:\/\/pagina10.com\/web\/instituto-departamental-de-salud-de-narino-declaro-alerta-amarilla-hospitalaria\/#breadcrumb"},"inLanguage":"es","potentialAction":[{"@type":"ReadAction","target":["https:\/\/pagina10.com\/web\/instituto-departamental-de-salud-de-narino-declaro-alerta-amarilla-hospitalaria\/"]}]},{"@type":"ImageObject","inLanguage":"es","@id":"https:\/\/pagina10.com\/web\/instituto-departamental-de-salud-de-narino-declaro-alerta-amarilla-hospitalaria\/#primaryimage","url":"https:\/\/pagina10.com\/web\/wp-content\/uploads\/2022\/05\/Captura-de-Pantalla-2022-05-17-a-las-8.23.50-p.-m..png","contentUrl":"https:\/\/pagina10.com\/web\/wp-content\/uploads\/2022\/05\/Captura-de-Pantalla-2022-05-17-a-las-8.23.50-p.-m..png","width":688,"height":385},{"@type":"BreadcrumbList","@id":"https:\/\/pagina10.com\/web\/instituto-departamental-de-salud-de-narino-declaro-alerta-amarilla-hospitalaria\/#breadcrumb","itemListElement":[{"@type":"ListItem","position":1,"name":"Portada","item":"https:\/\/pagina10.com\/web\/"},{"@type":"ListItem","position":2,"name":"Instituto Departamental de Salud de Nari\u00f1o declar\u00f3 Alerta Amarilla Hospitalaria"}]},{"@type":"WebSite","@id":"https:\/\/pagina10.com\/web\/#website","url":"https:\/\/pagina10.com\/web\/","name":"P\u00e1gina10","description":"Peri\u00f3dico Regional","publisher":{"@id":"https:\/\/pagina10.com\/web\/#organization"},"alternateName":"P\u00e1gina10 Peri\u00f3dico Regional","potentialAction":[{"@type":"SearchAction","target":{"@type":"EntryPoint","urlTemplate":"https:\/\/pagina10.com\/web\/?s={search_term_string}"},"query-input":{"@type":"PropertyValueSpecification","valueRequired":true,"valueName":"search_term_string"}}],"inLanguage":"es"},{"@type":"Organization","@id":"https:\/\/pagina10.com\/web\/#organization","name":"P\u00e1gina10","alternateName":"P\u00e1gina10 Peri\u00f3dico Regional","url":"https:\/\/pagina10.com\/web\/","logo":{"@type":"ImageObject","inLanguage":"es","@id":"https:\/\/pagina10.com\/web\/#\/schema\/logo\/image\/","url":"https:\/\/pagina10.com\/web\/wp-content\/uploads\/2024\/01\/40-pagina-10-periodico-regional-pasto.jpg","contentUrl":"https:\/\/pagina10.com\/web\/wp-content\/uploads\/2024\/01\/40-pagina-10-periodico-regional-pasto.jpg","width":1280,"height":720,"caption":"P\u00e1gina10"},"image":{"@id":"https:\/\/pagina10.com\/web\/#\/schema\/logo\/image\/"},"sameAs":["https:\/\/www.facebook.com\/pag10com","https:\/\/x.com\/Pag10com","https:\/\/www.instagram.com\/pagina10col\/","https:\/\/youtube.com\/channel\/pag10","https:\/\/www.tiktok.com\/@p10col"]},{"@type":"Person","@id":"https:\/\/pagina10.com\/web\/#\/schema\/person\/2efc4a090d25b667d3bc796798a3a81b","name":"P\u00e1gina 10","description":"P\u00e1gina 10 es un peri\u00f3dico regional que nace en Colombia, en el departamento de Nari\u00f1o, con un enfoque global, fundamentado en cuatro pilares esenciales: la libertad, el pluralismo, la inclusi\u00f3n y la independencia. P\u00e1gina 10 hace referencia a Nari\u00f1o como el d\u00e9cimo departamento creado en Colombia, despu\u00e9s de un proceso pol\u00edtico liderado por actores y actrices regionales con el fin de obtener la independencia y autonom\u00eda de nuestros territorios. Con la creaci\u00f3n de P\u00e1gina 10 se pretende abrir un escenario para el dialogo, la reflexi\u00f3n y el debate que se extienda a otras geograf\u00edas de Am\u00e9rica Latina y del planeta, en una apuesta por transformar colectivamente los desaf\u00edos de un mundo contempor\u00e1neo, m\u00e1s all\u00e1 de las fronteras impuestas.","url":"https:\/\/pagina10.com\/web\/author\/pdiezadmin\/"}]}},"_links":{"self":[{"href":"https:\/\/pagina10.com\/web\/wp-json\/wp\/v2\/posts\/59420","targetHints":{"allow":["GET"]}}],"collection":[{"href":"https:\/\/pagina10.com\/web\/wp-json\/wp\/v2\/posts"}],"about":[{"href":"https:\/\/pagina10.com\/web\/wp-json\/wp\/v2\/types\/post"}],"author":[{"embeddable":true,"href":"https:\/\/pagina10.com\/web\/wp-json\/wp\/v2\/users\/1"}],"replies":[{"embeddable":true,"href":"https:\/\/pagina10.com\/web\/wp-json\/wp\/v2\/comments?post=59420"}],"version-history":[{"count":1,"href":"https:\/\/pagina10.com\/web\/wp-json\/wp\/v2\/posts\/59420\/revisions"}],"predecessor-version":[{"id":59422,"href":"https:\/\/pagina10.com\/web\/wp-json\/wp\/v2\/posts\/59420\/revisions\/59422"}],"wp:featuredmedia":[{"embeddable":true,"href":"https:\/\/pagina10.com\/web\/wp-json\/wp\/v2\/media\/59421"}],"wp:attachment":[{"href":"https:\/\/pagina10.com\/web\/wp-json\/wp\/v2\/media?parent=59420"}],"wp:term":[{"taxonomy":"category","embeddable":true,"href":"https:\/\/pagina10.com\/web\/wp-json\/wp\/v2\/categories?post=59420"},{"taxonomy":"post_tag","embeddable":true,"href":"https:\/\/pagina10.com\/web\/wp-json\/wp\/v2\/tags?post=59420"}],"curies":[{"name":"wp","href":"https:\/\/api.w.org\/{rel}","templated":true}]}}