{"id":59560,"date":"2022-05-28T21:32:16","date_gmt":"2022-05-29T02:32:16","guid":{"rendered":"https:\/\/pagina10.com\/web\/?p=59560"},"modified":"2022-05-28T21:32:16","modified_gmt":"2022-05-29T02:32:16","slug":"a-la-carcel-por-empalamiento-a-una-mujer-en-ipiales","status":"publish","type":"post","link":"https:\/\/pagina10.com\/web\/a-la-carcel-por-empalamiento-a-una-mujer-en-ipiales\/","title":{"rendered":"A la c\u00e1rcel por empalamiento a una mujer en Ipiales"},"content":{"rendered":"<p style=\"text-align: justify;\">Los presuntos agresores confundieron a la v\u00edctima con una asaltante y luego de empalarla la dejaron abandonada en la calle con lesiones graves.<\/p>\n<p style=\"text-align: justify;\">La Fiscal\u00eda General de la Naci\u00f3n obtuvo medida de aseguramiento en centro carcelario en contra de Wilson Mart\u00ednez Lucero y los hermanos Cristi\u00e1n Andr\u00e9s y Jhon Alexander Mart\u00ednez C\u00f3rdoba, como presuntos responsables de los delitos de acceso carnal violento agravado en concurso con lesiones personales.<\/p>\n<p style=\"text-align: justify;\">De acuerdo con la investigaci\u00f3n adelantada por un fiscal seccional del Centro de Atenci\u00f3n Integral a V\u00edctimas de Abuso Sexual (Caivas), los hechos ocurrieron la noche del pasado 1 de mayo, en el barrio Laguna de Ipiales (Nari\u00f1o). All\u00ed, la mujer, quien pens\u00f3 que iba ser v\u00edctima de hurto ingres\u00f3 a la vivienda de los agresores.<\/p>\n<p style=\"text-align: justify;\">En ese momento, los procesados, al parecer, la sacaron de la casa con pu\u00f1os y patadas. Uno de los golpes provoc\u00f3 su ca\u00edda al suelo, lo que se presume fue aprovechado por Mart\u00ednez Lucero para empalarla, provoc\u00e1ndole serias lesiones.<\/p>\n<p style=\"text-align: justify;\">Un habitante de calle recogi\u00f3 su tel\u00e9fono celular y por petici\u00f3n de la mujer llam\u00f3 a uno de sus familiares. Una patrulla motorizada de la Polic\u00eda Nacional se hizo presente con una ambulancia y fue trasladada a un centro hospitalario para recibir atenci\u00f3n m\u00e9dica especializada.<\/p>\n<p style=\"text-align: justify;\">Servidores del Cuerpo T\u00e9cnico de Investigaci\u00f3n (CTI) capturaron a los tres hombres, el 16 de mayo reciente, en cumplimiento de una orden emitida por un juez Primero Penal.<\/p>\n<p style=\"text-align: justify;\">Los tres hombres no se allanaron a los cargos imputados.<\/p>\n<p style=\"text-align: justify;\">En lo corrido de 2022, la direcci\u00f3n Seccional Fiscal\u00eda Nari\u00f1o tiene un avance de esclarecimiento del 30.46 por ciento en los delitos por violencia sexual en el departamento y en Ipiales, de los 40 casos registrados por este delito, la Fiscal\u00eda ha logrado esclarecer el 37.93 por ciento.<\/p>\n","protected":false},"excerpt":{"rendered":"<p>Los presuntos agresores confundieron a la v\u00edctima con una asaltante y luego de empalarla la dejaron abandonada en la calle con lesiones graves. La Fiscal\u00eda General de la Naci\u00f3n obtuvo medida de aseguramiento en centro carcelario en contra de Wilson Mart\u00ednez Lucero y los hermanos Cristi\u00e1n Andr\u00e9s y Jhon Alexander Mart\u00ednez C\u00f3rdoba, como presuntos responsables [&hellip;]<\/p>\n","protected":false},"author":1,"featured_media":59561,"comment_status":"open","ping_status":"open","sticky":false,"template":"","format":"standard","meta":{"footnotes":""},"categories":[61],"tags":[],"class_list":["post-59560","post","type-post","status-publish","format-standard","has-post-thumbnail","hentry","category-judicial"],"yoast_head":"<!-- This site is optimized with the Yoast SEO plugin v27.1.1 - https:\/\/yoast.com\/product\/yoast-seo-wordpress\/ -->\n<title>A la c\u00e1rcel por empalamiento a una mujer en Ipiales | P\u00e1gina10<\/title>\n<meta name=\"robots\" content=\"index, follow, max-snippet:-1, max-image-preview:large, max-video-preview:-1\" \/>\n<link rel=\"canonical\" href=\"https:\/\/pagina10.com\/web\/a-la-carcel-por-empalamiento-a-una-mujer-en-ipiales\/\" \/>\n<meta property=\"og:locale\" content=\"es_ES\" \/>\n<meta property=\"og:type\" content=\"article\" \/>\n<meta property=\"og:title\" content=\"A la c\u00e1rcel por empalamiento a una mujer en Ipiales | P\u00e1gina10\" \/>\n<meta property=\"og:description\" content=\"Los presuntos agresores confundieron a la v\u00edctima con una asaltante y luego de empalarla la dejaron abandonada en la calle con lesiones graves. La Fiscal\u00eda General de la Naci\u00f3n obtuvo medida de aseguramiento en centro carcelario en contra de Wilson Mart\u00ednez Lucero y los hermanos Cristi\u00e1n Andr\u00e9s y Jhon Alexander Mart\u00ednez C\u00f3rdoba, como presuntos responsables [&hellip;]\" \/>\n<meta property=\"og:url\" content=\"https:\/\/pagina10.com\/web\/a-la-carcel-por-empalamiento-a-una-mujer-en-ipiales\/\" \/>\n<meta property=\"og:site_name\" content=\"P\u00e1gina10\" \/>\n<meta property=\"article:publisher\" content=\"https:\/\/www.facebook.com\/pag10com\" \/>\n<meta property=\"article:published_time\" content=\"2022-05-29T02:32:16+00:00\" \/>\n<meta property=\"og:image\" content=\"https:\/\/pagina10.com\/web\/wp-content\/uploads\/2022\/05\/Captura-de-Pantalla-2022-05-28-a-las-9.31.25-p.-m..png\" \/>\n\t<meta property=\"og:image:width\" content=\"593\" \/>\n\t<meta property=\"og:image:height\" content=\"356\" \/>\n\t<meta property=\"og:image:type\" content=\"image\/png\" \/>\n<meta name=\"author\" content=\"P\u00e1gina 10\" \/>\n<meta name=\"twitter:card\" content=\"summary_large_image\" \/>\n<meta name=\"twitter:creator\" content=\"@Pag10com\" \/>\n<meta name=\"twitter:site\" content=\"@Pag10com\" \/>\n<meta name=\"twitter:label1\" content=\"Escrito por\" \/>\n\t<meta name=\"twitter:data1\" content=\"P\u00e1gina 10\" \/>\n\t<meta name=\"twitter:label2\" content=\"Tiempo de lectura\" \/>\n\t<meta name=\"twitter:data2\" content=\"2 minutos\" \/>\n<script type=\"application\/ld+json\" class=\"yoast-schema-graph\">{\"@context\":\"https:\/\/schema.org\",\"@graph\":[{\"@type\":\"Article\",\"@id\":\"https:\/\/pagina10.com\/web\/a-la-carcel-por-empalamiento-a-una-mujer-en-ipiales\/#article\",\"isPartOf\":{\"@id\":\"https:\/\/pagina10.com\/web\/a-la-carcel-por-empalamiento-a-una-mujer-en-ipiales\/\"},\"author\":{\"name\":\"P\u00e1gina 10\",\"@id\":\"https:\/\/pagina10.com\/web\/#\/schema\/person\/2efc4a090d25b667d3bc796798a3a81b\"},\"headline\":\"A la c\u00e1rcel por empalamiento a una mujer en Ipiales\",\"datePublished\":\"2022-05-29T02:32:16+00:00\",\"mainEntityOfPage\":{\"@id\":\"https:\/\/pagina10.com\/web\/a-la-carcel-por-empalamiento-a-una-mujer-en-ipiales\/\"},\"wordCount\":327,\"commentCount\":0,\"publisher\":{\"@id\":\"https:\/\/pagina10.com\/web\/#organization\"},\"image\":{\"@id\":\"https:\/\/pagina10.com\/web\/a-la-carcel-por-empalamiento-a-una-mujer-en-ipiales\/#primaryimage\"},\"thumbnailUrl\":\"https:\/\/pagina10.com\/web\/wp-content\/uploads\/2022\/05\/Captura-de-Pantalla-2022-05-28-a-las-9.31.25-p.-m..png\",\"articleSection\":[\"Judicial\"],\"inLanguage\":\"es\",\"potentialAction\":[{\"@type\":\"CommentAction\",\"name\":\"Comment\",\"target\":[\"https:\/\/pagina10.com\/web\/a-la-carcel-por-empalamiento-a-una-mujer-en-ipiales\/#respond\"]}]},{\"@type\":\"WebPage\",\"@id\":\"https:\/\/pagina10.com\/web\/a-la-carcel-por-empalamiento-a-una-mujer-en-ipiales\/\",\"url\":\"https:\/\/pagina10.com\/web\/a-la-carcel-por-empalamiento-a-una-mujer-en-ipiales\/\",\"name\":\"A la c\u00e1rcel por empalamiento a una mujer en Ipiales | P\u00e1gina10\",\"isPartOf\":{\"@id\":\"https:\/\/pagina10.com\/web\/#website\"},\"primaryImageOfPage\":{\"@id\":\"https:\/\/pagina10.com\/web\/a-la-carcel-por-empalamiento-a-una-mujer-en-ipiales\/#primaryimage\"},\"image\":{\"@id\":\"https:\/\/pagina10.com\/web\/a-la-carcel-por-empalamiento-a-una-mujer-en-ipiales\/#primaryimage\"},\"thumbnailUrl\":\"https:\/\/pagina10.com\/web\/wp-content\/uploads\/2022\/05\/Captura-de-Pantalla-2022-05-28-a-las-9.31.25-p.-m..png\",\"datePublished\":\"2022-05-29T02:32:16+00:00\",\"breadcrumb\":{\"@id\":\"https:\/\/pagina10.com\/web\/a-la-carcel-por-empalamiento-a-una-mujer-en-ipiales\/#breadcrumb\"},\"inLanguage\":\"es\",\"potentialAction\":[{\"@type\":\"ReadAction\",\"target\":[\"https:\/\/pagina10.com\/web\/a-la-carcel-por-empalamiento-a-una-mujer-en-ipiales\/\"]}]},{\"@type\":\"ImageObject\",\"inLanguage\":\"es\",\"@id\":\"https:\/\/pagina10.com\/web\/a-la-carcel-por-empalamiento-a-una-mujer-en-ipiales\/#primaryimage\",\"url\":\"https:\/\/pagina10.com\/web\/wp-content\/uploads\/2022\/05\/Captura-de-Pantalla-2022-05-28-a-las-9.31.25-p.-m..png\",\"contentUrl\":\"https:\/\/pagina10.com\/web\/wp-content\/uploads\/2022\/05\/Captura-de-Pantalla-2022-05-28-a-las-9.31.25-p.-m..png\",\"width\":593,\"height\":356},{\"@type\":\"BreadcrumbList\",\"@id\":\"https:\/\/pagina10.com\/web\/a-la-carcel-por-empalamiento-a-una-mujer-en-ipiales\/#breadcrumb\",\"itemListElement\":[{\"@type\":\"ListItem\",\"position\":1,\"name\":\"Portada\",\"item\":\"https:\/\/pagina10.com\/web\/\"},{\"@type\":\"ListItem\",\"position\":2,\"name\":\"A la c\u00e1rcel por empalamiento a una mujer en Ipiales\"}]},{\"@type\":\"WebSite\",\"@id\":\"https:\/\/pagina10.com\/web\/#website\",\"url\":\"https:\/\/pagina10.com\/web\/\",\"name\":\"P\u00e1gina10\",\"description\":\"Peri\u00f3dico Regional\",\"publisher\":{\"@id\":\"https:\/\/pagina10.com\/web\/#organization\"},\"alternateName\":\"P\u00e1gina10 Peri\u00f3dico Regional\",\"potentialAction\":[{\"@type\":\"SearchAction\",\"target\":{\"@type\":\"EntryPoint\",\"urlTemplate\":\"https:\/\/pagina10.com\/web\/?s={search_term_string}\"},\"query-input\":{\"@type\":\"PropertyValueSpecification\",\"valueRequired\":true,\"valueName\":\"search_term_string\"}}],\"inLanguage\":\"es\"},{\"@type\":\"Organization\",\"@id\":\"https:\/\/pagina10.com\/web\/#organization\",\"name\":\"P\u00e1gina10\",\"alternateName\":\"P\u00e1gina10 Peri\u00f3dico Regional\",\"url\":\"https:\/\/pagina10.com\/web\/\",\"logo\":{\"@type\":\"ImageObject\",\"inLanguage\":\"es\",\"@id\":\"https:\/\/pagina10.com\/web\/#\/schema\/logo\/image\/\",\"url\":\"https:\/\/pagina10.com\/web\/wp-content\/uploads\/2024\/01\/40-pagina-10-periodico-regional-pasto.jpg\",\"contentUrl\":\"https:\/\/pagina10.com\/web\/wp-content\/uploads\/2024\/01\/40-pagina-10-periodico-regional-pasto.jpg\",\"width\":1280,\"height\":720,\"caption\":\"P\u00e1gina10\"},\"image\":{\"@id\":\"https:\/\/pagina10.com\/web\/#\/schema\/logo\/image\/\"},\"sameAs\":[\"https:\/\/www.facebook.com\/pag10com\",\"https:\/\/x.com\/Pag10com\",\"https:\/\/www.instagram.com\/pagina10col\/\",\"https:\/\/youtube.com\/channel\/pag10\",\"https:\/\/www.tiktok.com\/@p10col\"]},{\"@type\":\"Person\",\"@id\":\"https:\/\/pagina10.com\/web\/#\/schema\/person\/2efc4a090d25b667d3bc796798a3a81b\",\"name\":\"P\u00e1gina 10\",\"description\":\"P\u00e1gina 10 es un peri\u00f3dico regional que nace en Colombia, en el departamento de Nari\u00f1o, con un enfoque global, fundamentado en cuatro pilares esenciales: la libertad, el pluralismo, la inclusi\u00f3n y la independencia. P\u00e1gina 10 hace referencia a Nari\u00f1o como el d\u00e9cimo departamento creado en Colombia, despu\u00e9s de un proceso pol\u00edtico liderado por actores y actrices regionales con el fin de obtener la independencia y autonom\u00eda de nuestros territorios. Con la creaci\u00f3n de P\u00e1gina 10 se pretende abrir un escenario para el dialogo, la reflexi\u00f3n y el debate que se extienda a otras geograf\u00edas de Am\u00e9rica Latina y del planeta, en una apuesta por transformar colectivamente los desaf\u00edos de un mundo contempor\u00e1neo, m\u00e1s all\u00e1 de las fronteras impuestas.\",\"url\":\"https:\/\/pagina10.com\/web\/author\/pdiezadmin\/\"}]}<\/script>\n<!-- \/ Yoast SEO plugin. -->","yoast_head_json":{"title":"A la c\u00e1rcel por empalamiento a una mujer en Ipiales | P\u00e1gina10","robots":{"index":"index","follow":"follow","max-snippet":"max-snippet:-1","max-image-preview":"max-image-preview:large","max-video-preview":"max-video-preview:-1"},"canonical":"https:\/\/pagina10.com\/web\/a-la-carcel-por-empalamiento-a-una-mujer-en-ipiales\/","og_locale":"es_ES","og_type":"article","og_title":"A la c\u00e1rcel por empalamiento a una mujer en Ipiales | P\u00e1gina10","og_description":"Los presuntos agresores confundieron a la v\u00edctima con una asaltante y luego de empalarla la dejaron abandonada en la calle con lesiones graves. La Fiscal\u00eda General de la Naci\u00f3n obtuvo medida de aseguramiento en centro carcelario en contra de Wilson Mart\u00ednez Lucero y los hermanos Cristi\u00e1n Andr\u00e9s y Jhon Alexander Mart\u00ednez C\u00f3rdoba, como presuntos responsables [&hellip;]","og_url":"https:\/\/pagina10.com\/web\/a-la-carcel-por-empalamiento-a-una-mujer-en-ipiales\/","og_site_name":"P\u00e1gina10","article_publisher":"https:\/\/www.facebook.com\/pag10com","article_published_time":"2022-05-29T02:32:16+00:00","og_image":[{"width":593,"height":356,"url":"https:\/\/pagina10.com\/web\/wp-content\/uploads\/2022\/05\/Captura-de-Pantalla-2022-05-28-a-las-9.31.25-p.-m..png","type":"image\/png"}],"author":"P\u00e1gina 10","twitter_card":"summary_large_image","twitter_creator":"@Pag10com","twitter_site":"@Pag10com","twitter_misc":{"Escrito por":"P\u00e1gina 10","Tiempo de lectura":"2 minutos"},"schema":{"@context":"https:\/\/schema.org","@graph":[{"@type":"Article","@id":"https:\/\/pagina10.com\/web\/a-la-carcel-por-empalamiento-a-una-mujer-en-ipiales\/#article","isPartOf":{"@id":"https:\/\/pagina10.com\/web\/a-la-carcel-por-empalamiento-a-una-mujer-en-ipiales\/"},"author":{"name":"P\u00e1gina 10","@id":"https:\/\/pagina10.com\/web\/#\/schema\/person\/2efc4a090d25b667d3bc796798a3a81b"},"headline":"A la c\u00e1rcel por empalamiento a una mujer en Ipiales","datePublished":"2022-05-29T02:32:16+00:00","mainEntityOfPage":{"@id":"https:\/\/pagina10.com\/web\/a-la-carcel-por-empalamiento-a-una-mujer-en-ipiales\/"},"wordCount":327,"commentCount":0,"publisher":{"@id":"https:\/\/pagina10.com\/web\/#organization"},"image":{"@id":"https:\/\/pagina10.com\/web\/a-la-carcel-por-empalamiento-a-una-mujer-en-ipiales\/#primaryimage"},"thumbnailUrl":"https:\/\/pagina10.com\/web\/wp-content\/uploads\/2022\/05\/Captura-de-Pantalla-2022-05-28-a-las-9.31.25-p.-m..png","articleSection":["Judicial"],"inLanguage":"es","potentialAction":[{"@type":"CommentAction","name":"Comment","target":["https:\/\/pagina10.com\/web\/a-la-carcel-por-empalamiento-a-una-mujer-en-ipiales\/#respond"]}]},{"@type":"WebPage","@id":"https:\/\/pagina10.com\/web\/a-la-carcel-por-empalamiento-a-una-mujer-en-ipiales\/","url":"https:\/\/pagina10.com\/web\/a-la-carcel-por-empalamiento-a-una-mujer-en-ipiales\/","name":"A la c\u00e1rcel por empalamiento a una mujer en Ipiales | P\u00e1gina10","isPartOf":{"@id":"https:\/\/pagina10.com\/web\/#website"},"primaryImageOfPage":{"@id":"https:\/\/pagina10.com\/web\/a-la-carcel-por-empalamiento-a-una-mujer-en-ipiales\/#primaryimage"},"image":{"@id":"https:\/\/pagina10.com\/web\/a-la-carcel-por-empalamiento-a-una-mujer-en-ipiales\/#primaryimage"},"thumbnailUrl":"https:\/\/pagina10.com\/web\/wp-content\/uploads\/2022\/05\/Captura-de-Pantalla-2022-05-28-a-las-9.31.25-p.-m..png","datePublished":"2022-05-29T02:32:16+00:00","breadcrumb":{"@id":"https:\/\/pagina10.com\/web\/a-la-carcel-por-empalamiento-a-una-mujer-en-ipiales\/#breadcrumb"},"inLanguage":"es","potentialAction":[{"@type":"ReadAction","target":["https:\/\/pagina10.com\/web\/a-la-carcel-por-empalamiento-a-una-mujer-en-ipiales\/"]}]},{"@type":"ImageObject","inLanguage":"es","@id":"https:\/\/pagina10.com\/web\/a-la-carcel-por-empalamiento-a-una-mujer-en-ipiales\/#primaryimage","url":"https:\/\/pagina10.com\/web\/wp-content\/uploads\/2022\/05\/Captura-de-Pantalla-2022-05-28-a-las-9.31.25-p.-m..png","contentUrl":"https:\/\/pagina10.com\/web\/wp-content\/uploads\/2022\/05\/Captura-de-Pantalla-2022-05-28-a-las-9.31.25-p.-m..png","width":593,"height":356},{"@type":"BreadcrumbList","@id":"https:\/\/pagina10.com\/web\/a-la-carcel-por-empalamiento-a-una-mujer-en-ipiales\/#breadcrumb","itemListElement":[{"@type":"ListItem","position":1,"name":"Portada","item":"https:\/\/pagina10.com\/web\/"},{"@type":"ListItem","position":2,"name":"A la c\u00e1rcel por empalamiento a una mujer en Ipiales"}]},{"@type":"WebSite","@id":"https:\/\/pagina10.com\/web\/#website","url":"https:\/\/pagina10.com\/web\/","name":"P\u00e1gina10","description":"Peri\u00f3dico Regional","publisher":{"@id":"https:\/\/pagina10.com\/web\/#organization"},"alternateName":"P\u00e1gina10 Peri\u00f3dico Regional","potentialAction":[{"@type":"SearchAction","target":{"@type":"EntryPoint","urlTemplate":"https:\/\/pagina10.com\/web\/?s={search_term_string}"},"query-input":{"@type":"PropertyValueSpecification","valueRequired":true,"valueName":"search_term_string"}}],"inLanguage":"es"},{"@type":"Organization","@id":"https:\/\/pagina10.com\/web\/#organization","name":"P\u00e1gina10","alternateName":"P\u00e1gina10 Peri\u00f3dico Regional","url":"https:\/\/pagina10.com\/web\/","logo":{"@type":"ImageObject","inLanguage":"es","@id":"https:\/\/pagina10.com\/web\/#\/schema\/logo\/image\/","url":"https:\/\/pagina10.com\/web\/wp-content\/uploads\/2024\/01\/40-pagina-10-periodico-regional-pasto.jpg","contentUrl":"https:\/\/pagina10.com\/web\/wp-content\/uploads\/2024\/01\/40-pagina-10-periodico-regional-pasto.jpg","width":1280,"height":720,"caption":"P\u00e1gina10"},"image":{"@id":"https:\/\/pagina10.com\/web\/#\/schema\/logo\/image\/"},"sameAs":["https:\/\/www.facebook.com\/pag10com","https:\/\/x.com\/Pag10com","https:\/\/www.instagram.com\/pagina10col\/","https:\/\/youtube.com\/channel\/pag10","https:\/\/www.tiktok.com\/@p10col"]},{"@type":"Person","@id":"https:\/\/pagina10.com\/web\/#\/schema\/person\/2efc4a090d25b667d3bc796798a3a81b","name":"P\u00e1gina 10","description":"P\u00e1gina 10 es un peri\u00f3dico regional que nace en Colombia, en el departamento de Nari\u00f1o, con un enfoque global, fundamentado en cuatro pilares esenciales: la libertad, el pluralismo, la inclusi\u00f3n y la independencia. P\u00e1gina 10 hace referencia a Nari\u00f1o como el d\u00e9cimo departamento creado en Colombia, despu\u00e9s de un proceso pol\u00edtico liderado por actores y actrices regionales con el fin de obtener la independencia y autonom\u00eda de nuestros territorios. Con la creaci\u00f3n de P\u00e1gina 10 se pretende abrir un escenario para el dialogo, la reflexi\u00f3n y el debate que se extienda a otras geograf\u00edas de Am\u00e9rica Latina y del planeta, en una apuesta por transformar colectivamente los desaf\u00edos de un mundo contempor\u00e1neo, m\u00e1s all\u00e1 de las fronteras impuestas.","url":"https:\/\/pagina10.com\/web\/author\/pdiezadmin\/"}]}},"_links":{"self":[{"href":"https:\/\/pagina10.com\/web\/wp-json\/wp\/v2\/posts\/59560","targetHints":{"allow":["GET"]}}],"collection":[{"href":"https:\/\/pagina10.com\/web\/wp-json\/wp\/v2\/posts"}],"about":[{"href":"https:\/\/pagina10.com\/web\/wp-json\/wp\/v2\/types\/post"}],"author":[{"embeddable":true,"href":"https:\/\/pagina10.com\/web\/wp-json\/wp\/v2\/users\/1"}],"replies":[{"embeddable":true,"href":"https:\/\/pagina10.com\/web\/wp-json\/wp\/v2\/comments?post=59560"}],"version-history":[{"count":1,"href":"https:\/\/pagina10.com\/web\/wp-json\/wp\/v2\/posts\/59560\/revisions"}],"predecessor-version":[{"id":59562,"href":"https:\/\/pagina10.com\/web\/wp-json\/wp\/v2\/posts\/59560\/revisions\/59562"}],"wp:featuredmedia":[{"embeddable":true,"href":"https:\/\/pagina10.com\/web\/wp-json\/wp\/v2\/media\/59561"}],"wp:attachment":[{"href":"https:\/\/pagina10.com\/web\/wp-json\/wp\/v2\/media?parent=59560"}],"wp:term":[{"taxonomy":"category","embeddable":true,"href":"https:\/\/pagina10.com\/web\/wp-json\/wp\/v2\/categories?post=59560"},{"taxonomy":"post_tag","embeddable":true,"href":"https:\/\/pagina10.com\/web\/wp-json\/wp\/v2\/tags?post=59560"}],"curies":[{"name":"wp","href":"https:\/\/api.w.org\/{rel}","templated":true}]}}