{"id":5961,"date":"2014-01-03T15:50:04","date_gmt":"2014-01-03T15:50:04","guid":{"rendered":"https:\/\/pagina10.com\/web\/toma-posesion-nueva-mesa-directiva-del-concejo-municipal\/"},"modified":"2014-01-03T15:50:04","modified_gmt":"2014-01-03T15:50:04","slug":"toma-posesion-nueva-mesa-directiva-del-concejo-municipal","status":"publish","type":"post","link":"https:\/\/pagina10.com\/web\/toma-posesion-nueva-mesa-directiva-del-concejo-municipal\/","title":{"rendered":"Toma posesi\u00f3n nueva mesa directiva del concejo municipal"},"content":{"rendered":"<p><img fetchpriority=\"high\" decoding=\"async\" class=\" size-full wp-image-5960\" src=\"https:\/\/pagina10.com\/web\/wp-content\/uploads\/2014\/01\/bc0d104cceda94bc0828d3165841cf11.jpg\" alt=\"Fotograf\u00eda: Alcald\u00eda de Pasto\" width=\"960\" height=\"643\" srcset=\"https:\/\/pagina10.com\/web\/wp-content\/uploads\/2014\/01\/bc0d104cceda94bc0828d3165841cf11.jpg 960w, https:\/\/pagina10.com\/web\/wp-content\/uploads\/2014\/01\/bc0d104cceda94bc0828d3165841cf11-300x201.jpg 300w, https:\/\/pagina10.com\/web\/wp-content\/uploads\/2014\/01\/bc0d104cceda94bc0828d3165841cf11-768x514.jpg 768w, https:\/\/pagina10.com\/web\/wp-content\/uploads\/2014\/01\/bc0d104cceda94bc0828d3165841cf11-450x300.jpg 450w\" sizes=\"(max-width: 960px) 100vw, 960px\" \/><\/p>\n<p style=\"text-align: justify;\">Con la presencia del Alcalde Harold Guerrero L\u00f3pez tom\u00f3 posesi\u00f3n la nueve mesa directiva del Concejo Municipal de Pasto para el periodo 2014. Como Presidente fue designado Andr\u00e9s Acosta Santacruz; primer vicepresidente Alexander Rassa Bravo y Jes\u00fas Zambrano Jurado, Segundo Vicepresidente.<\/p>\n<p style=\"text-align: justify;\">El nuevo presidente Andr\u00e9s Acosta Santacruz manifest\u00f3 que brindar\u00e1 todas las garant\u00edas a la comunidad, a la administraci\u00f3n local, y a los cabildantes para que adelanten el control pol\u00edtico necesario de manera respetuosa y cumpliendo la normatividad jur\u00eddica, como tambi\u00e9n el reglamento interno del Concejo. As\u00ed mismo dio a conocer que entre los proyectos que se debatir\u00e1n se encuentran debatir y aprobar el nuevo Plan de Ordenamiento Territorial, carta de navegaci\u00f3n para los pr\u00f3ximos 12 a\u00f1os del Municipio, el estudio y aprobaci\u00f3n de los proyectos de acuerdo de la Administraci\u00f3n del mandatario Harold Guerrero L\u00f3pez, entre otros.<\/p>\n<p style=\"text-align: justify;\">&nbsp;<\/p>\n<p style=\"text-align: justify;\">Por su parte, el primer vicepresidente Alexander Rassa Bravo agradeci\u00f3 la confianza de sus compa\u00f1eros del Concejo y reconoci\u00f3 el trabajo comprometido de la primera autoridad del municipio. As\u00ed mismo el segundo vicepresidente Jesus Zambrano Jurado indic\u00f3 que dar\u00e1 todas las herramientas necesarias para realizar los debates a todos los proyectos que busquen los beneficios para la comunidad.<\/p>\n<p style=\"text-align: justify;\">&nbsp;<\/p>\n<p style=\"text-align: justify;\">En el desarrollo de la posesi\u00f3n de la nueva mesa directiva, el mandatario local a trav\u00e9s del Decreto 1020 del 27 de diciembre de 2013 instal\u00f3 las sesiones extraordinarias del Concejo que se desarrollar\u00e1n el 2 y 3 de enero y del 15 al 30 de enero de 2014.<\/p>\n<p style=\"text-align: justify;\">&nbsp;<\/p>\n<p>Fuente: Alcald\u00eda de Pasto<\/p>\n","protected":false},"excerpt":{"rendered":"<p>Con la presencia del Alcalde Harold Guerrero L\u00f3pez tom\u00f3 posesi\u00f3n la nueve mesa directiva del Concejo Municipal de Pasto para el periodo 2014. Como Presidente fue designado Andr\u00e9s Acosta Santacruz; primer vicepresidente Alexander Rassa Bravo y Jes\u00fas Zambrano Jurado, Segundo Vicepresidente. El nuevo presidente Andr\u00e9s Acosta Santacruz manifest\u00f3 que brindar\u00e1 todas las garant\u00edas a la [&hellip;]<\/p>\n","protected":false},"author":29,"featured_media":5959,"comment_status":"open","ping_status":"open","sticky":false,"template":"","format":"standard","meta":{"footnotes":""},"categories":[82],"tags":[],"class_list":["post-5961","post","type-post","status-publish","format-standard","has-post-thumbnail","hentry","category-ciudad-2"],"yoast_head":"<!-- This site is optimized with the Yoast SEO plugin v27.1.1 - https:\/\/yoast.com\/product\/yoast-seo-wordpress\/ -->\n<title>Toma posesi\u00f3n nueva mesa directiva del concejo municipal | P\u00e1gina10<\/title>\n<meta name=\"robots\" content=\"index, follow, max-snippet:-1, max-image-preview:large, max-video-preview:-1\" \/>\n<link rel=\"canonical\" href=\"https:\/\/pagina10.com\/web\/toma-posesion-nueva-mesa-directiva-del-concejo-municipal\/\" \/>\n<meta property=\"og:locale\" content=\"es_ES\" \/>\n<meta property=\"og:type\" content=\"article\" \/>\n<meta property=\"og:title\" content=\"Toma posesi\u00f3n nueva mesa directiva del concejo municipal | P\u00e1gina10\" \/>\n<meta property=\"og:description\" content=\"Con la presencia del Alcalde Harold Guerrero L\u00f3pez tom\u00f3 posesi\u00f3n la nueve mesa directiva del Concejo Municipal de Pasto para el periodo 2014. Como Presidente fue designado Andr\u00e9s Acosta Santacruz; primer vicepresidente Alexander Rassa Bravo y Jes\u00fas Zambrano Jurado, Segundo Vicepresidente. El nuevo presidente Andr\u00e9s Acosta Santacruz manifest\u00f3 que brindar\u00e1 todas las garant\u00edas a la [&hellip;]\" \/>\n<meta property=\"og:url\" content=\"https:\/\/pagina10.com\/web\/toma-posesion-nueva-mesa-directiva-del-concejo-municipal\/\" \/>\n<meta property=\"og:site_name\" content=\"P\u00e1gina10\" \/>\n<meta property=\"article:publisher\" content=\"https:\/\/www.facebook.com\/pag10com\" \/>\n<meta property=\"article:published_time\" content=\"2014-01-03T15:50:04+00:00\" \/>\n<meta property=\"og:image\" content=\"https:\/\/pagina10.com\/web\/wp-content\/uploads\/2014\/01\/bc0d104cceda94bc0828d3165841cf11.jpg\" \/>\n\t<meta property=\"og:image:width\" content=\"960\" \/>\n\t<meta property=\"og:image:height\" content=\"643\" \/>\n\t<meta property=\"og:image:type\" content=\"image\/jpeg\" \/>\n<meta name=\"author\" content=\"P\u00e1gina 10\" \/>\n<meta name=\"twitter:card\" content=\"summary_large_image\" \/>\n<meta name=\"twitter:creator\" content=\"@Pag10com\" \/>\n<meta name=\"twitter:site\" content=\"@Pag10com\" \/>\n<meta name=\"twitter:label1\" content=\"Escrito por\" \/>\n\t<meta name=\"twitter:data1\" content=\"P\u00e1gina 10\" \/>\n\t<meta name=\"twitter:label2\" content=\"Tiempo de lectura\" \/>\n\t<meta name=\"twitter:data2\" content=\"1 minuto\" \/>\n<script type=\"application\/ld+json\" class=\"yoast-schema-graph\">{\"@context\":\"https:\/\/schema.org\",\"@graph\":[{\"@type\":\"Article\",\"@id\":\"https:\/\/pagina10.com\/web\/toma-posesion-nueva-mesa-directiva-del-concejo-municipal\/#article\",\"isPartOf\":{\"@id\":\"https:\/\/pagina10.com\/web\/toma-posesion-nueva-mesa-directiva-del-concejo-municipal\/\"},\"author\":{\"name\":\"P\u00e1gina 10\",\"@id\":\"https:\/\/pagina10.com\/web\/#\/schema\/person\/a7a5d38f0629dfc107f619fbae4f6cc3\"},\"headline\":\"Toma posesi\u00f3n nueva mesa directiva del concejo municipal\",\"datePublished\":\"2014-01-03T15:50:04+00:00\",\"mainEntityOfPage\":{\"@id\":\"https:\/\/pagina10.com\/web\/toma-posesion-nueva-mesa-directiva-del-concejo-municipal\/\"},\"wordCount\":273,\"commentCount\":0,\"publisher\":{\"@id\":\"https:\/\/pagina10.com\/web\/#organization\"},\"image\":{\"@id\":\"https:\/\/pagina10.com\/web\/toma-posesion-nueva-mesa-directiva-del-concejo-municipal\/#primaryimage\"},\"thumbnailUrl\":\"https:\/\/pagina10.com\/web\/wp-content\/uploads\/2014\/01\/bc0d104cceda94bc0828d3165841cf11.jpg\",\"articleSection\":[\"Ciudad\"],\"inLanguage\":\"es\",\"potentialAction\":[{\"@type\":\"CommentAction\",\"name\":\"Comment\",\"target\":[\"https:\/\/pagina10.com\/web\/toma-posesion-nueva-mesa-directiva-del-concejo-municipal\/#respond\"]}]},{\"@type\":\"WebPage\",\"@id\":\"https:\/\/pagina10.com\/web\/toma-posesion-nueva-mesa-directiva-del-concejo-municipal\/\",\"url\":\"https:\/\/pagina10.com\/web\/toma-posesion-nueva-mesa-directiva-del-concejo-municipal\/\",\"name\":\"Toma posesi\u00f3n nueva mesa directiva del concejo municipal | P\u00e1gina10\",\"isPartOf\":{\"@id\":\"https:\/\/pagina10.com\/web\/#website\"},\"primaryImageOfPage\":{\"@id\":\"https:\/\/pagina10.com\/web\/toma-posesion-nueva-mesa-directiva-del-concejo-municipal\/#primaryimage\"},\"image\":{\"@id\":\"https:\/\/pagina10.com\/web\/toma-posesion-nueva-mesa-directiva-del-concejo-municipal\/#primaryimage\"},\"thumbnailUrl\":\"https:\/\/pagina10.com\/web\/wp-content\/uploads\/2014\/01\/bc0d104cceda94bc0828d3165841cf11.jpg\",\"datePublished\":\"2014-01-03T15:50:04+00:00\",\"breadcrumb\":{\"@id\":\"https:\/\/pagina10.com\/web\/toma-posesion-nueva-mesa-directiva-del-concejo-municipal\/#breadcrumb\"},\"inLanguage\":\"es\",\"potentialAction\":[{\"@type\":\"ReadAction\",\"target\":[\"https:\/\/pagina10.com\/web\/toma-posesion-nueva-mesa-directiva-del-concejo-municipal\/\"]}]},{\"@type\":\"ImageObject\",\"inLanguage\":\"es\",\"@id\":\"https:\/\/pagina10.com\/web\/toma-posesion-nueva-mesa-directiva-del-concejo-municipal\/#primaryimage\",\"url\":\"https:\/\/pagina10.com\/web\/wp-content\/uploads\/2014\/01\/bc0d104cceda94bc0828d3165841cf11.jpg\",\"contentUrl\":\"https:\/\/pagina10.com\/web\/wp-content\/uploads\/2014\/01\/bc0d104cceda94bc0828d3165841cf11.jpg\",\"width\":960,\"height\":643,\"caption\":\"Fotograf\u00eda: Alcald\u00eda de Pasto\"},{\"@type\":\"BreadcrumbList\",\"@id\":\"https:\/\/pagina10.com\/web\/toma-posesion-nueva-mesa-directiva-del-concejo-municipal\/#breadcrumb\",\"itemListElement\":[{\"@type\":\"ListItem\",\"position\":1,\"name\":\"Portada\",\"item\":\"https:\/\/pagina10.com\/web\/\"},{\"@type\":\"ListItem\",\"position\":2,\"name\":\"Toma posesi\u00f3n nueva mesa directiva del concejo municipal\"}]},{\"@type\":\"WebSite\",\"@id\":\"https:\/\/pagina10.com\/web\/#website\",\"url\":\"https:\/\/pagina10.com\/web\/\",\"name\":\"P\u00e1gina10\",\"description\":\"Peri\u00f3dico Regional\",\"publisher\":{\"@id\":\"https:\/\/pagina10.com\/web\/#organization\"},\"alternateName\":\"P\u00e1gina10 Peri\u00f3dico Regional\",\"potentialAction\":[{\"@type\":\"SearchAction\",\"target\":{\"@type\":\"EntryPoint\",\"urlTemplate\":\"https:\/\/pagina10.com\/web\/?s={search_term_string}\"},\"query-input\":{\"@type\":\"PropertyValueSpecification\",\"valueRequired\":true,\"valueName\":\"search_term_string\"}}],\"inLanguage\":\"es\"},{\"@type\":\"Organization\",\"@id\":\"https:\/\/pagina10.com\/web\/#organization\",\"name\":\"P\u00e1gina10\",\"alternateName\":\"P\u00e1gina10 Peri\u00f3dico Regional\",\"url\":\"https:\/\/pagina10.com\/web\/\",\"logo\":{\"@type\":\"ImageObject\",\"inLanguage\":\"es\",\"@id\":\"https:\/\/pagina10.com\/web\/#\/schema\/logo\/image\/\",\"url\":\"https:\/\/pagina10.com\/web\/wp-content\/uploads\/2024\/01\/40-pagina-10-periodico-regional-pasto.jpg\",\"contentUrl\":\"https:\/\/pagina10.com\/web\/wp-content\/uploads\/2024\/01\/40-pagina-10-periodico-regional-pasto.jpg\",\"width\":1280,\"height\":720,\"caption\":\"P\u00e1gina10\"},\"image\":{\"@id\":\"https:\/\/pagina10.com\/web\/#\/schema\/logo\/image\/\"},\"sameAs\":[\"https:\/\/www.facebook.com\/pag10com\",\"https:\/\/x.com\/Pag10com\",\"https:\/\/www.instagram.com\/pagina10col\/\",\"https:\/\/youtube.com\/channel\/pag10\",\"https:\/\/www.tiktok.com\/@p10col\"]},{\"@type\":\"Person\",\"@id\":\"https:\/\/pagina10.com\/web\/#\/schema\/person\/a7a5d38f0629dfc107f619fbae4f6cc3\",\"name\":\"P\u00e1gina 10\",\"description\":\"P\u00e1gina10.com es un peri\u00f3dico digital que nace en Colombia, en el departamento de Nari\u00f1o, con un enfoque global, fundamentado en cuatro pilares esenciales: la libertad, el pluralismo, la inclusi\u00f3n y la independencia. P\u00e1gina10.com hace referencia a Nari\u00f1o como el d\u00e9cimo departamento creado en Colombia, despu\u00e9s de un proceso pol\u00edtico liderado por actores y actrices regionales con el fin de obtener la independencia y autonom\u00eda de nuestros territorios. Con la creaci\u00f3n de P\u00e1gina10.com se pretende abrir un escenario para el dialogo, la reflexi\u00f3n y el debate que se extienda a otras geograf\u00edas de Am\u00e9rica Latina y del planeta, en una apuesta por transformar colectivamente los desaf\u00edos de un mundo contempor\u00e1neo, m\u00e1s all\u00e1 de las fronteras impuestas.\",\"url\":\"https:\/\/pagina10.com\/web\/author\/mcepeda\/\"}]}<\/script>\n<!-- \/ Yoast SEO plugin. -->","yoast_head_json":{"title":"Toma posesi\u00f3n nueva mesa directiva del concejo municipal | P\u00e1gina10","robots":{"index":"index","follow":"follow","max-snippet":"max-snippet:-1","max-image-preview":"max-image-preview:large","max-video-preview":"max-video-preview:-1"},"canonical":"https:\/\/pagina10.com\/web\/toma-posesion-nueva-mesa-directiva-del-concejo-municipal\/","og_locale":"es_ES","og_type":"article","og_title":"Toma posesi\u00f3n nueva mesa directiva del concejo municipal | P\u00e1gina10","og_description":"Con la presencia del Alcalde Harold Guerrero L\u00f3pez tom\u00f3 posesi\u00f3n la nueve mesa directiva del Concejo Municipal de Pasto para el periodo 2014. Como Presidente fue designado Andr\u00e9s Acosta Santacruz; primer vicepresidente Alexander Rassa Bravo y Jes\u00fas Zambrano Jurado, Segundo Vicepresidente. El nuevo presidente Andr\u00e9s Acosta Santacruz manifest\u00f3 que brindar\u00e1 todas las garant\u00edas a la [&hellip;]","og_url":"https:\/\/pagina10.com\/web\/toma-posesion-nueva-mesa-directiva-del-concejo-municipal\/","og_site_name":"P\u00e1gina10","article_publisher":"https:\/\/www.facebook.com\/pag10com","article_published_time":"2014-01-03T15:50:04+00:00","og_image":[{"width":960,"height":643,"url":"https:\/\/pagina10.com\/web\/wp-content\/uploads\/2014\/01\/bc0d104cceda94bc0828d3165841cf11.jpg","type":"image\/jpeg"}],"author":"P\u00e1gina 10","twitter_card":"summary_large_image","twitter_creator":"@Pag10com","twitter_site":"@Pag10com","twitter_misc":{"Escrito por":"P\u00e1gina 10","Tiempo de lectura":"1 minuto"},"schema":{"@context":"https:\/\/schema.org","@graph":[{"@type":"Article","@id":"https:\/\/pagina10.com\/web\/toma-posesion-nueva-mesa-directiva-del-concejo-municipal\/#article","isPartOf":{"@id":"https:\/\/pagina10.com\/web\/toma-posesion-nueva-mesa-directiva-del-concejo-municipal\/"},"author":{"name":"P\u00e1gina 10","@id":"https:\/\/pagina10.com\/web\/#\/schema\/person\/a7a5d38f0629dfc107f619fbae4f6cc3"},"headline":"Toma posesi\u00f3n nueva mesa directiva del concejo municipal","datePublished":"2014-01-03T15:50:04+00:00","mainEntityOfPage":{"@id":"https:\/\/pagina10.com\/web\/toma-posesion-nueva-mesa-directiva-del-concejo-municipal\/"},"wordCount":273,"commentCount":0,"publisher":{"@id":"https:\/\/pagina10.com\/web\/#organization"},"image":{"@id":"https:\/\/pagina10.com\/web\/toma-posesion-nueva-mesa-directiva-del-concejo-municipal\/#primaryimage"},"thumbnailUrl":"https:\/\/pagina10.com\/web\/wp-content\/uploads\/2014\/01\/bc0d104cceda94bc0828d3165841cf11.jpg","articleSection":["Ciudad"],"inLanguage":"es","potentialAction":[{"@type":"CommentAction","name":"Comment","target":["https:\/\/pagina10.com\/web\/toma-posesion-nueva-mesa-directiva-del-concejo-municipal\/#respond"]}]},{"@type":"WebPage","@id":"https:\/\/pagina10.com\/web\/toma-posesion-nueva-mesa-directiva-del-concejo-municipal\/","url":"https:\/\/pagina10.com\/web\/toma-posesion-nueva-mesa-directiva-del-concejo-municipal\/","name":"Toma posesi\u00f3n nueva mesa directiva del concejo municipal | P\u00e1gina10","isPartOf":{"@id":"https:\/\/pagina10.com\/web\/#website"},"primaryImageOfPage":{"@id":"https:\/\/pagina10.com\/web\/toma-posesion-nueva-mesa-directiva-del-concejo-municipal\/#primaryimage"},"image":{"@id":"https:\/\/pagina10.com\/web\/toma-posesion-nueva-mesa-directiva-del-concejo-municipal\/#primaryimage"},"thumbnailUrl":"https:\/\/pagina10.com\/web\/wp-content\/uploads\/2014\/01\/bc0d104cceda94bc0828d3165841cf11.jpg","datePublished":"2014-01-03T15:50:04+00:00","breadcrumb":{"@id":"https:\/\/pagina10.com\/web\/toma-posesion-nueva-mesa-directiva-del-concejo-municipal\/#breadcrumb"},"inLanguage":"es","potentialAction":[{"@type":"ReadAction","target":["https:\/\/pagina10.com\/web\/toma-posesion-nueva-mesa-directiva-del-concejo-municipal\/"]}]},{"@type":"ImageObject","inLanguage":"es","@id":"https:\/\/pagina10.com\/web\/toma-posesion-nueva-mesa-directiva-del-concejo-municipal\/#primaryimage","url":"https:\/\/pagina10.com\/web\/wp-content\/uploads\/2014\/01\/bc0d104cceda94bc0828d3165841cf11.jpg","contentUrl":"https:\/\/pagina10.com\/web\/wp-content\/uploads\/2014\/01\/bc0d104cceda94bc0828d3165841cf11.jpg","width":960,"height":643,"caption":"Fotograf\u00eda: Alcald\u00eda de Pasto"},{"@type":"BreadcrumbList","@id":"https:\/\/pagina10.com\/web\/toma-posesion-nueva-mesa-directiva-del-concejo-municipal\/#breadcrumb","itemListElement":[{"@type":"ListItem","position":1,"name":"Portada","item":"https:\/\/pagina10.com\/web\/"},{"@type":"ListItem","position":2,"name":"Toma posesi\u00f3n nueva mesa directiva del concejo municipal"}]},{"@type":"WebSite","@id":"https:\/\/pagina10.com\/web\/#website","url":"https:\/\/pagina10.com\/web\/","name":"P\u00e1gina10","description":"Peri\u00f3dico Regional","publisher":{"@id":"https:\/\/pagina10.com\/web\/#organization"},"alternateName":"P\u00e1gina10 Peri\u00f3dico Regional","potentialAction":[{"@type":"SearchAction","target":{"@type":"EntryPoint","urlTemplate":"https:\/\/pagina10.com\/web\/?s={search_term_string}"},"query-input":{"@type":"PropertyValueSpecification","valueRequired":true,"valueName":"search_term_string"}}],"inLanguage":"es"},{"@type":"Organization","@id":"https:\/\/pagina10.com\/web\/#organization","name":"P\u00e1gina10","alternateName":"P\u00e1gina10 Peri\u00f3dico Regional","url":"https:\/\/pagina10.com\/web\/","logo":{"@type":"ImageObject","inLanguage":"es","@id":"https:\/\/pagina10.com\/web\/#\/schema\/logo\/image\/","url":"https:\/\/pagina10.com\/web\/wp-content\/uploads\/2024\/01\/40-pagina-10-periodico-regional-pasto.jpg","contentUrl":"https:\/\/pagina10.com\/web\/wp-content\/uploads\/2024\/01\/40-pagina-10-periodico-regional-pasto.jpg","width":1280,"height":720,"caption":"P\u00e1gina10"},"image":{"@id":"https:\/\/pagina10.com\/web\/#\/schema\/logo\/image\/"},"sameAs":["https:\/\/www.facebook.com\/pag10com","https:\/\/x.com\/Pag10com","https:\/\/www.instagram.com\/pagina10col\/","https:\/\/youtube.com\/channel\/pag10","https:\/\/www.tiktok.com\/@p10col"]},{"@type":"Person","@id":"https:\/\/pagina10.com\/web\/#\/schema\/person\/a7a5d38f0629dfc107f619fbae4f6cc3","name":"P\u00e1gina 10","description":"P\u00e1gina10.com es un peri\u00f3dico digital que nace en Colombia, en el departamento de Nari\u00f1o, con un enfoque global, fundamentado en cuatro pilares esenciales: la libertad, el pluralismo, la inclusi\u00f3n y la independencia. P\u00e1gina10.com hace referencia a Nari\u00f1o como el d\u00e9cimo departamento creado en Colombia, despu\u00e9s de un proceso pol\u00edtico liderado por actores y actrices regionales con el fin de obtener la independencia y autonom\u00eda de nuestros territorios. Con la creaci\u00f3n de P\u00e1gina10.com se pretende abrir un escenario para el dialogo, la reflexi\u00f3n y el debate que se extienda a otras geograf\u00edas de Am\u00e9rica Latina y del planeta, en una apuesta por transformar colectivamente los desaf\u00edos de un mundo contempor\u00e1neo, m\u00e1s all\u00e1 de las fronteras impuestas.","url":"https:\/\/pagina10.com\/web\/author\/mcepeda\/"}]}},"_links":{"self":[{"href":"https:\/\/pagina10.com\/web\/wp-json\/wp\/v2\/posts\/5961","targetHints":{"allow":["GET"]}}],"collection":[{"href":"https:\/\/pagina10.com\/web\/wp-json\/wp\/v2\/posts"}],"about":[{"href":"https:\/\/pagina10.com\/web\/wp-json\/wp\/v2\/types\/post"}],"author":[{"embeddable":true,"href":"https:\/\/pagina10.com\/web\/wp-json\/wp\/v2\/users\/29"}],"replies":[{"embeddable":true,"href":"https:\/\/pagina10.com\/web\/wp-json\/wp\/v2\/comments?post=5961"}],"version-history":[{"count":0,"href":"https:\/\/pagina10.com\/web\/wp-json\/wp\/v2\/posts\/5961\/revisions"}],"wp:featuredmedia":[{"embeddable":true,"href":"https:\/\/pagina10.com\/web\/wp-json\/wp\/v2\/media\/5959"}],"wp:attachment":[{"href":"https:\/\/pagina10.com\/web\/wp-json\/wp\/v2\/media?parent=5961"}],"wp:term":[{"taxonomy":"category","embeddable":true,"href":"https:\/\/pagina10.com\/web\/wp-json\/wp\/v2\/categories?post=5961"},{"taxonomy":"post_tag","embeddable":true,"href":"https:\/\/pagina10.com\/web\/wp-json\/wp\/v2\/tags?post=5961"}],"curies":[{"name":"wp","href":"https:\/\/api.w.org\/{rel}","templated":true}]}}