{"id":59612,"date":"2022-06-02T20:22:55","date_gmt":"2022-06-03T01:22:55","guid":{"rendered":"https:\/\/pagina10.com\/web\/?p=59612"},"modified":"2022-06-02T20:22:55","modified_gmt":"2022-06-03T01:22:55","slug":"con-ciclopaseo-se-celebra-el-dia-mundial-de-la-bicicleta-y-el-dia-del-ciclista-pastuso","status":"publish","type":"post","link":"https:\/\/pagina10.com\/web\/con-ciclopaseo-se-celebra-el-dia-mundial-de-la-bicicleta-y-el-dia-del-ciclista-pastuso\/","title":{"rendered":"Con ciclopaseo se celebra el D\u00eda Mundial de la Bicicleta y el D\u00eda del Ciclista Pastuso"},"content":{"rendered":"<p style=\"text-align: justify;\">El recorrido inicia en la Universidad de Nari\u00f1o en Torobajo y culmina en la plaza del Carnaval. Se vivir\u00e1 la jornada al Trabajo en Bici.<\/p>\n<p style=\"text-align: justify;\">Este viernes 3 de junio Pasto Deporte y la Alcald\u00eda celebran con un ciclopaseo el D\u00eda Mundial de la Bicicleta y el D\u00eda del Ciclista Pastuso, establecido por acuerdo 029 de 2019 del Concejo del municipio capital.<\/p>\n<p style=\"text-align: justify;\">\n<p style=\"text-align: justify;\">\u201cNos concentraremos a las 7:00 de la ma\u00f1ana en el coliseo Adriana Ben\u00edtez, de la Universidad de Nari\u00f1o para iniciar este ciclopaseo que lo hemos articulado con instituciones de nuestra Administraci\u00f3n municipal como la Secretar\u00eda de Tr\u00e1nsito y Empopasto\u201d, precis\u00f3 la directora del Instituto, Claudia Marcela Cano Rodr\u00edguez.<\/p>\n<p style=\"text-align: justify;\">\n<p style=\"text-align: justify;\">La funcionaria invit\u00f3 a la comunidad de Pasto a participar de esta jornada denominada Al trabajo en Bici, que se desplazar\u00e1 por las universidades Cooperativa y Mariana, tomar\u00e1 la carrera 32, la calle 22, el sector en donde se ubica Empopasto, tomar\u00e1 la carrera 24, la calle 20, la carrera 27, luego la avenida Boyac\u00e1, pasar\u00e1 por Pasto Deporte, girar\u00e1 por la avenida Champagnat, se movilizar\u00e1 por el templo de F\u00e1tima, el Batall\u00f3n Boyac\u00e1, la carrera 14, la avenida Santander y terminar\u00e1 en la plaza del Carnaval.<\/p>\n<p style=\"text-align: justify;\">\n<p style=\"text-align: justify;\">\u201cNo podemos pasar desapercibida esta celebraci\u00f3n tan importante y para cerrar el ciclopaseo tendremos sesiones de actividad f\u00edsica en la plaza del Carnaval\u201d, coment\u00f3 la directora.<\/p>\n<p style=\"text-align: justify;\">\n<p style=\"text-align: justify;\">Dijo que con el apoyo del Tr\u00e1nsito municipal se tiene garantizado un recorrido seguro, adem\u00e1s de brindar hidrataci\u00f3n a trav\u00e9s de un veh\u00edculo cisterna de Empopasto y termos entre los participantes.<\/p>\n","protected":false},"excerpt":{"rendered":"<p>El recorrido inicia en la Universidad de Nari\u00f1o en Torobajo y culmina en la plaza del Carnaval. Se vivir\u00e1 la jornada al Trabajo en Bici. Este viernes 3 de junio Pasto Deporte y la Alcald\u00eda celebran con un ciclopaseo el D\u00eda Mundial de la Bicicleta y el D\u00eda del Ciclista Pastuso, establecido por acuerdo 029 [&hellip;]<\/p>\n","protected":false},"author":1,"featured_media":59613,"comment_status":"open","ping_status":"open","sticky":false,"template":"","format":"standard","meta":{"footnotes":""},"categories":[82],"tags":[],"class_list":["post-59612","post","type-post","status-publish","format-standard","has-post-thumbnail","hentry","category-ciudad-2"],"yoast_head":"<!-- This site is optimized with the Yoast SEO plugin v27.1.1 - https:\/\/yoast.com\/product\/yoast-seo-wordpress\/ -->\n<title>Con ciclopaseo se celebra el D\u00eda Mundial de la Bicicleta y el D\u00eda del Ciclista Pastuso | P\u00e1gina10<\/title>\n<meta name=\"robots\" content=\"index, follow, max-snippet:-1, max-image-preview:large, max-video-preview:-1\" \/>\n<link rel=\"canonical\" href=\"https:\/\/pagina10.com\/web\/con-ciclopaseo-se-celebra-el-dia-mundial-de-la-bicicleta-y-el-dia-del-ciclista-pastuso\/\" \/>\n<meta property=\"og:locale\" content=\"es_ES\" \/>\n<meta property=\"og:type\" content=\"article\" \/>\n<meta property=\"og:title\" content=\"Con ciclopaseo se celebra el D\u00eda Mundial de la Bicicleta y el D\u00eda del Ciclista Pastuso | P\u00e1gina10\" \/>\n<meta property=\"og:description\" content=\"El recorrido inicia en la Universidad de Nari\u00f1o en Torobajo y culmina en la plaza del Carnaval. Se vivir\u00e1 la jornada al Trabajo en Bici. Este viernes 3 de junio Pasto Deporte y la Alcald\u00eda celebran con un ciclopaseo el D\u00eda Mundial de la Bicicleta y el D\u00eda del Ciclista Pastuso, establecido por acuerdo 029 [&hellip;]\" \/>\n<meta property=\"og:url\" content=\"https:\/\/pagina10.com\/web\/con-ciclopaseo-se-celebra-el-dia-mundial-de-la-bicicleta-y-el-dia-del-ciclista-pastuso\/\" \/>\n<meta property=\"og:site_name\" content=\"P\u00e1gina10\" \/>\n<meta property=\"article:publisher\" content=\"https:\/\/www.facebook.com\/pag10com\" \/>\n<meta property=\"article:published_time\" content=\"2022-06-03T01:22:55+00:00\" \/>\n<meta property=\"og:image\" content=\"https:\/\/pagina10.com\/web\/wp-content\/uploads\/2022\/06\/1009710_545531222181095_1144788569_o.jpg\" \/>\n\t<meta property=\"og:image:width\" content=\"1200\" \/>\n\t<meta property=\"og:image:height\" content=\"800\" \/>\n\t<meta property=\"og:image:type\" content=\"image\/jpeg\" \/>\n<meta name=\"author\" content=\"P\u00e1gina 10\" \/>\n<meta name=\"twitter:card\" content=\"summary_large_image\" \/>\n<meta name=\"twitter:creator\" content=\"@Pag10com\" \/>\n<meta name=\"twitter:site\" content=\"@Pag10com\" \/>\n<meta name=\"twitter:label1\" content=\"Escrito por\" \/>\n\t<meta name=\"twitter:data1\" content=\"P\u00e1gina 10\" \/>\n\t<meta name=\"twitter:label2\" content=\"Tiempo de lectura\" \/>\n\t<meta name=\"twitter:data2\" content=\"1 minuto\" \/>\n<script type=\"application\/ld+json\" class=\"yoast-schema-graph\">{\"@context\":\"https:\/\/schema.org\",\"@graph\":[{\"@type\":\"Article\",\"@id\":\"https:\/\/pagina10.com\/web\/con-ciclopaseo-se-celebra-el-dia-mundial-de-la-bicicleta-y-el-dia-del-ciclista-pastuso\/#article\",\"isPartOf\":{\"@id\":\"https:\/\/pagina10.com\/web\/con-ciclopaseo-se-celebra-el-dia-mundial-de-la-bicicleta-y-el-dia-del-ciclista-pastuso\/\"},\"author\":{\"name\":\"P\u00e1gina 10\",\"@id\":\"https:\/\/pagina10.com\/web\/#\/schema\/person\/2efc4a090d25b667d3bc796798a3a81b\"},\"headline\":\"Con ciclopaseo se celebra el D\u00eda Mundial de la Bicicleta y el D\u00eda del Ciclista Pastuso\",\"datePublished\":\"2022-06-03T01:22:55+00:00\",\"mainEntityOfPage\":{\"@id\":\"https:\/\/pagina10.com\/web\/con-ciclopaseo-se-celebra-el-dia-mundial-de-la-bicicleta-y-el-dia-del-ciclista-pastuso\/\"},\"wordCount\":282,\"commentCount\":0,\"publisher\":{\"@id\":\"https:\/\/pagina10.com\/web\/#organization\"},\"image\":{\"@id\":\"https:\/\/pagina10.com\/web\/con-ciclopaseo-se-celebra-el-dia-mundial-de-la-bicicleta-y-el-dia-del-ciclista-pastuso\/#primaryimage\"},\"thumbnailUrl\":\"https:\/\/pagina10.com\/web\/wp-content\/uploads\/2022\/06\/1009710_545531222181095_1144788569_o.jpg\",\"articleSection\":[\"Ciudad\"],\"inLanguage\":\"es\",\"potentialAction\":[{\"@type\":\"CommentAction\",\"name\":\"Comment\",\"target\":[\"https:\/\/pagina10.com\/web\/con-ciclopaseo-se-celebra-el-dia-mundial-de-la-bicicleta-y-el-dia-del-ciclista-pastuso\/#respond\"]}]},{\"@type\":\"WebPage\",\"@id\":\"https:\/\/pagina10.com\/web\/con-ciclopaseo-se-celebra-el-dia-mundial-de-la-bicicleta-y-el-dia-del-ciclista-pastuso\/\",\"url\":\"https:\/\/pagina10.com\/web\/con-ciclopaseo-se-celebra-el-dia-mundial-de-la-bicicleta-y-el-dia-del-ciclista-pastuso\/\",\"name\":\"Con ciclopaseo se celebra el D\u00eda Mundial de la Bicicleta y el D\u00eda del Ciclista Pastuso | P\u00e1gina10\",\"isPartOf\":{\"@id\":\"https:\/\/pagina10.com\/web\/#website\"},\"primaryImageOfPage\":{\"@id\":\"https:\/\/pagina10.com\/web\/con-ciclopaseo-se-celebra-el-dia-mundial-de-la-bicicleta-y-el-dia-del-ciclista-pastuso\/#primaryimage\"},\"image\":{\"@id\":\"https:\/\/pagina10.com\/web\/con-ciclopaseo-se-celebra-el-dia-mundial-de-la-bicicleta-y-el-dia-del-ciclista-pastuso\/#primaryimage\"},\"thumbnailUrl\":\"https:\/\/pagina10.com\/web\/wp-content\/uploads\/2022\/06\/1009710_545531222181095_1144788569_o.jpg\",\"datePublished\":\"2022-06-03T01:22:55+00:00\",\"breadcrumb\":{\"@id\":\"https:\/\/pagina10.com\/web\/con-ciclopaseo-se-celebra-el-dia-mundial-de-la-bicicleta-y-el-dia-del-ciclista-pastuso\/#breadcrumb\"},\"inLanguage\":\"es\",\"potentialAction\":[{\"@type\":\"ReadAction\",\"target\":[\"https:\/\/pagina10.com\/web\/con-ciclopaseo-se-celebra-el-dia-mundial-de-la-bicicleta-y-el-dia-del-ciclista-pastuso\/\"]}]},{\"@type\":\"ImageObject\",\"inLanguage\":\"es\",\"@id\":\"https:\/\/pagina10.com\/web\/con-ciclopaseo-se-celebra-el-dia-mundial-de-la-bicicleta-y-el-dia-del-ciclista-pastuso\/#primaryimage\",\"url\":\"https:\/\/pagina10.com\/web\/wp-content\/uploads\/2022\/06\/1009710_545531222181095_1144788569_o.jpg\",\"contentUrl\":\"https:\/\/pagina10.com\/web\/wp-content\/uploads\/2022\/06\/1009710_545531222181095_1144788569_o.jpg\",\"width\":1200,\"height\":800},{\"@type\":\"BreadcrumbList\",\"@id\":\"https:\/\/pagina10.com\/web\/con-ciclopaseo-se-celebra-el-dia-mundial-de-la-bicicleta-y-el-dia-del-ciclista-pastuso\/#breadcrumb\",\"itemListElement\":[{\"@type\":\"ListItem\",\"position\":1,\"name\":\"Portada\",\"item\":\"https:\/\/pagina10.com\/web\/\"},{\"@type\":\"ListItem\",\"position\":2,\"name\":\"Con ciclopaseo se celebra el D\u00eda Mundial de la Bicicleta y el D\u00eda del Ciclista Pastuso\"}]},{\"@type\":\"WebSite\",\"@id\":\"https:\/\/pagina10.com\/web\/#website\",\"url\":\"https:\/\/pagina10.com\/web\/\",\"name\":\"P\u00e1gina10\",\"description\":\"Peri\u00f3dico Regional\",\"publisher\":{\"@id\":\"https:\/\/pagina10.com\/web\/#organization\"},\"alternateName\":\"P\u00e1gina10 Peri\u00f3dico Regional\",\"potentialAction\":[{\"@type\":\"SearchAction\",\"target\":{\"@type\":\"EntryPoint\",\"urlTemplate\":\"https:\/\/pagina10.com\/web\/?s={search_term_string}\"},\"query-input\":{\"@type\":\"PropertyValueSpecification\",\"valueRequired\":true,\"valueName\":\"search_term_string\"}}],\"inLanguage\":\"es\"},{\"@type\":\"Organization\",\"@id\":\"https:\/\/pagina10.com\/web\/#organization\",\"name\":\"P\u00e1gina10\",\"alternateName\":\"P\u00e1gina10 Peri\u00f3dico Regional\",\"url\":\"https:\/\/pagina10.com\/web\/\",\"logo\":{\"@type\":\"ImageObject\",\"inLanguage\":\"es\",\"@id\":\"https:\/\/pagina10.com\/web\/#\/schema\/logo\/image\/\",\"url\":\"https:\/\/pagina10.com\/web\/wp-content\/uploads\/2024\/01\/40-pagina-10-periodico-regional-pasto.jpg\",\"contentUrl\":\"https:\/\/pagina10.com\/web\/wp-content\/uploads\/2024\/01\/40-pagina-10-periodico-regional-pasto.jpg\",\"width\":1280,\"height\":720,\"caption\":\"P\u00e1gina10\"},\"image\":{\"@id\":\"https:\/\/pagina10.com\/web\/#\/schema\/logo\/image\/\"},\"sameAs\":[\"https:\/\/www.facebook.com\/pag10com\",\"https:\/\/x.com\/Pag10com\",\"https:\/\/www.instagram.com\/pagina10col\/\",\"https:\/\/youtube.com\/channel\/pag10\",\"https:\/\/www.tiktok.com\/@p10col\"]},{\"@type\":\"Person\",\"@id\":\"https:\/\/pagina10.com\/web\/#\/schema\/person\/2efc4a090d25b667d3bc796798a3a81b\",\"name\":\"P\u00e1gina 10\",\"description\":\"P\u00e1gina 10 es un peri\u00f3dico regional que nace en Colombia, en el departamento de Nari\u00f1o, con un enfoque global, fundamentado en cuatro pilares esenciales: la libertad, el pluralismo, la inclusi\u00f3n y la independencia. P\u00e1gina 10 hace referencia a Nari\u00f1o como el d\u00e9cimo departamento creado en Colombia, despu\u00e9s de un proceso pol\u00edtico liderado por actores y actrices regionales con el fin de obtener la independencia y autonom\u00eda de nuestros territorios. Con la creaci\u00f3n de P\u00e1gina 10 se pretende abrir un escenario para el dialogo, la reflexi\u00f3n y el debate que se extienda a otras geograf\u00edas de Am\u00e9rica Latina y del planeta, en una apuesta por transformar colectivamente los desaf\u00edos de un mundo contempor\u00e1neo, m\u00e1s all\u00e1 de las fronteras impuestas.\",\"url\":\"https:\/\/pagina10.com\/web\/author\/pdiezadmin\/\"}]}<\/script>\n<!-- \/ Yoast SEO plugin. -->","yoast_head_json":{"title":"Con ciclopaseo se celebra el D\u00eda Mundial de la Bicicleta y el D\u00eda del Ciclista Pastuso | P\u00e1gina10","robots":{"index":"index","follow":"follow","max-snippet":"max-snippet:-1","max-image-preview":"max-image-preview:large","max-video-preview":"max-video-preview:-1"},"canonical":"https:\/\/pagina10.com\/web\/con-ciclopaseo-se-celebra-el-dia-mundial-de-la-bicicleta-y-el-dia-del-ciclista-pastuso\/","og_locale":"es_ES","og_type":"article","og_title":"Con ciclopaseo se celebra el D\u00eda Mundial de la Bicicleta y el D\u00eda del Ciclista Pastuso | P\u00e1gina10","og_description":"El recorrido inicia en la Universidad de Nari\u00f1o en Torobajo y culmina en la plaza del Carnaval. Se vivir\u00e1 la jornada al Trabajo en Bici. Este viernes 3 de junio Pasto Deporte y la Alcald\u00eda celebran con un ciclopaseo el D\u00eda Mundial de la Bicicleta y el D\u00eda del Ciclista Pastuso, establecido por acuerdo 029 [&hellip;]","og_url":"https:\/\/pagina10.com\/web\/con-ciclopaseo-se-celebra-el-dia-mundial-de-la-bicicleta-y-el-dia-del-ciclista-pastuso\/","og_site_name":"P\u00e1gina10","article_publisher":"https:\/\/www.facebook.com\/pag10com","article_published_time":"2022-06-03T01:22:55+00:00","og_image":[{"width":1200,"height":800,"url":"https:\/\/pagina10.com\/web\/wp-content\/uploads\/2022\/06\/1009710_545531222181095_1144788569_o.jpg","type":"image\/jpeg"}],"author":"P\u00e1gina 10","twitter_card":"summary_large_image","twitter_creator":"@Pag10com","twitter_site":"@Pag10com","twitter_misc":{"Escrito por":"P\u00e1gina 10","Tiempo de lectura":"1 minuto"},"schema":{"@context":"https:\/\/schema.org","@graph":[{"@type":"Article","@id":"https:\/\/pagina10.com\/web\/con-ciclopaseo-se-celebra-el-dia-mundial-de-la-bicicleta-y-el-dia-del-ciclista-pastuso\/#article","isPartOf":{"@id":"https:\/\/pagina10.com\/web\/con-ciclopaseo-se-celebra-el-dia-mundial-de-la-bicicleta-y-el-dia-del-ciclista-pastuso\/"},"author":{"name":"P\u00e1gina 10","@id":"https:\/\/pagina10.com\/web\/#\/schema\/person\/2efc4a090d25b667d3bc796798a3a81b"},"headline":"Con ciclopaseo se celebra el D\u00eda Mundial de la Bicicleta y el D\u00eda del Ciclista Pastuso","datePublished":"2022-06-03T01:22:55+00:00","mainEntityOfPage":{"@id":"https:\/\/pagina10.com\/web\/con-ciclopaseo-se-celebra-el-dia-mundial-de-la-bicicleta-y-el-dia-del-ciclista-pastuso\/"},"wordCount":282,"commentCount":0,"publisher":{"@id":"https:\/\/pagina10.com\/web\/#organization"},"image":{"@id":"https:\/\/pagina10.com\/web\/con-ciclopaseo-se-celebra-el-dia-mundial-de-la-bicicleta-y-el-dia-del-ciclista-pastuso\/#primaryimage"},"thumbnailUrl":"https:\/\/pagina10.com\/web\/wp-content\/uploads\/2022\/06\/1009710_545531222181095_1144788569_o.jpg","articleSection":["Ciudad"],"inLanguage":"es","potentialAction":[{"@type":"CommentAction","name":"Comment","target":["https:\/\/pagina10.com\/web\/con-ciclopaseo-se-celebra-el-dia-mundial-de-la-bicicleta-y-el-dia-del-ciclista-pastuso\/#respond"]}]},{"@type":"WebPage","@id":"https:\/\/pagina10.com\/web\/con-ciclopaseo-se-celebra-el-dia-mundial-de-la-bicicleta-y-el-dia-del-ciclista-pastuso\/","url":"https:\/\/pagina10.com\/web\/con-ciclopaseo-se-celebra-el-dia-mundial-de-la-bicicleta-y-el-dia-del-ciclista-pastuso\/","name":"Con ciclopaseo se celebra el D\u00eda Mundial de la Bicicleta y el D\u00eda del Ciclista Pastuso | P\u00e1gina10","isPartOf":{"@id":"https:\/\/pagina10.com\/web\/#website"},"primaryImageOfPage":{"@id":"https:\/\/pagina10.com\/web\/con-ciclopaseo-se-celebra-el-dia-mundial-de-la-bicicleta-y-el-dia-del-ciclista-pastuso\/#primaryimage"},"image":{"@id":"https:\/\/pagina10.com\/web\/con-ciclopaseo-se-celebra-el-dia-mundial-de-la-bicicleta-y-el-dia-del-ciclista-pastuso\/#primaryimage"},"thumbnailUrl":"https:\/\/pagina10.com\/web\/wp-content\/uploads\/2022\/06\/1009710_545531222181095_1144788569_o.jpg","datePublished":"2022-06-03T01:22:55+00:00","breadcrumb":{"@id":"https:\/\/pagina10.com\/web\/con-ciclopaseo-se-celebra-el-dia-mundial-de-la-bicicleta-y-el-dia-del-ciclista-pastuso\/#breadcrumb"},"inLanguage":"es","potentialAction":[{"@type":"ReadAction","target":["https:\/\/pagina10.com\/web\/con-ciclopaseo-se-celebra-el-dia-mundial-de-la-bicicleta-y-el-dia-del-ciclista-pastuso\/"]}]},{"@type":"ImageObject","inLanguage":"es","@id":"https:\/\/pagina10.com\/web\/con-ciclopaseo-se-celebra-el-dia-mundial-de-la-bicicleta-y-el-dia-del-ciclista-pastuso\/#primaryimage","url":"https:\/\/pagina10.com\/web\/wp-content\/uploads\/2022\/06\/1009710_545531222181095_1144788569_o.jpg","contentUrl":"https:\/\/pagina10.com\/web\/wp-content\/uploads\/2022\/06\/1009710_545531222181095_1144788569_o.jpg","width":1200,"height":800},{"@type":"BreadcrumbList","@id":"https:\/\/pagina10.com\/web\/con-ciclopaseo-se-celebra-el-dia-mundial-de-la-bicicleta-y-el-dia-del-ciclista-pastuso\/#breadcrumb","itemListElement":[{"@type":"ListItem","position":1,"name":"Portada","item":"https:\/\/pagina10.com\/web\/"},{"@type":"ListItem","position":2,"name":"Con ciclopaseo se celebra el D\u00eda Mundial de la Bicicleta y el D\u00eda del Ciclista Pastuso"}]},{"@type":"WebSite","@id":"https:\/\/pagina10.com\/web\/#website","url":"https:\/\/pagina10.com\/web\/","name":"P\u00e1gina10","description":"Peri\u00f3dico Regional","publisher":{"@id":"https:\/\/pagina10.com\/web\/#organization"},"alternateName":"P\u00e1gina10 Peri\u00f3dico Regional","potentialAction":[{"@type":"SearchAction","target":{"@type":"EntryPoint","urlTemplate":"https:\/\/pagina10.com\/web\/?s={search_term_string}"},"query-input":{"@type":"PropertyValueSpecification","valueRequired":true,"valueName":"search_term_string"}}],"inLanguage":"es"},{"@type":"Organization","@id":"https:\/\/pagina10.com\/web\/#organization","name":"P\u00e1gina10","alternateName":"P\u00e1gina10 Peri\u00f3dico Regional","url":"https:\/\/pagina10.com\/web\/","logo":{"@type":"ImageObject","inLanguage":"es","@id":"https:\/\/pagina10.com\/web\/#\/schema\/logo\/image\/","url":"https:\/\/pagina10.com\/web\/wp-content\/uploads\/2024\/01\/40-pagina-10-periodico-regional-pasto.jpg","contentUrl":"https:\/\/pagina10.com\/web\/wp-content\/uploads\/2024\/01\/40-pagina-10-periodico-regional-pasto.jpg","width":1280,"height":720,"caption":"P\u00e1gina10"},"image":{"@id":"https:\/\/pagina10.com\/web\/#\/schema\/logo\/image\/"},"sameAs":["https:\/\/www.facebook.com\/pag10com","https:\/\/x.com\/Pag10com","https:\/\/www.instagram.com\/pagina10col\/","https:\/\/youtube.com\/channel\/pag10","https:\/\/www.tiktok.com\/@p10col"]},{"@type":"Person","@id":"https:\/\/pagina10.com\/web\/#\/schema\/person\/2efc4a090d25b667d3bc796798a3a81b","name":"P\u00e1gina 10","description":"P\u00e1gina 10 es un peri\u00f3dico regional que nace en Colombia, en el departamento de Nari\u00f1o, con un enfoque global, fundamentado en cuatro pilares esenciales: la libertad, el pluralismo, la inclusi\u00f3n y la independencia. P\u00e1gina 10 hace referencia a Nari\u00f1o como el d\u00e9cimo departamento creado en Colombia, despu\u00e9s de un proceso pol\u00edtico liderado por actores y actrices regionales con el fin de obtener la independencia y autonom\u00eda de nuestros territorios. Con la creaci\u00f3n de P\u00e1gina 10 se pretende abrir un escenario para el dialogo, la reflexi\u00f3n y el debate que se extienda a otras geograf\u00edas de Am\u00e9rica Latina y del planeta, en una apuesta por transformar colectivamente los desaf\u00edos de un mundo contempor\u00e1neo, m\u00e1s all\u00e1 de las fronteras impuestas.","url":"https:\/\/pagina10.com\/web\/author\/pdiezadmin\/"}]}},"_links":{"self":[{"href":"https:\/\/pagina10.com\/web\/wp-json\/wp\/v2\/posts\/59612","targetHints":{"allow":["GET"]}}],"collection":[{"href":"https:\/\/pagina10.com\/web\/wp-json\/wp\/v2\/posts"}],"about":[{"href":"https:\/\/pagina10.com\/web\/wp-json\/wp\/v2\/types\/post"}],"author":[{"embeddable":true,"href":"https:\/\/pagina10.com\/web\/wp-json\/wp\/v2\/users\/1"}],"replies":[{"embeddable":true,"href":"https:\/\/pagina10.com\/web\/wp-json\/wp\/v2\/comments?post=59612"}],"version-history":[{"count":1,"href":"https:\/\/pagina10.com\/web\/wp-json\/wp\/v2\/posts\/59612\/revisions"}],"predecessor-version":[{"id":59614,"href":"https:\/\/pagina10.com\/web\/wp-json\/wp\/v2\/posts\/59612\/revisions\/59614"}],"wp:featuredmedia":[{"embeddable":true,"href":"https:\/\/pagina10.com\/web\/wp-json\/wp\/v2\/media\/59613"}],"wp:attachment":[{"href":"https:\/\/pagina10.com\/web\/wp-json\/wp\/v2\/media?parent=59612"}],"wp:term":[{"taxonomy":"category","embeddable":true,"href":"https:\/\/pagina10.com\/web\/wp-json\/wp\/v2\/categories?post=59612"},{"taxonomy":"post_tag","embeddable":true,"href":"https:\/\/pagina10.com\/web\/wp-json\/wp\/v2\/tags?post=59612"}],"curies":[{"name":"wp","href":"https:\/\/api.w.org\/{rel}","templated":true}]}}