{"id":59639,"date":"2022-06-04T21:32:42","date_gmt":"2022-06-05T02:32:42","guid":{"rendered":"https:\/\/pagina10.com\/web\/?p=59639"},"modified":"2022-06-04T21:32:42","modified_gmt":"2022-06-05T02:32:42","slug":"fallo-condenatorio-contra-hombre-que-ataco-con-un-hacha-a-su-companera-sentimental","status":"publish","type":"post","link":"https:\/\/pagina10.com\/web\/fallo-condenatorio-contra-hombre-que-ataco-con-un-hacha-a-su-companera-sentimental\/","title":{"rendered":"Fallo condenatorio contra hombre que atac\u00f3 con un hacha a su compa\u00f1era sentimental"},"content":{"rendered":"<p style=\"text-align: justify;\">Ante la contundencia de los argumentos presentados por la Fiscal\u00eda General de la Naci\u00f3n, un juez penal del circuito de Bogot\u00e1 emiti\u00f3 sentido de fallo condenatorio contra Miguel Camilo Parra Ni\u00f1o, quien atac\u00f3 con un hacha a su excompa\u00f1era sentimental en hechos ocurridos el 16 de octubre de 2020.<\/p>\n<p style=\"text-align: justify;\">Con evidencia f\u00edlmica, testimonios y otras pruebas, un fiscal de la Seccional Bogot\u00e1 demostr\u00f3 que este hombre agredi\u00f3 en varias oportunidades a la mujer en un inmueble del barrio El Redil, en la localidad de Usaqu\u00e9n, en el suroccidente de la ciudad.<\/p>\n<p style=\"text-align: justify;\">La investigaci\u00f3n permiti\u00f3 establecer que Parra Ni\u00f1o pretend\u00eda causarle la muerte a su expareja, luego de que ella pusiera fin a una relaci\u00f3n de ocho meses de convivencia. El motivo de la separaci\u00f3n fueron los m\u00faltiples episodios de violencia f\u00edsica y amenazas que soport\u00f3 la mujer.<\/p>\n<p style=\"text-align: justify;\">Durante el juicio, la Fiscal\u00eda se\u00f1al\u00f3 que el agresor actu\u00f3 consciente de lo que hac\u00eda, al punto que el d\u00eda del ataque llam\u00f3 a su mam\u00e1 y a una t\u00eda para que vieran a la v\u00edctima. Posteriormente, escap\u00f3 con el hacha, cambi\u00f3 su apariencia f\u00edsica y se ocult\u00f3 en Fusagasug\u00e1 (Cundinamarca), donde fue capturado el 27 de octubre de 2020.<\/p>\n<p style=\"text-align: justify;\">En ese sentido, el juez lo declar\u00f3 responsable del delito de tentativa de feminicidio agravado y orden\u00f3 su captura inmediata, la cual hicieron efectiva investigadores del CTI de la Fiscal\u00eda en la sala de audiencias donde se cumpli\u00f3 la diligencia.<\/p>\n","protected":false},"excerpt":{"rendered":"<p>Ante la contundencia de los argumentos presentados por la Fiscal\u00eda General de la Naci\u00f3n, un juez penal del circuito de Bogot\u00e1 emiti\u00f3 sentido de fallo condenatorio contra Miguel Camilo Parra Ni\u00f1o, quien atac\u00f3 con un hacha a su excompa\u00f1era sentimental en hechos ocurridos el 16 de octubre de 2020. Con evidencia f\u00edlmica, testimonios y otras [&hellip;]<\/p>\n","protected":false},"author":1,"featured_media":59640,"comment_status":"open","ping_status":"open","sticky":false,"template":"","format":"standard","meta":{"footnotes":""},"categories":[61],"tags":[],"class_list":["post-59639","post","type-post","status-publish","format-standard","has-post-thumbnail","hentry","category-judicial"],"yoast_head":"<!-- This site is optimized with the Yoast SEO plugin v27.1.1 - https:\/\/yoast.com\/product\/yoast-seo-wordpress\/ -->\n<title>Fallo condenatorio contra hombre que atac\u00f3 con un hacha a su compa\u00f1era sentimental | P\u00e1gina10<\/title>\n<meta name=\"robots\" content=\"index, follow, max-snippet:-1, max-image-preview:large, max-video-preview:-1\" \/>\n<link rel=\"canonical\" href=\"https:\/\/pagina10.com\/web\/fallo-condenatorio-contra-hombre-que-ataco-con-un-hacha-a-su-companera-sentimental\/\" \/>\n<meta property=\"og:locale\" content=\"es_ES\" \/>\n<meta property=\"og:type\" content=\"article\" \/>\n<meta property=\"og:title\" content=\"Fallo condenatorio contra hombre que atac\u00f3 con un hacha a su compa\u00f1era sentimental | P\u00e1gina10\" \/>\n<meta property=\"og:description\" content=\"Ante la contundencia de los argumentos presentados por la Fiscal\u00eda General de la Naci\u00f3n, un juez penal del circuito de Bogot\u00e1 emiti\u00f3 sentido de fallo condenatorio contra Miguel Camilo Parra Ni\u00f1o, quien atac\u00f3 con un hacha a su excompa\u00f1era sentimental en hechos ocurridos el 16 de octubre de 2020. Con evidencia f\u00edlmica, testimonios y otras [&hellip;]\" \/>\n<meta property=\"og:url\" content=\"https:\/\/pagina10.com\/web\/fallo-condenatorio-contra-hombre-que-ataco-con-un-hacha-a-su-companera-sentimental\/\" \/>\n<meta property=\"og:site_name\" content=\"P\u00e1gina10\" \/>\n<meta property=\"article:publisher\" content=\"https:\/\/www.facebook.com\/pag10com\" \/>\n<meta property=\"article:published_time\" content=\"2022-06-05T02:32:42+00:00\" \/>\n<meta property=\"og:image\" content=\"https:\/\/pagina10.com\/web\/wp-content\/uploads\/2022\/06\/Captura-de-Pantalla-2022-06-04-a-las-9.32.12-p.-m..png\" \/>\n\t<meta property=\"og:image:width\" content=\"539\" \/>\n\t<meta property=\"og:image:height\" content=\"412\" \/>\n\t<meta property=\"og:image:type\" content=\"image\/png\" \/>\n<meta name=\"author\" content=\"P\u00e1gina 10\" \/>\n<meta name=\"twitter:card\" content=\"summary_large_image\" \/>\n<meta name=\"twitter:creator\" content=\"@Pag10com\" \/>\n<meta name=\"twitter:site\" content=\"@Pag10com\" \/>\n<meta name=\"twitter:label1\" content=\"Escrito por\" \/>\n\t<meta name=\"twitter:data1\" content=\"P\u00e1gina 10\" \/>\n\t<meta name=\"twitter:label2\" content=\"Tiempo de lectura\" \/>\n\t<meta name=\"twitter:data2\" content=\"1 minuto\" \/>\n<script type=\"application\/ld+json\" class=\"yoast-schema-graph\">{\"@context\":\"https:\/\/schema.org\",\"@graph\":[{\"@type\":\"Article\",\"@id\":\"https:\/\/pagina10.com\/web\/fallo-condenatorio-contra-hombre-que-ataco-con-un-hacha-a-su-companera-sentimental\/#article\",\"isPartOf\":{\"@id\":\"https:\/\/pagina10.com\/web\/fallo-condenatorio-contra-hombre-que-ataco-con-un-hacha-a-su-companera-sentimental\/\"},\"author\":{\"name\":\"P\u00e1gina 10\",\"@id\":\"https:\/\/pagina10.com\/web\/#\/schema\/person\/2efc4a090d25b667d3bc796798a3a81b\"},\"headline\":\"Fallo condenatorio contra hombre que atac\u00f3 con un hacha a su compa\u00f1era sentimental\",\"datePublished\":\"2022-06-05T02:32:42+00:00\",\"mainEntityOfPage\":{\"@id\":\"https:\/\/pagina10.com\/web\/fallo-condenatorio-contra-hombre-que-ataco-con-un-hacha-a-su-companera-sentimental\/\"},\"wordCount\":268,\"commentCount\":0,\"publisher\":{\"@id\":\"https:\/\/pagina10.com\/web\/#organization\"},\"image\":{\"@id\":\"https:\/\/pagina10.com\/web\/fallo-condenatorio-contra-hombre-que-ataco-con-un-hacha-a-su-companera-sentimental\/#primaryimage\"},\"thumbnailUrl\":\"https:\/\/pagina10.com\/web\/wp-content\/uploads\/2022\/06\/Captura-de-Pantalla-2022-06-04-a-las-9.32.12-p.-m..png\",\"articleSection\":[\"Judicial\"],\"inLanguage\":\"es\",\"potentialAction\":[{\"@type\":\"CommentAction\",\"name\":\"Comment\",\"target\":[\"https:\/\/pagina10.com\/web\/fallo-condenatorio-contra-hombre-que-ataco-con-un-hacha-a-su-companera-sentimental\/#respond\"]}]},{\"@type\":\"WebPage\",\"@id\":\"https:\/\/pagina10.com\/web\/fallo-condenatorio-contra-hombre-que-ataco-con-un-hacha-a-su-companera-sentimental\/\",\"url\":\"https:\/\/pagina10.com\/web\/fallo-condenatorio-contra-hombre-que-ataco-con-un-hacha-a-su-companera-sentimental\/\",\"name\":\"Fallo condenatorio contra hombre que atac\u00f3 con un hacha a su compa\u00f1era sentimental | P\u00e1gina10\",\"isPartOf\":{\"@id\":\"https:\/\/pagina10.com\/web\/#website\"},\"primaryImageOfPage\":{\"@id\":\"https:\/\/pagina10.com\/web\/fallo-condenatorio-contra-hombre-que-ataco-con-un-hacha-a-su-companera-sentimental\/#primaryimage\"},\"image\":{\"@id\":\"https:\/\/pagina10.com\/web\/fallo-condenatorio-contra-hombre-que-ataco-con-un-hacha-a-su-companera-sentimental\/#primaryimage\"},\"thumbnailUrl\":\"https:\/\/pagina10.com\/web\/wp-content\/uploads\/2022\/06\/Captura-de-Pantalla-2022-06-04-a-las-9.32.12-p.-m..png\",\"datePublished\":\"2022-06-05T02:32:42+00:00\",\"breadcrumb\":{\"@id\":\"https:\/\/pagina10.com\/web\/fallo-condenatorio-contra-hombre-que-ataco-con-un-hacha-a-su-companera-sentimental\/#breadcrumb\"},\"inLanguage\":\"es\",\"potentialAction\":[{\"@type\":\"ReadAction\",\"target\":[\"https:\/\/pagina10.com\/web\/fallo-condenatorio-contra-hombre-que-ataco-con-un-hacha-a-su-companera-sentimental\/\"]}]},{\"@type\":\"ImageObject\",\"inLanguage\":\"es\",\"@id\":\"https:\/\/pagina10.com\/web\/fallo-condenatorio-contra-hombre-que-ataco-con-un-hacha-a-su-companera-sentimental\/#primaryimage\",\"url\":\"https:\/\/pagina10.com\/web\/wp-content\/uploads\/2022\/06\/Captura-de-Pantalla-2022-06-04-a-las-9.32.12-p.-m..png\",\"contentUrl\":\"https:\/\/pagina10.com\/web\/wp-content\/uploads\/2022\/06\/Captura-de-Pantalla-2022-06-04-a-las-9.32.12-p.-m..png\",\"width\":539,\"height\":412},{\"@type\":\"BreadcrumbList\",\"@id\":\"https:\/\/pagina10.com\/web\/fallo-condenatorio-contra-hombre-que-ataco-con-un-hacha-a-su-companera-sentimental\/#breadcrumb\",\"itemListElement\":[{\"@type\":\"ListItem\",\"position\":1,\"name\":\"Portada\",\"item\":\"https:\/\/pagina10.com\/web\/\"},{\"@type\":\"ListItem\",\"position\":2,\"name\":\"Fallo condenatorio contra hombre que atac\u00f3 con un hacha a su compa\u00f1era sentimental\"}]},{\"@type\":\"WebSite\",\"@id\":\"https:\/\/pagina10.com\/web\/#website\",\"url\":\"https:\/\/pagina10.com\/web\/\",\"name\":\"P\u00e1gina10\",\"description\":\"Peri\u00f3dico Regional\",\"publisher\":{\"@id\":\"https:\/\/pagina10.com\/web\/#organization\"},\"alternateName\":\"P\u00e1gina10 Peri\u00f3dico Regional\",\"potentialAction\":[{\"@type\":\"SearchAction\",\"target\":{\"@type\":\"EntryPoint\",\"urlTemplate\":\"https:\/\/pagina10.com\/web\/?s={search_term_string}\"},\"query-input\":{\"@type\":\"PropertyValueSpecification\",\"valueRequired\":true,\"valueName\":\"search_term_string\"}}],\"inLanguage\":\"es\"},{\"@type\":\"Organization\",\"@id\":\"https:\/\/pagina10.com\/web\/#organization\",\"name\":\"P\u00e1gina10\",\"alternateName\":\"P\u00e1gina10 Peri\u00f3dico Regional\",\"url\":\"https:\/\/pagina10.com\/web\/\",\"logo\":{\"@type\":\"ImageObject\",\"inLanguage\":\"es\",\"@id\":\"https:\/\/pagina10.com\/web\/#\/schema\/logo\/image\/\",\"url\":\"https:\/\/pagina10.com\/web\/wp-content\/uploads\/2024\/01\/40-pagina-10-periodico-regional-pasto.jpg\",\"contentUrl\":\"https:\/\/pagina10.com\/web\/wp-content\/uploads\/2024\/01\/40-pagina-10-periodico-regional-pasto.jpg\",\"width\":1280,\"height\":720,\"caption\":\"P\u00e1gina10\"},\"image\":{\"@id\":\"https:\/\/pagina10.com\/web\/#\/schema\/logo\/image\/\"},\"sameAs\":[\"https:\/\/www.facebook.com\/pag10com\",\"https:\/\/x.com\/Pag10com\",\"https:\/\/www.instagram.com\/pagina10col\/\",\"https:\/\/youtube.com\/channel\/pag10\",\"https:\/\/www.tiktok.com\/@p10col\"]},{\"@type\":\"Person\",\"@id\":\"https:\/\/pagina10.com\/web\/#\/schema\/person\/2efc4a090d25b667d3bc796798a3a81b\",\"name\":\"P\u00e1gina 10\",\"description\":\"P\u00e1gina 10 es un peri\u00f3dico regional que nace en Colombia, en el departamento de Nari\u00f1o, con un enfoque global, fundamentado en cuatro pilares esenciales: la libertad, el pluralismo, la inclusi\u00f3n y la independencia. P\u00e1gina 10 hace referencia a Nari\u00f1o como el d\u00e9cimo departamento creado en Colombia, despu\u00e9s de un proceso pol\u00edtico liderado por actores y actrices regionales con el fin de obtener la independencia y autonom\u00eda de nuestros territorios. Con la creaci\u00f3n de P\u00e1gina 10 se pretende abrir un escenario para el dialogo, la reflexi\u00f3n y el debate que se extienda a otras geograf\u00edas de Am\u00e9rica Latina y del planeta, en una apuesta por transformar colectivamente los desaf\u00edos de un mundo contempor\u00e1neo, m\u00e1s all\u00e1 de las fronteras impuestas.\",\"url\":\"https:\/\/pagina10.com\/web\/author\/pdiezadmin\/\"}]}<\/script>\n<!-- \/ Yoast SEO plugin. -->","yoast_head_json":{"title":"Fallo condenatorio contra hombre que atac\u00f3 con un hacha a su compa\u00f1era sentimental | P\u00e1gina10","robots":{"index":"index","follow":"follow","max-snippet":"max-snippet:-1","max-image-preview":"max-image-preview:large","max-video-preview":"max-video-preview:-1"},"canonical":"https:\/\/pagina10.com\/web\/fallo-condenatorio-contra-hombre-que-ataco-con-un-hacha-a-su-companera-sentimental\/","og_locale":"es_ES","og_type":"article","og_title":"Fallo condenatorio contra hombre que atac\u00f3 con un hacha a su compa\u00f1era sentimental | P\u00e1gina10","og_description":"Ante la contundencia de los argumentos presentados por la Fiscal\u00eda General de la Naci\u00f3n, un juez penal del circuito de Bogot\u00e1 emiti\u00f3 sentido de fallo condenatorio contra Miguel Camilo Parra Ni\u00f1o, quien atac\u00f3 con un hacha a su excompa\u00f1era sentimental en hechos ocurridos el 16 de octubre de 2020. Con evidencia f\u00edlmica, testimonios y otras [&hellip;]","og_url":"https:\/\/pagina10.com\/web\/fallo-condenatorio-contra-hombre-que-ataco-con-un-hacha-a-su-companera-sentimental\/","og_site_name":"P\u00e1gina10","article_publisher":"https:\/\/www.facebook.com\/pag10com","article_published_time":"2022-06-05T02:32:42+00:00","og_image":[{"width":539,"height":412,"url":"https:\/\/pagina10.com\/web\/wp-content\/uploads\/2022\/06\/Captura-de-Pantalla-2022-06-04-a-las-9.32.12-p.-m..png","type":"image\/png"}],"author":"P\u00e1gina 10","twitter_card":"summary_large_image","twitter_creator":"@Pag10com","twitter_site":"@Pag10com","twitter_misc":{"Escrito por":"P\u00e1gina 10","Tiempo de lectura":"1 minuto"},"schema":{"@context":"https:\/\/schema.org","@graph":[{"@type":"Article","@id":"https:\/\/pagina10.com\/web\/fallo-condenatorio-contra-hombre-que-ataco-con-un-hacha-a-su-companera-sentimental\/#article","isPartOf":{"@id":"https:\/\/pagina10.com\/web\/fallo-condenatorio-contra-hombre-que-ataco-con-un-hacha-a-su-companera-sentimental\/"},"author":{"name":"P\u00e1gina 10","@id":"https:\/\/pagina10.com\/web\/#\/schema\/person\/2efc4a090d25b667d3bc796798a3a81b"},"headline":"Fallo condenatorio contra hombre que atac\u00f3 con un hacha a su compa\u00f1era sentimental","datePublished":"2022-06-05T02:32:42+00:00","mainEntityOfPage":{"@id":"https:\/\/pagina10.com\/web\/fallo-condenatorio-contra-hombre-que-ataco-con-un-hacha-a-su-companera-sentimental\/"},"wordCount":268,"commentCount":0,"publisher":{"@id":"https:\/\/pagina10.com\/web\/#organization"},"image":{"@id":"https:\/\/pagina10.com\/web\/fallo-condenatorio-contra-hombre-que-ataco-con-un-hacha-a-su-companera-sentimental\/#primaryimage"},"thumbnailUrl":"https:\/\/pagina10.com\/web\/wp-content\/uploads\/2022\/06\/Captura-de-Pantalla-2022-06-04-a-las-9.32.12-p.-m..png","articleSection":["Judicial"],"inLanguage":"es","potentialAction":[{"@type":"CommentAction","name":"Comment","target":["https:\/\/pagina10.com\/web\/fallo-condenatorio-contra-hombre-que-ataco-con-un-hacha-a-su-companera-sentimental\/#respond"]}]},{"@type":"WebPage","@id":"https:\/\/pagina10.com\/web\/fallo-condenatorio-contra-hombre-que-ataco-con-un-hacha-a-su-companera-sentimental\/","url":"https:\/\/pagina10.com\/web\/fallo-condenatorio-contra-hombre-que-ataco-con-un-hacha-a-su-companera-sentimental\/","name":"Fallo condenatorio contra hombre que atac\u00f3 con un hacha a su compa\u00f1era sentimental | P\u00e1gina10","isPartOf":{"@id":"https:\/\/pagina10.com\/web\/#website"},"primaryImageOfPage":{"@id":"https:\/\/pagina10.com\/web\/fallo-condenatorio-contra-hombre-que-ataco-con-un-hacha-a-su-companera-sentimental\/#primaryimage"},"image":{"@id":"https:\/\/pagina10.com\/web\/fallo-condenatorio-contra-hombre-que-ataco-con-un-hacha-a-su-companera-sentimental\/#primaryimage"},"thumbnailUrl":"https:\/\/pagina10.com\/web\/wp-content\/uploads\/2022\/06\/Captura-de-Pantalla-2022-06-04-a-las-9.32.12-p.-m..png","datePublished":"2022-06-05T02:32:42+00:00","breadcrumb":{"@id":"https:\/\/pagina10.com\/web\/fallo-condenatorio-contra-hombre-que-ataco-con-un-hacha-a-su-companera-sentimental\/#breadcrumb"},"inLanguage":"es","potentialAction":[{"@type":"ReadAction","target":["https:\/\/pagina10.com\/web\/fallo-condenatorio-contra-hombre-que-ataco-con-un-hacha-a-su-companera-sentimental\/"]}]},{"@type":"ImageObject","inLanguage":"es","@id":"https:\/\/pagina10.com\/web\/fallo-condenatorio-contra-hombre-que-ataco-con-un-hacha-a-su-companera-sentimental\/#primaryimage","url":"https:\/\/pagina10.com\/web\/wp-content\/uploads\/2022\/06\/Captura-de-Pantalla-2022-06-04-a-las-9.32.12-p.-m..png","contentUrl":"https:\/\/pagina10.com\/web\/wp-content\/uploads\/2022\/06\/Captura-de-Pantalla-2022-06-04-a-las-9.32.12-p.-m..png","width":539,"height":412},{"@type":"BreadcrumbList","@id":"https:\/\/pagina10.com\/web\/fallo-condenatorio-contra-hombre-que-ataco-con-un-hacha-a-su-companera-sentimental\/#breadcrumb","itemListElement":[{"@type":"ListItem","position":1,"name":"Portada","item":"https:\/\/pagina10.com\/web\/"},{"@type":"ListItem","position":2,"name":"Fallo condenatorio contra hombre que atac\u00f3 con un hacha a su compa\u00f1era sentimental"}]},{"@type":"WebSite","@id":"https:\/\/pagina10.com\/web\/#website","url":"https:\/\/pagina10.com\/web\/","name":"P\u00e1gina10","description":"Peri\u00f3dico Regional","publisher":{"@id":"https:\/\/pagina10.com\/web\/#organization"},"alternateName":"P\u00e1gina10 Peri\u00f3dico Regional","potentialAction":[{"@type":"SearchAction","target":{"@type":"EntryPoint","urlTemplate":"https:\/\/pagina10.com\/web\/?s={search_term_string}"},"query-input":{"@type":"PropertyValueSpecification","valueRequired":true,"valueName":"search_term_string"}}],"inLanguage":"es"},{"@type":"Organization","@id":"https:\/\/pagina10.com\/web\/#organization","name":"P\u00e1gina10","alternateName":"P\u00e1gina10 Peri\u00f3dico Regional","url":"https:\/\/pagina10.com\/web\/","logo":{"@type":"ImageObject","inLanguage":"es","@id":"https:\/\/pagina10.com\/web\/#\/schema\/logo\/image\/","url":"https:\/\/pagina10.com\/web\/wp-content\/uploads\/2024\/01\/40-pagina-10-periodico-regional-pasto.jpg","contentUrl":"https:\/\/pagina10.com\/web\/wp-content\/uploads\/2024\/01\/40-pagina-10-periodico-regional-pasto.jpg","width":1280,"height":720,"caption":"P\u00e1gina10"},"image":{"@id":"https:\/\/pagina10.com\/web\/#\/schema\/logo\/image\/"},"sameAs":["https:\/\/www.facebook.com\/pag10com","https:\/\/x.com\/Pag10com","https:\/\/www.instagram.com\/pagina10col\/","https:\/\/youtube.com\/channel\/pag10","https:\/\/www.tiktok.com\/@p10col"]},{"@type":"Person","@id":"https:\/\/pagina10.com\/web\/#\/schema\/person\/2efc4a090d25b667d3bc796798a3a81b","name":"P\u00e1gina 10","description":"P\u00e1gina 10 es un peri\u00f3dico regional que nace en Colombia, en el departamento de Nari\u00f1o, con un enfoque global, fundamentado en cuatro pilares esenciales: la libertad, el pluralismo, la inclusi\u00f3n y la independencia. P\u00e1gina 10 hace referencia a Nari\u00f1o como el d\u00e9cimo departamento creado en Colombia, despu\u00e9s de un proceso pol\u00edtico liderado por actores y actrices regionales con el fin de obtener la independencia y autonom\u00eda de nuestros territorios. Con la creaci\u00f3n de P\u00e1gina 10 se pretende abrir un escenario para el dialogo, la reflexi\u00f3n y el debate que se extienda a otras geograf\u00edas de Am\u00e9rica Latina y del planeta, en una apuesta por transformar colectivamente los desaf\u00edos de un mundo contempor\u00e1neo, m\u00e1s all\u00e1 de las fronteras impuestas.","url":"https:\/\/pagina10.com\/web\/author\/pdiezadmin\/"}]}},"_links":{"self":[{"href":"https:\/\/pagina10.com\/web\/wp-json\/wp\/v2\/posts\/59639","targetHints":{"allow":["GET"]}}],"collection":[{"href":"https:\/\/pagina10.com\/web\/wp-json\/wp\/v2\/posts"}],"about":[{"href":"https:\/\/pagina10.com\/web\/wp-json\/wp\/v2\/types\/post"}],"author":[{"embeddable":true,"href":"https:\/\/pagina10.com\/web\/wp-json\/wp\/v2\/users\/1"}],"replies":[{"embeddable":true,"href":"https:\/\/pagina10.com\/web\/wp-json\/wp\/v2\/comments?post=59639"}],"version-history":[{"count":1,"href":"https:\/\/pagina10.com\/web\/wp-json\/wp\/v2\/posts\/59639\/revisions"}],"predecessor-version":[{"id":59641,"href":"https:\/\/pagina10.com\/web\/wp-json\/wp\/v2\/posts\/59639\/revisions\/59641"}],"wp:featuredmedia":[{"embeddable":true,"href":"https:\/\/pagina10.com\/web\/wp-json\/wp\/v2\/media\/59640"}],"wp:attachment":[{"href":"https:\/\/pagina10.com\/web\/wp-json\/wp\/v2\/media?parent=59639"}],"wp:term":[{"taxonomy":"category","embeddable":true,"href":"https:\/\/pagina10.com\/web\/wp-json\/wp\/v2\/categories?post=59639"},{"taxonomy":"post_tag","embeddable":true,"href":"https:\/\/pagina10.com\/web\/wp-json\/wp\/v2\/tags?post=59639"}],"curies":[{"name":"wp","href":"https:\/\/api.w.org\/{rel}","templated":true}]}}