{"id":59666,"date":"2022-06-06T23:00:55","date_gmt":"2022-06-07T04:00:55","guid":{"rendered":"https:\/\/pagina10.com\/web\/?p=59666"},"modified":"2022-06-06T23:00:55","modified_gmt":"2022-06-07T04:00:55","slug":"tragedia-en-el-rio-patia-soldado-murio-ahogado","status":"publish","type":"post","link":"https:\/\/pagina10.com\/web\/tragedia-en-el-rio-patia-soldado-murio-ahogado\/","title":{"rendered":"Tragedia en el r\u00edo Pat\u00eda, soldado muri\u00f3 ahogado"},"content":{"rendered":"<p style=\"text-align: justify;\">Como William Jos\u00e9 D\u00edaz Vitola de 24 a\u00f1os, fue identificado el militar que falleci\u00f3 el fin de semana ahogado luego de caer al r\u00edo Pat\u00eda mientras realizaban patrullajes en la vereda Mojarrera del municipio de Olaya Herrera. El uniformado era oriundo de Tol\u00fa en el departamento de Sucre, hasta donde fueron trasladados sus restos mortales.<\/p>\n<p style=\"text-align: justify;\">Los hechos en los cuales ocurri\u00f3 la tragedia son materia de investigaci\u00f3n por parte de las autoridades competentes. Sin embargo, se conoci\u00f3 que el peso del equipo y del material de intendencia que portaba, impidi\u00f3 que pudiera salir a flote pereciendo en las turbulentas aguas.<\/p>\n<p style=\"text-align: justify;\">El cuerpo del uniformado adscrito al Batall\u00f3n de Operaciones Terrestres No. 16, fue hallado por unidades de la Armada Nacional despu\u00e9s de 24 horas del accidente en la vereda Soledad del mismo municipio. Ante lo ocurrido, el Comando de Tarea Conjunta de Estabilizaci\u00f3n y Consolidaci\u00f3n \u2018H\u00e9rcules\u2019, lament\u00f3 lo ocurrido con el siguiente mensaje:<\/p>\n<p style=\"text-align: justify;\">\u201cExtendemos un mensaje de condolencia y acompa\u00f1amiento a los familiares y amigos de nuestro h\u00e9roe quien ofrend\u00f3 su vida en el cumplimiento del deber constitucional\u201d.<\/p>\n","protected":false},"excerpt":{"rendered":"<p>Como William Jos\u00e9 D\u00edaz Vitola de 24 a\u00f1os, fue identificado el militar que falleci\u00f3 el fin de semana ahogado luego de caer al r\u00edo Pat\u00eda mientras realizaban patrullajes en la vereda Mojarrera del municipio de Olaya Herrera. El uniformado era oriundo de Tol\u00fa en el departamento de Sucre, hasta donde fueron trasladados sus restos mortales. [&hellip;]<\/p>\n","protected":false},"author":1,"featured_media":59667,"comment_status":"open","ping_status":"open","sticky":false,"template":"","format":"standard","meta":{"footnotes":""},"categories":[61],"tags":[],"class_list":["post-59666","post","type-post","status-publish","format-standard","has-post-thumbnail","hentry","category-judicial"],"yoast_head":"<!-- This site is optimized with the Yoast SEO plugin v27.1.1 - https:\/\/yoast.com\/product\/yoast-seo-wordpress\/ -->\n<title>Tragedia en el r\u00edo Pat\u00eda, soldado muri\u00f3 ahogado | P\u00e1gina10<\/title>\n<meta name=\"robots\" content=\"index, follow, max-snippet:-1, max-image-preview:large, max-video-preview:-1\" \/>\n<link rel=\"canonical\" href=\"https:\/\/pagina10.com\/web\/tragedia-en-el-rio-patia-soldado-murio-ahogado\/\" \/>\n<meta property=\"og:locale\" content=\"es_ES\" \/>\n<meta property=\"og:type\" content=\"article\" \/>\n<meta property=\"og:title\" content=\"Tragedia en el r\u00edo Pat\u00eda, soldado muri\u00f3 ahogado | P\u00e1gina10\" \/>\n<meta property=\"og:description\" content=\"Como William Jos\u00e9 D\u00edaz Vitola de 24 a\u00f1os, fue identificado el militar que falleci\u00f3 el fin de semana ahogado luego de caer al r\u00edo Pat\u00eda mientras realizaban patrullajes en la vereda Mojarrera del municipio de Olaya Herrera. El uniformado era oriundo de Tol\u00fa en el departamento de Sucre, hasta donde fueron trasladados sus restos mortales. [&hellip;]\" \/>\n<meta property=\"og:url\" content=\"https:\/\/pagina10.com\/web\/tragedia-en-el-rio-patia-soldado-murio-ahogado\/\" \/>\n<meta property=\"og:site_name\" content=\"P\u00e1gina10\" \/>\n<meta property=\"article:publisher\" content=\"https:\/\/www.facebook.com\/pag10com\" \/>\n<meta property=\"article:published_time\" content=\"2022-06-07T04:00:55+00:00\" \/>\n<meta property=\"og:image\" content=\"https:\/\/pagina10.com\/web\/wp-content\/uploads\/2022\/06\/rio-pat-2.jpg\" \/>\n\t<meta property=\"og:image:width\" content=\"626\" \/>\n\t<meta property=\"og:image:height\" content=\"468\" \/>\n\t<meta property=\"og:image:type\" content=\"image\/jpeg\" \/>\n<meta name=\"author\" content=\"P\u00e1gina 10\" \/>\n<meta name=\"twitter:card\" content=\"summary_large_image\" \/>\n<meta name=\"twitter:creator\" content=\"@Pag10com\" \/>\n<meta name=\"twitter:site\" content=\"@Pag10com\" \/>\n<meta name=\"twitter:label1\" content=\"Escrito por\" \/>\n\t<meta name=\"twitter:data1\" content=\"P\u00e1gina 10\" \/>\n\t<meta name=\"twitter:label2\" content=\"Tiempo de lectura\" \/>\n\t<meta name=\"twitter:data2\" content=\"1 minuto\" \/>\n<script type=\"application\/ld+json\" class=\"yoast-schema-graph\">{\"@context\":\"https:\/\/schema.org\",\"@graph\":[{\"@type\":\"Article\",\"@id\":\"https:\/\/pagina10.com\/web\/tragedia-en-el-rio-patia-soldado-murio-ahogado\/#article\",\"isPartOf\":{\"@id\":\"https:\/\/pagina10.com\/web\/tragedia-en-el-rio-patia-soldado-murio-ahogado\/\"},\"author\":{\"name\":\"P\u00e1gina 10\",\"@id\":\"https:\/\/pagina10.com\/web\/#\/schema\/person\/2efc4a090d25b667d3bc796798a3a81b\"},\"headline\":\"Tragedia en el r\u00edo Pat\u00eda, soldado muri\u00f3 ahogado\",\"datePublished\":\"2022-06-07T04:00:55+00:00\",\"mainEntityOfPage\":{\"@id\":\"https:\/\/pagina10.com\/web\/tragedia-en-el-rio-patia-soldado-murio-ahogado\/\"},\"wordCount\":197,\"commentCount\":0,\"publisher\":{\"@id\":\"https:\/\/pagina10.com\/web\/#organization\"},\"image\":{\"@id\":\"https:\/\/pagina10.com\/web\/tragedia-en-el-rio-patia-soldado-murio-ahogado\/#primaryimage\"},\"thumbnailUrl\":\"https:\/\/pagina10.com\/web\/wp-content\/uploads\/2022\/06\/rio-pat-2.jpg\",\"articleSection\":[\"Judicial\"],\"inLanguage\":\"es\",\"potentialAction\":[{\"@type\":\"CommentAction\",\"name\":\"Comment\",\"target\":[\"https:\/\/pagina10.com\/web\/tragedia-en-el-rio-patia-soldado-murio-ahogado\/#respond\"]}]},{\"@type\":\"WebPage\",\"@id\":\"https:\/\/pagina10.com\/web\/tragedia-en-el-rio-patia-soldado-murio-ahogado\/\",\"url\":\"https:\/\/pagina10.com\/web\/tragedia-en-el-rio-patia-soldado-murio-ahogado\/\",\"name\":\"Tragedia en el r\u00edo Pat\u00eda, soldado muri\u00f3 ahogado | P\u00e1gina10\",\"isPartOf\":{\"@id\":\"https:\/\/pagina10.com\/web\/#website\"},\"primaryImageOfPage\":{\"@id\":\"https:\/\/pagina10.com\/web\/tragedia-en-el-rio-patia-soldado-murio-ahogado\/#primaryimage\"},\"image\":{\"@id\":\"https:\/\/pagina10.com\/web\/tragedia-en-el-rio-patia-soldado-murio-ahogado\/#primaryimage\"},\"thumbnailUrl\":\"https:\/\/pagina10.com\/web\/wp-content\/uploads\/2022\/06\/rio-pat-2.jpg\",\"datePublished\":\"2022-06-07T04:00:55+00:00\",\"breadcrumb\":{\"@id\":\"https:\/\/pagina10.com\/web\/tragedia-en-el-rio-patia-soldado-murio-ahogado\/#breadcrumb\"},\"inLanguage\":\"es\",\"potentialAction\":[{\"@type\":\"ReadAction\",\"target\":[\"https:\/\/pagina10.com\/web\/tragedia-en-el-rio-patia-soldado-murio-ahogado\/\"]}]},{\"@type\":\"ImageObject\",\"inLanguage\":\"es\",\"@id\":\"https:\/\/pagina10.com\/web\/tragedia-en-el-rio-patia-soldado-murio-ahogado\/#primaryimage\",\"url\":\"https:\/\/pagina10.com\/web\/wp-content\/uploads\/2022\/06\/rio-pat-2.jpg\",\"contentUrl\":\"https:\/\/pagina10.com\/web\/wp-content\/uploads\/2022\/06\/rio-pat-2.jpg\",\"width\":626,\"height\":468},{\"@type\":\"BreadcrumbList\",\"@id\":\"https:\/\/pagina10.com\/web\/tragedia-en-el-rio-patia-soldado-murio-ahogado\/#breadcrumb\",\"itemListElement\":[{\"@type\":\"ListItem\",\"position\":1,\"name\":\"Portada\",\"item\":\"https:\/\/pagina10.com\/web\/\"},{\"@type\":\"ListItem\",\"position\":2,\"name\":\"Tragedia en el r\u00edo Pat\u00eda, soldado muri\u00f3 ahogado\"}]},{\"@type\":\"WebSite\",\"@id\":\"https:\/\/pagina10.com\/web\/#website\",\"url\":\"https:\/\/pagina10.com\/web\/\",\"name\":\"P\u00e1gina10\",\"description\":\"Peri\u00f3dico Regional\",\"publisher\":{\"@id\":\"https:\/\/pagina10.com\/web\/#organization\"},\"alternateName\":\"P\u00e1gina10 Peri\u00f3dico Regional\",\"potentialAction\":[{\"@type\":\"SearchAction\",\"target\":{\"@type\":\"EntryPoint\",\"urlTemplate\":\"https:\/\/pagina10.com\/web\/?s={search_term_string}\"},\"query-input\":{\"@type\":\"PropertyValueSpecification\",\"valueRequired\":true,\"valueName\":\"search_term_string\"}}],\"inLanguage\":\"es\"},{\"@type\":\"Organization\",\"@id\":\"https:\/\/pagina10.com\/web\/#organization\",\"name\":\"P\u00e1gina10\",\"alternateName\":\"P\u00e1gina10 Peri\u00f3dico Regional\",\"url\":\"https:\/\/pagina10.com\/web\/\",\"logo\":{\"@type\":\"ImageObject\",\"inLanguage\":\"es\",\"@id\":\"https:\/\/pagina10.com\/web\/#\/schema\/logo\/image\/\",\"url\":\"https:\/\/pagina10.com\/web\/wp-content\/uploads\/2024\/01\/40-pagina-10-periodico-regional-pasto.jpg\",\"contentUrl\":\"https:\/\/pagina10.com\/web\/wp-content\/uploads\/2024\/01\/40-pagina-10-periodico-regional-pasto.jpg\",\"width\":1280,\"height\":720,\"caption\":\"P\u00e1gina10\"},\"image\":{\"@id\":\"https:\/\/pagina10.com\/web\/#\/schema\/logo\/image\/\"},\"sameAs\":[\"https:\/\/www.facebook.com\/pag10com\",\"https:\/\/x.com\/Pag10com\",\"https:\/\/www.instagram.com\/pagina10col\/\",\"https:\/\/youtube.com\/channel\/pag10\",\"https:\/\/www.tiktok.com\/@p10col\"]},{\"@type\":\"Person\",\"@id\":\"https:\/\/pagina10.com\/web\/#\/schema\/person\/2efc4a090d25b667d3bc796798a3a81b\",\"name\":\"P\u00e1gina 10\",\"description\":\"P\u00e1gina 10 es un peri\u00f3dico regional que nace en Colombia, en el departamento de Nari\u00f1o, con un enfoque global, fundamentado en cuatro pilares esenciales: la libertad, el pluralismo, la inclusi\u00f3n y la independencia. P\u00e1gina 10 hace referencia a Nari\u00f1o como el d\u00e9cimo departamento creado en Colombia, despu\u00e9s de un proceso pol\u00edtico liderado por actores y actrices regionales con el fin de obtener la independencia y autonom\u00eda de nuestros territorios. Con la creaci\u00f3n de P\u00e1gina 10 se pretende abrir un escenario para el dialogo, la reflexi\u00f3n y el debate que se extienda a otras geograf\u00edas de Am\u00e9rica Latina y del planeta, en una apuesta por transformar colectivamente los desaf\u00edos de un mundo contempor\u00e1neo, m\u00e1s all\u00e1 de las fronteras impuestas.\",\"url\":\"https:\/\/pagina10.com\/web\/author\/pdiezadmin\/\"}]}<\/script>\n<!-- \/ Yoast SEO plugin. -->","yoast_head_json":{"title":"Tragedia en el r\u00edo Pat\u00eda, soldado muri\u00f3 ahogado | P\u00e1gina10","robots":{"index":"index","follow":"follow","max-snippet":"max-snippet:-1","max-image-preview":"max-image-preview:large","max-video-preview":"max-video-preview:-1"},"canonical":"https:\/\/pagina10.com\/web\/tragedia-en-el-rio-patia-soldado-murio-ahogado\/","og_locale":"es_ES","og_type":"article","og_title":"Tragedia en el r\u00edo Pat\u00eda, soldado muri\u00f3 ahogado | P\u00e1gina10","og_description":"Como William Jos\u00e9 D\u00edaz Vitola de 24 a\u00f1os, fue identificado el militar que falleci\u00f3 el fin de semana ahogado luego de caer al r\u00edo Pat\u00eda mientras realizaban patrullajes en la vereda Mojarrera del municipio de Olaya Herrera. El uniformado era oriundo de Tol\u00fa en el departamento de Sucre, hasta donde fueron trasladados sus restos mortales. [&hellip;]","og_url":"https:\/\/pagina10.com\/web\/tragedia-en-el-rio-patia-soldado-murio-ahogado\/","og_site_name":"P\u00e1gina10","article_publisher":"https:\/\/www.facebook.com\/pag10com","article_published_time":"2022-06-07T04:00:55+00:00","og_image":[{"width":626,"height":468,"url":"https:\/\/pagina10.com\/web\/wp-content\/uploads\/2022\/06\/rio-pat-2.jpg","type":"image\/jpeg"}],"author":"P\u00e1gina 10","twitter_card":"summary_large_image","twitter_creator":"@Pag10com","twitter_site":"@Pag10com","twitter_misc":{"Escrito por":"P\u00e1gina 10","Tiempo de lectura":"1 minuto"},"schema":{"@context":"https:\/\/schema.org","@graph":[{"@type":"Article","@id":"https:\/\/pagina10.com\/web\/tragedia-en-el-rio-patia-soldado-murio-ahogado\/#article","isPartOf":{"@id":"https:\/\/pagina10.com\/web\/tragedia-en-el-rio-patia-soldado-murio-ahogado\/"},"author":{"name":"P\u00e1gina 10","@id":"https:\/\/pagina10.com\/web\/#\/schema\/person\/2efc4a090d25b667d3bc796798a3a81b"},"headline":"Tragedia en el r\u00edo Pat\u00eda, soldado muri\u00f3 ahogado","datePublished":"2022-06-07T04:00:55+00:00","mainEntityOfPage":{"@id":"https:\/\/pagina10.com\/web\/tragedia-en-el-rio-patia-soldado-murio-ahogado\/"},"wordCount":197,"commentCount":0,"publisher":{"@id":"https:\/\/pagina10.com\/web\/#organization"},"image":{"@id":"https:\/\/pagina10.com\/web\/tragedia-en-el-rio-patia-soldado-murio-ahogado\/#primaryimage"},"thumbnailUrl":"https:\/\/pagina10.com\/web\/wp-content\/uploads\/2022\/06\/rio-pat-2.jpg","articleSection":["Judicial"],"inLanguage":"es","potentialAction":[{"@type":"CommentAction","name":"Comment","target":["https:\/\/pagina10.com\/web\/tragedia-en-el-rio-patia-soldado-murio-ahogado\/#respond"]}]},{"@type":"WebPage","@id":"https:\/\/pagina10.com\/web\/tragedia-en-el-rio-patia-soldado-murio-ahogado\/","url":"https:\/\/pagina10.com\/web\/tragedia-en-el-rio-patia-soldado-murio-ahogado\/","name":"Tragedia en el r\u00edo Pat\u00eda, soldado muri\u00f3 ahogado | P\u00e1gina10","isPartOf":{"@id":"https:\/\/pagina10.com\/web\/#website"},"primaryImageOfPage":{"@id":"https:\/\/pagina10.com\/web\/tragedia-en-el-rio-patia-soldado-murio-ahogado\/#primaryimage"},"image":{"@id":"https:\/\/pagina10.com\/web\/tragedia-en-el-rio-patia-soldado-murio-ahogado\/#primaryimage"},"thumbnailUrl":"https:\/\/pagina10.com\/web\/wp-content\/uploads\/2022\/06\/rio-pat-2.jpg","datePublished":"2022-06-07T04:00:55+00:00","breadcrumb":{"@id":"https:\/\/pagina10.com\/web\/tragedia-en-el-rio-patia-soldado-murio-ahogado\/#breadcrumb"},"inLanguage":"es","potentialAction":[{"@type":"ReadAction","target":["https:\/\/pagina10.com\/web\/tragedia-en-el-rio-patia-soldado-murio-ahogado\/"]}]},{"@type":"ImageObject","inLanguage":"es","@id":"https:\/\/pagina10.com\/web\/tragedia-en-el-rio-patia-soldado-murio-ahogado\/#primaryimage","url":"https:\/\/pagina10.com\/web\/wp-content\/uploads\/2022\/06\/rio-pat-2.jpg","contentUrl":"https:\/\/pagina10.com\/web\/wp-content\/uploads\/2022\/06\/rio-pat-2.jpg","width":626,"height":468},{"@type":"BreadcrumbList","@id":"https:\/\/pagina10.com\/web\/tragedia-en-el-rio-patia-soldado-murio-ahogado\/#breadcrumb","itemListElement":[{"@type":"ListItem","position":1,"name":"Portada","item":"https:\/\/pagina10.com\/web\/"},{"@type":"ListItem","position":2,"name":"Tragedia en el r\u00edo Pat\u00eda, soldado muri\u00f3 ahogado"}]},{"@type":"WebSite","@id":"https:\/\/pagina10.com\/web\/#website","url":"https:\/\/pagina10.com\/web\/","name":"P\u00e1gina10","description":"Peri\u00f3dico Regional","publisher":{"@id":"https:\/\/pagina10.com\/web\/#organization"},"alternateName":"P\u00e1gina10 Peri\u00f3dico Regional","potentialAction":[{"@type":"SearchAction","target":{"@type":"EntryPoint","urlTemplate":"https:\/\/pagina10.com\/web\/?s={search_term_string}"},"query-input":{"@type":"PropertyValueSpecification","valueRequired":true,"valueName":"search_term_string"}}],"inLanguage":"es"},{"@type":"Organization","@id":"https:\/\/pagina10.com\/web\/#organization","name":"P\u00e1gina10","alternateName":"P\u00e1gina10 Peri\u00f3dico Regional","url":"https:\/\/pagina10.com\/web\/","logo":{"@type":"ImageObject","inLanguage":"es","@id":"https:\/\/pagina10.com\/web\/#\/schema\/logo\/image\/","url":"https:\/\/pagina10.com\/web\/wp-content\/uploads\/2024\/01\/40-pagina-10-periodico-regional-pasto.jpg","contentUrl":"https:\/\/pagina10.com\/web\/wp-content\/uploads\/2024\/01\/40-pagina-10-periodico-regional-pasto.jpg","width":1280,"height":720,"caption":"P\u00e1gina10"},"image":{"@id":"https:\/\/pagina10.com\/web\/#\/schema\/logo\/image\/"},"sameAs":["https:\/\/www.facebook.com\/pag10com","https:\/\/x.com\/Pag10com","https:\/\/www.instagram.com\/pagina10col\/","https:\/\/youtube.com\/channel\/pag10","https:\/\/www.tiktok.com\/@p10col"]},{"@type":"Person","@id":"https:\/\/pagina10.com\/web\/#\/schema\/person\/2efc4a090d25b667d3bc796798a3a81b","name":"P\u00e1gina 10","description":"P\u00e1gina 10 es un peri\u00f3dico regional que nace en Colombia, en el departamento de Nari\u00f1o, con un enfoque global, fundamentado en cuatro pilares esenciales: la libertad, el pluralismo, la inclusi\u00f3n y la independencia. P\u00e1gina 10 hace referencia a Nari\u00f1o como el d\u00e9cimo departamento creado en Colombia, despu\u00e9s de un proceso pol\u00edtico liderado por actores y actrices regionales con el fin de obtener la independencia y autonom\u00eda de nuestros territorios. Con la creaci\u00f3n de P\u00e1gina 10 se pretende abrir un escenario para el dialogo, la reflexi\u00f3n y el debate que se extienda a otras geograf\u00edas de Am\u00e9rica Latina y del planeta, en una apuesta por transformar colectivamente los desaf\u00edos de un mundo contempor\u00e1neo, m\u00e1s all\u00e1 de las fronteras impuestas.","url":"https:\/\/pagina10.com\/web\/author\/pdiezadmin\/"}]}},"_links":{"self":[{"href":"https:\/\/pagina10.com\/web\/wp-json\/wp\/v2\/posts\/59666","targetHints":{"allow":["GET"]}}],"collection":[{"href":"https:\/\/pagina10.com\/web\/wp-json\/wp\/v2\/posts"}],"about":[{"href":"https:\/\/pagina10.com\/web\/wp-json\/wp\/v2\/types\/post"}],"author":[{"embeddable":true,"href":"https:\/\/pagina10.com\/web\/wp-json\/wp\/v2\/users\/1"}],"replies":[{"embeddable":true,"href":"https:\/\/pagina10.com\/web\/wp-json\/wp\/v2\/comments?post=59666"}],"version-history":[{"count":1,"href":"https:\/\/pagina10.com\/web\/wp-json\/wp\/v2\/posts\/59666\/revisions"}],"predecessor-version":[{"id":59668,"href":"https:\/\/pagina10.com\/web\/wp-json\/wp\/v2\/posts\/59666\/revisions\/59668"}],"wp:featuredmedia":[{"embeddable":true,"href":"https:\/\/pagina10.com\/web\/wp-json\/wp\/v2\/media\/59667"}],"wp:attachment":[{"href":"https:\/\/pagina10.com\/web\/wp-json\/wp\/v2\/media?parent=59666"}],"wp:term":[{"taxonomy":"category","embeddable":true,"href":"https:\/\/pagina10.com\/web\/wp-json\/wp\/v2\/categories?post=59666"},{"taxonomy":"post_tag","embeddable":true,"href":"https:\/\/pagina10.com\/web\/wp-json\/wp\/v2\/tags?post=59666"}],"curies":[{"name":"wp","href":"https:\/\/api.w.org\/{rel}","templated":true}]}}