{"id":59675,"date":"2022-06-07T14:45:11","date_gmt":"2022-06-07T19:45:11","guid":{"rendered":"https:\/\/pagina10.com\/web\/?p=59675"},"modified":"2022-06-07T14:45:11","modified_gmt":"2022-06-07T19:45:11","slug":"en-pasto-capturaron-a-tres-personas-por-porte-de-estupefacientes","status":"publish","type":"post","link":"https:\/\/pagina10.com\/web\/en-pasto-capturaron-a-tres-personas-por-porte-de-estupefacientes\/","title":{"rendered":"En Pasto capturaron a tres personas por porte de estupefacientes"},"content":{"rendered":"<p style=\"text-align: justify;\">El primer hecho se registr\u00f3 en el barrio Nueva Aranda del municipio de Pasto, donde unidades del CAI Praga atendieron el llamado de residentes del sector quienes denunciaban la presencia sospechosa de un hombre. Al llegar al sitio, descubrieron a Di\u00f3genes Trejos a quien en medio de una inspecci\u00f3n personal le fueron hallados 50 gramos de basuco.<\/p>\n<p style=\"text-align: justify;\">Posteriormente, en el barrio Palermo y con el apoyo de una auxiliar de Polic\u00eda, unidades del CAI Morasurco capturaron en flagrancia a Sebasti\u00e1n Figueroa Portilla quien escond\u00eda en su chaqueta dos bolsas pl\u00e1sticas con tusi o coca\u00edna rosada. Finalmente, en una v\u00eda del barrio Coraz\u00f3n de Jes\u00fas fue capturado Iles Ceballos, quien portaba 22 papeletas de basuco.<\/p>\n<p style=\"text-align: justify;\">Estas personas quedaron a disposici\u00f3n de las autoridades competentes donde deber\u00e1n responder por el delito de tr\u00e1fico, fabricaci\u00f3n o porte de estupefacientes. Seg\u00fan el c\u00f3digo penal, la condena podr\u00eda ser de 64 a 108 meses de prisi\u00f3n y multa de dos a 150 salarios m\u00ednimos legales mensuales vigentes en caso de ser encontrados culpables del il\u00edcito.<\/p>\n","protected":false},"excerpt":{"rendered":"<p>El primer hecho se registr\u00f3 en el barrio Nueva Aranda del municipio de Pasto, donde unidades del CAI Praga atendieron el llamado de residentes del sector quienes denunciaban la presencia sospechosa de un hombre. Al llegar al sitio, descubrieron a Di\u00f3genes Trejos a quien en medio de una inspecci\u00f3n personal le fueron hallados 50 gramos [&hellip;]<\/p>\n","protected":false},"author":1,"featured_media":59676,"comment_status":"open","ping_status":"open","sticky":false,"template":"","format":"standard","meta":{"footnotes":""},"categories":[61],"tags":[],"class_list":["post-59675","post","type-post","status-publish","format-standard","has-post-thumbnail","hentry","category-judicial"],"yoast_head":"<!-- This site is optimized with the Yoast SEO plugin v27.1.1 - https:\/\/yoast.com\/product\/yoast-seo-wordpress\/ -->\n<title>En Pasto capturaron a tres personas por porte de estupefacientes | P\u00e1gina10<\/title>\n<meta name=\"robots\" content=\"index, follow, max-snippet:-1, max-image-preview:large, max-video-preview:-1\" \/>\n<link rel=\"canonical\" href=\"https:\/\/pagina10.com\/web\/en-pasto-capturaron-a-tres-personas-por-porte-de-estupefacientes\/\" \/>\n<meta property=\"og:locale\" content=\"es_ES\" \/>\n<meta property=\"og:type\" content=\"article\" \/>\n<meta property=\"og:title\" content=\"En Pasto capturaron a tres personas por porte de estupefacientes | P\u00e1gina10\" \/>\n<meta property=\"og:description\" content=\"El primer hecho se registr\u00f3 en el barrio Nueva Aranda del municipio de Pasto, donde unidades del CAI Praga atendieron el llamado de residentes del sector quienes denunciaban la presencia sospechosa de un hombre. Al llegar al sitio, descubrieron a Di\u00f3genes Trejos a quien en medio de una inspecci\u00f3n personal le fueron hallados 50 gramos [&hellip;]\" \/>\n<meta property=\"og:url\" content=\"https:\/\/pagina10.com\/web\/en-pasto-capturaron-a-tres-personas-por-porte-de-estupefacientes\/\" \/>\n<meta property=\"og:site_name\" content=\"P\u00e1gina10\" \/>\n<meta property=\"article:publisher\" content=\"https:\/\/www.facebook.com\/pag10com\" \/>\n<meta property=\"article:published_time\" content=\"2022-06-07T19:45:11+00:00\" \/>\n<meta property=\"og:image\" content=\"https:\/\/pagina10.com\/web\/wp-content\/uploads\/2022\/06\/WhatsApp-Image-2022-06-06-at-7.27.53-PM.jpeg\" \/>\n\t<meta property=\"og:image:width\" content=\"1699\" \/>\n\t<meta property=\"og:image:height\" content=\"675\" \/>\n\t<meta property=\"og:image:type\" content=\"image\/jpeg\" \/>\n<meta name=\"author\" content=\"P\u00e1gina 10\" \/>\n<meta name=\"twitter:card\" content=\"summary_large_image\" \/>\n<meta name=\"twitter:creator\" content=\"@Pag10com\" \/>\n<meta name=\"twitter:site\" content=\"@Pag10com\" \/>\n<meta name=\"twitter:label1\" content=\"Escrito por\" \/>\n\t<meta name=\"twitter:data1\" content=\"P\u00e1gina 10\" \/>\n\t<meta name=\"twitter:label2\" content=\"Tiempo de lectura\" \/>\n\t<meta name=\"twitter:data2\" content=\"1 minuto\" \/>\n<script type=\"application\/ld+json\" class=\"yoast-schema-graph\">{\"@context\":\"https:\/\/schema.org\",\"@graph\":[{\"@type\":\"Article\",\"@id\":\"https:\/\/pagina10.com\/web\/en-pasto-capturaron-a-tres-personas-por-porte-de-estupefacientes\/#article\",\"isPartOf\":{\"@id\":\"https:\/\/pagina10.com\/web\/en-pasto-capturaron-a-tres-personas-por-porte-de-estupefacientes\/\"},\"author\":{\"name\":\"P\u00e1gina 10\",\"@id\":\"https:\/\/pagina10.com\/web\/#\/schema\/person\/2efc4a090d25b667d3bc796798a3a81b\"},\"headline\":\"En Pasto capturaron a tres personas por porte de estupefacientes\",\"datePublished\":\"2022-06-07T19:45:11+00:00\",\"mainEntityOfPage\":{\"@id\":\"https:\/\/pagina10.com\/web\/en-pasto-capturaron-a-tres-personas-por-porte-de-estupefacientes\/\"},\"wordCount\":195,\"commentCount\":0,\"publisher\":{\"@id\":\"https:\/\/pagina10.com\/web\/#organization\"},\"image\":{\"@id\":\"https:\/\/pagina10.com\/web\/en-pasto-capturaron-a-tres-personas-por-porte-de-estupefacientes\/#primaryimage\"},\"thumbnailUrl\":\"https:\/\/pagina10.com\/web\/wp-content\/uploads\/2022\/06\/WhatsApp-Image-2022-06-06-at-7.27.53-PM.jpeg\",\"articleSection\":[\"Judicial\"],\"inLanguage\":\"es\",\"potentialAction\":[{\"@type\":\"CommentAction\",\"name\":\"Comment\",\"target\":[\"https:\/\/pagina10.com\/web\/en-pasto-capturaron-a-tres-personas-por-porte-de-estupefacientes\/#respond\"]}]},{\"@type\":\"WebPage\",\"@id\":\"https:\/\/pagina10.com\/web\/en-pasto-capturaron-a-tres-personas-por-porte-de-estupefacientes\/\",\"url\":\"https:\/\/pagina10.com\/web\/en-pasto-capturaron-a-tres-personas-por-porte-de-estupefacientes\/\",\"name\":\"En Pasto capturaron a tres personas por porte de estupefacientes | P\u00e1gina10\",\"isPartOf\":{\"@id\":\"https:\/\/pagina10.com\/web\/#website\"},\"primaryImageOfPage\":{\"@id\":\"https:\/\/pagina10.com\/web\/en-pasto-capturaron-a-tres-personas-por-porte-de-estupefacientes\/#primaryimage\"},\"image\":{\"@id\":\"https:\/\/pagina10.com\/web\/en-pasto-capturaron-a-tres-personas-por-porte-de-estupefacientes\/#primaryimage\"},\"thumbnailUrl\":\"https:\/\/pagina10.com\/web\/wp-content\/uploads\/2022\/06\/WhatsApp-Image-2022-06-06-at-7.27.53-PM.jpeg\",\"datePublished\":\"2022-06-07T19:45:11+00:00\",\"breadcrumb\":{\"@id\":\"https:\/\/pagina10.com\/web\/en-pasto-capturaron-a-tres-personas-por-porte-de-estupefacientes\/#breadcrumb\"},\"inLanguage\":\"es\",\"potentialAction\":[{\"@type\":\"ReadAction\",\"target\":[\"https:\/\/pagina10.com\/web\/en-pasto-capturaron-a-tres-personas-por-porte-de-estupefacientes\/\"]}]},{\"@type\":\"ImageObject\",\"inLanguage\":\"es\",\"@id\":\"https:\/\/pagina10.com\/web\/en-pasto-capturaron-a-tres-personas-por-porte-de-estupefacientes\/#primaryimage\",\"url\":\"https:\/\/pagina10.com\/web\/wp-content\/uploads\/2022\/06\/WhatsApp-Image-2022-06-06-at-7.27.53-PM.jpeg\",\"contentUrl\":\"https:\/\/pagina10.com\/web\/wp-content\/uploads\/2022\/06\/WhatsApp-Image-2022-06-06-at-7.27.53-PM.jpeg\",\"width\":1699,\"height\":675},{\"@type\":\"BreadcrumbList\",\"@id\":\"https:\/\/pagina10.com\/web\/en-pasto-capturaron-a-tres-personas-por-porte-de-estupefacientes\/#breadcrumb\",\"itemListElement\":[{\"@type\":\"ListItem\",\"position\":1,\"name\":\"Portada\",\"item\":\"https:\/\/pagina10.com\/web\/\"},{\"@type\":\"ListItem\",\"position\":2,\"name\":\"En Pasto capturaron a tres personas por porte de estupefacientes\"}]},{\"@type\":\"WebSite\",\"@id\":\"https:\/\/pagina10.com\/web\/#website\",\"url\":\"https:\/\/pagina10.com\/web\/\",\"name\":\"P\u00e1gina10\",\"description\":\"Peri\u00f3dico Regional\",\"publisher\":{\"@id\":\"https:\/\/pagina10.com\/web\/#organization\"},\"alternateName\":\"P\u00e1gina10 Peri\u00f3dico Regional\",\"potentialAction\":[{\"@type\":\"SearchAction\",\"target\":{\"@type\":\"EntryPoint\",\"urlTemplate\":\"https:\/\/pagina10.com\/web\/?s={search_term_string}\"},\"query-input\":{\"@type\":\"PropertyValueSpecification\",\"valueRequired\":true,\"valueName\":\"search_term_string\"}}],\"inLanguage\":\"es\"},{\"@type\":\"Organization\",\"@id\":\"https:\/\/pagina10.com\/web\/#organization\",\"name\":\"P\u00e1gina10\",\"alternateName\":\"P\u00e1gina10 Peri\u00f3dico Regional\",\"url\":\"https:\/\/pagina10.com\/web\/\",\"logo\":{\"@type\":\"ImageObject\",\"inLanguage\":\"es\",\"@id\":\"https:\/\/pagina10.com\/web\/#\/schema\/logo\/image\/\",\"url\":\"https:\/\/pagina10.com\/web\/wp-content\/uploads\/2024\/01\/40-pagina-10-periodico-regional-pasto.jpg\",\"contentUrl\":\"https:\/\/pagina10.com\/web\/wp-content\/uploads\/2024\/01\/40-pagina-10-periodico-regional-pasto.jpg\",\"width\":1280,\"height\":720,\"caption\":\"P\u00e1gina10\"},\"image\":{\"@id\":\"https:\/\/pagina10.com\/web\/#\/schema\/logo\/image\/\"},\"sameAs\":[\"https:\/\/www.facebook.com\/pag10com\",\"https:\/\/x.com\/Pag10com\",\"https:\/\/www.instagram.com\/pagina10col\/\",\"https:\/\/youtube.com\/channel\/pag10\",\"https:\/\/www.tiktok.com\/@p10col\"]},{\"@type\":\"Person\",\"@id\":\"https:\/\/pagina10.com\/web\/#\/schema\/person\/2efc4a090d25b667d3bc796798a3a81b\",\"name\":\"P\u00e1gina 10\",\"description\":\"P\u00e1gina 10 es un peri\u00f3dico regional que nace en Colombia, en el departamento de Nari\u00f1o, con un enfoque global, fundamentado en cuatro pilares esenciales: la libertad, el pluralismo, la inclusi\u00f3n y la independencia. P\u00e1gina 10 hace referencia a Nari\u00f1o como el d\u00e9cimo departamento creado en Colombia, despu\u00e9s de un proceso pol\u00edtico liderado por actores y actrices regionales con el fin de obtener la independencia y autonom\u00eda de nuestros territorios. Con la creaci\u00f3n de P\u00e1gina 10 se pretende abrir un escenario para el dialogo, la reflexi\u00f3n y el debate que se extienda a otras geograf\u00edas de Am\u00e9rica Latina y del planeta, en una apuesta por transformar colectivamente los desaf\u00edos de un mundo contempor\u00e1neo, m\u00e1s all\u00e1 de las fronteras impuestas.\",\"url\":\"https:\/\/pagina10.com\/web\/author\/pdiezadmin\/\"}]}<\/script>\n<!-- \/ Yoast SEO plugin. -->","yoast_head_json":{"title":"En Pasto capturaron a tres personas por porte de estupefacientes | P\u00e1gina10","robots":{"index":"index","follow":"follow","max-snippet":"max-snippet:-1","max-image-preview":"max-image-preview:large","max-video-preview":"max-video-preview:-1"},"canonical":"https:\/\/pagina10.com\/web\/en-pasto-capturaron-a-tres-personas-por-porte-de-estupefacientes\/","og_locale":"es_ES","og_type":"article","og_title":"En Pasto capturaron a tres personas por porte de estupefacientes | P\u00e1gina10","og_description":"El primer hecho se registr\u00f3 en el barrio Nueva Aranda del municipio de Pasto, donde unidades del CAI Praga atendieron el llamado de residentes del sector quienes denunciaban la presencia sospechosa de un hombre. Al llegar al sitio, descubrieron a Di\u00f3genes Trejos a quien en medio de una inspecci\u00f3n personal le fueron hallados 50 gramos [&hellip;]","og_url":"https:\/\/pagina10.com\/web\/en-pasto-capturaron-a-tres-personas-por-porte-de-estupefacientes\/","og_site_name":"P\u00e1gina10","article_publisher":"https:\/\/www.facebook.com\/pag10com","article_published_time":"2022-06-07T19:45:11+00:00","og_image":[{"width":1699,"height":675,"url":"https:\/\/pagina10.com\/web\/wp-content\/uploads\/2022\/06\/WhatsApp-Image-2022-06-06-at-7.27.53-PM.jpeg","type":"image\/jpeg"}],"author":"P\u00e1gina 10","twitter_card":"summary_large_image","twitter_creator":"@Pag10com","twitter_site":"@Pag10com","twitter_misc":{"Escrito por":"P\u00e1gina 10","Tiempo de lectura":"1 minuto"},"schema":{"@context":"https:\/\/schema.org","@graph":[{"@type":"Article","@id":"https:\/\/pagina10.com\/web\/en-pasto-capturaron-a-tres-personas-por-porte-de-estupefacientes\/#article","isPartOf":{"@id":"https:\/\/pagina10.com\/web\/en-pasto-capturaron-a-tres-personas-por-porte-de-estupefacientes\/"},"author":{"name":"P\u00e1gina 10","@id":"https:\/\/pagina10.com\/web\/#\/schema\/person\/2efc4a090d25b667d3bc796798a3a81b"},"headline":"En Pasto capturaron a tres personas por porte de estupefacientes","datePublished":"2022-06-07T19:45:11+00:00","mainEntityOfPage":{"@id":"https:\/\/pagina10.com\/web\/en-pasto-capturaron-a-tres-personas-por-porte-de-estupefacientes\/"},"wordCount":195,"commentCount":0,"publisher":{"@id":"https:\/\/pagina10.com\/web\/#organization"},"image":{"@id":"https:\/\/pagina10.com\/web\/en-pasto-capturaron-a-tres-personas-por-porte-de-estupefacientes\/#primaryimage"},"thumbnailUrl":"https:\/\/pagina10.com\/web\/wp-content\/uploads\/2022\/06\/WhatsApp-Image-2022-06-06-at-7.27.53-PM.jpeg","articleSection":["Judicial"],"inLanguage":"es","potentialAction":[{"@type":"CommentAction","name":"Comment","target":["https:\/\/pagina10.com\/web\/en-pasto-capturaron-a-tres-personas-por-porte-de-estupefacientes\/#respond"]}]},{"@type":"WebPage","@id":"https:\/\/pagina10.com\/web\/en-pasto-capturaron-a-tres-personas-por-porte-de-estupefacientes\/","url":"https:\/\/pagina10.com\/web\/en-pasto-capturaron-a-tres-personas-por-porte-de-estupefacientes\/","name":"En Pasto capturaron a tres personas por porte de estupefacientes | P\u00e1gina10","isPartOf":{"@id":"https:\/\/pagina10.com\/web\/#website"},"primaryImageOfPage":{"@id":"https:\/\/pagina10.com\/web\/en-pasto-capturaron-a-tres-personas-por-porte-de-estupefacientes\/#primaryimage"},"image":{"@id":"https:\/\/pagina10.com\/web\/en-pasto-capturaron-a-tres-personas-por-porte-de-estupefacientes\/#primaryimage"},"thumbnailUrl":"https:\/\/pagina10.com\/web\/wp-content\/uploads\/2022\/06\/WhatsApp-Image-2022-06-06-at-7.27.53-PM.jpeg","datePublished":"2022-06-07T19:45:11+00:00","breadcrumb":{"@id":"https:\/\/pagina10.com\/web\/en-pasto-capturaron-a-tres-personas-por-porte-de-estupefacientes\/#breadcrumb"},"inLanguage":"es","potentialAction":[{"@type":"ReadAction","target":["https:\/\/pagina10.com\/web\/en-pasto-capturaron-a-tres-personas-por-porte-de-estupefacientes\/"]}]},{"@type":"ImageObject","inLanguage":"es","@id":"https:\/\/pagina10.com\/web\/en-pasto-capturaron-a-tres-personas-por-porte-de-estupefacientes\/#primaryimage","url":"https:\/\/pagina10.com\/web\/wp-content\/uploads\/2022\/06\/WhatsApp-Image-2022-06-06-at-7.27.53-PM.jpeg","contentUrl":"https:\/\/pagina10.com\/web\/wp-content\/uploads\/2022\/06\/WhatsApp-Image-2022-06-06-at-7.27.53-PM.jpeg","width":1699,"height":675},{"@type":"BreadcrumbList","@id":"https:\/\/pagina10.com\/web\/en-pasto-capturaron-a-tres-personas-por-porte-de-estupefacientes\/#breadcrumb","itemListElement":[{"@type":"ListItem","position":1,"name":"Portada","item":"https:\/\/pagina10.com\/web\/"},{"@type":"ListItem","position":2,"name":"En Pasto capturaron a tres personas por porte de estupefacientes"}]},{"@type":"WebSite","@id":"https:\/\/pagina10.com\/web\/#website","url":"https:\/\/pagina10.com\/web\/","name":"P\u00e1gina10","description":"Peri\u00f3dico Regional","publisher":{"@id":"https:\/\/pagina10.com\/web\/#organization"},"alternateName":"P\u00e1gina10 Peri\u00f3dico Regional","potentialAction":[{"@type":"SearchAction","target":{"@type":"EntryPoint","urlTemplate":"https:\/\/pagina10.com\/web\/?s={search_term_string}"},"query-input":{"@type":"PropertyValueSpecification","valueRequired":true,"valueName":"search_term_string"}}],"inLanguage":"es"},{"@type":"Organization","@id":"https:\/\/pagina10.com\/web\/#organization","name":"P\u00e1gina10","alternateName":"P\u00e1gina10 Peri\u00f3dico Regional","url":"https:\/\/pagina10.com\/web\/","logo":{"@type":"ImageObject","inLanguage":"es","@id":"https:\/\/pagina10.com\/web\/#\/schema\/logo\/image\/","url":"https:\/\/pagina10.com\/web\/wp-content\/uploads\/2024\/01\/40-pagina-10-periodico-regional-pasto.jpg","contentUrl":"https:\/\/pagina10.com\/web\/wp-content\/uploads\/2024\/01\/40-pagina-10-periodico-regional-pasto.jpg","width":1280,"height":720,"caption":"P\u00e1gina10"},"image":{"@id":"https:\/\/pagina10.com\/web\/#\/schema\/logo\/image\/"},"sameAs":["https:\/\/www.facebook.com\/pag10com","https:\/\/x.com\/Pag10com","https:\/\/www.instagram.com\/pagina10col\/","https:\/\/youtube.com\/channel\/pag10","https:\/\/www.tiktok.com\/@p10col"]},{"@type":"Person","@id":"https:\/\/pagina10.com\/web\/#\/schema\/person\/2efc4a090d25b667d3bc796798a3a81b","name":"P\u00e1gina 10","description":"P\u00e1gina 10 es un peri\u00f3dico regional que nace en Colombia, en el departamento de Nari\u00f1o, con un enfoque global, fundamentado en cuatro pilares esenciales: la libertad, el pluralismo, la inclusi\u00f3n y la independencia. P\u00e1gina 10 hace referencia a Nari\u00f1o como el d\u00e9cimo departamento creado en Colombia, despu\u00e9s de un proceso pol\u00edtico liderado por actores y actrices regionales con el fin de obtener la independencia y autonom\u00eda de nuestros territorios. Con la creaci\u00f3n de P\u00e1gina 10 se pretende abrir un escenario para el dialogo, la reflexi\u00f3n y el debate que se extienda a otras geograf\u00edas de Am\u00e9rica Latina y del planeta, en una apuesta por transformar colectivamente los desaf\u00edos de un mundo contempor\u00e1neo, m\u00e1s all\u00e1 de las fronteras impuestas.","url":"https:\/\/pagina10.com\/web\/author\/pdiezadmin\/"}]}},"_links":{"self":[{"href":"https:\/\/pagina10.com\/web\/wp-json\/wp\/v2\/posts\/59675","targetHints":{"allow":["GET"]}}],"collection":[{"href":"https:\/\/pagina10.com\/web\/wp-json\/wp\/v2\/posts"}],"about":[{"href":"https:\/\/pagina10.com\/web\/wp-json\/wp\/v2\/types\/post"}],"author":[{"embeddable":true,"href":"https:\/\/pagina10.com\/web\/wp-json\/wp\/v2\/users\/1"}],"replies":[{"embeddable":true,"href":"https:\/\/pagina10.com\/web\/wp-json\/wp\/v2\/comments?post=59675"}],"version-history":[{"count":1,"href":"https:\/\/pagina10.com\/web\/wp-json\/wp\/v2\/posts\/59675\/revisions"}],"predecessor-version":[{"id":59677,"href":"https:\/\/pagina10.com\/web\/wp-json\/wp\/v2\/posts\/59675\/revisions\/59677"}],"wp:featuredmedia":[{"embeddable":true,"href":"https:\/\/pagina10.com\/web\/wp-json\/wp\/v2\/media\/59676"}],"wp:attachment":[{"href":"https:\/\/pagina10.com\/web\/wp-json\/wp\/v2\/media?parent=59675"}],"wp:term":[{"taxonomy":"category","embeddable":true,"href":"https:\/\/pagina10.com\/web\/wp-json\/wp\/v2\/categories?post=59675"},{"taxonomy":"post_tag","embeddable":true,"href":"https:\/\/pagina10.com\/web\/wp-json\/wp\/v2\/tags?post=59675"}],"curies":[{"name":"wp","href":"https:\/\/api.w.org\/{rel}","templated":true}]}}