{"id":59681,"date":"2022-06-07T16:09:09","date_gmt":"2022-06-07T21:09:09","guid":{"rendered":"https:\/\/pagina10.com\/web\/?p=59681"},"modified":"2022-06-07T16:09:09","modified_gmt":"2022-06-07T21:09:09","slug":"seis-capturados-y-cinco-celulares-recuperados-tras-operativos-contra-el-hurto-en-pasto","status":"publish","type":"post","link":"https:\/\/pagina10.com\/web\/seis-capturados-y-cinco-celulares-recuperados-tras-operativos-contra-el-hurto-en-pasto\/","title":{"rendered":"Seis capturados y cinco celulares recuperados tras operativos contra el hurto en Pasto"},"content":{"rendered":"<p class=\"MsoNormal\" style=\"text-align: justify;\">Los hechos se reportaron en los barrios Bellavista, El Pilar y el mercado El Potrerillo. All\u00ed fueron capturados \u2018El Puma\u2019 o \u2018Venequito\u2019, Leyder Alexander Erazo, Edwin Alexander Rosero, Luis Fernando Mu\u00f1oz y Fredy Villota. A estas personas les fueron hallados celulares reportados por hurto.<\/p>\n<p class=\"MsoNormal\" style=\"text-align: justify;\">Igualmente, durante los operativos fue capturado Dar\u00edo Rodr\u00edguez Rosero alias Krosty, quien seg\u00fan las autoridades, asalt\u00f3 a una menor de 15 a\u00f1os a la que amenaz\u00f3 con un cuchillo para robarle su tel\u00e9fono avaluado en un mill\u00f3n y medio de pesos. El individuo fue interceptado por unidades de la Polic\u00eda mientras se escond\u00eda en una vivienda de la carrera s\u00e9ptima en el barrio Popular.<\/p>\n<p class=\"MsoNormal\" style=\"text-align: justify;\">Los primeros cinco capturados fueron presentados ante la Fiscal\u00eda de turno por el delito de receptaci\u00f3n, mientras que \u2018Krosty\u2019 deber\u00e1 responder ante la autoridad competente por el delito de hurto agravado.<\/p>\n","protected":false},"excerpt":{"rendered":"<p>Los hechos se reportaron en los barrios Bellavista, El Pilar y el mercado El Potrerillo. All\u00ed fueron capturados \u2018El Puma\u2019 o \u2018Venequito\u2019, Leyder Alexander Erazo, Edwin Alexander Rosero, Luis Fernando Mu\u00f1oz y Fredy Villota. A estas personas les fueron hallados celulares reportados por hurto. Igualmente, durante los operativos fue capturado Dar\u00edo Rodr\u00edguez Rosero alias Krosty, [&hellip;]<\/p>\n","protected":false},"author":1,"featured_media":59682,"comment_status":"open","ping_status":"open","sticky":false,"template":"","format":"standard","meta":{"footnotes":""},"categories":[61],"tags":[],"class_list":["post-59681","post","type-post","status-publish","format-standard","has-post-thumbnail","hentry","category-judicial"],"yoast_head":"<!-- This site is optimized with the Yoast SEO plugin v27.1.1 - https:\/\/yoast.com\/product\/yoast-seo-wordpress\/ -->\n<title>Seis capturados y cinco celulares recuperados tras operativos contra el hurto en Pasto | P\u00e1gina10<\/title>\n<meta name=\"robots\" content=\"index, follow, max-snippet:-1, max-image-preview:large, max-video-preview:-1\" \/>\n<link rel=\"canonical\" href=\"https:\/\/pagina10.com\/web\/seis-capturados-y-cinco-celulares-recuperados-tras-operativos-contra-el-hurto-en-pasto\/\" \/>\n<meta property=\"og:locale\" content=\"es_ES\" \/>\n<meta property=\"og:type\" content=\"article\" \/>\n<meta property=\"og:title\" content=\"Seis capturados y cinco celulares recuperados tras operativos contra el hurto en Pasto | P\u00e1gina10\" \/>\n<meta property=\"og:description\" content=\"Los hechos se reportaron en los barrios Bellavista, El Pilar y el mercado El Potrerillo. All\u00ed fueron capturados \u2018El Puma\u2019 o \u2018Venequito\u2019, Leyder Alexander Erazo, Edwin Alexander Rosero, Luis Fernando Mu\u00f1oz y Fredy Villota. A estas personas les fueron hallados celulares reportados por hurto. Igualmente, durante los operativos fue capturado Dar\u00edo Rodr\u00edguez Rosero alias Krosty, [&hellip;]\" \/>\n<meta property=\"og:url\" content=\"https:\/\/pagina10.com\/web\/seis-capturados-y-cinco-celulares-recuperados-tras-operativos-contra-el-hurto-en-pasto\/\" \/>\n<meta property=\"og:site_name\" content=\"P\u00e1gina10\" \/>\n<meta property=\"article:publisher\" content=\"https:\/\/www.facebook.com\/pag10com\" \/>\n<meta property=\"article:published_time\" content=\"2022-06-07T21:09:09+00:00\" \/>\n<meta property=\"og:image\" content=\"https:\/\/pagina10.com\/web\/wp-content\/uploads\/2022\/06\/59c97085ee3d3.jpeg\" \/>\n\t<meta property=\"og:image:width\" content=\"640\" \/>\n\t<meta property=\"og:image:height\" content=\"428\" \/>\n\t<meta property=\"og:image:type\" content=\"image\/jpeg\" \/>\n<meta name=\"author\" content=\"P\u00e1gina 10\" \/>\n<meta name=\"twitter:card\" content=\"summary_large_image\" \/>\n<meta name=\"twitter:creator\" content=\"@Pag10com\" \/>\n<meta name=\"twitter:site\" content=\"@Pag10com\" \/>\n<meta name=\"twitter:label1\" content=\"Escrito por\" \/>\n\t<meta name=\"twitter:data1\" content=\"P\u00e1gina 10\" \/>\n\t<meta name=\"twitter:label2\" content=\"Tiempo de lectura\" \/>\n\t<meta name=\"twitter:data2\" content=\"1 minuto\" \/>\n<script type=\"application\/ld+json\" class=\"yoast-schema-graph\">{\"@context\":\"https:\/\/schema.org\",\"@graph\":[{\"@type\":\"Article\",\"@id\":\"https:\/\/pagina10.com\/web\/seis-capturados-y-cinco-celulares-recuperados-tras-operativos-contra-el-hurto-en-pasto\/#article\",\"isPartOf\":{\"@id\":\"https:\/\/pagina10.com\/web\/seis-capturados-y-cinco-celulares-recuperados-tras-operativos-contra-el-hurto-en-pasto\/\"},\"author\":{\"name\":\"P\u00e1gina 10\",\"@id\":\"https:\/\/pagina10.com\/web\/#\/schema\/person\/2efc4a090d25b667d3bc796798a3a81b\"},\"headline\":\"Seis capturados y cinco celulares recuperados tras operativos contra el hurto en Pasto\",\"datePublished\":\"2022-06-07T21:09:09+00:00\",\"mainEntityOfPage\":{\"@id\":\"https:\/\/pagina10.com\/web\/seis-capturados-y-cinco-celulares-recuperados-tras-operativos-contra-el-hurto-en-pasto\/\"},\"wordCount\":163,\"commentCount\":0,\"publisher\":{\"@id\":\"https:\/\/pagina10.com\/web\/#organization\"},\"image\":{\"@id\":\"https:\/\/pagina10.com\/web\/seis-capturados-y-cinco-celulares-recuperados-tras-operativos-contra-el-hurto-en-pasto\/#primaryimage\"},\"thumbnailUrl\":\"https:\/\/pagina10.com\/web\/wp-content\/uploads\/2022\/06\/59c97085ee3d3.jpeg\",\"articleSection\":[\"Judicial\"],\"inLanguage\":\"es\",\"potentialAction\":[{\"@type\":\"CommentAction\",\"name\":\"Comment\",\"target\":[\"https:\/\/pagina10.com\/web\/seis-capturados-y-cinco-celulares-recuperados-tras-operativos-contra-el-hurto-en-pasto\/#respond\"]}]},{\"@type\":\"WebPage\",\"@id\":\"https:\/\/pagina10.com\/web\/seis-capturados-y-cinco-celulares-recuperados-tras-operativos-contra-el-hurto-en-pasto\/\",\"url\":\"https:\/\/pagina10.com\/web\/seis-capturados-y-cinco-celulares-recuperados-tras-operativos-contra-el-hurto-en-pasto\/\",\"name\":\"Seis capturados y cinco celulares recuperados tras operativos contra el hurto en Pasto | P\u00e1gina10\",\"isPartOf\":{\"@id\":\"https:\/\/pagina10.com\/web\/#website\"},\"primaryImageOfPage\":{\"@id\":\"https:\/\/pagina10.com\/web\/seis-capturados-y-cinco-celulares-recuperados-tras-operativos-contra-el-hurto-en-pasto\/#primaryimage\"},\"image\":{\"@id\":\"https:\/\/pagina10.com\/web\/seis-capturados-y-cinco-celulares-recuperados-tras-operativos-contra-el-hurto-en-pasto\/#primaryimage\"},\"thumbnailUrl\":\"https:\/\/pagina10.com\/web\/wp-content\/uploads\/2022\/06\/59c97085ee3d3.jpeg\",\"datePublished\":\"2022-06-07T21:09:09+00:00\",\"breadcrumb\":{\"@id\":\"https:\/\/pagina10.com\/web\/seis-capturados-y-cinco-celulares-recuperados-tras-operativos-contra-el-hurto-en-pasto\/#breadcrumb\"},\"inLanguage\":\"es\",\"potentialAction\":[{\"@type\":\"ReadAction\",\"target\":[\"https:\/\/pagina10.com\/web\/seis-capturados-y-cinco-celulares-recuperados-tras-operativos-contra-el-hurto-en-pasto\/\"]}]},{\"@type\":\"ImageObject\",\"inLanguage\":\"es\",\"@id\":\"https:\/\/pagina10.com\/web\/seis-capturados-y-cinco-celulares-recuperados-tras-operativos-contra-el-hurto-en-pasto\/#primaryimage\",\"url\":\"https:\/\/pagina10.com\/web\/wp-content\/uploads\/2022\/06\/59c97085ee3d3.jpeg\",\"contentUrl\":\"https:\/\/pagina10.com\/web\/wp-content\/uploads\/2022\/06\/59c97085ee3d3.jpeg\",\"width\":640,\"height\":428},{\"@type\":\"BreadcrumbList\",\"@id\":\"https:\/\/pagina10.com\/web\/seis-capturados-y-cinco-celulares-recuperados-tras-operativos-contra-el-hurto-en-pasto\/#breadcrumb\",\"itemListElement\":[{\"@type\":\"ListItem\",\"position\":1,\"name\":\"Portada\",\"item\":\"https:\/\/pagina10.com\/web\/\"},{\"@type\":\"ListItem\",\"position\":2,\"name\":\"Seis capturados y cinco celulares recuperados tras operativos contra el hurto en Pasto\"}]},{\"@type\":\"WebSite\",\"@id\":\"https:\/\/pagina10.com\/web\/#website\",\"url\":\"https:\/\/pagina10.com\/web\/\",\"name\":\"P\u00e1gina10\",\"description\":\"Peri\u00f3dico Regional\",\"publisher\":{\"@id\":\"https:\/\/pagina10.com\/web\/#organization\"},\"alternateName\":\"P\u00e1gina10 Peri\u00f3dico Regional\",\"potentialAction\":[{\"@type\":\"SearchAction\",\"target\":{\"@type\":\"EntryPoint\",\"urlTemplate\":\"https:\/\/pagina10.com\/web\/?s={search_term_string}\"},\"query-input\":{\"@type\":\"PropertyValueSpecification\",\"valueRequired\":true,\"valueName\":\"search_term_string\"}}],\"inLanguage\":\"es\"},{\"@type\":\"Organization\",\"@id\":\"https:\/\/pagina10.com\/web\/#organization\",\"name\":\"P\u00e1gina10\",\"alternateName\":\"P\u00e1gina10 Peri\u00f3dico Regional\",\"url\":\"https:\/\/pagina10.com\/web\/\",\"logo\":{\"@type\":\"ImageObject\",\"inLanguage\":\"es\",\"@id\":\"https:\/\/pagina10.com\/web\/#\/schema\/logo\/image\/\",\"url\":\"https:\/\/pagina10.com\/web\/wp-content\/uploads\/2024\/01\/40-pagina-10-periodico-regional-pasto.jpg\",\"contentUrl\":\"https:\/\/pagina10.com\/web\/wp-content\/uploads\/2024\/01\/40-pagina-10-periodico-regional-pasto.jpg\",\"width\":1280,\"height\":720,\"caption\":\"P\u00e1gina10\"},\"image\":{\"@id\":\"https:\/\/pagina10.com\/web\/#\/schema\/logo\/image\/\"},\"sameAs\":[\"https:\/\/www.facebook.com\/pag10com\",\"https:\/\/x.com\/Pag10com\",\"https:\/\/www.instagram.com\/pagina10col\/\",\"https:\/\/youtube.com\/channel\/pag10\",\"https:\/\/www.tiktok.com\/@p10col\"]},{\"@type\":\"Person\",\"@id\":\"https:\/\/pagina10.com\/web\/#\/schema\/person\/2efc4a090d25b667d3bc796798a3a81b\",\"name\":\"P\u00e1gina 10\",\"description\":\"P\u00e1gina 10 es un peri\u00f3dico regional que nace en Colombia, en el departamento de Nari\u00f1o, con un enfoque global, fundamentado en cuatro pilares esenciales: la libertad, el pluralismo, la inclusi\u00f3n y la independencia. P\u00e1gina 10 hace referencia a Nari\u00f1o como el d\u00e9cimo departamento creado en Colombia, despu\u00e9s de un proceso pol\u00edtico liderado por actores y actrices regionales con el fin de obtener la independencia y autonom\u00eda de nuestros territorios. Con la creaci\u00f3n de P\u00e1gina 10 se pretende abrir un escenario para el dialogo, la reflexi\u00f3n y el debate que se extienda a otras geograf\u00edas de Am\u00e9rica Latina y del planeta, en una apuesta por transformar colectivamente los desaf\u00edos de un mundo contempor\u00e1neo, m\u00e1s all\u00e1 de las fronteras impuestas.\",\"url\":\"https:\/\/pagina10.com\/web\/author\/pdiezadmin\/\"}]}<\/script>\n<!-- \/ Yoast SEO plugin. -->","yoast_head_json":{"title":"Seis capturados y cinco celulares recuperados tras operativos contra el hurto en Pasto | P\u00e1gina10","robots":{"index":"index","follow":"follow","max-snippet":"max-snippet:-1","max-image-preview":"max-image-preview:large","max-video-preview":"max-video-preview:-1"},"canonical":"https:\/\/pagina10.com\/web\/seis-capturados-y-cinco-celulares-recuperados-tras-operativos-contra-el-hurto-en-pasto\/","og_locale":"es_ES","og_type":"article","og_title":"Seis capturados y cinco celulares recuperados tras operativos contra el hurto en Pasto | P\u00e1gina10","og_description":"Los hechos se reportaron en los barrios Bellavista, El Pilar y el mercado El Potrerillo. All\u00ed fueron capturados \u2018El Puma\u2019 o \u2018Venequito\u2019, Leyder Alexander Erazo, Edwin Alexander Rosero, Luis Fernando Mu\u00f1oz y Fredy Villota. A estas personas les fueron hallados celulares reportados por hurto. Igualmente, durante los operativos fue capturado Dar\u00edo Rodr\u00edguez Rosero alias Krosty, [&hellip;]","og_url":"https:\/\/pagina10.com\/web\/seis-capturados-y-cinco-celulares-recuperados-tras-operativos-contra-el-hurto-en-pasto\/","og_site_name":"P\u00e1gina10","article_publisher":"https:\/\/www.facebook.com\/pag10com","article_published_time":"2022-06-07T21:09:09+00:00","og_image":[{"width":640,"height":428,"url":"https:\/\/pagina10.com\/web\/wp-content\/uploads\/2022\/06\/59c97085ee3d3.jpeg","type":"image\/jpeg"}],"author":"P\u00e1gina 10","twitter_card":"summary_large_image","twitter_creator":"@Pag10com","twitter_site":"@Pag10com","twitter_misc":{"Escrito por":"P\u00e1gina 10","Tiempo de lectura":"1 minuto"},"schema":{"@context":"https:\/\/schema.org","@graph":[{"@type":"Article","@id":"https:\/\/pagina10.com\/web\/seis-capturados-y-cinco-celulares-recuperados-tras-operativos-contra-el-hurto-en-pasto\/#article","isPartOf":{"@id":"https:\/\/pagina10.com\/web\/seis-capturados-y-cinco-celulares-recuperados-tras-operativos-contra-el-hurto-en-pasto\/"},"author":{"name":"P\u00e1gina 10","@id":"https:\/\/pagina10.com\/web\/#\/schema\/person\/2efc4a090d25b667d3bc796798a3a81b"},"headline":"Seis capturados y cinco celulares recuperados tras operativos contra el hurto en Pasto","datePublished":"2022-06-07T21:09:09+00:00","mainEntityOfPage":{"@id":"https:\/\/pagina10.com\/web\/seis-capturados-y-cinco-celulares-recuperados-tras-operativos-contra-el-hurto-en-pasto\/"},"wordCount":163,"commentCount":0,"publisher":{"@id":"https:\/\/pagina10.com\/web\/#organization"},"image":{"@id":"https:\/\/pagina10.com\/web\/seis-capturados-y-cinco-celulares-recuperados-tras-operativos-contra-el-hurto-en-pasto\/#primaryimage"},"thumbnailUrl":"https:\/\/pagina10.com\/web\/wp-content\/uploads\/2022\/06\/59c97085ee3d3.jpeg","articleSection":["Judicial"],"inLanguage":"es","potentialAction":[{"@type":"CommentAction","name":"Comment","target":["https:\/\/pagina10.com\/web\/seis-capturados-y-cinco-celulares-recuperados-tras-operativos-contra-el-hurto-en-pasto\/#respond"]}]},{"@type":"WebPage","@id":"https:\/\/pagina10.com\/web\/seis-capturados-y-cinco-celulares-recuperados-tras-operativos-contra-el-hurto-en-pasto\/","url":"https:\/\/pagina10.com\/web\/seis-capturados-y-cinco-celulares-recuperados-tras-operativos-contra-el-hurto-en-pasto\/","name":"Seis capturados y cinco celulares recuperados tras operativos contra el hurto en Pasto | P\u00e1gina10","isPartOf":{"@id":"https:\/\/pagina10.com\/web\/#website"},"primaryImageOfPage":{"@id":"https:\/\/pagina10.com\/web\/seis-capturados-y-cinco-celulares-recuperados-tras-operativos-contra-el-hurto-en-pasto\/#primaryimage"},"image":{"@id":"https:\/\/pagina10.com\/web\/seis-capturados-y-cinco-celulares-recuperados-tras-operativos-contra-el-hurto-en-pasto\/#primaryimage"},"thumbnailUrl":"https:\/\/pagina10.com\/web\/wp-content\/uploads\/2022\/06\/59c97085ee3d3.jpeg","datePublished":"2022-06-07T21:09:09+00:00","breadcrumb":{"@id":"https:\/\/pagina10.com\/web\/seis-capturados-y-cinco-celulares-recuperados-tras-operativos-contra-el-hurto-en-pasto\/#breadcrumb"},"inLanguage":"es","potentialAction":[{"@type":"ReadAction","target":["https:\/\/pagina10.com\/web\/seis-capturados-y-cinco-celulares-recuperados-tras-operativos-contra-el-hurto-en-pasto\/"]}]},{"@type":"ImageObject","inLanguage":"es","@id":"https:\/\/pagina10.com\/web\/seis-capturados-y-cinco-celulares-recuperados-tras-operativos-contra-el-hurto-en-pasto\/#primaryimage","url":"https:\/\/pagina10.com\/web\/wp-content\/uploads\/2022\/06\/59c97085ee3d3.jpeg","contentUrl":"https:\/\/pagina10.com\/web\/wp-content\/uploads\/2022\/06\/59c97085ee3d3.jpeg","width":640,"height":428},{"@type":"BreadcrumbList","@id":"https:\/\/pagina10.com\/web\/seis-capturados-y-cinco-celulares-recuperados-tras-operativos-contra-el-hurto-en-pasto\/#breadcrumb","itemListElement":[{"@type":"ListItem","position":1,"name":"Portada","item":"https:\/\/pagina10.com\/web\/"},{"@type":"ListItem","position":2,"name":"Seis capturados y cinco celulares recuperados tras operativos contra el hurto en Pasto"}]},{"@type":"WebSite","@id":"https:\/\/pagina10.com\/web\/#website","url":"https:\/\/pagina10.com\/web\/","name":"P\u00e1gina10","description":"Peri\u00f3dico Regional","publisher":{"@id":"https:\/\/pagina10.com\/web\/#organization"},"alternateName":"P\u00e1gina10 Peri\u00f3dico Regional","potentialAction":[{"@type":"SearchAction","target":{"@type":"EntryPoint","urlTemplate":"https:\/\/pagina10.com\/web\/?s={search_term_string}"},"query-input":{"@type":"PropertyValueSpecification","valueRequired":true,"valueName":"search_term_string"}}],"inLanguage":"es"},{"@type":"Organization","@id":"https:\/\/pagina10.com\/web\/#organization","name":"P\u00e1gina10","alternateName":"P\u00e1gina10 Peri\u00f3dico Regional","url":"https:\/\/pagina10.com\/web\/","logo":{"@type":"ImageObject","inLanguage":"es","@id":"https:\/\/pagina10.com\/web\/#\/schema\/logo\/image\/","url":"https:\/\/pagina10.com\/web\/wp-content\/uploads\/2024\/01\/40-pagina-10-periodico-regional-pasto.jpg","contentUrl":"https:\/\/pagina10.com\/web\/wp-content\/uploads\/2024\/01\/40-pagina-10-periodico-regional-pasto.jpg","width":1280,"height":720,"caption":"P\u00e1gina10"},"image":{"@id":"https:\/\/pagina10.com\/web\/#\/schema\/logo\/image\/"},"sameAs":["https:\/\/www.facebook.com\/pag10com","https:\/\/x.com\/Pag10com","https:\/\/www.instagram.com\/pagina10col\/","https:\/\/youtube.com\/channel\/pag10","https:\/\/www.tiktok.com\/@p10col"]},{"@type":"Person","@id":"https:\/\/pagina10.com\/web\/#\/schema\/person\/2efc4a090d25b667d3bc796798a3a81b","name":"P\u00e1gina 10","description":"P\u00e1gina 10 es un peri\u00f3dico regional que nace en Colombia, en el departamento de Nari\u00f1o, con un enfoque global, fundamentado en cuatro pilares esenciales: la libertad, el pluralismo, la inclusi\u00f3n y la independencia. P\u00e1gina 10 hace referencia a Nari\u00f1o como el d\u00e9cimo departamento creado en Colombia, despu\u00e9s de un proceso pol\u00edtico liderado por actores y actrices regionales con el fin de obtener la independencia y autonom\u00eda de nuestros territorios. Con la creaci\u00f3n de P\u00e1gina 10 se pretende abrir un escenario para el dialogo, la reflexi\u00f3n y el debate que se extienda a otras geograf\u00edas de Am\u00e9rica Latina y del planeta, en una apuesta por transformar colectivamente los desaf\u00edos de un mundo contempor\u00e1neo, m\u00e1s all\u00e1 de las fronteras impuestas.","url":"https:\/\/pagina10.com\/web\/author\/pdiezadmin\/"}]}},"_links":{"self":[{"href":"https:\/\/pagina10.com\/web\/wp-json\/wp\/v2\/posts\/59681","targetHints":{"allow":["GET"]}}],"collection":[{"href":"https:\/\/pagina10.com\/web\/wp-json\/wp\/v2\/posts"}],"about":[{"href":"https:\/\/pagina10.com\/web\/wp-json\/wp\/v2\/types\/post"}],"author":[{"embeddable":true,"href":"https:\/\/pagina10.com\/web\/wp-json\/wp\/v2\/users\/1"}],"replies":[{"embeddable":true,"href":"https:\/\/pagina10.com\/web\/wp-json\/wp\/v2\/comments?post=59681"}],"version-history":[{"count":2,"href":"https:\/\/pagina10.com\/web\/wp-json\/wp\/v2\/posts\/59681\/revisions"}],"predecessor-version":[{"id":59684,"href":"https:\/\/pagina10.com\/web\/wp-json\/wp\/v2\/posts\/59681\/revisions\/59684"}],"wp:featuredmedia":[{"embeddable":true,"href":"https:\/\/pagina10.com\/web\/wp-json\/wp\/v2\/media\/59682"}],"wp:attachment":[{"href":"https:\/\/pagina10.com\/web\/wp-json\/wp\/v2\/media?parent=59681"}],"wp:term":[{"taxonomy":"category","embeddable":true,"href":"https:\/\/pagina10.com\/web\/wp-json\/wp\/v2\/categories?post=59681"},{"taxonomy":"post_tag","embeddable":true,"href":"https:\/\/pagina10.com\/web\/wp-json\/wp\/v2\/tags?post=59681"}],"curies":[{"name":"wp","href":"https:\/\/api.w.org\/{rel}","templated":true}]}}