{"id":59750,"date":"2022-06-11T10:58:34","date_gmt":"2022-06-11T15:58:34","guid":{"rendered":"https:\/\/pagina10.com\/web\/?p=59750"},"modified":"2022-06-11T10:58:34","modified_gmt":"2022-06-11T15:58:34","slug":"la-modelo-actual-es-algo-mas-que-una-cara-bonita-belky-arizala","status":"publish","type":"post","link":"https:\/\/pagina10.com\/web\/la-modelo-actual-es-algo-mas-que-una-cara-bonita-belky-arizala\/","title":{"rendered":"\u201cLa modelo actual es algo m\u00e1s que una cara bonita\u201d: Belky Arizala"},"content":{"rendered":"<p style=\"text-align: justify;\">Embajadora de buena voluntad de Unicef y la Uni\u00f3n Europea para Colombia, Belky Arizala es una actriz, modelo y empresaria colombiana que tuvo como referentes a sus padres; una madre ejemplar, correcta y dispuesta a ense\u00f1ar, sin ego\u00edsmo; un padre con la disposici\u00f3n para permitirle ingresar en el mundo del modelaje y Dios que le dio el talento y la gracia con el prop\u00f3sito de comunicar valores a trav\u00e9s del arte.<\/p>\n<p style=\"text-align: justify;\">Nacida en C\u00facuta, Belky piensa que su carrera es de mucha dedicaci\u00f3n, \u201caunque el estilo de vida de una modelo ha cambiado; en mi \u00e9poca, ten\u00edan que ser muy delgadas, pero hubo una revoluci\u00f3n por parte de dise\u00f1adores y modelos que empezaron a reprocharle a la industria que estuvieran muriendo tantas chicas por enfermedades como la bulimia y la anorexia y lleg\u00f3 la talla ocho, mujeres con caderas m\u00e1s grandes, m\u00e1s latinas, con m\u00e1s formas\u201d.<\/p>\n<p style=\"text-align: justify;\">Es un hecho que revolucion\u00f3 el mundo de las pasarelas, ya que luego surgieron \u201cmovimientos impresionantes con modelos que tienen s\u00edndrome de Down, vit\u00edligo en su piel y han salido tantas oportunidades para aquellos productores, realizadores de la industria de la televisi\u00f3n que ven m\u00e1s all\u00e1 y observan que somos una raza humana diversa y con muchas alternativas. La modelo actual es algo m\u00e1s que una cara bonita\u201d.<\/p>\n<p style=\"text-align: justify;\">Contempor\u00e1nea de otras talentosas colombianas como Natalia Par\u00eds, a los 19 a\u00f1os, Belky particip\u00f3 en un concurso de belleza y qued\u00f3 de virreina, eso le permiti\u00f3 ganar una beca para estudiar modelaje en una de las m\u00e1s prestigiosas escuelas de C\u00facuta. \u201cEsa primera experiencia cambi\u00f3 en ese momento mi vida, particip\u00e9 en diferentes eventos y al mismo tiempo me gradu\u00e9 en administraci\u00f3n de empresas\u201d.<\/p>\n<p style=\"text-align: justify;\">Es generosa al reconocer la labor que han realizado modelos de su generaci\u00f3n como Tatiana de los R\u00edos, Catalina Amaya, Carolina Castro, Adriana Arboleda, Natalia Par\u00eds, Claudia Baham\u00f3n, Andrea Serna, Carolina Cruz, Rosa C\u00f3rdoba, Claudia Lozano, \u201cpor mencionar a algunas y es que, en los ochenta, noventa y dos mil est\u00e1bamos figurando en todo, a quien le daban portada de revista en el pa\u00eds o sal\u00eda en un editorial de moda era porque estaba trabajando con excelencia\u201d.<\/p>\n<p style=\"text-align: justify;\">Dice que sin preparaci\u00f3n ni esfuerzo no hay gloria e invita a las chicas que sue\u00f1an con ser artistas reconocidas que inviertan tiempo y recursos econ\u00f3micos en capacitarse a conciencia.<\/p>\n<p style=\"text-align: justify;\">Su fundaci\u00f3n \u201cel alma no tiene color\u201d, naci\u00f3 hace m\u00e1s de 15 a\u00f1os, la inspir\u00f3 una ni\u00f1a con c\u00e1ncer que conoci\u00f3 en un hospital en Bogot\u00e1, \u201cella me dio la bendici\u00f3n, me encant\u00f3 conocerla y fue el detonante para tomar la decisi\u00f3n de querer apoyar a muchas personas que padecen de c\u00e1ncer y de diferentes enfermedades\u201d.<\/p>\n<p style=\"text-align: justify;\">Es un programa de responsabilidad social y empresarial, \u201cnosotros aportamos becas de estudio universitario completas gracias a la alianza con distintas universidades e instituciones educativas, hemos logrado destacar las potencialidades de diferentes chicas que participan en eventos de moda y talento y seguimos cumpliendo con esa misi\u00f3n de aportar educaci\u00f3n\u201d.<\/p>\n<p style=\"text-align: justify;\">Fil\u00e1ntropa, conferencista y creadora de contenidos, Belky Arizala, es una mujer polifac\u00e9tica, de esas colombianas que creen en el pa\u00eds y lo promueven e impulsan a las personas que lo necesitan sin ninguna clase de ego\u00edsmo. Su escuela de talentos sigue otorgando becas de estudio para que las chicas que sue\u00f1an con ser modelos se formen y vivan la experiencia.<\/p>\n<p style=\"text-align: justify;\">Digamos, finalmente, que Belky Arizala es una colombiana cuya piel es un canto a los misterios de la noche, un ejemplo para miles de compatriotas que pueden trabajar por los dem\u00e1s, un coraz\u00f3n de oro en la aridez de un pa\u00eds que, en ocasiones, parece caer en las garras del odio y la violencia.<\/p>\n<p style=\"text-align: justify;\">\n","protected":false},"excerpt":{"rendered":"<p>Embajadora de buena voluntad de Unicef y la Uni\u00f3n Europea para Colombia, Belky Arizala es una actriz, modelo y empresaria colombiana que tuvo como referentes a sus padres; una madre ejemplar, correcta y dispuesta a ense\u00f1ar, sin ego\u00edsmo; un padre con la disposici\u00f3n para permitirle ingresar en el mundo del modelaje y Dios que le [&hellip;]<\/p>\n","protected":false},"author":17,"featured_media":59751,"comment_status":"open","ping_status":"open","sticky":false,"template":"","format":"standard","meta":{"footnotes":""},"categories":[26],"tags":[],"class_list":["post-59750","post","type-post","status-publish","format-standard","has-post-thumbnail","hentry","category-vida-hoy"],"yoast_head":"<!-- This site is optimized with the Yoast SEO plugin v27.1.1 - https:\/\/yoast.com\/product\/yoast-seo-wordpress\/ -->\n<title>\u201cLa modelo actual es algo m\u00e1s que una cara bonita\u201d: Belky Arizala | P\u00e1gina10<\/title>\n<meta name=\"robots\" content=\"index, follow, max-snippet:-1, max-image-preview:large, max-video-preview:-1\" \/>\n<link rel=\"canonical\" href=\"https:\/\/pagina10.com\/web\/la-modelo-actual-es-algo-mas-que-una-cara-bonita-belky-arizala\/\" \/>\n<meta property=\"og:locale\" content=\"es_ES\" \/>\n<meta property=\"og:type\" content=\"article\" \/>\n<meta property=\"og:title\" content=\"\u201cLa modelo actual es algo m\u00e1s que una cara bonita\u201d: Belky Arizala | P\u00e1gina10\" \/>\n<meta property=\"og:description\" content=\"Embajadora de buena voluntad de Unicef y la Uni\u00f3n Europea para Colombia, Belky Arizala es una actriz, modelo y empresaria colombiana que tuvo como referentes a sus padres; una madre ejemplar, correcta y dispuesta a ense\u00f1ar, sin ego\u00edsmo; un padre con la disposici\u00f3n para permitirle ingresar en el mundo del modelaje y Dios que le [&hellip;]\" \/>\n<meta property=\"og:url\" content=\"https:\/\/pagina10.com\/web\/la-modelo-actual-es-algo-mas-que-una-cara-bonita-belky-arizala\/\" \/>\n<meta property=\"og:site_name\" content=\"P\u00e1gina10\" \/>\n<meta property=\"article:publisher\" content=\"https:\/\/www.facebook.com\/pag10com\" \/>\n<meta property=\"article:published_time\" content=\"2022-06-11T15:58:34+00:00\" \/>\n<meta property=\"og:image\" content=\"https:\/\/pagina10.com\/web\/wp-content\/uploads\/2022\/06\/Belki-Arizala2.jpg\" \/>\n\t<meta property=\"og:image:width\" content=\"1200\" \/>\n\t<meta property=\"og:image:height\" content=\"729\" \/>\n\t<meta property=\"og:image:type\" content=\"image\/jpeg\" \/>\n<meta name=\"author\" content=\"Albeiro Arciniegas\" \/>\n<meta name=\"twitter:card\" content=\"summary_large_image\" \/>\n<meta name=\"twitter:creator\" content=\"@Pag10com\" \/>\n<meta name=\"twitter:site\" content=\"@Pag10com\" \/>\n<meta name=\"twitter:label1\" content=\"Escrito por\" \/>\n\t<meta name=\"twitter:data1\" content=\"Albeiro Arciniegas\" \/>\n\t<meta name=\"twitter:label2\" content=\"Tiempo de lectura\" \/>\n\t<meta name=\"twitter:data2\" content=\"3 minutos\" \/>\n<script type=\"application\/ld+json\" class=\"yoast-schema-graph\">{\"@context\":\"https:\/\/schema.org\",\"@graph\":[{\"@type\":\"Article\",\"@id\":\"https:\/\/pagina10.com\/web\/la-modelo-actual-es-algo-mas-que-una-cara-bonita-belky-arizala\/#article\",\"isPartOf\":{\"@id\":\"https:\/\/pagina10.com\/web\/la-modelo-actual-es-algo-mas-que-una-cara-bonita-belky-arizala\/\"},\"author\":{\"name\":\"Albeiro Arciniegas\",\"@id\":\"https:\/\/pagina10.com\/web\/#\/schema\/person\/334a167008451d8dce4633b56c1082b8\"},\"headline\":\"\u201cLa modelo actual es algo m\u00e1s que una cara bonita\u201d: Belky Arizala\",\"datePublished\":\"2022-06-11T15:58:34+00:00\",\"mainEntityOfPage\":{\"@id\":\"https:\/\/pagina10.com\/web\/la-modelo-actual-es-algo-mas-que-una-cara-bonita-belky-arizala\/\"},\"wordCount\":670,\"commentCount\":0,\"publisher\":{\"@id\":\"https:\/\/pagina10.com\/web\/#organization\"},\"image\":{\"@id\":\"https:\/\/pagina10.com\/web\/la-modelo-actual-es-algo-mas-que-una-cara-bonita-belky-arizala\/#primaryimage\"},\"thumbnailUrl\":\"https:\/\/pagina10.com\/web\/wp-content\/uploads\/2022\/06\/Belki-Arizala2.jpg\",\"articleSection\":[\"Vida Hoy\"],\"inLanguage\":\"es\",\"potentialAction\":[{\"@type\":\"CommentAction\",\"name\":\"Comment\",\"target\":[\"https:\/\/pagina10.com\/web\/la-modelo-actual-es-algo-mas-que-una-cara-bonita-belky-arizala\/#respond\"]}]},{\"@type\":\"WebPage\",\"@id\":\"https:\/\/pagina10.com\/web\/la-modelo-actual-es-algo-mas-que-una-cara-bonita-belky-arizala\/\",\"url\":\"https:\/\/pagina10.com\/web\/la-modelo-actual-es-algo-mas-que-una-cara-bonita-belky-arizala\/\",\"name\":\"\u201cLa modelo actual es algo m\u00e1s que una cara bonita\u201d: Belky Arizala | P\u00e1gina10\",\"isPartOf\":{\"@id\":\"https:\/\/pagina10.com\/web\/#website\"},\"primaryImageOfPage\":{\"@id\":\"https:\/\/pagina10.com\/web\/la-modelo-actual-es-algo-mas-que-una-cara-bonita-belky-arizala\/#primaryimage\"},\"image\":{\"@id\":\"https:\/\/pagina10.com\/web\/la-modelo-actual-es-algo-mas-que-una-cara-bonita-belky-arizala\/#primaryimage\"},\"thumbnailUrl\":\"https:\/\/pagina10.com\/web\/wp-content\/uploads\/2022\/06\/Belki-Arizala2.jpg\",\"datePublished\":\"2022-06-11T15:58:34+00:00\",\"breadcrumb\":{\"@id\":\"https:\/\/pagina10.com\/web\/la-modelo-actual-es-algo-mas-que-una-cara-bonita-belky-arizala\/#breadcrumb\"},\"inLanguage\":\"es\",\"potentialAction\":[{\"@type\":\"ReadAction\",\"target\":[\"https:\/\/pagina10.com\/web\/la-modelo-actual-es-algo-mas-que-una-cara-bonita-belky-arizala\/\"]}]},{\"@type\":\"ImageObject\",\"inLanguage\":\"es\",\"@id\":\"https:\/\/pagina10.com\/web\/la-modelo-actual-es-algo-mas-que-una-cara-bonita-belky-arizala\/#primaryimage\",\"url\":\"https:\/\/pagina10.com\/web\/wp-content\/uploads\/2022\/06\/Belki-Arizala2.jpg\",\"contentUrl\":\"https:\/\/pagina10.com\/web\/wp-content\/uploads\/2022\/06\/Belki-Arizala2.jpg\",\"width\":1200,\"height\":729},{\"@type\":\"BreadcrumbList\",\"@id\":\"https:\/\/pagina10.com\/web\/la-modelo-actual-es-algo-mas-que-una-cara-bonita-belky-arizala\/#breadcrumb\",\"itemListElement\":[{\"@type\":\"ListItem\",\"position\":1,\"name\":\"Portada\",\"item\":\"https:\/\/pagina10.com\/web\/\"},{\"@type\":\"ListItem\",\"position\":2,\"name\":\"\u201cLa modelo actual es algo m\u00e1s que una cara bonita\u201d: Belky Arizala\"}]},{\"@type\":\"WebSite\",\"@id\":\"https:\/\/pagina10.com\/web\/#website\",\"url\":\"https:\/\/pagina10.com\/web\/\",\"name\":\"P\u00e1gina10\",\"description\":\"Peri\u00f3dico Regional\",\"publisher\":{\"@id\":\"https:\/\/pagina10.com\/web\/#organization\"},\"alternateName\":\"P\u00e1gina10 Peri\u00f3dico Regional\",\"potentialAction\":[{\"@type\":\"SearchAction\",\"target\":{\"@type\":\"EntryPoint\",\"urlTemplate\":\"https:\/\/pagina10.com\/web\/?s={search_term_string}\"},\"query-input\":{\"@type\":\"PropertyValueSpecification\",\"valueRequired\":true,\"valueName\":\"search_term_string\"}}],\"inLanguage\":\"es\"},{\"@type\":\"Organization\",\"@id\":\"https:\/\/pagina10.com\/web\/#organization\",\"name\":\"P\u00e1gina10\",\"alternateName\":\"P\u00e1gina10 Peri\u00f3dico Regional\",\"url\":\"https:\/\/pagina10.com\/web\/\",\"logo\":{\"@type\":\"ImageObject\",\"inLanguage\":\"es\",\"@id\":\"https:\/\/pagina10.com\/web\/#\/schema\/logo\/image\/\",\"url\":\"https:\/\/pagina10.com\/web\/wp-content\/uploads\/2024\/01\/40-pagina-10-periodico-regional-pasto.jpg\",\"contentUrl\":\"https:\/\/pagina10.com\/web\/wp-content\/uploads\/2024\/01\/40-pagina-10-periodico-regional-pasto.jpg\",\"width\":1280,\"height\":720,\"caption\":\"P\u00e1gina10\"},\"image\":{\"@id\":\"https:\/\/pagina10.com\/web\/#\/schema\/logo\/image\/\"},\"sameAs\":[\"https:\/\/www.facebook.com\/pag10com\",\"https:\/\/x.com\/Pag10com\",\"https:\/\/www.instagram.com\/pagina10col\/\",\"https:\/\/youtube.com\/channel\/pag10\",\"https:\/\/www.tiktok.com\/@p10col\"]},{\"@type\":\"Person\",\"@id\":\"https:\/\/pagina10.com\/web\/#\/schema\/person\/334a167008451d8dce4633b56c1082b8\",\"name\":\"Albeiro Arciniegas\",\"description\":\"Escritor. Periodista. Licenciado en Filosof\u00eda y Letras y Mag\u00edster en Etnoliteratura de la Universidad de Nari\u00f1o. Ha publicado dos libros: Los decadentes y otros cuentos, con la Editorial Pre-textos de Valencia, Espa\u00f1a, y 5-12, Operaci\u00f3n Cauterio\/ Los decadentes y otros cuentos, con Ediciones Mascaluna de Medell\u00edn. Ganador del Concurso Nacional de Cuento de la Universidad Metropolitana de Barranquilla, finalista del Concurso de Cuentos \u201cCarlos Castro Saavedra\u201d de Medell\u00edn y ganador del Concurso Nacional de Cuento \u201cNuevo Milenio\u201d de Pereira. En Espa\u00f1a, gan\u00f3 el Premio Internacional de Libros de Cuentos \u201cManuel Llano\u201d, otorgado por el gobierno de Cantabria. Es el creador del Concurso Internacional de Cuento Ecol\u00f3gico \u201cCiudad de Pupiales\u201d, evento literario que cuenta con la participaci\u00f3n de escritores de los cinco continentes, especialmente de Am\u00e9rica y Europa. Actualmente, inmerso en la preparaci\u00f3n de su primera novela y algunos art\u00edculos de prensa. E-mail: albeiroarciniegas@yahoo.com.ar\",\"url\":\"https:\/\/pagina10.com\/web\/author\/aarciniegas\/\"}]}<\/script>\n<!-- \/ Yoast SEO plugin. -->","yoast_head_json":{"title":"\u201cLa modelo actual es algo m\u00e1s que una cara bonita\u201d: Belky Arizala | P\u00e1gina10","robots":{"index":"index","follow":"follow","max-snippet":"max-snippet:-1","max-image-preview":"max-image-preview:large","max-video-preview":"max-video-preview:-1"},"canonical":"https:\/\/pagina10.com\/web\/la-modelo-actual-es-algo-mas-que-una-cara-bonita-belky-arizala\/","og_locale":"es_ES","og_type":"article","og_title":"\u201cLa modelo actual es algo m\u00e1s que una cara bonita\u201d: Belky Arizala | P\u00e1gina10","og_description":"Embajadora de buena voluntad de Unicef y la Uni\u00f3n Europea para Colombia, Belky Arizala es una actriz, modelo y empresaria colombiana que tuvo como referentes a sus padres; una madre ejemplar, correcta y dispuesta a ense\u00f1ar, sin ego\u00edsmo; un padre con la disposici\u00f3n para permitirle ingresar en el mundo del modelaje y Dios que le [&hellip;]","og_url":"https:\/\/pagina10.com\/web\/la-modelo-actual-es-algo-mas-que-una-cara-bonita-belky-arizala\/","og_site_name":"P\u00e1gina10","article_publisher":"https:\/\/www.facebook.com\/pag10com","article_published_time":"2022-06-11T15:58:34+00:00","og_image":[{"width":1200,"height":729,"url":"https:\/\/pagina10.com\/web\/wp-content\/uploads\/2022\/06\/Belki-Arizala2.jpg","type":"image\/jpeg"}],"author":"Albeiro Arciniegas","twitter_card":"summary_large_image","twitter_creator":"@Pag10com","twitter_site":"@Pag10com","twitter_misc":{"Escrito por":"Albeiro Arciniegas","Tiempo de lectura":"3 minutos"},"schema":{"@context":"https:\/\/schema.org","@graph":[{"@type":"Article","@id":"https:\/\/pagina10.com\/web\/la-modelo-actual-es-algo-mas-que-una-cara-bonita-belky-arizala\/#article","isPartOf":{"@id":"https:\/\/pagina10.com\/web\/la-modelo-actual-es-algo-mas-que-una-cara-bonita-belky-arizala\/"},"author":{"name":"Albeiro Arciniegas","@id":"https:\/\/pagina10.com\/web\/#\/schema\/person\/334a167008451d8dce4633b56c1082b8"},"headline":"\u201cLa modelo actual es algo m\u00e1s que una cara bonita\u201d: Belky Arizala","datePublished":"2022-06-11T15:58:34+00:00","mainEntityOfPage":{"@id":"https:\/\/pagina10.com\/web\/la-modelo-actual-es-algo-mas-que-una-cara-bonita-belky-arizala\/"},"wordCount":670,"commentCount":0,"publisher":{"@id":"https:\/\/pagina10.com\/web\/#organization"},"image":{"@id":"https:\/\/pagina10.com\/web\/la-modelo-actual-es-algo-mas-que-una-cara-bonita-belky-arizala\/#primaryimage"},"thumbnailUrl":"https:\/\/pagina10.com\/web\/wp-content\/uploads\/2022\/06\/Belki-Arizala2.jpg","articleSection":["Vida Hoy"],"inLanguage":"es","potentialAction":[{"@type":"CommentAction","name":"Comment","target":["https:\/\/pagina10.com\/web\/la-modelo-actual-es-algo-mas-que-una-cara-bonita-belky-arizala\/#respond"]}]},{"@type":"WebPage","@id":"https:\/\/pagina10.com\/web\/la-modelo-actual-es-algo-mas-que-una-cara-bonita-belky-arizala\/","url":"https:\/\/pagina10.com\/web\/la-modelo-actual-es-algo-mas-que-una-cara-bonita-belky-arizala\/","name":"\u201cLa modelo actual es algo m\u00e1s que una cara bonita\u201d: Belky Arizala | P\u00e1gina10","isPartOf":{"@id":"https:\/\/pagina10.com\/web\/#website"},"primaryImageOfPage":{"@id":"https:\/\/pagina10.com\/web\/la-modelo-actual-es-algo-mas-que-una-cara-bonita-belky-arizala\/#primaryimage"},"image":{"@id":"https:\/\/pagina10.com\/web\/la-modelo-actual-es-algo-mas-que-una-cara-bonita-belky-arizala\/#primaryimage"},"thumbnailUrl":"https:\/\/pagina10.com\/web\/wp-content\/uploads\/2022\/06\/Belki-Arizala2.jpg","datePublished":"2022-06-11T15:58:34+00:00","breadcrumb":{"@id":"https:\/\/pagina10.com\/web\/la-modelo-actual-es-algo-mas-que-una-cara-bonita-belky-arizala\/#breadcrumb"},"inLanguage":"es","potentialAction":[{"@type":"ReadAction","target":["https:\/\/pagina10.com\/web\/la-modelo-actual-es-algo-mas-que-una-cara-bonita-belky-arizala\/"]}]},{"@type":"ImageObject","inLanguage":"es","@id":"https:\/\/pagina10.com\/web\/la-modelo-actual-es-algo-mas-que-una-cara-bonita-belky-arizala\/#primaryimage","url":"https:\/\/pagina10.com\/web\/wp-content\/uploads\/2022\/06\/Belki-Arizala2.jpg","contentUrl":"https:\/\/pagina10.com\/web\/wp-content\/uploads\/2022\/06\/Belki-Arizala2.jpg","width":1200,"height":729},{"@type":"BreadcrumbList","@id":"https:\/\/pagina10.com\/web\/la-modelo-actual-es-algo-mas-que-una-cara-bonita-belky-arizala\/#breadcrumb","itemListElement":[{"@type":"ListItem","position":1,"name":"Portada","item":"https:\/\/pagina10.com\/web\/"},{"@type":"ListItem","position":2,"name":"\u201cLa modelo actual es algo m\u00e1s que una cara bonita\u201d: Belky Arizala"}]},{"@type":"WebSite","@id":"https:\/\/pagina10.com\/web\/#website","url":"https:\/\/pagina10.com\/web\/","name":"P\u00e1gina10","description":"Peri\u00f3dico Regional","publisher":{"@id":"https:\/\/pagina10.com\/web\/#organization"},"alternateName":"P\u00e1gina10 Peri\u00f3dico Regional","potentialAction":[{"@type":"SearchAction","target":{"@type":"EntryPoint","urlTemplate":"https:\/\/pagina10.com\/web\/?s={search_term_string}"},"query-input":{"@type":"PropertyValueSpecification","valueRequired":true,"valueName":"search_term_string"}}],"inLanguage":"es"},{"@type":"Organization","@id":"https:\/\/pagina10.com\/web\/#organization","name":"P\u00e1gina10","alternateName":"P\u00e1gina10 Peri\u00f3dico Regional","url":"https:\/\/pagina10.com\/web\/","logo":{"@type":"ImageObject","inLanguage":"es","@id":"https:\/\/pagina10.com\/web\/#\/schema\/logo\/image\/","url":"https:\/\/pagina10.com\/web\/wp-content\/uploads\/2024\/01\/40-pagina-10-periodico-regional-pasto.jpg","contentUrl":"https:\/\/pagina10.com\/web\/wp-content\/uploads\/2024\/01\/40-pagina-10-periodico-regional-pasto.jpg","width":1280,"height":720,"caption":"P\u00e1gina10"},"image":{"@id":"https:\/\/pagina10.com\/web\/#\/schema\/logo\/image\/"},"sameAs":["https:\/\/www.facebook.com\/pag10com","https:\/\/x.com\/Pag10com","https:\/\/www.instagram.com\/pagina10col\/","https:\/\/youtube.com\/channel\/pag10","https:\/\/www.tiktok.com\/@p10col"]},{"@type":"Person","@id":"https:\/\/pagina10.com\/web\/#\/schema\/person\/334a167008451d8dce4633b56c1082b8","name":"Albeiro Arciniegas","description":"Escritor. Periodista. Licenciado en Filosof\u00eda y Letras y Mag\u00edster en Etnoliteratura de la Universidad de Nari\u00f1o. Ha publicado dos libros: Los decadentes y otros cuentos, con la Editorial Pre-textos de Valencia, Espa\u00f1a, y 5-12, Operaci\u00f3n Cauterio\/ Los decadentes y otros cuentos, con Ediciones Mascaluna de Medell\u00edn. Ganador del Concurso Nacional de Cuento de la Universidad Metropolitana de Barranquilla, finalista del Concurso de Cuentos \u201cCarlos Castro Saavedra\u201d de Medell\u00edn y ganador del Concurso Nacional de Cuento \u201cNuevo Milenio\u201d de Pereira. En Espa\u00f1a, gan\u00f3 el Premio Internacional de Libros de Cuentos \u201cManuel Llano\u201d, otorgado por el gobierno de Cantabria. Es el creador del Concurso Internacional de Cuento Ecol\u00f3gico \u201cCiudad de Pupiales\u201d, evento literario que cuenta con la participaci\u00f3n de escritores de los cinco continentes, especialmente de Am\u00e9rica y Europa. Actualmente, inmerso en la preparaci\u00f3n de su primera novela y algunos art\u00edculos de prensa. E-mail: albeiroarciniegas@yahoo.com.ar","url":"https:\/\/pagina10.com\/web\/author\/aarciniegas\/"}]}},"_links":{"self":[{"href":"https:\/\/pagina10.com\/web\/wp-json\/wp\/v2\/posts\/59750","targetHints":{"allow":["GET"]}}],"collection":[{"href":"https:\/\/pagina10.com\/web\/wp-json\/wp\/v2\/posts"}],"about":[{"href":"https:\/\/pagina10.com\/web\/wp-json\/wp\/v2\/types\/post"}],"author":[{"embeddable":true,"href":"https:\/\/pagina10.com\/web\/wp-json\/wp\/v2\/users\/17"}],"replies":[{"embeddable":true,"href":"https:\/\/pagina10.com\/web\/wp-json\/wp\/v2\/comments?post=59750"}],"version-history":[{"count":1,"href":"https:\/\/pagina10.com\/web\/wp-json\/wp\/v2\/posts\/59750\/revisions"}],"predecessor-version":[{"id":59752,"href":"https:\/\/pagina10.com\/web\/wp-json\/wp\/v2\/posts\/59750\/revisions\/59752"}],"wp:featuredmedia":[{"embeddable":true,"href":"https:\/\/pagina10.com\/web\/wp-json\/wp\/v2\/media\/59751"}],"wp:attachment":[{"href":"https:\/\/pagina10.com\/web\/wp-json\/wp\/v2\/media?parent=59750"}],"wp:term":[{"taxonomy":"category","embeddable":true,"href":"https:\/\/pagina10.com\/web\/wp-json\/wp\/v2\/categories?post=59750"},{"taxonomy":"post_tag","embeddable":true,"href":"https:\/\/pagina10.com\/web\/wp-json\/wp\/v2\/tags?post=59750"}],"curies":[{"name":"wp","href":"https:\/\/api.w.org\/{rel}","templated":true}]}}