{"id":59771,"date":"2022-06-13T11:32:08","date_gmt":"2022-06-13T16:32:08","guid":{"rendered":"https:\/\/pagina10.com\/web\/?p=59771"},"modified":"2022-06-13T11:32:08","modified_gmt":"2022-06-13T16:32:08","slug":"consejo-comunitario-de-bajo-mira-y-frontera-e-institucionalidad-desarrolla-proyecto-de-conservacion-ambiental","status":"publish","type":"post","link":"https:\/\/pagina10.com\/web\/consejo-comunitario-de-bajo-mira-y-frontera-e-institucionalidad-desarrolla-proyecto-de-conservacion-ambiental\/","title":{"rendered":"Consejo comunitario de Bajo Mira y Frontera e institucionalidad desarrolla proyecto de conservaci\u00f3n ambiental"},"content":{"rendered":"<p style=\"text-align: justify;\">Con el objetivo de desarrollar acciones para la conservaci\u00f3n de la biodiversidad, que contribuyan a fortalecer procesos comunitarios, el Consejo Comunitario Bajo Mira y Frontera y el resguardo Gran Sabalo, participan en el proyecto Pac\u00edfico Biocultural implementado por la Organizaci\u00f3n de las Naciones Unidas para la Alimentaci\u00f3n y la Agricultura \u2013 FAO, con el apoyo de la Gobernaci\u00f3n de Nari\u00f1o a trav\u00e9s de la Secretar\u00eda de Ambiente y Desarrollo, Sostenible y otras entidades.<\/p>\n<p style=\"text-align: justify;\">Las entidades buscan conjuntamente con las comunidades los mecanismos que faciliten la conservaci\u00f3n, la conectividad biol\u00f3gica y el di\u00e1logo para fortalecer las \u00e1reas protegidas y de conservaci\u00f3n en estos territorios. Las instituciones que hacen parte de este proyecto y la comunidad desarrollaron el comit\u00e9 t\u00e9cnico para avanzar en los procesos que posibiliten el cumplimiento de los objetivos trazados.<\/p>\n<p style=\"text-align: justify;\">Con este proyecto se contribuye al cumplimiento de metas que se encuentran en el Plan Departamental de Desarrollo y apoyar los procesos regionales que tienen las comunidades en este territorio. \u201cSobre todo en \u00e1reas restauradas de manglar, el plan de ordenamiento forestal que se va a adelantar en la cuenca del R\u00edo Mira, que abarca los territorios de los Consejos Comunitarios de Alto y Bajo Mira, al igual, que iniciativas de negocios verdes, buscando sinergias que nosotros podamos ayudar a complementar algunas acciones de negocios\u201d, sostuvo \u00b4Pablo Aguirre Secretario de Ambiente y Desarrollo Sostenible.<br \/>\n\u201cComo FAO estamos como implementadores del proyecto, aportamos las metodolog\u00edas y la experiencia que ha tenido la organizaci\u00f3n, en estos procesos para la implementaci\u00f3n de este proyecto, pero fundamentalmente para el mosaico de uso y conservaci\u00f3n cabo manglares familia aw\u00e1 en Nari\u00f1o\u201d, manifest\u00f3 Oscar Alzate coordinador Nacional del proyecto Pac\u00edfico Biocultural.<\/p>\n<p style=\"text-align: justify;\">\u201cPara m\u00ed, es de vital importancia este proyecto y m\u00e1s importante la articulaci\u00f3n de las organizaciones ya que hemos venido trabajando solos apost\u00e1ndole a la conservaci\u00f3n, pero hoy en d\u00eda con toda esta articulaci\u00f3n, sabemos que nos van a ayudar para que podemos avanzar, a pesar de las problem\u00e1ticas que hay en nuestra zona y territorio, que aunque son muchas, aspiramos sacar adelante muchas iniciativas, mitigando estas problem\u00e1ticas que tenemos en nuestro territorio, muy agradecido con toda esta cooperaci\u00f3n\u201d, expres\u00f3 Willington Guerrero Presidente del consejo comunitario Bajo Mira y Frontera.<br \/>\nEn el comit\u00e9 t\u00e9cnico de este proyecto participaron, Gobernaci\u00f3n de Nari\u00f1o, Corponari\u00f1o, Alcald\u00eda de Barbacoas, el Consejo Comunitario Bajo Mira y Frontera, Instituto de Investigaciones Marinas y Costeras &#8211; Invemar, Parques Nacionales Naturales, el Resguardo Ind\u00edgena Gran S\u00e1balo y El Instituto de Investigaciones Ambientales del Pac\u00edfico \u2013 IAP.<\/p>\n","protected":false},"excerpt":{"rendered":"<p>Con el objetivo de desarrollar acciones para la conservaci\u00f3n de la biodiversidad, que contribuyan a fortalecer procesos comunitarios, el Consejo Comunitario Bajo Mira y Frontera y el resguardo Gran Sabalo, participan en el proyecto Pac\u00edfico Biocultural implementado por la Organizaci\u00f3n de las Naciones Unidas para la Alimentaci\u00f3n y la Agricultura \u2013 FAO, con el apoyo [&hellip;]<\/p>\n","protected":false},"author":1,"featured_media":59772,"comment_status":"open","ping_status":"open","sticky":false,"template":"","format":"standard","meta":{"footnotes":""},"categories":[53],"tags":[],"class_list":["post-59771","post","type-post","status-publish","format-standard","has-post-thumbnail","hentry","category-regiones"],"yoast_head":"<!-- This site is optimized with the Yoast SEO plugin v27.1.1 - https:\/\/yoast.com\/product\/yoast-seo-wordpress\/ -->\n<title>Consejo comunitario de Bajo Mira y Frontera e institucionalidad desarrolla proyecto de conservaci\u00f3n ambiental | P\u00e1gina10<\/title>\n<meta name=\"robots\" content=\"index, follow, max-snippet:-1, max-image-preview:large, max-video-preview:-1\" \/>\n<link rel=\"canonical\" href=\"https:\/\/pagina10.com\/web\/consejo-comunitario-de-bajo-mira-y-frontera-e-institucionalidad-desarrolla-proyecto-de-conservacion-ambiental\/\" \/>\n<meta property=\"og:locale\" content=\"es_ES\" \/>\n<meta property=\"og:type\" content=\"article\" \/>\n<meta property=\"og:title\" content=\"Consejo comunitario de Bajo Mira y Frontera e institucionalidad desarrolla proyecto de conservaci\u00f3n ambiental | P\u00e1gina10\" \/>\n<meta property=\"og:description\" content=\"Con el objetivo de desarrollar acciones para la conservaci\u00f3n de la biodiversidad, que contribuyan a fortalecer procesos comunitarios, el Consejo Comunitario Bajo Mira y Frontera y el resguardo Gran Sabalo, participan en el proyecto Pac\u00edfico Biocultural implementado por la Organizaci\u00f3n de las Naciones Unidas para la Alimentaci\u00f3n y la Agricultura \u2013 FAO, con el apoyo [&hellip;]\" \/>\n<meta property=\"og:url\" content=\"https:\/\/pagina10.com\/web\/consejo-comunitario-de-bajo-mira-y-frontera-e-institucionalidad-desarrolla-proyecto-de-conservacion-ambiental\/\" \/>\n<meta property=\"og:site_name\" content=\"P\u00e1gina10\" \/>\n<meta property=\"article:publisher\" content=\"https:\/\/www.facebook.com\/pag10com\" \/>\n<meta property=\"article:published_time\" content=\"2022-06-13T16:32:08+00:00\" \/>\n<meta property=\"og:image\" content=\"https:\/\/pagina10.com\/web\/wp-content\/uploads\/2022\/06\/Captura-de-Pantalla-2022-06-13-a-las-11.31.22-a.-m..png\" \/>\n\t<meta property=\"og:image:width\" content=\"909\" \/>\n\t<meta property=\"og:image:height\" content=\"446\" \/>\n\t<meta property=\"og:image:type\" content=\"image\/png\" \/>\n<meta name=\"author\" content=\"P\u00e1gina 10\" \/>\n<meta name=\"twitter:card\" content=\"summary_large_image\" \/>\n<meta name=\"twitter:creator\" content=\"@Pag10com\" \/>\n<meta name=\"twitter:site\" content=\"@Pag10com\" \/>\n<meta name=\"twitter:label1\" content=\"Escrito por\" \/>\n\t<meta name=\"twitter:data1\" content=\"P\u00e1gina 10\" \/>\n\t<meta name=\"twitter:label2\" content=\"Tiempo de lectura\" \/>\n\t<meta name=\"twitter:data2\" content=\"2 minutos\" \/>\n<script type=\"application\/ld+json\" class=\"yoast-schema-graph\">{\"@context\":\"https:\/\/schema.org\",\"@graph\":[{\"@type\":\"Article\",\"@id\":\"https:\/\/pagina10.com\/web\/consejo-comunitario-de-bajo-mira-y-frontera-e-institucionalidad-desarrolla-proyecto-de-conservacion-ambiental\/#article\",\"isPartOf\":{\"@id\":\"https:\/\/pagina10.com\/web\/consejo-comunitario-de-bajo-mira-y-frontera-e-institucionalidad-desarrolla-proyecto-de-conservacion-ambiental\/\"},\"author\":{\"name\":\"P\u00e1gina 10\",\"@id\":\"https:\/\/pagina10.com\/web\/#\/schema\/person\/2efc4a090d25b667d3bc796798a3a81b\"},\"headline\":\"Consejo comunitario de Bajo Mira y Frontera e institucionalidad desarrolla proyecto de conservaci\u00f3n ambiental\",\"datePublished\":\"2022-06-13T16:32:08+00:00\",\"mainEntityOfPage\":{\"@id\":\"https:\/\/pagina10.com\/web\/consejo-comunitario-de-bajo-mira-y-frontera-e-institucionalidad-desarrolla-proyecto-de-conservacion-ambiental\/\"},\"wordCount\":464,\"commentCount\":0,\"publisher\":{\"@id\":\"https:\/\/pagina10.com\/web\/#organization\"},\"image\":{\"@id\":\"https:\/\/pagina10.com\/web\/consejo-comunitario-de-bajo-mira-y-frontera-e-institucionalidad-desarrolla-proyecto-de-conservacion-ambiental\/#primaryimage\"},\"thumbnailUrl\":\"https:\/\/pagina10.com\/web\/wp-content\/uploads\/2022\/06\/Captura-de-Pantalla-2022-06-13-a-las-11.31.22-a.-m..png\",\"articleSection\":[\"Regiones\"],\"inLanguage\":\"es\",\"potentialAction\":[{\"@type\":\"CommentAction\",\"name\":\"Comment\",\"target\":[\"https:\/\/pagina10.com\/web\/consejo-comunitario-de-bajo-mira-y-frontera-e-institucionalidad-desarrolla-proyecto-de-conservacion-ambiental\/#respond\"]}]},{\"@type\":\"WebPage\",\"@id\":\"https:\/\/pagina10.com\/web\/consejo-comunitario-de-bajo-mira-y-frontera-e-institucionalidad-desarrolla-proyecto-de-conservacion-ambiental\/\",\"url\":\"https:\/\/pagina10.com\/web\/consejo-comunitario-de-bajo-mira-y-frontera-e-institucionalidad-desarrolla-proyecto-de-conservacion-ambiental\/\",\"name\":\"Consejo comunitario de Bajo Mira y Frontera e institucionalidad desarrolla proyecto de conservaci\u00f3n ambiental | P\u00e1gina10\",\"isPartOf\":{\"@id\":\"https:\/\/pagina10.com\/web\/#website\"},\"primaryImageOfPage\":{\"@id\":\"https:\/\/pagina10.com\/web\/consejo-comunitario-de-bajo-mira-y-frontera-e-institucionalidad-desarrolla-proyecto-de-conservacion-ambiental\/#primaryimage\"},\"image\":{\"@id\":\"https:\/\/pagina10.com\/web\/consejo-comunitario-de-bajo-mira-y-frontera-e-institucionalidad-desarrolla-proyecto-de-conservacion-ambiental\/#primaryimage\"},\"thumbnailUrl\":\"https:\/\/pagina10.com\/web\/wp-content\/uploads\/2022\/06\/Captura-de-Pantalla-2022-06-13-a-las-11.31.22-a.-m..png\",\"datePublished\":\"2022-06-13T16:32:08+00:00\",\"breadcrumb\":{\"@id\":\"https:\/\/pagina10.com\/web\/consejo-comunitario-de-bajo-mira-y-frontera-e-institucionalidad-desarrolla-proyecto-de-conservacion-ambiental\/#breadcrumb\"},\"inLanguage\":\"es\",\"potentialAction\":[{\"@type\":\"ReadAction\",\"target\":[\"https:\/\/pagina10.com\/web\/consejo-comunitario-de-bajo-mira-y-frontera-e-institucionalidad-desarrolla-proyecto-de-conservacion-ambiental\/\"]}]},{\"@type\":\"ImageObject\",\"inLanguage\":\"es\",\"@id\":\"https:\/\/pagina10.com\/web\/consejo-comunitario-de-bajo-mira-y-frontera-e-institucionalidad-desarrolla-proyecto-de-conservacion-ambiental\/#primaryimage\",\"url\":\"https:\/\/pagina10.com\/web\/wp-content\/uploads\/2022\/06\/Captura-de-Pantalla-2022-06-13-a-las-11.31.22-a.-m..png\",\"contentUrl\":\"https:\/\/pagina10.com\/web\/wp-content\/uploads\/2022\/06\/Captura-de-Pantalla-2022-06-13-a-las-11.31.22-a.-m..png\",\"width\":909,\"height\":446},{\"@type\":\"BreadcrumbList\",\"@id\":\"https:\/\/pagina10.com\/web\/consejo-comunitario-de-bajo-mira-y-frontera-e-institucionalidad-desarrolla-proyecto-de-conservacion-ambiental\/#breadcrumb\",\"itemListElement\":[{\"@type\":\"ListItem\",\"position\":1,\"name\":\"Portada\",\"item\":\"https:\/\/pagina10.com\/web\/\"},{\"@type\":\"ListItem\",\"position\":2,\"name\":\"Consejo comunitario de Bajo Mira y Frontera e institucionalidad desarrolla proyecto de conservaci\u00f3n ambiental\"}]},{\"@type\":\"WebSite\",\"@id\":\"https:\/\/pagina10.com\/web\/#website\",\"url\":\"https:\/\/pagina10.com\/web\/\",\"name\":\"P\u00e1gina10\",\"description\":\"Peri\u00f3dico Regional\",\"publisher\":{\"@id\":\"https:\/\/pagina10.com\/web\/#organization\"},\"alternateName\":\"P\u00e1gina10 Peri\u00f3dico Regional\",\"potentialAction\":[{\"@type\":\"SearchAction\",\"target\":{\"@type\":\"EntryPoint\",\"urlTemplate\":\"https:\/\/pagina10.com\/web\/?s={search_term_string}\"},\"query-input\":{\"@type\":\"PropertyValueSpecification\",\"valueRequired\":true,\"valueName\":\"search_term_string\"}}],\"inLanguage\":\"es\"},{\"@type\":\"Organization\",\"@id\":\"https:\/\/pagina10.com\/web\/#organization\",\"name\":\"P\u00e1gina10\",\"alternateName\":\"P\u00e1gina10 Peri\u00f3dico Regional\",\"url\":\"https:\/\/pagina10.com\/web\/\",\"logo\":{\"@type\":\"ImageObject\",\"inLanguage\":\"es\",\"@id\":\"https:\/\/pagina10.com\/web\/#\/schema\/logo\/image\/\",\"url\":\"https:\/\/pagina10.com\/web\/wp-content\/uploads\/2024\/01\/40-pagina-10-periodico-regional-pasto.jpg\",\"contentUrl\":\"https:\/\/pagina10.com\/web\/wp-content\/uploads\/2024\/01\/40-pagina-10-periodico-regional-pasto.jpg\",\"width\":1280,\"height\":720,\"caption\":\"P\u00e1gina10\"},\"image\":{\"@id\":\"https:\/\/pagina10.com\/web\/#\/schema\/logo\/image\/\"},\"sameAs\":[\"https:\/\/www.facebook.com\/pag10com\",\"https:\/\/x.com\/Pag10com\",\"https:\/\/www.instagram.com\/pagina10col\/\",\"https:\/\/youtube.com\/channel\/pag10\",\"https:\/\/www.tiktok.com\/@p10col\"]},{\"@type\":\"Person\",\"@id\":\"https:\/\/pagina10.com\/web\/#\/schema\/person\/2efc4a090d25b667d3bc796798a3a81b\",\"name\":\"P\u00e1gina 10\",\"description\":\"P\u00e1gina 10 es un peri\u00f3dico regional que nace en Colombia, en el departamento de Nari\u00f1o, con un enfoque global, fundamentado en cuatro pilares esenciales: la libertad, el pluralismo, la inclusi\u00f3n y la independencia. P\u00e1gina 10 hace referencia a Nari\u00f1o como el d\u00e9cimo departamento creado en Colombia, despu\u00e9s de un proceso pol\u00edtico liderado por actores y actrices regionales con el fin de obtener la independencia y autonom\u00eda de nuestros territorios. Con la creaci\u00f3n de P\u00e1gina 10 se pretende abrir un escenario para el dialogo, la reflexi\u00f3n y el debate que se extienda a otras geograf\u00edas de Am\u00e9rica Latina y del planeta, en una apuesta por transformar colectivamente los desaf\u00edos de un mundo contempor\u00e1neo, m\u00e1s all\u00e1 de las fronteras impuestas.\",\"url\":\"https:\/\/pagina10.com\/web\/author\/pdiezadmin\/\"}]}<\/script>\n<!-- \/ Yoast SEO plugin. -->","yoast_head_json":{"title":"Consejo comunitario de Bajo Mira y Frontera e institucionalidad desarrolla proyecto de conservaci\u00f3n ambiental | P\u00e1gina10","robots":{"index":"index","follow":"follow","max-snippet":"max-snippet:-1","max-image-preview":"max-image-preview:large","max-video-preview":"max-video-preview:-1"},"canonical":"https:\/\/pagina10.com\/web\/consejo-comunitario-de-bajo-mira-y-frontera-e-institucionalidad-desarrolla-proyecto-de-conservacion-ambiental\/","og_locale":"es_ES","og_type":"article","og_title":"Consejo comunitario de Bajo Mira y Frontera e institucionalidad desarrolla proyecto de conservaci\u00f3n ambiental | P\u00e1gina10","og_description":"Con el objetivo de desarrollar acciones para la conservaci\u00f3n de la biodiversidad, que contribuyan a fortalecer procesos comunitarios, el Consejo Comunitario Bajo Mira y Frontera y el resguardo Gran Sabalo, participan en el proyecto Pac\u00edfico Biocultural implementado por la Organizaci\u00f3n de las Naciones Unidas para la Alimentaci\u00f3n y la Agricultura \u2013 FAO, con el apoyo [&hellip;]","og_url":"https:\/\/pagina10.com\/web\/consejo-comunitario-de-bajo-mira-y-frontera-e-institucionalidad-desarrolla-proyecto-de-conservacion-ambiental\/","og_site_name":"P\u00e1gina10","article_publisher":"https:\/\/www.facebook.com\/pag10com","article_published_time":"2022-06-13T16:32:08+00:00","og_image":[{"width":909,"height":446,"url":"https:\/\/pagina10.com\/web\/wp-content\/uploads\/2022\/06\/Captura-de-Pantalla-2022-06-13-a-las-11.31.22-a.-m..png","type":"image\/png"}],"author":"P\u00e1gina 10","twitter_card":"summary_large_image","twitter_creator":"@Pag10com","twitter_site":"@Pag10com","twitter_misc":{"Escrito por":"P\u00e1gina 10","Tiempo de lectura":"2 minutos"},"schema":{"@context":"https:\/\/schema.org","@graph":[{"@type":"Article","@id":"https:\/\/pagina10.com\/web\/consejo-comunitario-de-bajo-mira-y-frontera-e-institucionalidad-desarrolla-proyecto-de-conservacion-ambiental\/#article","isPartOf":{"@id":"https:\/\/pagina10.com\/web\/consejo-comunitario-de-bajo-mira-y-frontera-e-institucionalidad-desarrolla-proyecto-de-conservacion-ambiental\/"},"author":{"name":"P\u00e1gina 10","@id":"https:\/\/pagina10.com\/web\/#\/schema\/person\/2efc4a090d25b667d3bc796798a3a81b"},"headline":"Consejo comunitario de Bajo Mira y Frontera e institucionalidad desarrolla proyecto de conservaci\u00f3n ambiental","datePublished":"2022-06-13T16:32:08+00:00","mainEntityOfPage":{"@id":"https:\/\/pagina10.com\/web\/consejo-comunitario-de-bajo-mira-y-frontera-e-institucionalidad-desarrolla-proyecto-de-conservacion-ambiental\/"},"wordCount":464,"commentCount":0,"publisher":{"@id":"https:\/\/pagina10.com\/web\/#organization"},"image":{"@id":"https:\/\/pagina10.com\/web\/consejo-comunitario-de-bajo-mira-y-frontera-e-institucionalidad-desarrolla-proyecto-de-conservacion-ambiental\/#primaryimage"},"thumbnailUrl":"https:\/\/pagina10.com\/web\/wp-content\/uploads\/2022\/06\/Captura-de-Pantalla-2022-06-13-a-las-11.31.22-a.-m..png","articleSection":["Regiones"],"inLanguage":"es","potentialAction":[{"@type":"CommentAction","name":"Comment","target":["https:\/\/pagina10.com\/web\/consejo-comunitario-de-bajo-mira-y-frontera-e-institucionalidad-desarrolla-proyecto-de-conservacion-ambiental\/#respond"]}]},{"@type":"WebPage","@id":"https:\/\/pagina10.com\/web\/consejo-comunitario-de-bajo-mira-y-frontera-e-institucionalidad-desarrolla-proyecto-de-conservacion-ambiental\/","url":"https:\/\/pagina10.com\/web\/consejo-comunitario-de-bajo-mira-y-frontera-e-institucionalidad-desarrolla-proyecto-de-conservacion-ambiental\/","name":"Consejo comunitario de Bajo Mira y Frontera e institucionalidad desarrolla proyecto de conservaci\u00f3n ambiental | P\u00e1gina10","isPartOf":{"@id":"https:\/\/pagina10.com\/web\/#website"},"primaryImageOfPage":{"@id":"https:\/\/pagina10.com\/web\/consejo-comunitario-de-bajo-mira-y-frontera-e-institucionalidad-desarrolla-proyecto-de-conservacion-ambiental\/#primaryimage"},"image":{"@id":"https:\/\/pagina10.com\/web\/consejo-comunitario-de-bajo-mira-y-frontera-e-institucionalidad-desarrolla-proyecto-de-conservacion-ambiental\/#primaryimage"},"thumbnailUrl":"https:\/\/pagina10.com\/web\/wp-content\/uploads\/2022\/06\/Captura-de-Pantalla-2022-06-13-a-las-11.31.22-a.-m..png","datePublished":"2022-06-13T16:32:08+00:00","breadcrumb":{"@id":"https:\/\/pagina10.com\/web\/consejo-comunitario-de-bajo-mira-y-frontera-e-institucionalidad-desarrolla-proyecto-de-conservacion-ambiental\/#breadcrumb"},"inLanguage":"es","potentialAction":[{"@type":"ReadAction","target":["https:\/\/pagina10.com\/web\/consejo-comunitario-de-bajo-mira-y-frontera-e-institucionalidad-desarrolla-proyecto-de-conservacion-ambiental\/"]}]},{"@type":"ImageObject","inLanguage":"es","@id":"https:\/\/pagina10.com\/web\/consejo-comunitario-de-bajo-mira-y-frontera-e-institucionalidad-desarrolla-proyecto-de-conservacion-ambiental\/#primaryimage","url":"https:\/\/pagina10.com\/web\/wp-content\/uploads\/2022\/06\/Captura-de-Pantalla-2022-06-13-a-las-11.31.22-a.-m..png","contentUrl":"https:\/\/pagina10.com\/web\/wp-content\/uploads\/2022\/06\/Captura-de-Pantalla-2022-06-13-a-las-11.31.22-a.-m..png","width":909,"height":446},{"@type":"BreadcrumbList","@id":"https:\/\/pagina10.com\/web\/consejo-comunitario-de-bajo-mira-y-frontera-e-institucionalidad-desarrolla-proyecto-de-conservacion-ambiental\/#breadcrumb","itemListElement":[{"@type":"ListItem","position":1,"name":"Portada","item":"https:\/\/pagina10.com\/web\/"},{"@type":"ListItem","position":2,"name":"Consejo comunitario de Bajo Mira y Frontera e institucionalidad desarrolla proyecto de conservaci\u00f3n ambiental"}]},{"@type":"WebSite","@id":"https:\/\/pagina10.com\/web\/#website","url":"https:\/\/pagina10.com\/web\/","name":"P\u00e1gina10","description":"Peri\u00f3dico Regional","publisher":{"@id":"https:\/\/pagina10.com\/web\/#organization"},"alternateName":"P\u00e1gina10 Peri\u00f3dico Regional","potentialAction":[{"@type":"SearchAction","target":{"@type":"EntryPoint","urlTemplate":"https:\/\/pagina10.com\/web\/?s={search_term_string}"},"query-input":{"@type":"PropertyValueSpecification","valueRequired":true,"valueName":"search_term_string"}}],"inLanguage":"es"},{"@type":"Organization","@id":"https:\/\/pagina10.com\/web\/#organization","name":"P\u00e1gina10","alternateName":"P\u00e1gina10 Peri\u00f3dico Regional","url":"https:\/\/pagina10.com\/web\/","logo":{"@type":"ImageObject","inLanguage":"es","@id":"https:\/\/pagina10.com\/web\/#\/schema\/logo\/image\/","url":"https:\/\/pagina10.com\/web\/wp-content\/uploads\/2024\/01\/40-pagina-10-periodico-regional-pasto.jpg","contentUrl":"https:\/\/pagina10.com\/web\/wp-content\/uploads\/2024\/01\/40-pagina-10-periodico-regional-pasto.jpg","width":1280,"height":720,"caption":"P\u00e1gina10"},"image":{"@id":"https:\/\/pagina10.com\/web\/#\/schema\/logo\/image\/"},"sameAs":["https:\/\/www.facebook.com\/pag10com","https:\/\/x.com\/Pag10com","https:\/\/www.instagram.com\/pagina10col\/","https:\/\/youtube.com\/channel\/pag10","https:\/\/www.tiktok.com\/@p10col"]},{"@type":"Person","@id":"https:\/\/pagina10.com\/web\/#\/schema\/person\/2efc4a090d25b667d3bc796798a3a81b","name":"P\u00e1gina 10","description":"P\u00e1gina 10 es un peri\u00f3dico regional que nace en Colombia, en el departamento de Nari\u00f1o, con un enfoque global, fundamentado en cuatro pilares esenciales: la libertad, el pluralismo, la inclusi\u00f3n y la independencia. P\u00e1gina 10 hace referencia a Nari\u00f1o como el d\u00e9cimo departamento creado en Colombia, despu\u00e9s de un proceso pol\u00edtico liderado por actores y actrices regionales con el fin de obtener la independencia y autonom\u00eda de nuestros territorios. Con la creaci\u00f3n de P\u00e1gina 10 se pretende abrir un escenario para el dialogo, la reflexi\u00f3n y el debate que se extienda a otras geograf\u00edas de Am\u00e9rica Latina y del planeta, en una apuesta por transformar colectivamente los desaf\u00edos de un mundo contempor\u00e1neo, m\u00e1s all\u00e1 de las fronteras impuestas.","url":"https:\/\/pagina10.com\/web\/author\/pdiezadmin\/"}]}},"_links":{"self":[{"href":"https:\/\/pagina10.com\/web\/wp-json\/wp\/v2\/posts\/59771","targetHints":{"allow":["GET"]}}],"collection":[{"href":"https:\/\/pagina10.com\/web\/wp-json\/wp\/v2\/posts"}],"about":[{"href":"https:\/\/pagina10.com\/web\/wp-json\/wp\/v2\/types\/post"}],"author":[{"embeddable":true,"href":"https:\/\/pagina10.com\/web\/wp-json\/wp\/v2\/users\/1"}],"replies":[{"embeddable":true,"href":"https:\/\/pagina10.com\/web\/wp-json\/wp\/v2\/comments?post=59771"}],"version-history":[{"count":1,"href":"https:\/\/pagina10.com\/web\/wp-json\/wp\/v2\/posts\/59771\/revisions"}],"predecessor-version":[{"id":59773,"href":"https:\/\/pagina10.com\/web\/wp-json\/wp\/v2\/posts\/59771\/revisions\/59773"}],"wp:featuredmedia":[{"embeddable":true,"href":"https:\/\/pagina10.com\/web\/wp-json\/wp\/v2\/media\/59772"}],"wp:attachment":[{"href":"https:\/\/pagina10.com\/web\/wp-json\/wp\/v2\/media?parent=59771"}],"wp:term":[{"taxonomy":"category","embeddable":true,"href":"https:\/\/pagina10.com\/web\/wp-json\/wp\/v2\/categories?post=59771"},{"taxonomy":"post_tag","embeddable":true,"href":"https:\/\/pagina10.com\/web\/wp-json\/wp\/v2\/tags?post=59771"}],"curies":[{"name":"wp","href":"https:\/\/api.w.org\/{rel}","templated":true}]}}