{"id":59774,"date":"2022-06-13T11:34:35","date_gmt":"2022-06-13T16:34:35","guid":{"rendered":"https:\/\/pagina10.com\/web\/?p=59774"},"modified":"2022-06-13T11:34:35","modified_gmt":"2022-06-13T16:34:35","slug":"gobernador-pidio-a-cedenar-explicar-por-que-tumaco-y-la-costa-tienen-reiteradas-fallas-en-servicio-de-energia","status":"publish","type":"post","link":"https:\/\/pagina10.com\/web\/gobernador-pidio-a-cedenar-explicar-por-que-tumaco-y-la-costa-tienen-reiteradas-fallas-en-servicio-de-energia\/","title":{"rendered":"Gobernador pidi\u00f3 a Cedenar explicar por qu\u00e9 Tumaco y la Costa tienen reiteradas fallas en servicio de energ\u00eda"},"content":{"rendered":"<p style=\"text-align: justify;\">A trav\u00e9s de un derecho de petici\u00f3n el Gobernador de Nari\u00f1o, Jhon Rojas, solicit\u00f3 a la Empresa CEDENAR S.A. E.S.P. y a la Superintendencia de Servicios P\u00fablicos, se explique cu\u00e1les son las razones para las constantes fallas en el servicio de energ\u00eda qu\u00e9 afectan a los habitantes del municipio de Tumaco y de otros municipios de la costa pac\u00edfica nari\u00f1ense, adem\u00e1s, pidi\u00f3 a la empresa de energ\u00eda, qu\u00e9 exponga, qu\u00e9 trabajos se realizan para corregir est\u00e1 deficiencia qu\u00e9 hist\u00f3ricamente se presenta en este municipio.<\/p>\n<p style=\"text-align: justify;\">El mandatario de los nari\u00f1enses explic\u00f3 qu\u00e9 las fallas en el servicio de energ\u00eda el\u00e9ctrica en la costa pac\u00edfica y especialmente en Tumaco, afectan la dignidad, la econom\u00eda, la seguridad y el desarrollo de miles de familias en esta regi\u00f3n y asegur\u00f3 que espera la pronta respuesta de la empresa electrificadora y asegur\u00f3 qu\u00e9 la Gobernaci\u00f3n de Nari\u00f1o est\u00e1 dispuesta a acompa\u00f1ar las gestiones que posibiliten una mejor prestaci\u00f3n de este servicio.<\/p>\n<p style=\"text-align: justify;\">Adem\u00e1s, asegur\u00f3 qu\u00e9 es muy importante qu\u00e9 entidades como la Procuradur\u00eda, la Defensor\u00eda del Pueblo, la Comisi\u00f3n de Regulaci\u00f3n de Energ\u00eda y Gas -CREG , y el Ministerio de Minas y Energ\u00eda, conozcan la situaci\u00f3n que padecen miles de familias en la costa pac\u00edfica nari\u00f1ense, quienes reciben un servicio de energ\u00eda intermitente, a altos costos y con muchas deficiencias, hecho qu\u00e9 se convierte en un obst\u00e1culo para el desarrollo de las empresas, para la instalaci\u00f3n de nuevos emprendimientos, pero sobre todo qu\u00e9 afecta la calidad de vida de las familias tumaque\u00f1as.<\/p>\n<p style=\"text-align: justify;\">Para el Director de Acopi seccional Nari\u00f1o, Andr\u00e9s Rojas, la deficiencia hist\u00f3rica en la prestaci\u00f3n del servicio de energ\u00eda en el puerto de Tumaco y los altos costos de la energ\u00eda en Nari\u00f1o han sido una barrera para qu\u00e9 nuevas empresas lleguen a la regi\u00f3n y especialmente a este importante puerto sobre el mar Pac\u00edfico nari\u00f1ense, las continuas fallas en la prestaci\u00f3n del servicio, seg\u00fan el representante gremial, son las principales causas para que el puerto de Tumaco hoy no cuente con un desarrollo empresarial acorde a su ubicaci\u00f3n estrat\u00e9gica.<\/p>\n","protected":false},"excerpt":{"rendered":"<p>A trav\u00e9s de un derecho de petici\u00f3n el Gobernador de Nari\u00f1o, Jhon Rojas, solicit\u00f3 a la Empresa CEDENAR S.A. E.S.P. y a la Superintendencia de Servicios P\u00fablicos, se explique cu\u00e1les son las razones para las constantes fallas en el servicio de energ\u00eda qu\u00e9 afectan a los habitantes del municipio de Tumaco y de otros municipios [&hellip;]<\/p>\n","protected":false},"author":1,"featured_media":0,"comment_status":"open","ping_status":"open","sticky":false,"template":"","format":"standard","meta":{"footnotes":""},"categories":[53],"tags":[],"class_list":["post-59774","post","type-post","status-publish","format-standard","hentry","category-regiones"],"yoast_head":"<!-- This site is optimized with the Yoast SEO plugin v27.1.1 - https:\/\/yoast.com\/product\/yoast-seo-wordpress\/ -->\n<title>Gobernador pidi\u00f3 a Cedenar explicar por qu\u00e9 Tumaco y la Costa tienen reiteradas fallas en servicio de energ\u00eda | P\u00e1gina10<\/title>\n<meta name=\"robots\" content=\"index, follow, max-snippet:-1, max-image-preview:large, max-video-preview:-1\" \/>\n<link rel=\"canonical\" href=\"https:\/\/pagina10.com\/web\/gobernador-pidio-a-cedenar-explicar-por-que-tumaco-y-la-costa-tienen-reiteradas-fallas-en-servicio-de-energia\/\" \/>\n<meta property=\"og:locale\" content=\"es_ES\" \/>\n<meta property=\"og:type\" content=\"article\" \/>\n<meta property=\"og:title\" content=\"Gobernador pidi\u00f3 a Cedenar explicar por qu\u00e9 Tumaco y la Costa tienen reiteradas fallas en servicio de energ\u00eda | P\u00e1gina10\" \/>\n<meta property=\"og:description\" content=\"A trav\u00e9s de un derecho de petici\u00f3n el Gobernador de Nari\u00f1o, Jhon Rojas, solicit\u00f3 a la Empresa CEDENAR S.A. E.S.P. y a la Superintendencia de Servicios P\u00fablicos, se explique cu\u00e1les son las razones para las constantes fallas en el servicio de energ\u00eda qu\u00e9 afectan a los habitantes del municipio de Tumaco y de otros municipios [&hellip;]\" \/>\n<meta property=\"og:url\" content=\"https:\/\/pagina10.com\/web\/gobernador-pidio-a-cedenar-explicar-por-que-tumaco-y-la-costa-tienen-reiteradas-fallas-en-servicio-de-energia\/\" \/>\n<meta property=\"og:site_name\" content=\"P\u00e1gina10\" \/>\n<meta property=\"article:publisher\" content=\"https:\/\/www.facebook.com\/pag10com\" \/>\n<meta property=\"article:published_time\" content=\"2022-06-13T16:34:35+00:00\" \/>\n<meta property=\"og:image\" content=\"https:\/\/pagina10.com\/web\/wp-content\/uploads\/2020\/12\/gbr.png\" \/>\n\t<meta property=\"og:image:width\" content=\"609\" \/>\n\t<meta property=\"og:image:height\" content=\"395\" \/>\n\t<meta property=\"og:image:type\" content=\"image\/png\" \/>\n<meta name=\"author\" content=\"P\u00e1gina 10\" \/>\n<meta name=\"twitter:card\" content=\"summary_large_image\" \/>\n<meta name=\"twitter:creator\" content=\"@Pag10com\" \/>\n<meta name=\"twitter:site\" content=\"@Pag10com\" \/>\n<meta name=\"twitter:label1\" content=\"Escrito por\" \/>\n\t<meta name=\"twitter:data1\" content=\"P\u00e1gina 10\" \/>\n\t<meta name=\"twitter:label2\" content=\"Tiempo de lectura\" \/>\n\t<meta name=\"twitter:data2\" content=\"2 minutos\" \/>\n<script type=\"application\/ld+json\" class=\"yoast-schema-graph\">{\"@context\":\"https:\/\/schema.org\",\"@graph\":[{\"@type\":\"Article\",\"@id\":\"https:\/\/pagina10.com\/web\/gobernador-pidio-a-cedenar-explicar-por-que-tumaco-y-la-costa-tienen-reiteradas-fallas-en-servicio-de-energia\/#article\",\"isPartOf\":{\"@id\":\"https:\/\/pagina10.com\/web\/gobernador-pidio-a-cedenar-explicar-por-que-tumaco-y-la-costa-tienen-reiteradas-fallas-en-servicio-de-energia\/\"},\"author\":{\"name\":\"P\u00e1gina 10\",\"@id\":\"https:\/\/pagina10.com\/web\/#\/schema\/person\/2efc4a090d25b667d3bc796798a3a81b\"},\"headline\":\"Gobernador pidi\u00f3 a Cedenar explicar por qu\u00e9 Tumaco y la Costa tienen reiteradas fallas en servicio de energ\u00eda\",\"datePublished\":\"2022-06-13T16:34:35+00:00\",\"mainEntityOfPage\":{\"@id\":\"https:\/\/pagina10.com\/web\/gobernador-pidio-a-cedenar-explicar-por-que-tumaco-y-la-costa-tienen-reiteradas-fallas-en-servicio-de-energia\/\"},\"wordCount\":407,\"commentCount\":0,\"publisher\":{\"@id\":\"https:\/\/pagina10.com\/web\/#organization\"},\"articleSection\":[\"Regiones\"],\"inLanguage\":\"es\",\"potentialAction\":[{\"@type\":\"CommentAction\",\"name\":\"Comment\",\"target\":[\"https:\/\/pagina10.com\/web\/gobernador-pidio-a-cedenar-explicar-por-que-tumaco-y-la-costa-tienen-reiteradas-fallas-en-servicio-de-energia\/#respond\"]}]},{\"@type\":\"WebPage\",\"@id\":\"https:\/\/pagina10.com\/web\/gobernador-pidio-a-cedenar-explicar-por-que-tumaco-y-la-costa-tienen-reiteradas-fallas-en-servicio-de-energia\/\",\"url\":\"https:\/\/pagina10.com\/web\/gobernador-pidio-a-cedenar-explicar-por-que-tumaco-y-la-costa-tienen-reiteradas-fallas-en-servicio-de-energia\/\",\"name\":\"Gobernador pidi\u00f3 a Cedenar explicar por qu\u00e9 Tumaco y la Costa tienen reiteradas fallas en servicio de energ\u00eda | P\u00e1gina10\",\"isPartOf\":{\"@id\":\"https:\/\/pagina10.com\/web\/#website\"},\"datePublished\":\"2022-06-13T16:34:35+00:00\",\"breadcrumb\":{\"@id\":\"https:\/\/pagina10.com\/web\/gobernador-pidio-a-cedenar-explicar-por-que-tumaco-y-la-costa-tienen-reiteradas-fallas-en-servicio-de-energia\/#breadcrumb\"},\"inLanguage\":\"es\",\"potentialAction\":[{\"@type\":\"ReadAction\",\"target\":[\"https:\/\/pagina10.com\/web\/gobernador-pidio-a-cedenar-explicar-por-que-tumaco-y-la-costa-tienen-reiteradas-fallas-en-servicio-de-energia\/\"]}]},{\"@type\":\"BreadcrumbList\",\"@id\":\"https:\/\/pagina10.com\/web\/gobernador-pidio-a-cedenar-explicar-por-que-tumaco-y-la-costa-tienen-reiteradas-fallas-en-servicio-de-energia\/#breadcrumb\",\"itemListElement\":[{\"@type\":\"ListItem\",\"position\":1,\"name\":\"Portada\",\"item\":\"https:\/\/pagina10.com\/web\/\"},{\"@type\":\"ListItem\",\"position\":2,\"name\":\"Gobernador pidi\u00f3 a Cedenar explicar por qu\u00e9 Tumaco y la Costa tienen reiteradas fallas en servicio de energ\u00eda\"}]},{\"@type\":\"WebSite\",\"@id\":\"https:\/\/pagina10.com\/web\/#website\",\"url\":\"https:\/\/pagina10.com\/web\/\",\"name\":\"P\u00e1gina10\",\"description\":\"Peri\u00f3dico Regional\",\"publisher\":{\"@id\":\"https:\/\/pagina10.com\/web\/#organization\"},\"alternateName\":\"P\u00e1gina10 Peri\u00f3dico Regional\",\"potentialAction\":[{\"@type\":\"SearchAction\",\"target\":{\"@type\":\"EntryPoint\",\"urlTemplate\":\"https:\/\/pagina10.com\/web\/?s={search_term_string}\"},\"query-input\":{\"@type\":\"PropertyValueSpecification\",\"valueRequired\":true,\"valueName\":\"search_term_string\"}}],\"inLanguage\":\"es\"},{\"@type\":\"Organization\",\"@id\":\"https:\/\/pagina10.com\/web\/#organization\",\"name\":\"P\u00e1gina10\",\"alternateName\":\"P\u00e1gina10 Peri\u00f3dico Regional\",\"url\":\"https:\/\/pagina10.com\/web\/\",\"logo\":{\"@type\":\"ImageObject\",\"inLanguage\":\"es\",\"@id\":\"https:\/\/pagina10.com\/web\/#\/schema\/logo\/image\/\",\"url\":\"https:\/\/pagina10.com\/web\/wp-content\/uploads\/2024\/01\/40-pagina-10-periodico-regional-pasto.jpg\",\"contentUrl\":\"https:\/\/pagina10.com\/web\/wp-content\/uploads\/2024\/01\/40-pagina-10-periodico-regional-pasto.jpg\",\"width\":1280,\"height\":720,\"caption\":\"P\u00e1gina10\"},\"image\":{\"@id\":\"https:\/\/pagina10.com\/web\/#\/schema\/logo\/image\/\"},\"sameAs\":[\"https:\/\/www.facebook.com\/pag10com\",\"https:\/\/x.com\/Pag10com\",\"https:\/\/www.instagram.com\/pagina10col\/\",\"https:\/\/youtube.com\/channel\/pag10\",\"https:\/\/www.tiktok.com\/@p10col\"]},{\"@type\":\"Person\",\"@id\":\"https:\/\/pagina10.com\/web\/#\/schema\/person\/2efc4a090d25b667d3bc796798a3a81b\",\"name\":\"P\u00e1gina 10\",\"description\":\"P\u00e1gina 10 es un peri\u00f3dico regional que nace en Colombia, en el departamento de Nari\u00f1o, con un enfoque global, fundamentado en cuatro pilares esenciales: la libertad, el pluralismo, la inclusi\u00f3n y la independencia. P\u00e1gina 10 hace referencia a Nari\u00f1o como el d\u00e9cimo departamento creado en Colombia, despu\u00e9s de un proceso pol\u00edtico liderado por actores y actrices regionales con el fin de obtener la independencia y autonom\u00eda de nuestros territorios. Con la creaci\u00f3n de P\u00e1gina 10 se pretende abrir un escenario para el dialogo, la reflexi\u00f3n y el debate que se extienda a otras geograf\u00edas de Am\u00e9rica Latina y del planeta, en una apuesta por transformar colectivamente los desaf\u00edos de un mundo contempor\u00e1neo, m\u00e1s all\u00e1 de las fronteras impuestas.\",\"url\":\"https:\/\/pagina10.com\/web\/author\/pdiezadmin\/\"}]}<\/script>\n<!-- \/ Yoast SEO plugin. -->","yoast_head_json":{"title":"Gobernador pidi\u00f3 a Cedenar explicar por qu\u00e9 Tumaco y la Costa tienen reiteradas fallas en servicio de energ\u00eda | P\u00e1gina10","robots":{"index":"index","follow":"follow","max-snippet":"max-snippet:-1","max-image-preview":"max-image-preview:large","max-video-preview":"max-video-preview:-1"},"canonical":"https:\/\/pagina10.com\/web\/gobernador-pidio-a-cedenar-explicar-por-que-tumaco-y-la-costa-tienen-reiteradas-fallas-en-servicio-de-energia\/","og_locale":"es_ES","og_type":"article","og_title":"Gobernador pidi\u00f3 a Cedenar explicar por qu\u00e9 Tumaco y la Costa tienen reiteradas fallas en servicio de energ\u00eda | P\u00e1gina10","og_description":"A trav\u00e9s de un derecho de petici\u00f3n el Gobernador de Nari\u00f1o, Jhon Rojas, solicit\u00f3 a la Empresa CEDENAR S.A. E.S.P. y a la Superintendencia de Servicios P\u00fablicos, se explique cu\u00e1les son las razones para las constantes fallas en el servicio de energ\u00eda qu\u00e9 afectan a los habitantes del municipio de Tumaco y de otros municipios [&hellip;]","og_url":"https:\/\/pagina10.com\/web\/gobernador-pidio-a-cedenar-explicar-por-que-tumaco-y-la-costa-tienen-reiteradas-fallas-en-servicio-de-energia\/","og_site_name":"P\u00e1gina10","article_publisher":"https:\/\/www.facebook.com\/pag10com","article_published_time":"2022-06-13T16:34:35+00:00","og_image":[{"width":609,"height":395,"url":"https:\/\/pagina10.com\/web\/wp-content\/uploads\/2020\/12\/gbr.png","type":"image\/png"}],"author":"P\u00e1gina 10","twitter_card":"summary_large_image","twitter_creator":"@Pag10com","twitter_site":"@Pag10com","twitter_misc":{"Escrito por":"P\u00e1gina 10","Tiempo de lectura":"2 minutos"},"schema":{"@context":"https:\/\/schema.org","@graph":[{"@type":"Article","@id":"https:\/\/pagina10.com\/web\/gobernador-pidio-a-cedenar-explicar-por-que-tumaco-y-la-costa-tienen-reiteradas-fallas-en-servicio-de-energia\/#article","isPartOf":{"@id":"https:\/\/pagina10.com\/web\/gobernador-pidio-a-cedenar-explicar-por-que-tumaco-y-la-costa-tienen-reiteradas-fallas-en-servicio-de-energia\/"},"author":{"name":"P\u00e1gina 10","@id":"https:\/\/pagina10.com\/web\/#\/schema\/person\/2efc4a090d25b667d3bc796798a3a81b"},"headline":"Gobernador pidi\u00f3 a Cedenar explicar por qu\u00e9 Tumaco y la Costa tienen reiteradas fallas en servicio de energ\u00eda","datePublished":"2022-06-13T16:34:35+00:00","mainEntityOfPage":{"@id":"https:\/\/pagina10.com\/web\/gobernador-pidio-a-cedenar-explicar-por-que-tumaco-y-la-costa-tienen-reiteradas-fallas-en-servicio-de-energia\/"},"wordCount":407,"commentCount":0,"publisher":{"@id":"https:\/\/pagina10.com\/web\/#organization"},"articleSection":["Regiones"],"inLanguage":"es","potentialAction":[{"@type":"CommentAction","name":"Comment","target":["https:\/\/pagina10.com\/web\/gobernador-pidio-a-cedenar-explicar-por-que-tumaco-y-la-costa-tienen-reiteradas-fallas-en-servicio-de-energia\/#respond"]}]},{"@type":"WebPage","@id":"https:\/\/pagina10.com\/web\/gobernador-pidio-a-cedenar-explicar-por-que-tumaco-y-la-costa-tienen-reiteradas-fallas-en-servicio-de-energia\/","url":"https:\/\/pagina10.com\/web\/gobernador-pidio-a-cedenar-explicar-por-que-tumaco-y-la-costa-tienen-reiteradas-fallas-en-servicio-de-energia\/","name":"Gobernador pidi\u00f3 a Cedenar explicar por qu\u00e9 Tumaco y la Costa tienen reiteradas fallas en servicio de energ\u00eda | P\u00e1gina10","isPartOf":{"@id":"https:\/\/pagina10.com\/web\/#website"},"datePublished":"2022-06-13T16:34:35+00:00","breadcrumb":{"@id":"https:\/\/pagina10.com\/web\/gobernador-pidio-a-cedenar-explicar-por-que-tumaco-y-la-costa-tienen-reiteradas-fallas-en-servicio-de-energia\/#breadcrumb"},"inLanguage":"es","potentialAction":[{"@type":"ReadAction","target":["https:\/\/pagina10.com\/web\/gobernador-pidio-a-cedenar-explicar-por-que-tumaco-y-la-costa-tienen-reiteradas-fallas-en-servicio-de-energia\/"]}]},{"@type":"BreadcrumbList","@id":"https:\/\/pagina10.com\/web\/gobernador-pidio-a-cedenar-explicar-por-que-tumaco-y-la-costa-tienen-reiteradas-fallas-en-servicio-de-energia\/#breadcrumb","itemListElement":[{"@type":"ListItem","position":1,"name":"Portada","item":"https:\/\/pagina10.com\/web\/"},{"@type":"ListItem","position":2,"name":"Gobernador pidi\u00f3 a Cedenar explicar por qu\u00e9 Tumaco y la Costa tienen reiteradas fallas en servicio de energ\u00eda"}]},{"@type":"WebSite","@id":"https:\/\/pagina10.com\/web\/#website","url":"https:\/\/pagina10.com\/web\/","name":"P\u00e1gina10","description":"Peri\u00f3dico Regional","publisher":{"@id":"https:\/\/pagina10.com\/web\/#organization"},"alternateName":"P\u00e1gina10 Peri\u00f3dico Regional","potentialAction":[{"@type":"SearchAction","target":{"@type":"EntryPoint","urlTemplate":"https:\/\/pagina10.com\/web\/?s={search_term_string}"},"query-input":{"@type":"PropertyValueSpecification","valueRequired":true,"valueName":"search_term_string"}}],"inLanguage":"es"},{"@type":"Organization","@id":"https:\/\/pagina10.com\/web\/#organization","name":"P\u00e1gina10","alternateName":"P\u00e1gina10 Peri\u00f3dico Regional","url":"https:\/\/pagina10.com\/web\/","logo":{"@type":"ImageObject","inLanguage":"es","@id":"https:\/\/pagina10.com\/web\/#\/schema\/logo\/image\/","url":"https:\/\/pagina10.com\/web\/wp-content\/uploads\/2024\/01\/40-pagina-10-periodico-regional-pasto.jpg","contentUrl":"https:\/\/pagina10.com\/web\/wp-content\/uploads\/2024\/01\/40-pagina-10-periodico-regional-pasto.jpg","width":1280,"height":720,"caption":"P\u00e1gina10"},"image":{"@id":"https:\/\/pagina10.com\/web\/#\/schema\/logo\/image\/"},"sameAs":["https:\/\/www.facebook.com\/pag10com","https:\/\/x.com\/Pag10com","https:\/\/www.instagram.com\/pagina10col\/","https:\/\/youtube.com\/channel\/pag10","https:\/\/www.tiktok.com\/@p10col"]},{"@type":"Person","@id":"https:\/\/pagina10.com\/web\/#\/schema\/person\/2efc4a090d25b667d3bc796798a3a81b","name":"P\u00e1gina 10","description":"P\u00e1gina 10 es un peri\u00f3dico regional que nace en Colombia, en el departamento de Nari\u00f1o, con un enfoque global, fundamentado en cuatro pilares esenciales: la libertad, el pluralismo, la inclusi\u00f3n y la independencia. P\u00e1gina 10 hace referencia a Nari\u00f1o como el d\u00e9cimo departamento creado en Colombia, despu\u00e9s de un proceso pol\u00edtico liderado por actores y actrices regionales con el fin de obtener la independencia y autonom\u00eda de nuestros territorios. Con la creaci\u00f3n de P\u00e1gina 10 se pretende abrir un escenario para el dialogo, la reflexi\u00f3n y el debate que se extienda a otras geograf\u00edas de Am\u00e9rica Latina y del planeta, en una apuesta por transformar colectivamente los desaf\u00edos de un mundo contempor\u00e1neo, m\u00e1s all\u00e1 de las fronteras impuestas.","url":"https:\/\/pagina10.com\/web\/author\/pdiezadmin\/"}]}},"_links":{"self":[{"href":"https:\/\/pagina10.com\/web\/wp-json\/wp\/v2\/posts\/59774","targetHints":{"allow":["GET"]}}],"collection":[{"href":"https:\/\/pagina10.com\/web\/wp-json\/wp\/v2\/posts"}],"about":[{"href":"https:\/\/pagina10.com\/web\/wp-json\/wp\/v2\/types\/post"}],"author":[{"embeddable":true,"href":"https:\/\/pagina10.com\/web\/wp-json\/wp\/v2\/users\/1"}],"replies":[{"embeddable":true,"href":"https:\/\/pagina10.com\/web\/wp-json\/wp\/v2\/comments?post=59774"}],"version-history":[{"count":1,"href":"https:\/\/pagina10.com\/web\/wp-json\/wp\/v2\/posts\/59774\/revisions"}],"predecessor-version":[{"id":59775,"href":"https:\/\/pagina10.com\/web\/wp-json\/wp\/v2\/posts\/59774\/revisions\/59775"}],"wp:attachment":[{"href":"https:\/\/pagina10.com\/web\/wp-json\/wp\/v2\/media?parent=59774"}],"wp:term":[{"taxonomy":"category","embeddable":true,"href":"https:\/\/pagina10.com\/web\/wp-json\/wp\/v2\/categories?post=59774"},{"taxonomy":"post_tag","embeddable":true,"href":"https:\/\/pagina10.com\/web\/wp-json\/wp\/v2\/tags?post=59774"}],"curies":[{"name":"wp","href":"https:\/\/api.w.org\/{rel}","templated":true}]}}