{"id":59783,"date":"2022-06-13T11:42:52","date_gmt":"2022-06-13T16:42:52","guid":{"rendered":"https:\/\/pagina10.com\/web\/?p=59783"},"modified":"2022-06-13T11:42:52","modified_gmt":"2022-06-13T16:42:52","slug":"en-narino-se-suman-esfuerzos-por-una-infancia-libre-de-trabajo-infantil","status":"publish","type":"post","link":"https:\/\/pagina10.com\/web\/en-narino-se-suman-esfuerzos-por-una-infancia-libre-de-trabajo-infantil\/","title":{"rendered":"En Nari\u00f1o se suman esfuerzos por una infancia Libre de Trabajo Infantil"},"content":{"rendered":"<p style=\"text-align: justify;\">La campa\u00f1a \u2018Nari\u00f1o, Sumemos esfuerzos por una Infancia libre de Trabajo Infantil\u2019, se lidera desde el Comit\u00e9 Interinstitucional de Erradicaci\u00f3n de Trabajo Infantil -CIETI en el que convergen instituciones que propenden por la defensa de los derechos de ni\u00f1as, ni\u00f1os y adolescentes, liderado por el Ministerio del Trabajo, la Gobernaci\u00f3n de Nari\u00f1o, ICBF, Polic\u00eda de Infancia y Adolescencia, entre otras.<\/p>\n<p style=\"text-align: justify;\">El 12 de junio en la conmemoraci\u00f3n del D\u00eda Mundial contra el Trabajo Infantil, se lideran toda clase de iniciativas por la protecci\u00f3n integral al menor y al adolescente trabajador, que busca redoblar esfuerzos en torno a la prevenci\u00f3n y erradicaci\u00f3n del trabajo infantil, para acelerar las acciones hacia el objetivo de la Agenda 20-30 establecido en la meta 8.7 de los Objetivos de Desarrollo Sostenible (ODS) de poner fin al trabajo infantil en todas sus formas para el a\u00f1o 2025.<\/p>\n<p style=\"text-align: justify;\">El esfuerzo de las instituciones departamentales radica en minimizar al m\u00e1ximo las cifras registradas de casos de violencia en contra de los menores a trav\u00e9s de este flagelo.<\/p>\n<p style=\"text-align: justify;\">\u201cAfortunadamente desde el a\u00f1o 2020 hemos reducido esas cifras, la tasa de trabajo infantil bajo del 5% al 4.8%; y en el 2021 lo que va registrado pasamos del 4.8% al 4.5%. Los esfuerzos se est\u00e1n generando desde las<br \/>\nentidades buscando a los ni\u00f1os y restableciendo sus derechos. Lo que buscamos es reducir esas cifras a 0% a trav\u00e9s de la Pol\u00edtica Publica de erradicaci\u00f3n de trabajo infantil, el fortalecimiento de la arquitectura institucional y la articulaci\u00f3n entre todas las entidades\u201d, indic\u00f3 el Director Territorial del Ministerio del Trabajo seccional Nari\u00f1o, Yesid Tobar.<\/p>\n<p style=\"text-align: justify;\">Desde la Gobernaci\u00f3n de Nari\u00f1o, a trav\u00e9s de la Secretar\u00eda de Equidad de G\u00e9nero e Inclusi\u00f3n Social, se establece esta campa\u00f1a como un mensaje de conciencia para toda la comunidad evitando este tipo de casos. \u201cLa campa\u00f1a \u2018Nari\u00f1o, Sumemos Esfuerzos por una Infancia libre de Trabajo Infantil\u2019, pretende realizar concientizaci\u00f3n, en los ni\u00f1os, ni\u00f1as y adolescentes, padres de familia, docentes y la sociedad en general, acerca de la importancia de erradicar el trabajo infantil en nuestro Departamento, enmarcado en un contexto de postpandemia y de las consecuencias que conlleva este flagelo, lo que motiva a\u00fan m\u00e1s, a actuar con prontitud para continuar protegiendo a nuestros ni\u00f1os, ni\u00f1as y adolescentes\u201d, Secretaria SEGIS, Ver\u00f3nica Caicedo.<br \/>\nEntre otros procesos, desde el CIETI Departamental, se ha entregado material l\u00fadico pedag\u00f3gico a la Secretar\u00eda de Educaci\u00f3n Departamental y municipal de Pasto para ser entregado en las diferentes instituciones educativas, el cual consta de diapositivas informativas para los docentes; y para los estudiantes, dos cuentos infantiles referentes al trabajo infantil titulados \u201cLa mejor Familia del Mundo\u201d y \u201c Rescatando a los ni\u00f1os del trabajo infantil\u201d, fichas gr\u00e1ficas y los pasos para unirse al reto mundial: Levanta la mano por un mundo sin trabajo infantil #RaiseYourHandForKids consistente en etiquetar una fotograf\u00eda de la palma de la mano donde se dibuje una carita feliz y se adjunte un mensaje de compromiso ante la erradicaci\u00f3n del trabajo infantil al # en menci\u00f3n.<\/p>\n<p style=\"text-align: justify;\">Desde el Gobierno de Nari\u00f1o, se a\u00fanan esfuerzos para el desarrollo y crecimiento integral de las ni\u00f1as, ni\u00f1os y adolescentes, desde sus propios espacios como la escuela, la familia y la recreaci\u00f3n.<\/p>\n","protected":false},"excerpt":{"rendered":"<p>La campa\u00f1a \u2018Nari\u00f1o, Sumemos esfuerzos por una Infancia libre de Trabajo Infantil\u2019, se lidera desde el Comit\u00e9 Interinstitucional de Erradicaci\u00f3n de Trabajo Infantil -CIETI en el que convergen instituciones que propenden por la defensa de los derechos de ni\u00f1as, ni\u00f1os y adolescentes, liderado por el Ministerio del Trabajo, la Gobernaci\u00f3n de Nari\u00f1o, ICBF, Polic\u00eda de [&hellip;]<\/p>\n","protected":false},"author":1,"featured_media":59784,"comment_status":"open","ping_status":"open","sticky":false,"template":"","format":"standard","meta":{"footnotes":""},"categories":[53],"tags":[],"class_list":["post-59783","post","type-post","status-publish","format-standard","has-post-thumbnail","hentry","category-regiones"],"yoast_head":"<!-- This site is optimized with the Yoast SEO plugin v27.1.1 - https:\/\/yoast.com\/product\/yoast-seo-wordpress\/ -->\n<title>En Nari\u00f1o se suman esfuerzos por una infancia Libre de Trabajo Infantil | P\u00e1gina10<\/title>\n<meta name=\"robots\" content=\"index, follow, max-snippet:-1, max-image-preview:large, max-video-preview:-1\" \/>\n<link rel=\"canonical\" href=\"https:\/\/pagina10.com\/web\/en-narino-se-suman-esfuerzos-por-una-infancia-libre-de-trabajo-infantil\/\" \/>\n<meta property=\"og:locale\" content=\"es_ES\" \/>\n<meta property=\"og:type\" content=\"article\" \/>\n<meta property=\"og:title\" content=\"En Nari\u00f1o se suman esfuerzos por una infancia Libre de Trabajo Infantil | P\u00e1gina10\" \/>\n<meta property=\"og:description\" content=\"La campa\u00f1a \u2018Nari\u00f1o, Sumemos esfuerzos por una Infancia libre de Trabajo Infantil\u2019, se lidera desde el Comit\u00e9 Interinstitucional de Erradicaci\u00f3n de Trabajo Infantil -CIETI en el que convergen instituciones que propenden por la defensa de los derechos de ni\u00f1as, ni\u00f1os y adolescentes, liderado por el Ministerio del Trabajo, la Gobernaci\u00f3n de Nari\u00f1o, ICBF, Polic\u00eda de [&hellip;]\" \/>\n<meta property=\"og:url\" content=\"https:\/\/pagina10.com\/web\/en-narino-se-suman-esfuerzos-por-una-infancia-libre-de-trabajo-infantil\/\" \/>\n<meta property=\"og:site_name\" content=\"P\u00e1gina10\" \/>\n<meta property=\"article:publisher\" content=\"https:\/\/www.facebook.com\/pag10com\" \/>\n<meta property=\"article:published_time\" content=\"2022-06-13T16:42:52+00:00\" \/>\n<meta property=\"og:image\" content=\"https:\/\/pagina10.com\/web\/wp-content\/uploads\/2022\/06\/Captura-de-Pantalla-2022-06-13-a-las-11.42.22-a.-m..png\" \/>\n\t<meta property=\"og:image:width\" content=\"324\" \/>\n\t<meta property=\"og:image:height\" content=\"271\" \/>\n\t<meta property=\"og:image:type\" content=\"image\/png\" \/>\n<meta name=\"author\" content=\"P\u00e1gina 10\" \/>\n<meta name=\"twitter:card\" content=\"summary_large_image\" \/>\n<meta name=\"twitter:creator\" content=\"@Pag10com\" \/>\n<meta name=\"twitter:site\" content=\"@Pag10com\" \/>\n<meta name=\"twitter:label1\" content=\"Escrito por\" \/>\n\t<meta name=\"twitter:data1\" content=\"P\u00e1gina 10\" \/>\n\t<meta name=\"twitter:label2\" content=\"Tiempo de lectura\" \/>\n\t<meta name=\"twitter:data2\" content=\"3 minutos\" \/>\n<script type=\"application\/ld+json\" class=\"yoast-schema-graph\">{\"@context\":\"https:\/\/schema.org\",\"@graph\":[{\"@type\":\"Article\",\"@id\":\"https:\/\/pagina10.com\/web\/en-narino-se-suman-esfuerzos-por-una-infancia-libre-de-trabajo-infantil\/#article\",\"isPartOf\":{\"@id\":\"https:\/\/pagina10.com\/web\/en-narino-se-suman-esfuerzos-por-una-infancia-libre-de-trabajo-infantil\/\"},\"author\":{\"name\":\"P\u00e1gina 10\",\"@id\":\"https:\/\/pagina10.com\/web\/#\/schema\/person\/2efc4a090d25b667d3bc796798a3a81b\"},\"headline\":\"En Nari\u00f1o se suman esfuerzos por una infancia Libre de Trabajo Infantil\",\"datePublished\":\"2022-06-13T16:42:52+00:00\",\"mainEntityOfPage\":{\"@id\":\"https:\/\/pagina10.com\/web\/en-narino-se-suman-esfuerzos-por-una-infancia-libre-de-trabajo-infantil\/\"},\"wordCount\":583,\"commentCount\":0,\"publisher\":{\"@id\":\"https:\/\/pagina10.com\/web\/#organization\"},\"image\":{\"@id\":\"https:\/\/pagina10.com\/web\/en-narino-se-suman-esfuerzos-por-una-infancia-libre-de-trabajo-infantil\/#primaryimage\"},\"thumbnailUrl\":\"https:\/\/pagina10.com\/web\/wp-content\/uploads\/2022\/06\/Captura-de-Pantalla-2022-06-13-a-las-11.42.22-a.-m..png\",\"articleSection\":[\"Regiones\"],\"inLanguage\":\"es\",\"potentialAction\":[{\"@type\":\"CommentAction\",\"name\":\"Comment\",\"target\":[\"https:\/\/pagina10.com\/web\/en-narino-se-suman-esfuerzos-por-una-infancia-libre-de-trabajo-infantil\/#respond\"]}]},{\"@type\":\"WebPage\",\"@id\":\"https:\/\/pagina10.com\/web\/en-narino-se-suman-esfuerzos-por-una-infancia-libre-de-trabajo-infantil\/\",\"url\":\"https:\/\/pagina10.com\/web\/en-narino-se-suman-esfuerzos-por-una-infancia-libre-de-trabajo-infantil\/\",\"name\":\"En Nari\u00f1o se suman esfuerzos por una infancia Libre de Trabajo Infantil | P\u00e1gina10\",\"isPartOf\":{\"@id\":\"https:\/\/pagina10.com\/web\/#website\"},\"primaryImageOfPage\":{\"@id\":\"https:\/\/pagina10.com\/web\/en-narino-se-suman-esfuerzos-por-una-infancia-libre-de-trabajo-infantil\/#primaryimage\"},\"image\":{\"@id\":\"https:\/\/pagina10.com\/web\/en-narino-se-suman-esfuerzos-por-una-infancia-libre-de-trabajo-infantil\/#primaryimage\"},\"thumbnailUrl\":\"https:\/\/pagina10.com\/web\/wp-content\/uploads\/2022\/06\/Captura-de-Pantalla-2022-06-13-a-las-11.42.22-a.-m..png\",\"datePublished\":\"2022-06-13T16:42:52+00:00\",\"breadcrumb\":{\"@id\":\"https:\/\/pagina10.com\/web\/en-narino-se-suman-esfuerzos-por-una-infancia-libre-de-trabajo-infantil\/#breadcrumb\"},\"inLanguage\":\"es\",\"potentialAction\":[{\"@type\":\"ReadAction\",\"target\":[\"https:\/\/pagina10.com\/web\/en-narino-se-suman-esfuerzos-por-una-infancia-libre-de-trabajo-infantil\/\"]}]},{\"@type\":\"ImageObject\",\"inLanguage\":\"es\",\"@id\":\"https:\/\/pagina10.com\/web\/en-narino-se-suman-esfuerzos-por-una-infancia-libre-de-trabajo-infantil\/#primaryimage\",\"url\":\"https:\/\/pagina10.com\/web\/wp-content\/uploads\/2022\/06\/Captura-de-Pantalla-2022-06-13-a-las-11.42.22-a.-m..png\",\"contentUrl\":\"https:\/\/pagina10.com\/web\/wp-content\/uploads\/2022\/06\/Captura-de-Pantalla-2022-06-13-a-las-11.42.22-a.-m..png\",\"width\":324,\"height\":271},{\"@type\":\"BreadcrumbList\",\"@id\":\"https:\/\/pagina10.com\/web\/en-narino-se-suman-esfuerzos-por-una-infancia-libre-de-trabajo-infantil\/#breadcrumb\",\"itemListElement\":[{\"@type\":\"ListItem\",\"position\":1,\"name\":\"Portada\",\"item\":\"https:\/\/pagina10.com\/web\/\"},{\"@type\":\"ListItem\",\"position\":2,\"name\":\"En Nari\u00f1o se suman esfuerzos por una infancia Libre de Trabajo Infantil\"}]},{\"@type\":\"WebSite\",\"@id\":\"https:\/\/pagina10.com\/web\/#website\",\"url\":\"https:\/\/pagina10.com\/web\/\",\"name\":\"P\u00e1gina10\",\"description\":\"Peri\u00f3dico Regional\",\"publisher\":{\"@id\":\"https:\/\/pagina10.com\/web\/#organization\"},\"alternateName\":\"P\u00e1gina10 Peri\u00f3dico Regional\",\"potentialAction\":[{\"@type\":\"SearchAction\",\"target\":{\"@type\":\"EntryPoint\",\"urlTemplate\":\"https:\/\/pagina10.com\/web\/?s={search_term_string}\"},\"query-input\":{\"@type\":\"PropertyValueSpecification\",\"valueRequired\":true,\"valueName\":\"search_term_string\"}}],\"inLanguage\":\"es\"},{\"@type\":\"Organization\",\"@id\":\"https:\/\/pagina10.com\/web\/#organization\",\"name\":\"P\u00e1gina10\",\"alternateName\":\"P\u00e1gina10 Peri\u00f3dico Regional\",\"url\":\"https:\/\/pagina10.com\/web\/\",\"logo\":{\"@type\":\"ImageObject\",\"inLanguage\":\"es\",\"@id\":\"https:\/\/pagina10.com\/web\/#\/schema\/logo\/image\/\",\"url\":\"https:\/\/pagina10.com\/web\/wp-content\/uploads\/2024\/01\/40-pagina-10-periodico-regional-pasto.jpg\",\"contentUrl\":\"https:\/\/pagina10.com\/web\/wp-content\/uploads\/2024\/01\/40-pagina-10-periodico-regional-pasto.jpg\",\"width\":1280,\"height\":720,\"caption\":\"P\u00e1gina10\"},\"image\":{\"@id\":\"https:\/\/pagina10.com\/web\/#\/schema\/logo\/image\/\"},\"sameAs\":[\"https:\/\/www.facebook.com\/pag10com\",\"https:\/\/x.com\/Pag10com\",\"https:\/\/www.instagram.com\/pagina10col\/\",\"https:\/\/youtube.com\/channel\/pag10\",\"https:\/\/www.tiktok.com\/@p10col\"]},{\"@type\":\"Person\",\"@id\":\"https:\/\/pagina10.com\/web\/#\/schema\/person\/2efc4a090d25b667d3bc796798a3a81b\",\"name\":\"P\u00e1gina 10\",\"description\":\"P\u00e1gina 10 es un peri\u00f3dico regional que nace en Colombia, en el departamento de Nari\u00f1o, con un enfoque global, fundamentado en cuatro pilares esenciales: la libertad, el pluralismo, la inclusi\u00f3n y la independencia. P\u00e1gina 10 hace referencia a Nari\u00f1o como el d\u00e9cimo departamento creado en Colombia, despu\u00e9s de un proceso pol\u00edtico liderado por actores y actrices regionales con el fin de obtener la independencia y autonom\u00eda de nuestros territorios. Con la creaci\u00f3n de P\u00e1gina 10 se pretende abrir un escenario para el dialogo, la reflexi\u00f3n y el debate que se extienda a otras geograf\u00edas de Am\u00e9rica Latina y del planeta, en una apuesta por transformar colectivamente los desaf\u00edos de un mundo contempor\u00e1neo, m\u00e1s all\u00e1 de las fronteras impuestas.\",\"url\":\"https:\/\/pagina10.com\/web\/author\/pdiezadmin\/\"}]}<\/script>\n<!-- \/ Yoast SEO plugin. -->","yoast_head_json":{"title":"En Nari\u00f1o se suman esfuerzos por una infancia Libre de Trabajo Infantil | P\u00e1gina10","robots":{"index":"index","follow":"follow","max-snippet":"max-snippet:-1","max-image-preview":"max-image-preview:large","max-video-preview":"max-video-preview:-1"},"canonical":"https:\/\/pagina10.com\/web\/en-narino-se-suman-esfuerzos-por-una-infancia-libre-de-trabajo-infantil\/","og_locale":"es_ES","og_type":"article","og_title":"En Nari\u00f1o se suman esfuerzos por una infancia Libre de Trabajo Infantil | P\u00e1gina10","og_description":"La campa\u00f1a \u2018Nari\u00f1o, Sumemos esfuerzos por una Infancia libre de Trabajo Infantil\u2019, se lidera desde el Comit\u00e9 Interinstitucional de Erradicaci\u00f3n de Trabajo Infantil -CIETI en el que convergen instituciones que propenden por la defensa de los derechos de ni\u00f1as, ni\u00f1os y adolescentes, liderado por el Ministerio del Trabajo, la Gobernaci\u00f3n de Nari\u00f1o, ICBF, Polic\u00eda de [&hellip;]","og_url":"https:\/\/pagina10.com\/web\/en-narino-se-suman-esfuerzos-por-una-infancia-libre-de-trabajo-infantil\/","og_site_name":"P\u00e1gina10","article_publisher":"https:\/\/www.facebook.com\/pag10com","article_published_time":"2022-06-13T16:42:52+00:00","og_image":[{"width":324,"height":271,"url":"https:\/\/pagina10.com\/web\/wp-content\/uploads\/2022\/06\/Captura-de-Pantalla-2022-06-13-a-las-11.42.22-a.-m..png","type":"image\/png"}],"author":"P\u00e1gina 10","twitter_card":"summary_large_image","twitter_creator":"@Pag10com","twitter_site":"@Pag10com","twitter_misc":{"Escrito por":"P\u00e1gina 10","Tiempo de lectura":"3 minutos"},"schema":{"@context":"https:\/\/schema.org","@graph":[{"@type":"Article","@id":"https:\/\/pagina10.com\/web\/en-narino-se-suman-esfuerzos-por-una-infancia-libre-de-trabajo-infantil\/#article","isPartOf":{"@id":"https:\/\/pagina10.com\/web\/en-narino-se-suman-esfuerzos-por-una-infancia-libre-de-trabajo-infantil\/"},"author":{"name":"P\u00e1gina 10","@id":"https:\/\/pagina10.com\/web\/#\/schema\/person\/2efc4a090d25b667d3bc796798a3a81b"},"headline":"En Nari\u00f1o se suman esfuerzos por una infancia Libre de Trabajo Infantil","datePublished":"2022-06-13T16:42:52+00:00","mainEntityOfPage":{"@id":"https:\/\/pagina10.com\/web\/en-narino-se-suman-esfuerzos-por-una-infancia-libre-de-trabajo-infantil\/"},"wordCount":583,"commentCount":0,"publisher":{"@id":"https:\/\/pagina10.com\/web\/#organization"},"image":{"@id":"https:\/\/pagina10.com\/web\/en-narino-se-suman-esfuerzos-por-una-infancia-libre-de-trabajo-infantil\/#primaryimage"},"thumbnailUrl":"https:\/\/pagina10.com\/web\/wp-content\/uploads\/2022\/06\/Captura-de-Pantalla-2022-06-13-a-las-11.42.22-a.-m..png","articleSection":["Regiones"],"inLanguage":"es","potentialAction":[{"@type":"CommentAction","name":"Comment","target":["https:\/\/pagina10.com\/web\/en-narino-se-suman-esfuerzos-por-una-infancia-libre-de-trabajo-infantil\/#respond"]}]},{"@type":"WebPage","@id":"https:\/\/pagina10.com\/web\/en-narino-se-suman-esfuerzos-por-una-infancia-libre-de-trabajo-infantil\/","url":"https:\/\/pagina10.com\/web\/en-narino-se-suman-esfuerzos-por-una-infancia-libre-de-trabajo-infantil\/","name":"En Nari\u00f1o se suman esfuerzos por una infancia Libre de Trabajo Infantil | P\u00e1gina10","isPartOf":{"@id":"https:\/\/pagina10.com\/web\/#website"},"primaryImageOfPage":{"@id":"https:\/\/pagina10.com\/web\/en-narino-se-suman-esfuerzos-por-una-infancia-libre-de-trabajo-infantil\/#primaryimage"},"image":{"@id":"https:\/\/pagina10.com\/web\/en-narino-se-suman-esfuerzos-por-una-infancia-libre-de-trabajo-infantil\/#primaryimage"},"thumbnailUrl":"https:\/\/pagina10.com\/web\/wp-content\/uploads\/2022\/06\/Captura-de-Pantalla-2022-06-13-a-las-11.42.22-a.-m..png","datePublished":"2022-06-13T16:42:52+00:00","breadcrumb":{"@id":"https:\/\/pagina10.com\/web\/en-narino-se-suman-esfuerzos-por-una-infancia-libre-de-trabajo-infantil\/#breadcrumb"},"inLanguage":"es","potentialAction":[{"@type":"ReadAction","target":["https:\/\/pagina10.com\/web\/en-narino-se-suman-esfuerzos-por-una-infancia-libre-de-trabajo-infantil\/"]}]},{"@type":"ImageObject","inLanguage":"es","@id":"https:\/\/pagina10.com\/web\/en-narino-se-suman-esfuerzos-por-una-infancia-libre-de-trabajo-infantil\/#primaryimage","url":"https:\/\/pagina10.com\/web\/wp-content\/uploads\/2022\/06\/Captura-de-Pantalla-2022-06-13-a-las-11.42.22-a.-m..png","contentUrl":"https:\/\/pagina10.com\/web\/wp-content\/uploads\/2022\/06\/Captura-de-Pantalla-2022-06-13-a-las-11.42.22-a.-m..png","width":324,"height":271},{"@type":"BreadcrumbList","@id":"https:\/\/pagina10.com\/web\/en-narino-se-suman-esfuerzos-por-una-infancia-libre-de-trabajo-infantil\/#breadcrumb","itemListElement":[{"@type":"ListItem","position":1,"name":"Portada","item":"https:\/\/pagina10.com\/web\/"},{"@type":"ListItem","position":2,"name":"En Nari\u00f1o se suman esfuerzos por una infancia Libre de Trabajo Infantil"}]},{"@type":"WebSite","@id":"https:\/\/pagina10.com\/web\/#website","url":"https:\/\/pagina10.com\/web\/","name":"P\u00e1gina10","description":"Peri\u00f3dico Regional","publisher":{"@id":"https:\/\/pagina10.com\/web\/#organization"},"alternateName":"P\u00e1gina10 Peri\u00f3dico Regional","potentialAction":[{"@type":"SearchAction","target":{"@type":"EntryPoint","urlTemplate":"https:\/\/pagina10.com\/web\/?s={search_term_string}"},"query-input":{"@type":"PropertyValueSpecification","valueRequired":true,"valueName":"search_term_string"}}],"inLanguage":"es"},{"@type":"Organization","@id":"https:\/\/pagina10.com\/web\/#organization","name":"P\u00e1gina10","alternateName":"P\u00e1gina10 Peri\u00f3dico Regional","url":"https:\/\/pagina10.com\/web\/","logo":{"@type":"ImageObject","inLanguage":"es","@id":"https:\/\/pagina10.com\/web\/#\/schema\/logo\/image\/","url":"https:\/\/pagina10.com\/web\/wp-content\/uploads\/2024\/01\/40-pagina-10-periodico-regional-pasto.jpg","contentUrl":"https:\/\/pagina10.com\/web\/wp-content\/uploads\/2024\/01\/40-pagina-10-periodico-regional-pasto.jpg","width":1280,"height":720,"caption":"P\u00e1gina10"},"image":{"@id":"https:\/\/pagina10.com\/web\/#\/schema\/logo\/image\/"},"sameAs":["https:\/\/www.facebook.com\/pag10com","https:\/\/x.com\/Pag10com","https:\/\/www.instagram.com\/pagina10col\/","https:\/\/youtube.com\/channel\/pag10","https:\/\/www.tiktok.com\/@p10col"]},{"@type":"Person","@id":"https:\/\/pagina10.com\/web\/#\/schema\/person\/2efc4a090d25b667d3bc796798a3a81b","name":"P\u00e1gina 10","description":"P\u00e1gina 10 es un peri\u00f3dico regional que nace en Colombia, en el departamento de Nari\u00f1o, con un enfoque global, fundamentado en cuatro pilares esenciales: la libertad, el pluralismo, la inclusi\u00f3n y la independencia. P\u00e1gina 10 hace referencia a Nari\u00f1o como el d\u00e9cimo departamento creado en Colombia, despu\u00e9s de un proceso pol\u00edtico liderado por actores y actrices regionales con el fin de obtener la independencia y autonom\u00eda de nuestros territorios. Con la creaci\u00f3n de P\u00e1gina 10 se pretende abrir un escenario para el dialogo, la reflexi\u00f3n y el debate que se extienda a otras geograf\u00edas de Am\u00e9rica Latina y del planeta, en una apuesta por transformar colectivamente los desaf\u00edos de un mundo contempor\u00e1neo, m\u00e1s all\u00e1 de las fronteras impuestas.","url":"https:\/\/pagina10.com\/web\/author\/pdiezadmin\/"}]}},"_links":{"self":[{"href":"https:\/\/pagina10.com\/web\/wp-json\/wp\/v2\/posts\/59783","targetHints":{"allow":["GET"]}}],"collection":[{"href":"https:\/\/pagina10.com\/web\/wp-json\/wp\/v2\/posts"}],"about":[{"href":"https:\/\/pagina10.com\/web\/wp-json\/wp\/v2\/types\/post"}],"author":[{"embeddable":true,"href":"https:\/\/pagina10.com\/web\/wp-json\/wp\/v2\/users\/1"}],"replies":[{"embeddable":true,"href":"https:\/\/pagina10.com\/web\/wp-json\/wp\/v2\/comments?post=59783"}],"version-history":[{"count":1,"href":"https:\/\/pagina10.com\/web\/wp-json\/wp\/v2\/posts\/59783\/revisions"}],"predecessor-version":[{"id":59785,"href":"https:\/\/pagina10.com\/web\/wp-json\/wp\/v2\/posts\/59783\/revisions\/59785"}],"wp:featuredmedia":[{"embeddable":true,"href":"https:\/\/pagina10.com\/web\/wp-json\/wp\/v2\/media\/59784"}],"wp:attachment":[{"href":"https:\/\/pagina10.com\/web\/wp-json\/wp\/v2\/media?parent=59783"}],"wp:term":[{"taxonomy":"category","embeddable":true,"href":"https:\/\/pagina10.com\/web\/wp-json\/wp\/v2\/categories?post=59783"},{"taxonomy":"post_tag","embeddable":true,"href":"https:\/\/pagina10.com\/web\/wp-json\/wp\/v2\/tags?post=59783"}],"curies":[{"name":"wp","href":"https:\/\/api.w.org\/{rel}","templated":true}]}}