{"id":59793,"date":"2022-06-13T11:52:28","date_gmt":"2022-06-13T16:52:28","guid":{"rendered":"https:\/\/pagina10.com\/web\/?p=59793"},"modified":"2022-06-13T11:52:28","modified_gmt":"2022-06-13T16:52:28","slug":"organizaciones-animalistas-y-gobernacion-de-narino-definiran-inversion-para-centro-de-bienestar-animal-de-pasto","status":"publish","type":"post","link":"https:\/\/pagina10.com\/web\/organizaciones-animalistas-y-gobernacion-de-narino-definiran-inversion-para-centro-de-bienestar-animal-de-pasto\/","title":{"rendered":"Organizaciones animalistas y Gobernaci\u00f3n de Nari\u00f1o definir\u00e1n inversi\u00f3n para Centro de Bienestar Animal de Pasto"},"content":{"rendered":"<p style=\"text-align: justify;\">La Gobernaci\u00f3n de Nari\u00f1o trabajar\u00e1 de la mano con las organizaciones animalistas en el Departamento, para determinar c\u00f3mo se invertir\u00e1n los recursos qu\u00e9 la Administraci\u00f3n Departamental aportar\u00e1 al municipio de Pasto destinados al Centro de Bienestar Animal -CBA.<\/p>\n<p style=\"text-align: justify;\">As\u00ed lo confirm\u00f3 el Gobernador de Nari\u00f1o, Jhon Rojas, tras dialogar con representantes de diferentes organizaciones animalistas del Departamento con qui\u00e9nes se concert\u00f3, qu\u00e9 la inversi\u00f3n de la Gobernaci\u00f3n en el CBA de Pasto, ser\u00e1 producto del di\u00e1logo con estas organizaciones y en procura de mejorar la capacidad ya instalada de este centro.<\/p>\n<p style=\"text-align: justify;\">El mandatario departamental manifest\u00f3 qu\u00e9 es muy importante aprovechar el conocimiento la experiencia y la confianza de la comunidad en las organizaciones animalistas, para implementar y desarrollar todas las pol\u00edticas p\u00fablicas inversiones y proyectos desde la Gobernaci\u00f3n de Nari\u00f1o.<\/p>\n","protected":false},"excerpt":{"rendered":"<p>La Gobernaci\u00f3n de Nari\u00f1o trabajar\u00e1 de la mano con las organizaciones animalistas en el Departamento, para determinar c\u00f3mo se invertir\u00e1n los recursos qu\u00e9 la Administraci\u00f3n Departamental aportar\u00e1 al municipio de Pasto destinados al Centro de Bienestar Animal -CBA. As\u00ed lo confirm\u00f3 el Gobernador de Nari\u00f1o, Jhon Rojas, tras dialogar con representantes de diferentes organizaciones animalistas [&hellip;]<\/p>\n","protected":false},"author":1,"featured_media":59794,"comment_status":"open","ping_status":"open","sticky":false,"template":"","format":"standard","meta":{"footnotes":""},"categories":[53],"tags":[],"class_list":["post-59793","post","type-post","status-publish","format-standard","has-post-thumbnail","hentry","category-regiones"],"yoast_head":"<!-- This site is optimized with the Yoast SEO plugin v27.1.1 - https:\/\/yoast.com\/product\/yoast-seo-wordpress\/ -->\n<title>Organizaciones animalistas y Gobernaci\u00f3n de Nari\u00f1o definir\u00e1n inversi\u00f3n para Centro de Bienestar Animal de Pasto | P\u00e1gina10<\/title>\n<meta name=\"robots\" content=\"index, follow, max-snippet:-1, max-image-preview:large, max-video-preview:-1\" \/>\n<link rel=\"canonical\" href=\"https:\/\/pagina10.com\/web\/organizaciones-animalistas-y-gobernacion-de-narino-definiran-inversion-para-centro-de-bienestar-animal-de-pasto\/\" \/>\n<meta property=\"og:locale\" content=\"es_ES\" \/>\n<meta property=\"og:type\" content=\"article\" \/>\n<meta property=\"og:title\" content=\"Organizaciones animalistas y Gobernaci\u00f3n de Nari\u00f1o definir\u00e1n inversi\u00f3n para Centro de Bienestar Animal de Pasto | P\u00e1gina10\" \/>\n<meta property=\"og:description\" content=\"La Gobernaci\u00f3n de Nari\u00f1o trabajar\u00e1 de la mano con las organizaciones animalistas en el Departamento, para determinar c\u00f3mo se invertir\u00e1n los recursos qu\u00e9 la Administraci\u00f3n Departamental aportar\u00e1 al municipio de Pasto destinados al Centro de Bienestar Animal -CBA. As\u00ed lo confirm\u00f3 el Gobernador de Nari\u00f1o, Jhon Rojas, tras dialogar con representantes de diferentes organizaciones animalistas [&hellip;]\" \/>\n<meta property=\"og:url\" content=\"https:\/\/pagina10.com\/web\/organizaciones-animalistas-y-gobernacion-de-narino-definiran-inversion-para-centro-de-bienestar-animal-de-pasto\/\" \/>\n<meta property=\"og:site_name\" content=\"P\u00e1gina10\" \/>\n<meta property=\"article:publisher\" content=\"https:\/\/www.facebook.com\/pag10com\" \/>\n<meta property=\"article:published_time\" content=\"2022-06-13T16:52:28+00:00\" \/>\n<meta property=\"og:image\" content=\"https:\/\/pagina10.com\/web\/wp-content\/uploads\/2022\/06\/Captura-de-Pantalla-2022-06-13-a-las-11.52.02-a.-m..png\" \/>\n\t<meta property=\"og:image:width\" content=\"300\" \/>\n\t<meta property=\"og:image:height\" content=\"239\" \/>\n\t<meta property=\"og:image:type\" content=\"image\/png\" \/>\n<meta name=\"author\" content=\"P\u00e1gina 10\" \/>\n<meta name=\"twitter:card\" content=\"summary_large_image\" \/>\n<meta name=\"twitter:creator\" content=\"@Pag10com\" \/>\n<meta name=\"twitter:site\" content=\"@Pag10com\" \/>\n<meta name=\"twitter:label1\" content=\"Escrito por\" \/>\n\t<meta name=\"twitter:data1\" content=\"P\u00e1gina 10\" \/>\n\t<meta name=\"twitter:label2\" content=\"Tiempo de lectura\" \/>\n\t<meta name=\"twitter:data2\" content=\"1 minuto\" \/>\n<script type=\"application\/ld+json\" class=\"yoast-schema-graph\">{\"@context\":\"https:\/\/schema.org\",\"@graph\":[{\"@type\":\"Article\",\"@id\":\"https:\/\/pagina10.com\/web\/organizaciones-animalistas-y-gobernacion-de-narino-definiran-inversion-para-centro-de-bienestar-animal-de-pasto\/#article\",\"isPartOf\":{\"@id\":\"https:\/\/pagina10.com\/web\/organizaciones-animalistas-y-gobernacion-de-narino-definiran-inversion-para-centro-de-bienestar-animal-de-pasto\/\"},\"author\":{\"name\":\"P\u00e1gina 10\",\"@id\":\"https:\/\/pagina10.com\/web\/#\/schema\/person\/2efc4a090d25b667d3bc796798a3a81b\"},\"headline\":\"Organizaciones animalistas y Gobernaci\u00f3n de Nari\u00f1o definir\u00e1n inversi\u00f3n para Centro de Bienestar Animal de Pasto\",\"datePublished\":\"2022-06-13T16:52:28+00:00\",\"mainEntityOfPage\":{\"@id\":\"https:\/\/pagina10.com\/web\/organizaciones-animalistas-y-gobernacion-de-narino-definiran-inversion-para-centro-de-bienestar-animal-de-pasto\/\"},\"wordCount\":163,\"commentCount\":0,\"publisher\":{\"@id\":\"https:\/\/pagina10.com\/web\/#organization\"},\"image\":{\"@id\":\"https:\/\/pagina10.com\/web\/organizaciones-animalistas-y-gobernacion-de-narino-definiran-inversion-para-centro-de-bienestar-animal-de-pasto\/#primaryimage\"},\"thumbnailUrl\":\"https:\/\/pagina10.com\/web\/wp-content\/uploads\/2022\/06\/Captura-de-Pantalla-2022-06-13-a-las-11.52.02-a.-m..png\",\"articleSection\":[\"Regiones\"],\"inLanguage\":\"es\",\"potentialAction\":[{\"@type\":\"CommentAction\",\"name\":\"Comment\",\"target\":[\"https:\/\/pagina10.com\/web\/organizaciones-animalistas-y-gobernacion-de-narino-definiran-inversion-para-centro-de-bienestar-animal-de-pasto\/#respond\"]}]},{\"@type\":\"WebPage\",\"@id\":\"https:\/\/pagina10.com\/web\/organizaciones-animalistas-y-gobernacion-de-narino-definiran-inversion-para-centro-de-bienestar-animal-de-pasto\/\",\"url\":\"https:\/\/pagina10.com\/web\/organizaciones-animalistas-y-gobernacion-de-narino-definiran-inversion-para-centro-de-bienestar-animal-de-pasto\/\",\"name\":\"Organizaciones animalistas y Gobernaci\u00f3n de Nari\u00f1o definir\u00e1n inversi\u00f3n para Centro de Bienestar Animal de Pasto | P\u00e1gina10\",\"isPartOf\":{\"@id\":\"https:\/\/pagina10.com\/web\/#website\"},\"primaryImageOfPage\":{\"@id\":\"https:\/\/pagina10.com\/web\/organizaciones-animalistas-y-gobernacion-de-narino-definiran-inversion-para-centro-de-bienestar-animal-de-pasto\/#primaryimage\"},\"image\":{\"@id\":\"https:\/\/pagina10.com\/web\/organizaciones-animalistas-y-gobernacion-de-narino-definiran-inversion-para-centro-de-bienestar-animal-de-pasto\/#primaryimage\"},\"thumbnailUrl\":\"https:\/\/pagina10.com\/web\/wp-content\/uploads\/2022\/06\/Captura-de-Pantalla-2022-06-13-a-las-11.52.02-a.-m..png\",\"datePublished\":\"2022-06-13T16:52:28+00:00\",\"breadcrumb\":{\"@id\":\"https:\/\/pagina10.com\/web\/organizaciones-animalistas-y-gobernacion-de-narino-definiran-inversion-para-centro-de-bienestar-animal-de-pasto\/#breadcrumb\"},\"inLanguage\":\"es\",\"potentialAction\":[{\"@type\":\"ReadAction\",\"target\":[\"https:\/\/pagina10.com\/web\/organizaciones-animalistas-y-gobernacion-de-narino-definiran-inversion-para-centro-de-bienestar-animal-de-pasto\/\"]}]},{\"@type\":\"ImageObject\",\"inLanguage\":\"es\",\"@id\":\"https:\/\/pagina10.com\/web\/organizaciones-animalistas-y-gobernacion-de-narino-definiran-inversion-para-centro-de-bienestar-animal-de-pasto\/#primaryimage\",\"url\":\"https:\/\/pagina10.com\/web\/wp-content\/uploads\/2022\/06\/Captura-de-Pantalla-2022-06-13-a-las-11.52.02-a.-m..png\",\"contentUrl\":\"https:\/\/pagina10.com\/web\/wp-content\/uploads\/2022\/06\/Captura-de-Pantalla-2022-06-13-a-las-11.52.02-a.-m..png\",\"width\":300,\"height\":239},{\"@type\":\"BreadcrumbList\",\"@id\":\"https:\/\/pagina10.com\/web\/organizaciones-animalistas-y-gobernacion-de-narino-definiran-inversion-para-centro-de-bienestar-animal-de-pasto\/#breadcrumb\",\"itemListElement\":[{\"@type\":\"ListItem\",\"position\":1,\"name\":\"Portada\",\"item\":\"https:\/\/pagina10.com\/web\/\"},{\"@type\":\"ListItem\",\"position\":2,\"name\":\"Organizaciones animalistas y Gobernaci\u00f3n de Nari\u00f1o definir\u00e1n inversi\u00f3n para Centro de Bienestar Animal de Pasto\"}]},{\"@type\":\"WebSite\",\"@id\":\"https:\/\/pagina10.com\/web\/#website\",\"url\":\"https:\/\/pagina10.com\/web\/\",\"name\":\"P\u00e1gina10\",\"description\":\"Peri\u00f3dico Regional\",\"publisher\":{\"@id\":\"https:\/\/pagina10.com\/web\/#organization\"},\"alternateName\":\"P\u00e1gina10 Peri\u00f3dico Regional\",\"potentialAction\":[{\"@type\":\"SearchAction\",\"target\":{\"@type\":\"EntryPoint\",\"urlTemplate\":\"https:\/\/pagina10.com\/web\/?s={search_term_string}\"},\"query-input\":{\"@type\":\"PropertyValueSpecification\",\"valueRequired\":true,\"valueName\":\"search_term_string\"}}],\"inLanguage\":\"es\"},{\"@type\":\"Organization\",\"@id\":\"https:\/\/pagina10.com\/web\/#organization\",\"name\":\"P\u00e1gina10\",\"alternateName\":\"P\u00e1gina10 Peri\u00f3dico Regional\",\"url\":\"https:\/\/pagina10.com\/web\/\",\"logo\":{\"@type\":\"ImageObject\",\"inLanguage\":\"es\",\"@id\":\"https:\/\/pagina10.com\/web\/#\/schema\/logo\/image\/\",\"url\":\"https:\/\/pagina10.com\/web\/wp-content\/uploads\/2024\/01\/40-pagina-10-periodico-regional-pasto.jpg\",\"contentUrl\":\"https:\/\/pagina10.com\/web\/wp-content\/uploads\/2024\/01\/40-pagina-10-periodico-regional-pasto.jpg\",\"width\":1280,\"height\":720,\"caption\":\"P\u00e1gina10\"},\"image\":{\"@id\":\"https:\/\/pagina10.com\/web\/#\/schema\/logo\/image\/\"},\"sameAs\":[\"https:\/\/www.facebook.com\/pag10com\",\"https:\/\/x.com\/Pag10com\",\"https:\/\/www.instagram.com\/pagina10col\/\",\"https:\/\/youtube.com\/channel\/pag10\",\"https:\/\/www.tiktok.com\/@p10col\"]},{\"@type\":\"Person\",\"@id\":\"https:\/\/pagina10.com\/web\/#\/schema\/person\/2efc4a090d25b667d3bc796798a3a81b\",\"name\":\"P\u00e1gina 10\",\"description\":\"P\u00e1gina 10 es un peri\u00f3dico regional que nace en Colombia, en el departamento de Nari\u00f1o, con un enfoque global, fundamentado en cuatro pilares esenciales: la libertad, el pluralismo, la inclusi\u00f3n y la independencia. P\u00e1gina 10 hace referencia a Nari\u00f1o como el d\u00e9cimo departamento creado en Colombia, despu\u00e9s de un proceso pol\u00edtico liderado por actores y actrices regionales con el fin de obtener la independencia y autonom\u00eda de nuestros territorios. Con la creaci\u00f3n de P\u00e1gina 10 se pretende abrir un escenario para el dialogo, la reflexi\u00f3n y el debate que se extienda a otras geograf\u00edas de Am\u00e9rica Latina y del planeta, en una apuesta por transformar colectivamente los desaf\u00edos de un mundo contempor\u00e1neo, m\u00e1s all\u00e1 de las fronteras impuestas.\",\"url\":\"https:\/\/pagina10.com\/web\/author\/pdiezadmin\/\"}]}<\/script>\n<!-- \/ Yoast SEO plugin. -->","yoast_head_json":{"title":"Organizaciones animalistas y Gobernaci\u00f3n de Nari\u00f1o definir\u00e1n inversi\u00f3n para Centro de Bienestar Animal de Pasto | P\u00e1gina10","robots":{"index":"index","follow":"follow","max-snippet":"max-snippet:-1","max-image-preview":"max-image-preview:large","max-video-preview":"max-video-preview:-1"},"canonical":"https:\/\/pagina10.com\/web\/organizaciones-animalistas-y-gobernacion-de-narino-definiran-inversion-para-centro-de-bienestar-animal-de-pasto\/","og_locale":"es_ES","og_type":"article","og_title":"Organizaciones animalistas y Gobernaci\u00f3n de Nari\u00f1o definir\u00e1n inversi\u00f3n para Centro de Bienestar Animal de Pasto | P\u00e1gina10","og_description":"La Gobernaci\u00f3n de Nari\u00f1o trabajar\u00e1 de la mano con las organizaciones animalistas en el Departamento, para determinar c\u00f3mo se invertir\u00e1n los recursos qu\u00e9 la Administraci\u00f3n Departamental aportar\u00e1 al municipio de Pasto destinados al Centro de Bienestar Animal -CBA. As\u00ed lo confirm\u00f3 el Gobernador de Nari\u00f1o, Jhon Rojas, tras dialogar con representantes de diferentes organizaciones animalistas [&hellip;]","og_url":"https:\/\/pagina10.com\/web\/organizaciones-animalistas-y-gobernacion-de-narino-definiran-inversion-para-centro-de-bienestar-animal-de-pasto\/","og_site_name":"P\u00e1gina10","article_publisher":"https:\/\/www.facebook.com\/pag10com","article_published_time":"2022-06-13T16:52:28+00:00","og_image":[{"width":300,"height":239,"url":"https:\/\/pagina10.com\/web\/wp-content\/uploads\/2022\/06\/Captura-de-Pantalla-2022-06-13-a-las-11.52.02-a.-m..png","type":"image\/png"}],"author":"P\u00e1gina 10","twitter_card":"summary_large_image","twitter_creator":"@Pag10com","twitter_site":"@Pag10com","twitter_misc":{"Escrito por":"P\u00e1gina 10","Tiempo de lectura":"1 minuto"},"schema":{"@context":"https:\/\/schema.org","@graph":[{"@type":"Article","@id":"https:\/\/pagina10.com\/web\/organizaciones-animalistas-y-gobernacion-de-narino-definiran-inversion-para-centro-de-bienestar-animal-de-pasto\/#article","isPartOf":{"@id":"https:\/\/pagina10.com\/web\/organizaciones-animalistas-y-gobernacion-de-narino-definiran-inversion-para-centro-de-bienestar-animal-de-pasto\/"},"author":{"name":"P\u00e1gina 10","@id":"https:\/\/pagina10.com\/web\/#\/schema\/person\/2efc4a090d25b667d3bc796798a3a81b"},"headline":"Organizaciones animalistas y Gobernaci\u00f3n de Nari\u00f1o definir\u00e1n inversi\u00f3n para Centro de Bienestar Animal de Pasto","datePublished":"2022-06-13T16:52:28+00:00","mainEntityOfPage":{"@id":"https:\/\/pagina10.com\/web\/organizaciones-animalistas-y-gobernacion-de-narino-definiran-inversion-para-centro-de-bienestar-animal-de-pasto\/"},"wordCount":163,"commentCount":0,"publisher":{"@id":"https:\/\/pagina10.com\/web\/#organization"},"image":{"@id":"https:\/\/pagina10.com\/web\/organizaciones-animalistas-y-gobernacion-de-narino-definiran-inversion-para-centro-de-bienestar-animal-de-pasto\/#primaryimage"},"thumbnailUrl":"https:\/\/pagina10.com\/web\/wp-content\/uploads\/2022\/06\/Captura-de-Pantalla-2022-06-13-a-las-11.52.02-a.-m..png","articleSection":["Regiones"],"inLanguage":"es","potentialAction":[{"@type":"CommentAction","name":"Comment","target":["https:\/\/pagina10.com\/web\/organizaciones-animalistas-y-gobernacion-de-narino-definiran-inversion-para-centro-de-bienestar-animal-de-pasto\/#respond"]}]},{"@type":"WebPage","@id":"https:\/\/pagina10.com\/web\/organizaciones-animalistas-y-gobernacion-de-narino-definiran-inversion-para-centro-de-bienestar-animal-de-pasto\/","url":"https:\/\/pagina10.com\/web\/organizaciones-animalistas-y-gobernacion-de-narino-definiran-inversion-para-centro-de-bienestar-animal-de-pasto\/","name":"Organizaciones animalistas y Gobernaci\u00f3n de Nari\u00f1o definir\u00e1n inversi\u00f3n para Centro de Bienestar Animal de Pasto | P\u00e1gina10","isPartOf":{"@id":"https:\/\/pagina10.com\/web\/#website"},"primaryImageOfPage":{"@id":"https:\/\/pagina10.com\/web\/organizaciones-animalistas-y-gobernacion-de-narino-definiran-inversion-para-centro-de-bienestar-animal-de-pasto\/#primaryimage"},"image":{"@id":"https:\/\/pagina10.com\/web\/organizaciones-animalistas-y-gobernacion-de-narino-definiran-inversion-para-centro-de-bienestar-animal-de-pasto\/#primaryimage"},"thumbnailUrl":"https:\/\/pagina10.com\/web\/wp-content\/uploads\/2022\/06\/Captura-de-Pantalla-2022-06-13-a-las-11.52.02-a.-m..png","datePublished":"2022-06-13T16:52:28+00:00","breadcrumb":{"@id":"https:\/\/pagina10.com\/web\/organizaciones-animalistas-y-gobernacion-de-narino-definiran-inversion-para-centro-de-bienestar-animal-de-pasto\/#breadcrumb"},"inLanguage":"es","potentialAction":[{"@type":"ReadAction","target":["https:\/\/pagina10.com\/web\/organizaciones-animalistas-y-gobernacion-de-narino-definiran-inversion-para-centro-de-bienestar-animal-de-pasto\/"]}]},{"@type":"ImageObject","inLanguage":"es","@id":"https:\/\/pagina10.com\/web\/organizaciones-animalistas-y-gobernacion-de-narino-definiran-inversion-para-centro-de-bienestar-animal-de-pasto\/#primaryimage","url":"https:\/\/pagina10.com\/web\/wp-content\/uploads\/2022\/06\/Captura-de-Pantalla-2022-06-13-a-las-11.52.02-a.-m..png","contentUrl":"https:\/\/pagina10.com\/web\/wp-content\/uploads\/2022\/06\/Captura-de-Pantalla-2022-06-13-a-las-11.52.02-a.-m..png","width":300,"height":239},{"@type":"BreadcrumbList","@id":"https:\/\/pagina10.com\/web\/organizaciones-animalistas-y-gobernacion-de-narino-definiran-inversion-para-centro-de-bienestar-animal-de-pasto\/#breadcrumb","itemListElement":[{"@type":"ListItem","position":1,"name":"Portada","item":"https:\/\/pagina10.com\/web\/"},{"@type":"ListItem","position":2,"name":"Organizaciones animalistas y Gobernaci\u00f3n de Nari\u00f1o definir\u00e1n inversi\u00f3n para Centro de Bienestar Animal de Pasto"}]},{"@type":"WebSite","@id":"https:\/\/pagina10.com\/web\/#website","url":"https:\/\/pagina10.com\/web\/","name":"P\u00e1gina10","description":"Peri\u00f3dico Regional","publisher":{"@id":"https:\/\/pagina10.com\/web\/#organization"},"alternateName":"P\u00e1gina10 Peri\u00f3dico Regional","potentialAction":[{"@type":"SearchAction","target":{"@type":"EntryPoint","urlTemplate":"https:\/\/pagina10.com\/web\/?s={search_term_string}"},"query-input":{"@type":"PropertyValueSpecification","valueRequired":true,"valueName":"search_term_string"}}],"inLanguage":"es"},{"@type":"Organization","@id":"https:\/\/pagina10.com\/web\/#organization","name":"P\u00e1gina10","alternateName":"P\u00e1gina10 Peri\u00f3dico Regional","url":"https:\/\/pagina10.com\/web\/","logo":{"@type":"ImageObject","inLanguage":"es","@id":"https:\/\/pagina10.com\/web\/#\/schema\/logo\/image\/","url":"https:\/\/pagina10.com\/web\/wp-content\/uploads\/2024\/01\/40-pagina-10-periodico-regional-pasto.jpg","contentUrl":"https:\/\/pagina10.com\/web\/wp-content\/uploads\/2024\/01\/40-pagina-10-periodico-regional-pasto.jpg","width":1280,"height":720,"caption":"P\u00e1gina10"},"image":{"@id":"https:\/\/pagina10.com\/web\/#\/schema\/logo\/image\/"},"sameAs":["https:\/\/www.facebook.com\/pag10com","https:\/\/x.com\/Pag10com","https:\/\/www.instagram.com\/pagina10col\/","https:\/\/youtube.com\/channel\/pag10","https:\/\/www.tiktok.com\/@p10col"]},{"@type":"Person","@id":"https:\/\/pagina10.com\/web\/#\/schema\/person\/2efc4a090d25b667d3bc796798a3a81b","name":"P\u00e1gina 10","description":"P\u00e1gina 10 es un peri\u00f3dico regional que nace en Colombia, en el departamento de Nari\u00f1o, con un enfoque global, fundamentado en cuatro pilares esenciales: la libertad, el pluralismo, la inclusi\u00f3n y la independencia. P\u00e1gina 10 hace referencia a Nari\u00f1o como el d\u00e9cimo departamento creado en Colombia, despu\u00e9s de un proceso pol\u00edtico liderado por actores y actrices regionales con el fin de obtener la independencia y autonom\u00eda de nuestros territorios. Con la creaci\u00f3n de P\u00e1gina 10 se pretende abrir un escenario para el dialogo, la reflexi\u00f3n y el debate que se extienda a otras geograf\u00edas de Am\u00e9rica Latina y del planeta, en una apuesta por transformar colectivamente los desaf\u00edos de un mundo contempor\u00e1neo, m\u00e1s all\u00e1 de las fronteras impuestas.","url":"https:\/\/pagina10.com\/web\/author\/pdiezadmin\/"}]}},"_links":{"self":[{"href":"https:\/\/pagina10.com\/web\/wp-json\/wp\/v2\/posts\/59793","targetHints":{"allow":["GET"]}}],"collection":[{"href":"https:\/\/pagina10.com\/web\/wp-json\/wp\/v2\/posts"}],"about":[{"href":"https:\/\/pagina10.com\/web\/wp-json\/wp\/v2\/types\/post"}],"author":[{"embeddable":true,"href":"https:\/\/pagina10.com\/web\/wp-json\/wp\/v2\/users\/1"}],"replies":[{"embeddable":true,"href":"https:\/\/pagina10.com\/web\/wp-json\/wp\/v2\/comments?post=59793"}],"version-history":[{"count":1,"href":"https:\/\/pagina10.com\/web\/wp-json\/wp\/v2\/posts\/59793\/revisions"}],"predecessor-version":[{"id":59795,"href":"https:\/\/pagina10.com\/web\/wp-json\/wp\/v2\/posts\/59793\/revisions\/59795"}],"wp:featuredmedia":[{"embeddable":true,"href":"https:\/\/pagina10.com\/web\/wp-json\/wp\/v2\/media\/59794"}],"wp:attachment":[{"href":"https:\/\/pagina10.com\/web\/wp-json\/wp\/v2\/media?parent=59793"}],"wp:term":[{"taxonomy":"category","embeddable":true,"href":"https:\/\/pagina10.com\/web\/wp-json\/wp\/v2\/categories?post=59793"},{"taxonomy":"post_tag","embeddable":true,"href":"https:\/\/pagina10.com\/web\/wp-json\/wp\/v2\/tags?post=59793"}],"curies":[{"name":"wp","href":"https:\/\/api.w.org\/{rel}","templated":true}]}}