{"id":59796,"date":"2022-06-13T11:54:29","date_gmt":"2022-06-13T16:54:29","guid":{"rendered":"https:\/\/pagina10.com\/web\/?p=59796"},"modified":"2022-06-13T11:54:29","modified_gmt":"2022-06-13T16:54:29","slug":"narino-clama-por-la-liberacion-de-david-urena","status":"publish","type":"post","link":"https:\/\/pagina10.com\/web\/narino-clama-por-la-liberacion-de-david-urena\/","title":{"rendered":"Nari\u00f1o clama por la liberaci\u00f3n de David Ure\u00f1a"},"content":{"rendered":"<p style=\"text-align: justify;\">La Gobernaci\u00f3n de Nari\u00f1o en cabeza del Gobernador Jhon Rojas, se uni\u00f3 a las voces de familiares y amigos del se\u00f1or Jes\u00fas David Ure\u00f1a en la \u2018Velat\u00f3n de solidaridad por el respeto a l vida y libertad\u2019, organizada por su pronto regreso.<\/p>\n<p style=\"text-align: justify;\">\u201cSon 44 d\u00edas que lo estamos esperando junto a mi hija Sofi, estamos las dos solitas, esperando una llamada, un abracito como el que \u00e9l nos da. Yo les pido a los que lo tienen un acto de solidaridad, una prueba de vida\u201d, Cristina Hidalgo, Esposa de David Ure\u00f1a.<\/p>\n<p style=\"text-align: justify;\">Tras 44 d\u00edas del secuestro del Alcalde (e) de El Charco, Jes\u00fas David Ure\u00f1a, m\u00e1s de 1.000 personas se reunieron en la Plaza de Nari\u00f1o de Pasto, para encender una vela en s\u00edmbolo de esperanza y en oraci\u00f3n por la liberaci\u00f3n del Alcalde. \u201cEsperamos pruebas de supervivencia, desde el momento que fue secuestrado no se han tenido noticias y eso nos preocupa. En cada Puesto de Mando Unificado Nacional hemos solicitado al Ministerio del Interior y de Defensa hacer una operaci\u00f3n que permita tener resultados efectivos y dar con el paradero del Alcalde\u201d, indic\u00f3 el Gobernador de Nari\u00f1o, Jhon Rojas.<\/p>\n<p>Desde la administraci\u00f3n Departamental nos solidarizamos con los familiares de David Ure\u00f1a, pedimos tambi\u00e9n, por la liberaci\u00f3n de todas las personas secuestradas y desaparecidas en Nari\u00f1o, y la acci\u00f3n integral del Gobierno Nacional en el Departamento ya que la presencia de grupos al margen de la ley en nuestro territorio tiene en permanente riesgo a las comunidades.<\/p>\n","protected":false},"excerpt":{"rendered":"<p>La Gobernaci\u00f3n de Nari\u00f1o en cabeza del Gobernador Jhon Rojas, se uni\u00f3 a las voces de familiares y amigos del se\u00f1or Jes\u00fas David Ure\u00f1a en la \u2018Velat\u00f3n de solidaridad por el respeto a l vida y libertad\u2019, organizada por su pronto regreso. \u201cSon 44 d\u00edas que lo estamos esperando junto a mi hija Sofi, estamos [&hellip;]<\/p>\n","protected":false},"author":1,"featured_media":59797,"comment_status":"open","ping_status":"open","sticky":false,"template":"","format":"standard","meta":{"footnotes":""},"categories":[53],"tags":[],"class_list":["post-59796","post","type-post","status-publish","format-standard","has-post-thumbnail","hentry","category-regiones"],"yoast_head":"<!-- This site is optimized with the Yoast SEO plugin v27.1.1 - https:\/\/yoast.com\/product\/yoast-seo-wordpress\/ -->\n<title>Nari\u00f1o clama por la liberaci\u00f3n de David Ure\u00f1a | P\u00e1gina10<\/title>\n<meta name=\"robots\" content=\"index, follow, max-snippet:-1, max-image-preview:large, max-video-preview:-1\" \/>\n<link rel=\"canonical\" href=\"https:\/\/pagina10.com\/web\/narino-clama-por-la-liberacion-de-david-urena\/\" \/>\n<meta property=\"og:locale\" content=\"es_ES\" \/>\n<meta property=\"og:type\" content=\"article\" \/>\n<meta property=\"og:title\" content=\"Nari\u00f1o clama por la liberaci\u00f3n de David Ure\u00f1a | P\u00e1gina10\" \/>\n<meta property=\"og:description\" content=\"La Gobernaci\u00f3n de Nari\u00f1o en cabeza del Gobernador Jhon Rojas, se uni\u00f3 a las voces de familiares y amigos del se\u00f1or Jes\u00fas David Ure\u00f1a en la \u2018Velat\u00f3n de solidaridad por el respeto a l vida y libertad\u2019, organizada por su pronto regreso. \u201cSon 44 d\u00edas que lo estamos esperando junto a mi hija Sofi, estamos [&hellip;]\" \/>\n<meta property=\"og:url\" content=\"https:\/\/pagina10.com\/web\/narino-clama-por-la-liberacion-de-david-urena\/\" \/>\n<meta property=\"og:site_name\" content=\"P\u00e1gina10\" \/>\n<meta property=\"article:publisher\" content=\"https:\/\/www.facebook.com\/pag10com\" \/>\n<meta property=\"article:published_time\" content=\"2022-06-13T16:54:29+00:00\" \/>\n<meta property=\"og:image\" content=\"https:\/\/pagina10.com\/web\/wp-content\/uploads\/2022\/06\/Captura-de-Pantalla-2022-06-13-a-las-11.53.54-a.-m..png\" \/>\n\t<meta property=\"og:image:width\" content=\"513\" \/>\n\t<meta property=\"og:image:height\" content=\"335\" \/>\n\t<meta property=\"og:image:type\" content=\"image\/png\" \/>\n<meta name=\"author\" content=\"P\u00e1gina 10\" \/>\n<meta name=\"twitter:card\" content=\"summary_large_image\" \/>\n<meta name=\"twitter:creator\" content=\"@Pag10com\" \/>\n<meta name=\"twitter:site\" content=\"@Pag10com\" \/>\n<meta name=\"twitter:label1\" content=\"Escrito por\" \/>\n\t<meta name=\"twitter:data1\" content=\"P\u00e1gina 10\" \/>\n\t<meta name=\"twitter:label2\" content=\"Tiempo de lectura\" \/>\n\t<meta name=\"twitter:data2\" content=\"1 minuto\" \/>\n<script type=\"application\/ld+json\" class=\"yoast-schema-graph\">{\"@context\":\"https:\/\/schema.org\",\"@graph\":[{\"@type\":\"Article\",\"@id\":\"https:\/\/pagina10.com\/web\/narino-clama-por-la-liberacion-de-david-urena\/#article\",\"isPartOf\":{\"@id\":\"https:\/\/pagina10.com\/web\/narino-clama-por-la-liberacion-de-david-urena\/\"},\"author\":{\"name\":\"P\u00e1gina 10\",\"@id\":\"https:\/\/pagina10.com\/web\/#\/schema\/person\/2efc4a090d25b667d3bc796798a3a81b\"},\"headline\":\"Nari\u00f1o clama por la liberaci\u00f3n de David Ure\u00f1a\",\"datePublished\":\"2022-06-13T16:54:29+00:00\",\"mainEntityOfPage\":{\"@id\":\"https:\/\/pagina10.com\/web\/narino-clama-por-la-liberacion-de-david-urena\/\"},\"wordCount\":280,\"commentCount\":0,\"publisher\":{\"@id\":\"https:\/\/pagina10.com\/web\/#organization\"},\"image\":{\"@id\":\"https:\/\/pagina10.com\/web\/narino-clama-por-la-liberacion-de-david-urena\/#primaryimage\"},\"thumbnailUrl\":\"https:\/\/pagina10.com\/web\/wp-content\/uploads\/2022\/06\/Captura-de-Pantalla-2022-06-13-a-las-11.53.54-a.-m..png\",\"articleSection\":[\"Regiones\"],\"inLanguage\":\"es\",\"potentialAction\":[{\"@type\":\"CommentAction\",\"name\":\"Comment\",\"target\":[\"https:\/\/pagina10.com\/web\/narino-clama-por-la-liberacion-de-david-urena\/#respond\"]}]},{\"@type\":\"WebPage\",\"@id\":\"https:\/\/pagina10.com\/web\/narino-clama-por-la-liberacion-de-david-urena\/\",\"url\":\"https:\/\/pagina10.com\/web\/narino-clama-por-la-liberacion-de-david-urena\/\",\"name\":\"Nari\u00f1o clama por la liberaci\u00f3n de David Ure\u00f1a | P\u00e1gina10\",\"isPartOf\":{\"@id\":\"https:\/\/pagina10.com\/web\/#website\"},\"primaryImageOfPage\":{\"@id\":\"https:\/\/pagina10.com\/web\/narino-clama-por-la-liberacion-de-david-urena\/#primaryimage\"},\"image\":{\"@id\":\"https:\/\/pagina10.com\/web\/narino-clama-por-la-liberacion-de-david-urena\/#primaryimage\"},\"thumbnailUrl\":\"https:\/\/pagina10.com\/web\/wp-content\/uploads\/2022\/06\/Captura-de-Pantalla-2022-06-13-a-las-11.53.54-a.-m..png\",\"datePublished\":\"2022-06-13T16:54:29+00:00\",\"breadcrumb\":{\"@id\":\"https:\/\/pagina10.com\/web\/narino-clama-por-la-liberacion-de-david-urena\/#breadcrumb\"},\"inLanguage\":\"es\",\"potentialAction\":[{\"@type\":\"ReadAction\",\"target\":[\"https:\/\/pagina10.com\/web\/narino-clama-por-la-liberacion-de-david-urena\/\"]}]},{\"@type\":\"ImageObject\",\"inLanguage\":\"es\",\"@id\":\"https:\/\/pagina10.com\/web\/narino-clama-por-la-liberacion-de-david-urena\/#primaryimage\",\"url\":\"https:\/\/pagina10.com\/web\/wp-content\/uploads\/2022\/06\/Captura-de-Pantalla-2022-06-13-a-las-11.53.54-a.-m..png\",\"contentUrl\":\"https:\/\/pagina10.com\/web\/wp-content\/uploads\/2022\/06\/Captura-de-Pantalla-2022-06-13-a-las-11.53.54-a.-m..png\",\"width\":513,\"height\":335},{\"@type\":\"BreadcrumbList\",\"@id\":\"https:\/\/pagina10.com\/web\/narino-clama-por-la-liberacion-de-david-urena\/#breadcrumb\",\"itemListElement\":[{\"@type\":\"ListItem\",\"position\":1,\"name\":\"Portada\",\"item\":\"https:\/\/pagina10.com\/web\/\"},{\"@type\":\"ListItem\",\"position\":2,\"name\":\"Nari\u00f1o clama por la liberaci\u00f3n de David Ure\u00f1a\"}]},{\"@type\":\"WebSite\",\"@id\":\"https:\/\/pagina10.com\/web\/#website\",\"url\":\"https:\/\/pagina10.com\/web\/\",\"name\":\"P\u00e1gina10\",\"description\":\"Peri\u00f3dico Regional\",\"publisher\":{\"@id\":\"https:\/\/pagina10.com\/web\/#organization\"},\"alternateName\":\"P\u00e1gina10 Peri\u00f3dico Regional\",\"potentialAction\":[{\"@type\":\"SearchAction\",\"target\":{\"@type\":\"EntryPoint\",\"urlTemplate\":\"https:\/\/pagina10.com\/web\/?s={search_term_string}\"},\"query-input\":{\"@type\":\"PropertyValueSpecification\",\"valueRequired\":true,\"valueName\":\"search_term_string\"}}],\"inLanguage\":\"es\"},{\"@type\":\"Organization\",\"@id\":\"https:\/\/pagina10.com\/web\/#organization\",\"name\":\"P\u00e1gina10\",\"alternateName\":\"P\u00e1gina10 Peri\u00f3dico Regional\",\"url\":\"https:\/\/pagina10.com\/web\/\",\"logo\":{\"@type\":\"ImageObject\",\"inLanguage\":\"es\",\"@id\":\"https:\/\/pagina10.com\/web\/#\/schema\/logo\/image\/\",\"url\":\"https:\/\/pagina10.com\/web\/wp-content\/uploads\/2024\/01\/40-pagina-10-periodico-regional-pasto.jpg\",\"contentUrl\":\"https:\/\/pagina10.com\/web\/wp-content\/uploads\/2024\/01\/40-pagina-10-periodico-regional-pasto.jpg\",\"width\":1280,\"height\":720,\"caption\":\"P\u00e1gina10\"},\"image\":{\"@id\":\"https:\/\/pagina10.com\/web\/#\/schema\/logo\/image\/\"},\"sameAs\":[\"https:\/\/www.facebook.com\/pag10com\",\"https:\/\/x.com\/Pag10com\",\"https:\/\/www.instagram.com\/pagina10col\/\",\"https:\/\/youtube.com\/channel\/pag10\",\"https:\/\/www.tiktok.com\/@p10col\"]},{\"@type\":\"Person\",\"@id\":\"https:\/\/pagina10.com\/web\/#\/schema\/person\/2efc4a090d25b667d3bc796798a3a81b\",\"name\":\"P\u00e1gina 10\",\"description\":\"P\u00e1gina 10 es un peri\u00f3dico regional que nace en Colombia, en el departamento de Nari\u00f1o, con un enfoque global, fundamentado en cuatro pilares esenciales: la libertad, el pluralismo, la inclusi\u00f3n y la independencia. P\u00e1gina 10 hace referencia a Nari\u00f1o como el d\u00e9cimo departamento creado en Colombia, despu\u00e9s de un proceso pol\u00edtico liderado por actores y actrices regionales con el fin de obtener la independencia y autonom\u00eda de nuestros territorios. Con la creaci\u00f3n de P\u00e1gina 10 se pretende abrir un escenario para el dialogo, la reflexi\u00f3n y el debate que se extienda a otras geograf\u00edas de Am\u00e9rica Latina y del planeta, en una apuesta por transformar colectivamente los desaf\u00edos de un mundo contempor\u00e1neo, m\u00e1s all\u00e1 de las fronteras impuestas.\",\"url\":\"https:\/\/pagina10.com\/web\/author\/pdiezadmin\/\"}]}<\/script>\n<!-- \/ Yoast SEO plugin. -->","yoast_head_json":{"title":"Nari\u00f1o clama por la liberaci\u00f3n de David Ure\u00f1a | P\u00e1gina10","robots":{"index":"index","follow":"follow","max-snippet":"max-snippet:-1","max-image-preview":"max-image-preview:large","max-video-preview":"max-video-preview:-1"},"canonical":"https:\/\/pagina10.com\/web\/narino-clama-por-la-liberacion-de-david-urena\/","og_locale":"es_ES","og_type":"article","og_title":"Nari\u00f1o clama por la liberaci\u00f3n de David Ure\u00f1a | P\u00e1gina10","og_description":"La Gobernaci\u00f3n de Nari\u00f1o en cabeza del Gobernador Jhon Rojas, se uni\u00f3 a las voces de familiares y amigos del se\u00f1or Jes\u00fas David Ure\u00f1a en la \u2018Velat\u00f3n de solidaridad por el respeto a l vida y libertad\u2019, organizada por su pronto regreso. \u201cSon 44 d\u00edas que lo estamos esperando junto a mi hija Sofi, estamos [&hellip;]","og_url":"https:\/\/pagina10.com\/web\/narino-clama-por-la-liberacion-de-david-urena\/","og_site_name":"P\u00e1gina10","article_publisher":"https:\/\/www.facebook.com\/pag10com","article_published_time":"2022-06-13T16:54:29+00:00","og_image":[{"width":513,"height":335,"url":"https:\/\/pagina10.com\/web\/wp-content\/uploads\/2022\/06\/Captura-de-Pantalla-2022-06-13-a-las-11.53.54-a.-m..png","type":"image\/png"}],"author":"P\u00e1gina 10","twitter_card":"summary_large_image","twitter_creator":"@Pag10com","twitter_site":"@Pag10com","twitter_misc":{"Escrito por":"P\u00e1gina 10","Tiempo de lectura":"1 minuto"},"schema":{"@context":"https:\/\/schema.org","@graph":[{"@type":"Article","@id":"https:\/\/pagina10.com\/web\/narino-clama-por-la-liberacion-de-david-urena\/#article","isPartOf":{"@id":"https:\/\/pagina10.com\/web\/narino-clama-por-la-liberacion-de-david-urena\/"},"author":{"name":"P\u00e1gina 10","@id":"https:\/\/pagina10.com\/web\/#\/schema\/person\/2efc4a090d25b667d3bc796798a3a81b"},"headline":"Nari\u00f1o clama por la liberaci\u00f3n de David Ure\u00f1a","datePublished":"2022-06-13T16:54:29+00:00","mainEntityOfPage":{"@id":"https:\/\/pagina10.com\/web\/narino-clama-por-la-liberacion-de-david-urena\/"},"wordCount":280,"commentCount":0,"publisher":{"@id":"https:\/\/pagina10.com\/web\/#organization"},"image":{"@id":"https:\/\/pagina10.com\/web\/narino-clama-por-la-liberacion-de-david-urena\/#primaryimage"},"thumbnailUrl":"https:\/\/pagina10.com\/web\/wp-content\/uploads\/2022\/06\/Captura-de-Pantalla-2022-06-13-a-las-11.53.54-a.-m..png","articleSection":["Regiones"],"inLanguage":"es","potentialAction":[{"@type":"CommentAction","name":"Comment","target":["https:\/\/pagina10.com\/web\/narino-clama-por-la-liberacion-de-david-urena\/#respond"]}]},{"@type":"WebPage","@id":"https:\/\/pagina10.com\/web\/narino-clama-por-la-liberacion-de-david-urena\/","url":"https:\/\/pagina10.com\/web\/narino-clama-por-la-liberacion-de-david-urena\/","name":"Nari\u00f1o clama por la liberaci\u00f3n de David Ure\u00f1a | P\u00e1gina10","isPartOf":{"@id":"https:\/\/pagina10.com\/web\/#website"},"primaryImageOfPage":{"@id":"https:\/\/pagina10.com\/web\/narino-clama-por-la-liberacion-de-david-urena\/#primaryimage"},"image":{"@id":"https:\/\/pagina10.com\/web\/narino-clama-por-la-liberacion-de-david-urena\/#primaryimage"},"thumbnailUrl":"https:\/\/pagina10.com\/web\/wp-content\/uploads\/2022\/06\/Captura-de-Pantalla-2022-06-13-a-las-11.53.54-a.-m..png","datePublished":"2022-06-13T16:54:29+00:00","breadcrumb":{"@id":"https:\/\/pagina10.com\/web\/narino-clama-por-la-liberacion-de-david-urena\/#breadcrumb"},"inLanguage":"es","potentialAction":[{"@type":"ReadAction","target":["https:\/\/pagina10.com\/web\/narino-clama-por-la-liberacion-de-david-urena\/"]}]},{"@type":"ImageObject","inLanguage":"es","@id":"https:\/\/pagina10.com\/web\/narino-clama-por-la-liberacion-de-david-urena\/#primaryimage","url":"https:\/\/pagina10.com\/web\/wp-content\/uploads\/2022\/06\/Captura-de-Pantalla-2022-06-13-a-las-11.53.54-a.-m..png","contentUrl":"https:\/\/pagina10.com\/web\/wp-content\/uploads\/2022\/06\/Captura-de-Pantalla-2022-06-13-a-las-11.53.54-a.-m..png","width":513,"height":335},{"@type":"BreadcrumbList","@id":"https:\/\/pagina10.com\/web\/narino-clama-por-la-liberacion-de-david-urena\/#breadcrumb","itemListElement":[{"@type":"ListItem","position":1,"name":"Portada","item":"https:\/\/pagina10.com\/web\/"},{"@type":"ListItem","position":2,"name":"Nari\u00f1o clama por la liberaci\u00f3n de David Ure\u00f1a"}]},{"@type":"WebSite","@id":"https:\/\/pagina10.com\/web\/#website","url":"https:\/\/pagina10.com\/web\/","name":"P\u00e1gina10","description":"Peri\u00f3dico Regional","publisher":{"@id":"https:\/\/pagina10.com\/web\/#organization"},"alternateName":"P\u00e1gina10 Peri\u00f3dico Regional","potentialAction":[{"@type":"SearchAction","target":{"@type":"EntryPoint","urlTemplate":"https:\/\/pagina10.com\/web\/?s={search_term_string}"},"query-input":{"@type":"PropertyValueSpecification","valueRequired":true,"valueName":"search_term_string"}}],"inLanguage":"es"},{"@type":"Organization","@id":"https:\/\/pagina10.com\/web\/#organization","name":"P\u00e1gina10","alternateName":"P\u00e1gina10 Peri\u00f3dico Regional","url":"https:\/\/pagina10.com\/web\/","logo":{"@type":"ImageObject","inLanguage":"es","@id":"https:\/\/pagina10.com\/web\/#\/schema\/logo\/image\/","url":"https:\/\/pagina10.com\/web\/wp-content\/uploads\/2024\/01\/40-pagina-10-periodico-regional-pasto.jpg","contentUrl":"https:\/\/pagina10.com\/web\/wp-content\/uploads\/2024\/01\/40-pagina-10-periodico-regional-pasto.jpg","width":1280,"height":720,"caption":"P\u00e1gina10"},"image":{"@id":"https:\/\/pagina10.com\/web\/#\/schema\/logo\/image\/"},"sameAs":["https:\/\/www.facebook.com\/pag10com","https:\/\/x.com\/Pag10com","https:\/\/www.instagram.com\/pagina10col\/","https:\/\/youtube.com\/channel\/pag10","https:\/\/www.tiktok.com\/@p10col"]},{"@type":"Person","@id":"https:\/\/pagina10.com\/web\/#\/schema\/person\/2efc4a090d25b667d3bc796798a3a81b","name":"P\u00e1gina 10","description":"P\u00e1gina 10 es un peri\u00f3dico regional que nace en Colombia, en el departamento de Nari\u00f1o, con un enfoque global, fundamentado en cuatro pilares esenciales: la libertad, el pluralismo, la inclusi\u00f3n y la independencia. P\u00e1gina 10 hace referencia a Nari\u00f1o como el d\u00e9cimo departamento creado en Colombia, despu\u00e9s de un proceso pol\u00edtico liderado por actores y actrices regionales con el fin de obtener la independencia y autonom\u00eda de nuestros territorios. Con la creaci\u00f3n de P\u00e1gina 10 se pretende abrir un escenario para el dialogo, la reflexi\u00f3n y el debate que se extienda a otras geograf\u00edas de Am\u00e9rica Latina y del planeta, en una apuesta por transformar colectivamente los desaf\u00edos de un mundo contempor\u00e1neo, m\u00e1s all\u00e1 de las fronteras impuestas.","url":"https:\/\/pagina10.com\/web\/author\/pdiezadmin\/"}]}},"_links":{"self":[{"href":"https:\/\/pagina10.com\/web\/wp-json\/wp\/v2\/posts\/59796","targetHints":{"allow":["GET"]}}],"collection":[{"href":"https:\/\/pagina10.com\/web\/wp-json\/wp\/v2\/posts"}],"about":[{"href":"https:\/\/pagina10.com\/web\/wp-json\/wp\/v2\/types\/post"}],"author":[{"embeddable":true,"href":"https:\/\/pagina10.com\/web\/wp-json\/wp\/v2\/users\/1"}],"replies":[{"embeddable":true,"href":"https:\/\/pagina10.com\/web\/wp-json\/wp\/v2\/comments?post=59796"}],"version-history":[{"count":1,"href":"https:\/\/pagina10.com\/web\/wp-json\/wp\/v2\/posts\/59796\/revisions"}],"predecessor-version":[{"id":59798,"href":"https:\/\/pagina10.com\/web\/wp-json\/wp\/v2\/posts\/59796\/revisions\/59798"}],"wp:featuredmedia":[{"embeddable":true,"href":"https:\/\/pagina10.com\/web\/wp-json\/wp\/v2\/media\/59797"}],"wp:attachment":[{"href":"https:\/\/pagina10.com\/web\/wp-json\/wp\/v2\/media?parent=59796"}],"wp:term":[{"taxonomy":"category","embeddable":true,"href":"https:\/\/pagina10.com\/web\/wp-json\/wp\/v2\/categories?post=59796"},{"taxonomy":"post_tag","embeddable":true,"href":"https:\/\/pagina10.com\/web\/wp-json\/wp\/v2\/tags?post=59796"}],"curies":[{"name":"wp","href":"https:\/\/api.w.org\/{rel}","templated":true}]}}