{"id":59845,"date":"2022-06-15T18:11:28","date_gmt":"2022-06-15T23:11:28","guid":{"rendered":"https:\/\/pagina10.com\/web\/?p=59845"},"modified":"2022-06-18T22:31:44","modified_gmt":"2022-06-19T03:31:44","slug":"en-narino-registraduria-exhorto-a-ciudadanos-a-reclamar-sus-cedulas","status":"publish","type":"post","link":"https:\/\/pagina10.com\/web\/en-narino-registraduria-exhorto-a-ciudadanos-a-reclamar-sus-cedulas\/","title":{"rendered":"En Nari\u00f1o Registradur\u00eda exhort\u00f3 a ciudadanos a reclamar sus c\u00e9dulas"},"content":{"rendered":"<p>A partir del viernes 18 de junio en la tarde y hasta el pr\u00f3ximo martes 21 de junio, la Registradur\u00eda Departamental suspender\u00e1 la entrega de c\u00e9dulas de ciudadan\u00eda con motivo de la jornada de elecciones para la Presidencia de la Rep\u00fablica que se desarrollar\u00e1 el pr\u00f3ximo domingo 19 de junio.<\/p>\n<p>As\u00ed lo dio a conocer el delegado departamental Jaime Santander. \u201cTenemos un n\u00famero considerable de documentos no retirados. Por eso invitamos a las personas que hicieron su tr\u00e1mite en cualquier sede del departamento, vayan y reclamen su c\u00e9dula ya que el viernes con presencia del Ministerio p\u00fablico, se congelar\u00e1 ese proceso\u201d, dijo.<\/p>\n<p>As\u00ed mismo, Santander record\u00f3 que la c\u00e9dula de ciudadan\u00eda es el \u00fanico documento v\u00e1lido para ejercer el derecho voto. Cabe mencionar que a menos de una semana de realizarse la segunda vuelta presidencial, m\u00e1s de 440 000 colombianos a\u00fan no han reclamado este documento seg\u00fan la Registradur\u00eda y por tal raz\u00f3n, no podr\u00edan participar en dichos comicios.<\/p>\n","protected":false},"excerpt":{"rendered":"<p>A partir del viernes 18 de junio en la tarde y hasta el pr\u00f3ximo martes 21 de junio, la Registradur\u00eda Departamental suspender\u00e1 la entrega de c\u00e9dulas de ciudadan\u00eda con motivo de la jornada de elecciones para la Presidencia de la Rep\u00fablica que se desarrollar\u00e1 el pr\u00f3ximo domingo 19 de junio. As\u00ed lo dio a conocer [&hellip;]<\/p>\n","protected":false},"author":1,"featured_media":59846,"comment_status":"open","ping_status":"open","sticky":false,"template":"","format":"standard","meta":{"footnotes":""},"categories":[53],"tags":[],"class_list":["post-59845","post","type-post","status-publish","format-standard","has-post-thumbnail","hentry","category-regiones"],"yoast_head":"<!-- This site is optimized with the Yoast SEO plugin v27.1.1 - https:\/\/yoast.com\/product\/yoast-seo-wordpress\/ -->\n<title>En Nari\u00f1o Registradur\u00eda exhort\u00f3 a ciudadanos a reclamar sus c\u00e9dulas | P\u00e1gina10<\/title>\n<meta name=\"robots\" content=\"index, follow, max-snippet:-1, max-image-preview:large, max-video-preview:-1\" \/>\n<link rel=\"canonical\" href=\"https:\/\/pagina10.com\/web\/en-narino-registraduria-exhorto-a-ciudadanos-a-reclamar-sus-cedulas\/\" \/>\n<meta property=\"og:locale\" content=\"es_ES\" \/>\n<meta property=\"og:type\" content=\"article\" \/>\n<meta property=\"og:title\" content=\"En Nari\u00f1o Registradur\u00eda exhort\u00f3 a ciudadanos a reclamar sus c\u00e9dulas | P\u00e1gina10\" \/>\n<meta property=\"og:description\" content=\"A partir del viernes 18 de junio en la tarde y hasta el pr\u00f3ximo martes 21 de junio, la Registradur\u00eda Departamental suspender\u00e1 la entrega de c\u00e9dulas de ciudadan\u00eda con motivo de la jornada de elecciones para la Presidencia de la Rep\u00fablica que se desarrollar\u00e1 el pr\u00f3ximo domingo 19 de junio. As\u00ed lo dio a conocer [&hellip;]\" \/>\n<meta property=\"og:url\" content=\"https:\/\/pagina10.com\/web\/en-narino-registraduria-exhorto-a-ciudadanos-a-reclamar-sus-cedulas\/\" \/>\n<meta property=\"og:site_name\" content=\"P\u00e1gina10\" \/>\n<meta property=\"article:publisher\" content=\"https:\/\/www.facebook.com\/pag10com\" \/>\n<meta property=\"article:published_time\" content=\"2022-06-15T23:11:28+00:00\" \/>\n<meta property=\"article:modified_time\" content=\"2022-06-19T03:31:44+00:00\" \/>\n<meta property=\"og:image\" content=\"https:\/\/pagina10.com\/web\/wp-content\/uploads\/2022\/06\/602600d1e9253.jpeg\" \/>\n\t<meta property=\"og:image:width\" content=\"980\" \/>\n\t<meta property=\"og:image:height\" content=\"590\" \/>\n\t<meta property=\"og:image:type\" content=\"image\/jpeg\" \/>\n<meta name=\"author\" content=\"P\u00e1gina 10\" \/>\n<meta name=\"twitter:card\" content=\"summary_large_image\" \/>\n<meta name=\"twitter:creator\" content=\"@Pag10com\" \/>\n<meta name=\"twitter:site\" content=\"@Pag10com\" \/>\n<meta name=\"twitter:label1\" content=\"Escrito por\" \/>\n\t<meta name=\"twitter:data1\" content=\"P\u00e1gina 10\" \/>\n\t<meta name=\"twitter:label2\" content=\"Tiempo de lectura\" \/>\n\t<meta name=\"twitter:data2\" content=\"1 minuto\" \/>\n<script type=\"application\/ld+json\" class=\"yoast-schema-graph\">{\"@context\":\"https:\/\/schema.org\",\"@graph\":[{\"@type\":\"Article\",\"@id\":\"https:\/\/pagina10.com\/web\/en-narino-registraduria-exhorto-a-ciudadanos-a-reclamar-sus-cedulas\/#article\",\"isPartOf\":{\"@id\":\"https:\/\/pagina10.com\/web\/en-narino-registraduria-exhorto-a-ciudadanos-a-reclamar-sus-cedulas\/\"},\"author\":{\"name\":\"P\u00e1gina 10\",\"@id\":\"https:\/\/pagina10.com\/web\/#\/schema\/person\/2efc4a090d25b667d3bc796798a3a81b\"},\"headline\":\"En Nari\u00f1o Registradur\u00eda exhort\u00f3 a ciudadanos a reclamar sus c\u00e9dulas\",\"datePublished\":\"2022-06-15T23:11:28+00:00\",\"dateModified\":\"2022-06-19T03:31:44+00:00\",\"mainEntityOfPage\":{\"@id\":\"https:\/\/pagina10.com\/web\/en-narino-registraduria-exhorto-a-ciudadanos-a-reclamar-sus-cedulas\/\"},\"wordCount\":186,\"commentCount\":0,\"publisher\":{\"@id\":\"https:\/\/pagina10.com\/web\/#organization\"},\"image\":{\"@id\":\"https:\/\/pagina10.com\/web\/en-narino-registraduria-exhorto-a-ciudadanos-a-reclamar-sus-cedulas\/#primaryimage\"},\"thumbnailUrl\":\"https:\/\/pagina10.com\/web\/wp-content\/uploads\/2022\/06\/602600d1e9253.jpeg\",\"articleSection\":[\"Regiones\"],\"inLanguage\":\"es\",\"potentialAction\":[{\"@type\":\"CommentAction\",\"name\":\"Comment\",\"target\":[\"https:\/\/pagina10.com\/web\/en-narino-registraduria-exhorto-a-ciudadanos-a-reclamar-sus-cedulas\/#respond\"]}]},{\"@type\":\"WebPage\",\"@id\":\"https:\/\/pagina10.com\/web\/en-narino-registraduria-exhorto-a-ciudadanos-a-reclamar-sus-cedulas\/\",\"url\":\"https:\/\/pagina10.com\/web\/en-narino-registraduria-exhorto-a-ciudadanos-a-reclamar-sus-cedulas\/\",\"name\":\"En Nari\u00f1o Registradur\u00eda exhort\u00f3 a ciudadanos a reclamar sus c\u00e9dulas | P\u00e1gina10\",\"isPartOf\":{\"@id\":\"https:\/\/pagina10.com\/web\/#website\"},\"primaryImageOfPage\":{\"@id\":\"https:\/\/pagina10.com\/web\/en-narino-registraduria-exhorto-a-ciudadanos-a-reclamar-sus-cedulas\/#primaryimage\"},\"image\":{\"@id\":\"https:\/\/pagina10.com\/web\/en-narino-registraduria-exhorto-a-ciudadanos-a-reclamar-sus-cedulas\/#primaryimage\"},\"thumbnailUrl\":\"https:\/\/pagina10.com\/web\/wp-content\/uploads\/2022\/06\/602600d1e9253.jpeg\",\"datePublished\":\"2022-06-15T23:11:28+00:00\",\"dateModified\":\"2022-06-19T03:31:44+00:00\",\"breadcrumb\":{\"@id\":\"https:\/\/pagina10.com\/web\/en-narino-registraduria-exhorto-a-ciudadanos-a-reclamar-sus-cedulas\/#breadcrumb\"},\"inLanguage\":\"es\",\"potentialAction\":[{\"@type\":\"ReadAction\",\"target\":[\"https:\/\/pagina10.com\/web\/en-narino-registraduria-exhorto-a-ciudadanos-a-reclamar-sus-cedulas\/\"]}]},{\"@type\":\"ImageObject\",\"inLanguage\":\"es\",\"@id\":\"https:\/\/pagina10.com\/web\/en-narino-registraduria-exhorto-a-ciudadanos-a-reclamar-sus-cedulas\/#primaryimage\",\"url\":\"https:\/\/pagina10.com\/web\/wp-content\/uploads\/2022\/06\/602600d1e9253.jpeg\",\"contentUrl\":\"https:\/\/pagina10.com\/web\/wp-content\/uploads\/2022\/06\/602600d1e9253.jpeg\",\"width\":980,\"height\":590},{\"@type\":\"BreadcrumbList\",\"@id\":\"https:\/\/pagina10.com\/web\/en-narino-registraduria-exhorto-a-ciudadanos-a-reclamar-sus-cedulas\/#breadcrumb\",\"itemListElement\":[{\"@type\":\"ListItem\",\"position\":1,\"name\":\"Portada\",\"item\":\"https:\/\/pagina10.com\/web\/\"},{\"@type\":\"ListItem\",\"position\":2,\"name\":\"En Nari\u00f1o Registradur\u00eda exhort\u00f3 a ciudadanos a reclamar sus c\u00e9dulas\"}]},{\"@type\":\"WebSite\",\"@id\":\"https:\/\/pagina10.com\/web\/#website\",\"url\":\"https:\/\/pagina10.com\/web\/\",\"name\":\"P\u00e1gina10\",\"description\":\"Peri\u00f3dico Regional\",\"publisher\":{\"@id\":\"https:\/\/pagina10.com\/web\/#organization\"},\"alternateName\":\"P\u00e1gina10 Peri\u00f3dico Regional\",\"potentialAction\":[{\"@type\":\"SearchAction\",\"target\":{\"@type\":\"EntryPoint\",\"urlTemplate\":\"https:\/\/pagina10.com\/web\/?s={search_term_string}\"},\"query-input\":{\"@type\":\"PropertyValueSpecification\",\"valueRequired\":true,\"valueName\":\"search_term_string\"}}],\"inLanguage\":\"es\"},{\"@type\":\"Organization\",\"@id\":\"https:\/\/pagina10.com\/web\/#organization\",\"name\":\"P\u00e1gina10\",\"alternateName\":\"P\u00e1gina10 Peri\u00f3dico Regional\",\"url\":\"https:\/\/pagina10.com\/web\/\",\"logo\":{\"@type\":\"ImageObject\",\"inLanguage\":\"es\",\"@id\":\"https:\/\/pagina10.com\/web\/#\/schema\/logo\/image\/\",\"url\":\"https:\/\/pagina10.com\/web\/wp-content\/uploads\/2024\/01\/40-pagina-10-periodico-regional-pasto.jpg\",\"contentUrl\":\"https:\/\/pagina10.com\/web\/wp-content\/uploads\/2024\/01\/40-pagina-10-periodico-regional-pasto.jpg\",\"width\":1280,\"height\":720,\"caption\":\"P\u00e1gina10\"},\"image\":{\"@id\":\"https:\/\/pagina10.com\/web\/#\/schema\/logo\/image\/\"},\"sameAs\":[\"https:\/\/www.facebook.com\/pag10com\",\"https:\/\/x.com\/Pag10com\",\"https:\/\/www.instagram.com\/pagina10col\/\",\"https:\/\/youtube.com\/channel\/pag10\",\"https:\/\/www.tiktok.com\/@p10col\"]},{\"@type\":\"Person\",\"@id\":\"https:\/\/pagina10.com\/web\/#\/schema\/person\/2efc4a090d25b667d3bc796798a3a81b\",\"name\":\"P\u00e1gina 10\",\"description\":\"P\u00e1gina 10 es un peri\u00f3dico regional que nace en Colombia, en el departamento de Nari\u00f1o, con un enfoque global, fundamentado en cuatro pilares esenciales: la libertad, el pluralismo, la inclusi\u00f3n y la independencia. P\u00e1gina 10 hace referencia a Nari\u00f1o como el d\u00e9cimo departamento creado en Colombia, despu\u00e9s de un proceso pol\u00edtico liderado por actores y actrices regionales con el fin de obtener la independencia y autonom\u00eda de nuestros territorios. Con la creaci\u00f3n de P\u00e1gina 10 se pretende abrir un escenario para el dialogo, la reflexi\u00f3n y el debate que se extienda a otras geograf\u00edas de Am\u00e9rica Latina y del planeta, en una apuesta por transformar colectivamente los desaf\u00edos de un mundo contempor\u00e1neo, m\u00e1s all\u00e1 de las fronteras impuestas.\",\"url\":\"https:\/\/pagina10.com\/web\/author\/pdiezadmin\/\"}]}<\/script>\n<!-- \/ Yoast SEO plugin. -->","yoast_head_json":{"title":"En Nari\u00f1o Registradur\u00eda exhort\u00f3 a ciudadanos a reclamar sus c\u00e9dulas | P\u00e1gina10","robots":{"index":"index","follow":"follow","max-snippet":"max-snippet:-1","max-image-preview":"max-image-preview:large","max-video-preview":"max-video-preview:-1"},"canonical":"https:\/\/pagina10.com\/web\/en-narino-registraduria-exhorto-a-ciudadanos-a-reclamar-sus-cedulas\/","og_locale":"es_ES","og_type":"article","og_title":"En Nari\u00f1o Registradur\u00eda exhort\u00f3 a ciudadanos a reclamar sus c\u00e9dulas | P\u00e1gina10","og_description":"A partir del viernes 18 de junio en la tarde y hasta el pr\u00f3ximo martes 21 de junio, la Registradur\u00eda Departamental suspender\u00e1 la entrega de c\u00e9dulas de ciudadan\u00eda con motivo de la jornada de elecciones para la Presidencia de la Rep\u00fablica que se desarrollar\u00e1 el pr\u00f3ximo domingo 19 de junio. As\u00ed lo dio a conocer [&hellip;]","og_url":"https:\/\/pagina10.com\/web\/en-narino-registraduria-exhorto-a-ciudadanos-a-reclamar-sus-cedulas\/","og_site_name":"P\u00e1gina10","article_publisher":"https:\/\/www.facebook.com\/pag10com","article_published_time":"2022-06-15T23:11:28+00:00","article_modified_time":"2022-06-19T03:31:44+00:00","og_image":[{"width":980,"height":590,"url":"https:\/\/pagina10.com\/web\/wp-content\/uploads\/2022\/06\/602600d1e9253.jpeg","type":"image\/jpeg"}],"author":"P\u00e1gina 10","twitter_card":"summary_large_image","twitter_creator":"@Pag10com","twitter_site":"@Pag10com","twitter_misc":{"Escrito por":"P\u00e1gina 10","Tiempo de lectura":"1 minuto"},"schema":{"@context":"https:\/\/schema.org","@graph":[{"@type":"Article","@id":"https:\/\/pagina10.com\/web\/en-narino-registraduria-exhorto-a-ciudadanos-a-reclamar-sus-cedulas\/#article","isPartOf":{"@id":"https:\/\/pagina10.com\/web\/en-narino-registraduria-exhorto-a-ciudadanos-a-reclamar-sus-cedulas\/"},"author":{"name":"P\u00e1gina 10","@id":"https:\/\/pagina10.com\/web\/#\/schema\/person\/2efc4a090d25b667d3bc796798a3a81b"},"headline":"En Nari\u00f1o Registradur\u00eda exhort\u00f3 a ciudadanos a reclamar sus c\u00e9dulas","datePublished":"2022-06-15T23:11:28+00:00","dateModified":"2022-06-19T03:31:44+00:00","mainEntityOfPage":{"@id":"https:\/\/pagina10.com\/web\/en-narino-registraduria-exhorto-a-ciudadanos-a-reclamar-sus-cedulas\/"},"wordCount":186,"commentCount":0,"publisher":{"@id":"https:\/\/pagina10.com\/web\/#organization"},"image":{"@id":"https:\/\/pagina10.com\/web\/en-narino-registraduria-exhorto-a-ciudadanos-a-reclamar-sus-cedulas\/#primaryimage"},"thumbnailUrl":"https:\/\/pagina10.com\/web\/wp-content\/uploads\/2022\/06\/602600d1e9253.jpeg","articleSection":["Regiones"],"inLanguage":"es","potentialAction":[{"@type":"CommentAction","name":"Comment","target":["https:\/\/pagina10.com\/web\/en-narino-registraduria-exhorto-a-ciudadanos-a-reclamar-sus-cedulas\/#respond"]}]},{"@type":"WebPage","@id":"https:\/\/pagina10.com\/web\/en-narino-registraduria-exhorto-a-ciudadanos-a-reclamar-sus-cedulas\/","url":"https:\/\/pagina10.com\/web\/en-narino-registraduria-exhorto-a-ciudadanos-a-reclamar-sus-cedulas\/","name":"En Nari\u00f1o Registradur\u00eda exhort\u00f3 a ciudadanos a reclamar sus c\u00e9dulas | P\u00e1gina10","isPartOf":{"@id":"https:\/\/pagina10.com\/web\/#website"},"primaryImageOfPage":{"@id":"https:\/\/pagina10.com\/web\/en-narino-registraduria-exhorto-a-ciudadanos-a-reclamar-sus-cedulas\/#primaryimage"},"image":{"@id":"https:\/\/pagina10.com\/web\/en-narino-registraduria-exhorto-a-ciudadanos-a-reclamar-sus-cedulas\/#primaryimage"},"thumbnailUrl":"https:\/\/pagina10.com\/web\/wp-content\/uploads\/2022\/06\/602600d1e9253.jpeg","datePublished":"2022-06-15T23:11:28+00:00","dateModified":"2022-06-19T03:31:44+00:00","breadcrumb":{"@id":"https:\/\/pagina10.com\/web\/en-narino-registraduria-exhorto-a-ciudadanos-a-reclamar-sus-cedulas\/#breadcrumb"},"inLanguage":"es","potentialAction":[{"@type":"ReadAction","target":["https:\/\/pagina10.com\/web\/en-narino-registraduria-exhorto-a-ciudadanos-a-reclamar-sus-cedulas\/"]}]},{"@type":"ImageObject","inLanguage":"es","@id":"https:\/\/pagina10.com\/web\/en-narino-registraduria-exhorto-a-ciudadanos-a-reclamar-sus-cedulas\/#primaryimage","url":"https:\/\/pagina10.com\/web\/wp-content\/uploads\/2022\/06\/602600d1e9253.jpeg","contentUrl":"https:\/\/pagina10.com\/web\/wp-content\/uploads\/2022\/06\/602600d1e9253.jpeg","width":980,"height":590},{"@type":"BreadcrumbList","@id":"https:\/\/pagina10.com\/web\/en-narino-registraduria-exhorto-a-ciudadanos-a-reclamar-sus-cedulas\/#breadcrumb","itemListElement":[{"@type":"ListItem","position":1,"name":"Portada","item":"https:\/\/pagina10.com\/web\/"},{"@type":"ListItem","position":2,"name":"En Nari\u00f1o Registradur\u00eda exhort\u00f3 a ciudadanos a reclamar sus c\u00e9dulas"}]},{"@type":"WebSite","@id":"https:\/\/pagina10.com\/web\/#website","url":"https:\/\/pagina10.com\/web\/","name":"P\u00e1gina10","description":"Peri\u00f3dico Regional","publisher":{"@id":"https:\/\/pagina10.com\/web\/#organization"},"alternateName":"P\u00e1gina10 Peri\u00f3dico Regional","potentialAction":[{"@type":"SearchAction","target":{"@type":"EntryPoint","urlTemplate":"https:\/\/pagina10.com\/web\/?s={search_term_string}"},"query-input":{"@type":"PropertyValueSpecification","valueRequired":true,"valueName":"search_term_string"}}],"inLanguage":"es"},{"@type":"Organization","@id":"https:\/\/pagina10.com\/web\/#organization","name":"P\u00e1gina10","alternateName":"P\u00e1gina10 Peri\u00f3dico Regional","url":"https:\/\/pagina10.com\/web\/","logo":{"@type":"ImageObject","inLanguage":"es","@id":"https:\/\/pagina10.com\/web\/#\/schema\/logo\/image\/","url":"https:\/\/pagina10.com\/web\/wp-content\/uploads\/2024\/01\/40-pagina-10-periodico-regional-pasto.jpg","contentUrl":"https:\/\/pagina10.com\/web\/wp-content\/uploads\/2024\/01\/40-pagina-10-periodico-regional-pasto.jpg","width":1280,"height":720,"caption":"P\u00e1gina10"},"image":{"@id":"https:\/\/pagina10.com\/web\/#\/schema\/logo\/image\/"},"sameAs":["https:\/\/www.facebook.com\/pag10com","https:\/\/x.com\/Pag10com","https:\/\/www.instagram.com\/pagina10col\/","https:\/\/youtube.com\/channel\/pag10","https:\/\/www.tiktok.com\/@p10col"]},{"@type":"Person","@id":"https:\/\/pagina10.com\/web\/#\/schema\/person\/2efc4a090d25b667d3bc796798a3a81b","name":"P\u00e1gina 10","description":"P\u00e1gina 10 es un peri\u00f3dico regional que nace en Colombia, en el departamento de Nari\u00f1o, con un enfoque global, fundamentado en cuatro pilares esenciales: la libertad, el pluralismo, la inclusi\u00f3n y la independencia. P\u00e1gina 10 hace referencia a Nari\u00f1o como el d\u00e9cimo departamento creado en Colombia, despu\u00e9s de un proceso pol\u00edtico liderado por actores y actrices regionales con el fin de obtener la independencia y autonom\u00eda de nuestros territorios. Con la creaci\u00f3n de P\u00e1gina 10 se pretende abrir un escenario para el dialogo, la reflexi\u00f3n y el debate que se extienda a otras geograf\u00edas de Am\u00e9rica Latina y del planeta, en una apuesta por transformar colectivamente los desaf\u00edos de un mundo contempor\u00e1neo, m\u00e1s all\u00e1 de las fronteras impuestas.","url":"https:\/\/pagina10.com\/web\/author\/pdiezadmin\/"}]}},"_links":{"self":[{"href":"https:\/\/pagina10.com\/web\/wp-json\/wp\/v2\/posts\/59845","targetHints":{"allow":["GET"]}}],"collection":[{"href":"https:\/\/pagina10.com\/web\/wp-json\/wp\/v2\/posts"}],"about":[{"href":"https:\/\/pagina10.com\/web\/wp-json\/wp\/v2\/types\/post"}],"author":[{"embeddable":true,"href":"https:\/\/pagina10.com\/web\/wp-json\/wp\/v2\/users\/1"}],"replies":[{"embeddable":true,"href":"https:\/\/pagina10.com\/web\/wp-json\/wp\/v2\/comments?post=59845"}],"version-history":[{"count":1,"href":"https:\/\/pagina10.com\/web\/wp-json\/wp\/v2\/posts\/59845\/revisions"}],"predecessor-version":[{"id":59847,"href":"https:\/\/pagina10.com\/web\/wp-json\/wp\/v2\/posts\/59845\/revisions\/59847"}],"wp:featuredmedia":[{"embeddable":true,"href":"https:\/\/pagina10.com\/web\/wp-json\/wp\/v2\/media\/59846"}],"wp:attachment":[{"href":"https:\/\/pagina10.com\/web\/wp-json\/wp\/v2\/media?parent=59845"}],"wp:term":[{"taxonomy":"category","embeddable":true,"href":"https:\/\/pagina10.com\/web\/wp-json\/wp\/v2\/categories?post=59845"},{"taxonomy":"post_tag","embeddable":true,"href":"https:\/\/pagina10.com\/web\/wp-json\/wp\/v2\/tags?post=59845"}],"curies":[{"name":"wp","href":"https:\/\/api.w.org\/{rel}","templated":true}]}}