{"id":59850,"date":"2022-06-15T20:47:47","date_gmt":"2022-06-16T01:47:47","guid":{"rendered":"https:\/\/pagina10.com\/web\/?p=59850"},"modified":"2022-06-15T20:47:47","modified_gmt":"2022-06-16T01:47:47","slug":"autoridades-reportan-reduccion-de-muertes-violentas-en-narino","status":"publish","type":"post","link":"https:\/\/pagina10.com\/web\/autoridades-reportan-reduccion-de-muertes-violentas-en-narino\/","title":{"rendered":"Autoridades reportan reducci\u00f3n de muertes violentas en Nari\u00f1o"},"content":{"rendered":"<p style=\"text-align: justify;\">En total son 69 casos menos de muertes violentas ocurridas este semestre con relaci\u00f3n al del a\u00f1o anterior. As\u00ed lo indic\u00f3 el secretario de Gobierno Departamental, Amilcar Pantoja, quien indic\u00f3 que aunque el panorama es positivo para la regi\u00f3n, no es indicativo para que las autoridades bajen la guardia.<\/p>\n<p style=\"text-align: justify;\">\u201cHay una reducci\u00f3n importante de cr\u00edmenes principalmente en zonas urbanas de los municipios de Tumaco, Ipiales y Pasto. Esto se traduce en que las cosas se est\u00e1n haciendo bien, vamos por un buen camino, pero no debemos dejar de adelantar lo propio para que las estad\u00edsticas de criminalidad sigan bajando\u201d, sostuvo.<\/p>\n<p style=\"text-align: justify;\">Frente a los homicidios registrados hasta el momento, el funcionario agreg\u00f3 que el 50 por ciento se encuentran en investigaci\u00f3n avanzada y se espera sean aclarados pr\u00f3ximamente. \u201cTenemos un avance importante en esta materia y creemos que prontamente se esclarecer\u00e1n estos hechos\u201d, finaliz\u00f3.<\/p>\n","protected":false},"excerpt":{"rendered":"<p>En total son 69 casos menos de muertes violentas ocurridas este semestre con relaci\u00f3n al del a\u00f1o anterior. As\u00ed lo indic\u00f3 el secretario de Gobierno Departamental, Amilcar Pantoja, quien indic\u00f3 que aunque el panorama es positivo para la regi\u00f3n, no es indicativo para que las autoridades bajen la guardia. \u201cHay una reducci\u00f3n importante de cr\u00edmenes [&hellip;]<\/p>\n","protected":false},"author":1,"featured_media":59851,"comment_status":"open","ping_status":"open","sticky":false,"template":"","format":"standard","meta":{"footnotes":""},"categories":[14],"tags":[],"class_list":["post-59850","post","type-post","status-publish","format-standard","has-post-thumbnail","hentry","category-narino-actual"],"yoast_head":"<!-- This site is optimized with the Yoast SEO plugin v27.1.1 - https:\/\/yoast.com\/product\/yoast-seo-wordpress\/ -->\n<title>Autoridades reportan reducci\u00f3n de muertes violentas en Nari\u00f1o | P\u00e1gina10<\/title>\n<meta name=\"robots\" content=\"index, follow, max-snippet:-1, max-image-preview:large, max-video-preview:-1\" \/>\n<link rel=\"canonical\" href=\"https:\/\/pagina10.com\/web\/autoridades-reportan-reduccion-de-muertes-violentas-en-narino\/\" \/>\n<meta property=\"og:locale\" content=\"es_ES\" \/>\n<meta property=\"og:type\" content=\"article\" \/>\n<meta property=\"og:title\" content=\"Autoridades reportan reducci\u00f3n de muertes violentas en Nari\u00f1o | P\u00e1gina10\" \/>\n<meta property=\"og:description\" content=\"En total son 69 casos menos de muertes violentas ocurridas este semestre con relaci\u00f3n al del a\u00f1o anterior. As\u00ed lo indic\u00f3 el secretario de Gobierno Departamental, Amilcar Pantoja, quien indic\u00f3 que aunque el panorama es positivo para la regi\u00f3n, no es indicativo para que las autoridades bajen la guardia. \u201cHay una reducci\u00f3n importante de cr\u00edmenes [&hellip;]\" \/>\n<meta property=\"og:url\" content=\"https:\/\/pagina10.com\/web\/autoridades-reportan-reduccion-de-muertes-violentas-en-narino\/\" \/>\n<meta property=\"og:site_name\" content=\"P\u00e1gina10\" \/>\n<meta property=\"article:publisher\" content=\"https:\/\/www.facebook.com\/pag10com\" \/>\n<meta property=\"article:published_time\" content=\"2022-06-16T01:47:47+00:00\" \/>\n<meta property=\"og:image\" content=\"https:\/\/pagina10.com\/web\/wp-content\/uploads\/2022\/06\/Amilcar-Pantoja-1-668x334-1.jpg\" \/>\n\t<meta property=\"og:image:width\" content=\"668\" \/>\n\t<meta property=\"og:image:height\" content=\"334\" \/>\n\t<meta property=\"og:image:type\" content=\"image\/jpeg\" \/>\n<meta name=\"author\" content=\"P\u00e1gina 10\" \/>\n<meta name=\"twitter:card\" content=\"summary_large_image\" \/>\n<meta name=\"twitter:creator\" content=\"@Pag10com\" \/>\n<meta name=\"twitter:site\" content=\"@Pag10com\" \/>\n<meta name=\"twitter:label1\" content=\"Escrito por\" \/>\n\t<meta name=\"twitter:data1\" content=\"P\u00e1gina 10\" \/>\n\t<meta name=\"twitter:label2\" content=\"Tiempo de lectura\" \/>\n\t<meta name=\"twitter:data2\" content=\"1 minuto\" \/>\n<script type=\"application\/ld+json\" class=\"yoast-schema-graph\">{\"@context\":\"https:\/\/schema.org\",\"@graph\":[{\"@type\":\"Article\",\"@id\":\"https:\/\/pagina10.com\/web\/autoridades-reportan-reduccion-de-muertes-violentas-en-narino\/#article\",\"isPartOf\":{\"@id\":\"https:\/\/pagina10.com\/web\/autoridades-reportan-reduccion-de-muertes-violentas-en-narino\/\"},\"author\":{\"name\":\"P\u00e1gina 10\",\"@id\":\"https:\/\/pagina10.com\/web\/#\/schema\/person\/2efc4a090d25b667d3bc796798a3a81b\"},\"headline\":\"Autoridades reportan reducci\u00f3n de muertes violentas en Nari\u00f1o\",\"datePublished\":\"2022-06-16T01:47:47+00:00\",\"mainEntityOfPage\":{\"@id\":\"https:\/\/pagina10.com\/web\/autoridades-reportan-reduccion-de-muertes-violentas-en-narino\/\"},\"wordCount\":161,\"commentCount\":0,\"publisher\":{\"@id\":\"https:\/\/pagina10.com\/web\/#organization\"},\"image\":{\"@id\":\"https:\/\/pagina10.com\/web\/autoridades-reportan-reduccion-de-muertes-violentas-en-narino\/#primaryimage\"},\"thumbnailUrl\":\"https:\/\/pagina10.com\/web\/wp-content\/uploads\/2022\/06\/Amilcar-Pantoja-1-668x334-1.jpg\",\"articleSection\":[\"Nari\u00f1o Actual\"],\"inLanguage\":\"es\",\"potentialAction\":[{\"@type\":\"CommentAction\",\"name\":\"Comment\",\"target\":[\"https:\/\/pagina10.com\/web\/autoridades-reportan-reduccion-de-muertes-violentas-en-narino\/#respond\"]}]},{\"@type\":\"WebPage\",\"@id\":\"https:\/\/pagina10.com\/web\/autoridades-reportan-reduccion-de-muertes-violentas-en-narino\/\",\"url\":\"https:\/\/pagina10.com\/web\/autoridades-reportan-reduccion-de-muertes-violentas-en-narino\/\",\"name\":\"Autoridades reportan reducci\u00f3n de muertes violentas en Nari\u00f1o | P\u00e1gina10\",\"isPartOf\":{\"@id\":\"https:\/\/pagina10.com\/web\/#website\"},\"primaryImageOfPage\":{\"@id\":\"https:\/\/pagina10.com\/web\/autoridades-reportan-reduccion-de-muertes-violentas-en-narino\/#primaryimage\"},\"image\":{\"@id\":\"https:\/\/pagina10.com\/web\/autoridades-reportan-reduccion-de-muertes-violentas-en-narino\/#primaryimage\"},\"thumbnailUrl\":\"https:\/\/pagina10.com\/web\/wp-content\/uploads\/2022\/06\/Amilcar-Pantoja-1-668x334-1.jpg\",\"datePublished\":\"2022-06-16T01:47:47+00:00\",\"breadcrumb\":{\"@id\":\"https:\/\/pagina10.com\/web\/autoridades-reportan-reduccion-de-muertes-violentas-en-narino\/#breadcrumb\"},\"inLanguage\":\"es\",\"potentialAction\":[{\"@type\":\"ReadAction\",\"target\":[\"https:\/\/pagina10.com\/web\/autoridades-reportan-reduccion-de-muertes-violentas-en-narino\/\"]}]},{\"@type\":\"ImageObject\",\"inLanguage\":\"es\",\"@id\":\"https:\/\/pagina10.com\/web\/autoridades-reportan-reduccion-de-muertes-violentas-en-narino\/#primaryimage\",\"url\":\"https:\/\/pagina10.com\/web\/wp-content\/uploads\/2022\/06\/Amilcar-Pantoja-1-668x334-1.jpg\",\"contentUrl\":\"https:\/\/pagina10.com\/web\/wp-content\/uploads\/2022\/06\/Amilcar-Pantoja-1-668x334-1.jpg\",\"width\":668,\"height\":334},{\"@type\":\"BreadcrumbList\",\"@id\":\"https:\/\/pagina10.com\/web\/autoridades-reportan-reduccion-de-muertes-violentas-en-narino\/#breadcrumb\",\"itemListElement\":[{\"@type\":\"ListItem\",\"position\":1,\"name\":\"Portada\",\"item\":\"https:\/\/pagina10.com\/web\/\"},{\"@type\":\"ListItem\",\"position\":2,\"name\":\"Autoridades reportan reducci\u00f3n de muertes violentas en Nari\u00f1o\"}]},{\"@type\":\"WebSite\",\"@id\":\"https:\/\/pagina10.com\/web\/#website\",\"url\":\"https:\/\/pagina10.com\/web\/\",\"name\":\"P\u00e1gina10\",\"description\":\"Peri\u00f3dico Regional\",\"publisher\":{\"@id\":\"https:\/\/pagina10.com\/web\/#organization\"},\"alternateName\":\"P\u00e1gina10 Peri\u00f3dico Regional\",\"potentialAction\":[{\"@type\":\"SearchAction\",\"target\":{\"@type\":\"EntryPoint\",\"urlTemplate\":\"https:\/\/pagina10.com\/web\/?s={search_term_string}\"},\"query-input\":{\"@type\":\"PropertyValueSpecification\",\"valueRequired\":true,\"valueName\":\"search_term_string\"}}],\"inLanguage\":\"es\"},{\"@type\":\"Organization\",\"@id\":\"https:\/\/pagina10.com\/web\/#organization\",\"name\":\"P\u00e1gina10\",\"alternateName\":\"P\u00e1gina10 Peri\u00f3dico Regional\",\"url\":\"https:\/\/pagina10.com\/web\/\",\"logo\":{\"@type\":\"ImageObject\",\"inLanguage\":\"es\",\"@id\":\"https:\/\/pagina10.com\/web\/#\/schema\/logo\/image\/\",\"url\":\"https:\/\/pagina10.com\/web\/wp-content\/uploads\/2024\/01\/40-pagina-10-periodico-regional-pasto.jpg\",\"contentUrl\":\"https:\/\/pagina10.com\/web\/wp-content\/uploads\/2024\/01\/40-pagina-10-periodico-regional-pasto.jpg\",\"width\":1280,\"height\":720,\"caption\":\"P\u00e1gina10\"},\"image\":{\"@id\":\"https:\/\/pagina10.com\/web\/#\/schema\/logo\/image\/\"},\"sameAs\":[\"https:\/\/www.facebook.com\/pag10com\",\"https:\/\/x.com\/Pag10com\",\"https:\/\/www.instagram.com\/pagina10col\/\",\"https:\/\/youtube.com\/channel\/pag10\",\"https:\/\/www.tiktok.com\/@p10col\"]},{\"@type\":\"Person\",\"@id\":\"https:\/\/pagina10.com\/web\/#\/schema\/person\/2efc4a090d25b667d3bc796798a3a81b\",\"name\":\"P\u00e1gina 10\",\"description\":\"P\u00e1gina 10 es un peri\u00f3dico regional que nace en Colombia, en el departamento de Nari\u00f1o, con un enfoque global, fundamentado en cuatro pilares esenciales: la libertad, el pluralismo, la inclusi\u00f3n y la independencia. P\u00e1gina 10 hace referencia a Nari\u00f1o como el d\u00e9cimo departamento creado en Colombia, despu\u00e9s de un proceso pol\u00edtico liderado por actores y actrices regionales con el fin de obtener la independencia y autonom\u00eda de nuestros territorios. Con la creaci\u00f3n de P\u00e1gina 10 se pretende abrir un escenario para el dialogo, la reflexi\u00f3n y el debate que se extienda a otras geograf\u00edas de Am\u00e9rica Latina y del planeta, en una apuesta por transformar colectivamente los desaf\u00edos de un mundo contempor\u00e1neo, m\u00e1s all\u00e1 de las fronteras impuestas.\",\"url\":\"https:\/\/pagina10.com\/web\/author\/pdiezadmin\/\"}]}<\/script>\n<!-- \/ Yoast SEO plugin. -->","yoast_head_json":{"title":"Autoridades reportan reducci\u00f3n de muertes violentas en Nari\u00f1o | P\u00e1gina10","robots":{"index":"index","follow":"follow","max-snippet":"max-snippet:-1","max-image-preview":"max-image-preview:large","max-video-preview":"max-video-preview:-1"},"canonical":"https:\/\/pagina10.com\/web\/autoridades-reportan-reduccion-de-muertes-violentas-en-narino\/","og_locale":"es_ES","og_type":"article","og_title":"Autoridades reportan reducci\u00f3n de muertes violentas en Nari\u00f1o | P\u00e1gina10","og_description":"En total son 69 casos menos de muertes violentas ocurridas este semestre con relaci\u00f3n al del a\u00f1o anterior. As\u00ed lo indic\u00f3 el secretario de Gobierno Departamental, Amilcar Pantoja, quien indic\u00f3 que aunque el panorama es positivo para la regi\u00f3n, no es indicativo para que las autoridades bajen la guardia. \u201cHay una reducci\u00f3n importante de cr\u00edmenes [&hellip;]","og_url":"https:\/\/pagina10.com\/web\/autoridades-reportan-reduccion-de-muertes-violentas-en-narino\/","og_site_name":"P\u00e1gina10","article_publisher":"https:\/\/www.facebook.com\/pag10com","article_published_time":"2022-06-16T01:47:47+00:00","og_image":[{"width":668,"height":334,"url":"https:\/\/pagina10.com\/web\/wp-content\/uploads\/2022\/06\/Amilcar-Pantoja-1-668x334-1.jpg","type":"image\/jpeg"}],"author":"P\u00e1gina 10","twitter_card":"summary_large_image","twitter_creator":"@Pag10com","twitter_site":"@Pag10com","twitter_misc":{"Escrito por":"P\u00e1gina 10","Tiempo de lectura":"1 minuto"},"schema":{"@context":"https:\/\/schema.org","@graph":[{"@type":"Article","@id":"https:\/\/pagina10.com\/web\/autoridades-reportan-reduccion-de-muertes-violentas-en-narino\/#article","isPartOf":{"@id":"https:\/\/pagina10.com\/web\/autoridades-reportan-reduccion-de-muertes-violentas-en-narino\/"},"author":{"name":"P\u00e1gina 10","@id":"https:\/\/pagina10.com\/web\/#\/schema\/person\/2efc4a090d25b667d3bc796798a3a81b"},"headline":"Autoridades reportan reducci\u00f3n de muertes violentas en Nari\u00f1o","datePublished":"2022-06-16T01:47:47+00:00","mainEntityOfPage":{"@id":"https:\/\/pagina10.com\/web\/autoridades-reportan-reduccion-de-muertes-violentas-en-narino\/"},"wordCount":161,"commentCount":0,"publisher":{"@id":"https:\/\/pagina10.com\/web\/#organization"},"image":{"@id":"https:\/\/pagina10.com\/web\/autoridades-reportan-reduccion-de-muertes-violentas-en-narino\/#primaryimage"},"thumbnailUrl":"https:\/\/pagina10.com\/web\/wp-content\/uploads\/2022\/06\/Amilcar-Pantoja-1-668x334-1.jpg","articleSection":["Nari\u00f1o Actual"],"inLanguage":"es","potentialAction":[{"@type":"CommentAction","name":"Comment","target":["https:\/\/pagina10.com\/web\/autoridades-reportan-reduccion-de-muertes-violentas-en-narino\/#respond"]}]},{"@type":"WebPage","@id":"https:\/\/pagina10.com\/web\/autoridades-reportan-reduccion-de-muertes-violentas-en-narino\/","url":"https:\/\/pagina10.com\/web\/autoridades-reportan-reduccion-de-muertes-violentas-en-narino\/","name":"Autoridades reportan reducci\u00f3n de muertes violentas en Nari\u00f1o | P\u00e1gina10","isPartOf":{"@id":"https:\/\/pagina10.com\/web\/#website"},"primaryImageOfPage":{"@id":"https:\/\/pagina10.com\/web\/autoridades-reportan-reduccion-de-muertes-violentas-en-narino\/#primaryimage"},"image":{"@id":"https:\/\/pagina10.com\/web\/autoridades-reportan-reduccion-de-muertes-violentas-en-narino\/#primaryimage"},"thumbnailUrl":"https:\/\/pagina10.com\/web\/wp-content\/uploads\/2022\/06\/Amilcar-Pantoja-1-668x334-1.jpg","datePublished":"2022-06-16T01:47:47+00:00","breadcrumb":{"@id":"https:\/\/pagina10.com\/web\/autoridades-reportan-reduccion-de-muertes-violentas-en-narino\/#breadcrumb"},"inLanguage":"es","potentialAction":[{"@type":"ReadAction","target":["https:\/\/pagina10.com\/web\/autoridades-reportan-reduccion-de-muertes-violentas-en-narino\/"]}]},{"@type":"ImageObject","inLanguage":"es","@id":"https:\/\/pagina10.com\/web\/autoridades-reportan-reduccion-de-muertes-violentas-en-narino\/#primaryimage","url":"https:\/\/pagina10.com\/web\/wp-content\/uploads\/2022\/06\/Amilcar-Pantoja-1-668x334-1.jpg","contentUrl":"https:\/\/pagina10.com\/web\/wp-content\/uploads\/2022\/06\/Amilcar-Pantoja-1-668x334-1.jpg","width":668,"height":334},{"@type":"BreadcrumbList","@id":"https:\/\/pagina10.com\/web\/autoridades-reportan-reduccion-de-muertes-violentas-en-narino\/#breadcrumb","itemListElement":[{"@type":"ListItem","position":1,"name":"Portada","item":"https:\/\/pagina10.com\/web\/"},{"@type":"ListItem","position":2,"name":"Autoridades reportan reducci\u00f3n de muertes violentas en Nari\u00f1o"}]},{"@type":"WebSite","@id":"https:\/\/pagina10.com\/web\/#website","url":"https:\/\/pagina10.com\/web\/","name":"P\u00e1gina10","description":"Peri\u00f3dico Regional","publisher":{"@id":"https:\/\/pagina10.com\/web\/#organization"},"alternateName":"P\u00e1gina10 Peri\u00f3dico Regional","potentialAction":[{"@type":"SearchAction","target":{"@type":"EntryPoint","urlTemplate":"https:\/\/pagina10.com\/web\/?s={search_term_string}"},"query-input":{"@type":"PropertyValueSpecification","valueRequired":true,"valueName":"search_term_string"}}],"inLanguage":"es"},{"@type":"Organization","@id":"https:\/\/pagina10.com\/web\/#organization","name":"P\u00e1gina10","alternateName":"P\u00e1gina10 Peri\u00f3dico Regional","url":"https:\/\/pagina10.com\/web\/","logo":{"@type":"ImageObject","inLanguage":"es","@id":"https:\/\/pagina10.com\/web\/#\/schema\/logo\/image\/","url":"https:\/\/pagina10.com\/web\/wp-content\/uploads\/2024\/01\/40-pagina-10-periodico-regional-pasto.jpg","contentUrl":"https:\/\/pagina10.com\/web\/wp-content\/uploads\/2024\/01\/40-pagina-10-periodico-regional-pasto.jpg","width":1280,"height":720,"caption":"P\u00e1gina10"},"image":{"@id":"https:\/\/pagina10.com\/web\/#\/schema\/logo\/image\/"},"sameAs":["https:\/\/www.facebook.com\/pag10com","https:\/\/x.com\/Pag10com","https:\/\/www.instagram.com\/pagina10col\/","https:\/\/youtube.com\/channel\/pag10","https:\/\/www.tiktok.com\/@p10col"]},{"@type":"Person","@id":"https:\/\/pagina10.com\/web\/#\/schema\/person\/2efc4a090d25b667d3bc796798a3a81b","name":"P\u00e1gina 10","description":"P\u00e1gina 10 es un peri\u00f3dico regional que nace en Colombia, en el departamento de Nari\u00f1o, con un enfoque global, fundamentado en cuatro pilares esenciales: la libertad, el pluralismo, la inclusi\u00f3n y la independencia. P\u00e1gina 10 hace referencia a Nari\u00f1o como el d\u00e9cimo departamento creado en Colombia, despu\u00e9s de un proceso pol\u00edtico liderado por actores y actrices regionales con el fin de obtener la independencia y autonom\u00eda de nuestros territorios. Con la creaci\u00f3n de P\u00e1gina 10 se pretende abrir un escenario para el dialogo, la reflexi\u00f3n y el debate que se extienda a otras geograf\u00edas de Am\u00e9rica Latina y del planeta, en una apuesta por transformar colectivamente los desaf\u00edos de un mundo contempor\u00e1neo, m\u00e1s all\u00e1 de las fronteras impuestas.","url":"https:\/\/pagina10.com\/web\/author\/pdiezadmin\/"}]}},"_links":{"self":[{"href":"https:\/\/pagina10.com\/web\/wp-json\/wp\/v2\/posts\/59850","targetHints":{"allow":["GET"]}}],"collection":[{"href":"https:\/\/pagina10.com\/web\/wp-json\/wp\/v2\/posts"}],"about":[{"href":"https:\/\/pagina10.com\/web\/wp-json\/wp\/v2\/types\/post"}],"author":[{"embeddable":true,"href":"https:\/\/pagina10.com\/web\/wp-json\/wp\/v2\/users\/1"}],"replies":[{"embeddable":true,"href":"https:\/\/pagina10.com\/web\/wp-json\/wp\/v2\/comments?post=59850"}],"version-history":[{"count":2,"href":"https:\/\/pagina10.com\/web\/wp-json\/wp\/v2\/posts\/59850\/revisions"}],"predecessor-version":[{"id":59858,"href":"https:\/\/pagina10.com\/web\/wp-json\/wp\/v2\/posts\/59850\/revisions\/59858"}],"wp:featuredmedia":[{"embeddable":true,"href":"https:\/\/pagina10.com\/web\/wp-json\/wp\/v2\/media\/59851"}],"wp:attachment":[{"href":"https:\/\/pagina10.com\/web\/wp-json\/wp\/v2\/media?parent=59850"}],"wp:term":[{"taxonomy":"category","embeddable":true,"href":"https:\/\/pagina10.com\/web\/wp-json\/wp\/v2\/categories?post=59850"},{"taxonomy":"post_tag","embeddable":true,"href":"https:\/\/pagina10.com\/web\/wp-json\/wp\/v2\/tags?post=59850"}],"curies":[{"name":"wp","href":"https:\/\/api.w.org\/{rel}","templated":true}]}}