{"id":5986,"date":"2014-01-05T17:09:01","date_gmt":"2014-01-05T17:09:01","guid":{"rendered":"https:\/\/pagina10.com\/web\/cabalgata-caballitos-de-acero-la-conclusion\/"},"modified":"2014-01-05T17:09:01","modified_gmt":"2014-01-05T17:09:01","slug":"cabalgata-caballitos-de-acero-la-conclusion","status":"publish","type":"post","link":"https:\/\/pagina10.com\/web\/cabalgata-caballitos-de-acero-la-conclusion\/","title":{"rendered":"Cabalgata caballitos de acero: la conclusi\u00f3n"},"content":{"rendered":"<p><img fetchpriority=\"high\" decoding=\"async\" class=\" size-full wp-image-5985\" src=\"https:\/\/pagina10.com\/web\/wp-content\/uploads\/2014\/01\/9e8b43cbaef26c85e982513c136ce130.jpg\" alt=\"Fotograf\u00eda: Enbciclate\" width=\"960\" height=\"640\" srcset=\"https:\/\/pagina10.com\/web\/wp-content\/uploads\/2014\/01\/9e8b43cbaef26c85e982513c136ce130.jpg 960w, https:\/\/pagina10.com\/web\/wp-content\/uploads\/2014\/01\/9e8b43cbaef26c85e982513c136ce130-300x200.jpg 300w, https:\/\/pagina10.com\/web\/wp-content\/uploads\/2014\/01\/9e8b43cbaef26c85e982513c136ce130-768x512.jpg 768w, https:\/\/pagina10.com\/web\/wp-content\/uploads\/2014\/01\/9e8b43cbaef26c85e982513c136ce130-450x300.jpg 450w\" sizes=\"(max-width: 960px) 100vw, 960px\" \/><\/p>\n<p style=\"text-align: justify;\">Por: Johana Vallejo<\/p>\n<p style=\"text-align: justify;\">En el contexto de mi ciudad ya no es raro que personas, candidatos pol\u00edticos, entes gubernamentales, etc, quieran robarse, atribuirse y quedar bien con procesos ciudadanos que vienen desarrollando los grupos emergentes de nuevas ciudadan\u00edas.<\/p>\n<p>  <!--more-->  <\/p>\n<p style=\"text-align: justify;\">ACLARO: Enbiciclate es un colectivo de ciudadanos sin color pol\u00edtico, inter\u00e9s econ\u00f3mico o de reconocimiento alguno que le apuesta a la movilidad y la movilizaci\u00f3n haciendo uso de la bicicleta como instrumento.<\/p>\n<p style=\"text-align: justify;\">&nbsp;<\/p>\n<p style=\"text-align: justify;\">Como resultado del proceso liderado por cerca de 300 miembros de dicho colectivo y con el apoyo de otros colectivo pro bici de la ciudad, el d\u00eda jueves 2 de enero se convoc\u00f3 a la primera cabalgata de caballitos de acero durante el carnaval de Pasto, como alternativa a las cabalgatas autorizadas por los entes gubernamentales, logrando gran aceptaci\u00f3n entre la comunidad y total visibilidad.<\/p>\n<p style=\"text-align: justify;\">&nbsp;<\/p>\n<p style=\"text-align: justify;\">Visibilidad de la que al parecer hoy todos quieren sacar provecho. Sin embargo, teniendo en cuenta que los resultados logrados son producto del trabajo de toda una comunidad, en ENBICICLATE nos preocupamos por el manejo que entes ajenos puedan realizar mediante la tergiversaci\u00f3n de la informaci\u00f3n, creemos que las acciones y movimientos emergentes deben defender su derecho a conservarse como organizaciones aut\u00f3nomas-<\/p>\n","protected":false},"excerpt":{"rendered":"<p>Por: Johana Vallejo En el contexto de mi ciudad ya no es raro que personas, candidatos pol\u00edticos, entes gubernamentales, etc, quieran robarse, atribuirse y quedar bien con procesos ciudadanos que vienen desarrollando los grupos emergentes de nuevas ciudadan\u00edas.<\/p>\n","protected":false},"author":15,"featured_media":5985,"comment_status":"open","ping_status":"open","sticky":false,"template":"","format":"standard","meta":{"footnotes":""},"categories":[82],"tags":[],"class_list":["post-5986","post","type-post","status-publish","format-standard","has-post-thumbnail","hentry","category-ciudad-2"],"yoast_head":"<!-- This site is optimized with the Yoast SEO plugin v27.1.1 - https:\/\/yoast.com\/product\/yoast-seo-wordpress\/ -->\n<title>Cabalgata caballitos de acero: la conclusi\u00f3n | P\u00e1gina10<\/title>\n<meta name=\"robots\" content=\"index, follow, max-snippet:-1, max-image-preview:large, max-video-preview:-1\" \/>\n<link rel=\"canonical\" href=\"https:\/\/pagina10.com\/web\/cabalgata-caballitos-de-acero-la-conclusion\/\" \/>\n<meta property=\"og:locale\" content=\"es_ES\" \/>\n<meta property=\"og:type\" content=\"article\" \/>\n<meta property=\"og:title\" content=\"Cabalgata caballitos de acero: la conclusi\u00f3n | P\u00e1gina10\" \/>\n<meta property=\"og:description\" content=\"Por: Johana Vallejo En el contexto de mi ciudad ya no es raro que personas, candidatos pol\u00edticos, entes gubernamentales, etc, quieran robarse, atribuirse y quedar bien con procesos ciudadanos que vienen desarrollando los grupos emergentes de nuevas ciudadan\u00edas.\" \/>\n<meta property=\"og:url\" content=\"https:\/\/pagina10.com\/web\/cabalgata-caballitos-de-acero-la-conclusion\/\" \/>\n<meta property=\"og:site_name\" content=\"P\u00e1gina10\" \/>\n<meta property=\"article:publisher\" content=\"https:\/\/www.facebook.com\/pag10com\" \/>\n<meta property=\"article:published_time\" content=\"2014-01-05T17:09:01+00:00\" \/>\n<meta property=\"og:image\" content=\"https:\/\/pagina10.com\/web\/wp-content\/uploads\/2014\/01\/9e8b43cbaef26c85e982513c136ce130.jpg\" \/>\n\t<meta property=\"og:image:width\" content=\"960\" \/>\n\t<meta property=\"og:image:height\" content=\"640\" \/>\n\t<meta property=\"og:image:type\" content=\"image\/jpeg\" \/>\n<meta name=\"author\" content=\"Columnista Invitado\" \/>\n<meta name=\"twitter:card\" content=\"summary_large_image\" \/>\n<meta name=\"twitter:creator\" content=\"@Pag10com\" \/>\n<meta name=\"twitter:site\" content=\"@Pag10com\" \/>\n<meta name=\"twitter:label1\" content=\"Escrito por\" \/>\n\t<meta name=\"twitter:data1\" content=\"Columnista Invitado\" \/>\n\t<meta name=\"twitter:label2\" content=\"Tiempo de lectura\" \/>\n\t<meta name=\"twitter:data2\" content=\"1 minuto\" \/>\n<script type=\"application\/ld+json\" class=\"yoast-schema-graph\">{\"@context\":\"https:\/\/schema.org\",\"@graph\":[{\"@type\":\"Article\",\"@id\":\"https:\/\/pagina10.com\/web\/cabalgata-caballitos-de-acero-la-conclusion\/#article\",\"isPartOf\":{\"@id\":\"https:\/\/pagina10.com\/web\/cabalgata-caballitos-de-acero-la-conclusion\/\"},\"author\":{\"name\":\"Columnista Invitado\",\"@id\":\"https:\/\/pagina10.com\/web\/#\/schema\/person\/21249ac8e46fa849c3df7b78feed163e\"},\"headline\":\"Cabalgata caballitos de acero: la conclusi\u00f3n\",\"datePublished\":\"2014-01-05T17:09:01+00:00\",\"mainEntityOfPage\":{\"@id\":\"https:\/\/pagina10.com\/web\/cabalgata-caballitos-de-acero-la-conclusion\/\"},\"wordCount\":215,\"commentCount\":0,\"publisher\":{\"@id\":\"https:\/\/pagina10.com\/web\/#organization\"},\"image\":{\"@id\":\"https:\/\/pagina10.com\/web\/cabalgata-caballitos-de-acero-la-conclusion\/#primaryimage\"},\"thumbnailUrl\":\"https:\/\/pagina10.com\/web\/wp-content\/uploads\/2014\/01\/9e8b43cbaef26c85e982513c136ce130.jpg\",\"articleSection\":[\"Ciudad\"],\"inLanguage\":\"es\",\"potentialAction\":[{\"@type\":\"CommentAction\",\"name\":\"Comment\",\"target\":[\"https:\/\/pagina10.com\/web\/cabalgata-caballitos-de-acero-la-conclusion\/#respond\"]}]},{\"@type\":\"WebPage\",\"@id\":\"https:\/\/pagina10.com\/web\/cabalgata-caballitos-de-acero-la-conclusion\/\",\"url\":\"https:\/\/pagina10.com\/web\/cabalgata-caballitos-de-acero-la-conclusion\/\",\"name\":\"Cabalgata caballitos de acero: la conclusi\u00f3n | P\u00e1gina10\",\"isPartOf\":{\"@id\":\"https:\/\/pagina10.com\/web\/#website\"},\"primaryImageOfPage\":{\"@id\":\"https:\/\/pagina10.com\/web\/cabalgata-caballitos-de-acero-la-conclusion\/#primaryimage\"},\"image\":{\"@id\":\"https:\/\/pagina10.com\/web\/cabalgata-caballitos-de-acero-la-conclusion\/#primaryimage\"},\"thumbnailUrl\":\"https:\/\/pagina10.com\/web\/wp-content\/uploads\/2014\/01\/9e8b43cbaef26c85e982513c136ce130.jpg\",\"datePublished\":\"2014-01-05T17:09:01+00:00\",\"breadcrumb\":{\"@id\":\"https:\/\/pagina10.com\/web\/cabalgata-caballitos-de-acero-la-conclusion\/#breadcrumb\"},\"inLanguage\":\"es\",\"potentialAction\":[{\"@type\":\"ReadAction\",\"target\":[\"https:\/\/pagina10.com\/web\/cabalgata-caballitos-de-acero-la-conclusion\/\"]}]},{\"@type\":\"ImageObject\",\"inLanguage\":\"es\",\"@id\":\"https:\/\/pagina10.com\/web\/cabalgata-caballitos-de-acero-la-conclusion\/#primaryimage\",\"url\":\"https:\/\/pagina10.com\/web\/wp-content\/uploads\/2014\/01\/9e8b43cbaef26c85e982513c136ce130.jpg\",\"contentUrl\":\"https:\/\/pagina10.com\/web\/wp-content\/uploads\/2014\/01\/9e8b43cbaef26c85e982513c136ce130.jpg\",\"width\":960,\"height\":640,\"caption\":\"Fotograf\u00eda: Enbciclate\"},{\"@type\":\"BreadcrumbList\",\"@id\":\"https:\/\/pagina10.com\/web\/cabalgata-caballitos-de-acero-la-conclusion\/#breadcrumb\",\"itemListElement\":[{\"@type\":\"ListItem\",\"position\":1,\"name\":\"Portada\",\"item\":\"https:\/\/pagina10.com\/web\/\"},{\"@type\":\"ListItem\",\"position\":2,\"name\":\"Cabalgata caballitos de acero: la conclusi\u00f3n\"}]},{\"@type\":\"WebSite\",\"@id\":\"https:\/\/pagina10.com\/web\/#website\",\"url\":\"https:\/\/pagina10.com\/web\/\",\"name\":\"P\u00e1gina10\",\"description\":\"Peri\u00f3dico Regional\",\"publisher\":{\"@id\":\"https:\/\/pagina10.com\/web\/#organization\"},\"alternateName\":\"P\u00e1gina10 Peri\u00f3dico Regional\",\"potentialAction\":[{\"@type\":\"SearchAction\",\"target\":{\"@type\":\"EntryPoint\",\"urlTemplate\":\"https:\/\/pagina10.com\/web\/?s={search_term_string}\"},\"query-input\":{\"@type\":\"PropertyValueSpecification\",\"valueRequired\":true,\"valueName\":\"search_term_string\"}}],\"inLanguage\":\"es\"},{\"@type\":\"Organization\",\"@id\":\"https:\/\/pagina10.com\/web\/#organization\",\"name\":\"P\u00e1gina10\",\"alternateName\":\"P\u00e1gina10 Peri\u00f3dico Regional\",\"url\":\"https:\/\/pagina10.com\/web\/\",\"logo\":{\"@type\":\"ImageObject\",\"inLanguage\":\"es\",\"@id\":\"https:\/\/pagina10.com\/web\/#\/schema\/logo\/image\/\",\"url\":\"https:\/\/pagina10.com\/web\/wp-content\/uploads\/2024\/01\/40-pagina-10-periodico-regional-pasto.jpg\",\"contentUrl\":\"https:\/\/pagina10.com\/web\/wp-content\/uploads\/2024\/01\/40-pagina-10-periodico-regional-pasto.jpg\",\"width\":1280,\"height\":720,\"caption\":\"P\u00e1gina10\"},\"image\":{\"@id\":\"https:\/\/pagina10.com\/web\/#\/schema\/logo\/image\/\"},\"sameAs\":[\"https:\/\/www.facebook.com\/pag10com\",\"https:\/\/x.com\/Pag10com\",\"https:\/\/www.instagram.com\/pagina10col\/\",\"https:\/\/youtube.com\/channel\/pag10\",\"https:\/\/www.tiktok.com\/@p10col\"]},{\"@type\":\"Person\",\"@id\":\"https:\/\/pagina10.com\/web\/#\/schema\/person\/21249ac8e46fa849c3df7b78feed163e\",\"name\":\"Columnista Invitado\",\"url\":\"https:\/\/pagina10.com\/web\/author\/invitado\/\"}]}<\/script>\n<!-- \/ Yoast SEO plugin. -->","yoast_head_json":{"title":"Cabalgata caballitos de acero: la conclusi\u00f3n | P\u00e1gina10","robots":{"index":"index","follow":"follow","max-snippet":"max-snippet:-1","max-image-preview":"max-image-preview:large","max-video-preview":"max-video-preview:-1"},"canonical":"https:\/\/pagina10.com\/web\/cabalgata-caballitos-de-acero-la-conclusion\/","og_locale":"es_ES","og_type":"article","og_title":"Cabalgata caballitos de acero: la conclusi\u00f3n | P\u00e1gina10","og_description":"Por: Johana Vallejo En el contexto de mi ciudad ya no es raro que personas, candidatos pol\u00edticos, entes gubernamentales, etc, quieran robarse, atribuirse y quedar bien con procesos ciudadanos que vienen desarrollando los grupos emergentes de nuevas ciudadan\u00edas.","og_url":"https:\/\/pagina10.com\/web\/cabalgata-caballitos-de-acero-la-conclusion\/","og_site_name":"P\u00e1gina10","article_publisher":"https:\/\/www.facebook.com\/pag10com","article_published_time":"2014-01-05T17:09:01+00:00","og_image":[{"width":960,"height":640,"url":"https:\/\/pagina10.com\/web\/wp-content\/uploads\/2014\/01\/9e8b43cbaef26c85e982513c136ce130.jpg","type":"image\/jpeg"}],"author":"Columnista Invitado","twitter_card":"summary_large_image","twitter_creator":"@Pag10com","twitter_site":"@Pag10com","twitter_misc":{"Escrito por":"Columnista Invitado","Tiempo de lectura":"1 minuto"},"schema":{"@context":"https:\/\/schema.org","@graph":[{"@type":"Article","@id":"https:\/\/pagina10.com\/web\/cabalgata-caballitos-de-acero-la-conclusion\/#article","isPartOf":{"@id":"https:\/\/pagina10.com\/web\/cabalgata-caballitos-de-acero-la-conclusion\/"},"author":{"name":"Columnista Invitado","@id":"https:\/\/pagina10.com\/web\/#\/schema\/person\/21249ac8e46fa849c3df7b78feed163e"},"headline":"Cabalgata caballitos de acero: la conclusi\u00f3n","datePublished":"2014-01-05T17:09:01+00:00","mainEntityOfPage":{"@id":"https:\/\/pagina10.com\/web\/cabalgata-caballitos-de-acero-la-conclusion\/"},"wordCount":215,"commentCount":0,"publisher":{"@id":"https:\/\/pagina10.com\/web\/#organization"},"image":{"@id":"https:\/\/pagina10.com\/web\/cabalgata-caballitos-de-acero-la-conclusion\/#primaryimage"},"thumbnailUrl":"https:\/\/pagina10.com\/web\/wp-content\/uploads\/2014\/01\/9e8b43cbaef26c85e982513c136ce130.jpg","articleSection":["Ciudad"],"inLanguage":"es","potentialAction":[{"@type":"CommentAction","name":"Comment","target":["https:\/\/pagina10.com\/web\/cabalgata-caballitos-de-acero-la-conclusion\/#respond"]}]},{"@type":"WebPage","@id":"https:\/\/pagina10.com\/web\/cabalgata-caballitos-de-acero-la-conclusion\/","url":"https:\/\/pagina10.com\/web\/cabalgata-caballitos-de-acero-la-conclusion\/","name":"Cabalgata caballitos de acero: la conclusi\u00f3n | P\u00e1gina10","isPartOf":{"@id":"https:\/\/pagina10.com\/web\/#website"},"primaryImageOfPage":{"@id":"https:\/\/pagina10.com\/web\/cabalgata-caballitos-de-acero-la-conclusion\/#primaryimage"},"image":{"@id":"https:\/\/pagina10.com\/web\/cabalgata-caballitos-de-acero-la-conclusion\/#primaryimage"},"thumbnailUrl":"https:\/\/pagina10.com\/web\/wp-content\/uploads\/2014\/01\/9e8b43cbaef26c85e982513c136ce130.jpg","datePublished":"2014-01-05T17:09:01+00:00","breadcrumb":{"@id":"https:\/\/pagina10.com\/web\/cabalgata-caballitos-de-acero-la-conclusion\/#breadcrumb"},"inLanguage":"es","potentialAction":[{"@type":"ReadAction","target":["https:\/\/pagina10.com\/web\/cabalgata-caballitos-de-acero-la-conclusion\/"]}]},{"@type":"ImageObject","inLanguage":"es","@id":"https:\/\/pagina10.com\/web\/cabalgata-caballitos-de-acero-la-conclusion\/#primaryimage","url":"https:\/\/pagina10.com\/web\/wp-content\/uploads\/2014\/01\/9e8b43cbaef26c85e982513c136ce130.jpg","contentUrl":"https:\/\/pagina10.com\/web\/wp-content\/uploads\/2014\/01\/9e8b43cbaef26c85e982513c136ce130.jpg","width":960,"height":640,"caption":"Fotograf\u00eda: Enbciclate"},{"@type":"BreadcrumbList","@id":"https:\/\/pagina10.com\/web\/cabalgata-caballitos-de-acero-la-conclusion\/#breadcrumb","itemListElement":[{"@type":"ListItem","position":1,"name":"Portada","item":"https:\/\/pagina10.com\/web\/"},{"@type":"ListItem","position":2,"name":"Cabalgata caballitos de acero: la conclusi\u00f3n"}]},{"@type":"WebSite","@id":"https:\/\/pagina10.com\/web\/#website","url":"https:\/\/pagina10.com\/web\/","name":"P\u00e1gina10","description":"Peri\u00f3dico Regional","publisher":{"@id":"https:\/\/pagina10.com\/web\/#organization"},"alternateName":"P\u00e1gina10 Peri\u00f3dico Regional","potentialAction":[{"@type":"SearchAction","target":{"@type":"EntryPoint","urlTemplate":"https:\/\/pagina10.com\/web\/?s={search_term_string}"},"query-input":{"@type":"PropertyValueSpecification","valueRequired":true,"valueName":"search_term_string"}}],"inLanguage":"es"},{"@type":"Organization","@id":"https:\/\/pagina10.com\/web\/#organization","name":"P\u00e1gina10","alternateName":"P\u00e1gina10 Peri\u00f3dico Regional","url":"https:\/\/pagina10.com\/web\/","logo":{"@type":"ImageObject","inLanguage":"es","@id":"https:\/\/pagina10.com\/web\/#\/schema\/logo\/image\/","url":"https:\/\/pagina10.com\/web\/wp-content\/uploads\/2024\/01\/40-pagina-10-periodico-regional-pasto.jpg","contentUrl":"https:\/\/pagina10.com\/web\/wp-content\/uploads\/2024\/01\/40-pagina-10-periodico-regional-pasto.jpg","width":1280,"height":720,"caption":"P\u00e1gina10"},"image":{"@id":"https:\/\/pagina10.com\/web\/#\/schema\/logo\/image\/"},"sameAs":["https:\/\/www.facebook.com\/pag10com","https:\/\/x.com\/Pag10com","https:\/\/www.instagram.com\/pagina10col\/","https:\/\/youtube.com\/channel\/pag10","https:\/\/www.tiktok.com\/@p10col"]},{"@type":"Person","@id":"https:\/\/pagina10.com\/web\/#\/schema\/person\/21249ac8e46fa849c3df7b78feed163e","name":"Columnista Invitado","url":"https:\/\/pagina10.com\/web\/author\/invitado\/"}]}},"_links":{"self":[{"href":"https:\/\/pagina10.com\/web\/wp-json\/wp\/v2\/posts\/5986","targetHints":{"allow":["GET"]}}],"collection":[{"href":"https:\/\/pagina10.com\/web\/wp-json\/wp\/v2\/posts"}],"about":[{"href":"https:\/\/pagina10.com\/web\/wp-json\/wp\/v2\/types\/post"}],"author":[{"embeddable":true,"href":"https:\/\/pagina10.com\/web\/wp-json\/wp\/v2\/users\/15"}],"replies":[{"embeddable":true,"href":"https:\/\/pagina10.com\/web\/wp-json\/wp\/v2\/comments?post=5986"}],"version-history":[{"count":0,"href":"https:\/\/pagina10.com\/web\/wp-json\/wp\/v2\/posts\/5986\/revisions"}],"wp:featuredmedia":[{"embeddable":true,"href":"https:\/\/pagina10.com\/web\/wp-json\/wp\/v2\/media\/5985"}],"wp:attachment":[{"href":"https:\/\/pagina10.com\/web\/wp-json\/wp\/v2\/media?parent=5986"}],"wp:term":[{"taxonomy":"category","embeddable":true,"href":"https:\/\/pagina10.com\/web\/wp-json\/wp\/v2\/categories?post=5986"},{"taxonomy":"post_tag","embeddable":true,"href":"https:\/\/pagina10.com\/web\/wp-json\/wp\/v2\/tags?post=5986"}],"curies":[{"name":"wp","href":"https:\/\/api.w.org\/{rel}","templated":true}]}}